{"id":9038,"date":"2024-08-27T10:00:00","date_gmt":"2024-08-27T09:00:00","guid":{"rendered":"https:\/\/relocations.io\/?p=9038"},"modified":"2024-09-06T11:05:47","modified_gmt":"2024-09-06T10:05:47","slug":"novos-voos-diretos-de-montreal-para-o-porto","status":"publish","type":"post","link":"https:\/\/relocations.io\/pt\/novos-voos-diretos-de-montreal-para-o-porto\/","title":{"rendered":"Novos voos diretos para o Canad\u00e1 impulsionam o turismo entre Portugal e o Canad\u00e1"},"content":{"rendered":"<div data-elementor-type=\"wp-post\" data-elementor-id=\"9038\" class=\"elementor elementor-9038\" data-elementor-settings=\"{&quot;ha_cmc_init_switcher&quot;:&quot;no&quot;}\" data-elementor-post-type=\"post\">\n\t\t\t\t<div class=\"elementor-element elementor-element-63fbe57f e-flex e-con-boxed e-con e-parent\" data-id=\"63fbe57f\" data-element_type=\"container\" data-settings=\"{&quot;_ha_eqh_enable&quot;:false}\">\n\t\t\t\t\t<div class=\"e-con-inner\">\n\t\t\t\t<div class=\"elementor-element elementor-element-77b2f4a elementor-widget elementor-widget-heading\" data-id=\"77b2f4a\" data-element_type=\"widget\" data-widget_type=\"heading.default\">\n\t\t\t\t<div class=\"elementor-widget-container\">\n\t\t\t\t\t<h2 class=\"elementor-heading-title elementor-size-default\">Novos voos diretos de Montreal para o Porto anunciados para 2025<\/h2>\t\t\t\t<\/div>\n\t\t\t\t<\/div>\n\t\t\t\t<div class=\"elementor-element elementor-element-fc39a82 elementor-widget elementor-widget-text-editor\" data-id=\"fc39a82\" data-element_type=\"widget\" data-widget_type=\"text-editor.default\">\n\t\t\t\t<div class=\"elementor-widget-container\">\n\t\t\t\t\t\t\t\t\t\n<p>O Turismo de Portugal anunciou uma nova rota direta entre Montreal e o Porto, operada pela Air Canada. Com in\u00edcio em <a href=\"https:\/\/relocations.io\/portugal-top-beaches-your-ultimate-guide\/\">ver\u00e3o de 2025<\/a>A Air Canada vai lan\u00e7ar a primeira rota direta para o Porto e a terceira para Portugal.<\/p>\n\n<p>Esta rota \u00e9 o resultado do esfor\u00e7o conjunto do Turismo de Portugal, da ANA Aeroportos, do Turismo do Porto e Norte de Portugal e da Air Canada. O objetivo \u00e9 refor\u00e7ar os la\u00e7os tur\u00edsticos e criar novas oportunidades comerciais entre Portugal e o Canad\u00e1. De acordo com o Turismo de Portugal, a Air Canada \u00e9 um parceiro fundamental no alargamento das op\u00e7\u00f5es de transporte a\u00e9reo a partir do Canad\u00e1.<\/p>\n\n<p>Carlos Abade, Presidente da <a href=\"https:\/\/www.turismodeportugal.pt\/pt\/Noticias\/Paginas\/air-canada-com-quatro-ligacoes-semanais-entre-montreal-porto-verao-2025.aspx\">Turismo de Portugal<\/a>A Comiss\u00e3o Europeia, atrav\u00e9s do seu Conselho de Administra\u00e7\u00e3o, salienta que esta colabora\u00e7\u00e3o se insere numa estrat\u00e9gia de diversifica\u00e7\u00e3o dos mercados emissores de turistas para Portugal. Tem tamb\u00e9m como objetivo distribuir o turismo em Portugal ao longo de todo o ano, reduzindo o congestionamento nas zonas mais populares.<\/p>\n\n<div class=\"wp-block-spacer\" style=\"height: 32px;\" aria-hidden=\"true\">\u00a0<\/div>\n<div class=\"wp-block-image\">\n<figure class=\"aligncenter size-large\"><img fetchpriority=\"high\" decoding=\"async\" data-recalc-dims=\"1\" height=\"512\" width=\"1024\" class=\"wp-image-9040\" src=\"https:\/\/i0.wp.com\/relocations.io\/wp-content\/uploads\/2024\/08\/Montreal-to-Porto.jpg?resize=1024%2C512&#038;ssl=1\" alt=\"Esta colabora\u00e7\u00e3o insere-se numa estrat\u00e9gia de diversifica\u00e7\u00e3o dos mercados emissores de turistas para Portugal. Tem tamb\u00e9m como objetivo distribuir o turismo em Portugal ao longo de todo o ano, reduzindo o congestionamento nas zonas mais populares.\" srcset=\"https:\/\/i0.wp.com\/relocations.io\/wp-content\/uploads\/2024\/08\/Montreal-to-Porto.jpg?w=1920&amp;ssl=1 1920w, https:\/\/i0.wp.com\/relocations.io\/wp-content\/uploads\/2024\/08\/Montreal-to-Porto.jpg?resize=300%2C150&amp;ssl=1 300w, https:\/\/i0.wp.com\/relocations.io\/wp-content\/uploads\/2024\/08\/Montreal-to-Porto.jpg?resize=1024%2C512&amp;ssl=1 1024w, https:\/\/i0.wp.com\/relocations.io\/wp-content\/uploads\/2024\/08\/Montreal-to-Porto.jpg?resize=768%2C384&amp;ssl=1 768w, https:\/\/i0.wp.com\/relocations.io\/wp-content\/uploads\/2024\/08\/Montreal-to-Porto.jpg?resize=1536%2C768&amp;ssl=1 1536w, https:\/\/i0.wp.com\/relocations.io\/wp-content\/uploads\/2024\/08\/Montreal-to-Porto.jpg?resize=18%2C9&amp;ssl=1 18w, https:\/\/i0.wp.com\/relocations.io\/wp-content\/uploads\/2024\/08\/Montreal-to-Porto.jpg?resize=640%2C320&amp;ssl=1 640w, https:\/\/i0.wp.com\/relocations.io\/wp-content\/uploads\/2024\/08\/Montreal-to-Porto.jpg?resize=50%2C25&amp;ssl=1 50w, https:\/\/i0.wp.com\/relocations.io\/wp-content\/uploads\/2024\/08\/Montreal-to-Porto.jpg?resize=100%2C50&amp;ssl=1 100w, https:\/\/i0.wp.com\/relocations.io\/wp-content\/uploads\/2024\/08\/Montreal-to-Porto.jpg?resize=600%2C300&amp;ssl=1 600w\" sizes=\"(max-width: 1024px) 100vw, 1024px\" \/><\/figure>\n<\/div>\n<div class=\"wp-block-spacer\" style=\"height: 33px;\" aria-hidden=\"true\">\u00a0<\/div>\n\n<h4 id=\"h-canadian-tourism-to-portugal-shows-strong-growth\" class=\"wp-block-heading\"><strong>O turismo canadiano em Portugal regista um forte crescimento<\/strong><\/h4>\n\n<p>O mercado canadiano tem revelado um crescimento significativo no turismo para Portugal. Em 2023, o Canad\u00e1 ocupa o 10\u00ba lugar no que respeita a dormidas e o 9\u00ba lugar no que respeita ao n\u00famero de h\u00f3spedes em Portugal. <a href=\"https:\/\/relocations.io\/moving-from-canada-to-portugal-a-comprehensive-guide\/\">Canadiano<\/a> os turistas representaram 2,7% das dormidas e 3,3% do total de h\u00f3spedes. Em compara\u00e7\u00e3o com 2022, as dormidas de canadianos aumentaram 56,9%. O n\u00famero de h\u00f3spedes canadianos aumentou 54,5%, atingindo 593.000.<\/p>\n\n<p>Estes novos voos diretos de Montreal para o Porto constituem um impulso estrat\u00e9gico para a conetividade e o turismo entre o Canad\u00e1 e Portugal. A rota refor\u00e7ar\u00e1 os la\u00e7os econ\u00f3micos e culturais entre os dois pa\u00edses. Atrair\u00e1 mais turistas canadianos para Portugal e promover\u00e1 o turismo regional. Esta iniciativa apoia um crescimento mais alargado do turismo e promove liga\u00e7\u00f5es culturais e comerciais mais estreitas. De um modo geral, refor\u00e7a significativamente as rela\u00e7\u00f5es entre o Canad\u00e1 e Portugal.<\/p>\n\t\t\t\t\t\t\t\t<\/div>\n\t\t\t\t<\/div>\n\t\t\t\t\t<\/div>\n\t\t\t\t<\/div>\n\t\t\t\t<\/div>","protected":false},"excerpt":{"rendered":"<p>Uma nova rota de voo direto da Air Canada que liga Montreal, no Canad\u00e1, ao Porto, em Portugal. Este servi\u00e7o oferece uma op\u00e7\u00e3o de viagem conveniente para os turistas e a comunidade portuguesa no Canad\u00e1. Destaca os benef\u00edcios do voo direto, incluindo a poupan\u00e7a de tempo e o aumento do conforto da viagem, e tamb\u00e9m promove o Porto como um destino atrativo, com os seus locais hist\u00f3ricos e a sua rica cultura.<\/p>","protected":false},"author":2,"featured_media":9039,"comment_status":"closed","ping_status":"closed","sticky":false,"template":"","format":"standard","meta":{"_jetpack_memberships_contains_paid_content":false,"footnotes":""},"categories":[165,147,60,146,61,68],"tags":[129,166,93,70,92],"class_list":["post-9038","post","type-post","status-publish","format-standard","has-post-thumbnail","hentry","category-canada","category-cultural-activities","category-europe","category-national-holidays","category-portugal","category-relocations-io","tag-canada-to-portugal","tag-flights-to-portugal","tag-holidays","tag-moving-to-europe","tag-portugal"],"jetpack_featured_media_url":"https:\/\/i0.wp.com\/relocations.io\/wp-content\/uploads\/2024\/08\/New-Flights.jpg?fit=1920%2C960&ssl=1","jetpack-related-posts":[{"id":7406,"url":"https:\/\/relocations.io\/pt\/os-brasileiros-que-se-mudam-para-portugal-abracam-novas-oportunidades-numa-historia-comum\/","url_meta":{"origin":9038,"position":0},"title":"Brasileiros a mudarem-se para Portugal: Abra\u00e7ar Novas Oportunidades numa Hist\u00f3ria Partilhada","author":"Relocations.io","date":"Julho 1, 2023","format":false,"excerpt":"Explore os la\u00e7os hist\u00f3ricos entre o Brasil e Portugal \u00e0 medida que os brasileiros procuram novas oportunidades na terra do seu passado colonial. Com uma l\u00edngua comum e afinidade cultural, Portugal oferece um ambiente acolhedor para os brasileiros prosperarem em diversos sectores, desde a tecnologia ao turismo.","rel":"","context":"In &quot;Europe&quot;","block_context":{"text":"Europe","link":"https:\/\/relocations.io\/pt\/categoria\/europa-2\/"},"img":{"alt_text":"","src":"https:\/\/i0.wp.com\/relocations.io\/wp-content\/uploads\/2022\/11\/36.jpg?fit=1200%2C675&ssl=1&resize=350%2C200","width":350,"height":200,"srcset":"https:\/\/i0.wp.com\/relocations.io\/wp-content\/uploads\/2022\/11\/36.jpg?fit=1200%2C675&ssl=1&resize=350%2C200 1x, https:\/\/i0.wp.com\/relocations.io\/wp-content\/uploads\/2022\/11\/36.jpg?fit=1200%2C675&ssl=1&resize=525%2C300 1.5x, https:\/\/i0.wp.com\/relocations.io\/wp-content\/uploads\/2022\/11\/36.jpg?fit=1200%2C675&ssl=1&resize=700%2C400 2x, https:\/\/i0.wp.com\/relocations.io\/wp-content\/uploads\/2022\/11\/36.jpg?fit=1200%2C675&ssl=1&resize=1050%2C600 3x"},"classes":[]},{"id":8107,"url":"https:\/\/relocations.io\/pt\/portugal-2024-celebra-a-tradicao-do-feriado-nacional\/","url_meta":{"origin":9038,"position":1},"title":"Explorando os feriados nacionais de Portugal em 2024: Um guia de celebra\u00e7\u00e3o cultural","author":"Relocations.io","date":"Agosto 12, 2024","format":false,"excerpt":"Os feriados nacionais de Portugal em 2024 oferecem uma experi\u00eancia rica da sua cultura, hist\u00f3ria e tradi\u00e7\u00f5es. Os principais feriados incluem o Dia de Ano Novo, o Carnaval, o Dia da Liberdade, o Dia de Portugal e o Natal. Cada feriado apresenta celebra\u00e7\u00f5es \u00fanicas, desde desfiles e cerim\u00f3nias religiosas a reuni\u00f5es familiares e eventos p\u00fablicos, proporcionando um vislumbre da vida portuguesa.","rel":"","context":"In &quot;Cultural Activities&quot;","block_context":{"text":"Cultural Activities","link":"https:\/\/relocations.io\/pt\/categoria\/europa-2\/actividades-culturais\/"},"img":{"alt_text":"","src":"https:\/\/i0.wp.com\/relocations.io\/wp-content\/uploads\/2024\/08\/18-1.jpg?fit=1200%2C675&ssl=1&resize=350%2C200","width":350,"height":200,"srcset":"https:\/\/i0.wp.com\/relocations.io\/wp-content\/uploads\/2024\/08\/18-1.jpg?fit=1200%2C675&ssl=1&resize=350%2C200 1x, https:\/\/i0.wp.com\/relocations.io\/wp-content\/uploads\/2024\/08\/18-1.jpg?fit=1200%2C675&ssl=1&resize=525%2C300 1.5x, https:\/\/i0.wp.com\/relocations.io\/wp-content\/uploads\/2024\/08\/18-1.jpg?fit=1200%2C675&ssl=1&resize=700%2C400 2x, https:\/\/i0.wp.com\/relocations.io\/wp-content\/uploads\/2024\/08\/18-1.jpg?fit=1200%2C675&ssl=1&resize=1050%2C600 3x"},"classes":[]},{"id":7427,"url":"https:\/\/relocations.io\/pt\/o-seu-guia-para-a-obtencao-de-vistos-e-cidadania-em-portugal-navegando-no-seu-caminho-para-uma-nova-vida\/","url_meta":{"origin":9038,"position":2},"title":"O seu guia sobre requisitos de visto e cidadania em Portugal: Navegar no seu caminho para uma nova vida","author":"Relocations.io","date":"Junho 1, 2024","format":false,"excerpt":"Descubra os passos essenciais para se mudar para Portugal, desde os requisitos de visto at\u00e9 aos procedimentos de cidadania. O nosso guia simplifica o processo, garantindo uma transi\u00e7\u00e3o suave para a sua nova vida neste pa\u00eds cativante.","rel":"","context":"In &quot;Europe&quot;","block_context":{"text":"Europe","link":"https:\/\/relocations.io\/pt\/categoria\/europa-2\/"},"img":{"alt_text":"","src":"https:\/\/i0.wp.com\/relocations.io\/wp-content\/uploads\/2022\/11\/41.jpg?fit=1200%2C675&ssl=1&resize=350%2C200","width":350,"height":200,"srcset":"https:\/\/i0.wp.com\/relocations.io\/wp-content\/uploads\/2022\/11\/41.jpg?fit=1200%2C675&ssl=1&resize=350%2C200 1x, https:\/\/i0.wp.com\/relocations.io\/wp-content\/uploads\/2022\/11\/41.jpg?fit=1200%2C675&ssl=1&resize=525%2C300 1.5x, https:\/\/i0.wp.com\/relocations.io\/wp-content\/uploads\/2022\/11\/41.jpg?fit=1200%2C675&ssl=1&resize=700%2C400 2x, https:\/\/i0.wp.com\/relocations.io\/wp-content\/uploads\/2022\/11\/41.jpg?fit=1200%2C675&ssl=1&resize=1050%2C600 3x"},"classes":[]},{"id":7845,"url":"https:\/\/relocations.io\/pt\/mudanca-do-canada-para-portugal-um-guia-completo\/","url_meta":{"origin":9038,"position":3},"title":"Mudan\u00e7a do Canad\u00e1 para Portugal: Um guia completo","author":"Relocations.io","date":"Janeiro 2, 2024","format":false,"excerpt":"Mudar do Canad\u00e1 para Portugal pode ser uma viagem enriquecedora e satisfat\u00f3ria. As vantagens fiscais \u00fanicas, a elevada qualidade de vida e a cultura acolhedora de Portugal tornam-no um destino apelativo para os canadianos que procuram um novo come\u00e7o.","rel":"","context":"In &quot;Europe&quot;","block_context":{"text":"Europe","link":"https:\/\/relocations.io\/pt\/categoria\/europa-2\/"},"img":{"alt_text":"","src":"https:\/\/i0.wp.com\/relocations.io\/wp-content\/uploads\/2024\/01\/Moving-Canada-To-Portugal.jpg?fit=1200%2C675&ssl=1&resize=350%2C200","width":350,"height":200,"srcset":"https:\/\/i0.wp.com\/relocations.io\/wp-content\/uploads\/2024\/01\/Moving-Canada-To-Portugal.jpg?fit=1200%2C675&ssl=1&resize=350%2C200 1x, https:\/\/i0.wp.com\/relocations.io\/wp-content\/uploads\/2024\/01\/Moving-Canada-To-Portugal.jpg?fit=1200%2C675&ssl=1&resize=525%2C300 1.5x, https:\/\/i0.wp.com\/relocations.io\/wp-content\/uploads\/2024\/01\/Moving-Canada-To-Portugal.jpg?fit=1200%2C675&ssl=1&resize=700%2C400 2x, https:\/\/i0.wp.com\/relocations.io\/wp-content\/uploads\/2024\/01\/Moving-Canada-To-Portugal.jpg?fit=1200%2C675&ssl=1&resize=1050%2C600 3x"},"classes":[]},{"id":7368,"url":"https:\/\/relocations.io\/pt\/acao-de-gracas-na-europa\/","url_meta":{"origin":9038,"position":4},"title":"A\u00e7\u00e3o de Gra\u00e7as na Europa","author":"Relocations.io","date":"Novembro 1, 2022","format":false,"excerpt":"Apesar das suas ra\u00edzes hist\u00f3ricas, o Dia de A\u00e7\u00e3o de Gra\u00e7as n\u00e3o foi adotado como um feriado generalizado na Europa.","rel":"","context":"In &quot;Europe&quot;","block_context":{"text":"Europe","link":"https:\/\/relocations.io\/pt\/categoria\/europa-2\/"},"img":{"alt_text":"","src":"https:\/\/i0.wp.com\/relocations.io\/wp-content\/uploads\/2022\/11\/21.jpg?fit=1200%2C675&ssl=1&resize=350%2C200","width":350,"height":200,"srcset":"https:\/\/i0.wp.com\/relocations.io\/wp-content\/uploads\/2022\/11\/21.jpg?fit=1200%2C675&ssl=1&resize=350%2C200 1x, https:\/\/i0.wp.com\/relocations.io\/wp-content\/uploads\/2022\/11\/21.jpg?fit=1200%2C675&ssl=1&resize=525%2C300 1.5x, https:\/\/i0.wp.com\/relocations.io\/wp-content\/uploads\/2022\/11\/21.jpg?fit=1200%2C675&ssl=1&resize=700%2C400 2x, https:\/\/i0.wp.com\/relocations.io\/wp-content\/uploads\/2022\/11\/21.jpg?fit=1200%2C675&ssl=1&resize=1050%2C600 3x"},"classes":[]},{"id":8832,"url":"https:\/\/relocations.io\/pt\/visto-de-candidato-a-emprego-em-portugal\/","url_meta":{"origin":9038,"position":5},"title":"Visto de candidato a emprego em Portugal: A sua porta de entrada para trabalhar em Portugal","author":"Relocations.io","date":"Agosto 16, 2024","format":false,"excerpt":"Discover how to navigate the Portugal Job Seeker Visa process, including eligibility, application steps, and key benefits. Learn how relocations.io can streamline your job search and relocation to Portugal, providing expert guidance on visa applications, document preparation, and local job markets. Get valuable insights on making a smooth transition to\u2026","rel":"","context":"In &quot;Citizenship&quot;","block_context":{"text":"Citizenship","link":"https:\/\/relocations.io\/pt\/categoria\/europa-2\/cidadania\/"},"img":{"alt_text":"","src":"https:\/\/i0.wp.com\/relocations.io\/wp-content\/uploads\/2024\/08\/6-3.jpg?fit=1200%2C600&ssl=1&resize=350%2C200","width":350,"height":200,"srcset":"https:\/\/i0.wp.com\/relocations.io\/wp-content\/uploads\/2024\/08\/6-3.jpg?fit=1200%2C600&ssl=1&resize=350%2C200 1x, https:\/\/i0.wp.com\/relocations.io\/wp-content\/uploads\/2024\/08\/6-3.jpg?fit=1200%2C600&ssl=1&resize=525%2C300 1.5x, https:\/\/i0.wp.com\/relocations.io\/wp-content\/uploads\/2024\/08\/6-3.jpg?fit=1200%2C600&ssl=1&resize=700%2C400 2x, https:\/\/i0.wp.com\/relocations.io\/wp-content\/uploads\/2024\/08\/6-3.jpg?fit=1200%2C600&ssl=1&resize=1050%2C600 3x"},"classes":[]}],"jetpack_sharing_enabled":true,"_links":{"self":[{"href":"https:\/\/relocations.io\/pt\/wp-json\/wp\/v2\/posts\/9038","targetHints":{"allow":["GET"]}}],"collection":[{"href":"https:\/\/relocations.io\/pt\/wp-json\/wp\/v2\/posts"}],"about":[{"href":"https:\/\/relocations.io\/pt\/wp-json\/wp\/v2\/types\/post"}],"author":[{"embeddable":true,"href":"https:\/\/relocations.io\/pt\/wp-json\/wp\/v2\/users\/2"}],"replies":[{"embeddable":true,"href":"https:\/\/relocations.io\/pt\/wp-json\/wp\/v2\/comments?post=9038"}],"version-history":[{"count":0,"href":"https:\/\/relocations.io\/pt\/wp-json\/wp\/v2\/posts\/9038\/revisions"}],"wp:featuredmedia":[{"embeddable":true,"href":"https:\/\/relocations.io\/pt\/wp-json\/wp\/v2\/media\/9039"}],"wp:attachment":[{"href":"https:\/\/relocations.io\/pt\/wp-json\/wp\/v2\/media?parent=9038"}],"wp:term":[{"taxonomy":"category","embeddable":true,"href":"https:\/\/relocations.io\/pt\/wp-json\/wp\/v2\/categories?post=9038"},{"taxonomy":"post_tag","embeddable":true,"href":"https:\/\/relocations.io\/pt\/wp-json\/wp\/v2\/tags?post=9038"}],"curies":[{"name":"wp","href":"https:\/\/api.w.org\/{rel}","templated":true}]}}