{"id":9020,"date":"2024-09-02T10:00:00","date_gmt":"2024-09-02T09:00:00","guid":{"rendered":"https:\/\/relocations.io\/?p=9020"},"modified":"2024-09-11T17:45:06","modified_gmt":"2024-09-11T16:45:06","slug":"conectar-se-em-portugal-o-guia-definitivo-dos-operadores-moveis","status":"publish","type":"post","link":"https:\/\/relocations.io\/pt\/conectar-se-em-portugal-o-guia-definitivo-dos-operadores-moveis\/","title":{"rendered":"Ligar-se em Portugal: O guia definitivo dos operadores m\u00f3veis"},"content":{"rendered":"<div data-elementor-type=\"wp-post\" data-elementor-id=\"9020\" class=\"elementor elementor-9020\" data-elementor-settings=\"{&quot;ha_cmc_init_switcher&quot;:&quot;no&quot;}\" data-elementor-post-type=\"post\">\n\t\t\t\t\t\t<section class=\"elementor-section elementor-top-section elementor-element elementor-element-4ddfaa6a elementor-section-boxed elementor-section-height-default elementor-section-height-default\" data-id=\"4ddfaa6a\" data-element_type=\"section\" data-settings=\"{&quot;_ha_eqh_enable&quot;:false}\">\n\t\t\t\t\t\t<div class=\"elementor-container elementor-column-gap-default\">\n\t\t\t\t\t<div class=\"elementor-column elementor-col-100 elementor-top-column elementor-element elementor-element-22750378\" data-id=\"22750378\" data-element_type=\"column\">\n\t\t\t<div class=\"elementor-widget-wrap elementor-element-populated\">\n\t\t\t\t\t\t<section class=\"elementor-section elementor-inner-section elementor-element elementor-element-a0ad098 elementor-section-boxed elementor-section-height-default elementor-section-height-default\" data-id=\"a0ad098\" data-element_type=\"section\" data-settings=\"{&quot;_ha_eqh_enable&quot;:false}\">\n\t\t\t\t\t\t<div class=\"elementor-container elementor-column-gap-default\">\n\t\t\t\t\t<div class=\"elementor-column elementor-col-50 elementor-inner-column elementor-element elementor-element-571a045b\" data-id=\"571a045b\" data-element_type=\"column\">\n\t\t\t<div class=\"elementor-widget-wrap elementor-element-populated\">\n\t\t\t\t\t\t<div class=\"elementor-element elementor-element-2830e21f elementor-widget elementor-widget-elementskit-heading\" data-id=\"2830e21f\" data-element_type=\"widget\" data-widget_type=\"elementskit-heading.default\">\n\t\t\t\t<div class=\"elementor-widget-container\">\n\t\t\t\t\t<div class=\"ekit-wid-con\" ><div class=\"ekit-heading elementskit-section-title-wraper text_left   ekit_heading_tablet-   ekit_heading_mobile-\"><h2 class=\"ekit-heading--title elementskit-section-title\">O seu guia completo para <br \/> Redes m\u00f3veis e eSIMs em Portugal<\/h2><\/div><\/div>\t\t\t\t<\/div>\n\t\t\t\t<\/div>\n\t\t\t\t\t<\/div>\n\t\t<\/div>\n\t\t\t\t<div class=\"elementor-column elementor-col-50 elementor-inner-column elementor-element elementor-element-65fc7482\" data-id=\"65fc7482\" data-element_type=\"column\">\n\t\t\t<div class=\"elementor-widget-wrap elementor-element-populated\">\n\t\t\t\t\t\t<div class=\"elementor-element elementor-element-9823de3 elementor-widget elementor-widget-elementskit-heading\" data-id=\"9823de3\" data-element_type=\"widget\" data-widget_type=\"elementskit-heading.default\">\n\t\t\t\t<div class=\"elementor-widget-container\">\n\t\t\t\t\t<div class=\"ekit-wid-con\" ><div class=\"ekit-heading elementskit-section-title-wraper text_center   ekit_heading_tablet-   ekit_heading_mobile-\">\t\t\t\t<div class='ekit-heading__description'>\n\t\t\t\t\t<p>Quando <a href=\"https:\/\/relocations.io\/portugals-residence-visas-a-comprehensive-guide\/\">Mudar para Portugal<\/a> ou passar um per\u00edodo prolongado neste belo pa\u00eds, manter-se ligado \u00e9 uma prioridade m\u00e1xima. Quer esteja a instalar-se em Lisboa, a explorar o solarengo Algarve ou a trabalhar remotamente a partir dos exuberantes A\u00e7ores, uma liga\u00e7\u00e3o fi\u00e1vel \u00e0 rede m\u00f3vel \u00e9 essencial. Neste guia, abordaremos tudo o que precisa de saber sobre as redes m\u00f3veis de Portugal, incluindo os operadores m\u00f3veis dispon\u00edveis, cart\u00f5es SIM, contratos e a cada vez mais popular tecnologia eSIM.<\/p>\n\t\t\t\t<\/div>\n\t\t\t<\/div><\/div>\t\t\t\t<\/div>\n\t\t\t\t<\/div>\n\t\t\t\t\t<\/div>\n\t\t<\/div>\n\t\t\t\t\t<\/div>\n\t\t<\/section>\n\t\t\t\t<section class=\"elementor-section elementor-inner-section elementor-element elementor-element-97f0283 elementor-section-content-middle elementor-section-boxed elementor-section-height-default elementor-section-height-default elementor-invisible\" data-id=\"97f0283\" data-element_type=\"section\" data-settings=\"{&quot;animation&quot;:&quot;fadeInUp&quot;,&quot;_ha_eqh_enable&quot;:false}\">\n\t\t\t\t\t\t<div class=\"elementor-container elementor-column-gap-default\">\n\t\t\t\t\t<div class=\"elementor-column elementor-col-50 elementor-inner-column elementor-element elementor-element-5ef3b869 elementor-hidden-phone\" data-id=\"5ef3b869\" data-element_type=\"column\" data-settings=\"{&quot;background_background&quot;:&quot;classic&quot;}\">\n\t\t\t<div class=\"elementor-widget-wrap elementor-element-populated\">\n\t\t\t\t\t\t<div class=\"elementor-element elementor-element-9cab2c4 elementor-widget elementor-widget-image\" data-id=\"9cab2c4\" data-element_type=\"widget\" data-widget_type=\"image.default\">\n\t\t\t\t<div class=\"elementor-widget-container\">\n\t\t\t\t\t\t\t\t\t\t\t\t\t\t\t<img fetchpriority=\"high\" decoding=\"async\" width=\"500\" height=\"500\" src=\"https:\/\/i0.wp.com\/relocations.io\/wp-content\/uploads\/conectivity.png?fit=500%2C500&amp;ssl=1\" class=\"attachment-full size-full wp-image-61999\" alt=\"\" srcset=\"https:\/\/i0.wp.com\/relocations.io\/wp-content\/uploads\/conectivity.png?w=500&amp;ssl=1 500w, https:\/\/i0.wp.com\/relocations.io\/wp-content\/uploads\/conectivity.png?resize=300%2C300&amp;ssl=1 300w, https:\/\/i0.wp.com\/relocations.io\/wp-content\/uploads\/conectivity.png?resize=150%2C150&amp;ssl=1 150w, https:\/\/i0.wp.com\/relocations.io\/wp-content\/uploads\/conectivity.png?resize=12%2C12&amp;ssl=1 12w, https:\/\/i0.wp.com\/relocations.io\/wp-content\/uploads\/conectivity.png?resize=100%2C100&amp;ssl=1 100w\" sizes=\"(max-width: 500px) 100vw, 500px\" \/>\t\t\t\t\t\t\t\t\t\t\t\t\t\t\t<\/div>\n\t\t\t\t<\/div>\n\t\t\t\t\t<\/div>\n\t\t<\/div>\n\t\t\t\t<div class=\"elementor-column elementor-col-50 elementor-inner-column elementor-element elementor-element-7dd487eb\" data-id=\"7dd487eb\" data-element_type=\"column\" data-settings=\"{&quot;background_background&quot;:&quot;classic&quot;}\">\n\t\t\t<div class=\"elementor-widget-wrap elementor-element-populated\">\n\t\t\t\t\t\t<div class=\"elementor-element elementor-element-43e3608f elementor-widget elementor-widget-image\" data-id=\"43e3608f\" data-element_type=\"widget\" data-widget_type=\"image.default\">\n\t\t\t\t<div class=\"elementor-widget-container\">\n\t\t\t\t\t\t\t\t\t\t\t\t\t\t\t<img decoding=\"async\" width=\"500\" height=\"500\" src=\"https:\/\/i0.wp.com\/relocations.io\/wp-content\/uploads\/mobile-network.png?fit=500%2C500&amp;ssl=1\" class=\"attachment-large size-large wp-image-62000\" alt=\"\" srcset=\"https:\/\/i0.wp.com\/relocations.io\/wp-content\/uploads\/mobile-network.png?w=500&amp;ssl=1 500w, https:\/\/i0.wp.com\/relocations.io\/wp-content\/uploads\/mobile-network.png?resize=300%2C300&amp;ssl=1 300w, https:\/\/i0.wp.com\/relocations.io\/wp-content\/uploads\/mobile-network.png?resize=150%2C150&amp;ssl=1 150w, https:\/\/i0.wp.com\/relocations.io\/wp-content\/uploads\/mobile-network.png?resize=12%2C12&amp;ssl=1 12w, https:\/\/i0.wp.com\/relocations.io\/wp-content\/uploads\/mobile-network.png?resize=100%2C100&amp;ssl=1 100w\" sizes=\"(max-width: 500px) 100vw, 500px\" \/>\t\t\t\t\t\t\t\t\t\t\t\t\t\t\t<\/div>\n\t\t\t\t<\/div>\n\t\t\t\t\t<\/div>\n\t\t<\/div>\n\t\t\t\t\t<\/div>\n\t\t<\/section>\n\t\t\t\t\t<\/div>\n\t\t<\/div>\n\t\t\t\t\t<\/div>\n\t\t<\/section>\n\t\t\t\t<section class=\"elementor-section elementor-top-section elementor-element elementor-element-dff0263 elementor-section-boxed elementor-section-height-default elementor-section-height-default\" data-id=\"dff0263\" data-element_type=\"section\" data-settings=\"{&quot;background_background&quot;:&quot;classic&quot;,&quot;_ha_eqh_enable&quot;:false}\">\n\t\t\t\t\t\t<div class=\"elementor-container elementor-column-gap-no\">\n\t\t\t\t\t<div class=\"elementor-column elementor-col-100 elementor-top-column elementor-element elementor-element-26f2949b\" data-id=\"26f2949b\" data-element_type=\"column\">\n\t\t\t<div class=\"elementor-widget-wrap elementor-element-populated\">\n\t\t\t\t\t\t<section class=\"elementor-section elementor-inner-section elementor-element elementor-element-23753d85 elementor-section-boxed elementor-section-height-default elementor-section-height-default elementor-invisible\" data-id=\"23753d85\" data-element_type=\"section\" data-settings=\"{&quot;animation&quot;:&quot;fadeInUp&quot;,&quot;_ha_eqh_enable&quot;:false}\">\n\t\t\t\t\t\t<div class=\"elementor-container elementor-column-gap-default\">\n\t\t\t\t\t<div class=\"elementor-column elementor-col-100 elementor-inner-column elementor-element elementor-element-314eb2ea\" data-id=\"314eb2ea\" data-element_type=\"column\">\n\t\t\t<div class=\"elementor-widget-wrap elementor-element-populated\">\n\t\t\t\t\t\t<div class=\"elementor-element elementor-element-24506974 elementor-widget elementor-widget-elementskit-heading\" data-id=\"24506974\" data-element_type=\"widget\" data-widget_type=\"elementskit-heading.default\">\n\t\t\t\t<div class=\"elementor-widget-container\">\n\t\t\t\t\t<div class=\"ekit-wid-con\" ><div class=\"ekit-heading elementskit-section-title-wraper text_center   ekit_heading_tablet-   ekit_heading_mobile-\"><h2 class=\"ekit-heading--title elementskit-section-title\">Panorama das redes m\u00f3veis em Portugal<\/h2><\/div><\/div>\t\t\t\t<\/div>\n\t\t\t\t<\/div>\n\t\t\t\t\t<\/div>\n\t\t<\/div>\n\t\t\t\t\t<\/div>\n\t\t<\/section>\n\t\t\t\t<section class=\"elementor-section elementor-inner-section elementor-element elementor-element-4b19b4c1 elementor-section-boxed elementor-section-height-default elementor-section-height-default elementor-invisible\" data-id=\"4b19b4c1\" data-element_type=\"section\" data-settings=\"{&quot;animation&quot;:&quot;fadeInUp&quot;,&quot;_ha_eqh_enable&quot;:false}\">\n\t\t\t\t\t\t<div class=\"elementor-container elementor-column-gap-extended\">\n\t\t\t\t\t<div class=\"elementor-column elementor-col-100 elementor-inner-column elementor-element elementor-element-6d26684f\" data-id=\"6d26684f\" data-element_type=\"column\">\n\t\t\t<div class=\"elementor-widget-wrap elementor-element-populated\">\n\t\t\t\t\t\t<div class=\"elementor-element elementor-element-293d1649 ekit-equal-height-disable elementor-widget elementor-widget-elementskit-icon-box\" data-id=\"293d1649\" data-element_type=\"widget\" data-widget_type=\"elementskit-icon-box.default\">\n\t\t\t\t<div class=\"elementor-widget-container\">\n\t\t\t\t\t<div class=\"ekit-wid-con\" >        <!-- link opening -->\n                <a href=\"#\" class=\"ekit_global_links\">\n                <!-- end link opening -->\n\n        <div class=\"elementskit-infobox text-left text-left icon-top-align elementor-animation-  gradient-active  hover_from_top\">\n                    <div class=\"elementskit-box-header elementor-animation-\">\n                <div class=\"elementskit-info-box-icon\">\n                    \n                <\/div>\n          <\/div>\n                        <div class=\"box-body\">\n                        \t\t  \t<p>Portugal disp\u00f5e de um sistema de rede m\u00f3vel bem estabelecido que serve eficazmente tanto os residentes como os visitantes. Tal como a maioria dos pa\u00edses europeus, Portugal utiliza a rede GSM para as comunica\u00e7\u00f5es m\u00f3veis. Isto significa que a maioria dos telem\u00f3veis da Europa, da \u00c1sia e de muitas outras regi\u00f5es funcionar\u00e1 sem problemas \u00e0 chegada. Mesmo que venha de um pa\u00eds que utilize a rede CDMA, como certas zonas dos Estados Unidos, do Jap\u00e3o ou do Canad\u00e1, o seu smartphone poder\u00e1 ligar-se \u00e0s redes portuguesas, desde que seja compat\u00edvel com GSM.<\/p>\n                                <\/div>\n        \n        \n                <\/div>\n                <\/a>\n        <\/div>\t\t\t\t<\/div>\n\t\t\t\t<\/div>\n\t\t\t\t\t<\/div>\n\t\t<\/div>\n\t\t\t\t\t<\/div>\n\t\t<\/section>\n\t\t\t\t\t<\/div>\n\t\t<\/div>\n\t\t\t\t\t<\/div>\n\t\t<\/section>\n\t\t\t\t<section class=\"elementor-section elementor-top-section elementor-element elementor-element-40b9fa37 animated-slow elementor-section-boxed elementor-section-height-default elementor-section-height-default elementor-invisible\" data-id=\"40b9fa37\" data-element_type=\"section\" data-settings=\"{&quot;animation&quot;:&quot;fadeInUp&quot;,&quot;_ha_eqh_enable&quot;:false}\">\n\t\t\t\t\t\t<div class=\"elementor-container elementor-column-gap-default\">\n\t\t\t\t\t<div class=\"elementor-column elementor-col-100 elementor-top-column elementor-element elementor-element-7440967\" data-id=\"7440967\" data-element_type=\"column\">\n\t\t\t<div class=\"elementor-widget-wrap elementor-element-populated\">\n\t\t\t\t\t\t<div class=\"elementor-element elementor-element-a51448b elementor-widget elementor-widget-heading\" data-id=\"a51448b\" data-element_type=\"widget\" data-widget_type=\"heading.default\">\n\t\t\t\t<div class=\"elementor-widget-container\">\n\t\t\t\t\t<h1 class=\"elementor-heading-title elementor-size-default\">Cobertura e qualidade da rede<\/h1>\t\t\t\t<\/div>\n\t\t\t\t<\/div>\n\t\t\t\t<div class=\"elementor-element elementor-element-e87b451 elementor-widget elementor-widget-text-editor\" data-id=\"e87b451\" data-element_type=\"widget\" data-widget_type=\"text-editor.default\">\n\t\t\t\t<div class=\"elementor-widget-container\">\n\t\t\t\t\t\t\t\t\t<p>A infraestrutura de rede m\u00f3vel de Portugal \u00e9 robusta, com uma extensa cobertura 4G em todo o pa\u00eds. As redes 4G e 4G+ cobrem a maioria das zonas urbanas e suburbanas, bem como as regi\u00f5es rurais, incluindo as ilhas da Madeira e dos A\u00e7ores. No entanto, embora a maioria das regi\u00f5es tenha uma cobertura decente, a conetividade pode variar em zonas remotas ou montanhosas. Os centros urbanos como Lisboa, Porto e Coimbra t\u00eam geralmente uma excelente cobertura 4G e 5G, enquanto as zonas mais isoladas podem registar velocidades mais lentas ou um servi\u00e7o irregular. \u00c9 aconselh\u00e1vel verificar os mapas de cobertura para a sua localiza\u00e7\u00e3o espec\u00edfica antes de se comprometer com um operador m\u00f3vel.<\/p>\n<!-- \/wp:paragraph --><!-- wp:paragraph -->\n<p>A tecnologia 5G tamb\u00e9m est\u00e1 a expandir-se rapidamente em Portugal. As grandes cidades e as zonas densamente povoadas est\u00e3o a come\u00e7ar a ver a implanta\u00e7\u00e3o do 5G, embora a cobertura nacional total ainda esteja em desenvolvimento. Se tiver um dispositivo compat\u00edvel com 5G, pode beneficiar de velocidades mais elevadas e de liga\u00e7\u00f5es mais est\u00e1veis em certas zonas do pa\u00eds.<\/p>\t\t\t\t\t\t\t\t<\/div>\n\t\t\t\t<\/div>\n\t\t\t\t<section class=\"elementor-section elementor-inner-section elementor-element elementor-element-acbb5bf animated-slow elementor-section-boxed elementor-section-height-default elementor-section-height-default elementor-invisible\" data-id=\"acbb5bf\" data-element_type=\"section\" data-settings=\"{&quot;animation&quot;:&quot;fadeInUp&quot;,&quot;_ha_eqh_enable&quot;:false}\">\n\t\t\t\t\t\t<div class=\"elementor-container elementor-column-gap-default\">\n\t\t\t\t\t<div class=\"elementor-column elementor-col-100 elementor-inner-column elementor-element elementor-element-53e39e0\" data-id=\"53e39e0\" data-element_type=\"column\">\n\t\t\t<div class=\"elementor-widget-wrap elementor-element-populated\">\n\t\t\t\t\t\t<div class=\"elementor-element elementor-element-6c120af elementor-widget elementor-widget-heading\" data-id=\"6c120af\" data-element_type=\"widget\" data-widget_type=\"heading.default\">\n\t\t\t\t<div class=\"elementor-widget-container\">\n\t\t\t\t\t<h1 class=\"elementor-heading-title elementor-size-default\">Principais operadores m\u00f3veis em Portugal<\/h1>\t\t\t\t<\/div>\n\t\t\t\t<\/div>\n\t\t\t\t<div class=\"elementor-element elementor-element-71f40bc elementor-widget elementor-widget-text-editor\" data-id=\"71f40bc\" data-element_type=\"widget\" data-widget_type=\"text-editor.default\">\n\t\t\t\t<div class=\"elementor-widget-container\">\n\t\t\t\t\t\t\t\t\t<p>Apesar da sua dimens\u00e3o relativamente pequena, o mercado portugu\u00eas das comunica\u00e7\u00f5es m\u00f3veis \u00e9 altamente competitivo. Os principais operadores de redes m\u00f3veis (ORM) s\u00e3o a MEO, a Vodafone e a NOS. Cada uma delas oferece v\u00e1rios planos pr\u00e9-pagos e p\u00f3s-pagos adaptados a diferentes necessidades, desde estadias curtas a contratos de longa dura\u00e7\u00e3o.<\/p>\t\t\t\t\t\t\t\t<\/div>\n\t\t\t\t<\/div>\n\t\t\t\t\t<\/div>\n\t\t<\/div>\n\t\t\t\t\t<\/div>\n\t\t<\/section>\n\t\t\t\t<section class=\"elementor-section elementor-inner-section elementor-element elementor-element-303f4d73 animated-slow elementor-section-boxed elementor-section-height-default elementor-section-height-default elementor-invisible\" data-id=\"303f4d73\" data-element_type=\"section\" data-settings=\"{&quot;animation&quot;:&quot;fadeInUp&quot;,&quot;_ha_eqh_enable&quot;:false}\">\n\t\t\t\t\t\t<div class=\"elementor-container elementor-column-gap-default\">\n\t\t\t\t\t<div class=\"elementor-column elementor-col-100 elementor-inner-column elementor-element elementor-element-f43346e\" data-id=\"f43346e\" data-element_type=\"column\">\n\t\t\t<div class=\"elementor-widget-wrap elementor-element-populated\">\n\t\t\t\t\t\t<div class=\"elementor-element elementor-element-447c832 elementor-icon-list--layout-traditional elementor-list-item-link-full_width elementor-widget elementor-widget-icon-list\" data-id=\"447c832\" data-element_type=\"widget\" data-widget_type=\"icon-list.default\">\n\t\t\t\t<div class=\"elementor-widget-container\">\n\t\t\t\t\t\t\t<ul class=\"elementor-icon-list-items\">\n\t\t\t\t\t\t\t<li class=\"elementor-icon-list-item\">\n\t\t\t\t\t\t\t\t\t\t\t<span class=\"elementor-icon-list-icon\">\n\t\t\t\t\t\t\t<svg aria-hidden=\"true\" class=\"e-font-icon-svg e-far-check-circle\" viewbox=\"0 0 512 512\" xmlns=\"http:\/\/www.w3.org\/2000\/svg\"><path d=\"M256 8C119.033 8 8 119.033 8 256s111.033 248 248 248 248-111.033 248-248S392.967 8 256 8zm0 48c110.532 0 200 89.451 200 200 0 110.532-89.451 200-200 200-110.532 0-200-89.451-200-200 0-110.532 89.451-200 200-200m140.204 130.267l-22.536-22.718c-4.667-4.705-12.265-4.736-16.97-.068L215.346 303.697l-59.792-60.277c-4.667-4.705-12.265-4.736-16.97-.069l-22.719 22.536c-4.705 4.667-4.736 12.265-.068 16.971l90.781 91.516c4.667 4.705 12.265 4.736 16.97.068l172.589-171.204c4.704-4.668 4.734-12.266.067-16.971z\"><\/path><\/svg>\t\t\t\t\t\t<\/span>\n\t\t\t\t\t\t\t\t\t\t<span class=\"elementor-icon-list-text\">MEO: Operado pela Altice Portugal, o MEO \u00e9 o maior operador de rede m\u00f3vel, com cerca de 42% de quota de mercado. \u00c9 conhecido por ter a maior cobertura em Portugal, especialmente em zonas remotas e rurais.<\/span>\n\t\t\t\t\t\t\t\t\t<\/li>\n\t\t\t\t\t\t\t\t<li class=\"elementor-icon-list-item\">\n\t\t\t\t\t\t\t\t\t\t\t<span class=\"elementor-icon-list-icon\">\n\t\t\t\t\t\t\t<svg aria-hidden=\"true\" class=\"e-font-icon-svg e-far-check-circle\" viewbox=\"0 0 512 512\" xmlns=\"http:\/\/www.w3.org\/2000\/svg\"><path d=\"M256 8C119.033 8 8 119.033 8 256s111.033 248 248 248 248-111.033 248-248S392.967 8 256 8zm0 48c110.532 0 200 89.451 200 200 0 110.532-89.451 200-200 200-110.532 0-200-89.451-200-200 0-110.532 89.451-200 200-200m140.204 130.267l-22.536-22.718c-4.667-4.705-12.265-4.736-16.97-.068L215.346 303.697l-59.792-60.277c-4.667-4.705-12.265-4.736-16.97-.069l-22.719 22.536c-4.705 4.667-4.736 12.265-.068 16.971l90.781 91.516c4.667 4.705 12.265 4.736 16.97.068l172.589-171.204c4.704-4.668 4.734-12.266.067-16.971z\"><\/path><\/svg>\t\t\t\t\t\t<\/span>\n\t\t\t\t\t\t\t\t\t\t<span class=\"elementor-icon-list-text\">Vodafone Portugal: Detentora de cerca de 30% do mercado, a Vodafone \u00e9 outro grande player, conhecido pelos pre\u00e7os competitivos e pela variedade de planos. A Vodafone tamb\u00e9m oferece uma forte cobertura e est\u00e1 a expandir a sua rede 5G em todo o pa\u00eds.<\/span>\n\t\t\t\t\t\t\t\t\t<\/li>\n\t\t\t\t\t\t\t\t<li class=\"elementor-icon-list-item\">\n\t\t\t\t\t\t\t\t\t\t\t<span class=\"elementor-icon-list-icon\">\n\t\t\t\t\t\t\t<svg aria-hidden=\"true\" class=\"e-font-icon-svg e-far-check-circle\" viewbox=\"0 0 512 512\" xmlns=\"http:\/\/www.w3.org\/2000\/svg\"><path d=\"M256 8C119.033 8 8 119.033 8 256s111.033 248 248 248 248-111.033 248-248S392.967 8 256 8zm0 48c110.532 0 200 89.451 200 200 0 110.532-89.451 200-200 200-110.532 0-200-89.451-200-200 0-110.532 89.451-200 200-200m140.204 130.267l-22.536-22.718c-4.667-4.705-12.265-4.736-16.97-.068L215.346 303.697l-59.792-60.277c-4.667-4.705-12.265-4.736-16.97-.069l-22.719 22.536c-4.705 4.667-4.736 12.265-.068 16.971l90.781 91.516c4.667 4.705 12.265 4.736 16.97.068l172.589-171.204c4.704-4.668 4.734-12.266.067-16.971z\"><\/path><\/svg>\t\t\t\t\t\t<\/span>\n\t\t\t\t\t\t\t\t\t\t<span class=\"elementor-icon-list-text\">NOS: Com aproximadamente 24% do mercado, a NOS \u00e9 popular pelos seus servi\u00e7os agregados que incluem pacotes de telem\u00f3vel, internet e TV. Oferece planos e cobertura competitivos, especialmente em \u00e1reas urbanas.<\/span>\n\t\t\t\t\t\t\t\t\t<\/li>\n\t\t\t\t\t\t\t\t<li class=\"elementor-icon-list-item\">\n\t\t\t\t\t\t\t\t\t\t\t<span class=\"elementor-icon-list-icon\">\n\t\t\t\t\t\t\t<svg aria-hidden=\"true\" class=\"e-font-icon-svg e-far-check-circle\" viewbox=\"0 0 512 512\" xmlns=\"http:\/\/www.w3.org\/2000\/svg\"><path d=\"M256 8C119.033 8 8 119.033 8 256s111.033 248 248 248 248-111.033 248-248S392.967 8 256 8zm0 48c110.532 0 200 89.451 200 200 0 110.532-89.451 200-200 200-110.532 0-200-89.451-200-200 0-110.532 89.451-200 200-200m140.204 130.267l-22.536-22.718c-4.667-4.705-12.265-4.736-16.97-.068L215.346 303.697l-59.792-60.277c-4.667-4.705-12.265-4.736-16.97-.069l-22.719 22.536c-4.705 4.667-4.736 12.265-.068 16.971l90.781 91.516c4.667 4.705 12.265 4.736 16.97.068l172.589-171.204c4.704-4.668 4.734-12.266.067-16.971z\"><\/path><\/svg>\t\t\t\t\t\t<\/span>\n\t\t\t\t\t\t\t\t\t\t<span class=\"elementor-icon-list-text\">MVNOs (Mobile Virtual Network Operators): Para al\u00e9m destes operadores prim\u00e1rios, Portugal acolhe v\u00e1rios MVNOs como a WTF, a Yorn e a NOWO. Estes fornecedores operam nas redes dos tr\u00eas grandes operadores (MEO, Vodafone, NOS) e oferecem frequentemente planos de nicho destinados a p\u00fablicos mais jovens ou a segmentos espec\u00edficos de clientes.<\/span>\n\t\t\t\t\t\t\t\t\t<\/li>\n\t\t\t\t\t\t<\/ul>\n\t\t\t\t\t\t<\/div>\n\t\t\t\t<\/div>\n\t\t\t\t\t<\/div>\n\t\t<\/div>\n\t\t\t\t\t<\/div>\n\t\t<\/section>\n\t\t<div class=\"elementor-element elementor-element-597da5b e-flex e-con-boxed e-con e-parent\" data-id=\"597da5b\" data-element_type=\"container\" data-settings=\"{&quot;_ha_eqh_enable&quot;:false}\">\n\t\t\t\t\t<div class=\"e-con-inner\">\n\t\t\t\t<div class=\"elementor-element elementor-element-a12c3e1 elementor-widget elementor-widget-heading\" data-id=\"a12c3e1\" data-element_type=\"widget\" data-widget_type=\"heading.default\">\n\t\t\t\t<div class=\"elementor-widget-container\">\n\t\t\t\t\t<h1 class=\"elementor-heading-title elementor-size-default\">Cart\u00f5es SIM: Pr\u00e9-pago vs. Contratos de telem\u00f3vel<\/h1>\t\t\t\t<\/div>\n\t\t\t\t<\/div>\n\t\t\t\t<div class=\"elementor-element elementor-element-274ceac elementor-widget elementor-widget-text-editor\" data-id=\"274ceac\" data-element_type=\"widget\" data-widget_type=\"text-editor.default\">\n\t\t\t\t<div class=\"elementor-widget-container\">\n\t\t\t\t\t\t\t\t\t<p>Quando se trata de obter um n\u00famero de telefone em Portugal, existem duas op\u00e7\u00f5es principais: cart\u00f5es SIM pr\u00e9-pagos e contratos m\u00f3veis.<\/p>\t\t\t\t\t\t\t\t<\/div>\n\t\t\t\t<\/div>\n\t\t\t\t\t<\/div>\n\t\t\t\t<\/div>\n\t\t\t\t\t<\/div>\n\t\t<\/div>\n\t\t\t\t\t<\/div>\n\t\t<\/section>\n\t\t<div class=\"elementor-element elementor-element-6f456e9 e-flex e-con-boxed e-con e-parent\" data-id=\"6f456e9\" data-element_type=\"container\" data-settings=\"{&quot;_ha_eqh_enable&quot;:false}\">\n\t\t\t\t\t<div class=\"e-con-inner\">\n\t\t<div class=\"elementor-element elementor-element-9c50872 e-con-full e-flex e-con e-child\" data-id=\"9c50872\" data-element_type=\"container\" data-settings=\"{&quot;_ha_eqh_enable&quot;:false}\">\n\t\t\t\t<div class=\"elementor-element elementor-element-f7a57e4 elementor-widget elementor-widget-icon-box\" data-id=\"f7a57e4\" data-element_type=\"widget\" data-widget_type=\"icon-box.default\">\n\t\t\t\t<div class=\"elementor-widget-container\">\n\t\t\t\t\t\t\t<div class=\"elementor-icon-box-wrapper\">\n\n\t\t\t\n\t\t\t\t\t\t<div class=\"elementor-icon-box-content\">\n\n\t\t\t\t\t\t\t\t\t<h3 class=\"elementor-icon-box-title\">\n\t\t\t\t\t\t<span  >\n\t\t\t\t\t\t\tCart\u00f5es SIM pr\u00e9-pagos\t\t\t\t\t\t<\/span>\n\t\t\t\t\t<\/h3>\n\t\t\t\t\n\t\t\t\t\n\t\t\t<\/div>\n\t\t\t\n\t\t<\/div>\n\t\t\t\t\t\t<\/div>\n\t\t\t\t<\/div>\n\t\t\t\t<div class=\"elementor-element elementor-element-96fd840 elementor-widget elementor-widget-text-editor\" data-id=\"96fd840\" data-element_type=\"widget\" data-widget_type=\"text-editor.default\">\n\t\t\t\t<div class=\"elementor-widget-container\">\n\t\t\t\t\t\t\t\t\t<p>Os cart\u00f5es SIM pr\u00e9-pagos oferecem flexibilidade e nenhum compromisso a longo prazo, o que os torna uma excelente escolha para turistas, visitantes de curta dura\u00e7\u00e3o e pessoas que pretendem ter mais controlo sobre as suas despesas. Estes cart\u00f5es v\u00eam com uma determinada quantidade de minutos de chamadas, mensagens de texto e dados, e pode carreg\u00e1-los facilmente online, atrav\u00e9s de aplica\u00e7\u00f5es ou em caixas multibanco e lojas locais. Os pre\u00e7os variam consoante o operador e o pacote escolhido, mas pode esperar pagar cerca de 10 a 30 euros para come\u00e7ar.<\/p>\n<p>Os cart\u00f5es SIM pr\u00e9-pagos est\u00e3o dispon\u00edveis em<\/p>\n<ol>\n<li>Lojas de operadores m\u00f3veis (MEO, Vodafone, NOS)<\/li>\n<li>Supermercados e lojas de conveni\u00eancia<\/li>\n<li>Em linha atrav\u00e9s dos s\u00edtios Web dos operadores<\/li>\n<\/ol>\t\t\t\t\t\t\t\t<\/div>\n\t\t\t\t<\/div>\n\t\t\t\t<\/div>\n\t\t<div class=\"elementor-element elementor-element-9dced11 e-con-full e-flex e-con e-child\" data-id=\"9dced11\" data-element_type=\"container\" data-settings=\"{&quot;_ha_eqh_enable&quot;:false}\">\n\t\t\t\t<div class=\"elementor-element elementor-element-e635b23 elementor-widget elementor-widget-icon-box\" data-id=\"e635b23\" data-element_type=\"widget\" data-widget_type=\"icon-box.default\">\n\t\t\t\t<div class=\"elementor-widget-container\">\n\t\t\t\t\t\t\t<div class=\"elementor-icon-box-wrapper\">\n\n\t\t\t\n\t\t\t\t\t\t<div class=\"elementor-icon-box-content\">\n\n\t\t\t\t\t\t\t\t\t<h3 class=\"elementor-icon-box-title\">\n\t\t\t\t\t\t<span  >\n\t\t\t\t\t\t\tContratos m\u00f3veis\t\t\t\t\t\t<\/span>\n\t\t\t\t\t<\/h3>\n\t\t\t\t\n\t\t\t\t\n\t\t\t<\/div>\n\t\t\t\n\t\t<\/div>\n\t\t\t\t\t\t<\/div>\n\t\t\t\t<\/div>\n\t\t\t\t<div class=\"elementor-element elementor-element-311b878 elementor-widget elementor-widget-text-editor\" data-id=\"311b878\" data-element_type=\"widget\" data-widget_type=\"text-editor.default\">\n\t\t\t\t<div class=\"elementor-widget-container\">\n\t\t\t\t\t\t\t\t\t<p>Para aqueles que planeiam uma estadia mais longa, assinar um contrato de telem\u00f3vel (p\u00f3s-pago) pode ser mais econ\u00f3mico. Os contratos oferecem geralmente tarifas mais baixas para chamadas, mensagens de texto e dados do que as op\u00e7\u00f5es pr\u00e9-pagas e podem incluir vantagens adicionais como chamadas ilimitadas em Portugal ou tarifas reduzidas para roaming internacional. Os contratos t\u00eam geralmente uma dura\u00e7\u00e3o de 24 meses, mas alguns operadores oferecem op\u00e7\u00f5es sem compromisso a um custo mensal mais elevado. Os contratos de telem\u00f3vel podem tamb\u00e9m incluir um novo smartphone, que ser\u00e1 pago em presta\u00e7\u00f5es durante o per\u00edodo do contrato.<\/p>\n<p>Para assinar um contrato de telem\u00f3vel em Portugal, \u00e9 necess\u00e1rio<\/p>\n<ol>\n<li>BI v\u00e1lido (passaporte ou cart\u00e3o de resid\u00eancia)<\/li>\n<li>Comprovativo de morada em Portugal<\/li>\n<li>NIF (n\u00famero de identifica\u00e7\u00e3o fiscal)<\/li>\n<li>Dados da conta banc\u00e1ria (portuguesa ou estrangeira)<\/li>\n<\/ol>\t\t\t\t\t\t\t\t<\/div>\n\t\t\t\t<\/div>\n\t\t\t\t<\/div>\n\t\t\t\t\t<\/div>\n\t\t\t\t<\/div>\n\t\t<div class=\"elementor-element elementor-element-bddc739 e-flex e-con-boxed e-con e-parent\" data-id=\"bddc739\" data-element_type=\"container\" data-settings=\"{&quot;_ha_eqh_enable&quot;:false}\">\n\t\t\t\t\t<div class=\"e-con-inner\">\n\t\t\t\t<div class=\"elementor-element elementor-element-b553063 elementor-widget elementor-widget-image\" data-id=\"b553063\" data-element_type=\"widget\" data-widget_type=\"image.default\">\n\t\t\t\t<div class=\"elementor-widget-container\">\n\t\t\t\t\t\t\t\t\t\t\t\t\t\t\t<img decoding=\"async\" width=\"300\" height=\"300\" src=\"https:\/\/i0.wp.com\/relocations.io\/wp-content\/uploads\/wifi-free-zone.png?fit=300%2C300&amp;ssl=1\" class=\"attachment-medium size-medium wp-image-62002\" alt=\"\" srcset=\"https:\/\/i0.wp.com\/relocations.io\/wp-content\/uploads\/wifi-free-zone.png?w=500&amp;ssl=1 500w, https:\/\/i0.wp.com\/relocations.io\/wp-content\/uploads\/wifi-free-zone.png?resize=300%2C300&amp;ssl=1 300w, https:\/\/i0.wp.com\/relocations.io\/wp-content\/uploads\/wifi-free-zone.png?resize=150%2C150&amp;ssl=1 150w, https:\/\/i0.wp.com\/relocations.io\/wp-content\/uploads\/wifi-free-zone.png?resize=12%2C12&amp;ssl=1 12w, https:\/\/i0.wp.com\/relocations.io\/wp-content\/uploads\/wifi-free-zone.png?resize=100%2C100&amp;ssl=1 100w\" sizes=\"(max-width: 300px) 100vw, 300px\" \/>\t\t\t\t\t\t\t\t\t\t\t\t\t\t\t<\/div>\n\t\t\t\t<\/div>\n\t\t\t\t<div class=\"elementor-element elementor-element-5f0d23e elementor-widget elementor-widget-icon-box\" data-id=\"5f0d23e\" data-element_type=\"widget\" data-widget_type=\"icon-box.default\">\n\t\t\t\t<div class=\"elementor-widget-container\">\n\t\t\t\t\t\t\t<div class=\"elementor-icon-box-wrapper\">\n\n\t\t\t\n\t\t\t\t\t\t<div class=\"elementor-icon-box-content\">\n\n\t\t\t\t\t\t\t\t\t<h3 class=\"elementor-icon-box-title\">\n\t\t\t\t\t\t<span  >\n\t\t\t\t\t\t\tConectividade Wi-Fi em Portugal\t\t\t\t\t\t<\/span>\n\t\t\t\t\t<\/h3>\n\t\t\t\t\n\t\t\t\t\t\t\t\t\t<p class=\"elementor-icon-box-description\">\n\t\t\t\t\t\tPara al\u00e9m dos dados m\u00f3veis, o Wi-Fi est\u00e1 amplamente dispon\u00edvel em Portugal. A maioria dos centros urbanos, edif\u00edcios p\u00fablicos (como bibliotecas, museus e centros de transportes) e muitos caf\u00e9s e restaurantes oferecem Wi-Fi gratuito. Conhecidos como \"Espa\u00e7o Internet\", estes hotspots Wi-Fi p\u00fablicos encontram-se frequentemente em edif\u00edcios municipais. Para uma liga\u00e7\u00e3o mais est\u00e1vel e privada, \u00e9 comum a instala\u00e7\u00e3o de Wi-Fi em casa. Operadoras como a MEO, Vodafone e NOS oferecem pacotes que incluem servi\u00e7os de telem\u00f3vel, TV e Internet, que podem ser mais econ\u00f3micos.\t\t\t\t\t<\/p>\n\t\t\t\t\n\t\t\t<\/div>\n\t\t\t\n\t\t<\/div>\n\t\t\t\t\t\t<\/div>\n\t\t\t\t<\/div>\n\t\t\t\t<div class=\"elementor-element elementor-element-7816230 elementor-widget elementor-widget-image\" data-id=\"7816230\" data-element_type=\"widget\" data-widget_type=\"image.default\">\n\t\t\t\t<div class=\"elementor-widget-container\">\n\t\t\t\t\t\t\t\t\t\t\t\t\t\t\t<img loading=\"lazy\" decoding=\"async\" width=\"300\" height=\"300\" src=\"https:\/\/i0.wp.com\/relocations.io\/wp-content\/uploads\/roaming-data1-.png?fit=300%2C300&amp;ssl=1\" class=\"attachment-medium size-medium wp-image-62026\" alt=\"\" srcset=\"https:\/\/i0.wp.com\/relocations.io\/wp-content\/uploads\/roaming-data1-.png?w=500&amp;ssl=1 500w, https:\/\/i0.wp.com\/relocations.io\/wp-content\/uploads\/roaming-data1-.png?resize=300%2C300&amp;ssl=1 300w, https:\/\/i0.wp.com\/relocations.io\/wp-content\/uploads\/roaming-data1-.png?resize=150%2C150&amp;ssl=1 150w, https:\/\/i0.wp.com\/relocations.io\/wp-content\/uploads\/roaming-data1-.png?resize=12%2C12&amp;ssl=1 12w, https:\/\/i0.wp.com\/relocations.io\/wp-content\/uploads\/roaming-data1-.png?resize=100%2C100&amp;ssl=1 100w\" sizes=\"(max-width: 300px) 100vw, 300px\" \/>\t\t\t\t\t\t\t\t\t\t\t\t\t\t\t<\/div>\n\t\t\t\t<\/div>\n\t\t\t\t<div class=\"elementor-element elementor-element-a09b462 elementor-widget elementor-widget-icon-box\" data-id=\"a09b462\" data-element_type=\"widget\" data-widget_type=\"icon-box.default\">\n\t\t\t\t<div class=\"elementor-widget-container\">\n\t\t\t\t\t\t\t<div class=\"elementor-icon-box-wrapper\">\n\n\t\t\t\n\t\t\t\t\t\t<div class=\"elementor-icon-box-content\">\n\n\t\t\t\t\t\t\t\t\t<h3 class=\"elementor-icon-box-title\">\n\t\t\t\t\t\t<span  >\n\t\t\t\t\t\t\tRoaming e utiliza\u00e7\u00e3o internacional\t\t\t\t\t\t<\/span>\n\t\t\t\t\t<\/h3>\n\t\t\t\t\n\t\t\t\t\t\t\t\t\t<p class=\"elementor-icon-box-description\">\n\t\t\t\t\t\tGra\u00e7as aos regulamentos da UE, as taxas de roaming foram abolidas nos pa\u00edses da Uni\u00e3o Europeia. Isto significa que pode utilizar o seu plano de telem\u00f3vel de outro pa\u00eds da UE em Portugal sem encargos adicionais. A partir de 2021, isto tamb\u00e9m se aplica aos visitantes do Reino Unido, embora possam ocorrer altera\u00e7\u00f5es devido \u00e0 sa\u00edda do Reino Unido da UE. Para os visitantes de pa\u00edses terceiros, as tarifas de roaming variam consoante o operador, pelo que \u00e9 importante informar-se junto do seu operador nacional antes de viajar.\t\t\t\t\t<\/p>\n\t\t\t\t\n\t\t\t<\/div>\n\t\t\t\n\t\t<\/div>\n\t\t\t\t\t\t<\/div>\n\t\t\t\t<\/div>\n\t\t\t\t\t<\/div>\n\t\t\t\t<\/div>\n\t\t\t\t<section class=\"elementor-section elementor-top-section elementor-element elementor-element-647abf37 animated-slow elementor-section-boxed elementor-section-height-default elementor-section-height-default elementor-invisible\" data-id=\"647abf37\" data-element_type=\"section\" data-settings=\"{&quot;animation&quot;:&quot;fadeInUp&quot;,&quot;_ha_eqh_enable&quot;:false}\">\n\t\t\t\t\t\t<div class=\"elementor-container elementor-column-gap-default\">\n\t\t\t\t\t<div class=\"elementor-column elementor-col-100 elementor-top-column elementor-element elementor-element-5e5c4e17\" data-id=\"5e5c4e17\" data-element_type=\"column\">\n\t\t\t<div class=\"elementor-widget-wrap elementor-element-populated\">\n\t\t\t\t\t\t<section class=\"elementor-section elementor-inner-section elementor-element elementor-element-41d2b58 elementor-section-boxed elementor-section-height-default elementor-section-height-default\" data-id=\"41d2b58\" data-element_type=\"section\" data-settings=\"{&quot;_ha_eqh_enable&quot;:false}\">\n\t\t\t\t\t\t<div class=\"elementor-container elementor-column-gap-default\">\n\t\t\t\t\t<div class=\"elementor-column elementor-col-100 elementor-inner-column elementor-element elementor-element-3589c192\" data-id=\"3589c192\" data-element_type=\"column\">\n\t\t\t<div class=\"elementor-widget-wrap elementor-element-populated\">\n\t\t\t\t\t\t<div class=\"elementor-element elementor-element-787bce73 elementor-widget elementor-widget-elementskit-heading\" data-id=\"787bce73\" data-element_type=\"widget\" data-widget_type=\"elementskit-heading.default\">\n\t\t\t\t<div class=\"elementor-widget-container\">\n\t\t\t\t\t<div class=\"ekit-wid-con\" ><div class=\"ekit-heading elementskit-section-title-wraper text_center   ekit_heading_tablet-   ekit_heading_mobile-text_center\"><h2 class=\"ekit-heading--title elementskit-section-title\">Escolher a op\u00e7\u00e3o m\u00f3vel certa em Portugal<\/h2><\/div><\/div>\t\t\t\t<\/div>\n\t\t\t\t<\/div>\n\t\t\t\t\t<\/div>\n\t\t<\/div>\n\t\t\t\t\t<\/div>\n\t\t<\/section>\n\t\t\t\t<div class=\"elementor-element elementor-element-da085b6 elementor-widget elementor-widget-text-editor\" data-id=\"da085b6\" data-element_type=\"widget\" data-widget_type=\"text-editor.default\">\n\t\t\t\t<div class=\"elementor-widget-container\">\n\t\t\t\t\t\t\t\t\t<p>A decis\u00e3o entre um cart\u00e3o SIM tradicional, um eSIM ou um contrato m\u00f3vel depende das suas necessidades espec\u00edficas:<\/p>\n<ul>\n<li><b>Estadia de curta dura\u00e7\u00e3o ou flexibilidade necess\u00e1ria:<\/b>\u00a0Opte por um cart\u00e3o SIM pr\u00e9-pago ou por um eSIM.<\/li>\n<li><b>Estadia de longa dura\u00e7\u00e3o ou utiliza\u00e7\u00e3o elevada de dados:<\/b>\u00a0Opte por um contrato de telem\u00f3vel com um fornecedor fi\u00e1vel como a MEO, a Vodafone ou a NOS.<\/li>\n<li><b>Necessita de viajantes frequentes ou de n\u00fameros duplos:<\/b>\u00a0Considere a utiliza\u00e7\u00e3o de um eSIM para maior comodidade e flexibilidade.<\/li>\n<\/ul>\n<p>Navegar pelo panorama das redes m\u00f3veis em Portugal \u00e9 mais f\u00e1cil do que parece, gra\u00e7as \u00e0 sua infraestrutura bem desenvolvida e \u00e0 crescente disponibilidade da tecnologia eSIM. Quer opte por um cart\u00e3o SIM tradicional, um contrato m\u00f3vel ou um eSIM, Portugal oferece muitas op\u00e7\u00f5es para o manter ligado onde quer que esteja no pa\u00eds. Certifique-se de que compara planos, compreende a cobertura na sua \u00e1rea e considera os benef\u00edcios dos eSIMs para uma experi\u00eancia m\u00f3vel moderna e flex\u00edvel.<\/p>\t\t\t\t\t\t\t\t<\/div>\n\t\t\t\t<\/div>\n\t\t\t\t\t<\/div>\n\t\t<\/div>\n\t\t\t\t\t<\/div>\n\t\t<\/section>\n\t\t\t\t<section class=\"elementor-section elementor-top-section elementor-element elementor-element-40774b10 elementor-section-content-middle elementor-section-boxed elementor-section-height-default elementor-section-height-default\" data-id=\"40774b10\" data-element_type=\"section\" data-settings=\"{&quot;background_background&quot;:&quot;classic&quot;,&quot;_ha_eqh_enable&quot;:false}\">\n\t\t\t\t\t\t\t<div class=\"elementor-background-overlay\"><\/div>\n\t\t\t\t\t\t\t<div class=\"elementor-container elementor-column-gap-default\">\n\t\t\t\t\t<div class=\"elementor-column elementor-col-50 elementor-top-column elementor-element elementor-element-16a3d8b3\" data-id=\"16a3d8b3\" data-element_type=\"column\">\n\t\t\t<div class=\"elementor-widget-wrap elementor-element-populated\">\n\t\t\t\t\t\t<div class=\"elementor-element elementor-element-65e0d0e elementor-widget elementor-widget-image\" data-id=\"65e0d0e\" data-element_type=\"widget\" data-widget_type=\"image.default\">\n\t\t\t\t<div class=\"elementor-widget-container\">\n\t\t\t\t\t\t\t\t\t\t\t\t\t\t\t<img loading=\"lazy\" decoding=\"async\" width=\"600\" height=\"180\" src=\"https:\/\/i0.wp.com\/relocations.io\/wp-content\/uploads\/2024\/08\/cropped-Sliding-Logo-2.png?fit=600%2C180&amp;ssl=1\" class=\"attachment-large size-large wp-image-9046\" alt=\"\" srcset=\"https:\/\/i0.wp.com\/relocations.io\/wp-content\/uploads\/2024\/08\/cropped-Sliding-Logo-2.png?w=600&amp;ssl=1 600w, https:\/\/i0.wp.com\/relocations.io\/wp-content\/uploads\/2024\/08\/cropped-Sliding-Logo-2.png?resize=300%2C90&amp;ssl=1 300w, https:\/\/i0.wp.com\/relocations.io\/wp-content\/uploads\/2024\/08\/cropped-Sliding-Logo-2.png?resize=18%2C5&amp;ssl=1 18w, https:\/\/i0.wp.com\/relocations.io\/wp-content\/uploads\/2024\/08\/cropped-Sliding-Logo-2.png?resize=50%2C15&amp;ssl=1 50w, https:\/\/i0.wp.com\/relocations.io\/wp-content\/uploads\/2024\/08\/cropped-Sliding-Logo-2.png?resize=100%2C30&amp;ssl=1 100w\" sizes=\"(max-width: 600px) 100vw, 600px\" \/>\t\t\t\t\t\t\t\t\t\t\t\t\t\t\t<\/div>\n\t\t\t\t<\/div>\n\t\t\t\t\t<\/div>\n\t\t<\/div>\n\t\t\t\t<div class=\"elementor-column elementor-col-50 elementor-top-column elementor-element elementor-element-4a52a63c\" data-id=\"4a52a63c\" data-element_type=\"column\" data-settings=\"{&quot;animation_tablet&quot;:&quot;none&quot;,&quot;animation_mobile&quot;:&quot;none&quot;}\">\n\t\t\t<div class=\"elementor-widget-wrap elementor-element-populated\">\n\t\t\t\t\t\t<div class=\"elementor-element elementor-element-9f9a91b elementor-widget elementor-widget-text-editor\" data-id=\"9f9a91b\" data-element_type=\"widget\" data-widget_type=\"text-editor.default\">\n\t\t\t\t<div class=\"elementor-widget-container\">\n\t\t\t\t\t\t\t\t\t<p><a href=\"https:\/\/relocations.io\/book-a-call\/\"><b>Reloca\u00e7\u00f5es.io<\/b><\/a> simplifica este processo, ajudando-o a escolher a melhor op\u00e7\u00e3o de rede m\u00f3vel para as suas necessidades. Quer esteja \u00e0 procura de um SIM pr\u00e9-pago, de um eSIM ou de um contrato, a nossa equipa orienta-o em todas as etapas, desde a sele\u00e7\u00e3o de um fornecedor at\u00e9 \u00e0 configura\u00e7\u00e3o do seu plano, garantindo que se mant\u00e9m ligado desde o primeiro dia em Portugal.<\/p>\t\t\t\t\t\t\t\t<\/div>\n\t\t\t\t<\/div>\n\t\t\t\t\t<\/div>\n\t\t<\/div>\n\t\t\t\t\t<\/div>\n\t\t<\/section>\n\t\t\t\t<\/div>","protected":false},"excerpt":{"rendered":"<p>Quando se muda para Portugal ou passa um per\u00edodo prolongado neste belo pa\u00eds, manter-se ligado \u00e9 uma prioridade m\u00e1xima. <\/p>","protected":false},"author":2,"featured_media":9029,"comment_status":"closed","ping_status":"closed","sticky":false,"template":"elementor_header_footer","format":"standard","meta":{"_jetpack_memberships_contains_paid_content":false,"footnotes":""},"categories":[67,147,60,61,68],"tags":[72,164,70,92,142,71,69],"class_list":["post-9020","post","type-post","status-publish","format-standard","has-post-thumbnail","hentry","category-citizenship","category-cultural-activities","category-europe","category-portugal","category-relocations-io","tag-citizenship","tag-mobile-networks","tag-moving-to-europe","tag-portugal","tag-relocate","tag-relocations","tag-relocations-io-blog"],"jetpack_featured_media_url":"https:\/\/i0.wp.com\/relocations.io\/wp-content\/uploads\/2024\/08\/banner-ofc.jpg?fit=1920%2C960&ssl=1","jetpack-related-posts":[{"id":7427,"url":"https:\/\/relocations.io\/pt\/o-seu-guia-para-a-obtencao-de-vistos-e-cidadania-em-portugal-navegando-no-seu-caminho-para-uma-nova-vida\/","url_meta":{"origin":9020,"position":0},"title":"O seu guia sobre requisitos de visto e cidadania em Portugal: Navegar no seu caminho para uma nova vida","author":"Relocations.io","date":"Junho 1, 2024","format":false,"excerpt":"Descubra os passos essenciais para se mudar para Portugal, desde os requisitos de visto at\u00e9 aos procedimentos de cidadania. O nosso guia simplifica o processo, garantindo uma transi\u00e7\u00e3o suave para a sua nova vida neste pa\u00eds cativante.","rel":"","context":"In &quot;Europe&quot;","block_context":{"text":"Europe","link":"https:\/\/relocations.io\/pt\/categoria\/europa-2\/"},"img":{"alt_text":"","src":"https:\/\/i0.wp.com\/relocations.io\/wp-content\/uploads\/2022\/11\/41.jpg?fit=1200%2C675&ssl=1&resize=350%2C200","width":350,"height":200,"srcset":"https:\/\/i0.wp.com\/relocations.io\/wp-content\/uploads\/2022\/11\/41.jpg?fit=1200%2C675&ssl=1&resize=350%2C200 1x, https:\/\/i0.wp.com\/relocations.io\/wp-content\/uploads\/2022\/11\/41.jpg?fit=1200%2C675&ssl=1&resize=525%2C300 1.5x, https:\/\/i0.wp.com\/relocations.io\/wp-content\/uploads\/2022\/11\/41.jpg?fit=1200%2C675&ssl=1&resize=700%2C400 2x, https:\/\/i0.wp.com\/relocations.io\/wp-content\/uploads\/2022\/11\/41.jpg?fit=1200%2C675&ssl=1&resize=1050%2C600 3x"},"classes":[]},{"id":8832,"url":"https:\/\/relocations.io\/pt\/visto-de-candidato-a-emprego-em-portugal\/","url_meta":{"origin":9020,"position":1},"title":"Visto de candidato a emprego em Portugal: A sua porta de entrada para trabalhar em Portugal","author":"Relocations.io","date":"Agosto 16, 2024","format":false,"excerpt":"Discover how to navigate the Portugal Job Seeker Visa process, including eligibility, application steps, and key benefits. Learn how relocations.io can streamline your job search and relocation to Portugal, providing expert guidance on visa applications, document preparation, and local job markets. Get valuable insights on making a smooth transition to\u2026","rel":"","context":"In &quot;Citizenship&quot;","block_context":{"text":"Citizenship","link":"https:\/\/relocations.io\/pt\/categoria\/europa-2\/cidadania\/"},"img":{"alt_text":"","src":"https:\/\/i0.wp.com\/relocations.io\/wp-content\/uploads\/2024\/08\/6-3.jpg?fit=1200%2C600&ssl=1&resize=350%2C200","width":350,"height":200,"srcset":"https:\/\/i0.wp.com\/relocations.io\/wp-content\/uploads\/2024\/08\/6-3.jpg?fit=1200%2C600&ssl=1&resize=350%2C200 1x, https:\/\/i0.wp.com\/relocations.io\/wp-content\/uploads\/2024\/08\/6-3.jpg?fit=1200%2C600&ssl=1&resize=525%2C300 1.5x, https:\/\/i0.wp.com\/relocations.io\/wp-content\/uploads\/2024\/08\/6-3.jpg?fit=1200%2C600&ssl=1&resize=700%2C400 2x, https:\/\/i0.wp.com\/relocations.io\/wp-content\/uploads\/2024\/08\/6-3.jpg?fit=1200%2C600&ssl=1&resize=1050%2C600 3x"},"classes":[]},{"id":7406,"url":"https:\/\/relocations.io\/pt\/os-brasileiros-que-se-mudam-para-portugal-abracam-novas-oportunidades-numa-historia-comum\/","url_meta":{"origin":9020,"position":2},"title":"Brasileiros a mudarem-se para Portugal: Abra\u00e7ar Novas Oportunidades numa Hist\u00f3ria Partilhada","author":"Relocations.io","date":"Julho 1, 2023","format":false,"excerpt":"Explore os la\u00e7os hist\u00f3ricos entre o Brasil e Portugal \u00e0 medida que os brasileiros procuram novas oportunidades na terra do seu passado colonial. Com uma l\u00edngua comum e afinidade cultural, Portugal oferece um ambiente acolhedor para os brasileiros prosperarem em diversos sectores, desde a tecnologia ao turismo.","rel":"","context":"In &quot;Europe&quot;","block_context":{"text":"Europe","link":"https:\/\/relocations.io\/pt\/categoria\/europa-2\/"},"img":{"alt_text":"","src":"https:\/\/i0.wp.com\/relocations.io\/wp-content\/uploads\/2022\/11\/36.jpg?fit=1200%2C675&ssl=1&resize=350%2C200","width":350,"height":200,"srcset":"https:\/\/i0.wp.com\/relocations.io\/wp-content\/uploads\/2022\/11\/36.jpg?fit=1200%2C675&ssl=1&resize=350%2C200 1x, https:\/\/i0.wp.com\/relocations.io\/wp-content\/uploads\/2022\/11\/36.jpg?fit=1200%2C675&ssl=1&resize=525%2C300 1.5x, https:\/\/i0.wp.com\/relocations.io\/wp-content\/uploads\/2022\/11\/36.jpg?fit=1200%2C675&ssl=1&resize=700%2C400 2x, https:\/\/i0.wp.com\/relocations.io\/wp-content\/uploads\/2022\/11\/36.jpg?fit=1200%2C675&ssl=1&resize=1050%2C600 3x"},"classes":[]},{"id":8847,"url":"https:\/\/relocations.io\/pt\/fim-da-manifestacao-de-intencao-de-portugal\/","url_meta":{"origin":9020,"position":3},"title":"Fim da Manifesta\u00e7\u00e3o de Inten\u00e7\u00e3o de Portugal: Novas regras de imigra\u00e7\u00e3o explicadas","author":"Relocations.io","date":"Junho 6, 2024","format":false,"excerpt":"The recent changes to Portugal's immigration process mark a significant shift. The government has ended the Expression of Interest (EOI) process, a move that affects those planning to relocate to Portugal. This update aims to improve the efficiency and effectiveness of the immigration system.","rel":"","context":"In &quot;Citizenship&quot;","block_context":{"text":"Citizenship","link":"https:\/\/relocations.io\/pt\/categoria\/europa-2\/cidadania\/"},"img":{"alt_text":"","src":"https:\/\/i0.wp.com\/relocations.io\/wp-content\/uploads\/2024\/06\/intention.jpg?fit=1200%2C600&ssl=1&resize=350%2C200","width":350,"height":200,"srcset":"https:\/\/i0.wp.com\/relocations.io\/wp-content\/uploads\/2024\/06\/intention.jpg?fit=1200%2C600&ssl=1&resize=350%2C200 1x, https:\/\/i0.wp.com\/relocations.io\/wp-content\/uploads\/2024\/06\/intention.jpg?fit=1200%2C600&ssl=1&resize=525%2C300 1.5x, https:\/\/i0.wp.com\/relocations.io\/wp-content\/uploads\/2024\/06\/intention.jpg?fit=1200%2C600&ssl=1&resize=700%2C400 2x, https:\/\/i0.wp.com\/relocations.io\/wp-content\/uploads\/2024\/06\/intention.jpg?fit=1200%2C600&ssl=1&resize=1050%2C600 3x"},"classes":[]},{"id":7845,"url":"https:\/\/relocations.io\/pt\/mudanca-do-canada-para-portugal-um-guia-completo\/","url_meta":{"origin":9020,"position":4},"title":"Mudan\u00e7a do Canad\u00e1 para Portugal: Um guia completo","author":"Relocations.io","date":"Janeiro 2, 2024","format":false,"excerpt":"Mudar do Canad\u00e1 para Portugal pode ser uma viagem enriquecedora e satisfat\u00f3ria. As vantagens fiscais \u00fanicas, a elevada qualidade de vida e a cultura acolhedora de Portugal tornam-no um destino apelativo para os canadianos que procuram um novo come\u00e7o.","rel":"","context":"In &quot;Europe&quot;","block_context":{"text":"Europe","link":"https:\/\/relocations.io\/pt\/categoria\/europa-2\/"},"img":{"alt_text":"","src":"https:\/\/i0.wp.com\/relocations.io\/wp-content\/uploads\/2024\/01\/Moving-Canada-To-Portugal.jpg?fit=1200%2C675&ssl=1&resize=350%2C200","width":350,"height":200,"srcset":"https:\/\/i0.wp.com\/relocations.io\/wp-content\/uploads\/2024\/01\/Moving-Canada-To-Portugal.jpg?fit=1200%2C675&ssl=1&resize=350%2C200 1x, https:\/\/i0.wp.com\/relocations.io\/wp-content\/uploads\/2024\/01\/Moving-Canada-To-Portugal.jpg?fit=1200%2C675&ssl=1&resize=525%2C300 1.5x, https:\/\/i0.wp.com\/relocations.io\/wp-content\/uploads\/2024\/01\/Moving-Canada-To-Portugal.jpg?fit=1200%2C675&ssl=1&resize=700%2C400 2x, https:\/\/i0.wp.com\/relocations.io\/wp-content\/uploads\/2024\/01\/Moving-Canada-To-Portugal.jpg?fit=1200%2C675&ssl=1&resize=1050%2C600 3x"},"classes":[]},{"id":9038,"url":"https:\/\/relocations.io\/pt\/novos-voos-diretos-de-montreal-para-o-porto\/","url_meta":{"origin":9020,"position":5},"title":"Novos voos diretos para o Canad\u00e1 impulsionam o turismo entre Portugal e o Canad\u00e1","author":"Relocations.io","date":"Agosto 27, 2024","format":false,"excerpt":"A new direct flight route by Air Canada connecting Montreal, Canada, and Porto, Portugal. This service offers a convenient travel option for tourists and the Portuguese community in Canada. It highlights the benefits of the direct flight, including saving time and enhancing travel comfort, and also promotes Porto as an\u2026","rel":"","context":"In &quot;Canada&quot;","block_context":{"text":"Canada","link":"https:\/\/relocations.io\/pt\/categoria\/canada\/"},"img":{"alt_text":"","src":"https:\/\/i0.wp.com\/relocations.io\/wp-content\/uploads\/2024\/08\/New-Flights.jpg?fit=1200%2C600&ssl=1&resize=350%2C200","width":350,"height":200,"srcset":"https:\/\/i0.wp.com\/relocations.io\/wp-content\/uploads\/2024\/08\/New-Flights.jpg?fit=1200%2C600&ssl=1&resize=350%2C200 1x, https:\/\/i0.wp.com\/relocations.io\/wp-content\/uploads\/2024\/08\/New-Flights.jpg?fit=1200%2C600&ssl=1&resize=525%2C300 1.5x, https:\/\/i0.wp.com\/relocations.io\/wp-content\/uploads\/2024\/08\/New-Flights.jpg?fit=1200%2C600&ssl=1&resize=700%2C400 2x, https:\/\/i0.wp.com\/relocations.io\/wp-content\/uploads\/2024\/08\/New-Flights.jpg?fit=1200%2C600&ssl=1&resize=1050%2C600 3x"},"classes":[]}],"jetpack_sharing_enabled":true,"_links":{"self":[{"href":"https:\/\/relocations.io\/pt\/wp-json\/wp\/v2\/posts\/9020","targetHints":{"allow":["GET"]}}],"collection":[{"href":"https:\/\/relocations.io\/pt\/wp-json\/wp\/v2\/posts"}],"about":[{"href":"https:\/\/relocations.io\/pt\/wp-json\/wp\/v2\/types\/post"}],"author":[{"embeddable":true,"href":"https:\/\/relocations.io\/pt\/wp-json\/wp\/v2\/users\/2"}],"replies":[{"embeddable":true,"href":"https:\/\/relocations.io\/pt\/wp-json\/wp\/v2\/comments?post=9020"}],"version-history":[{"count":0,"href":"https:\/\/relocations.io\/pt\/wp-json\/wp\/v2\/posts\/9020\/revisions"}],"wp:featuredmedia":[{"embeddable":true,"href":"https:\/\/relocations.io\/pt\/wp-json\/wp\/v2\/media\/9029"}],"wp:attachment":[{"href":"https:\/\/relocations.io\/pt\/wp-json\/wp\/v2\/media?parent=9020"}],"wp:term":[{"taxonomy":"category","embeddable":true,"href":"https:\/\/relocations.io\/pt\/wp-json\/wp\/v2\/categories?post=9020"},{"taxonomy":"post_tag","embeddable":true,"href":"https:\/\/relocations.io\/pt\/wp-json\/wp\/v2\/tags?post=9020"}],"curies":[{"name":"wp","href":"https:\/\/api.w.org\/{rel}","templated":true}]}}