{"id":8816,"date":"2024-08-26T10:00:00","date_gmt":"2024-08-26T09:00:00","guid":{"rendered":"https:\/\/relocations.io\/?p=8816"},"modified":"2024-09-06T11:15:53","modified_gmt":"2024-09-06T10:15:53","slug":"portugal-abalado-por-um-terramoto-de-magnitude-5-3-tremor-recente-e-contexto-historico","status":"publish","type":"post","link":"https:\/\/relocations.io\/pt\/portugal-abalado-por-um-terramoto-de-magnitude-5-3-tremor-recente-e-contexto-historico\/","title":{"rendered":"Portugal abalado por um terramoto de magnitude 5,3: Tremor recente e contexto hist\u00f3rico"},"content":{"rendered":"<div data-elementor-type=\"wp-post\" data-elementor-id=\"8816\" class=\"elementor elementor-8816\" data-elementor-settings=\"{&quot;ha_cmc_init_switcher&quot;:&quot;no&quot;}\" data-elementor-post-type=\"post\">\n\t\t\t\t<div class=\"elementor-element elementor-element-35614018 e-flex e-con-boxed e-con e-parent\" data-id=\"35614018\" data-element_type=\"container\" data-settings=\"{&quot;_ha_eqh_enable&quot;:false}\">\n\t\t\t\t\t<div class=\"e-con-inner\">\n\t\t\t\t<div class=\"elementor-element elementor-element-34602e0 elementor-widget elementor-widget-heading\" data-id=\"34602e0\" data-element_type=\"widget\" data-widget_type=\"heading.default\">\n\t\t\t\t<div class=\"elementor-widget-container\">\n\t\t\t\t\t<h2 class=\"elementor-heading-title elementor-size-default\">Sismo de 5,3 graus sentido em v\u00e1rias cidades de Portugal<\/h2>\t\t\t\t<\/div>\n\t\t\t\t<\/div>\n\t\t\t\t<div class=\"elementor-element elementor-element-75f9745c elementor-widget elementor-widget-text-editor\" data-id=\"75f9745c\" data-element_type=\"widget\" data-widget_type=\"text-editor.default\">\n\t\t\t\t<div class=\"elementor-widget-container\">\n\t\t\t\t\t\t\t\t\t\n<p>Esta manh\u00e3, \u00e0s 5h11, um sismo de magnitude 5,3 na escala de Richter atingiu a costa de Sines, em Portugal. O Instituto Portugu\u00eas do Mar e da Atmosfera (<a href=\"https:\/\/www.ipma.pt\/pt\/media\/noticias\/news.detail.jsp?f=\/pt\/media\/noticias\/textos\/noticia_sismo_agosto.html\">IPMA<\/a>) confirmou que o epicentro estava localizado 58 quil\u00f3metros a oeste de Sines, a uma profundidade de 10,7 quil\u00f3metros. Esta informa\u00e7\u00e3o foi ainda apoiada pelo Servi\u00e7o Geol\u00f3gico dos Estados Unidos (USGS), que reviu ligeiramente a magnitude para 5,4. O Centro Sismol\u00f3gico Euro-Mediterr\u00e2nico (EMSC) registou inicialmente o sismo como um evento de magnitude 5,1 a uma profundidade de cinco quil\u00f3metros.<br \/><br \/><\/p>\n<div class=\"wp-block-image\">\n<figure class=\"aligncenter size-large\"><img fetchpriority=\"high\" decoding=\"async\" data-recalc-dims=\"1\" height=\"768\" width=\"1024\" class=\"wp-image-8820\" src=\"https:\/\/i0.wp.com\/relocations.io\/wp-content\/uploads\/2024\/08\/IMG_6277.png?resize=1024%2C768&#038;ssl=1\" alt=\"Esta manh\u00e3, \u00e0s 5h11, um sismo de magnitude 5,3 na escala de Richter atingiu a costa de Sines, Portugal. O Instituto Portugu\u00eas do Mar e da Atmosfera (IPMA) confirmou que o epicentro se localizou a 58 quil\u00f3metros a oeste de Sines, a uma profundidade de 10,7 quil\u00f3metros. Esta informa\u00e7\u00e3o foi ainda apoiada pelo Servi\u00e7o Geol\u00f3gico dos Estados Unidos (USGS), que reviu ligeiramente a magnitude para 5,4. O Centro Sismol\u00f3gico Euro-Mediterr\u00e2nico\" srcset=\"https:\/\/i0.wp.com\/relocations.io\/wp-content\/uploads\/2024\/08\/IMG_6277.png?w=1200&amp;ssl=1 1200w, https:\/\/i0.wp.com\/relocations.io\/wp-content\/uploads\/2024\/08\/IMG_6277.png?resize=300%2C225&amp;ssl=1 300w, https:\/\/i0.wp.com\/relocations.io\/wp-content\/uploads\/2024\/08\/IMG_6277.png?resize=1024%2C768&amp;ssl=1 1024w, https:\/\/i0.wp.com\/relocations.io\/wp-content\/uploads\/2024\/08\/IMG_6277.png?resize=768%2C576&amp;ssl=1 768w, https:\/\/i0.wp.com\/relocations.io\/wp-content\/uploads\/2024\/08\/IMG_6277.png?resize=16%2C12&amp;ssl=1 16w, https:\/\/i0.wp.com\/relocations.io\/wp-content\/uploads\/2024\/08\/IMG_6277.png?resize=560%2C420&amp;ssl=1 560w, https:\/\/i0.wp.com\/relocations.io\/wp-content\/uploads\/2024\/08\/IMG_6277.png?resize=900%2C675&amp;ssl=1 900w, https:\/\/i0.wp.com\/relocations.io\/wp-content\/uploads\/2024\/08\/IMG_6277.png?resize=50%2C38&amp;ssl=1 50w, https:\/\/i0.wp.com\/relocations.io\/wp-content\/uploads\/2024\/08\/IMG_6277.png?resize=100%2C75&amp;ssl=1 100w, https:\/\/i0.wp.com\/relocations.io\/wp-content\/uploads\/2024\/08\/IMG_6277.png?resize=600%2C450&amp;ssl=1 600w\" sizes=\"(max-width: 1024px) 100vw, 1024px\" \/><\/figure>\n<\/div>\n<p><br \/><br \/>O tremor foi sentido de forma generalizada, com relatos que indicam que foi percet\u00edvel em toda a <a href=\"https:\/\/relocations.io\/savoring-lisbon-a-culinary-journey\/\">Lisboa<\/a> A regi\u00e3o metropolitana de Lisboa, incluindo a pr\u00f3pria capital, e o distrito de Set\u00fabal. Al\u00e9m disso, residentes em partes de Espanha e Marrocos tamb\u00e9m relataram ter sentido o tremor. De acordo com o IPMA, a intensidade m\u00e1xima atingiu IV\/V na escala de Intensidade de Mercalli Modificada, que classifica o abalo como moderado a forte. At\u00e9 ao momento, foram registadas quatro r\u00e9plicas.<\/p>\n\n<p>Felizmente, o IPMA informou que n\u00e3o houve v\u00edtimas nem danos significativos resultantes do sismo. Os abalos na regi\u00e3o de Sines foram mais intensos, tendo sido sentidos de forma mais ligeira em Lisboa e Set\u00fabal. De acordo com o IPMA, um n\u00edvel de intensidade IV na escala de Mercalli pode provocar vibra\u00e7\u00f5es semelhantes \u00e0s do tr\u00e2nsito intenso, com janelas, portas e loi\u00e7a a abanar. Com n\u00edveis de intensidade mais elevados, as paredes e estruturas de madeira podem ranger e os carros estacionados podem balan\u00e7ar.<\/p>\n\n<p>Determinar a localiza\u00e7\u00e3o exacta do epicentro de um terramoto \u00e9 um processo complexo, que envolve c\u00e1lculos f\u00edsicos e matem\u00e1ticos intrincados. V\u00e1rias ag\u00eancias fornecem frequentemente resultados ligeiramente diferentes e as estimativas preliminares s\u00e3o frequentemente actualizadas \u00e0 medida que mais dados ficam dispon\u00edveis.<\/p>\n\n<h4 id=\"h-historical-context-past-major-earthquakes-in-the-region\" class=\"wp-block-heading\">Contexto hist\u00f3rico: Grandes terramotos anteriores na regi\u00e3o<\/h4>\n\n<p>Este acontecimento recente traz-nos \u00e0 mem\u00f3ria os grandes sismos que ocorreram na hist\u00f3ria de Portugal. Em 1969, o pa\u00eds registou o sismo mais forte do s\u00e9culo XX, com uma magnitude de 7,9 na escala de Richter. O epicentro localizou-se a 200 quil\u00f3metros a sudoeste de Sagres e o abalo foi sentido com maior intensidade nas regi\u00f5es de Vila do Bispo, Portim\u00e3o e Aljezur, no sul do pa\u00eds. Tragicamente, 13 pessoas perderam a vida.<\/p>\n\n<p>Recuando mais no tempo, Lisboa foi quase destru\u00edda por um terramoto catastr\u00f3fico em 1755. Com uma magnitude estimada superior a 8 na escala de Richter, o terramoto foi seguido de um enorme tsunami, que poder\u00e1 atingir 20 metros de altura, e de inc\u00eandios devastadores. Embora o n\u00famero exato de mortos seja desconhecido, acredita-se que tenham morrido pelo menos 30.000 pessoas. Esta cat\u00e1strofe ocorreu numa altura em que Lisboa era um centro comercial e pol\u00edtico vital na Europa.<br \/><br \/><\/p>\n<div class=\"wp-block-image\">\n<figure class=\"aligncenter size-full\"><img decoding=\"async\" width=\"888\" height=\"536\" data-recalc-dims=\"1\" class=\"wp-image-8817\" src=\"https:\/\/i0.wp.com\/relocations.io\/wp-content\/uploads\/2024\/08\/35520581-ch-rio-de-janeiro-rj-17-03-2011-terremoto-de-lisboa.-foto-reproducao.jpg.webp?w=1080&#038;ssl=1\" alt=\"Lisboa foi quase destru\u00edda por um terramoto catastr\u00f3fico em 1755. Com uma magnitude estimada superior a 8 na escala de Richter, o terramoto foi seguido de um enorme tsunami, que poder\u00e1 atingir 20 metros de altura, e de inc\u00eandios devastadores.\" srcset=\"https:\/\/i0.wp.com\/relocations.io\/wp-content\/uploads\/2024\/08\/35520581-ch-rio-de-janeiro-rj-17-03-2011-terremoto-de-lisboa.-foto-reproducao.jpg.webp?w=888&amp;ssl=1 888w, https:\/\/i0.wp.com\/relocations.io\/wp-content\/uploads\/2024\/08\/35520581-ch-rio-de-janeiro-rj-17-03-2011-terremoto-de-lisboa.-foto-reproducao.jpg.webp?resize=300%2C181&amp;ssl=1 300w, https:\/\/i0.wp.com\/relocations.io\/wp-content\/uploads\/2024\/08\/35520581-ch-rio-de-janeiro-rj-17-03-2011-terremoto-de-lisboa.-foto-reproducao.jpg.webp?resize=768%2C464&amp;ssl=1 768w, https:\/\/i0.wp.com\/relocations.io\/wp-content\/uploads\/2024\/08\/35520581-ch-rio-de-janeiro-rj-17-03-2011-terremoto-de-lisboa.-foto-reproducao.jpg.webp?resize=18%2C12&amp;ssl=1 18w, https:\/\/i0.wp.com\/relocations.io\/wp-content\/uploads\/2024\/08\/35520581-ch-rio-de-janeiro-rj-17-03-2011-terremoto-de-lisboa.-foto-reproducao.jpg.webp?resize=50%2C30&amp;ssl=1 50w, https:\/\/i0.wp.com\/relocations.io\/wp-content\/uploads\/2024\/08\/35520581-ch-rio-de-janeiro-rj-17-03-2011-terremoto-de-lisboa.-foto-reproducao.jpg.webp?resize=100%2C60&amp;ssl=1 100w, https:\/\/i0.wp.com\/relocations.io\/wp-content\/uploads\/2024\/08\/35520581-ch-rio-de-janeiro-rj-17-03-2011-terremoto-de-lisboa.-foto-reproducao.jpg.webp?resize=600%2C362&amp;ssl=1 600w\" sizes=\"(max-width: 888px) 100vw, 888px\" \/><\/figure>\n<\/div>\n<p><br \/><br \/>As consequ\u00eancias do terramoto de 1755 tiveram efeitos de grande alcance, tanto a n\u00edvel f\u00edsico como filos\u00f3fico. O Marqu\u00eas de Pombal, ent\u00e3o Primeiro-Ministro de Portugal, liderou os esfor\u00e7os de reconstru\u00e7\u00e3o, introduzindo novos regulamentos de constru\u00e7\u00e3o destinados a resistir a futuros terramotos e implementando reformas urbanas que moldaram a Lisboa moderna. O terramoto tamb\u00e9m influenciou o pensamento europeu, com fil\u00f3sofos como Voltaire e Rousseau a contemplarem a natureza de tais trag\u00e9dias e as respostas sociais \u00e0s mesmas.<\/p>\n\n<h4 id=\"h-earthquake-safety-what-to-do-before-during-and-after-a-quake\" class=\"wp-block-heading\">Seguran\u00e7a contra terramotos: O que fazer antes, durante e depois de um terramoto<\/h4>\n\n<p>A prepara\u00e7\u00e3o para um terramoto pode fazer toda a diferen\u00e7a quando este ocorre. Aqui est\u00e1 um guia completo para o ajudar a manter-se seguro antes, durante e depois de um sismo.<\/p>\n\n<h4 id=\"h-how-to-prepare-before-an-earthquake\" class=\"wp-block-heading\">Como se preparar antes de um terramoto:<\/h4>\n\n<ol class=\"wp-block-list\">\n<li><strong>Conhe\u00e7a o seu edif\u00edcio:<\/strong>\u00a0Familiarize-se com as sa\u00eddas de emerg\u00eancia do seu edif\u00edcio. Saiba onde est\u00e3o localizadas e como chegar rapidamente a elas em caso de emerg\u00eancia.<\/li>\n\n<li><strong>Proteja a sua casa:<\/strong>\u00a0Evite colocar espelhos ou molduras pesadas por cima de camas ou de locais onde possa procurar abrigo. Fixe os m\u00f3veis pesados, os arm\u00e1rios e as estantes \u00e0s paredes, ao ch\u00e3o ou ao teto para evitar que tombem.<\/li>\n\n<li><strong>Manter os caminhos desimpedidos:<\/strong>\u00a0Assegurar que os corredores e as sa\u00eddas est\u00e3o desobstru\u00eddos para permitir uma evacua\u00e7\u00e3o r\u00e1pida e segura, se necess\u00e1rio.<\/li>\n\n<li><strong>Criar um kit de emerg\u00eancia:<\/strong>\u00a0Monte um kit com artigos essenciais, como material de primeiros socorros, uma lanterna, \u00e1gua e alimentos n\u00e3o perec\u00edveis. Mantenha-o facilmente acess\u00edvel.<\/li>\n<\/ol>\n\n<h4 id=\"h-what-to-do-during-an-earthquake\" class=\"wp-block-heading\">O que fazer durante um terramoto:<\/h4>\n\n<ol class=\"wp-block-list\">\n<li><strong>Manter a calma:<\/strong>\u00a0O p\u00e2nico pode levar a uma m\u00e1 tomada de decis\u00f5es. Tente manter-se o mais calmo poss\u00edvel.<\/li>\n\n<li><strong>Evitar perigos:<\/strong>\u00a0Afaste-se de janelas, espelhos e quaisquer m\u00f3veis ou objectos n\u00e3o seguros que possam cair.<\/li>\n\n<li><strong>Encontrar um abrigo:<\/strong>\u00a0Abrigue-se num local seguro, por exemplo, debaixo de uma mesa ou cama resistente, ou junto a uma parede interior, especialmente perto de pilares estruturais.<\/li>\n\n<li><strong>N\u00e3o se apressem a sair:<\/strong>\u00a0Se estiver dentro de casa, n\u00e3o se precipite para a sa\u00edda, especialmente em espa\u00e7os com muita gente. \u00c9 mais seguro ficar dentro de casa at\u00e9 que o tremor pare.<\/li>\n\n<li><strong>Evitar os elevadores:<\/strong>\u00a0Nunca utilize os elevadores durante um terramoto, uma vez que as falhas de energia ou os danos podem apanh\u00e1-lo.<\/li>\n\n<li><strong>Conservar a energia:<\/strong>\u00a0Limitar o esfor\u00e7o f\u00edsico para poupar energia para ac\u00e7\u00f5es cr\u00edticas.<\/li>\n\n<li><strong>Proteja a sua cabe\u00e7a:<\/strong>\u00a0Deite-se no ch\u00e3o e cubra a cabe\u00e7a e o pesco\u00e7o para se proteger dos detritos que caem.<\/li>\n\n<li><strong>Parar a maquinaria:<\/strong>\u00a0Se estiver perto de qualquer m\u00e1quina ou equipamento pesado, pare-o imediatamente e afaste-se dele.<\/li>\n\n<li><strong>Utilizar os telem\u00f3veis com modera\u00e7\u00e3o:<\/strong>\u00a0Utilize o telem\u00f3vel apenas em caso de emerg\u00eancia para evitar sobrecarregar as redes de comunica\u00e7\u00e3o.<\/li>\n<\/ol>\n\n<h4 id=\"h-what-to-do-after-an-earthquake\" class=\"wp-block-heading\">O que fazer depois de um terramoto:<\/h4>\n\n<ol class=\"wp-block-list\">\n<li><strong>Evitar fontes de igni\u00e7\u00e3o:<\/strong>\u00a0N\u00e3o utilizar isqueiros ou f\u00f3sforos, pois pode haver uma fuga de g\u00e1s.<\/li>\n\n<li><strong>Desligar os utilit\u00e1rios:<\/strong>\u00a0Por precau\u00e7\u00e3o, desligue a \u00e1gua, a eletricidade e o g\u00e1s da sua casa.<\/li>\n\n<li><strong>Mantenha um extintor de inc\u00eandio por perto:<\/strong>\u00a0Ter um extintor de inc\u00eandio ao alcance da m\u00e3o em caso de inc\u00eandio.<\/li>\n\n<li><strong>Verifica\u00e7\u00e3o de danos:<\/strong>\u00a0Se suspeitar de danos estruturais no seu edif\u00edcio ou se algu\u00e9m ficar ferido, contacte imediatamente as autoridades.<\/li>\n\n<li><strong>Mantenha-se seguro ao ar livre:<\/strong>\u00a0Se estiver no exterior, afaste-se dos edif\u00edcios e mantenha uma dist\u00e2ncia de seguran\u00e7a em rela\u00e7\u00e3o a eles.<\/li>\n\n<li><strong>Evitar massas de \u00e1gua:<\/strong>\u00a0N\u00e3o se aproxime do mar ou de rios, pois pode haver risco de tsunami ou outros perigos relacionados com a \u00e1gua.<\/li>\n\n<li><strong>Cuidado com os riscos el\u00e9ctricos:<\/strong>\u00a0Mantenha-se afastado dos cabos el\u00e9ctricos e tenha cuidado com os fios expostos.<\/li>\n\n<li><strong>Mudar para a rede 2G:<\/strong>\u00a0Se tiver problemas em fazer chamadas ou enviar mensagens, tente mudar o seu telem\u00f3vel para 2G para aumentar as suas hip\u00f3teses de liga\u00e7\u00e3o.<\/li>\n<\/ol>\n\n<p>Se seguir estes passos, pode reduzir significativamente os riscos associados a um sismo e garantir a sua seguran\u00e7a e a dos seus familiares.<\/p>\n\t\t\t\t\t\t\t\t<\/div>\n\t\t\t\t<\/div>\n\t\t\t\t\t<\/div>\n\t\t\t\t<\/div>\n\t\t\t\t<\/div>","protected":false},"excerpt":{"rendered":"<p>Um recente terramoto de magnitude 5,3 que atingiu Portugal, com impacto espec\u00edfico na regi\u00e3o perto de \u00c9vora. O artigo fornece pormenores sobre os efeitos do terramoto, incluindo pequenos danos e a resposta das autoridades locais. O artigo oferece tamb\u00e9m um contexto hist\u00f3rico, mencionando terramotos significativos ocorridos no passado em Portugal, como o devastador terramoto de 1755 em Lisboa. Al\u00e9m disso, aborda as vulnerabilidades geol\u00f3gicas de Portugal e a import\u00e2ncia da prepara\u00e7\u00e3o para futuros eventos s\u00edsmicos.<\/p>","protected":false},"author":2,"featured_media":8825,"comment_status":"closed","ping_status":"closed","sticky":false,"template":"","format":"standard","meta":{"_jetpack_memberships_contains_paid_content":false,"footnotes":""},"categories":[60,61,68],"tags":[70,160,92,142,71],"class_list":["post-8816","post","type-post","status-publish","format-standard","has-post-thumbnail","hentry","category-europe","category-portugal","category-relocations-io","tag-moving-to-europe","tag-news-from-portugal","tag-portugal","tag-relocate","tag-relocations"],"jetpack_featured_media_url":"https:\/\/i0.wp.com\/relocations.io\/wp-content\/uploads\/2024\/08\/Earthquake.jpg?fit=1920%2C960&ssl=1","jetpack-related-posts":[{"id":7406,"url":"https:\/\/relocations.io\/pt\/os-brasileiros-que-se-mudam-para-portugal-abracam-novas-oportunidades-numa-historia-comum\/","url_meta":{"origin":8816,"position":0},"title":"Brasileiros a mudarem-se para Portugal: Abra\u00e7ar Novas Oportunidades numa Hist\u00f3ria Partilhada","author":"Relocations.io","date":"Julho 1, 2023","format":false,"excerpt":"Explore os la\u00e7os hist\u00f3ricos entre o Brasil e Portugal \u00e0 medida que os brasileiros procuram novas oportunidades na terra do seu passado colonial. Com uma l\u00edngua comum e afinidade cultural, Portugal oferece um ambiente acolhedor para os brasileiros prosperarem em diversos sectores, desde a tecnologia ao turismo.","rel":"","context":"In &quot;Europe&quot;","block_context":{"text":"Europe","link":"https:\/\/relocations.io\/pt\/categoria\/europa-2\/"},"img":{"alt_text":"","src":"https:\/\/i0.wp.com\/relocations.io\/wp-content\/uploads\/2022\/11\/36.jpg?fit=1200%2C675&ssl=1&resize=350%2C200","width":350,"height":200,"srcset":"https:\/\/i0.wp.com\/relocations.io\/wp-content\/uploads\/2022\/11\/36.jpg?fit=1200%2C675&ssl=1&resize=350%2C200 1x, https:\/\/i0.wp.com\/relocations.io\/wp-content\/uploads\/2022\/11\/36.jpg?fit=1200%2C675&ssl=1&resize=525%2C300 1.5x, https:\/\/i0.wp.com\/relocations.io\/wp-content\/uploads\/2022\/11\/36.jpg?fit=1200%2C675&ssl=1&resize=700%2C400 2x, https:\/\/i0.wp.com\/relocations.io\/wp-content\/uploads\/2022\/11\/36.jpg?fit=1200%2C675&ssl=1&resize=1050%2C600 3x"},"classes":[]},{"id":9038,"url":"https:\/\/relocations.io\/pt\/novos-voos-diretos-de-montreal-para-o-porto\/","url_meta":{"origin":8816,"position":1},"title":"Novos voos diretos para o Canad\u00e1 impulsionam o turismo entre Portugal e o Canad\u00e1","author":"Relocations.io","date":"Agosto 27, 2024","format":false,"excerpt":"A new direct flight route by Air Canada connecting Montreal, Canada, and Porto, Portugal. This service offers a convenient travel option for tourists and the Portuguese community in Canada. It highlights the benefits of the direct flight, including saving time and enhancing travel comfort, and also promotes Porto as an\u2026","rel":"","context":"In &quot;Canada&quot;","block_context":{"text":"Canada","link":"https:\/\/relocations.io\/pt\/categoria\/canada\/"},"img":{"alt_text":"","src":"https:\/\/i0.wp.com\/relocations.io\/wp-content\/uploads\/2024\/08\/New-Flights.jpg?fit=1200%2C600&ssl=1&resize=350%2C200","width":350,"height":200,"srcset":"https:\/\/i0.wp.com\/relocations.io\/wp-content\/uploads\/2024\/08\/New-Flights.jpg?fit=1200%2C600&ssl=1&resize=350%2C200 1x, https:\/\/i0.wp.com\/relocations.io\/wp-content\/uploads\/2024\/08\/New-Flights.jpg?fit=1200%2C600&ssl=1&resize=525%2C300 1.5x, https:\/\/i0.wp.com\/relocations.io\/wp-content\/uploads\/2024\/08\/New-Flights.jpg?fit=1200%2C600&ssl=1&resize=700%2C400 2x, https:\/\/i0.wp.com\/relocations.io\/wp-content\/uploads\/2024\/08\/New-Flights.jpg?fit=1200%2C600&ssl=1&resize=1050%2C600 3x"},"classes":[]},{"id":7427,"url":"https:\/\/relocations.io\/pt\/o-seu-guia-para-a-obtencao-de-vistos-e-cidadania-em-portugal-navegando-no-seu-caminho-para-uma-nova-vida\/","url_meta":{"origin":8816,"position":2},"title":"O seu guia sobre requisitos de visto e cidadania em Portugal: Navegar no seu caminho para uma nova vida","author":"Relocations.io","date":"Junho 1, 2024","format":false,"excerpt":"Descubra os passos essenciais para se mudar para Portugal, desde os requisitos de visto at\u00e9 aos procedimentos de cidadania. O nosso guia simplifica o processo, garantindo uma transi\u00e7\u00e3o suave para a sua nova vida neste pa\u00eds cativante.","rel":"","context":"In &quot;Europe&quot;","block_context":{"text":"Europe","link":"https:\/\/relocations.io\/pt\/categoria\/europa-2\/"},"img":{"alt_text":"","src":"https:\/\/i0.wp.com\/relocations.io\/wp-content\/uploads\/2022\/11\/41.jpg?fit=1200%2C675&ssl=1&resize=350%2C200","width":350,"height":200,"srcset":"https:\/\/i0.wp.com\/relocations.io\/wp-content\/uploads\/2022\/11\/41.jpg?fit=1200%2C675&ssl=1&resize=350%2C200 1x, https:\/\/i0.wp.com\/relocations.io\/wp-content\/uploads\/2022\/11\/41.jpg?fit=1200%2C675&ssl=1&resize=525%2C300 1.5x, https:\/\/i0.wp.com\/relocations.io\/wp-content\/uploads\/2022\/11\/41.jpg?fit=1200%2C675&ssl=1&resize=700%2C400 2x, https:\/\/i0.wp.com\/relocations.io\/wp-content\/uploads\/2022\/11\/41.jpg?fit=1200%2C675&ssl=1&resize=1050%2C600 3x"},"classes":[]},{"id":7363,"url":"https:\/\/relocations.io\/pt\/abracar-a-europa-o-caminho-simplificado-para-um-novo-comeco\/","url_meta":{"origin":8816,"position":3},"title":"Abra\u00e7ar a Europa: O caminho simplificado para um novo come\u00e7o","author":"Relocations.io","date":"Outubro 1, 2022","format":false,"excerpt":"The Allure of Moving to Europe Moving to Europe has captivated people worldwide. With its rich history, diverse culture, and high quality of life, Europe offers countless benefits for a fresh start. While relocating to a new continent can seem daunting, careful planning and the right support can streamline the\u2026","rel":"","context":"In &quot;Europe&quot;","block_context":{"text":"Europe","link":"https:\/\/relocations.io\/pt\/categoria\/europa-2\/"},"img":{"alt_text":"","src":"https:\/\/i0.wp.com\/relocations.io\/wp-content\/uploads\/2024\/02\/embracing-europe2.png?fit=1200%2C675&ssl=1&resize=350%2C200","width":350,"height":200,"srcset":"https:\/\/i0.wp.com\/relocations.io\/wp-content\/uploads\/2024\/02\/embracing-europe2.png?fit=1200%2C675&ssl=1&resize=350%2C200 1x, https:\/\/i0.wp.com\/relocations.io\/wp-content\/uploads\/2024\/02\/embracing-europe2.png?fit=1200%2C675&ssl=1&resize=525%2C300 1.5x, https:\/\/i0.wp.com\/relocations.io\/wp-content\/uploads\/2024\/02\/embracing-europe2.png?fit=1200%2C675&ssl=1&resize=700%2C400 2x, https:\/\/i0.wp.com\/relocations.io\/wp-content\/uploads\/2024\/02\/embracing-europe2.png?fit=1200%2C675&ssl=1&resize=1050%2C600 3x"},"classes":[]},{"id":8847,"url":"https:\/\/relocations.io\/pt\/fim-da-manifestacao-de-intencao-de-portugal\/","url_meta":{"origin":8816,"position":4},"title":"Fim da Manifesta\u00e7\u00e3o de Inten\u00e7\u00e3o de Portugal: Novas regras de imigra\u00e7\u00e3o explicadas","author":"Relocations.io","date":"Junho 6, 2024","format":false,"excerpt":"The recent changes to Portugal's immigration process mark a significant shift. The government has ended the Expression of Interest (EOI) process, a move that affects those planning to relocate to Portugal. This update aims to improve the efficiency and effectiveness of the immigration system.","rel":"","context":"In &quot;Citizenship&quot;","block_context":{"text":"Citizenship","link":"https:\/\/relocations.io\/pt\/categoria\/europa-2\/cidadania\/"},"img":{"alt_text":"","src":"https:\/\/i0.wp.com\/relocations.io\/wp-content\/uploads\/2024\/06\/intention.jpg?fit=1200%2C600&ssl=1&resize=350%2C200","width":350,"height":200,"srcset":"https:\/\/i0.wp.com\/relocations.io\/wp-content\/uploads\/2024\/06\/intention.jpg?fit=1200%2C600&ssl=1&resize=350%2C200 1x, https:\/\/i0.wp.com\/relocations.io\/wp-content\/uploads\/2024\/06\/intention.jpg?fit=1200%2C600&ssl=1&resize=525%2C300 1.5x, https:\/\/i0.wp.com\/relocations.io\/wp-content\/uploads\/2024\/06\/intention.jpg?fit=1200%2C600&ssl=1&resize=700%2C400 2x, https:\/\/i0.wp.com\/relocations.io\/wp-content\/uploads\/2024\/06\/intention.jpg?fit=1200%2C600&ssl=1&resize=1050%2C600 3x"},"classes":[]},{"id":8832,"url":"https:\/\/relocations.io\/pt\/visto-de-candidato-a-emprego-em-portugal\/","url_meta":{"origin":8816,"position":5},"title":"Visto de candidato a emprego em Portugal: A sua porta de entrada para trabalhar em Portugal","author":"Relocations.io","date":"Agosto 16, 2024","format":false,"excerpt":"Discover how to navigate the Portugal Job Seeker Visa process, including eligibility, application steps, and key benefits. Learn how relocations.io can streamline your job search and relocation to Portugal, providing expert guidance on visa applications, document preparation, and local job markets. Get valuable insights on making a smooth transition to\u2026","rel":"","context":"In &quot;Citizenship&quot;","block_context":{"text":"Citizenship","link":"https:\/\/relocations.io\/pt\/categoria\/europa-2\/cidadania\/"},"img":{"alt_text":"","src":"https:\/\/i0.wp.com\/relocations.io\/wp-content\/uploads\/2024\/08\/6-3.jpg?fit=1200%2C600&ssl=1&resize=350%2C200","width":350,"height":200,"srcset":"https:\/\/i0.wp.com\/relocations.io\/wp-content\/uploads\/2024\/08\/6-3.jpg?fit=1200%2C600&ssl=1&resize=350%2C200 1x, https:\/\/i0.wp.com\/relocations.io\/wp-content\/uploads\/2024\/08\/6-3.jpg?fit=1200%2C600&ssl=1&resize=525%2C300 1.5x, https:\/\/i0.wp.com\/relocations.io\/wp-content\/uploads\/2024\/08\/6-3.jpg?fit=1200%2C600&ssl=1&resize=700%2C400 2x, https:\/\/i0.wp.com\/relocations.io\/wp-content\/uploads\/2024\/08\/6-3.jpg?fit=1200%2C600&ssl=1&resize=1050%2C600 3x"},"classes":[]}],"jetpack_sharing_enabled":true,"_links":{"self":[{"href":"https:\/\/relocations.io\/pt\/wp-json\/wp\/v2\/posts\/8816","targetHints":{"allow":["GET"]}}],"collection":[{"href":"https:\/\/relocations.io\/pt\/wp-json\/wp\/v2\/posts"}],"about":[{"href":"https:\/\/relocations.io\/pt\/wp-json\/wp\/v2\/types\/post"}],"author":[{"embeddable":true,"href":"https:\/\/relocations.io\/pt\/wp-json\/wp\/v2\/users\/2"}],"replies":[{"embeddable":true,"href":"https:\/\/relocations.io\/pt\/wp-json\/wp\/v2\/comments?post=8816"}],"version-history":[{"count":0,"href":"https:\/\/relocations.io\/pt\/wp-json\/wp\/v2\/posts\/8816\/revisions"}],"wp:featuredmedia":[{"embeddable":true,"href":"https:\/\/relocations.io\/pt\/wp-json\/wp\/v2\/media\/8825"}],"wp:attachment":[{"href":"https:\/\/relocations.io\/pt\/wp-json\/wp\/v2\/media?parent=8816"}],"wp:term":[{"taxonomy":"category","embeddable":true,"href":"https:\/\/relocations.io\/pt\/wp-json\/wp\/v2\/categories?post=8816"},{"taxonomy":"post_tag","embeddable":true,"href":"https:\/\/relocations.io\/pt\/wp-json\/wp\/v2\/tags?post=8816"}],"curies":[{"name":"wp","href":"https:\/\/api.w.org\/{rel}","templated":true}]}}