{"id":8793,"date":"2024-05-22T10:00:00","date_gmt":"2024-05-22T09:00:00","guid":{"rendered":"https:\/\/relocations.io\/?p=8793"},"modified":"2024-09-06T11:41:51","modified_gmt":"2024-09-06T10:41:51","slug":"castelos-em-portugal-locais-historicos-com-vistas-deslumbrantes-2","status":"publish","type":"post","link":"https:\/\/relocations.io\/pt\/castelos-em-portugal-locais-historicos-com-vistas-deslumbrantes-2\/","title":{"rendered":"Descubra o encanto intemporal dos castelos de Portugal: Uma viagem pela hist\u00f3ria e pela beleza"},"content":{"rendered":"<div data-elementor-type=\"wp-post\" data-elementor-id=\"8793\" class=\"elementor elementor-8793\" data-elementor-settings=\"{&quot;ha_cmc_init_switcher&quot;:&quot;no&quot;}\" data-elementor-post-type=\"post\">\n\t\t\t\t<div class=\"elementor-element elementor-element-3e620ef9 e-flex e-con-boxed e-con e-parent\" data-id=\"3e620ef9\" data-element_type=\"container\" data-settings=\"{&quot;_ha_eqh_enable&quot;:false}\">\n\t\t\t\t\t<div class=\"e-con-inner\">\n\t\t\t\t<div class=\"elementor-element elementor-element-8cc5575 elementor-widget elementor-widget-heading\" data-id=\"8cc5575\" data-element_type=\"widget\" data-widget_type=\"heading.default\">\n\t\t\t\t<div class=\"elementor-widget-container\">\n\t\t\t\t\t<h2 class=\"elementor-heading-title elementor-size-default\">Descubra o encanto intemporal dos castelos de Portugal<\/h2>\t\t\t\t<\/div>\n\t\t\t\t<\/div>\n\t\t\t\t<div class=\"elementor-element elementor-element-576c33a elementor-widget elementor-widget-text-editor\" data-id=\"576c33a\" data-element_type=\"widget\" data-widget_type=\"text-editor.default\">\n\t\t\t\t<div class=\"elementor-widget-container\">\n\t\t\t\t\t\t\t\t\t\n<h5 class=\"wp-block-heading\" id=\"h-origins-and-strategic-importance\"><br><br><strong>Origens e import\u00e2ncia estrat\u00e9gica<\/strong><\/h5>\n\n\n\n<p>A maioria dos castelos portugueses tem a sua origem nas antigas fortalezas romanas. Ao contr\u00e1rio das constru\u00e7\u00f5es romanas, de car\u00e1cter puramente militar, estes castelos serviam tamb\u00e9m de resid\u00eancia aos senhores locais. Constru\u00eddos em regi\u00f5es estrategicamente importantes, formavam uma rede de linhas de defesa que protegia o territ\u00f3rio portugu\u00eas contra outros reinos ib\u00e9ricos, nomeadamente Castela, e contra os vest\u00edgios do dom\u00ednio isl\u00e2mico durante o in\u00edcio do per\u00edodo da Reconquista.<\/p>\n\n\n\n<h5 class=\"wp-block-heading\" id=\"h-evolution-and-modern-use\"><br><strong>Evolu\u00e7\u00e3o e utiliza\u00e7\u00e3o moderna<\/strong><\/h5>\n\n\n\n<p>Com o passar do tempo, muitos castelos perderam o seu objetivo militar devido \u00e0 evolu\u00e7\u00e3o das t\u00e9cnicas de guerra e dos cen\u00e1rios pol\u00edticos. Alguns castelos foram abandonados ou destru\u00eddos, enquanto outros foram transformados em pousadas, museus ou monumentos nacionais. Muitos foram preservados ou restaurados, mantendo a sua arquitetura original ou adaptando-se a novos estilos. Atualmente, os castelos de Portugal s\u00e3o uma <a href=\"https:\/\/relocations.io\/portugal-2024-celebrate-national-holiday-tradition\/\">grande atra\u00e7\u00e3o tur\u00edstica<\/a> devido \u00e0 sua beleza, hist\u00f3ria e diversidade. Est\u00e3o espalhadas por cidades hist\u00f3ricas como Lisboa e Guimar\u00e3es, aninhadas em paisagens naturais deslumbrantes como a <a href=\"https:\/\/relocations.io\/portugal-top-beaches-your-ultimate-guide\/\">Douro ou Algarve<\/a>e at\u00e9 em regi\u00f5es menos conhecidas, mas igualmente cativantes, como o Minho e o Ribatejo.<\/p>\n\n\n\n<h5 class=\"wp-block-heading\" id=\"h-the-diversity-of-portugal-s-castles\"><br><strong>A diversidade dos castelos de Portugal<\/strong><\/h5>\n\n\n\n<p>Portugal conta com 241 castelos oficialmente catalogados, mas algumas fontes sugerem que poder\u00e3o ser mais de 600, ou mesmo cerca de 700, segundo o livro de Jos\u00e9 Hermano Saraiva \"<a href=\"https:\/\/img.bertrand.pt\/images\/historia-concisa-de-portugal-jose-hermano-saraiva\/NDV8MjQ1NDYzNjB8MjA2NTAwMjJ8MTYyMDMxNzQ1MjAwMHx3ZWJw\/250x\">Castelos de Portugal.<\/a>\" Originalmente concebidos para prote\u00e7\u00e3o e pontos de vista estrat\u00e9gicos, estes castelos s\u00e3o agora admirados pelas suas localiza\u00e7\u00f5es cuidadosamente escolhidas, oferecendo aos visitantes vistas de cortar a respira\u00e7\u00e3o.<\/p>\n\n\n\n<h4 class=\"wp-block-heading has-text-align-center\" id=\"h-must-visit-castles-in-portugal\"><br><br><strong>Castelos de visita obrigat\u00f3ria em Portugal<\/strong><\/h4>\n\n\n\n<h5 class=\"wp-block-heading has-text-align-center\" id=\"h-quinta-da-regaleira\"><br><br><strong>Quinta da Regaleira<\/strong><\/h5>\n\n\n\n<p>Localizado perto do centro hist\u00f3rico de Sintra, o Pal\u00e1cio da Regaleira, tamb\u00e9m conhecido como Pal\u00e1cio do Monteiro dos Milh\u00f5es, \u00e9 uma obra-prima da mistura arquitet\u00f3nica. Projetado pelo arquiteto italiano Luigi Manini, esta propriedade de 4 hectares apresenta jardins luxuriantes, grutas enigm\u00e1ticas e constru\u00e7\u00f5es com significados simb\u00f3licos profundos inspirados nos ma\u00e7ons, templ\u00e1rios e rosacruzes. \u00c9 um lugar para experimentar, n\u00e3o apenas para ver - a sua arquitetura de inspira\u00e7\u00e3o alqu\u00edmica e o seu parque fascinante convidam a uma profunda contempla\u00e7\u00e3o.<\/p>\n\n\n<div class=\"wp-block-image\">\n<figure class=\"aligncenter size-large\"><img fetchpriority=\"high\" decoding=\"async\" data-recalc-dims=\"1\" height=\"512\" width=\"1024\" src=\"https:\/\/i0.wp.com\/relocations.io\/wp-content\/uploads\/2024\/08\/4-3.jpg?resize=1024%2C512&#038;ssl=1\" alt=\"Quinta da Regaleira, Castelo em Portugal. Locais hist\u00f3ricos com vistas deslumbrantes. Visite os castelos hist\u00f3ricos de Portugal\" class=\"wp-image-8581\" srcset=\"https:\/\/i0.wp.com\/relocations.io\/wp-content\/uploads\/2024\/08\/4-3.jpg?w=1920&amp;ssl=1 1920w, https:\/\/i0.wp.com\/relocations.io\/wp-content\/uploads\/2024\/08\/4-3.jpg?resize=300%2C150&amp;ssl=1 300w, https:\/\/i0.wp.com\/relocations.io\/wp-content\/uploads\/2024\/08\/4-3.jpg?resize=1024%2C512&amp;ssl=1 1024w, https:\/\/i0.wp.com\/relocations.io\/wp-content\/uploads\/2024\/08\/4-3.jpg?resize=768%2C384&amp;ssl=1 768w, https:\/\/i0.wp.com\/relocations.io\/wp-content\/uploads\/2024\/08\/4-3.jpg?resize=1536%2C768&amp;ssl=1 1536w, https:\/\/i0.wp.com\/relocations.io\/wp-content\/uploads\/2024\/08\/4-3.jpg?resize=18%2C9&amp;ssl=1 18w, https:\/\/i0.wp.com\/relocations.io\/wp-content\/uploads\/2024\/08\/4-3.jpg?resize=640%2C320&amp;ssl=1 640w, https:\/\/i0.wp.com\/relocations.io\/wp-content\/uploads\/2024\/08\/4-3.jpg?resize=50%2C25&amp;ssl=1 50w, https:\/\/i0.wp.com\/relocations.io\/wp-content\/uploads\/2024\/08\/4-3.jpg?resize=100%2C50&amp;ssl=1 100w\" sizes=\"(max-width: 1024px) 100vw, 1024px\" \/><\/figure>\n<\/div>\n\n\n<h5 class=\"wp-block-heading has-text-align-center\" id=\"h-castle-of-sao-jorge\"><br><br><strong>Castelo de S\u00e3o Jorge<\/strong><\/h5>\n\n\n\n<p>Situado na colina mais alta de Lisboa, o Castelo de S\u00e3o Jorge \u00e9 um dos marcos mais emblem\u00e1ticos da cidade. Declarado Monumento Nacional em 1910, foi objeto de importantes restauros no s\u00e9culo XX. O castelo oferece as melhores vistas de Lisboa e do rio Tejo. No interior, os visitantes podem explorar as exposi\u00e7\u00f5es do museu sobre a hist\u00f3ria de Lisboa e subir \u00e0 Torre de Ulisses para uma vista de 360 graus em tempo real da cidade.<br><\/p>\n\n\n<div class=\"wp-block-image\">\n<figure class=\"aligncenter size-large\"><img decoding=\"async\" data-recalc-dims=\"1\" height=\"512\" width=\"1024\" src=\"https:\/\/i0.wp.com\/relocations.io\/wp-content\/uploads\/2024\/08\/5-3.jpg?resize=1024%2C512&#038;ssl=1\" alt=\"Castelo de S\u00e3o Jorge em Portugal. Locais hist\u00f3ricos com vistas deslumbrantes. Visite os castelos hist\u00f3ricos de Portugal\" class=\"wp-image-8582\" srcset=\"https:\/\/i0.wp.com\/relocations.io\/wp-content\/uploads\/2024\/08\/5-3.jpg?w=1920&amp;ssl=1 1920w, https:\/\/i0.wp.com\/relocations.io\/wp-content\/uploads\/2024\/08\/5-3.jpg?resize=300%2C150&amp;ssl=1 300w, https:\/\/i0.wp.com\/relocations.io\/wp-content\/uploads\/2024\/08\/5-3.jpg?resize=1024%2C512&amp;ssl=1 1024w, https:\/\/i0.wp.com\/relocations.io\/wp-content\/uploads\/2024\/08\/5-3.jpg?resize=768%2C384&amp;ssl=1 768w, https:\/\/i0.wp.com\/relocations.io\/wp-content\/uploads\/2024\/08\/5-3.jpg?resize=1536%2C768&amp;ssl=1 1536w, https:\/\/i0.wp.com\/relocations.io\/wp-content\/uploads\/2024\/08\/5-3.jpg?resize=18%2C9&amp;ssl=1 18w, https:\/\/i0.wp.com\/relocations.io\/wp-content\/uploads\/2024\/08\/5-3.jpg?resize=640%2C320&amp;ssl=1 640w, https:\/\/i0.wp.com\/relocations.io\/wp-content\/uploads\/2024\/08\/5-3.jpg?resize=50%2C25&amp;ssl=1 50w, https:\/\/i0.wp.com\/relocations.io\/wp-content\/uploads\/2024\/08\/5-3.jpg?resize=100%2C50&amp;ssl=1 100w\" sizes=\"(max-width: 1024px) 100vw, 1024px\" \/><\/figure>\n<\/div>\n\n\n<h5 class=\"wp-block-heading has-text-align-center\" id=\"h-pena-national-palace-and-park-sintra\"><br><br><strong>Pal\u00e1cio e Parque Nacional da Pena - Sintra<\/strong><\/h5>\n\n\n\n<p>O Pal\u00e1cio Nacional da Pena, em Sintra, combina o gosto pelo exotismo com o fasc\u00ednio pela natureza. Com uma \u00e1rea de 85 hectares, o parque apresenta um conjunto diversificado de jardins, elementos aqu\u00e1ticos e edif\u00edcios decorativos. O pr\u00f3prio pal\u00e1cio destaca-se como um ponto alto incompar\u00e1vel, rodeado de vistas deslumbrantes que refor\u00e7am o seu car\u00e1cter rom\u00e2ntico, cativando os visitantes mesmo mais de um s\u00e9culo depois.<br><\/p>\n\n\n<div class=\"wp-block-image\">\n<figure class=\"aligncenter size-large\"><img decoding=\"async\" data-recalc-dims=\"1\" height=\"512\" width=\"1024\" src=\"https:\/\/i0.wp.com\/relocations.io\/wp-content\/uploads\/2024\/08\/6-1.jpg?resize=1024%2C512&#038;ssl=1\" alt=\"Pal\u00e1cio e Parque Nacional em Portugal. Locais hist\u00f3ricos com vistas deslumbrantes. Visite os castelos hist\u00f3ricos de Portugal\" class=\"wp-image-8583\" srcset=\"https:\/\/i0.wp.com\/relocations.io\/wp-content\/uploads\/2024\/08\/6-1.jpg?w=1920&amp;ssl=1 1920w, https:\/\/i0.wp.com\/relocations.io\/wp-content\/uploads\/2024\/08\/6-1.jpg?resize=300%2C150&amp;ssl=1 300w, https:\/\/i0.wp.com\/relocations.io\/wp-content\/uploads\/2024\/08\/6-1.jpg?resize=1024%2C512&amp;ssl=1 1024w, https:\/\/i0.wp.com\/relocations.io\/wp-content\/uploads\/2024\/08\/6-1.jpg?resize=768%2C384&amp;ssl=1 768w, https:\/\/i0.wp.com\/relocations.io\/wp-content\/uploads\/2024\/08\/6-1.jpg?resize=1536%2C768&amp;ssl=1 1536w, https:\/\/i0.wp.com\/relocations.io\/wp-content\/uploads\/2024\/08\/6-1.jpg?resize=18%2C9&amp;ssl=1 18w, https:\/\/i0.wp.com\/relocations.io\/wp-content\/uploads\/2024\/08\/6-1.jpg?resize=640%2C320&amp;ssl=1 640w, https:\/\/i0.wp.com\/relocations.io\/wp-content\/uploads\/2024\/08\/6-1.jpg?resize=50%2C25&amp;ssl=1 50w, https:\/\/i0.wp.com\/relocations.io\/wp-content\/uploads\/2024\/08\/6-1.jpg?resize=100%2C50&amp;ssl=1 100w\" sizes=\"(max-width: 1024px) 100vw, 1024px\" \/><\/figure>\n<\/div>\n\n\n<h5 class=\"wp-block-heading has-text-align-center\" id=\"h-moorish-castle-sintra\"><br><br><strong>Castelo dos Mouros - Sintra<\/strong><\/h5>\n\n\n\n<p>O Castelo dos Mouros em Sintra oferece um miradouro privilegiado, que se estende desde a vila at\u00e9 ao mar. O castelo data do s\u00e9culo VIII e reflecte os prim\u00f3rdios da ocupa\u00e7\u00e3o isl\u00e2mica na Pen\u00ednsula Ib\u00e9rica. Ao longo dos anos, a refloresta\u00e7\u00e3o extensiva em redor do castelo criou uma paleta de cores deslumbrante que muda com as esta\u00e7\u00f5es do ano, transformando-o num deleite visual.<br><br><\/p>\n\n\n<div class=\"wp-block-image\">\n<figure class=\"aligncenter size-large\"><img loading=\"lazy\" decoding=\"async\" data-recalc-dims=\"1\" height=\"512\" width=\"1024\" src=\"https:\/\/i0.wp.com\/relocations.io\/wp-content\/uploads\/2024\/08\/7-1.jpg?resize=1024%2C512&#038;ssl=1\" alt=\"Castelo dos Mouros em Portugal. Locais hist\u00f3ricos com vistas deslumbrantes. Visite os castelos hist\u00f3ricos de Portugal\" class=\"wp-image-8586\" srcset=\"https:\/\/i0.wp.com\/relocations.io\/wp-content\/uploads\/2024\/08\/7-1.jpg?w=1920&amp;ssl=1 1920w, https:\/\/i0.wp.com\/relocations.io\/wp-content\/uploads\/2024\/08\/7-1.jpg?resize=300%2C150&amp;ssl=1 300w, https:\/\/i0.wp.com\/relocations.io\/wp-content\/uploads\/2024\/08\/7-1.jpg?resize=1024%2C512&amp;ssl=1 1024w, https:\/\/i0.wp.com\/relocations.io\/wp-content\/uploads\/2024\/08\/7-1.jpg?resize=768%2C384&amp;ssl=1 768w, https:\/\/i0.wp.com\/relocations.io\/wp-content\/uploads\/2024\/08\/7-1.jpg?resize=1536%2C768&amp;ssl=1 1536w, https:\/\/i0.wp.com\/relocations.io\/wp-content\/uploads\/2024\/08\/7-1.jpg?resize=18%2C9&amp;ssl=1 18w, https:\/\/i0.wp.com\/relocations.io\/wp-content\/uploads\/2024\/08\/7-1.jpg?resize=640%2C320&amp;ssl=1 640w, https:\/\/i0.wp.com\/relocations.io\/wp-content\/uploads\/2024\/08\/7-1.jpg?resize=50%2C25&amp;ssl=1 50w, https:\/\/i0.wp.com\/relocations.io\/wp-content\/uploads\/2024\/08\/7-1.jpg?resize=100%2C50&amp;ssl=1 100w\" sizes=\"(max-width: 1024px) 100vw, 1024px\" \/><\/figure>\n<\/div>\n\n\n<h5 class=\"wp-block-heading has-text-align-center\" id=\"h-castle-of-obidos\"><br><br><strong>Castelo de \u00d3bidos<\/strong><\/h5>\n\n\n\n<p>A apenas uma hora de Lisboa, o bem preservado Castelo de \u00d3bidos e as muralhas que o rodeiam transportam os visitantes para o Portugal medieval. Outrora um movimentado porto mar\u00edtimo, \u00d3bidos foi fortificada por v\u00e1rios povos, incluindo romanos e mu\u00e7ulmanos. O desenvolvimento urbano bem documentado da cidade, registado j\u00e1 em 1254, faz com que toda a \u00e1rea amuralhada pare\u00e7a uma viagem no tempo.<br><br><\/p>\n\n\n<div class=\"wp-block-image\">\n<figure class=\"aligncenter size-large\"><img loading=\"lazy\" decoding=\"async\" data-recalc-dims=\"1\" height=\"512\" width=\"1024\" src=\"https:\/\/i0.wp.com\/relocations.io\/wp-content\/uploads\/2024\/08\/8-1.jpg?resize=1024%2C512&#038;ssl=1\" alt=\"O Castelo de \u00d3bidos e as muralhas que o rodeiam transportam o visitante para o Portugal medieval. Locais hist\u00f3ricos com vistas deslumbrantes. Visite os castelos hist\u00f3ricos de Portugal\" class=\"wp-image-8587\" srcset=\"https:\/\/i0.wp.com\/relocations.io\/wp-content\/uploads\/2024\/08\/8-1.jpg?w=1920&amp;ssl=1 1920w, https:\/\/i0.wp.com\/relocations.io\/wp-content\/uploads\/2024\/08\/8-1.jpg?resize=300%2C150&amp;ssl=1 300w, https:\/\/i0.wp.com\/relocations.io\/wp-content\/uploads\/2024\/08\/8-1.jpg?resize=1024%2C512&amp;ssl=1 1024w, https:\/\/i0.wp.com\/relocations.io\/wp-content\/uploads\/2024\/08\/8-1.jpg?resize=768%2C384&amp;ssl=1 768w, https:\/\/i0.wp.com\/relocations.io\/wp-content\/uploads\/2024\/08\/8-1.jpg?resize=1536%2C768&amp;ssl=1 1536w, https:\/\/i0.wp.com\/relocations.io\/wp-content\/uploads\/2024\/08\/8-1.jpg?resize=18%2C9&amp;ssl=1 18w, https:\/\/i0.wp.com\/relocations.io\/wp-content\/uploads\/2024\/08\/8-1.jpg?resize=640%2C320&amp;ssl=1 640w, https:\/\/i0.wp.com\/relocations.io\/wp-content\/uploads\/2024\/08\/8-1.jpg?resize=50%2C25&amp;ssl=1 50w, https:\/\/i0.wp.com\/relocations.io\/wp-content\/uploads\/2024\/08\/8-1.jpg?resize=100%2C50&amp;ssl=1 100w\" sizes=\"(max-width: 1024px) 100vw, 1024px\" \/><\/figure>\n<\/div>\n\n\n<h5 class=\"wp-block-heading has-text-align-center\" id=\"h-castle-of-tomar\"><br><br><strong>Castelo de Tomar<\/strong><\/h5>\n\n\n\n<p>O Castelo de Tomar, fundado pelos Templ\u00e1rios em 1160, situa-se numa colina sobranceira ao rio Tomar. O complexo do castelo inclui uma s\u00e9rie de muralhas que encerram diferentes sec\u00e7\u00f5es, incluindo o quartel-general militar dos Templ\u00e1rios e a casa do mestre. Atualmente, os terrenos do antigo castelo s\u00e3o um jardim sereno, que contrasta com o seu passado fortificado.<br><\/p>\n\n\n<div class=\"wp-block-image\">\n<figure class=\"aligncenter size-large\"><img loading=\"lazy\" decoding=\"async\" data-recalc-dims=\"1\" height=\"512\" width=\"1024\" src=\"https:\/\/i0.wp.com\/relocations.io\/wp-content\/uploads\/2024\/08\/9-1.jpg?resize=1024%2C512&#038;ssl=1\" alt=\"O Castelo de Tomar, fundado pelos Templ\u00e1rios em 1160. Locais hist\u00f3ricos com vistas deslumbrantes. Visite os castelos hist\u00f3ricos de Portugal\" class=\"wp-image-8588\" srcset=\"https:\/\/i0.wp.com\/relocations.io\/wp-content\/uploads\/2024\/08\/9-1.jpg?w=1920&amp;ssl=1 1920w, https:\/\/i0.wp.com\/relocations.io\/wp-content\/uploads\/2024\/08\/9-1.jpg?resize=300%2C150&amp;ssl=1 300w, https:\/\/i0.wp.com\/relocations.io\/wp-content\/uploads\/2024\/08\/9-1.jpg?resize=1024%2C512&amp;ssl=1 1024w, https:\/\/i0.wp.com\/relocations.io\/wp-content\/uploads\/2024\/08\/9-1.jpg?resize=768%2C384&amp;ssl=1 768w, https:\/\/i0.wp.com\/relocations.io\/wp-content\/uploads\/2024\/08\/9-1.jpg?resize=1536%2C768&amp;ssl=1 1536w, https:\/\/i0.wp.com\/relocations.io\/wp-content\/uploads\/2024\/08\/9-1.jpg?resize=18%2C9&amp;ssl=1 18w, https:\/\/i0.wp.com\/relocations.io\/wp-content\/uploads\/2024\/08\/9-1.jpg?resize=640%2C320&amp;ssl=1 640w, https:\/\/i0.wp.com\/relocations.io\/wp-content\/uploads\/2024\/08\/9-1.jpg?resize=50%2C25&amp;ssl=1 50w, https:\/\/i0.wp.com\/relocations.io\/wp-content\/uploads\/2024\/08\/9-1.jpg?resize=100%2C50&amp;ssl=1 100w\" sizes=\"(max-width: 1024px) 100vw, 1024px\" \/><\/figure>\n<\/div>\n\n\n<h5 class=\"wp-block-heading has-text-align-center\" id=\"h-palace-of-the-dukes-of-braganza-guimaraes\"><br><br><strong>Pa\u00e7o dos Duques de Bragan\u00e7a - Guimar\u00e3es<\/strong><\/h5>\n\n\n\n<p>O Pa\u00e7o dos Duques de Bragan\u00e7a, em Guimar\u00e3es, \u00e9 um exemplo impressionante da arquitetura nobre do s\u00e9culo XV e o local de nascimento da dinastia de Bragan\u00e7a. Classificado como Monumento Nacional desde 1910, o pal\u00e1cio inclui tamb\u00e9m uma ala designada como resid\u00eancia oficial do Presidente da Rep\u00fablica.<br><\/p>\n\n\n<div class=\"wp-block-image\">\n<figure class=\"aligncenter size-large\"><img loading=\"lazy\" decoding=\"async\" data-recalc-dims=\"1\" height=\"512\" width=\"1024\" src=\"https:\/\/i0.wp.com\/relocations.io\/wp-content\/uploads\/2024\/08\/10-1.jpg?resize=1024%2C512&#038;ssl=1\" alt=\"Pa\u00e7o dos Duques de Bragan\u00e7a em Guimar\u00e3es. Locais hist\u00f3ricos com vistas deslumbrantes. Visite os castelos hist\u00f3ricos de Portugal\" class=\"wp-image-8589\" srcset=\"https:\/\/i0.wp.com\/relocations.io\/wp-content\/uploads\/2024\/08\/10-1.jpg?w=1920&amp;ssl=1 1920w, https:\/\/i0.wp.com\/relocations.io\/wp-content\/uploads\/2024\/08\/10-1.jpg?resize=300%2C150&amp;ssl=1 300w, https:\/\/i0.wp.com\/relocations.io\/wp-content\/uploads\/2024\/08\/10-1.jpg?resize=1024%2C512&amp;ssl=1 1024w, https:\/\/i0.wp.com\/relocations.io\/wp-content\/uploads\/2024\/08\/10-1.jpg?resize=768%2C384&amp;ssl=1 768w, https:\/\/i0.wp.com\/relocations.io\/wp-content\/uploads\/2024\/08\/10-1.jpg?resize=1536%2C768&amp;ssl=1 1536w, https:\/\/i0.wp.com\/relocations.io\/wp-content\/uploads\/2024\/08\/10-1.jpg?resize=18%2C9&amp;ssl=1 18w, https:\/\/i0.wp.com\/relocations.io\/wp-content\/uploads\/2024\/08\/10-1.jpg?resize=640%2C320&amp;ssl=1 640w, https:\/\/i0.wp.com\/relocations.io\/wp-content\/uploads\/2024\/08\/10-1.jpg?resize=50%2C25&amp;ssl=1 50w, https:\/\/i0.wp.com\/relocations.io\/wp-content\/uploads\/2024\/08\/10-1.jpg?resize=100%2C50&amp;ssl=1 100w\" sizes=\"(max-width: 1024px) 100vw, 1024px\" \/><\/figure>\n<\/div>\n\n\n<hr class=\"wp-block-separator has-alpha-channel-opacity\"\/>\n\n\n\n<p>Os castelos de Portugal n\u00e3o s\u00e3o apenas marcos hist\u00f3ricos, mas lembram o passado rico e a identidade em evolu\u00e7\u00e3o da na\u00e7\u00e3o. De antigas fortifica\u00e7\u00f5es militares a modernas atrac\u00e7\u00f5es tur\u00edsticas, estes castelos reflectem os desenvolvimentos estrat\u00e9gicos, culturais e arquitect\u00f3nicos que moldaram o pa\u00eds. Quer se situem em encostas pitorescas ou em vilas hist\u00f3ricas, cada castelo conta uma hist\u00f3ria \u00fanica, convidando os visitantes a explorar e a relacionar-se com a hist\u00f3ria, a beleza e a diversidade de Portugal. Hoje, s\u00e3o um testemunho do legado duradouro do patrim\u00f3nio portugu\u00eas, oferecendo uma janela para o passado e enriquecendo o presente.<\/p>\n\t\t\t\t\t\t\t\t<\/div>\n\t\t\t\t<\/div>\n\t\t\t\t\t<\/div>\n\t\t\t\t<\/div>\n\t\t\t\t<\/div>","protected":false},"excerpt":{"rendered":"<p> Hoje em dia, os castelos portugueses s\u00e3o uma grande atra\u00e7\u00e3o tur\u00edstica devido \u00e0 sua beleza, hist\u00f3ria e diversidade. Est\u00e3o espalhados por cidades hist\u00f3ricas como Lisboa e Guimar\u00e3es, aninhados em paisagens naturais deslumbrantes como o Douro ou o Algarve, e at\u00e9 em regi\u00f5es menos conhecidas mas igualmente cativantes como o Minho e o Ribatejo.<\/p>","protected":false},"author":2,"featured_media":8591,"comment_status":"closed","ping_status":"closed","sticky":false,"template":"","format":"standard","meta":{"_jetpack_memberships_contains_paid_content":false,"footnotes":""},"categories":[147,60,146,61,68],"tags":[148,70,92,142,71],"class_list":["post-8793","post","type-post","status-publish","format-standard","has-post-thumbnail","hentry","category-cultural-activities","category-europe","category-national-holidays","category-portugal","category-relocations-io","tag-castles-in-portugal","tag-moving-to-europe","tag-portugal","tag-relocate","tag-relocations"],"jetpack_featured_media_url":"https:\/\/i0.wp.com\/relocations.io\/wp-content\/uploads\/2024\/08\/Castelos-Portugal-banner.jpg?fit=1920%2C960&ssl=1","jetpack-related-posts":[{"id":7406,"url":"https:\/\/relocations.io\/pt\/os-brasileiros-que-se-mudam-para-portugal-abracam-novas-oportunidades-numa-historia-comum\/","url_meta":{"origin":8793,"position":0},"title":"Brasileiros a mudarem-se para Portugal: Abra\u00e7ar Novas Oportunidades numa Hist\u00f3ria Partilhada","author":"Relocations.io","date":"Julho 1, 2023","format":false,"excerpt":"Explore os la\u00e7os hist\u00f3ricos entre o Brasil e Portugal \u00e0 medida que os brasileiros procuram novas oportunidades na terra do seu passado colonial. Com uma l\u00edngua comum e afinidade cultural, Portugal oferece um ambiente acolhedor para os brasileiros prosperarem em diversos sectores, desde a tecnologia ao turismo.","rel":"","context":"In &quot;Europe&quot;","block_context":{"text":"Europe","link":"https:\/\/relocations.io\/pt\/categoria\/europa-2\/"},"img":{"alt_text":"","src":"https:\/\/i0.wp.com\/relocations.io\/wp-content\/uploads\/2022\/11\/36.jpg?fit=1200%2C675&ssl=1&resize=350%2C200","width":350,"height":200,"srcset":"https:\/\/i0.wp.com\/relocations.io\/wp-content\/uploads\/2022\/11\/36.jpg?fit=1200%2C675&ssl=1&resize=350%2C200 1x, https:\/\/i0.wp.com\/relocations.io\/wp-content\/uploads\/2022\/11\/36.jpg?fit=1200%2C675&ssl=1&resize=525%2C300 1.5x, https:\/\/i0.wp.com\/relocations.io\/wp-content\/uploads\/2022\/11\/36.jpg?fit=1200%2C675&ssl=1&resize=700%2C400 2x, https:\/\/i0.wp.com\/relocations.io\/wp-content\/uploads\/2022\/11\/36.jpg?fit=1200%2C675&ssl=1&resize=1050%2C600 3x"},"classes":[]},{"id":7427,"url":"https:\/\/relocations.io\/pt\/o-seu-guia-para-a-obtencao-de-vistos-e-cidadania-em-portugal-navegando-no-seu-caminho-para-uma-nova-vida\/","url_meta":{"origin":8793,"position":1},"title":"O seu guia sobre requisitos de visto e cidadania em Portugal: Navegar no seu caminho para uma nova vida","author":"Relocations.io","date":"Junho 1, 2024","format":false,"excerpt":"Descubra os passos essenciais para se mudar para Portugal, desde os requisitos de visto at\u00e9 aos procedimentos de cidadania. O nosso guia simplifica o processo, garantindo uma transi\u00e7\u00e3o suave para a sua nova vida neste pa\u00eds cativante.","rel":"","context":"In &quot;Europe&quot;","block_context":{"text":"Europe","link":"https:\/\/relocations.io\/pt\/categoria\/europa-2\/"},"img":{"alt_text":"","src":"https:\/\/i0.wp.com\/relocations.io\/wp-content\/uploads\/2022\/11\/41.jpg?fit=1200%2C675&ssl=1&resize=350%2C200","width":350,"height":200,"srcset":"https:\/\/i0.wp.com\/relocations.io\/wp-content\/uploads\/2022\/11\/41.jpg?fit=1200%2C675&ssl=1&resize=350%2C200 1x, https:\/\/i0.wp.com\/relocations.io\/wp-content\/uploads\/2022\/11\/41.jpg?fit=1200%2C675&ssl=1&resize=525%2C300 1.5x, https:\/\/i0.wp.com\/relocations.io\/wp-content\/uploads\/2022\/11\/41.jpg?fit=1200%2C675&ssl=1&resize=700%2C400 2x, https:\/\/i0.wp.com\/relocations.io\/wp-content\/uploads\/2022\/11\/41.jpg?fit=1200%2C675&ssl=1&resize=1050%2C600 3x"},"classes":[]},{"id":9038,"url":"https:\/\/relocations.io\/pt\/novos-voos-diretos-de-montreal-para-o-porto\/","url_meta":{"origin":8793,"position":2},"title":"Novos voos diretos para o Canad\u00e1 impulsionam o turismo entre Portugal e o Canad\u00e1","author":"Relocations.io","date":"Agosto 27, 2024","format":false,"excerpt":"A new direct flight route by Air Canada connecting Montreal, Canada, and Porto, Portugal. This service offers a convenient travel option for tourists and the Portuguese community in Canada. It highlights the benefits of the direct flight, including saving time and enhancing travel comfort, and also promotes Porto as an\u2026","rel":"","context":"In &quot;Canada&quot;","block_context":{"text":"Canada","link":"https:\/\/relocations.io\/pt\/categoria\/canada\/"},"img":{"alt_text":"","src":"https:\/\/i0.wp.com\/relocations.io\/wp-content\/uploads\/2024\/08\/New-Flights.jpg?fit=1200%2C600&ssl=1&resize=350%2C200","width":350,"height":200,"srcset":"https:\/\/i0.wp.com\/relocations.io\/wp-content\/uploads\/2024\/08\/New-Flights.jpg?fit=1200%2C600&ssl=1&resize=350%2C200 1x, https:\/\/i0.wp.com\/relocations.io\/wp-content\/uploads\/2024\/08\/New-Flights.jpg?fit=1200%2C600&ssl=1&resize=525%2C300 1.5x, https:\/\/i0.wp.com\/relocations.io\/wp-content\/uploads\/2024\/08\/New-Flights.jpg?fit=1200%2C600&ssl=1&resize=700%2C400 2x, https:\/\/i0.wp.com\/relocations.io\/wp-content\/uploads\/2024\/08\/New-Flights.jpg?fit=1200%2C600&ssl=1&resize=1050%2C600 3x"},"classes":[]},{"id":7363,"url":"https:\/\/relocations.io\/pt\/abracar-a-europa-o-caminho-simplificado-para-um-novo-comeco\/","url_meta":{"origin":8793,"position":3},"title":"Abra\u00e7ar a Europa: O caminho simplificado para um novo come\u00e7o","author":"Relocations.io","date":"Outubro 1, 2022","format":false,"excerpt":"The Allure of Moving to Europe Moving to Europe has captivated people worldwide. With its rich history, diverse culture, and high quality of life, Europe offers countless benefits for a fresh start. While relocating to a new continent can seem daunting, careful planning and the right support can streamline the\u2026","rel":"","context":"In &quot;Europe&quot;","block_context":{"text":"Europe","link":"https:\/\/relocations.io\/pt\/categoria\/europa-2\/"},"img":{"alt_text":"","src":"https:\/\/i0.wp.com\/relocations.io\/wp-content\/uploads\/2024\/02\/embracing-europe2.png?fit=1200%2C675&ssl=1&resize=350%2C200","width":350,"height":200,"srcset":"https:\/\/i0.wp.com\/relocations.io\/wp-content\/uploads\/2024\/02\/embracing-europe2.png?fit=1200%2C675&ssl=1&resize=350%2C200 1x, https:\/\/i0.wp.com\/relocations.io\/wp-content\/uploads\/2024\/02\/embracing-europe2.png?fit=1200%2C675&ssl=1&resize=525%2C300 1.5x, https:\/\/i0.wp.com\/relocations.io\/wp-content\/uploads\/2024\/02\/embracing-europe2.png?fit=1200%2C675&ssl=1&resize=700%2C400 2x, https:\/\/i0.wp.com\/relocations.io\/wp-content\/uploads\/2024\/02\/embracing-europe2.png?fit=1200%2C675&ssl=1&resize=1050%2C600 3x"},"classes":[]},{"id":7385,"url":"https:\/\/relocations.io\/pt\/dia-dos-namorados\/","url_meta":{"origin":8793,"position":4},"title":"O amor atrav\u00e9s do continente: Tradi\u00e7\u00f5es do Dia dos Namorados na Europa e no mundo","author":"Relocations.io","date":"Fevereiro 1, 2023","format":false,"excerpt":"Valentine\u2019s Day Traditions Across Europe: A Romantic Tour As February 14th draws near, love blossoms worldwide, but nowhere does it shine quite like in Europe. From the sunlit shores of Portugal to the charming streets of Paris, Valentine\u2019s Day in Europe is a grand celebration of romance, tradition, and heartfelt\u2026","rel":"","context":"In &quot;Belgium&quot;","block_context":{"text":"Belgium","link":"https:\/\/relocations.io\/pt\/categoria\/europa-2\/belgica\/"},"img":{"alt_text":"","src":"https:\/\/i0.wp.com\/relocations.io\/wp-content\/uploads\/2022\/11\/27.jpg?fit=1200%2C675&ssl=1&resize=350%2C200","width":350,"height":200,"srcset":"https:\/\/i0.wp.com\/relocations.io\/wp-content\/uploads\/2022\/11\/27.jpg?fit=1200%2C675&ssl=1&resize=350%2C200 1x, https:\/\/i0.wp.com\/relocations.io\/wp-content\/uploads\/2022\/11\/27.jpg?fit=1200%2C675&ssl=1&resize=525%2C300 1.5x, https:\/\/i0.wp.com\/relocations.io\/wp-content\/uploads\/2022\/11\/27.jpg?fit=1200%2C675&ssl=1&resize=700%2C400 2x, https:\/\/i0.wp.com\/relocations.io\/wp-content\/uploads\/2022\/11\/27.jpg?fit=1200%2C675&ssl=1&resize=1050%2C600 3x"},"classes":[]},{"id":8847,"url":"https:\/\/relocations.io\/pt\/fim-da-manifestacao-de-intencao-de-portugal\/","url_meta":{"origin":8793,"position":5},"title":"Fim da Manifesta\u00e7\u00e3o de Inten\u00e7\u00e3o de Portugal: Novas regras de imigra\u00e7\u00e3o explicadas","author":"Relocations.io","date":"Junho 6, 2024","format":false,"excerpt":"The recent changes to Portugal's immigration process mark a significant shift. The government has ended the Expression of Interest (EOI) process, a move that affects those planning to relocate to Portugal. This update aims to improve the efficiency and effectiveness of the immigration system.","rel":"","context":"In &quot;Citizenship&quot;","block_context":{"text":"Citizenship","link":"https:\/\/relocations.io\/pt\/categoria\/europa-2\/cidadania\/"},"img":{"alt_text":"","src":"https:\/\/i0.wp.com\/relocations.io\/wp-content\/uploads\/2024\/06\/intention.jpg?fit=1200%2C600&ssl=1&resize=350%2C200","width":350,"height":200,"srcset":"https:\/\/i0.wp.com\/relocations.io\/wp-content\/uploads\/2024\/06\/intention.jpg?fit=1200%2C600&ssl=1&resize=350%2C200 1x, https:\/\/i0.wp.com\/relocations.io\/wp-content\/uploads\/2024\/06\/intention.jpg?fit=1200%2C600&ssl=1&resize=525%2C300 1.5x, https:\/\/i0.wp.com\/relocations.io\/wp-content\/uploads\/2024\/06\/intention.jpg?fit=1200%2C600&ssl=1&resize=700%2C400 2x, https:\/\/i0.wp.com\/relocations.io\/wp-content\/uploads\/2024\/06\/intention.jpg?fit=1200%2C600&ssl=1&resize=1050%2C600 3x"},"classes":[]}],"jetpack_sharing_enabled":true,"_links":{"self":[{"href":"https:\/\/relocations.io\/pt\/wp-json\/wp\/v2\/posts\/8793","targetHints":{"allow":["GET"]}}],"collection":[{"href":"https:\/\/relocations.io\/pt\/wp-json\/wp\/v2\/posts"}],"about":[{"href":"https:\/\/relocations.io\/pt\/wp-json\/wp\/v2\/types\/post"}],"author":[{"embeddable":true,"href":"https:\/\/relocations.io\/pt\/wp-json\/wp\/v2\/users\/2"}],"replies":[{"embeddable":true,"href":"https:\/\/relocations.io\/pt\/wp-json\/wp\/v2\/comments?post=8793"}],"version-history":[{"count":0,"href":"https:\/\/relocations.io\/pt\/wp-json\/wp\/v2\/posts\/8793\/revisions"}],"wp:featuredmedia":[{"embeddable":true,"href":"https:\/\/relocations.io\/pt\/wp-json\/wp\/v2\/media\/8591"}],"wp:attachment":[{"href":"https:\/\/relocations.io\/pt\/wp-json\/wp\/v2\/media?parent=8793"}],"wp:term":[{"taxonomy":"category","embeddable":true,"href":"https:\/\/relocations.io\/pt\/wp-json\/wp\/v2\/categories?post=8793"},{"taxonomy":"post_tag","embeddable":true,"href":"https:\/\/relocations.io\/pt\/wp-json\/wp\/v2\/tags?post=8793"}],"curies":[{"name":"wp","href":"https:\/\/api.w.org\/{rel}","templated":true}]}}