{"id":8171,"date":"2024-06-28T10:00:31","date_gmt":"2024-06-28T09:00:31","guid":{"rendered":"https:\/\/relocations.io\/?p=8171"},"modified":"2024-09-10T13:39:37","modified_gmt":"2024-09-10T12:39:37","slug":"o-movimento-lgbtq-na-europa","status":"publish","type":"post","link":"https:\/\/relocations.io\/pt\/o-movimento-lgbtq-na-europa\/","title":{"rendered":"O movimento LGBTQ+ na Europa"},"content":{"rendered":"<div data-elementor-type=\"wp-post\" data-elementor-id=\"8171\" class=\"elementor elementor-8171\" data-elementor-settings=\"{&quot;ha_cmc_init_switcher&quot;:&quot;no&quot;}\" data-elementor-post-type=\"post\">\n\t\t\t\t\t\t<section class=\"elementor-section elementor-top-section elementor-element elementor-element-52d4518d elementor-section-boxed elementor-section-height-default elementor-section-height-default\" data-id=\"52d4518d\" data-element_type=\"section\" data-settings=\"{&quot;_ha_eqh_enable&quot;:false}\">\n\t\t\t\t\t\t<div class=\"elementor-container elementor-column-gap-default\">\n\t\t\t\t\t<div class=\"elementor-column elementor-col-100 elementor-top-column elementor-element elementor-element-715c1469\" data-id=\"715c1469\" data-element_type=\"column\">\n\t\t\t<div class=\"elementor-widget-wrap elementor-element-populated\">\n\t\t\t\t\t\t<section class=\"elementor-section elementor-inner-section elementor-element elementor-element-fc03aa0 elementor-section-boxed elementor-section-height-default elementor-section-height-default\" data-id=\"fc03aa0\" data-element_type=\"section\" data-settings=\"{&quot;_ha_eqh_enable&quot;:false}\">\n\t\t\t\t\t\t<div class=\"elementor-container elementor-column-gap-default\">\n\t\t\t\t\t<div class=\"elementor-column elementor-col-100 elementor-inner-column elementor-element elementor-element-3137753f\" data-id=\"3137753f\" data-element_type=\"column\">\n\t\t\t<div class=\"elementor-widget-wrap elementor-element-populated\">\n\t\t\t\t\t\t<div class=\"elementor-element elementor-element-4168c46f elementor-widget elementor-widget-elementskit-heading\" data-id=\"4168c46f\" data-element_type=\"widget\" data-widget_type=\"elementskit-heading.default\">\n\t\t\t\t<div class=\"elementor-widget-container\">\n\t\t\t\t\t<div class=\"ekit-wid-con\" ><div class=\"ekit-heading elementskit-section-title-wraper text_center   ekit_heading_tablet-   ekit_heading_mobile-\"><h2 class=\"ekit-heading--title elementskit-section-title\">O movimento LGBTQ+ na Europa<\/h2><\/div><\/div>\t\t\t\t<\/div>\n\t\t\t\t<\/div>\n\t\t\t\t\t<\/div>\n\t\t<\/div>\n\t\t\t\t\t<\/div>\n\t\t<\/section>\n\t\t\t\t<section class=\"elementor-section elementor-inner-section elementor-element elementor-element-26cdc359 elementor-section-content-middle elementor-section-boxed elementor-section-height-default elementor-section-height-default\" data-id=\"26cdc359\" data-element_type=\"section\" data-settings=\"{&quot;_ha_eqh_enable&quot;:false}\">\n\t\t\t\t\t\t<div class=\"elementor-container elementor-column-gap-default\">\n\t\t\t\t\t<div class=\"elementor-column elementor-col-50 elementor-inner-column elementor-element elementor-element-4c168ae1 elementor-hidden-phone\" data-id=\"4c168ae1\" data-element_type=\"column\" data-settings=\"{&quot;background_background&quot;:&quot;classic&quot;}\">\n\t\t\t<div class=\"elementor-widget-wrap elementor-element-populated\">\n\t\t\t\t\t\t<div class=\"elementor-element elementor-element-205fb93b elementor-widget elementor-widget-image\" data-id=\"205fb93b\" data-element_type=\"widget\" data-widget_type=\"image.default\">\n\t\t\t\t<div class=\"elementor-widget-container\">\n\t\t\t\t\t\t\t\t\t\t\t\t\t\t\t<img fetchpriority=\"high\" decoding=\"async\" width=\"6912\" height=\"3456\" src=\"https:\/\/i0.wp.com\/relocations.io\/wp-content\/uploads\/lgbt-family.png?fit=6912%2C3456&amp;ssl=1\" class=\"attachment-full size-full wp-image-61882\" alt=\"\" srcset=\"https:\/\/i0.wp.com\/relocations.io\/wp-content\/uploads\/lgbt-family.png?w=6912&amp;ssl=1 6912w, https:\/\/i0.wp.com\/relocations.io\/wp-content\/uploads\/lgbt-family.png?resize=300%2C150&amp;ssl=1 300w, https:\/\/i0.wp.com\/relocations.io\/wp-content\/uploads\/lgbt-family.png?resize=1024%2C512&amp;ssl=1 1024w, https:\/\/i0.wp.com\/relocations.io\/wp-content\/uploads\/lgbt-family.png?resize=768%2C384&amp;ssl=1 768w, https:\/\/i0.wp.com\/relocations.io\/wp-content\/uploads\/lgbt-family.png?resize=1536%2C768&amp;ssl=1 1536w, https:\/\/i0.wp.com\/relocations.io\/wp-content\/uploads\/lgbt-family.png?resize=18%2C9&amp;ssl=1 18w, https:\/\/i0.wp.com\/relocations.io\/wp-content\/uploads\/lgbt-family.png?resize=1920%2C960&amp;ssl=1 1920w, https:\/\/i0.wp.com\/relocations.io\/wp-content\/uploads\/lgbt-family.png?resize=600%2C300&amp;ssl=1 600w, https:\/\/i0.wp.com\/relocations.io\/wp-content\/uploads\/lgbt-family.png?w=2160&amp;ssl=1 2160w, https:\/\/i0.wp.com\/relocations.io\/wp-content\/uploads\/lgbt-family.png?w=3240&amp;ssl=1 3240w\" sizes=\"(max-width: 1080px) 100vw, 1080px\" \/>\t\t\t\t\t\t\t\t\t\t\t\t\t\t\t<\/div>\n\t\t\t\t<\/div>\n\t\t\t\t\t<\/div>\n\t\t<\/div>\n\t\t\t\t<div class=\"elementor-column elementor-col-50 elementor-inner-column elementor-element elementor-element-31822d1e\" data-id=\"31822d1e\" data-element_type=\"column\" data-settings=\"{&quot;background_background&quot;:&quot;slideshow&quot;,&quot;background_slideshow_gallery&quot;:[],&quot;background_slideshow_loop&quot;:&quot;yes&quot;,&quot;background_slideshow_slide_duration&quot;:5000,&quot;background_slideshow_slide_transition&quot;:&quot;fade&quot;,&quot;background_slideshow_transition_duration&quot;:500}\">\n\t\t\t<div class=\"elementor-widget-wrap elementor-element-populated\">\n\t\t\t\t\t\t<div class=\"elementor-element elementor-element-dcce709 elementor-widget elementor-widget-text-editor\" data-id=\"dcce709\" data-element_type=\"widget\" data-widget_type=\"text-editor.default\">\n\t\t\t\t<div class=\"elementor-widget-container\">\n\t\t\t\t\t\t\t\t\t<p>Embora as rela\u00e7\u00f5es entre pessoas do mesmo sexo fossem bastante comuns na Gr\u00e9cia antiga, em Roma e nas sociedades celtas pag\u00e3s, surgiram leis severas contra o comportamento homossexual quando o Cristianismo se tornou a religi\u00e3o oficial do Imp\u00e9rio Romano. As autoridades europeias consideraram os actos homossexuais, designados por sodomia, como crimes capitais, o que levou \u00e0 execu\u00e7\u00e3o de milhares de homossexuais durante as vagas de persegui\u00e7\u00e3o ao longo dos s\u00e9culos. Embora punissem com menos frequ\u00eancia as rela\u00e7\u00f5es l\u00e9sbicas, continuaram a perseguir e a executar muitas mulheres.<\/p>\t\t\t\t\t\t\t\t<\/div>\n\t\t\t\t<\/div>\n\t\t\t\t<div class=\"elementor-element elementor-element-e76557c elementor-widget__width-initial elementor-widget elementor-widget-text-editor\" data-id=\"e76557c\" data-element_type=\"widget\" data-widget_type=\"text-editor.default\">\n\t\t\t\t<div class=\"elementor-widget-container\">\n\t\t\t\t\t\t\t\t\t<p>Durante s\u00e9culos, os indiv\u00edduos LGBTQ+ tiveram de viver vidas escondidas devido \u00e0 forte desaprova\u00e7\u00e3o moral e social das sociedades heteronormativas em todo o mundo <a href=\"https:\/\/relocations.io\/americans-moving-abroad-for-stability\/\" data-wpil-monitor-id=\"15\">Europa<\/a>. S\u00f3 quando o movimento moderno pelos direitos LGBTQ+ come\u00e7ou, em 1969, \u00e9 que se come\u00e7aram a registar mudan\u00e7as significativas.<\/p>\t\t\t\t\t\t\t\t<\/div>\n\t\t\t\t<\/div>\n\t\t\t\t<div class=\"elementor-element elementor-element-e88632b elementor-widget elementor-widget-spacer\" data-id=\"e88632b\" data-element_type=\"widget\" data-widget_type=\"spacer.default\">\n\t\t\t\t<div class=\"elementor-widget-container\">\n\t\t\t\t\t\t\t<div class=\"elementor-spacer\">\n\t\t\t<div class=\"elementor-spacer-inner\"><\/div>\n\t\t<\/div>\n\t\t\t\t\t\t<\/div>\n\t\t\t\t<\/div>\n\t\t\t\t<div class=\"elementor-element elementor-element-3a4e1d5 elementor-widget elementor-widget-text-editor\" data-id=\"3a4e1d5\" data-element_type=\"widget\" data-widget_type=\"text-editor.default\">\n\t\t\t\t<div class=\"elementor-widget-container\">\n\t\t\t\t\t\t\t\t\t<p>Atualmente, os direitos LGBTQ+ em <a href=\"https:\/\/relocations.io\/moving-from-canada-to-portugal-a-comprehensive-guide\/\" data-wpil-monitor-id=\"114\">Europa<\/a> variam muito consoante o pa\u00eds. Dezasseis dos 28 pa\u00edses do mundo que legalizaram o casamento entre pessoas do mesmo sexo situam-se na Europa. Outros treze pa\u00edses europeus legalizaram as uni\u00f5es civis ou outras formas de reconhecimento limitado para casais do mesmo sexo<\/p>\t\t\t\t\t\t\t\t<\/div>\n\t\t\t\t<\/div>\n\t\t\t\t<div class=\"elementor-element elementor-element-c934617 elementor-widget elementor-widget-text-editor\" data-id=\"c934617\" data-element_type=\"widget\" data-widget_type=\"text-editor.default\">\n\t\t\t\t<div class=\"elementor-widget-container\">\n\t\t\t\t\t\t\t\t\t<p>De acordo com a Gallup, v\u00e1rios dos principais pa\u00edses europeus est\u00e3o entre os mais amigos das pessoas LGBTQ+ do mundo. Pa\u00edses como a Holanda, Espanha, Portugal e Dinamarca ocupam lugares de destaque em v\u00e1rias listas pelas suas atitudes e pol\u00edticas progressistas.<\/p>\t\t\t\t\t\t\t\t<\/div>\n\t\t\t\t<\/div>\n\t\t\t\t\t<\/div>\n\t\t<\/div>\n\t\t\t\t\t<\/div>\n\t\t<\/section>\n\t\t\t\t\t<\/div>\n\t\t<\/div>\n\t\t\t\t\t<\/div>\n\t\t<\/section>\n\t\t\t\t<section class=\"elementor-section elementor-top-section elementor-element elementor-element-2d483515 elementor-section-boxed elementor-section-height-default elementor-section-height-default\" data-id=\"2d483515\" data-element_type=\"section\" data-settings=\"{&quot;background_background&quot;:&quot;classic&quot;,&quot;_ha_eqh_enable&quot;:false}\">\n\t\t\t\t\t\t<div class=\"elementor-container elementor-column-gap-no\">\n\t\t\t\t\t<div class=\"elementor-column elementor-col-100 elementor-top-column elementor-element elementor-element-73b34010\" data-id=\"73b34010\" data-element_type=\"column\">\n\t\t\t<div class=\"elementor-widget-wrap elementor-element-populated\">\n\t\t\t\t\t\t<section class=\"elementor-section elementor-inner-section elementor-element elementor-element-255ed86d elementor-section-boxed elementor-section-height-default elementor-section-height-default\" data-id=\"255ed86d\" data-element_type=\"section\" data-settings=\"{&quot;_ha_eqh_enable&quot;:false}\">\n\t\t\t\t\t\t<div class=\"elementor-container elementor-column-gap-extended\">\n\t\t\t\t\t<div class=\"elementor-column elementor-col-50 elementor-inner-column elementor-element elementor-element-1c3c0cc0\" data-id=\"1c3c0cc0\" data-element_type=\"column\">\n\t\t\t<div class=\"elementor-widget-wrap elementor-element-populated\">\n\t\t\t\t\t\t<div class=\"elementor-element elementor-element-2a0c3748 ekit-equal-height-disable elementor-widget elementor-widget-elementskit-icon-box\" data-id=\"2a0c3748\" data-element_type=\"widget\" data-widget_type=\"elementskit-icon-box.default\">\n\t\t\t\t<div class=\"elementor-widget-container\">\n\t\t\t\t\t<div class=\"ekit-wid-con\" >        <!-- link opening -->\n                <a href=\"#\" class=\"ekit_global_links\">\n                <!-- end link opening -->\n\n        <div class=\"elementskit-infobox text-left text-left icon-top-align elementor-animation-  gradient-active  hover_from_top\">\n                    <div class=\"elementskit-box-header elementor-animation-\">\n                <div class=\"elementskit-info-box-icon\">\n                    \n                <\/div>\n          <\/div>\n                        <div class=\"box-body\">\n                            <h3 class=\"elementskit-info-box-title\">\n                    O que \u00e9 que torna um pa\u00eds amigo das pessoas LGBTQ+?                <\/h3>\n                        \t\t  \t<p>O \u00cdndice de Viagens Gay da Spartacus classifica os 12 pa\u00edses mais amigos das pessoas LGBTQ+ na Europa. Este estudo anual, que tem vindo a recolher dados desde 2012, avalia os pa\u00edses com base em leis, seguran\u00e7a, atitudes locais e muito mais. As na\u00e7\u00f5es europeias progressistas com comunidades LGBTQ+ pr\u00f3speras legalizaram normalmente o casamento entre pessoas do mesmo sexo, a transi\u00e7\u00e3o de g\u00e9nero e a ado\u00e7\u00e3o por casais do mesmo sexo. Al\u00e9m disso, pol\u00edticas como as paradas oficiais do orgulho e os bairros LGBTQ+ contribuem para criar espa\u00e7os seguros para os membros da comunidade e permitir-lhes celebrar as suas identidades.<\/p>\n                                <\/div>\n        \n        \n                <\/div>\n                <\/a>\n        <\/div>\t\t\t\t<\/div>\n\t\t\t\t<\/div>\n\t\t\t\t\t<\/div>\n\t\t<\/div>\n\t\t\t\t<div class=\"elementor-column elementor-col-50 elementor-inner-column elementor-element elementor-element-58e3369c\" data-id=\"58e3369c\" data-element_type=\"column\">\n\t\t\t<div class=\"elementor-widget-wrap elementor-element-populated\">\n\t\t\t\t\t\t<div class=\"elementor-element elementor-element-5ea230ae ekit-equal-height-enable elementor-widget elementor-widget-elementskit-icon-box\" data-id=\"5ea230ae\" data-element_type=\"widget\" data-widget_type=\"elementskit-icon-box.default\">\n\t\t\t\t<div class=\"elementor-widget-container\">\n\t\t\t\t\t<div class=\"ekit-wid-con\" >        <!-- link opening -->\n                <a href=\"#\" class=\"ekit_global_links\">\n                <!-- end link opening -->\n\n        <div class=\"elementskit-infobox text-left text-left icon-top-align elementor-animation-  gradient-active  hover_from_top\">\n                    <div class=\"elementskit-box-header elementor-animation-\">\n                <div class=\"elementskit-info-box-icon\">\n                    \n                <\/div>\n          <\/div>\n                        <div class=\"box-body\">\n                            <h3 class=\"elementskit-info-box-title\">\n                    Como \u00e9 ser LGBTQ+ na Europa?                <\/h3>\n                        \t\t  \t<p>De acordo com a Gallup, os pa\u00edses europeus dominam a lista das na\u00e7\u00f5es mais amig\u00e1veis e hospitaleiras para com a comunidade LGBTQ+. \u00c9 not\u00e1vel o facto de os Pa\u00edses Baixos terem legalizado a homossexualidade j\u00e1 no s\u00e9culo XIX! Muitos pa\u00edses europeus conhecidos pelos seus valores progressistas deram passos significativos no sentido de garantir os direitos, a igualdade e a seguran\u00e7a das pessoas LGBTQ+ nas \u00faltimas duas d\u00e9cadas e est\u00e3o agora entre os pa\u00edses mais amigos das pessoas LGBTQ+ na Europa.<\/p>\n                                <\/div>\n        \n        \n                <\/div>\n                <\/a>\n        <\/div>\t\t\t\t<\/div>\n\t\t\t\t<\/div>\n\t\t\t\t\t<\/div>\n\t\t<\/div>\n\t\t\t\t\t<\/div>\n\t\t<\/section>\n\t\t<div class=\"elementor-element elementor-element-6f81551 e-flex e-con-boxed e-con e-parent\" data-id=\"6f81551\" data-element_type=\"container\" data-settings=\"{&quot;_ha_eqh_enable&quot;:false}\">\n\t\t\t\t\t<div class=\"e-con-inner\">\n\t\t\t\t<div class=\"elementor-element elementor-element-8034c76 elementor-widget elementor-widget-image\" data-id=\"8034c76\" data-element_type=\"widget\" data-widget_type=\"image.default\">\n\t\t\t\t<div class=\"elementor-widget-container\">\n\t\t\t\t\t\t\t\t\t\t\t\t\t\t\t<img decoding=\"async\" width=\"6912\" height=\"3456\" src=\"https:\/\/i0.wp.com\/relocations.io\/wp-content\/uploads\/lgbt-family13.png?fit=6912%2C3456&amp;ssl=1\" class=\"attachment-full size-full wp-image-61902\" alt=\"\" srcset=\"https:\/\/i0.wp.com\/relocations.io\/wp-content\/uploads\/lgbt-family13.png?w=6912&amp;ssl=1 6912w, https:\/\/i0.wp.com\/relocations.io\/wp-content\/uploads\/lgbt-family13.png?resize=300%2C150&amp;ssl=1 300w, https:\/\/i0.wp.com\/relocations.io\/wp-content\/uploads\/lgbt-family13.png?resize=1024%2C512&amp;ssl=1 1024w, https:\/\/i0.wp.com\/relocations.io\/wp-content\/uploads\/lgbt-family13.png?resize=768%2C384&amp;ssl=1 768w, https:\/\/i0.wp.com\/relocations.io\/wp-content\/uploads\/lgbt-family13.png?resize=1536%2C768&amp;ssl=1 1536w, https:\/\/i0.wp.com\/relocations.io\/wp-content\/uploads\/lgbt-family13.png?resize=18%2C9&amp;ssl=1 18w, https:\/\/i0.wp.com\/relocations.io\/wp-content\/uploads\/lgbt-family13.png?resize=1920%2C960&amp;ssl=1 1920w, https:\/\/i0.wp.com\/relocations.io\/wp-content\/uploads\/lgbt-family13.png?resize=600%2C300&amp;ssl=1 600w, https:\/\/i0.wp.com\/relocations.io\/wp-content\/uploads\/lgbt-family13.png?w=2160&amp;ssl=1 2160w, https:\/\/i0.wp.com\/relocations.io\/wp-content\/uploads\/lgbt-family13.png?w=3240&amp;ssl=1 3240w\" sizes=\"(max-width: 1080px) 100vw, 1080px\" \/>\t\t\t\t\t\t\t\t\t\t\t\t\t\t\t<\/div>\n\t\t\t\t<\/div>\n\t\t\t\t\t<\/div>\n\t\t\t\t<\/div>\n\t\t\t\t\t<\/div>\n\t\t<\/div>\n\t\t\t\t\t<\/div>\n\t\t<\/section>\n\t\t\t\t<section class=\"elementor-section elementor-top-section elementor-element elementor-element-6355c3d elementor-section-boxed elementor-section-height-default elementor-section-height-default\" data-id=\"6355c3d\" data-element_type=\"section\" data-settings=\"{&quot;background_background&quot;:&quot;classic&quot;,&quot;_ha_eqh_enable&quot;:false}\">\n\t\t\t\t\t\t<div class=\"elementor-container elementor-column-gap-no\">\n\t\t\t\t\t<div class=\"elementor-column elementor-col-100 elementor-top-column elementor-element elementor-element-7f53b71\" data-id=\"7f53b71\" data-element_type=\"column\">\n\t\t\t<div class=\"elementor-widget-wrap elementor-element-populated\">\n\t\t\t\t\t\t<div class=\"elementor-element elementor-element-74a617d elementor-widget elementor-widget-text-editor\" data-id=\"74a617d\" data-element_type=\"widget\" data-widget_type=\"text-editor.default\">\n\t\t\t\t<div class=\"elementor-widget-container\">\n\t\t\t\t\t\t\t\t\t<h3>Se est\u00e1 a pensar em mudar-se, <a href=\"https:\/\/relocations.io\/exploring-the-enchantment-vigos-delightful-christmas-market\/\" data-wpil-monitor-id=\"120\">explorar alguns dos pa\u00edses mais amigos das pessoas LGBTQ+ na Europa<\/a> para encontrar um ambiente acolhedor e solid\u00e1rio.<\/h3>\t\t\t\t\t\t\t\t<\/div>\n\t\t\t\t<\/div>\n\t\t\t\t\t<\/div>\n\t\t<\/div>\n\t\t\t\t\t<\/div>\n\t\t<\/section>\n\t\t\t\t<section class=\"elementor-section elementor-top-section elementor-element elementor-element-5b6d0d97 elementor-section-boxed elementor-section-height-default elementor-section-height-default\" data-id=\"5b6d0d97\" data-element_type=\"section\" data-settings=\"{&quot;_ha_eqh_enable&quot;:false}\">\n\t\t\t\t\t\t<div class=\"elementor-container elementor-column-gap-default\">\n\t\t\t\t\t<div class=\"elementor-column elementor-col-100 elementor-top-column elementor-element elementor-element-2075084\" data-id=\"2075084\" data-element_type=\"column\" data-settings=\"{&quot;background_background&quot;:&quot;gradient&quot;}\">\n\t\t\t<div class=\"elementor-widget-wrap elementor-element-populated\">\n\t\t\t\t\t\t<div class=\"elementor-element elementor-element-b5261bb elementor-position-top elementor-widget elementor-widget-image-box\" data-id=\"b5261bb\" data-element_type=\"widget\" data-widget_type=\"image-box.default\">\n\t\t\t\t<div class=\"elementor-widget-container\">\n\t\t\t\t\t<div class=\"elementor-image-box-wrapper\"><figure class=\"elementor-image-box-img\"><img decoding=\"async\" width=\"64\" height=\"87\" src=\"https:\/\/i0.wp.com\/relocations.io\/wp-content\/uploads\/2024\/08\/64px-LGBT_flag_map_of_Germany.svg.png?fit=64%2C87&amp;ssl=1\" class=\"attachment-full size-full wp-image-8216\" alt=\"\" srcset=\"https:\/\/i0.wp.com\/relocations.io\/wp-content\/uploads\/2024\/08\/64px-LGBT_flag_map_of_Germany.svg.png?w=64&amp;ssl=1 64w, https:\/\/i0.wp.com\/relocations.io\/wp-content\/uploads\/2024\/08\/64px-LGBT_flag_map_of_Germany.svg.png?resize=9%2C12&amp;ssl=1 9w, https:\/\/i0.wp.com\/relocations.io\/wp-content\/uploads\/2024\/08\/64px-LGBT_flag_map_of_Germany.svg.png?resize=37%2C50&amp;ssl=1 37w\" sizes=\"(max-width: 64px) 100vw, 64px\" \/><\/figure><div class=\"elementor-image-box-content\"><h3 class=\"elementor-image-box-title\">Alemanha<\/h3><\/div><\/div>\t\t\t\t<\/div>\n\t\t\t\t<\/div>\n\t\t\t\t<div class=\"elementor-element elementor-element-9060f45 elementor-widget elementor-widget-text-editor\" data-id=\"9060f45\" data-element_type=\"widget\" data-widget_type=\"text-editor.default\">\n\t\t\t\t<div class=\"elementor-widget-container\">\n\t\t\t\t\t\t\t\t\t<p>A Alemanha acolhe a comunidade LGBTQ+ de bra\u00e7os abertos, ostentando uma vibrante cena gay em Berlim e um n\u00famero de pol\u00edticos abertamente LGBTQ+. Este centro cultural oferece excelentes vistas, gastronomia de alta qualidade e um p\u00fablico robusto <a href=\"https:\/\/relocations.io\/services\/\">servi\u00e7os<\/a>incluindo a educa\u00e7\u00e3o e os transportes.<\/p><p><b>Direitos LGBTQ+ na Alemanha<\/b><br \/>A Alemanha aprovou v\u00e1rias leis anti-discrimina\u00e7\u00e3o em 1991, incluindo direitos legais de mudan\u00e7a de g\u00e9nero e protec\u00e7\u00f5es contra crimes de \u00f3dio. O casamento entre pessoas do mesmo sexo foi legalizado em 2017 e, em 2020, o pa\u00eds reconheceu formalmente uma terceira op\u00e7\u00e3o de g\u00e9nero. A Alemanha tamb\u00e9m proibiu a terapia de convers\u00e3o para menores e levantou as restri\u00e7\u00f5es \u00e0s doa\u00e7\u00f5es de sangue em 2023.<\/p><p>Com cerca de 30 eventos de orgulho anuais, incluindo o Orgulho de Berlim, o Carnaval de Col\u00f3nia e o Oktoberfest de Munique, a Alemanha possui uma rica cultura LGBTQ+. Cidades como Berlim t\u00eam uma vibrante vida nocturna LGBTQ+ e bairros como Schoenberg e Kreuzberg oferecem espa\u00e7os seguros e apoio a empresas LGBTQ+.<\/p>\t\t\t\t\t\t\t\t<\/div>\n\t\t\t\t<\/div>\n\t\t\t\t<div class=\"elementor-element elementor-element-dcce8b5 elementor-position-top elementor-widget elementor-widget-image-box\" data-id=\"dcce8b5\" data-element_type=\"widget\" data-widget_type=\"image-box.default\">\n\t\t\t\t<div class=\"elementor-widget-container\">\n\t\t\t\t\t<div class=\"elementor-image-box-wrapper\"><figure class=\"elementor-image-box-img\"><img loading=\"lazy\" decoding=\"async\" width=\"64\" height=\"76\" src=\"https:\/\/i0.wp.com\/relocations.io\/wp-content\/uploads\/64px-LGBT_flag_map_of_the_Netherlands.svg.png?fit=64%2C76&amp;ssl=1\" class=\"attachment-full size-full wp-image-61960\" alt=\"\" srcset=\"https:\/\/i0.wp.com\/relocations.io\/wp-content\/uploads\/64px-LGBT_flag_map_of_the_Netherlands.svg.png?w=64&amp;ssl=1 64w, https:\/\/i0.wp.com\/relocations.io\/wp-content\/uploads\/64px-LGBT_flag_map_of_the_Netherlands.svg.png?resize=10%2C12&amp;ssl=1 10w\" sizes=\"(max-width: 64px) 100vw, 64px\" \/><\/figure><div class=\"elementor-image-box-content\"><h3 class=\"elementor-image-box-title\">Pa\u00edses Baixos<\/h3><\/div><\/div>\t\t\t\t<\/div>\n\t\t\t\t<\/div>\n\t\t\t\t<div class=\"elementor-element elementor-element-a91304a elementor-widget elementor-widget-text-editor\" data-id=\"a91304a\" data-element_type=\"widget\" data-widget_type=\"text-editor.default\">\n\t\t\t\t<div class=\"elementor-widget-container\">\n\t\t\t\t\t\t\t\t\t<p>Os Pa\u00edses Baixos s\u00e3o amplamente reconhecidos como um dos pa\u00edses mais progressistas do mundo e est\u00e3o constantemente classificados como um destino de topo para os expatriados. Amesterd\u00e3o, a sua capital, \u00e9 um c\u00e9lebre ponto de encontro LGBTQ+. O pa\u00eds possui paisagens deslumbrantes e um n\u00famero de universidades de topo que s\u00e3o amigas das pessoas LGBTQ+.<\/p><p><b>Direitos LGBTQ+ nos Pa\u00edses Baixos<\/b><br \/>Tendo sido o primeiro pa\u00eds do mundo a legalizar o casamento entre pessoas do mesmo sexo em 2001, os Pa\u00edses Baixos s\u00e3o, desde h\u00e1 muito, um l\u00edder na toler\u00e2ncia e aceita\u00e7\u00e3o das pessoas LGBTQ+. A legisla\u00e7\u00e3o protege os indiv\u00edduos LGBTQ+ ao reconhecer plenamente a ado\u00e7\u00e3o por casais do mesmo sexo e ao permitir que as pessoas transg\u00e9nero mudem o seu g\u00e9nero nos documentos oficiais, independentemente de se submeterem a procedimentos de mudan\u00e7a de g\u00e9nero.<\/p><p>Para al\u00e9m de Amesterd\u00e3o, cidades como Amstelveen, Roterd\u00e3o, Utrecht, Haia e Scheveningen oferecem uma variedade de discotecas, lojas, bares, hot\u00e9is e restaurantes amigos das pessoas LGBTQ+. Amesterd\u00e3o acolhe anualmente o Gay Pride Amsterdam, com uma vida nocturna vibrante e numerosos eventos LGBTQ+ ao longo do ano.<\/p>\t\t\t\t\t\t\t\t<\/div>\n\t\t\t\t<\/div>\n\t\t\t\t<div class=\"elementor-element elementor-element-5d81384 elementor-position-top elementor-widget elementor-widget-image-box\" data-id=\"5d81384\" data-element_type=\"widget\" data-widget_type=\"image-box.default\">\n\t\t\t\t<div class=\"elementor-widget-container\">\n\t\t\t\t\t<div class=\"elementor-image-box-wrapper\"><figure class=\"elementor-image-box-img\"><img loading=\"lazy\" decoding=\"async\" width=\"64\" height=\"140\" src=\"https:\/\/i0.wp.com\/relocations.io\/wp-content\/uploads\/2024\/08\/64px-LGBT_flag_map_of_Portugal.svg.png?fit=64%2C140&amp;ssl=1\" class=\"attachment-full size-full wp-image-8227\" alt=\"\" srcset=\"https:\/\/i0.wp.com\/relocations.io\/wp-content\/uploads\/2024\/08\/64px-LGBT_flag_map_of_Portugal.svg.png?w=64&amp;ssl=1 64w, https:\/\/i0.wp.com\/relocations.io\/wp-content\/uploads\/2024\/08\/64px-LGBT_flag_map_of_Portugal.svg.png?resize=5%2C12&amp;ssl=1 5w, https:\/\/i0.wp.com\/relocations.io\/wp-content\/uploads\/2024\/08\/64px-LGBT_flag_map_of_Portugal.svg.png?resize=23%2C50&amp;ssl=1 23w, https:\/\/i0.wp.com\/relocations.io\/wp-content\/uploads\/2024\/08\/64px-LGBT_flag_map_of_Portugal.svg.png?resize=46%2C100&amp;ssl=1 46w\" sizes=\"(max-width: 64px) 100vw, 64px\" \/><\/figure><div class=\"elementor-image-box-content\"><h3 class=\"elementor-image-box-title\">Portugal<\/h3><\/div><\/div>\t\t\t\t<\/div>\n\t\t\t\t<\/div>\n\t\t\t\t<div class=\"elementor-element elementor-element-34a133e elementor-widget elementor-widget-text-editor\" data-id=\"34a133e\" data-element_type=\"widget\" data-widget_type=\"text-editor.default\">\n\t\t\t\t<div class=\"elementor-widget-container\">\n\t\t\t\t\t\t\t\t\t<p><a href=\"https:\/\/relocations.io\/your-guide-to-visa-requirements-and-citizenship-in-portugal-navigating-your-path-to-a-new-life\/\">Portugal oferece in\u00fameras vantagens<\/a>incluindo um clima quente, pessoas amig\u00e1veis, baixo custo de vida, educa\u00e7\u00e3o de qualidade e cuidados de sa\u00fade p\u00fablicos. \u00c9 tamb\u00e9m um dos pa\u00edses mais seguros com pol\u00edticas progressistas para a comunidade LGBTQ+.<\/p><p><b>Direitos LGBTQ+ em Portugal<\/b><br \/>Portugal legalizou o casamento entre pessoas do mesmo sexo em 2010, e os casais estrangeiros do mesmo sexo com um dos parceiros com resid\u00eancia permanente podem requerer uma autoriza\u00e7\u00e3o de resid\u00eancia de dois anos. O casamento com um cidad\u00e3o portugu\u00eas permite a elegibilidade para a cidadania portuguesa ao fim de tr\u00eas anos. A ado\u00e7\u00e3o por casais do mesmo sexo foi legalizada em 2016 e os casais do mesmo sexo t\u00eam igual acesso a tratamentos de fertiliza\u00e7\u00e3o in vitro. Al\u00e9m disso, o imposto sucess\u00f3rio est\u00e1 isento para os casais do mesmo sexo e os seus filhos.<\/p><p>A Lei da Identidade de G\u00e9nero de 2011 \u00e9 uma das mais progressistas do mundo. <a href=\"https:\/\/relocations.io\/savoring-lisbon-a-culinary-journey\/\">Lisboa possui uma vibrante<\/a> Cen\u00e1rio LGBTQ+ com bairros como o Pr\u00edncipe Real e o Bairro Alto, bem como eventos importantes como o Lisbon Pride e o Lisbon Gay Film Festival.<\/p>\t\t\t\t\t\t\t\t<\/div>\n\t\t\t\t<\/div>\n\t\t\t\t<div class=\"elementor-element elementor-element-dd9caf2 elementor-position-top elementor-widget elementor-widget-image-box\" data-id=\"dd9caf2\" data-element_type=\"widget\" data-widget_type=\"image-box.default\">\n\t\t\t\t<div class=\"elementor-widget-container\">\n\t\t\t\t\t<div class=\"elementor-image-box-wrapper\"><figure class=\"elementor-image-box-img\"><img loading=\"lazy\" decoding=\"async\" width=\"64\" height=\"151\" src=\"https:\/\/i0.wp.com\/relocations.io\/wp-content\/uploads\/2024\/08\/64px-LGBT_flag_map_of_Sweden.svg.png?fit=64%2C151&amp;ssl=1\" class=\"attachment-full size-full wp-image-8222\" alt=\"\" srcset=\"https:\/\/i0.wp.com\/relocations.io\/wp-content\/uploads\/2024\/08\/64px-LGBT_flag_map_of_Sweden.svg.png?w=64&amp;ssl=1 64w, https:\/\/i0.wp.com\/relocations.io\/wp-content\/uploads\/2024\/08\/64px-LGBT_flag_map_of_Sweden.svg.png?resize=5%2C12&amp;ssl=1 5w, https:\/\/i0.wp.com\/relocations.io\/wp-content\/uploads\/2024\/08\/64px-LGBT_flag_map_of_Sweden.svg.png?resize=21%2C50&amp;ssl=1 21w, https:\/\/i0.wp.com\/relocations.io\/wp-content\/uploads\/2024\/08\/64px-LGBT_flag_map_of_Sweden.svg.png?resize=42%2C100&amp;ssl=1 42w\" sizes=\"(max-width: 64px) 100vw, 64px\" \/><\/figure><div class=\"elementor-image-box-content\"><h3 class=\"elementor-image-box-title\">Su\u00e9cia<\/h3><\/div><\/div>\t\t\t\t<\/div>\n\t\t\t\t<\/div>\n\t\t\t\t<div class=\"elementor-element elementor-element-34bfc95 elementor-widget elementor-widget-text-editor\" data-id=\"34bfc95\" data-element_type=\"widget\" data-widget_type=\"text-editor.default\">\n\t\t\t\t<div class=\"elementor-widget-container\">\n\t\t\t\t\t\t\t\t\t<p>A Su\u00e9cia \u00e9 conhecida pela sua elevada qualidade de vida, pelos excelentes transportes p\u00fablicos e pelo seu sistema de sa\u00fade de alto n\u00edvel. Com as suas belas paisagens e baixos n\u00edveis de polui\u00e7\u00e3o, a Su\u00e9cia \u00e9 um local atrativo para viver.<\/p><p><b>Direitos LGBTQ+ na Su\u00e9cia<\/b><br \/>A Su\u00e9cia est\u00e1 entre os <a href=\"https:\/\/relocations.io\/portugal-top-beaches-your-ultimate-guide\/\">Principais pa\u00edses europeus amigos das pessoas LGBTQ+<\/a>. Legalizou a mudan\u00e7a de g\u00e9nero em 1972 e o casamento entre pessoas do mesmo sexo em 2009. Os casais do mesmo sexo t\u00eam direitos de ado\u00e7\u00e3o e as comunidades LGBTQ+ recebem um forte apoio nas institui\u00e7\u00f5es acad\u00e9micas e educativas.<\/p><p>A Su\u00e9cia acolhe anualmente cerca de 50 eventos de orgulho, incluindo o Orgulho de Gotemburgo e de Estocolmo. Apesar de n\u00e3o existirem aldeias LGBTQ+ oficiais, o ambiente inclusivo da Su\u00e9cia significa que os indiv\u00edduos LGBTQ+ se misturam frequentemente em v\u00e1rios locais.<\/p>\t\t\t\t\t\t\t\t<\/div>\n\t\t\t\t<\/div>\n\t\t\t\t<div class=\"elementor-element elementor-element-68c5a5e elementor-position-top elementor-widget elementor-widget-image-box\" data-id=\"68c5a5e\" data-element_type=\"widget\" data-widget_type=\"image-box.default\">\n\t\t\t\t<div class=\"elementor-widget-container\">\n\t\t\t\t\t<div class=\"elementor-image-box-wrapper\"><figure class=\"elementor-image-box-img\"><img loading=\"lazy\" decoding=\"async\" width=\"64\" height=\"69\" src=\"https:\/\/i0.wp.com\/relocations.io\/wp-content\/uploads\/2024\/08\/64px-LGBT_flag_map_of_Norway.svg.png?fit=64%2C69&amp;ssl=1\" class=\"attachment-full size-full wp-image-8220\" alt=\"\" srcset=\"https:\/\/i0.wp.com\/relocations.io\/wp-content\/uploads\/2024\/08\/64px-LGBT_flag_map_of_Norway.svg.png?w=64&amp;ssl=1 64w, https:\/\/i0.wp.com\/relocations.io\/wp-content\/uploads\/2024\/08\/64px-LGBT_flag_map_of_Norway.svg.png?resize=11%2C12&amp;ssl=1 11w, https:\/\/i0.wp.com\/relocations.io\/wp-content\/uploads\/2024\/08\/64px-LGBT_flag_map_of_Norway.svg.png?resize=46%2C50&amp;ssl=1 46w\" sizes=\"(max-width: 64px) 100vw, 64px\" \/><\/figure><div class=\"elementor-image-box-content\"><h3 class=\"elementor-image-box-title\">Noruega<\/h3><\/div><\/div>\t\t\t\t<\/div>\n\t\t\t\t<\/div>\n\t\t\t\t<div class=\"elementor-element elementor-element-3bdb55e elementor-widget elementor-widget-text-editor\" data-id=\"3bdb55e\" data-element_type=\"widget\" data-widget_type=\"text-editor.default\">\n\t\t\t\t<div class=\"elementor-widget-container\">\n\t\t\t\t\t\t\t\t\t<p>A Noruega \u00e9 conhecida pela sua economia forte, baixas taxas de criminalidade, cuidados de sa\u00fade universais e um sistema educativo muito conceituado. \u00c9 tamb\u00e9m um dos pa\u00edses mais amigos das pessoas LGBTQ+ a n\u00edvel mundial.<\/p><p><b>Direitos LGBTQ+ na Noruega<\/b><br \/>A Noruega tem uma elevada aceita\u00e7\u00e3o social e leis robustas contra a discrimina\u00e7\u00e3o. O casamento entre pessoas do mesmo sexo foi legalizado em 2009 e os direitos de ado\u00e7\u00e3o foram concedidos no mesmo ano. O pa\u00eds tamb\u00e9m permite a mudan\u00e7a legal de g\u00e9nero e tem pol\u00edticas militares inclusivas.<\/p><p>Com mais de 30 eventos de orgulho anuais, incluindo o Festival do Orgulho de Oslo e o Orgulho \u00c1rtico de Troms\u00f8, a comunidade LGBTQ+ da Noruega \u00e9 ativa e apoiada. Embora existam poucas aldeias LGBTQ+ oficiais, Oslo acolhe muitos locais LGBTQ+ populares.<\/p><p>\u00a0<\/p>\t\t\t\t\t\t\t\t<\/div>\n\t\t\t\t<\/div>\n\t\t\t\t<div class=\"elementor-element elementor-element-ff057b3 elementor-position-top elementor-widget elementor-widget-image-box\" data-id=\"ff057b3\" data-element_type=\"widget\" data-widget_type=\"image-box.default\">\n\t\t\t\t<div class=\"elementor-widget-container\">\n\t\t\t\t\t<div class=\"elementor-image-box-wrapper\"><figure class=\"elementor-image-box-img\"><img loading=\"lazy\" decoding=\"async\" width=\"64\" height=\"63\" src=\"https:\/\/i0.wp.com\/relocations.io\/wp-content\/uploads\/2024\/08\/64px-LGBT_flag_map_of_France.svg.png?fit=64%2C63&amp;ssl=1\" class=\"attachment-full size-full wp-image-8219\" alt=\"\" srcset=\"https:\/\/i0.wp.com\/relocations.io\/wp-content\/uploads\/2024\/08\/64px-LGBT_flag_map_of_France.svg.png?w=64&amp;ssl=1 64w, https:\/\/i0.wp.com\/relocations.io\/wp-content\/uploads\/2024\/08\/64px-LGBT_flag_map_of_France.svg.png?resize=12%2C12&amp;ssl=1 12w, https:\/\/i0.wp.com\/relocations.io\/wp-content\/uploads\/2024\/08\/64px-LGBT_flag_map_of_France.svg.png?resize=50%2C50&amp;ssl=1 50w, https:\/\/i0.wp.com\/relocations.io\/wp-content\/uploads\/2024\/08\/64px-LGBT_flag_map_of_France.svg.png?resize=24%2C24&amp;ssl=1 24w, https:\/\/i0.wp.com\/relocations.io\/wp-content\/uploads\/2024\/08\/64px-LGBT_flag_map_of_France.svg.png?resize=48%2C48&amp;ssl=1 48w\" sizes=\"(max-width: 64px) 100vw, 64px\" \/><\/figure><div class=\"elementor-image-box-content\"><h3 class=\"elementor-image-box-title\">Fran\u00e7a<\/h3><\/div><\/div>\t\t\t\t<\/div>\n\t\t\t\t<\/div>\n\t\t\t\t<div class=\"elementor-element elementor-element-1f6deeb elementor-widget elementor-widget-text-editor\" data-id=\"1f6deeb\" data-element_type=\"widget\" data-widget_type=\"text-editor.default\">\n\t\t\t\t<div class=\"elementor-widget-container\">\n\t\t\t\t\t\t\t\t\t<p>A Fran\u00e7a \u00e9 conhecida pela sua elevada qualidade de vida, excelentes transportes p\u00fablicos, educa\u00e7\u00e3o acess\u00edvel e uma forte <a href=\"https:\/\/relocations.io\/navigating-visa-requirements-and-citizenship-in-france-your-pathway-to-a-new-beginning\/\">comunidade de expatriados<\/a>. O pa\u00eds tamb\u00e9m oferece excelentes cuidados de sa\u00fade e um custo de vida relativamente baixo.<\/p><p><b>Direitos LGBTQ+ em Fran\u00e7a<\/b><br \/>A Fran\u00e7a legalizou a homossexualidade em 1791 e introduziu leis anti-discrimina\u00e7\u00e3o entre 1982 e 2012. Em 2013, o pa\u00eds legalizou o casamento entre pessoas do mesmo sexo, seguido do direito de mudar de g\u00e9nero sem cirurgia em 2017. Em 2021, os tratamentos de fertiliza\u00e7\u00e3o in vitro passaram a estar dispon\u00edveis para casais de l\u00e9sbicas, marcando mais um passo em frente na igualdade.<\/p><p>O Orgulho de Paris e o Orgulho M\u00e1gico na Disneyland Paris s\u00e3o os principais eventos LGBTQ+, com cenas gay not\u00e1veis em Lyon, Toulouse e Biarritz. O bairro de Le Marais, em Paris, \u00e9 particularmente famoso pela sua vibrante vida nocturna LGBTQ+.<\/p>\t\t\t\t\t\t\t\t<\/div>\n\t\t\t\t<\/div>\n\t\t\t\t<div class=\"elementor-element elementor-element-9613104 elementor-position-top elementor-widget elementor-widget-image-box\" data-id=\"9613104\" data-element_type=\"widget\" data-widget_type=\"image-box.default\">\n\t\t\t\t<div class=\"elementor-widget-container\">\n\t\t\t\t\t<div class=\"elementor-image-box-wrapper\"><figure class=\"elementor-image-box-img\"><img loading=\"lazy\" decoding=\"async\" width=\"64\" height=\"53\" src=\"https:\/\/i0.wp.com\/relocations.io\/wp-content\/uploads\/2024\/08\/64px-LGBT_flag_map_of_Belgium.svg.png?fit=64%2C53&amp;ssl=1\" class=\"attachment-full size-full wp-image-8217\" alt=\"\" srcset=\"https:\/\/i0.wp.com\/relocations.io\/wp-content\/uploads\/2024\/08\/64px-LGBT_flag_map_of_Belgium.svg.png?w=64&amp;ssl=1 64w, https:\/\/i0.wp.com\/relocations.io\/wp-content\/uploads\/2024\/08\/64px-LGBT_flag_map_of_Belgium.svg.png?resize=14%2C12&amp;ssl=1 14w, https:\/\/i0.wp.com\/relocations.io\/wp-content\/uploads\/2024\/08\/64px-LGBT_flag_map_of_Belgium.svg.png?resize=50%2C41&amp;ssl=1 50w\" sizes=\"(max-width: 64px) 100vw, 64px\" \/><\/figure><div class=\"elementor-image-box-content\"><h3 class=\"elementor-image-box-title\">B\u00e9lgica<\/h3><\/div><\/div>\t\t\t\t<\/div>\n\t\t\t\t<\/div>\n\t\t\t\t<div class=\"elementor-element elementor-element-6348a99 elementor-widget elementor-widget-text-editor\" data-id=\"6348a99\" data-element_type=\"widget\" data-widget_type=\"text-editor.default\">\n\t\t\t\t<div class=\"elementor-widget-container\">\n\t\t\t\t\t\t\t\t\t<p>A B\u00e9lgica \u00e9 um destino tur\u00edstico popular, conhecido pelo seu elevado n\u00edvel de vida, baixas taxas de criminalidade e um rico patrim\u00f3nio culin\u00e1rio e arquitet\u00f3nico. Foi o segundo pa\u00eds do mundo a legalizar o casamento entre pessoas do mesmo sexo.<\/p><p><b>Direitos LGBTQ+ na B\u00e9lgica<\/b><br \/>A B\u00e9lgica descriminalizou as rela\u00e7\u00f5es entre pessoas do mesmo sexo em 1795 e foi das primeiras a adotar leis sobre transg\u00e9nero e anti-discrimina\u00e7\u00e3o. As cirurgias de mudan\u00e7a de sexo s\u00e3o bem vistas e os direitos de mudan\u00e7a de sexo foram legalmente reconhecidos em 2007.<\/p><p>A B\u00e9lgica acolhe anualmente cerca de quatro eventos de orgulho. As principais cidades t\u00eam uma cena LGBTQ+ animada, com numerosos clubes e bares que oferecem espa\u00e7os vibrantes para a comunidade.<\/p>\t\t\t\t\t\t\t\t<\/div>\n\t\t\t\t<\/div>\n\t\t\t\t<div class=\"elementor-element elementor-element-c2cae77 elementor-position-top elementor-widget elementor-widget-image-box\" data-id=\"c2cae77\" data-element_type=\"widget\" data-widget_type=\"image-box.default\">\n\t\t\t\t<div class=\"elementor-widget-container\">\n\t\t\t\t\t<div class=\"elementor-image-box-wrapper\"><figure class=\"elementor-image-box-img\"><img loading=\"lazy\" decoding=\"async\" width=\"64\" height=\"77\" src=\"https:\/\/i0.wp.com\/relocations.io\/wp-content\/uploads\/2024\/08\/64px-LGBT_flag_map_of_Denmark.svg.png?fit=64%2C77&amp;ssl=1\" class=\"attachment-full size-full wp-image-8223\" alt=\"\" srcset=\"https:\/\/i0.wp.com\/relocations.io\/wp-content\/uploads\/2024\/08\/64px-LGBT_flag_map_of_Denmark.svg.png?w=64&amp;ssl=1 64w, https:\/\/i0.wp.com\/relocations.io\/wp-content\/uploads\/2024\/08\/64px-LGBT_flag_map_of_Denmark.svg.png?resize=10%2C12&amp;ssl=1 10w, https:\/\/i0.wp.com\/relocations.io\/wp-content\/uploads\/2024\/08\/64px-LGBT_flag_map_of_Denmark.svg.png?resize=42%2C50&amp;ssl=1 42w\" sizes=\"(max-width: 64px) 100vw, 64px\" \/><\/figure><div class=\"elementor-image-box-content\"><h3 class=\"elementor-image-box-title\">Dinamarca<\/h3><\/div><\/div>\t\t\t\t<\/div>\n\t\t\t\t<\/div>\n\t\t\t\t<div class=\"elementor-element elementor-element-65e596e elementor-widget elementor-widget-text-editor\" data-id=\"65e596e\" data-element_type=\"widget\" data-widget_type=\"text-editor.default\">\n\t\t\t\t<div class=\"elementor-widget-container\">\n\t\t\t\t\t\t\t\t\t<p>A Dinamarca est\u00e1 constantemente classificada entre os pa\u00edses mais felizes do mundo, sendo celebrada pela sua igualdade social e forte sentido de comunidade. O pa\u00eds oferece educa\u00e7\u00e3o de alta qualidade e cuidados de sa\u00fade gratuitos, e muitos consideram-no um dos locais mais seguros para viver.<\/p><p><b>Direitos LGBTQ+ na Dinamarca<\/b><br \/>A Dinamarca foi um dos primeiros pa\u00edses a reconhecer as uni\u00f5es entre pessoas do mesmo sexo em 1989 e legalizou o casamento entre pessoas do mesmo sexo em 2012. O pa\u00eds tamb\u00e9m permite a ado\u00e7\u00e3o conjunta por casais do mesmo sexo e tem leis contra crimes de \u00f3dio que protegem a comunidade LGBTQ+.<\/p><p>Copenhaga tem uma cena LGBTQ+ pr\u00f3spera, com eventos anuais como o Copenhagen Pride. Os locais mais populares incluem o G-Bar e o Oscar, e o pa\u00eds \u00e9 o lar de universidades que acolhem a comunidade LGBTQ+.<\/p>\t\t\t\t\t\t\t\t<\/div>\n\t\t\t\t<\/div>\n\t\t\t\t<div class=\"elementor-element elementor-element-a98b08c elementor-position-top elementor-widget elementor-widget-image-box\" data-id=\"a98b08c\" data-element_type=\"widget\" data-widget_type=\"image-box.default\">\n\t\t\t\t<div class=\"elementor-widget-container\">\n\t\t\t\t\t<div class=\"elementor-image-box-wrapper\"><figure class=\"elementor-image-box-img\"><img loading=\"lazy\" decoding=\"async\" width=\"64\" height=\"52\" src=\"https:\/\/i0.wp.com\/relocations.io\/wp-content\/uploads\/2024\/08\/64px-LGBT_flag_map_of_Spain.svg.png?fit=64%2C52&amp;ssl=1\" class=\"attachment-full size-full wp-image-8215\" alt=\"\" srcset=\"https:\/\/i0.wp.com\/relocations.io\/wp-content\/uploads\/2024\/08\/64px-LGBT_flag_map_of_Spain.svg.png?w=64&amp;ssl=1 64w, https:\/\/i0.wp.com\/relocations.io\/wp-content\/uploads\/2024\/08\/64px-LGBT_flag_map_of_Spain.svg.png?resize=15%2C12&amp;ssl=1 15w, https:\/\/i0.wp.com\/relocations.io\/wp-content\/uploads\/2024\/08\/64px-LGBT_flag_map_of_Spain.svg.png?resize=50%2C41&amp;ssl=1 50w\" sizes=\"(max-width: 64px) 100vw, 64px\" \/><\/figure><div class=\"elementor-image-box-content\"><h3 class=\"elementor-image-box-title\">Espanha<\/h3><\/div><\/div>\t\t\t\t<\/div>\n\t\t\t\t<\/div>\n\t\t\t\t<div class=\"elementor-element elementor-element-8a520bf elementor-widget elementor-widget-text-editor\" data-id=\"8a520bf\" data-element_type=\"widget\" data-widget_type=\"text-editor.default\">\n\t\t\t\t<div class=\"elementor-widget-container\">\n\t\t\t\t\t\t\t\t\t<p>A Espanha \u00e9 famosa pela sua gastronomia, pelo seu panorama art\u00edstico din\u00e2mico e pela sua riqueza cultural. O pa\u00eds oferece numerosas oportunidades de emprego, o ingl\u00eas \u00e9 amplamente utilizado e o custo de vida \u00e9 baixo, o que o torna uma escolha popular para os expatriados.<br \/><br \/><b>Direitos LGBTQ+ em Espanha<\/b><br \/>A Espanha descriminalizou a homossexualidade em 1979 e tornou-se o terceiro pa\u00eds a legalizar o casamento entre pessoas do mesmo sexo em 2005, depois dos Pa\u00edses Baixos e da B\u00e9lgica. Em 1995, foram implementadas leis abrangentes contra a discrimina\u00e7\u00e3o e a Lei Trans de 2023 simplificou os procedimentos de reconhecimento do g\u00e9nero.<\/p><p>Espanha acolhe uma das maiores celebra\u00e7\u00f5es do orgulho LGBTQ+ do mundo, atraindo anualmente mais de 1,5 milh\u00f5es de pessoas. Madrid, Barcelona e Gran Canaria t\u00eam comunidades LGBTQ+ vibrantes, com destinos populares como Ibiza e Sitges.<\/p>\t\t\t\t\t\t\t\t<\/div>\n\t\t\t\t<\/div>\n\t\t\t\t<div class=\"elementor-element elementor-element-8a7c166 elementor-position-top elementor-widget elementor-widget-image-box\" data-id=\"8a7c166\" data-element_type=\"widget\" data-widget_type=\"image-box.default\">\n\t\t\t\t<div class=\"elementor-widget-container\">\n\t\t\t\t\t<div class=\"elementor-image-box-wrapper\"><figure class=\"elementor-image-box-img\"><img loading=\"lazy\" decoding=\"async\" width=\"64\" height=\"44\" src=\"https:\/\/i0.wp.com\/relocations.io\/wp-content\/uploads\/2024\/08\/64px-LGBT_flag_map_of_Iceland.svg.png?fit=64%2C44&amp;ssl=1\" class=\"attachment-full size-full wp-image-8224\" alt=\"\" srcset=\"https:\/\/i0.wp.com\/relocations.io\/wp-content\/uploads\/2024\/08\/64px-LGBT_flag_map_of_Iceland.svg.png?w=64&amp;ssl=1 64w, https:\/\/i0.wp.com\/relocations.io\/wp-content\/uploads\/2024\/08\/64px-LGBT_flag_map_of_Iceland.svg.png?resize=18%2C12&amp;ssl=1 18w, https:\/\/i0.wp.com\/relocations.io\/wp-content\/uploads\/2024\/08\/64px-LGBT_flag_map_of_Iceland.svg.png?resize=50%2C34&amp;ssl=1 50w\" sizes=\"(max-width: 64px) 100vw, 64px\" \/><\/figure><div class=\"elementor-image-box-content\"><h3 class=\"elementor-image-box-title\">Isl\u00e2ndia<\/h3><\/div><\/div>\t\t\t\t<\/div>\n\t\t\t\t<\/div>\n\t\t\t\t<div class=\"elementor-element elementor-element-47f3e3e elementor-widget elementor-widget-text-editor\" data-id=\"47f3e3e\" data-element_type=\"widget\" data-widget_type=\"text-editor.default\">\n\t\t\t\t<div class=\"elementor-widget-container\">\n\t\t\t\t\t\t\t\t\t<p>A Isl\u00e2ndia atrai os expatriados com a sua elevada esperan\u00e7a de vida, baixas taxas de criminalidade, igualdade de g\u00e9nero e excelente sistema educativo. O pa\u00eds oferece tamb\u00e9m paisagens de cortar a respira\u00e7\u00e3o e uma animada vida art\u00edstica e nocturna.<\/p><p><b>Direitos LGBTQ+ na Isl\u00e2ndia<\/b><br \/>A Isl\u00e2ndia legalizou a homossexualidade em 1940 e aprovou por unanimidade o casamento entre pessoas do mesmo sexo em 2010. Entre 1996 e 2018, os legisladores promulgaram v\u00e1rias leis anti-discrimina\u00e7\u00e3o e estabeleceram o reconhecimento de uma terceira op\u00e7\u00e3o de g\u00e9nero.<\/p><p>Apesar da sua pequena popula\u00e7\u00e3o, a Isl\u00e2ndia acolhe anualmente dois eventos de orgulho, sendo o Orgulho de Reiquiavique o maior. Na cidade, a cena LGBTQ+ prospera com indiv\u00edduos LGBTQ+ a conviverem livremente numa s\u00e9rie de espa\u00e7os sociais.<\/p>\t\t\t\t\t\t\t\t<\/div>\n\t\t\t\t<\/div>\n\t\t\t\t\t<\/div>\n\t\t<\/div>\n\t\t\t\t\t<\/div>\n\t\t<\/section>\n\t\t\t\t<section class=\"elementor-section elementor-top-section elementor-element elementor-element-139f2cfd elementor-section-boxed elementor-section-height-default elementor-section-height-default\" data-id=\"139f2cfd\" data-element_type=\"section\" data-settings=\"{&quot;background_background&quot;:&quot;classic&quot;,&quot;_ha_eqh_enable&quot;:false}\">\n\t\t\t\t\t\t<div class=\"elementor-container elementor-column-gap-no\">\n\t\t\t\t\t<div class=\"elementor-column elementor-col-100 elementor-top-column elementor-element elementor-element-78d4d285\" data-id=\"78d4d285\" data-element_type=\"column\">\n\t\t\t<div class=\"elementor-widget-wrap elementor-element-populated\">\n\t\t\t\t\t\t<section class=\"elementor-section elementor-inner-section elementor-element elementor-element-2672f4b elementor-section-boxed elementor-section-height-default elementor-section-height-default\" data-id=\"2672f4b\" data-element_type=\"section\" data-settings=\"{&quot;_ha_eqh_enable&quot;:false}\">\n\t\t\t\t\t\t<div class=\"elementor-container elementor-column-gap-default\">\n\t\t\t\t\t<div class=\"elementor-column elementor-col-100 elementor-inner-column elementor-element elementor-element-4870614b\" data-id=\"4870614b\" data-element_type=\"column\">\n\t\t\t<div class=\"elementor-widget-wrap elementor-element-populated\">\n\t\t\t\t\t\t<div class=\"elementor-element elementor-element-675fc354 elementor-widget elementor-widget-elementskit-heading\" data-id=\"675fc354\" data-element_type=\"widget\" data-widget_type=\"elementskit-heading.default\">\n\t\t\t\t<div class=\"elementor-widget-container\">\n\t\t\t\t\t<div class=\"ekit-wid-con\" ><div class=\"ekit-heading elementskit-section-title-wraper text_center   ekit_heading_tablet-   ekit_heading_mobile-\"><h2 class=\"ekit-heading--title elementskit-section-title\">Como \u00e9 ser um expatriado na Europa<\/h2><\/div><\/div>\t\t\t\t<\/div>\n\t\t\t\t<\/div>\n\t\t\t\t\t<\/div>\n\t\t<\/div>\n\t\t\t\t\t<\/div>\n\t\t<\/section>\n\t\t\t\t<section class=\"elementor-section elementor-inner-section elementor-element elementor-element-7c2c3bbe elementor-section-boxed elementor-section-height-default elementor-section-height-default\" data-id=\"7c2c3bbe\" data-element_type=\"section\" data-settings=\"{&quot;_ha_eqh_enable&quot;:false}\">\n\t\t\t\t\t\t<div class=\"elementor-container elementor-column-gap-extended\">\n\t\t\t\t\t<div class=\"elementor-column elementor-col-100 elementor-inner-column elementor-element elementor-element-230e930f\" data-id=\"230e930f\" data-element_type=\"column\">\n\t\t\t<div class=\"elementor-widget-wrap elementor-element-populated\">\n\t\t\t\t\t\t<div class=\"elementor-element elementor-element-6be37e66 ekit-equal-height-disable elementor-widget elementor-widget-elementskit-icon-box\" data-id=\"6be37e66\" data-element_type=\"widget\" data-widget_type=\"elementskit-icon-box.default\">\n\t\t\t\t<div class=\"elementor-widget-container\">\n\t\t\t\t\t<div class=\"ekit-wid-con\" >        <!-- link opening -->\n                <a href=\"#\" class=\"ekit_global_links\">\n                <!-- end link opening -->\n\n        <div class=\"elementskit-infobox text-left text-left icon-top-align elementor-animation-  gradient-active  hover_from_top\">\n                    <div class=\"elementskit-box-header elementor-animation-\">\n                <div class=\"elementskit-info-box-icon\">\n                    \n                <\/div>\n          <\/div>\n                        <div class=\"box-body\">\n                        \t\t  \t<p>Viver como expatriado na Europa apresenta uma grande variedade de oportunidades, quer esteja \u00e0 procura de emprego ou \u00e0 procura de criar uma empresa. O continente destaca-se pelas suas excelentes condi\u00e7\u00f5es de trabalho, elevada qualidade de vida e sistemas de sa\u00fade excepcionais.\nA riqueza hist\u00f3rica e a diversidade cultural da Europa fazem dela um destino de elei\u00e7\u00e3o tanto para turistas como para expatriados. O Acordo de Schengen facilita as desloca\u00e7\u00f5es no continente, permitindo uma circula\u00e7\u00e3o sem problemas entre os pa\u00edses e melhorando a experi\u00eancia de vida na Europa.\nO continente disp\u00f5e tamb\u00e9m de uma s\u00f3lida infraestrutura de transportes p\u00fablicos, o que facilita a explora\u00e7\u00e3o das suas cidades e regi\u00f5es. Com todas estas vantagens, n\u00e3o \u00e9 de surpreender que a Europa atraia at\u00e9 3 milh\u00f5es de estrangeiros todos os anos, todos ansiosos por mergulhar em tudo o que o continente tem para oferecer.\nQuando se trata de igualdade LGBTQ+, a Europa lidera o caminho, com Malta, Isl\u00e2ndia e B\u00e9lgica a ocuparem os tr\u00eas primeiros lugares, de acordo com a ILGA-Europa. A Europa Ocidental, em particular, \u00e9 frequentemente vista como uma das regi\u00f5es mais progressistas a n\u00edvel mundial para os indiv\u00edduos LGBTQ+, oferecendo um ambiente acolhedor e inclusivo para pessoas de todos os quadrantes.<\/p>\n                                <\/div>\n        \n        \n                <\/div>\n                <\/a>\n        <\/div>\t\t\t\t<\/div>\n\t\t\t\t<\/div>\n\t\t\t\t\t<\/div>\n\t\t<\/div>\n\t\t\t\t\t<\/div>\n\t\t<\/section>\n\t\t\t\t\t<\/div>\n\t\t<\/div>\n\t\t\t\t\t<\/div>\n\t\t<\/section>\n\t\t\t\t<section class=\"elementor-section elementor-top-section elementor-element elementor-element-cd9a388 elementor-section-boxed elementor-section-height-default elementor-section-height-default\" data-id=\"cd9a388\" data-element_type=\"section\" data-settings=\"{&quot;background_background&quot;:&quot;classic&quot;,&quot;_ha_eqh_enable&quot;:false}\">\n\t\t\t\t\t\t<div class=\"elementor-container elementor-column-gap-no\">\n\t\t\t\t\t<div class=\"elementor-column elementor-col-100 elementor-top-column elementor-element elementor-element-0717611\" data-id=\"0717611\" data-element_type=\"column\">\n\t\t\t<div class=\"elementor-widget-wrap elementor-element-populated\">\n\t\t\t\t\t\t<section class=\"elementor-section elementor-inner-section elementor-element elementor-element-75048a5 elementor-section-boxed elementor-section-height-default elementor-section-height-default\" data-id=\"75048a5\" data-element_type=\"section\" data-settings=\"{&quot;_ha_eqh_enable&quot;:false}\">\n\t\t\t\t\t\t<div class=\"elementor-container elementor-column-gap-default\">\n\t\t\t\t\t<div class=\"elementor-column elementor-col-100 elementor-inner-column elementor-element elementor-element-e19562c\" data-id=\"e19562c\" data-element_type=\"column\">\n\t\t\t<div class=\"elementor-widget-wrap elementor-element-populated\">\n\t\t\t\t\t\t<div class=\"elementor-element elementor-element-5f7b6c8 elementor-widget elementor-widget-elementskit-heading\" data-id=\"5f7b6c8\" data-element_type=\"widget\" data-widget_type=\"elementskit-heading.default\">\n\t\t\t\t<div class=\"elementor-widget-container\">\n\t\t\t\t\t<div class=\"ekit-wid-con\" ><div class=\"ekit-heading elementskit-section-title-wraper text_center   ekit_heading_tablet-   ekit_heading_mobile-\"><h2 class=\"ekit-heading--title elementskit-section-title\">Viver na Europa: Um ref\u00fagio seguro para expatriados, especialmente LGBTQ+<\/h2><\/div><\/div>\t\t\t\t<\/div>\n\t\t\t\t<\/div>\n\t\t\t\t\t<\/div>\n\t\t<\/div>\n\t\t\t\t\t<\/div>\n\t\t<\/section>\n\t\t\t\t<section class=\"elementor-section elementor-inner-section elementor-element elementor-element-a374ee8 elementor-section-boxed elementor-section-height-default elementor-section-height-default\" data-id=\"a374ee8\" data-element_type=\"section\" data-settings=\"{&quot;_ha_eqh_enable&quot;:false}\">\n\t\t\t\t\t\t<div class=\"elementor-container elementor-column-gap-extended\">\n\t\t\t\t\t<div class=\"elementor-column elementor-col-100 elementor-inner-column elementor-element elementor-element-fe569dc\" data-id=\"fe569dc\" data-element_type=\"column\">\n\t\t\t<div class=\"elementor-widget-wrap elementor-element-populated\">\n\t\t\t\t\t\t<div class=\"elementor-element elementor-element-44c5ad5 ekit-equal-height-disable elementor-widget elementor-widget-elementskit-icon-box\" data-id=\"44c5ad5\" data-element_type=\"widget\" data-widget_type=\"elementskit-icon-box.default\">\n\t\t\t\t<div class=\"elementor-widget-container\">\n\t\t\t\t\t<div class=\"ekit-wid-con\" >        <!-- link opening -->\n                <a href=\"#\" class=\"ekit_global_links\">\n                <!-- end link opening -->\n\n        <div class=\"elementskit-infobox text-left text-left icon-top-align elementor-animation-  gradient-active  hover_from_top\">\n                    <div class=\"elementskit-box-header elementor-animation-\">\n                <div class=\"elementskit-info-box-icon\">\n                    \n                <\/div>\n          <\/div>\n                        <div class=\"box-body\">\n                        \t\t  \t<p>A Europa destaca-se como um destino atrativo para os expatriados, oferecendo in\u00fameros benef\u00edcios que v\u00e3o desde uma elevada qualidade de vida a servi\u00e7os p\u00fablicos excepcionais. No entanto, uma das vantagens mais significativas, especialmente para a comunidade LGBTQ+, \u00e9 a seguran\u00e7a e a igualdade de direitos que muitos pa\u00edses da regi\u00e3o oferecem.<\/p>\n                                <\/div>\n        \n        \n                <\/div>\n                <\/a>\n        <\/div>\t\t\t\t<\/div>\n\t\t\t\t<\/div>\n\t\t\t\t\t<\/div>\n\t\t<\/div>\n\t\t\t\t\t<\/div>\n\t\t<\/section>\n\t\t\t\t\t<\/div>\n\t\t<\/div>\n\t\t\t\t\t<\/div>\n\t\t<\/section>\n\t\t\t\t<section class=\"elementor-section elementor-top-section elementor-element elementor-element-8c05974 elementor-section-boxed elementor-section-height-default elementor-section-height-default\" data-id=\"8c05974\" data-element_type=\"section\" data-settings=\"{&quot;background_background&quot;:&quot;classic&quot;,&quot;_ha_eqh_enable&quot;:false}\">\n\t\t\t\t\t\t<div class=\"elementor-container elementor-column-gap-no\">\n\t\t\t\t\t<div class=\"elementor-column elementor-col-100 elementor-top-column elementor-element elementor-element-d4d80d4\" data-id=\"d4d80d4\" data-element_type=\"column\">\n\t\t\t<div class=\"elementor-widget-wrap elementor-element-populated\">\n\t\t\t\t\t\t<section class=\"elementor-section elementor-inner-section elementor-element elementor-element-92d58a1 elementor-section-boxed elementor-section-height-default elementor-section-height-default\" data-id=\"92d58a1\" data-element_type=\"section\" data-settings=\"{&quot;_ha_eqh_enable&quot;:false}\">\n\t\t\t\t\t\t<div class=\"elementor-container elementor-column-gap-extended\">\n\t\t\t\t\t<div class=\"elementor-column elementor-col-50 elementor-inner-column elementor-element elementor-element-8a28919\" data-id=\"8a28919\" data-element_type=\"column\">\n\t\t\t<div class=\"elementor-widget-wrap elementor-element-populated\">\n\t\t\t\t\t\t<div class=\"elementor-element elementor-element-dc45b84 ekit-equal-height-disable elementor-widget elementor-widget-elementskit-icon-box\" data-id=\"dc45b84\" data-element_type=\"widget\" data-widget_type=\"elementskit-icon-box.default\">\n\t\t\t\t<div class=\"elementor-widget-container\">\n\t\t\t\t\t<div class=\"ekit-wid-con\" >        <!-- link opening -->\n                <a href=\"#\" class=\"ekit_global_links\">\n                <!-- end link opening -->\n\n        <div class=\"elementskit-infobox text-left text-left icon-top-align elementor-animation-  gradient-active  hover_from_top\">\n                    <div class=\"elementskit-box-header elementor-animation-\">\n                <div class=\"elementskit-info-box-icon\">\n                    \n                <\/div>\n          <\/div>\n                        <div class=\"box-body\">\n                        \t\t  \t<p>De acordo com a ILGA-Europa, a sec\u00e7\u00e3o europeia da Associa\u00e7\u00e3o Internacional de L\u00e9sbicas, Gays, Bissexuais, Trans e Intersexuais, a Europa \u00e9 o lar de algumas das na\u00e7\u00f5es mais progressistas em termos de direitos LGBTQ+. O Mapa Arco-\u00cdris 2024 classifica Malta no topo com uns impressionantes 88 pontos em 100, marcando a sua lideran\u00e7a consistente na igualdade LGBTQ+. A Isl\u00e2ndia segue-se-lhe de perto com 83 pontos. Entre os pa\u00edses da Uni\u00e3o Europeia mais bem classificados encontram-se a B\u00e9lgica, o Luxemburgo, a Espanha, a Dinamarca, a Finl\u00e2ndia e a Gr\u00e9cia, todos com pontua\u00e7\u00f5es acima dos 70 pontos.\nNa Europa do Norte e Ocidental, os pa\u00edses estabelecem firmemente os direitos LGBTQ+. Em contrapartida, a R\u00fassia, o Azerbaij\u00e3o e a Turquia t\u00eam classifica\u00e7\u00f5es baixas e a Pol\u00f3nia \u00e9 o pa\u00eds da UE com a classifica\u00e7\u00e3o mais baixa, depois de uma d\u00e9cada sob o governo do PiS.\n<\/p>\n                                <\/div>\n        \n        \n                <\/div>\n                <\/a>\n        <\/div>\t\t\t\t<\/div>\n\t\t\t\t<\/div>\n\t\t\t\t\t<\/div>\n\t\t<\/div>\n\t\t\t\t<div class=\"elementor-column elementor-col-50 elementor-inner-column elementor-element elementor-element-f7d6ba3\" data-id=\"f7d6ba3\" data-element_type=\"column\">\n\t\t\t<div class=\"elementor-widget-wrap elementor-element-populated\">\n\t\t\t\t\t\t<div class=\"elementor-element elementor-element-496a0a5 elementor-widget elementor-widget-image\" data-id=\"496a0a5\" data-element_type=\"widget\" data-widget_type=\"image.default\">\n\t\t\t\t<div class=\"elementor-widget-container\">\n\t\t\t\t\t\t\t\t\t\t\t\t\t\t\t<img loading=\"lazy\" decoding=\"async\" width=\"1024\" height=\"690\" src=\"https:\/\/i0.wp.com\/relocations.io\/wp-content\/uploads\/2024\/08\/2024-rainbow-map-score-1.jpg?fit=1024%2C690&amp;ssl=1\" class=\"attachment-large size-large wp-image-8237\" alt=\"\" srcset=\"https:\/\/i0.wp.com\/relocations.io\/wp-content\/uploads\/2024\/08\/2024-rainbow-map-score-1.jpg?w=1920&amp;ssl=1 1920w, https:\/\/i0.wp.com\/relocations.io\/wp-content\/uploads\/2024\/08\/2024-rainbow-map-score-1.jpg?resize=300%2C202&amp;ssl=1 300w, https:\/\/i0.wp.com\/relocations.io\/wp-content\/uploads\/2024\/08\/2024-rainbow-map-score-1.jpg?resize=1024%2C690&amp;ssl=1 1024w, https:\/\/i0.wp.com\/relocations.io\/wp-content\/uploads\/2024\/08\/2024-rainbow-map-score-1.jpg?resize=768%2C517&amp;ssl=1 768w, https:\/\/i0.wp.com\/relocations.io\/wp-content\/uploads\/2024\/08\/2024-rainbow-map-score-1.jpg?resize=1536%2C1034&amp;ssl=1 1536w, https:\/\/i0.wp.com\/relocations.io\/wp-content\/uploads\/2024\/08\/2024-rainbow-map-score-1.jpg?resize=18%2C12&amp;ssl=1 18w, https:\/\/i0.wp.com\/relocations.io\/wp-content\/uploads\/2024\/08\/2024-rainbow-map-score-1.jpg?resize=50%2C34&amp;ssl=1 50w, https:\/\/i0.wp.com\/relocations.io\/wp-content\/uploads\/2024\/08\/2024-rainbow-map-score-1.jpg?resize=100%2C67&amp;ssl=1 100w\" sizes=\"(max-width: 1024px) 100vw, 1024px\" \/>\t\t\t\t\t\t\t\t\t\t\t\t\t\t\t<\/div>\n\t\t\t\t<\/div>\n\t\t\t\t\t<\/div>\n\t\t<\/div>\n\t\t\t\t\t<\/div>\n\t\t<\/section>\n\t\t\t\t\t<\/div>\n\t\t<\/div>\n\t\t\t\t\t<\/div>\n\t\t<\/section>\n\t\t<div class=\"elementor-element elementor-element-6bccb63 e-flex e-con-boxed e-con e-parent\" data-id=\"6bccb63\" data-element_type=\"container\" data-settings=\"{&quot;_ha_eqh_enable&quot;:false}\">\n\t\t\t\t\t<div class=\"e-con-inner\">\n\t\t\t\t<div class=\"elementor-element elementor-element-8310f4c elementor-widget elementor-widget-icon-box\" data-id=\"8310f4c\" data-element_type=\"widget\" data-widget_type=\"icon-box.default\">\n\t\t\t\t<div class=\"elementor-widget-container\">\n\t\t\t\t\t\t\t<div class=\"elementor-icon-box-wrapper\">\n\n\t\t\t\n\t\t\t\t\t\t<div class=\"elementor-icon-box-content\">\n\n\t\t\t\t\n\t\t\t\t\t\t\t\t\t<p class=\"elementor-icon-box-description\">\n\t\t\t\t\t\tViver na Europa traz muitos benef\u00edcios, mas a seguran\u00e7a e a prote\u00e7\u00e3o oferecidas \u00e0 comunidade LGBTQ+ destacam-se como um dos mais cruciais. Todos merecem viver num lugar onde tenham direitos e liberdades iguais, independentemente da sua sexualidade, g\u00e9nero ou express\u00e3o. A Europa, especialmente nas suas regi\u00f5es norte e oeste, continua a liderar o caminho na cria\u00e7\u00e3o de ambientes seguros e inclusivos para todos.\t\t\t\t\t<\/p>\n\t\t\t\t\n\t\t\t<\/div>\n\t\t\t\n\t\t<\/div>\n\t\t\t\t\t\t<\/div>\n\t\t\t\t<\/div>\n\t\t\t\t\t<\/div>\n\t\t\t\t<\/div>\n\t\t\t\t<\/div>","protected":false},"excerpt":{"rendered":"<p>The LGBTQ+ Movement in Europe Although same-sex relationships were quite common in ancient Greece, Rome, and pagan Celtic societies, severe laws against homosexual behavior emerged once Christianity became the official religion of the Roman Empire. European authorities deemed homosexual acts, referred to as sodomy, as capital crimes, leading them to execute thousands of gay men [&hellip;]<\/p>","protected":false},"author":2,"featured_media":8258,"comment_status":"closed","ping_status":"closed","sticky":false,"template":"elementor_header_footer","format":"standard","meta":{"_jetpack_memberships_contains_paid_content":false,"footnotes":""},"categories":[60],"tags":[103,145,143,144,70,142,71,69],"class_list":["post-8171","post","type-post","status-publish","format-standard","has-post-thumbnail","hentry","category-europe","tag-american-dream","tag-how-to-move-country","tag-lgbt","tag-lgbtq-community","tag-moving-to-europe","tag-relocate","tag-relocations","tag-relocations-io-blog"],"jetpack_featured_media_url":"https:\/\/i0.wp.com\/relocations.io\/wp-content\/uploads\/2024\/08\/lgbt-move.jpg?fit=1920%2C1080&ssl=1","jetpack-related-posts":[{"id":8610,"url":"https:\/\/relocations.io\/pt\/guia-completo-da-deslocacao-de-animais-de-companhia-para-a-europa\/","url_meta":{"origin":8171,"position":0},"title":"Guia completo: Mudan\u00e7a de animais de estima\u00e7\u00e3o para a Europa","author":"Relocations.io","date":"Agosto 19, 2024","format":false,"excerpt":"Your Comprehensive Guide to Moving Pets from North America to Europe. Transporting pets from North America to Europe involves careful planning, adherence to regulations, and ensuring the well-being of the pets throughout the journey. Whether you are relocating, participating in a breeding program, or transporting pets for other reasons, understanding\u2026","rel":"","context":"In &quot;Citizenship&quot;","block_context":{"text":"Citizenship","link":"https:\/\/relocations.io\/pt\/categoria\/europa-2\/cidadania\/"},"img":{"alt_text":"","src":"https:\/\/i0.wp.com\/relocations.io\/wp-content\/uploads\/2024\/08\/NEW-Castelos-Portugal-.jpg?fit=1200%2C600&ssl=1&resize=350%2C200","width":350,"height":200,"srcset":"https:\/\/i0.wp.com\/relocations.io\/wp-content\/uploads\/2024\/08\/NEW-Castelos-Portugal-.jpg?fit=1200%2C600&ssl=1&resize=350%2C200 1x, https:\/\/i0.wp.com\/relocations.io\/wp-content\/uploads\/2024\/08\/NEW-Castelos-Portugal-.jpg?fit=1200%2C600&ssl=1&resize=525%2C300 1.5x, https:\/\/i0.wp.com\/relocations.io\/wp-content\/uploads\/2024\/08\/NEW-Castelos-Portugal-.jpg?fit=1200%2C600&ssl=1&resize=700%2C400 2x, https:\/\/i0.wp.com\/relocations.io\/wp-content\/uploads\/2024\/08\/NEW-Castelos-Portugal-.jpg?fit=1200%2C600&ssl=1&resize=1050%2C600 3x"},"classes":[]},{"id":8832,"url":"https:\/\/relocations.io\/pt\/visto-de-candidato-a-emprego-em-portugal\/","url_meta":{"origin":8171,"position":1},"title":"Visto de candidato a emprego em Portugal: A sua porta de entrada para trabalhar em Portugal","author":"Relocations.io","date":"Agosto 16, 2024","format":false,"excerpt":"Discover how to navigate the Portugal Job Seeker Visa process, including eligibility, application steps, and key benefits. Learn how relocations.io can streamline your job search and relocation to Portugal, providing expert guidance on visa applications, document preparation, and local job markets. Get valuable insights on making a smooth transition to\u2026","rel":"","context":"In &quot;Citizenship&quot;","block_context":{"text":"Citizenship","link":"https:\/\/relocations.io\/pt\/categoria\/europa-2\/cidadania\/"},"img":{"alt_text":"","src":"https:\/\/i0.wp.com\/relocations.io\/wp-content\/uploads\/2024\/08\/6-3.jpg?fit=1200%2C600&ssl=1&resize=350%2C200","width":350,"height":200,"srcset":"https:\/\/i0.wp.com\/relocations.io\/wp-content\/uploads\/2024\/08\/6-3.jpg?fit=1200%2C600&ssl=1&resize=350%2C200 1x, https:\/\/i0.wp.com\/relocations.io\/wp-content\/uploads\/2024\/08\/6-3.jpg?fit=1200%2C600&ssl=1&resize=525%2C300 1.5x, https:\/\/i0.wp.com\/relocations.io\/wp-content\/uploads\/2024\/08\/6-3.jpg?fit=1200%2C600&ssl=1&resize=700%2C400 2x, https:\/\/i0.wp.com\/relocations.io\/wp-content\/uploads\/2024\/08\/6-3.jpg?fit=1200%2C600&ssl=1&resize=1050%2C600 3x"},"classes":[]},{"id":7363,"url":"https:\/\/relocations.io\/pt\/abracar-a-europa-o-caminho-simplificado-para-um-novo-comeco\/","url_meta":{"origin":8171,"position":2},"title":"Abra\u00e7ar a Europa: O caminho simplificado para um novo come\u00e7o","author":"Relocations.io","date":"Outubro 1, 2022","format":false,"excerpt":"The Allure of Moving to Europe Moving to Europe has captivated people worldwide. With its rich history, diverse culture, and high quality of life, Europe offers countless benefits for a fresh start. While relocating to a new continent can seem daunting, careful planning and the right support can streamline the\u2026","rel":"","context":"In &quot;Europe&quot;","block_context":{"text":"Europe","link":"https:\/\/relocations.io\/pt\/categoria\/europa-2\/"},"img":{"alt_text":"","src":"https:\/\/i0.wp.com\/relocations.io\/wp-content\/uploads\/2024\/02\/embracing-europe2.png?fit=1200%2C675&ssl=1&resize=350%2C200","width":350,"height":200,"srcset":"https:\/\/i0.wp.com\/relocations.io\/wp-content\/uploads\/2024\/02\/embracing-europe2.png?fit=1200%2C675&ssl=1&resize=350%2C200 1x, https:\/\/i0.wp.com\/relocations.io\/wp-content\/uploads\/2024\/02\/embracing-europe2.png?fit=1200%2C675&ssl=1&resize=525%2C300 1.5x, https:\/\/i0.wp.com\/relocations.io\/wp-content\/uploads\/2024\/02\/embracing-europe2.png?fit=1200%2C675&ssl=1&resize=700%2C400 2x, https:\/\/i0.wp.com\/relocations.io\/wp-content\/uploads\/2024\/02\/embracing-europe2.png?fit=1200%2C675&ssl=1&resize=1050%2C600 3x"},"classes":[]},{"id":8107,"url":"https:\/\/relocations.io\/pt\/portugal-2024-celebra-a-tradicao-do-feriado-nacional\/","url_meta":{"origin":8171,"position":3},"title":"Explorando os feriados nacionais de Portugal em 2024: Um guia de celebra\u00e7\u00e3o cultural","author":"Relocations.io","date":"Agosto 12, 2024","format":false,"excerpt":"Os feriados nacionais de Portugal em 2024 oferecem uma experi\u00eancia rica da sua cultura, hist\u00f3ria e tradi\u00e7\u00f5es. Os principais feriados incluem o Dia de Ano Novo, o Carnaval, o Dia da Liberdade, o Dia de Portugal e o Natal. Cada feriado apresenta celebra\u00e7\u00f5es \u00fanicas, desde desfiles e cerim\u00f3nias religiosas a reuni\u00f5es familiares e eventos p\u00fablicos, proporcionando um vislumbre da vida portuguesa.","rel":"","context":"In &quot;Cultural Activities&quot;","block_context":{"text":"Cultural Activities","link":"https:\/\/relocations.io\/pt\/categoria\/europa-2\/actividades-culturais\/"},"img":{"alt_text":"","src":"https:\/\/i0.wp.com\/relocations.io\/wp-content\/uploads\/2024\/08\/18-1.jpg?fit=1200%2C675&ssl=1&resize=350%2C200","width":350,"height":200,"srcset":"https:\/\/i0.wp.com\/relocations.io\/wp-content\/uploads\/2024\/08\/18-1.jpg?fit=1200%2C675&ssl=1&resize=350%2C200 1x, https:\/\/i0.wp.com\/relocations.io\/wp-content\/uploads\/2024\/08\/18-1.jpg?fit=1200%2C675&ssl=1&resize=525%2C300 1.5x, https:\/\/i0.wp.com\/relocations.io\/wp-content\/uploads\/2024\/08\/18-1.jpg?fit=1200%2C675&ssl=1&resize=700%2C400 2x, https:\/\/i0.wp.com\/relocations.io\/wp-content\/uploads\/2024\/08\/18-1.jpg?fit=1200%2C675&ssl=1&resize=1050%2C600 3x"},"classes":[]},{"id":7380,"url":"https:\/\/relocations.io\/pt\/entrar-no-novo-ano-explorando-as-tradicoes-europeias-do-ano-novo\/","url_meta":{"origin":8171,"position":4},"title":"Celebrar o Ano Novo: Explorando as tradi\u00e7\u00f5es europeias de Ano Novo","author":"Relocations.io","date":"Janeiro 1, 2023","format":false,"excerpt":"Exploring European New Year\u2019s Traditions As the clock strikes midnight on December 31st, Europe bursts into vibrant New Year\u2019s Eve celebrations. The continent\u2019s traditions highlight its rich cultural diversity, making each celebration unique and memorable. Fireworks and Grand Displays In Europe, fireworks are a central feature of New Year's Eve.\u2026","rel":"","context":"In &quot;Europe&quot;","block_context":{"text":"Europe","link":"https:\/\/relocations.io\/pt\/categoria\/europa-2\/"},"img":{"alt_text":"","src":"https:\/\/i0.wp.com\/relocations.io\/wp-content\/uploads\/2023\/01\/New-Year.jpg?fit=1200%2C675&ssl=1&resize=350%2C200","width":350,"height":200,"srcset":"https:\/\/i0.wp.com\/relocations.io\/wp-content\/uploads\/2023\/01\/New-Year.jpg?fit=1200%2C675&ssl=1&resize=350%2C200 1x, https:\/\/i0.wp.com\/relocations.io\/wp-content\/uploads\/2023\/01\/New-Year.jpg?fit=1200%2C675&ssl=1&resize=525%2C300 1.5x, https:\/\/i0.wp.com\/relocations.io\/wp-content\/uploads\/2023\/01\/New-Year.jpg?fit=1200%2C675&ssl=1&resize=700%2C400 2x, https:\/\/i0.wp.com\/relocations.io\/wp-content\/uploads\/2023\/01\/New-Year.jpg?fit=1200%2C675&ssl=1&resize=1050%2C600 3x"},"classes":[]},{"id":7368,"url":"https:\/\/relocations.io\/pt\/acao-de-gracas-na-europa\/","url_meta":{"origin":8171,"position":5},"title":"A\u00e7\u00e3o de Gra\u00e7as na Europa","author":"Relocations.io","date":"Novembro 1, 2022","format":false,"excerpt":"Apesar das suas ra\u00edzes hist\u00f3ricas, o Dia de A\u00e7\u00e3o de Gra\u00e7as n\u00e3o foi adotado como um feriado generalizado na Europa.","rel":"","context":"In &quot;Europe&quot;","block_context":{"text":"Europe","link":"https:\/\/relocations.io\/pt\/categoria\/europa-2\/"},"img":{"alt_text":"","src":"https:\/\/i0.wp.com\/relocations.io\/wp-content\/uploads\/2022\/11\/21.jpg?fit=1200%2C675&ssl=1&resize=350%2C200","width":350,"height":200,"srcset":"https:\/\/i0.wp.com\/relocations.io\/wp-content\/uploads\/2022\/11\/21.jpg?fit=1200%2C675&ssl=1&resize=350%2C200 1x, https:\/\/i0.wp.com\/relocations.io\/wp-content\/uploads\/2022\/11\/21.jpg?fit=1200%2C675&ssl=1&resize=525%2C300 1.5x, https:\/\/i0.wp.com\/relocations.io\/wp-content\/uploads\/2022\/11\/21.jpg?fit=1200%2C675&ssl=1&resize=700%2C400 2x, https:\/\/i0.wp.com\/relocations.io\/wp-content\/uploads\/2022\/11\/21.jpg?fit=1200%2C675&ssl=1&resize=1050%2C600 3x"},"classes":[]}],"jetpack_sharing_enabled":true,"_links":{"self":[{"href":"https:\/\/relocations.io\/pt\/wp-json\/wp\/v2\/posts\/8171","targetHints":{"allow":["GET"]}}],"collection":[{"href":"https:\/\/relocations.io\/pt\/wp-json\/wp\/v2\/posts"}],"about":[{"href":"https:\/\/relocations.io\/pt\/wp-json\/wp\/v2\/types\/post"}],"author":[{"embeddable":true,"href":"https:\/\/relocations.io\/pt\/wp-json\/wp\/v2\/users\/2"}],"replies":[{"embeddable":true,"href":"https:\/\/relocations.io\/pt\/wp-json\/wp\/v2\/comments?post=8171"}],"version-history":[{"count":0,"href":"https:\/\/relocations.io\/pt\/wp-json\/wp\/v2\/posts\/8171\/revisions"}],"wp:featuredmedia":[{"embeddable":true,"href":"https:\/\/relocations.io\/pt\/wp-json\/wp\/v2\/media\/8258"}],"wp:attachment":[{"href":"https:\/\/relocations.io\/pt\/wp-json\/wp\/v2\/media?parent=8171"}],"wp:term":[{"taxonomy":"category","embeddable":true,"href":"https:\/\/relocations.io\/pt\/wp-json\/wp\/v2\/categories?post=8171"},{"taxonomy":"post_tag","embeddable":true,"href":"https:\/\/relocations.io\/pt\/wp-json\/wp\/v2\/tags?post=8171"}],"curies":[{"name":"wp","href":"https:\/\/api.w.org\/{rel}","templated":true}]}}