{"id":8107,"date":"2024-08-12T10:00:00","date_gmt":"2024-08-12T09:00:00","guid":{"rendered":"https:\/\/relocations.io\/?p=8107"},"modified":"2024-09-06T11:12:46","modified_gmt":"2024-09-06T10:12:46","slug":"portugal-2024-celebra-a-tradicao-do-feriado-nacional","status":"publish","type":"post","link":"https:\/\/relocations.io\/pt\/portugal-2024-celebra-a-tradicao-do-feriado-nacional\/","title":{"rendered":"Explorando os feriados nacionais de Portugal em 2024: Um guia de celebra\u00e7\u00e3o cultural"},"content":{"rendered":"<div data-elementor-type=\"wp-post\" data-elementor-id=\"8107\" class=\"elementor elementor-8107\" data-elementor-settings=\"{&quot;ha_cmc_init_switcher&quot;:&quot;no&quot;}\" data-elementor-post-type=\"post\">\n\t\t\t\t<div class=\"elementor-element elementor-element-4427a8e4 e-con-full e-flex e-con e-parent\" data-id=\"4427a8e4\" data-element_type=\"container\" data-settings=\"{&quot;background_background&quot;:&quot;gradient&quot;,&quot;_ha_eqh_enable&quot;:false}\">\n\t\t<div class=\"elementor-element elementor-element-7be308d8 e-con-full e-flex e-con e-child\" data-id=\"7be308d8\" data-element_type=\"container\" data-settings=\"{&quot;_ha_eqh_enable&quot;:false}\">\n\t\t\t\t<div class=\"elementor-element elementor-element-28a875cf elementor-widget__width-inherit elementor-widget-divider--view-line elementor-invisible elementor-widget elementor-widget-divider\" data-id=\"28a875cf\" data-element_type=\"widget\" data-settings=\"{&quot;_animation&quot;:&quot;fadeInLeft&quot;}\" data-widget_type=\"divider.default\">\n\t\t\t\t<div class=\"elementor-widget-container\">\n\t\t\t\t\t\t\t<div class=\"elementor-divider\">\n\t\t\t<span class=\"elementor-divider-separator\">\n\t\t\t\t\t\t<\/span>\n\t\t<\/div>\n\t\t\t\t\t\t<\/div>\n\t\t\t\t<\/div>\n\t\t\t\t<div class=\"elementor-element elementor-element-2a5975d6 elementor-widget__width-initial elementor-widget-tablet__width-inherit elementor-widget elementor-widget-heading\" data-id=\"2a5975d6\" data-element_type=\"widget\" data-widget_type=\"heading.default\">\n\t\t\t\t<div class=\"elementor-widget-container\">\n\t\t\t\t\t<h2 class=\"elementor-heading-title elementor-size-default\">Explorando os feriados nacionais de Portugal em 2024: Um guia de celebra\u00e7\u00e3o cultural<\/h2>\t\t\t\t<\/div>\n\t\t\t\t<\/div>\n\t\t\t\t<div class=\"elementor-element elementor-element-4d6caf6 elementor-widget__width-initial elementor-widget-tablet__width-inherit elementor-widget elementor-widget-text-editor\" data-id=\"4d6caf6\" data-element_type=\"widget\" data-widget_type=\"text-editor.default\">\n\t\t\t\t<div class=\"elementor-widget-container\">\n\t\t\t\t\t\t\t\t\t<p>Portugal \u00e9 um pa\u00eds rico em hist\u00f3ria, cultura e\u00a0<a href=\"https:\/\/relocations.io\/savoring-lisbon-a-culinary-journey\/\">tradi\u00e7\u00e3o<\/a>A vida em Portugal \u00e9 uma realidade e n\u00e3o h\u00e1 melhor maneira de viver o seu esp\u00edrito vibrante do que celebrar os seus feriados nacionais. Estes dias especiais oferecem um vislumbre \u00fanico do modo de vida portugu\u00eas, repleto de festividades, costumes locais e tradi\u00e7\u00f5es consagradas pelo tempo. Quer esteja\u00a0<a href=\"https:\/\/www.visitportugal.com\/pt-pt\">planear uma visita<\/a>\u00a0ou simplesmente quer saber mais sobre este belo pa\u00eds.<\/p>\t\t\t\t\t\t\t\t<\/div>\n\t\t\t\t<\/div>\n\t\t\t\t<\/div>\n\t\t\t\t<div class=\"elementor-element elementor-element-36f67db elementor-widget elementor-widget-image\" data-id=\"36f67db\" data-element_type=\"widget\" data-widget_type=\"image.default\">\n\t\t\t\t<div class=\"elementor-widget-container\">\n\t\t\t\t\t\t\t\t\t\t\t\t\t\t\t<img fetchpriority=\"high\" decoding=\"async\" width=\"1920\" height=\"1080\" src=\"https:\/\/i0.wp.com\/relocations.io\/wp-content\/uploads\/2024\/08\/17-1.jpg?fit=1920%2C1080&amp;ssl=1\" class=\"attachment-full size-full wp-image-8111\" alt=\"\" srcset=\"https:\/\/i0.wp.com\/relocations.io\/wp-content\/uploads\/2024\/08\/17-1.jpg?w=1920&amp;ssl=1 1920w, https:\/\/i0.wp.com\/relocations.io\/wp-content\/uploads\/2024\/08\/17-1.jpg?resize=300%2C169&amp;ssl=1 300w, https:\/\/i0.wp.com\/relocations.io\/wp-content\/uploads\/2024\/08\/17-1.jpg?resize=1024%2C576&amp;ssl=1 1024w, https:\/\/i0.wp.com\/relocations.io\/wp-content\/uploads\/2024\/08\/17-1.jpg?resize=768%2C432&amp;ssl=1 768w, https:\/\/i0.wp.com\/relocations.io\/wp-content\/uploads\/2024\/08\/17-1.jpg?resize=1536%2C864&amp;ssl=1 1536w, https:\/\/i0.wp.com\/relocations.io\/wp-content\/uploads\/2024\/08\/17-1.jpg?resize=18%2C10&amp;ssl=1 18w, https:\/\/i0.wp.com\/relocations.io\/wp-content\/uploads\/2024\/08\/17-1.jpg?resize=1170%2C658&amp;ssl=1 1170w, https:\/\/i0.wp.com\/relocations.io\/wp-content\/uploads\/2024\/08\/17-1.jpg?resize=50%2C28&amp;ssl=1 50w, https:\/\/i0.wp.com\/relocations.io\/wp-content\/uploads\/2024\/08\/17-1.jpg?resize=100%2C56&amp;ssl=1 100w\" sizes=\"(max-width: 1080px) 100vw, 1080px\" \/>\t\t\t\t\t\t\t\t\t\t\t\t\t\t\t<\/div>\n\t\t\t\t<\/div>\n\t\t<div class=\"elementor-element elementor-element-ce936d9 e-con-full e-flex e-con e-child\" data-id=\"ce936d9\" data-element_type=\"container\" data-settings=\"{&quot;_ha_eqh_enable&quot;:false}\">\n\t\t\t\t<div class=\"elementor-element elementor-element-b35091f elementor-widget__width-initial elementor-widget-mobile__width-initial elementor-invisible elementor-widget elementor-widget-icon-box\" data-id=\"b35091f\" data-element_type=\"widget\" data-settings=\"{&quot;_animation&quot;:&quot;fadeInUp&quot;}\" data-widget_type=\"icon-box.default\">\n\t\t\t\t<div class=\"elementor-widget-container\">\n\t\t\t\t\t\t\t<div class=\"elementor-icon-box-wrapper\">\n\n\t\t\t\n\t\t\t\t\t\t<div class=\"elementor-icon-box-content\">\n\n\t\t\t\t\t\t\t\t\t<h3 class=\"elementor-icon-box-title\">\n\t\t\t\t\t\t<span  >\n\t\t\t\t\t\t\t1 de janeiro - Dia de Ano Novo (Ano Novo)\t\t\t\t\t\t<\/span>\n\t\t\t\t\t<\/h3>\n\t\t\t\t\n\t\t\t\t\t\t\t\t\t<p class=\"elementor-icon-box-description\">\n\t\t\t\t\t\tO dia de Ano Novo marca o in\u00edcio do ano, uma altura para recome\u00e7os e novas resolu\u00e7\u00f5es. Em Portugal, este dia \u00e9 celebrado com reuni\u00f5es familiares, fogo de artif\u00edcio e festas que se prolongam pela madrugada dentro. Muitos habitantes locais participam na tradi\u00e7\u00e3o de comer 12 passas \u00e0 meia-noite, uma por cada m\u00eas do ano seguinte, para trazer boa sorte.\t\t\t\t\t<\/p>\n\t\t\t\t\n\t\t\t<\/div>\n\t\t\t\n\t\t<\/div>\n\t\t\t\t\t\t<\/div>\n\t\t\t\t<\/div>\n\t\t\t\t<div class=\"elementor-element elementor-element-1b5d614 elementor-invisible elementor-widget elementor-widget-icon-box\" data-id=\"1b5d614\" data-element_type=\"widget\" data-settings=\"{&quot;_animation&quot;:&quot;fadeInUp&quot;}\" data-widget_type=\"icon-box.default\">\n\t\t\t\t<div class=\"elementor-widget-container\">\n\t\t\t\t\t\t\t<div class=\"elementor-icon-box-wrapper\">\n\n\t\t\t\n\t\t\t\t\t\t<div class=\"elementor-icon-box-content\">\n\n\t\t\t\t\t\t\t\t\t<h3 class=\"elementor-icon-box-title\">\n\t\t\t\t\t\t<span  >\n\t\t\t\t\t\t\t13 de fevereiro - Carnaval (Carnaval)\t\t\t\t\t\t<\/span>\n\t\t\t\t\t<\/h3>\n\t\t\t\t\n\t\t\t\t\t\t\t\t\t<p class=\"elementor-icon-box-description\">\n\t\t\t\t\t\tEm Portugal, o Carnaval destaca-se como uma festa vibrante e animada, sobretudo em cidades como Lisboa, Porto e Madeira. Embora n\u00e3o seja um feriado nacional, goza de grande popularidade em todo o pa\u00eds. Durante este per\u00edodo festivo, as ruas ganham vida com desfiles, m\u00fasica e dan\u00e7a, enquanto os habitantes locais usam trajes elaborados e m\u00e1scaras. Uma vez que o Carnaval est\u00e1 enraizado na heran\u00e7a cat\u00f3lica do pa\u00eds, serve como um momento de indulg\u00eancia antes do in\u00edcio do per\u00edodo de jejum da Quaresma.\n\t\t\t\t\t<\/p>\n\t\t\t\t\n\t\t\t<\/div>\n\t\t\t\n\t\t<\/div>\n\t\t\t\t\t\t<\/div>\n\t\t\t\t<\/div>\n\t\t\t\t<\/div>\n\t\t<div class=\"elementor-element elementor-element-3747b78 e-con-full e-flex e-con e-child\" data-id=\"3747b78\" data-element_type=\"container\" data-settings=\"{&quot;_ha_eqh_enable&quot;:false}\">\n\t\t\t\t<div class=\"elementor-element elementor-element-c089cb1 elementor-invisible elementor-widget elementor-widget-icon-box\" data-id=\"c089cb1\" data-element_type=\"widget\" data-settings=\"{&quot;_animation&quot;:&quot;fadeInUp&quot;}\" data-widget_type=\"icon-box.default\">\n\t\t\t\t<div class=\"elementor-widget-container\">\n\t\t\t\t\t\t\t<div class=\"elementor-icon-box-wrapper\">\n\n\t\t\t\n\t\t\t\t\t\t<div class=\"elementor-icon-box-content\">\n\n\t\t\t\t\t\t\t\t\t<h3 class=\"elementor-icon-box-title\">\n\t\t\t\t\t\t<span  >\n\t\t\t\t\t\t\t29 de mar\u00e7o - Sexta-feira Santa\t\t\t\t\t\t<\/span>\n\t\t\t\t\t<\/h3>\n\t\t\t\t\n\t\t\t\t\t\t\t\t\t<p class=\"elementor-icon-box-description\">\n\t\t\t\t\t\tA Sexta-feira Santa \u00e9 um dia solene em Portugal, que assinala a crucifica\u00e7\u00e3o de Jesus Cristo. Sendo um pa\u00eds predominantemente cat\u00f3lico, Portugal celebra este dia com prociss\u00f5es religiosas, servi\u00e7os religiosos e uma reflex\u00e3o tranquila. Muitas empresas e escolas est\u00e3o fechadas e as refei\u00e7\u00f5es tradicionais incluem pratos de peixe em vez de carne.\t\t\t\t\t<\/p>\n\t\t\t\t\n\t\t\t<\/div>\n\t\t\t\n\t\t<\/div>\n\t\t\t\t\t\t<\/div>\n\t\t\t\t<\/div>\n\t\t\t\t<div class=\"elementor-element elementor-element-cfeb763 elementor-invisible elementor-widget elementor-widget-icon-box\" data-id=\"cfeb763\" data-element_type=\"widget\" data-settings=\"{&quot;_animation&quot;:&quot;fadeInUp&quot;}\" data-widget_type=\"icon-box.default\">\n\t\t\t\t<div class=\"elementor-widget-container\">\n\t\t\t\t\t\t\t<div class=\"elementor-icon-box-wrapper\">\n\n\t\t\t\n\t\t\t\t\t\t<div class=\"elementor-icon-box-content\">\n\n\t\t\t\t\t\t\t\t\t<h3 class=\"elementor-icon-box-title\">\n\t\t\t\t\t\t<span  >\n\t\t\t\t\t\t\t25 de abril - Dia da Liberdade \t\t\t\t\t\t<\/span>\n\t\t\t\t\t<\/h3>\n\t\t\t\t\n\t\t\t\t\t\t\t\t\t<p class=\"elementor-icon-box-description\">\n\t\t\t\t\t\tO Dia da Liberdade \u00e9 um dos feriados mais significativos em Portugal, comemorando a pac\u00edfica Revolu\u00e7\u00e3o dos Cravos de 1974, que p\u00f4s fim a d\u00e9cadas de ditadura. O dia \u00e9 marcado por desfiles, concertos e eventos p\u00fablicos que celebram a democracia e a liberdade. As ruas s\u00e3o frequentemente decoradas com cravos vermelhos, simbolizando o car\u00e1cter pac\u00edfico da revolu\u00e7\u00e3o.\n\n\t\t\t\t\t<\/p>\n\t\t\t\t\n\t\t\t<\/div>\n\t\t\t\n\t\t<\/div>\n\t\t\t\t\t\t<\/div>\n\t\t\t\t<\/div>\n\t\t\t\t<\/div>\n\t\t<div class=\"elementor-element elementor-element-0c46f05 e-con-full e-flex e-con e-child\" data-id=\"0c46f05\" data-element_type=\"container\" data-settings=\"{&quot;_ha_eqh_enable&quot;:false}\">\n\t\t\t\t<div class=\"elementor-element elementor-element-db26a0c elementor-invisible elementor-widget elementor-widget-icon-box\" data-id=\"db26a0c\" data-element_type=\"widget\" data-settings=\"{&quot;_animation&quot;:&quot;fadeInUp&quot;}\" data-widget_type=\"icon-box.default\">\n\t\t\t\t<div class=\"elementor-widget-container\">\n\t\t\t\t\t\t\t<div class=\"elementor-icon-box-wrapper\">\n\n\t\t\t\n\t\t\t\t\t\t<div class=\"elementor-icon-box-content\">\n\n\t\t\t\t\t\t\t\t\t<h3 class=\"elementor-icon-box-title\">\n\t\t\t\t\t\t<span  >\n\t\t\t\t\t\t\t1 de maio - Dia do Trabalhador\t\t\t\t\t\t<\/span>\n\t\t\t\t\t<\/h3>\n\t\t\t\t\n\t\t\t\t\t\t\t\t\t<p class=\"elementor-icon-box-description\">\n\t\t\t\t\t\tO Dia do Trabalhador em Portugal, tal como em muitos outros pa\u00edses, homenageia as contribui\u00e7\u00f5es dos trabalhadores. Sendo um feriado p\u00fablico, \u00e9 palco de uma s\u00e9rie de eventos, incluindo com\u00edcios, concertos e festivais em todo o pa\u00eds. Al\u00e9m disso, \u00e9 uma altura popular para piqueniques e actividades ao ar livre, uma vez que as pessoas aproveitam o agrad\u00e1vel tempo de primavera.\t\t\t\t\t<\/p>\n\t\t\t\t\n\t\t\t<\/div>\n\t\t\t\n\t\t<\/div>\n\t\t\t\t\t\t<\/div>\n\t\t\t\t<\/div>\n\t\t\t\t<div class=\"elementor-element elementor-element-4440d44 elementor-invisible elementor-widget elementor-widget-icon-box\" data-id=\"4440d44\" data-element_type=\"widget\" data-settings=\"{&quot;_animation&quot;:&quot;fadeInUp&quot;}\" data-widget_type=\"icon-box.default\">\n\t\t\t\t<div class=\"elementor-widget-container\">\n\t\t\t\t\t\t\t<div class=\"elementor-icon-box-wrapper\">\n\n\t\t\t\n\t\t\t\t\t\t<div class=\"elementor-icon-box-content\">\n\n\t\t\t\t\t\t\t\t\t<h3 class=\"elementor-icon-box-title\">\n\t\t\t\t\t\t<span  >\n\t\t\t\t\t\t\t1 de junho - Dia de Portugal\t\t\t\t\t\t<\/span>\n\t\t\t\t\t<\/h3>\n\t\t\t\t\n\t\t\t\t\t\t\t\t\t<p class=\"elementor-icon-box-description\">\n\t\t\t\t\t\tO Dia de Portugal \u00e9 um feriado nacional que celebra o patrim\u00f3nio e o orgulho do pa\u00eds. Homenageia Lu\u00eds de Cam\u00f5es, o poeta nacional portugu\u00eas conhecido pela sua epopeia Os Lus\u00edadas. O dia inclui cerim\u00f3nias oficiais, desfiles militares e eventos culturais. \u00c9 um momento em que os portugueses celebram a sua identidade nacional, tanto em Portugal como no resto do mundo.\n\n\t\t\t\t\t<\/p>\n\t\t\t\t\n\t\t\t<\/div>\n\t\t\t\n\t\t<\/div>\n\t\t\t\t\t\t<\/div>\n\t\t\t\t<\/div>\n\t\t\t\t<\/div>\n\t\t<div class=\"elementor-element elementor-element-559bfab e-con-full e-flex e-con e-child\" data-id=\"559bfab\" data-element_type=\"container\" data-settings=\"{&quot;_ha_eqh_enable&quot;:false}\">\n\t\t\t\t<div class=\"elementor-element elementor-element-f55d86c elementor-widget__width-initial elementor-widget-mobile__width-initial elementor-invisible elementor-widget elementor-widget-icon-box\" data-id=\"f55d86c\" data-element_type=\"widget\" data-settings=\"{&quot;_animation&quot;:&quot;fadeInUp&quot;}\" data-widget_type=\"icon-box.default\">\n\t\t\t\t<div class=\"elementor-widget-container\">\n\t\t\t\t\t\t\t<div class=\"elementor-icon-box-wrapper\">\n\n\t\t\t\n\t\t\t\t\t\t<div class=\"elementor-icon-box-content\">\n\n\t\t\t\t\t\t\t\t\t<h3 class=\"elementor-icon-box-title\">\n\t\t\t\t\t\t<span  >\n\t\t\t\t\t\t\t15 de agosto - Assun\u00e7\u00e3o de Nossa Senhora \t\t\t\t\t\t<\/span>\n\t\t\t\t\t<\/h3>\n\t\t\t\t\n\t\t\t\t\t\t\t\t\t<p class=\"elementor-icon-box-description\">\n\t\t\t\t\t\tEm Portugal, os cat\u00f3licos celebram a Assun\u00e7\u00e3o de Maria, um feriado religioso que honra a cren\u00e7a de que a Virgem Maria subiu ao c\u00e9u. Os observadores comemoram o dia com cerim\u00f3nias religiosas e prociss\u00f5es, sobretudo nas vilas e aldeias mais pequenas. Al\u00e9m disso, muitas pessoas aproveitam o tempo de ver\u00e3o para passar o dia na praia ou explorar o campo.\t\t\t\t\t<\/p>\n\t\t\t\t\n\t\t\t<\/div>\n\t\t\t\n\t\t<\/div>\n\t\t\t\t\t\t<\/div>\n\t\t\t\t<\/div>\n\t\t\t\t<div class=\"elementor-element elementor-element-f861c9f elementor-invisible elementor-widget elementor-widget-icon-box\" data-id=\"f861c9f\" data-element_type=\"widget\" data-settings=\"{&quot;_animation&quot;:&quot;fadeInUp&quot;}\" data-widget_type=\"icon-box.default\">\n\t\t\t\t<div class=\"elementor-widget-container\">\n\t\t\t\t\t\t\t<div class=\"elementor-icon-box-wrapper\">\n\n\t\t\t\n\t\t\t\t\t\t<div class=\"elementor-icon-box-content\">\n\n\t\t\t\t\t\t\t\t\t<h3 class=\"elementor-icon-box-title\">\n\t\t\t\t\t\t<span  >\n\t\t\t\t\t\t\t5 de outubro - Dia da Rep\u00fablica (Implanta\u00e7\u00e3o da Rep\u00fablica)\t\t\t\t\t\t<\/span>\n\t\t\t\t\t<\/h3>\n\t\t\t\t\n\t\t\t\t\t\t\t\t\t<p class=\"elementor-icon-box-description\">\n\t\t\t\t\t\tO Dia da Rep\u00fablica comemora a implanta\u00e7\u00e3o da Rep\u00fablica Portuguesa em 1910, pondo fim a s\u00e9culos de monarquia. O dia \u00e9 marcado por cerim\u00f3nias oficiais, desfiles militares e diversas manifesta\u00e7\u00f5es culturais. \u00c9 um dia de reflex\u00e3o sobre os valores republicanos e a hist\u00f3ria do pa\u00eds.\n\t\t\t\t\t<\/p>\n\t\t\t\t\n\t\t\t<\/div>\n\t\t\t\n\t\t<\/div>\n\t\t\t\t\t\t<\/div>\n\t\t\t\t<\/div>\n\t\t\t\t<\/div>\n\t\t<div class=\"elementor-element elementor-element-f85168e e-con-full e-flex e-con e-child\" data-id=\"f85168e\" data-element_type=\"container\" data-settings=\"{&quot;_ha_eqh_enable&quot;:false}\">\n\t\t\t\t<div class=\"elementor-element elementor-element-37360fd elementor-widget__width-initial elementor-widget-mobile__width-initial elementor-invisible elementor-widget elementor-widget-icon-box\" data-id=\"37360fd\" data-element_type=\"widget\" data-settings=\"{&quot;_animation&quot;:&quot;fadeInUp&quot;}\" data-widget_type=\"icon-box.default\">\n\t\t\t\t<div class=\"elementor-widget-container\">\n\t\t\t\t\t\t\t<div class=\"elementor-icon-box-wrapper\">\n\n\t\t\t\n\t\t\t\t\t\t<div class=\"elementor-icon-box-content\">\n\n\t\t\t\t\t\t\t\t\t<h3 class=\"elementor-icon-box-title\">\n\t\t\t\t\t\t<span  >\n\t\t\t\t\t\t\t1 de novembro - Dia de Todos os Santos\t\t\t\t\t\t<\/span>\n\t\t\t\t\t<\/h3>\n\t\t\t\t\n\t\t\t\t\t\t\t\t\t<p class=\"elementor-icon-box-description\">\n\t\t\t\t\t\tO Dia de Todos os Santos \u00e9 um dia de recorda\u00e7\u00e3o dos defuntos. Em Portugal, \u00e9 tradicional visitar os cemit\u00e9rios e colocar flores nas campas dos entes queridos. \u00c9 um dia solene, marcado pela reflex\u00e3o e pelo respeito pelos que j\u00e1 faleceram.\t\t\t\t\t<\/p>\n\t\t\t\t\n\t\t\t<\/div>\n\t\t\t\n\t\t<\/div>\n\t\t\t\t\t\t<\/div>\n\t\t\t\t<\/div>\n\t\t\t\t<div class=\"elementor-element elementor-element-11bfc7e elementor-invisible elementor-widget elementor-widget-icon-box\" data-id=\"11bfc7e\" data-element_type=\"widget\" data-settings=\"{&quot;_animation&quot;:&quot;fadeInUp&quot;}\" data-widget_type=\"icon-box.default\">\n\t\t\t\t<div class=\"elementor-widget-container\">\n\t\t\t\t\t\t\t<div class=\"elementor-icon-box-wrapper\">\n\n\t\t\t\n\t\t\t\t\t\t<div class=\"elementor-icon-box-content\">\n\n\t\t\t\t\t\t\t\t\t<h3 class=\"elementor-icon-box-title\">\n\t\t\t\t\t\t<span  >\n\t\t\t\t\t\t\t1 de dezembro - Dia da Restaura\u00e7\u00e3o da Independ\u00eancia\t\t\t\t\t\t<\/span>\n\t\t\t\t\t<\/h3>\n\t\t\t\t\n\t\t\t\t\t\t\t\t\t<p class=\"elementor-icon-box-description\">\n\t\t\t\t\t\tEste feriado comemora a restaura\u00e7\u00e3o da independ\u00eancia de Portugal de Espanha em 1640. \u00c9 um dia de orgulho nacional, celebrado com cerim\u00f3nias oficiais e eventos que destacam a hist\u00f3ria e a cultura de Portugal.\t\t\t\t\t<\/p>\n\t\t\t\t\n\t\t\t<\/div>\n\t\t\t\n\t\t<\/div>\n\t\t\t\t\t\t<\/div>\n\t\t\t\t<\/div>\n\t\t\t\t<\/div>\n\t\t<div class=\"elementor-element elementor-element-e899537 e-con-full e-flex e-con e-child\" data-id=\"e899537\" data-element_type=\"container\" data-settings=\"{&quot;_ha_eqh_enable&quot;:false}\">\n\t\t\t\t<div class=\"elementor-element elementor-element-ab964f1 elementor-widget__width-initial elementor-widget-mobile__width-initial elementor-invisible elementor-widget elementor-widget-icon-box\" data-id=\"ab964f1\" data-element_type=\"widget\" data-settings=\"{&quot;_animation&quot;:&quot;fadeInUp&quot;}\" data-widget_type=\"icon-box.default\">\n\t\t\t\t<div class=\"elementor-widget-container\">\n\t\t\t\t\t\t\t<div class=\"elementor-icon-box-wrapper\">\n\n\t\t\t\n\t\t\t\t\t\t<div class=\"elementor-icon-box-content\">\n\n\t\t\t\t\t\t\t\t\t<h3 class=\"elementor-icon-box-title\">\n\t\t\t\t\t\t<span  >\n\t\t\t\t\t\t\t8 de dezembro - Imaculada Concei\u00e7\u00e3o \t\t\t\t\t\t<\/span>\n\t\t\t\t\t<\/h3>\n\t\t\t\t\n\t\t\t\t\t\t\t\t\t<p class=\"elementor-icon-box-description\">\n\t\t\t\t\t\tEm Portugal, celebra-se a Imaculada Concei\u00e7\u00e3o, um importante feriado religioso que celebra a cren\u00e7a na conce\u00e7\u00e3o da Virgem Maria sem pecado original. O dia \u00e9 assinalado com servi\u00e7os religiosos e, em algumas regi\u00f5es, com prociss\u00f5es e eventos especiais.\t\t\t\t\t<\/p>\n\t\t\t\t\n\t\t\t<\/div>\n\t\t\t\n\t\t<\/div>\n\t\t\t\t\t\t<\/div>\n\t\t\t\t<\/div>\n\t\t\t\t<div class=\"elementor-element elementor-element-7d74301 elementor-invisible elementor-widget elementor-widget-icon-box\" data-id=\"7d74301\" data-element_type=\"widget\" data-settings=\"{&quot;_animation&quot;:&quot;fadeInUp&quot;}\" data-widget_type=\"icon-box.default\">\n\t\t\t\t<div class=\"elementor-widget-container\">\n\t\t\t\t\t\t\t<div class=\"elementor-icon-box-wrapper\">\n\n\t\t\t\n\t\t\t\t\t\t<div class=\"elementor-icon-box-content\">\n\n\t\t\t\t\t\t\t\t\t<h3 class=\"elementor-icon-box-title\">\n\t\t\t\t\t\t<span  >\n\t\t\t\t\t\t\t25 de dezembro - Dia de Natal (Natal) \t\t\t\t\t\t<\/span>\n\t\t\t\t\t<\/h3>\n\t\t\t\t\n\t\t\t\t\t\t\t\t\t<p class=\"elementor-icon-box-description\">\n\t\t\t\t\t\tO Natal em Portugal \u00e9 uma festa profundamente religiosa e orientada para a fam\u00edlia. As celebra\u00e7\u00f5es come\u00e7am na v\u00e9spera de Natal com uma missa tradicional \u00e0 meia-noite, conhecida como \"Missa do Galo\". As fam\u00edlias re\u00fanem-se para uma refei\u00e7\u00e3o festiva, muitas vezes \u00e0 base de bacalhau e doces diversos. O feriado continua no dia de Natal com a entrega de presentes e outras celebra\u00e7\u00f5es.\t\t\t\t\t<\/p>\n\t\t\t\t\n\t\t\t<\/div>\n\t\t\t\n\t\t<\/div>\n\t\t\t\t\t\t<\/div>\n\t\t\t\t<\/div>\n\t\t\t\t<\/div>\n\t\t<div class=\"elementor-element elementor-element-474a787 e-con-full e-flex e-con e-child\" data-id=\"474a787\" data-element_type=\"container\" data-settings=\"{&quot;_ha_eqh_enable&quot;:false}\">\n\t\t\t\t<div class=\"elementor-element elementor-element-ef7fcd2 elementor-widget__width-initial elementor-widget elementor-widget-image\" data-id=\"ef7fcd2\" data-element_type=\"widget\" data-widget_type=\"image.default\">\n\t\t\t\t<div class=\"elementor-widget-container\">\n\t\t\t\t\t\t\t\t\t\t\t\t\t\t\t<img decoding=\"async\" width=\"1920\" height=\"1080\" src=\"https:\/\/i0.wp.com\/relocations.io\/wp-content\/uploads\/2024\/08\/16.jpg?fit=1920%2C1080&amp;ssl=1\" class=\"attachment-full size-full wp-image-8078\" alt=\"\" srcset=\"https:\/\/i0.wp.com\/relocations.io\/wp-content\/uploads\/2024\/08\/16.jpg?w=1920&amp;ssl=1 1920w, https:\/\/i0.wp.com\/relocations.io\/wp-content\/uploads\/2024\/08\/16.jpg?resize=300%2C169&amp;ssl=1 300w, https:\/\/i0.wp.com\/relocations.io\/wp-content\/uploads\/2024\/08\/16.jpg?resize=1024%2C576&amp;ssl=1 1024w, https:\/\/i0.wp.com\/relocations.io\/wp-content\/uploads\/2024\/08\/16.jpg?resize=768%2C432&amp;ssl=1 768w, https:\/\/i0.wp.com\/relocations.io\/wp-content\/uploads\/2024\/08\/16.jpg?resize=1536%2C864&amp;ssl=1 1536w, https:\/\/i0.wp.com\/relocations.io\/wp-content\/uploads\/2024\/08\/16.jpg?resize=18%2C10&amp;ssl=1 18w, https:\/\/i0.wp.com\/relocations.io\/wp-content\/uploads\/2024\/08\/16.jpg?resize=1170%2C658&amp;ssl=1 1170w, https:\/\/i0.wp.com\/relocations.io\/wp-content\/uploads\/2024\/08\/16.jpg?resize=50%2C28&amp;ssl=1 50w, https:\/\/i0.wp.com\/relocations.io\/wp-content\/uploads\/2024\/08\/16.jpg?resize=100%2C56&amp;ssl=1 100w\" sizes=\"(max-width: 1080px) 100vw, 1080px\" \/>\t\t\t\t\t\t\t\t\t\t\t\t\t\t\t<\/div>\n\t\t\t\t<\/div>\n\t\t\t\t<\/div>\n\t\t<div class=\"elementor-element elementor-element-0c27bde e-con-full e-flex e-con e-child\" data-id=\"0c27bde\" data-element_type=\"container\" data-settings=\"{&quot;_ha_eqh_enable&quot;:false}\">\n\t\t\t\t<div class=\"elementor-element elementor-element-3156ce5 elementor-widget__width-initial elementor-invisible elementor-widget elementor-widget-icon-box\" data-id=\"3156ce5\" data-element_type=\"widget\" data-settings=\"{&quot;_animation&quot;:&quot;fadeInUp&quot;}\" data-widget_type=\"icon-box.default\">\n\t\t\t\t<div class=\"elementor-widget-container\">\n\t\t\t\t\t\t\t<div class=\"elementor-icon-box-wrapper\">\n\n\t\t\t\n\t\t\t\t\t\t<div class=\"elementor-icon-box-content\">\n\n\t\t\t\t\n\t\t\t\t\t\t\t\t\t<p class=\"elementor-icon-box-description\">\n\t\t\t\t\t\tOs feriados nacionais de Portugal em 2024 oferecem uma rica tape\u00e7aria de experi\u00eancias culturais, religiosas e hist\u00f3ricas. Quer participe em festas vibrantes, assista a cerim\u00f3nias religiosas solenes ou simplesmente aproveite o tempo livre com a fam\u00edlia e os amigos, estes feriados proporcionam uma vis\u00e3o \u00fanica do cora\u00e7\u00e3o da vida portuguesa. Por isso, marque na sua agenda e prepare-se para celebrar o patrim\u00f3nio e as tradi\u00e7\u00f5es de Portugal em 2024!\t\t\t\t\t<\/p>\n\t\t\t\t\n\t\t\t<\/div>\n\t\t\t\n\t\t<\/div>\n\t\t\t\t\t\t<\/div>\n\t\t\t\t<\/div>\n\t\t\t\t<\/div>\n\t\t\t\t<\/div>\n\t\t\t\t<\/div>","protected":false},"excerpt":{"rendered":"<p>Os feriados nacionais de Portugal em 2024 oferecem uma experi\u00eancia rica da sua cultura, hist\u00f3ria e tradi\u00e7\u00f5es. Os principais feriados incluem o Dia de Ano Novo, o Carnaval, o Dia da Liberdade, o Dia de Portugal e o Natal. Cada feriado apresenta celebra\u00e7\u00f5es \u00fanicas, desde desfiles e cerim\u00f3nias religiosas a reuni\u00f5es familiares e eventos p\u00fablicos, proporcionando um vislumbre da vida portuguesa.<\/p>","protected":false},"author":2,"featured_media":8132,"comment_status":"closed","ping_status":"closed","sticky":false,"template":"elementor_header_footer","format":"standard","meta":{"_jetpack_memberships_contains_paid_content":false,"footnotes":""},"categories":[147,60,146,61],"tags":[93,70,92,71,90],"class_list":["post-8107","post","type-post","status-publish","format-standard","has-post-thumbnail","hentry","category-cultural-activities","category-europe","category-national-holidays","category-portugal","tag-holidays","tag-moving-to-europe","tag-portugal","tag-relocations","tag-tradition"],"jetpack_featured_media_url":"https:\/\/i0.wp.com\/relocations.io\/wp-content\/uploads\/2024\/08\/18-1.jpg?fit=1920%2C1080&ssl=1","jetpack-related-posts":[{"id":8832,"url":"https:\/\/relocations.io\/pt\/visto-de-candidato-a-emprego-em-portugal\/","url_meta":{"origin":8107,"position":0},"title":"Visto de candidato a emprego em Portugal: A sua porta de entrada para trabalhar em Portugal","author":"Relocations.io","date":"Agosto 16, 2024","format":false,"excerpt":"Discover how to navigate the Portugal Job Seeker Visa process, including eligibility, application steps, and key benefits. Learn how relocations.io can streamline your job search and relocation to Portugal, providing expert guidance on visa applications, document preparation, and local job markets. Get valuable insights on making a smooth transition to\u2026","rel":"","context":"In &quot;Citizenship&quot;","block_context":{"text":"Citizenship","link":"https:\/\/relocations.io\/pt\/categoria\/europa-2\/cidadania\/"},"img":{"alt_text":"","src":"https:\/\/i0.wp.com\/relocations.io\/wp-content\/uploads\/2024\/08\/6-3.jpg?fit=1200%2C600&ssl=1&resize=350%2C200","width":350,"height":200,"srcset":"https:\/\/i0.wp.com\/relocations.io\/wp-content\/uploads\/2024\/08\/6-3.jpg?fit=1200%2C600&ssl=1&resize=350%2C200 1x, https:\/\/i0.wp.com\/relocations.io\/wp-content\/uploads\/2024\/08\/6-3.jpg?fit=1200%2C600&ssl=1&resize=525%2C300 1.5x, https:\/\/i0.wp.com\/relocations.io\/wp-content\/uploads\/2024\/08\/6-3.jpg?fit=1200%2C600&ssl=1&resize=700%2C400 2x, https:\/\/i0.wp.com\/relocations.io\/wp-content\/uploads\/2024\/08\/6-3.jpg?fit=1200%2C600&ssl=1&resize=1050%2C600 3x"},"classes":[]},{"id":9038,"url":"https:\/\/relocations.io\/pt\/novos-voos-diretos-de-montreal-para-o-porto\/","url_meta":{"origin":8107,"position":1},"title":"Novos voos diretos para o Canad\u00e1 impulsionam o turismo entre Portugal e o Canad\u00e1","author":"Relocations.io","date":"Agosto 27, 2024","format":false,"excerpt":"A new direct flight route by Air Canada connecting Montreal, Canada, and Porto, Portugal. This service offers a convenient travel option for tourists and the Portuguese community in Canada. It highlights the benefits of the direct flight, including saving time and enhancing travel comfort, and also promotes Porto as an\u2026","rel":"","context":"In &quot;Canada&quot;","block_context":{"text":"Canada","link":"https:\/\/relocations.io\/pt\/categoria\/canada\/"},"img":{"alt_text":"","src":"https:\/\/i0.wp.com\/relocations.io\/wp-content\/uploads\/2024\/08\/New-Flights.jpg?fit=1200%2C600&ssl=1&resize=350%2C200","width":350,"height":200,"srcset":"https:\/\/i0.wp.com\/relocations.io\/wp-content\/uploads\/2024\/08\/New-Flights.jpg?fit=1200%2C600&ssl=1&resize=350%2C200 1x, https:\/\/i0.wp.com\/relocations.io\/wp-content\/uploads\/2024\/08\/New-Flights.jpg?fit=1200%2C600&ssl=1&resize=525%2C300 1.5x, https:\/\/i0.wp.com\/relocations.io\/wp-content\/uploads\/2024\/08\/New-Flights.jpg?fit=1200%2C600&ssl=1&resize=700%2C400 2x, https:\/\/i0.wp.com\/relocations.io\/wp-content\/uploads\/2024\/08\/New-Flights.jpg?fit=1200%2C600&ssl=1&resize=1050%2C600 3x"},"classes":[]},{"id":7363,"url":"https:\/\/relocations.io\/pt\/abracar-a-europa-o-caminho-simplificado-para-um-novo-comeco\/","url_meta":{"origin":8107,"position":2},"title":"Abra\u00e7ar a Europa: O caminho simplificado para um novo come\u00e7o","author":"Relocations.io","date":"Outubro 1, 2022","format":false,"excerpt":"The Allure of Moving to Europe Moving to Europe has captivated people worldwide. With its rich history, diverse culture, and high quality of life, Europe offers countless benefits for a fresh start. While relocating to a new continent can seem daunting, careful planning and the right support can streamline the\u2026","rel":"","context":"In &quot;Europe&quot;","block_context":{"text":"Europe","link":"https:\/\/relocations.io\/pt\/categoria\/europa-2\/"},"img":{"alt_text":"","src":"https:\/\/i0.wp.com\/relocations.io\/wp-content\/uploads\/2024\/02\/embracing-europe2.png?fit=1200%2C675&ssl=1&resize=350%2C200","width":350,"height":200,"srcset":"https:\/\/i0.wp.com\/relocations.io\/wp-content\/uploads\/2024\/02\/embracing-europe2.png?fit=1200%2C675&ssl=1&resize=350%2C200 1x, https:\/\/i0.wp.com\/relocations.io\/wp-content\/uploads\/2024\/02\/embracing-europe2.png?fit=1200%2C675&ssl=1&resize=525%2C300 1.5x, https:\/\/i0.wp.com\/relocations.io\/wp-content\/uploads\/2024\/02\/embracing-europe2.png?fit=1200%2C675&ssl=1&resize=700%2C400 2x, https:\/\/i0.wp.com\/relocations.io\/wp-content\/uploads\/2024\/02\/embracing-europe2.png?fit=1200%2C675&ssl=1&resize=1050%2C600 3x"},"classes":[]},{"id":7390,"url":"https:\/\/relocations.io\/pt\/celebrate-portugal-um-guia-dos-feriados-nacionais-em-2023\/","url_meta":{"origin":8107,"position":3},"title":"Celebrar Portugal: Guia dos feriados nacionais em 2023","author":"Relocations.io","date":"Mar\u00e7o 1, 2023","format":false,"excerpt":"From the lively street parties of New Year's Day to the solemn remembrance of All Saints' Day, Portugal's national holidays offer a vibrant tapestry of culture, history, and celebration. Whether you're marveling at the colorful Carnaval parades or joining in the festivities of Portugal Day, each holiday provides a unique\u2026","rel":"","context":"In &quot;Europe&quot;","block_context":{"text":"Europe","link":"https:\/\/relocations.io\/pt\/categoria\/europa-2\/"},"img":{"alt_text":"","src":"https:\/\/i0.wp.com\/relocations.io\/wp-content\/uploads\/2022\/11\/28.jpg?fit=1200%2C675&ssl=1&resize=350%2C200","width":350,"height":200,"srcset":"https:\/\/i0.wp.com\/relocations.io\/wp-content\/uploads\/2022\/11\/28.jpg?fit=1200%2C675&ssl=1&resize=350%2C200 1x, https:\/\/i0.wp.com\/relocations.io\/wp-content\/uploads\/2022\/11\/28.jpg?fit=1200%2C675&ssl=1&resize=525%2C300 1.5x, https:\/\/i0.wp.com\/relocations.io\/wp-content\/uploads\/2022\/11\/28.jpg?fit=1200%2C675&ssl=1&resize=700%2C400 2x, https:\/\/i0.wp.com\/relocations.io\/wp-content\/uploads\/2022\/11\/28.jpg?fit=1200%2C675&ssl=1&resize=1050%2C600 3x"},"classes":[]},{"id":7406,"url":"https:\/\/relocations.io\/pt\/os-brasileiros-que-se-mudam-para-portugal-abracam-novas-oportunidades-numa-historia-comum\/","url_meta":{"origin":8107,"position":4},"title":"Brasileiros a mudarem-se para Portugal: Abra\u00e7ar Novas Oportunidades numa Hist\u00f3ria Partilhada","author":"Relocations.io","date":"Julho 1, 2023","format":false,"excerpt":"Explore os la\u00e7os hist\u00f3ricos entre o Brasil e Portugal \u00e0 medida que os brasileiros procuram novas oportunidades na terra do seu passado colonial. Com uma l\u00edngua comum e afinidade cultural, Portugal oferece um ambiente acolhedor para os brasileiros prosperarem em diversos sectores, desde a tecnologia ao turismo.","rel":"","context":"In &quot;Europe&quot;","block_context":{"text":"Europe","link":"https:\/\/relocations.io\/pt\/categoria\/europa-2\/"},"img":{"alt_text":"","src":"https:\/\/i0.wp.com\/relocations.io\/wp-content\/uploads\/2022\/11\/36.jpg?fit=1200%2C675&ssl=1&resize=350%2C200","width":350,"height":200,"srcset":"https:\/\/i0.wp.com\/relocations.io\/wp-content\/uploads\/2022\/11\/36.jpg?fit=1200%2C675&ssl=1&resize=350%2C200 1x, https:\/\/i0.wp.com\/relocations.io\/wp-content\/uploads\/2022\/11\/36.jpg?fit=1200%2C675&ssl=1&resize=525%2C300 1.5x, https:\/\/i0.wp.com\/relocations.io\/wp-content\/uploads\/2022\/11\/36.jpg?fit=1200%2C675&ssl=1&resize=700%2C400 2x, https:\/\/i0.wp.com\/relocations.io\/wp-content\/uploads\/2022\/11\/36.jpg?fit=1200%2C675&ssl=1&resize=1050%2C600 3x"},"classes":[]},{"id":8610,"url":"https:\/\/relocations.io\/pt\/guia-completo-da-deslocacao-de-animais-de-companhia-para-a-europa\/","url_meta":{"origin":8107,"position":5},"title":"Guia completo: Mudan\u00e7a de animais de estima\u00e7\u00e3o para a Europa","author":"Relocations.io","date":"Agosto 19, 2024","format":false,"excerpt":"Your Comprehensive Guide to Moving Pets from North America to Europe. Transporting pets from North America to Europe involves careful planning, adherence to regulations, and ensuring the well-being of the pets throughout the journey. Whether you are relocating, participating in a breeding program, or transporting pets for other reasons, understanding\u2026","rel":"","context":"In &quot;Citizenship&quot;","block_context":{"text":"Citizenship","link":"https:\/\/relocations.io\/pt\/categoria\/europa-2\/cidadania\/"},"img":{"alt_text":"","src":"https:\/\/i0.wp.com\/relocations.io\/wp-content\/uploads\/2024\/08\/NEW-Castelos-Portugal-.jpg?fit=1200%2C600&ssl=1&resize=350%2C200","width":350,"height":200,"srcset":"https:\/\/i0.wp.com\/relocations.io\/wp-content\/uploads\/2024\/08\/NEW-Castelos-Portugal-.jpg?fit=1200%2C600&ssl=1&resize=350%2C200 1x, https:\/\/i0.wp.com\/relocations.io\/wp-content\/uploads\/2024\/08\/NEW-Castelos-Portugal-.jpg?fit=1200%2C600&ssl=1&resize=525%2C300 1.5x, https:\/\/i0.wp.com\/relocations.io\/wp-content\/uploads\/2024\/08\/NEW-Castelos-Portugal-.jpg?fit=1200%2C600&ssl=1&resize=700%2C400 2x, https:\/\/i0.wp.com\/relocations.io\/wp-content\/uploads\/2024\/08\/NEW-Castelos-Portugal-.jpg?fit=1200%2C600&ssl=1&resize=1050%2C600 3x"},"classes":[]}],"jetpack_sharing_enabled":true,"_links":{"self":[{"href":"https:\/\/relocations.io\/pt\/wp-json\/wp\/v2\/posts\/8107","targetHints":{"allow":["GET"]}}],"collection":[{"href":"https:\/\/relocations.io\/pt\/wp-json\/wp\/v2\/posts"}],"about":[{"href":"https:\/\/relocations.io\/pt\/wp-json\/wp\/v2\/types\/post"}],"author":[{"embeddable":true,"href":"https:\/\/relocations.io\/pt\/wp-json\/wp\/v2\/users\/2"}],"replies":[{"embeddable":true,"href":"https:\/\/relocations.io\/pt\/wp-json\/wp\/v2\/comments?post=8107"}],"version-history":[{"count":0,"href":"https:\/\/relocations.io\/pt\/wp-json\/wp\/v2\/posts\/8107\/revisions"}],"wp:featuredmedia":[{"embeddable":true,"href":"https:\/\/relocations.io\/pt\/wp-json\/wp\/v2\/media\/8132"}],"wp:attachment":[{"href":"https:\/\/relocations.io\/pt\/wp-json\/wp\/v2\/media?parent=8107"}],"wp:term":[{"taxonomy":"category","embeddable":true,"href":"https:\/\/relocations.io\/pt\/wp-json\/wp\/v2\/categories?post=8107"},{"taxonomy":"post_tag","embeddable":true,"href":"https:\/\/relocations.io\/pt\/wp-json\/wp\/v2\/tags?post=8107"}],"curies":[{"name":"wp","href":"https:\/\/api.w.org\/{rel}","templated":true}]}}