{"id":7537,"date":"2023-12-01T10:00:00","date_gmt":"2023-12-01T10:00:00","guid":{"rendered":"https:\/\/relocations.io\/?p=7537"},"modified":"2024-09-06T12:04:46","modified_gmt":"2024-09-06T11:04:46","slug":"explorar-o-encantador-mercado-de-natal-de-vigos","status":"publish","type":"post","link":"https:\/\/relocations.io\/pt\/explorar-o-encantador-mercado-de-natal-de-vigos\/","title":{"rendered":"Explorando o encanto: O encantador mercado de Natal de Vigo"},"content":{"rendered":"<div data-elementor-type=\"wp-post\" data-elementor-id=\"7537\" class=\"elementor elementor-7537\" data-elementor-settings=\"{&quot;ha_cmc_init_switcher&quot;:&quot;no&quot;}\" data-elementor-post-type=\"post\">\n\t\t\t\t<div class=\"elementor-element elementor-element-4b974bbe e-flex e-con-boxed e-con e-parent\" data-id=\"4b974bbe\" data-element_type=\"container\" data-settings=\"{&quot;_ha_eqh_enable&quot;:false}\">\n\t\t\t\t\t<div class=\"e-con-inner\">\n\t\t\t\t<div class=\"elementor-element elementor-element-76fb625 elementor-widget elementor-widget-heading\" data-id=\"76fb625\" data-element_type=\"widget\" data-widget_type=\"heading.default\">\n\t\t\t\t<div class=\"elementor-widget-container\">\n\t\t\t\t\t<h2 class=\"elementor-heading-title elementor-size-default\">Explorando o encanto: O encantador mercado de Natal de Vigo<\/h2>\t\t\t\t<\/div>\n\t\t\t\t<\/div>\n\t\t\t\t<div class=\"elementor-element elementor-element-1c9dba55 elementor-widget elementor-widget-text-editor\" data-id=\"1c9dba55\" data-element_type=\"widget\" data-widget_type=\"text-editor.default\">\n\t\t\t\t<div class=\"elementor-widget-container\">\n\t\t\t\t\t\t\t\t\t<!-- \/wp:paragraph --><!-- wp:paragraph -->\n<p><br \/>Com a aproxima\u00e7\u00e3o da \u00e9poca festiva, Vigo, situada no cora\u00e7\u00e3o de <a href=\"https:\/\/www.google.com\/url?sa=t&amp;rct=j&amp;q=&amp;esrc=s&amp;source=web&amp;cd=&amp;cad=rja&amp;uact=8&amp;ved=2ahUKEwjR95Obv8OEAxX-7QIHHYCODOAQFnoECDUQAQ&amp;url=https%3A%2F%2Fen.wikipedia.org%2Fwiki%2FGalicia_(Spain)&amp;usg=AOvVaw2nrFAyomza7GKnRPekqHMo&amp;opi=89978449\" target=\"_blank\" rel=\"noreferrer noopener\">Galiza, Espanha<\/a>O mercado de Natal de Vigo, em pleno ano 2000, transforma-se num pa\u00eds das maravilhas do inverno, com luzes cintilantes, alegria festiva e o irresist\u00edvel aroma do vinho quente e das castanhas assadas. No centro desta magia natal\u00edcia encontra-se o encantador mercado de Natal de Vigo, um centro de atividade movimentado que capta o esp\u00edrito da \u00e9poca como nenhum outro. Junte-se a n\u00f3s e embarque numa viagem pelas vistas, sons e sabores do c\u00e9lebre mercado de Natal de Vigo.<\/p>\n<!-- \/wp:paragraph --><!-- wp:paragraph -->\n<p>Situado no cora\u00e7\u00e3o do bairro hist\u00f3rico, o mercado de Natal de Vigo \u00e9 uma tape\u00e7aria vibrante de cores e <a href=\"https:\/\/relocations.io\/your-guide-to-visa-requirements-and-citizenship-in-portugal-navigating-your-path-to-a-new-life\/\" data-wpil-monitor-id=\"38\">tradi\u00e7\u00e3o<\/a>. As bancas de madeira, adornadas com luzes cintilantes e decora\u00e7\u00f5es festivas, alinham-se nas ruas de cal\u00e7ada. Isto cria uma atmosfera m\u00e1gica que encanta os visitantes de todas as idades.<\/p>\n<!-- \/wp:paragraph --><!-- wp:paragraph -->\n<p>Entre neste mundo m\u00e1gico e descubra um tesouro de artesanato, presentes \u00fanicos e <a href=\"https:\/\/relocations.io\/portugal-top-beaches-your-ultimate-guide\/\" data-wpil-monitor-id=\"58\">tradicional<\/a> guloseimas natal\u00edcias. O mercado oferece uma gama diversificada de tesouros, desde ornamentos artesanais e decora\u00e7\u00f5es festivas a t\u00eaxteis e cer\u00e2micas de fabrico local. \u00c9 perfeito para fazer compras de Natal e procurar recorda\u00e7\u00f5es, com achados \u00fanicos que captam o esp\u00edrito da \u00e9poca.<\/p>\n<!-- \/wp:paragraph --><!-- wp:heading {\"level\":5} -->\n<h5 id=\"h-must-try-delicacies-at-the-vigo-christmas-market\" class=\"wp-block-heading\"><strong>As del\u00edcias imperd\u00edveis do Mercado de Natal de Vigo<\/strong><\/h5>\n<!-- \/wp:heading --><!-- wp:paragraph -->\n<p>Um dos destaques do mercado de Natal de Vigo \u00e9 a sua deliciosa variedade de del\u00edcias culin\u00e1rias. Delicie-se com iguarias espanholas como os churros com chocolate, massa frita estaladi\u00e7a acompanhada por um rico e aveludado molho de chocolate. Ou ent\u00e3o, delicie-se com as suas papilas gustativas com castanhas acabadas de assar, um doce de inverno muito apreciado em Vigo. <a href=\"https:\/\/relocations.io\/from-brazil-to-europe-a-cultural-odyssey-of-relocation\/\" data-wpil-monitor-id=\"95\">Espanha<\/a>.<\/p>\n<!-- \/wp:paragraph --><!-- wp:image {\"id\":7541,\"sizeSlug\":\"large\",\"linkDestination\":\"none\",\"align\":\"center\"} -->\n<figure class=\"wp-block-image aligncenter size-large\"><img fetchpriority=\"high\" decoding=\"async\" data-recalc-dims=\"1\" height=\"576\" width=\"1024\" class=\"wp-image-7541\" src=\"https:\/\/i0.wp.com\/relocations.io\/wp-content\/uploads\/2024\/02\/vigoxmas-3.png?resize=1024%2C576&#038;ssl=1\" alt=\"Numa cidade alegre e cheia de amigos a passear, um ambiente m\u00e1gico e rom\u00e2ntico une pessoas de todos os cantos do mundo.\" srcset=\"https:\/\/i0.wp.com\/relocations.io\/wp-content\/uploads\/2024\/02\/vigoxmas-3.png?w=1920&amp;ssl=1 1920w, https:\/\/i0.wp.com\/relocations.io\/wp-content\/uploads\/2024\/02\/vigoxmas-3.png?resize=300%2C169&amp;ssl=1 300w, https:\/\/i0.wp.com\/relocations.io\/wp-content\/uploads\/2024\/02\/vigoxmas-3.png?resize=1024%2C576&amp;ssl=1 1024w, https:\/\/i0.wp.com\/relocations.io\/wp-content\/uploads\/2024\/02\/vigoxmas-3.png?resize=768%2C432&amp;ssl=1 768w, https:\/\/i0.wp.com\/relocations.io\/wp-content\/uploads\/2024\/02\/vigoxmas-3.png?resize=1536%2C864&amp;ssl=1 1536w, https:\/\/i0.wp.com\/relocations.io\/wp-content\/uploads\/2024\/02\/vigoxmas-3.png?resize=18%2C10&amp;ssl=1 18w, https:\/\/i0.wp.com\/relocations.io\/wp-content\/uploads\/2024\/02\/vigoxmas-3.png?resize=1170%2C658&amp;ssl=1 1170w, https:\/\/i0.wp.com\/relocations.io\/wp-content\/uploads\/2024\/02\/vigoxmas-3.png?resize=50%2C28&amp;ssl=1 50w, https:\/\/i0.wp.com\/relocations.io\/wp-content\/uploads\/2024\/02\/vigoxmas-3.png?resize=100%2C56&amp;ssl=1 100w\" sizes=\"(max-width: 1024px) 100vw, 1024px\" \/><\/figure>\n<!-- \/wp:image --><!-- wp:paragraph -->\n<p>Nenhuma visita ao mercado de Natal de Vigo estaria completa sem um copo de <a href=\"https:\/\/www.google.com\/url?sa=t&amp;rct=j&amp;q=&amp;esrc=s&amp;source=web&amp;cd=&amp;cad=rja&amp;uact=8&amp;ved=2ahUKEwjeqJbJv8OEAxVv9AIHHbL1A78QFnoECBEQAQ&amp;url=https%3A%2F%2Fviajecaminodesantiago.com%2Fen%2Fcuriosities%2Fqueimada%2F&amp;usg=AOvVaw1VZZqiZgDBzPsUqvLUFSkj&amp;opi=89978449\" target=\"_blank\" rel=\"noreferrer noopener\">queimada tradicional galega<\/a>A aguardente \u00e9 uma mistura potente de aguardente (uma bebida alco\u00f3lica forte), a\u00e7\u00facar, gr\u00e3os de caf\u00e9 e cascas de citrinos, tradicionalmente preparada e incendiada para afastar os maus esp\u00edritos.<\/p>\n<!-- \/wp:paragraph --><!-- wp:image {\"sizeSlug\":\"large\",\"align\":\"center\"} -->\n<figure class=\"wp-block-image aligncenter size-large\"><img decoding=\"async\" data-recalc-dims=\"1\" src=\"https:\/\/i0.wp.com\/www.letsteacheurope-erasmus.site\/wp-content\/uploads\/2021\/10\/Queimada.jpeg?w=1080&#038;ssl=1\" alt=\"queimada tradicional galega, uma mistura potente de aguardente (uma bebida alco\u00f3lica forte), a\u00e7\u00facar, gr\u00e3os de caf\u00e9 e casca de citrinos\" \/><\/figure>\n<!-- \/wp:image --><!-- wp:paragraph -->\n<p>Enquanto passeia pelo mercado, n\u00e3o deixe de apreciar as vistas e os sons da \u00e9poca. Ou\u00e7a as alegres can\u00e7\u00f5es de Natal no ar, veja as crian\u00e7as a deliciarem-se com os passeios no carrossel e maravilhe-se com as deslumbrantes exibi\u00e7\u00f5es de luzes de Natal que adornam as ruas da cidade.<\/p>\n<!-- \/wp:paragraph --><!-- wp:image {\"width\":\"770px\",\"height\":\"auto\",\"sizeSlug\":\"large\",\"align\":\"center\"} -->\n<figure class=\"wp-block-image aligncenter size-large is-resized\"><img decoding=\"async\" data-recalc-dims=\"1\" style=\"width: 770px; height: auto;\" src=\"https:\/\/i0.wp.com\/www.economist.com\/cdn-cgi\/image\/width%3D1424%2Cquality%3D80%2Cformat%3Dauto\/sites\/default\/files\/20170513_BKP503.jpg?w=1080&#038;ssl=1\" alt=\"M\u00fasicos tradicionais galegos a tocar num grupo folcl\u00f3rico\" \/><\/figure>\n<!-- \/wp:image --><!-- wp:paragraph -->\n<p>Para os que desejam conhecer a cultura local, o mercado de Natal de Vigo apresenta espect\u00e1culos ao vivo de m\u00fasica e dan\u00e7a tradicionais galegas. Estas actua\u00e7\u00f5es oferecem um vislumbre vibrante do rico patrim\u00f3nio cultural da regi\u00e3o. Al\u00e9m disso, a atmosfera animada real\u00e7a o esp\u00edrito festivo, tornando o mercado num destino de visita obrigat\u00f3ria.<\/p>\n<!-- \/wp:paragraph --><!-- wp:image {\"sizeSlug\":\"large\",\"align\":\"center\"} -->\n<figure class=\"wp-block-image aligncenter size-large\"><img decoding=\"async\" src=\"https:\/\/upload.wikimedia.org\/wikipedia\/commons\/thumb\/1\/14\/Danza_de_San_Sebasti%C3%A1n.jpg\/1200px-Danza_de_San_Sebasti%C3%A1n.jpg\" alt=\"Festas e tradi\u00e7\u00f5es folcl\u00f3ricas do povo gal\u00e1ctico\" \/><\/figure>\n<!-- \/wp:image --><!-- wp:heading {\"level\":5} -->\n<h5 id=\"h-celebrating-the-warmth-and-traditions-of-the-galician-people\" class=\"wp-block-heading\"><strong>Celebrar o calor e as tradi\u00e7\u00f5es do povo galego<\/strong><\/h5>\n<!-- \/wp:heading --><!-- wp:paragraph -->\n<p>O povo galego, com a sua heran\u00e7a cultural profundamente enraizada e fortes la\u00e7os comunit\u00e1rios, constitui o cora\u00e7\u00e3o desta regi\u00e3o encantadora. S\u00e3o conhecidos pela sua resili\u00eancia, criatividade e orgulho inabal\u00e1vel na sua identidade galega. Estas almas hospitaleiras encarnam o esp\u00edrito de camaradagem e solidariedade. Quer celebrem festas animadas ou partilhem uma refei\u00e7\u00e3o de pulpo a la gallega, os galegos irradiam calor e autenticidade. A sua hist\u00f3ria rica, as suas tradi\u00e7\u00f5es vibrantes e a sua hospitalidade sem limites deixam uma impress\u00e3o duradoura em todos os que os visitam. O povo galego recebe toda a gente de bra\u00e7os abertos, convidando-os a experimentar a verdadeira ess\u00eancia da Galiza em primeira m\u00e3o.<\/p>\n<!-- \/wp:paragraph --><!-- wp:paragraph -->\n<p>Quer esteja \u00e0 procura de presentes \u00fanicos, a deliciar-se com iguarias deliciosas ou apenas a desfrutar da atmosfera festiva, o mercado de Natal de Vigo tem algo para todos. Agasalhe-se, pegue numa ch\u00e1vena de chocolate quente e mergulhe na magia da \u00e9poca num dos destinos de f\u00e9rias mais encantadores de Espanha.<\/p>\n<!-- \/wp:paragraph --><!-- wp:paragraph -->\n<p>Veja o nosso <a href=\"https:\/\/relocations.io\/viva-espana-a-vibrant-journey-through-spains-national-holidays-in-2023\/\">Viva Espanha: Uma viagem vibrante pelos feriados nacionais de Espanha em 2023<\/a><\/p>\n<!-- \/wp:paragraph --><!-- wp:image {\"id\":7539,\"sizeSlug\":\"large\",\"linkDestination\":\"none\",\"align\":\"center\"} -->\n<figure class=\"wp-block-image aligncenter size-large\"><img decoding=\"async\" data-recalc-dims=\"1\" height=\"576\" width=\"1024\" class=\"wp-image-7539\" src=\"https:\/\/i0.wp.com\/relocations.io\/wp-content\/uploads\/2024\/02\/vigoxmas-1.png?resize=1024%2C576&#038;ssl=1\" alt=\"Aninhado nas movimentadas ruas do mercado de Natal de Vigo, os visitantes s\u00e3o recebidos com calor e hospitalidade pelo povo galego, conhecido pela sua simpatia e generosidade. Com sorrisos t\u00e3o brilhantes como as luzes festivas que adornam as bancas, os habitantes locais partilham ansiosamente hist\u00f3rias de tradi\u00e7\u00f5es festivas e costumes regionais, convidando os visitantes a mergulharem na rica tape\u00e7aria da cultura galega. Desde as conversas animadas durante as ch\u00e1venas fumegantes de queimada at\u00e9 aos espect\u00e1culos de dan\u00e7a improvisados que celebram o esp\u00edrito da \u00e9poca, o calor do povo galego acrescenta uma camada extra de encanto a esta experi\u00eancia m\u00e1gica de f\u00e9rias.\" srcset=\"https:\/\/i0.wp.com\/relocations.io\/wp-content\/uploads\/2024\/02\/vigoxmas-1.png?w=1920&amp;ssl=1 1920w, https:\/\/i0.wp.com\/relocations.io\/wp-content\/uploads\/2024\/02\/vigoxmas-1.png?resize=300%2C169&amp;ssl=1 300w, https:\/\/i0.wp.com\/relocations.io\/wp-content\/uploads\/2024\/02\/vigoxmas-1.png?resize=1024%2C576&amp;ssl=1 1024w, https:\/\/i0.wp.com\/relocations.io\/wp-content\/uploads\/2024\/02\/vigoxmas-1.png?resize=768%2C432&amp;ssl=1 768w, https:\/\/i0.wp.com\/relocations.io\/wp-content\/uploads\/2024\/02\/vigoxmas-1.png?resize=1536%2C864&amp;ssl=1 1536w, https:\/\/i0.wp.com\/relocations.io\/wp-content\/uploads\/2024\/02\/vigoxmas-1.png?resize=18%2C10&amp;ssl=1 18w, https:\/\/i0.wp.com\/relocations.io\/wp-content\/uploads\/2024\/02\/vigoxmas-1.png?resize=1170%2C658&amp;ssl=1 1170w, https:\/\/i0.wp.com\/relocations.io\/wp-content\/uploads\/2024\/02\/vigoxmas-1.png?resize=50%2C28&amp;ssl=1 50w, https:\/\/i0.wp.com\/relocations.io\/wp-content\/uploads\/2024\/02\/vigoxmas-1.png?resize=100%2C56&amp;ssl=1 100w\" sizes=\"(max-width: 1024px) 100vw, 1024px\" \/><\/figure>\n<!-- \/wp:image -->\t\t\t\t\t\t\t\t<\/div>\n\t\t\t\t<\/div>\n\t\t\t\t\t<\/div>\n\t\t\t\t<\/div>\n\t\t\t\t<\/div>","protected":false},"excerpt":{"rendered":"<p>Durante a \u00e9poca natal\u00edcia, o mercado de Natal de Vigo, situado na zona hist\u00f3rica da cidade, cativa com luzes cintilantes e bancas de artesanato que oferecem artesanato, presentes e iguarias culin\u00e1rias espanholas como churros e castanhas assadas. O mercado, animado pelo ambiente de can\u00e7\u00f5es de Natal e decora\u00e7\u00f5es festivas, tamb\u00e9m apresenta a tradicional queimada galega e espect\u00e1culos culturais, criando uma experi\u00eancia inesquec\u00edvel que encarna o esp\u00edrito da \u00e9poca.<\/p>","protected":false},"author":2,"featured_media":8743,"comment_status":"closed","ping_status":"closed","sticky":false,"template":"","format":"standard","meta":{"_jetpack_memberships_contains_paid_content":false,"footnotes":""},"categories":[60,62],"tags":[77,93,90,110],"class_list":["post-7537","post","type-post","status-publish","format-standard","has-post-thumbnail","hentry","category-europe","category-spain","tag-christmas-markets-in-europe","tag-holidays","tag-tradition","tag-vigo-spain"],"jetpack_featured_media_url":"https:\/\/i0.wp.com\/relocations.io\/wp-content\/uploads\/2022\/11\/51.jpg?fit=1920%2C1080&ssl=1","jetpack-related-posts":[{"id":7374,"url":"https:\/\/relocations.io\/pt\/mercados-de-natal-magicos-explorando-a-tradicao-encantadora-da-europa\/","url_meta":{"origin":7537,"position":0},"title":"Mercados de Natal m\u00e1gicos: Explorando a tradi\u00e7\u00e3o encantadora da Europa","author":"Relocations.io","date":"Dezembro 1, 2022","format":false,"excerpt":"Experience Europe's Enchanting Christmas Markets: A Festive Tradition \u00a0 As the holiday season approaches, Europe comes alive with the enchanting allure of Christmas markets, beckoning visitors with their festive atmosphere, twinkling lights, and aromatic delights. These centuries-old traditions, deeply rooted in European culture, offer a unique and immersive experience that\u2026","rel":"","context":"In &quot;Europe&quot;","block_context":{"text":"Europe","link":"https:\/\/relocations.io\/pt\/categoria\/europa-2\/"},"img":{"alt_text":"","src":"https:\/\/i0.wp.com\/relocations.io\/wp-content\/uploads\/2022\/11\/23.jpg?fit=1200%2C675&ssl=1&resize=350%2C200","width":350,"height":200,"srcset":"https:\/\/i0.wp.com\/relocations.io\/wp-content\/uploads\/2022\/11\/23.jpg?fit=1200%2C675&ssl=1&resize=350%2C200 1x, https:\/\/i0.wp.com\/relocations.io\/wp-content\/uploads\/2022\/11\/23.jpg?fit=1200%2C675&ssl=1&resize=525%2C300 1.5x, https:\/\/i0.wp.com\/relocations.io\/wp-content\/uploads\/2022\/11\/23.jpg?fit=1200%2C675&ssl=1&resize=700%2C400 2x, https:\/\/i0.wp.com\/relocations.io\/wp-content\/uploads\/2022\/11\/23.jpg?fit=1200%2C675&ssl=1&resize=1050%2C600 3x"},"classes":[]},{"id":7380,"url":"https:\/\/relocations.io\/pt\/entrar-no-novo-ano-explorando-as-tradicoes-europeias-do-ano-novo\/","url_meta":{"origin":7537,"position":1},"title":"Celebrar o Ano Novo: Explorando as tradi\u00e7\u00f5es europeias de Ano Novo","author":"Relocations.io","date":"Janeiro 1, 2023","format":false,"excerpt":"Exploring European New Year\u2019s Traditions As the clock strikes midnight on December 31st, Europe bursts into vibrant New Year\u2019s Eve celebrations. The continent\u2019s traditions highlight its rich cultural diversity, making each celebration unique and memorable. Fireworks and Grand Displays In Europe, fireworks are a central feature of New Year's Eve.\u2026","rel":"","context":"In &quot;Europe&quot;","block_context":{"text":"Europe","link":"https:\/\/relocations.io\/pt\/categoria\/europa-2\/"},"img":{"alt_text":"","src":"https:\/\/i0.wp.com\/relocations.io\/wp-content\/uploads\/2023\/01\/New-Year.jpg?fit=1200%2C675&ssl=1&resize=350%2C200","width":350,"height":200,"srcset":"https:\/\/i0.wp.com\/relocations.io\/wp-content\/uploads\/2023\/01\/New-Year.jpg?fit=1200%2C675&ssl=1&resize=350%2C200 1x, https:\/\/i0.wp.com\/relocations.io\/wp-content\/uploads\/2023\/01\/New-Year.jpg?fit=1200%2C675&ssl=1&resize=525%2C300 1.5x, https:\/\/i0.wp.com\/relocations.io\/wp-content\/uploads\/2023\/01\/New-Year.jpg?fit=1200%2C675&ssl=1&resize=700%2C400 2x, https:\/\/i0.wp.com\/relocations.io\/wp-content\/uploads\/2023\/01\/New-Year.jpg?fit=1200%2C675&ssl=1&resize=1050%2C600 3x"},"classes":[]},{"id":7363,"url":"https:\/\/relocations.io\/pt\/abracar-a-europa-o-caminho-simplificado-para-um-novo-comeco\/","url_meta":{"origin":7537,"position":2},"title":"Abra\u00e7ar a Europa: O caminho simplificado para um novo come\u00e7o","author":"Relocations.io","date":"Outubro 1, 2022","format":false,"excerpt":"The Allure of Moving to Europe Moving to Europe has captivated people worldwide. With its rich history, diverse culture, and high quality of life, Europe offers countless benefits for a fresh start. While relocating to a new continent can seem daunting, careful planning and the right support can streamline the\u2026","rel":"","context":"In &quot;Europe&quot;","block_context":{"text":"Europe","link":"https:\/\/relocations.io\/pt\/categoria\/europa-2\/"},"img":{"alt_text":"","src":"https:\/\/i0.wp.com\/relocations.io\/wp-content\/uploads\/2024\/02\/embracing-europe2.png?fit=1200%2C675&ssl=1&resize=350%2C200","width":350,"height":200,"srcset":"https:\/\/i0.wp.com\/relocations.io\/wp-content\/uploads\/2024\/02\/embracing-europe2.png?fit=1200%2C675&ssl=1&resize=350%2C200 1x, https:\/\/i0.wp.com\/relocations.io\/wp-content\/uploads\/2024\/02\/embracing-europe2.png?fit=1200%2C675&ssl=1&resize=525%2C300 1.5x, https:\/\/i0.wp.com\/relocations.io\/wp-content\/uploads\/2024\/02\/embracing-europe2.png?fit=1200%2C675&ssl=1&resize=700%2C400 2x, https:\/\/i0.wp.com\/relocations.io\/wp-content\/uploads\/2024\/02\/embracing-europe2.png?fit=1200%2C675&ssl=1&resize=1050%2C600 3x"},"classes":[]},{"id":7368,"url":"https:\/\/relocations.io\/pt\/acao-de-gracas-na-europa\/","url_meta":{"origin":7537,"position":3},"title":"A\u00e7\u00e3o de Gra\u00e7as na Europa","author":"Relocations.io","date":"Novembro 1, 2022","format":false,"excerpt":"Apesar das suas ra\u00edzes hist\u00f3ricas, o Dia de A\u00e7\u00e3o de Gra\u00e7as n\u00e3o foi adotado como um feriado generalizado na Europa.","rel":"","context":"In &quot;Europe&quot;","block_context":{"text":"Europe","link":"https:\/\/relocations.io\/pt\/categoria\/europa-2\/"},"img":{"alt_text":"","src":"https:\/\/i0.wp.com\/relocations.io\/wp-content\/uploads\/2022\/11\/21.jpg?fit=1200%2C675&ssl=1&resize=350%2C200","width":350,"height":200,"srcset":"https:\/\/i0.wp.com\/relocations.io\/wp-content\/uploads\/2022\/11\/21.jpg?fit=1200%2C675&ssl=1&resize=350%2C200 1x, https:\/\/i0.wp.com\/relocations.io\/wp-content\/uploads\/2022\/11\/21.jpg?fit=1200%2C675&ssl=1&resize=525%2C300 1.5x, https:\/\/i0.wp.com\/relocations.io\/wp-content\/uploads\/2022\/11\/21.jpg?fit=1200%2C675&ssl=1&resize=700%2C400 2x, https:\/\/i0.wp.com\/relocations.io\/wp-content\/uploads\/2022\/11\/21.jpg?fit=1200%2C675&ssl=1&resize=1050%2C600 3x"},"classes":[]},{"id":9038,"url":"https:\/\/relocations.io\/pt\/novos-voos-diretos-de-montreal-para-o-porto\/","url_meta":{"origin":7537,"position":4},"title":"Novos voos diretos para o Canad\u00e1 impulsionam o turismo entre Portugal e o Canad\u00e1","author":"Relocations.io","date":"Agosto 27, 2024","format":false,"excerpt":"A new direct flight route by Air Canada connecting Montreal, Canada, and Porto, Portugal. This service offers a convenient travel option for tourists and the Portuguese community in Canada. It highlights the benefits of the direct flight, including saving time and enhancing travel comfort, and also promotes Porto as an\u2026","rel":"","context":"In &quot;Canada&quot;","block_context":{"text":"Canada","link":"https:\/\/relocations.io\/pt\/categoria\/canada\/"},"img":{"alt_text":"","src":"https:\/\/i0.wp.com\/relocations.io\/wp-content\/uploads\/2024\/08\/New-Flights.jpg?fit=1200%2C600&ssl=1&resize=350%2C200","width":350,"height":200,"srcset":"https:\/\/i0.wp.com\/relocations.io\/wp-content\/uploads\/2024\/08\/New-Flights.jpg?fit=1200%2C600&ssl=1&resize=350%2C200 1x, https:\/\/i0.wp.com\/relocations.io\/wp-content\/uploads\/2024\/08\/New-Flights.jpg?fit=1200%2C600&ssl=1&resize=525%2C300 1.5x, https:\/\/i0.wp.com\/relocations.io\/wp-content\/uploads\/2024\/08\/New-Flights.jpg?fit=1200%2C600&ssl=1&resize=700%2C400 2x, https:\/\/i0.wp.com\/relocations.io\/wp-content\/uploads\/2024\/08\/New-Flights.jpg?fit=1200%2C600&ssl=1&resize=1050%2C600 3x"},"classes":[]},{"id":8107,"url":"https:\/\/relocations.io\/pt\/portugal-2024-celebra-a-tradicao-do-feriado-nacional\/","url_meta":{"origin":7537,"position":5},"title":"Explorando os feriados nacionais de Portugal em 2024: Um guia de celebra\u00e7\u00e3o cultural","author":"Relocations.io","date":"Agosto 12, 2024","format":false,"excerpt":"Os feriados nacionais de Portugal em 2024 oferecem uma experi\u00eancia rica da sua cultura, hist\u00f3ria e tradi\u00e7\u00f5es. Os principais feriados incluem o Dia de Ano Novo, o Carnaval, o Dia da Liberdade, o Dia de Portugal e o Natal. Cada feriado apresenta celebra\u00e7\u00f5es \u00fanicas, desde desfiles e cerim\u00f3nias religiosas a reuni\u00f5es familiares e eventos p\u00fablicos, proporcionando um vislumbre da vida portuguesa.","rel":"","context":"In &quot;Cultural Activities&quot;","block_context":{"text":"Cultural Activities","link":"https:\/\/relocations.io\/pt\/categoria\/europa-2\/actividades-culturais\/"},"img":{"alt_text":"","src":"https:\/\/i0.wp.com\/relocations.io\/wp-content\/uploads\/2024\/08\/18-1.jpg?fit=1200%2C675&ssl=1&resize=350%2C200","width":350,"height":200,"srcset":"https:\/\/i0.wp.com\/relocations.io\/wp-content\/uploads\/2024\/08\/18-1.jpg?fit=1200%2C675&ssl=1&resize=350%2C200 1x, https:\/\/i0.wp.com\/relocations.io\/wp-content\/uploads\/2024\/08\/18-1.jpg?fit=1200%2C675&ssl=1&resize=525%2C300 1.5x, https:\/\/i0.wp.com\/relocations.io\/wp-content\/uploads\/2024\/08\/18-1.jpg?fit=1200%2C675&ssl=1&resize=700%2C400 2x, https:\/\/i0.wp.com\/relocations.io\/wp-content\/uploads\/2024\/08\/18-1.jpg?fit=1200%2C675&ssl=1&resize=1050%2C600 3x"},"classes":[]}],"jetpack_sharing_enabled":true,"_links":{"self":[{"href":"https:\/\/relocations.io\/pt\/wp-json\/wp\/v2\/posts\/7537","targetHints":{"allow":["GET"]}}],"collection":[{"href":"https:\/\/relocations.io\/pt\/wp-json\/wp\/v2\/posts"}],"about":[{"href":"https:\/\/relocations.io\/pt\/wp-json\/wp\/v2\/types\/post"}],"author":[{"embeddable":true,"href":"https:\/\/relocations.io\/pt\/wp-json\/wp\/v2\/users\/2"}],"replies":[{"embeddable":true,"href":"https:\/\/relocations.io\/pt\/wp-json\/wp\/v2\/comments?post=7537"}],"version-history":[{"count":0,"href":"https:\/\/relocations.io\/pt\/wp-json\/wp\/v2\/posts\/7537\/revisions"}],"wp:featuredmedia":[{"embeddable":true,"href":"https:\/\/relocations.io\/pt\/wp-json\/wp\/v2\/media\/8743"}],"wp:attachment":[{"href":"https:\/\/relocations.io\/pt\/wp-json\/wp\/v2\/media?parent=7537"}],"wp:term":[{"taxonomy":"category","embeddable":true,"href":"https:\/\/relocations.io\/pt\/wp-json\/wp\/v2\/categories?post=7537"},{"taxonomy":"post_tag","embeddable":true,"href":"https:\/\/relocations.io\/pt\/wp-json\/wp\/v2\/tags?post=7537"}],"curies":[{"name":"wp","href":"https:\/\/api.w.org\/{rel}","templated":true}]}}