{"id":7532,"date":"2024-08-04T10:00:00","date_gmt":"2024-08-04T09:00:00","guid":{"rendered":"https:\/\/relocations.io\/?p=7532"},"modified":"2024-09-06T11:19:01","modified_gmt":"2024-09-06T10:19:01","slug":"saborear-lisboa-uma-viagem-gastronomica","status":"publish","type":"post","link":"https:\/\/relocations.io\/pt\/saborear-lisboa-uma-viagem-gastronomica\/","title":{"rendered":"Saboreando Lisboa: Uma Viagem Culin\u00e1ria pela Vibrante Capital de Portugal"},"content":{"rendered":"<div data-elementor-type=\"wp-post\" data-elementor-id=\"7532\" class=\"elementor elementor-7532\" data-elementor-settings=\"{&quot;ha_cmc_init_switcher&quot;:&quot;no&quot;}\" data-elementor-post-type=\"post\">\n\t\t\t\t<div class=\"elementor-element elementor-element-775b0ff9 e-flex e-con-boxed e-con e-parent\" data-id=\"775b0ff9\" data-element_type=\"container\" data-settings=\"{&quot;_ha_eqh_enable&quot;:false}\">\n\t\t\t\t\t<div class=\"e-con-inner\">\n\t\t\t\t<div class=\"elementor-element elementor-element-5093fcf2 elementor-widget elementor-widget-text-editor\" data-id=\"5093fcf2\" data-element_type=\"widget\" data-widget_type=\"text-editor.default\">\n\t\t\t\t<div class=\"elementor-widget-container\">\n\t\t\t\t\t\t\t\t\t\n<p>Lisboa, a capital de Portugal, banhada pelo sol, encanta com as suas ruas pitorescas e vistas deslumbrantes. Para al\u00e9m da sua beleza paisag\u00edstica, a cidade possui uma cena gastron\u00f3mica vibrante, oferecendo uma variedade de op\u00e7\u00f5es de refei\u00e7\u00f5es, desde marisco fresco a pastelaria irresist\u00edvel. Quer seja um entusiasta gourmet ou apenas desejoso de saborear os sabores locais, os melhores locais de restaura\u00e7\u00e3o de Lisboa prometem deliciar as suas papilas gustativas. Embarque numa aventura culin\u00e1ria e descubra porque \u00e9 que Lisboa \u00e9 celebrada como uma joia culin\u00e1ria.<\/p>\n<hr class=\"wp-block-separator has-alpha-channel-opacity is-style-wide\" \/><div class=\"wp-block-image\">\n<figure class=\"aligncenter size-large is-resized\"><br \/><br \/><img fetchpriority=\"high\" decoding=\"async\" data-recalc-dims=\"1\" height=\"576\" width=\"1024\" class=\"wp-image-8035\" style=\"width: 692px; height: auto;\" src=\"https:\/\/i0.wp.com\/relocations.io\/wp-content\/uploads\/2023\/08\/13.jpg?resize=1024%2C576&#038;ssl=1\" alt=\"\" srcset=\"https:\/\/i0.wp.com\/relocations.io\/wp-content\/uploads\/2023\/08\/13.jpg?w=2240&amp;ssl=1 2240w, https:\/\/i0.wp.com\/relocations.io\/wp-content\/uploads\/2023\/08\/13.jpg?resize=300%2C169&amp;ssl=1 300w, https:\/\/i0.wp.com\/relocations.io\/wp-content\/uploads\/2023\/08\/13.jpg?resize=1024%2C576&amp;ssl=1 1024w, https:\/\/i0.wp.com\/relocations.io\/wp-content\/uploads\/2023\/08\/13.jpg?resize=768%2C432&amp;ssl=1 768w, https:\/\/i0.wp.com\/relocations.io\/wp-content\/uploads\/2023\/08\/13.jpg?resize=1536%2C864&amp;ssl=1 1536w, https:\/\/i0.wp.com\/relocations.io\/wp-content\/uploads\/2023\/08\/13.jpg?resize=18%2C10&amp;ssl=1 18w, https:\/\/i0.wp.com\/relocations.io\/wp-content\/uploads\/2023\/08\/13.jpg?resize=1170%2C658&amp;ssl=1 1170w, https:\/\/i0.wp.com\/relocations.io\/wp-content\/uploads\/2023\/08\/13.jpg?resize=1920%2C1080&amp;ssl=1 1920w, https:\/\/i0.wp.com\/relocations.io\/wp-content\/uploads\/2023\/08\/13.jpg?resize=50%2C28&amp;ssl=1 50w, https:\/\/i0.wp.com\/relocations.io\/wp-content\/uploads\/2023\/08\/13.jpg?resize=100%2C56&amp;ssl=1 100w, https:\/\/i0.wp.com\/relocations.io\/wp-content\/uploads\/2023\/08\/13.jpg?w=2160&amp;ssl=1 2160w\" sizes=\"(max-width: 1024px) 100vw, 1024px\" \/><\/figure>\n<\/div>\n<h4 id=\"h-explore-lisbon-top-spots-for-gastronomic-delights\" class=\"wp-block-heading has-text-align-center\"><strong>Explorar Lisboa: Os melhores locais para del\u00edcias gastron\u00f3micas<br \/><br \/><\/strong><\/h4>\n\n<div class=\"wp-block-media-text is-stacked-on-mobile\">\n<figure class=\"wp-block-media-text__media\"><img decoding=\"async\" data-recalc-dims=\"1\" height=\"683\" width=\"1024\" class=\"wp-image-8022 size-full\" src=\"https:\/\/i0.wp.com\/relocations.io\/wp-content\/uploads\/2023\/08\/ILC-blog-On-the-Menu-Cervejaria-Ramiro-Lisbon-Portugal.jpg?resize=1024%2C683&#038;ssl=1\" alt=\"\" srcset=\"https:\/\/i0.wp.com\/relocations.io\/wp-content\/uploads\/2023\/08\/ILC-blog-On-the-Menu-Cervejaria-Ramiro-Lisbon-Portugal.jpg?w=1200&amp;ssl=1 1200w, https:\/\/i0.wp.com\/relocations.io\/wp-content\/uploads\/2023\/08\/ILC-blog-On-the-Menu-Cervejaria-Ramiro-Lisbon-Portugal.jpg?resize=300%2C200&amp;ssl=1 300w, https:\/\/i0.wp.com\/relocations.io\/wp-content\/uploads\/2023\/08\/ILC-blog-On-the-Menu-Cervejaria-Ramiro-Lisbon-Portugal.jpg?resize=1024%2C683&amp;ssl=1 1024w, https:\/\/i0.wp.com\/relocations.io\/wp-content\/uploads\/2023\/08\/ILC-blog-On-the-Menu-Cervejaria-Ramiro-Lisbon-Portugal.jpg?resize=768%2C512&amp;ssl=1 768w, https:\/\/i0.wp.com\/relocations.io\/wp-content\/uploads\/2023\/08\/ILC-blog-On-the-Menu-Cervejaria-Ramiro-Lisbon-Portugal.jpg?resize=18%2C12&amp;ssl=1 18w, https:\/\/i0.wp.com\/relocations.io\/wp-content\/uploads\/2023\/08\/ILC-blog-On-the-Menu-Cervejaria-Ramiro-Lisbon-Portugal.jpg?resize=50%2C33&amp;ssl=1 50w, https:\/\/i0.wp.com\/relocations.io\/wp-content\/uploads\/2023\/08\/ILC-blog-On-the-Menu-Cervejaria-Ramiro-Lisbon-Portugal.jpg?resize=100%2C67&amp;ssl=1 100w\" sizes=\"(max-width: 1024px) 100vw, 1024px\" \/><\/figure>\n<div class=\"wp-block-media-text__content\">\n<p><a href=\"http:\/\/www.cervejariaramiro.com\/\" target=\"_blank\" rel=\"noreferrer noopener\"><strong>Cl\u00e1ssicos intemporais na Cervejaria Ramiro:<\/strong><\/a> Localizada no vibrante Intendente, a Cervejaria Ramiro \u00e9 um local de marisco de topo. \u00c9 famosa pelas suas gambas e caranguejos frescos e suculentos. O ambiente \u00e9 animado e acolhedor. Desfrute da lagosta decadente e do marisco habilmente preparado. A Cervejaria Ramiro \u00e9 uma visita obrigat\u00f3ria para quem deseja sabores aut\u00eanticos de Lisboa.<\/p>\n<\/div>\n<\/div>\n\n<div class=\"wp-block-media-text has-media-on-the-right is-stacked-on-mobile\">\n<div class=\"wp-block-media-text__content\">\n<p><strong>Sabor da tradi\u00e7\u00e3o em <a href=\"https:\/\/taberneiros.pt\">Taberna da Rua das Flores<\/a>:\u00a0<\/strong>Localizada no hist\u00f3rico bairro do Chiado, a Taberna da Rua das Flores funde o encanto do velho mundo com a eleg\u00e2ncia moderna. Este acolhedor restaurante serve <a href=\"https:\/\/relocations.io\/your-guide-to-visa-requirements-and-citizenship-in-portugal-navigating-your-path-to-a-new-life\/\" data-wpil-monitor-id=\"39\">tradicional<\/a> Cozinha portuguesa com um toque contempor\u00e2neo. Desfrute de especialidades como o bacalhau \u00e0 br\u00e1s (bacalhau com ovos mexidos e batatas) e uma variedade de petiscos (tapas portuguesas). Complemente a sua refei\u00e7\u00e3o com uma sele\u00e7\u00e3o de bons vinhos portugueses. Experimente uma deliciosa fus\u00e3o de <a href=\"https:\/\/relocations.io\/from-brazil-to-europe-a-cultural-odyssey-of-relocation\/\" data-wpil-monitor-id=\"94\">tradi\u00e7\u00e3o<\/a> e inova\u00e7\u00e3o neste destino gastron\u00f3mico essencial.<\/p>\n<\/div>\n<figure class=\"wp-block-media-text__media\"><img decoding=\"async\" width=\"660\" height=\"440\" data-recalc-dims=\"1\" class=\"wp-image-8023 size-full\" src=\"https:\/\/i0.wp.com\/relocations.io\/wp-content\/uploads\/2023\/08\/Taberna-1_55_660x440.jpg.webp?w=1080&#038;ssl=1\" alt=\"\" srcset=\"https:\/\/i0.wp.com\/relocations.io\/wp-content\/uploads\/2023\/08\/Taberna-1_55_660x440.jpg.webp?w=660&amp;ssl=1 660w, https:\/\/i0.wp.com\/relocations.io\/wp-content\/uploads\/2023\/08\/Taberna-1_55_660x440.jpg.webp?resize=300%2C200&amp;ssl=1 300w, https:\/\/i0.wp.com\/relocations.io\/wp-content\/uploads\/2023\/08\/Taberna-1_55_660x440.jpg.webp?resize=18%2C12&amp;ssl=1 18w, https:\/\/i0.wp.com\/relocations.io\/wp-content\/uploads\/2023\/08\/Taberna-1_55_660x440.jpg.webp?resize=50%2C33&amp;ssl=1 50w, https:\/\/i0.wp.com\/relocations.io\/wp-content\/uploads\/2023\/08\/Taberna-1_55_660x440.jpg.webp?resize=100%2C67&amp;ssl=1 100w\" sizes=\"(max-width: 660px) 100vw, 660px\" \/><\/figure>\n<\/div>\n\n<div class=\"wp-block-media-text is-stacked-on-mobile\">\n<figure class=\"wp-block-media-text__media\"><img loading=\"lazy\" decoding=\"async\" data-recalc-dims=\"1\" height=\"576\" width=\"1024\" class=\"wp-image-8024 size-full\" src=\"https:\/\/i0.wp.com\/relocations.io\/wp-content\/uploads\/2023\/08\/naom_5f281e47a5bf1.jpg?resize=1024%2C576&#038;ssl=1\" alt=\"\" srcset=\"https:\/\/i0.wp.com\/relocations.io\/wp-content\/uploads\/2023\/08\/naom_5f281e47a5bf1.jpg?w=1280&amp;ssl=1 1280w, https:\/\/i0.wp.com\/relocations.io\/wp-content\/uploads\/2023\/08\/naom_5f281e47a5bf1.jpg?resize=300%2C169&amp;ssl=1 300w, https:\/\/i0.wp.com\/relocations.io\/wp-content\/uploads\/2023\/08\/naom_5f281e47a5bf1.jpg?resize=1024%2C576&amp;ssl=1 1024w, https:\/\/i0.wp.com\/relocations.io\/wp-content\/uploads\/2023\/08\/naom_5f281e47a5bf1.jpg?resize=768%2C432&amp;ssl=1 768w, https:\/\/i0.wp.com\/relocations.io\/wp-content\/uploads\/2023\/08\/naom_5f281e47a5bf1.jpg?resize=18%2C10&amp;ssl=1 18w, https:\/\/i0.wp.com\/relocations.io\/wp-content\/uploads\/2023\/08\/naom_5f281e47a5bf1.jpg?resize=1170%2C658&amp;ssl=1 1170w, https:\/\/i0.wp.com\/relocations.io\/wp-content\/uploads\/2023\/08\/naom_5f281e47a5bf1.jpg?resize=50%2C28&amp;ssl=1 50w, https:\/\/i0.wp.com\/relocations.io\/wp-content\/uploads\/2023\/08\/naom_5f281e47a5bf1.jpg?resize=100%2C56&amp;ssl=1 100w\" sizes=\"(max-width: 1024px) 100vw, 1024px\" \/><\/figure>\n<div class=\"wp-block-media-text__content\">\n<p><strong>Sabores ex\u00f3ticos em <a href=\"https:\/\/cantinhodoavillez.pt\/pt\/\">Cantinho do Avillez<\/a>:<\/strong>\u00a0Dirigido pelo famoso chefe Jos\u00e9 Avillez, o Cantinho do Avillez destaca-se no vibrante bairro do Chiado. Esta joia culin\u00e1ria funde <a href=\"https:\/\/relocations.io\/exploring-the-enchantment-vigos-delightful-christmas-market\/\" data-wpil-monitor-id=\"123\">tradicional<\/a> Sabores portugueses com influ\u00eancias globais, oferecendo pratos inventivos como a salada de polvo com abacate e coentros e o leit\u00e3o confitado com laranja e alecrim. Delicie-se com uma experi\u00eancia gastron\u00f3mica onde a inova\u00e7\u00e3o encontra a tradi\u00e7\u00e3o e saboreie a arte de um dos <a href=\"https:\/\/relocations.io\/portugal-top-beaches-your-ultimate-guide\/\" data-wpil-monitor-id=\"51\">O melhor de Portugal<\/a> cozinheiros.<\/p>\n<\/div>\n<\/div>\n\n<div class=\"wp-block-media-text has-media-on-the-right is-stacked-on-mobile\">\n<div class=\"wp-block-media-text__content\">\n<div class=\"wp-block-group is-nowrap is-layout-flex wp-container-core-group-is-layout-ad2f72ca wp-block-group-is-layout-flex\">\n<p><a href=\"https:\/\/www.google.com\/url?sa=t&amp;rct=j&amp;q=&amp;esrc=s&amp;source=web&amp;cd=&amp;cad=rja&amp;uact=8&amp;ved=2ahUKEwiMxdLez8GEAxV0if0HHcMBCxEQFnoECA8QAQ&amp;url=https%3A%2F%2Fmanteigaria.com%2F&amp;usg=AOvVaw1ffWaZNJvdtKGYCfWdyPpz&amp;opi=89978449\" target=\"_blank\" rel=\"noreferrer noopener\"><strong>Pastel de Nata Perfeito na Manteigaria:<\/strong><\/a> Nenhuma viagem a Lisboa est\u00e1 completa sem se deliciar com a pastelaria ic\u00f3nica de Portugal, o pastel de nata. Dirija-se \u00e0 Manteigaria, localizada no hist\u00f3rico bairro da Baixa, para provar este doce. A Manteigaria coze os seus past\u00e9is de nata frescos, servindo-os quentes e polvilhados com canela.<\/p>\n<\/div>\n<\/div>\n<figure class=\"wp-block-media-text__media\"><img loading=\"lazy\" decoding=\"async\" data-recalc-dims=\"1\" height=\"576\" width=\"1024\" class=\"wp-image-8025 size-full\" src=\"https:\/\/i0.wp.com\/relocations.io\/wp-content\/uploads\/2023\/08\/14.jpg?resize=1024%2C576&#038;ssl=1\" alt=\"\" srcset=\"https:\/\/i0.wp.com\/relocations.io\/wp-content\/uploads\/2023\/08\/14.jpg?w=2240&amp;ssl=1 2240w, https:\/\/i0.wp.com\/relocations.io\/wp-content\/uploads\/2023\/08\/14.jpg?resize=300%2C169&amp;ssl=1 300w, https:\/\/i0.wp.com\/relocations.io\/wp-content\/uploads\/2023\/08\/14.jpg?resize=1024%2C576&amp;ssl=1 1024w, https:\/\/i0.wp.com\/relocations.io\/wp-content\/uploads\/2023\/08\/14.jpg?resize=768%2C432&amp;ssl=1 768w, https:\/\/i0.wp.com\/relocations.io\/wp-content\/uploads\/2023\/08\/14.jpg?resize=1536%2C864&amp;ssl=1 1536w, https:\/\/i0.wp.com\/relocations.io\/wp-content\/uploads\/2023\/08\/14.jpg?resize=18%2C10&amp;ssl=1 18w, https:\/\/i0.wp.com\/relocations.io\/wp-content\/uploads\/2023\/08\/14.jpg?resize=1170%2C658&amp;ssl=1 1170w, https:\/\/i0.wp.com\/relocations.io\/wp-content\/uploads\/2023\/08\/14.jpg?resize=1920%2C1080&amp;ssl=1 1920w, https:\/\/i0.wp.com\/relocations.io\/wp-content\/uploads\/2023\/08\/14.jpg?resize=50%2C28&amp;ssl=1 50w, https:\/\/i0.wp.com\/relocations.io\/wp-content\/uploads\/2023\/08\/14.jpg?resize=100%2C56&amp;ssl=1 100w, https:\/\/i0.wp.com\/relocations.io\/wp-content\/uploads\/2023\/08\/14.jpg?w=2160&amp;ssl=1 2160w\" sizes=\"(max-width: 1024px) 100vw, 1024px\" \/><\/figure>\n<\/div>\n\n<div class=\"wp-block-media-text is-stacked-on-mobile\">\n<figure class=\"wp-block-media-text__media\"><img loading=\"lazy\" decoding=\"async\" width=\"720\" height=\"328\" data-recalc-dims=\"1\" class=\"wp-image-8026 size-full\" src=\"https:\/\/i0.wp.com\/relocations.io\/wp-content\/uploads\/2023\/08\/Park-Restaurante-Bar-Lisbon-1.jpg.webp?w=1080&#038;ssl=1\" alt=\"\" srcset=\"https:\/\/i0.wp.com\/relocations.io\/wp-content\/uploads\/2023\/08\/Park-Restaurante-Bar-Lisbon-1.jpg.webp?w=720&amp;ssl=1 720w, https:\/\/i0.wp.com\/relocations.io\/wp-content\/uploads\/2023\/08\/Park-Restaurante-Bar-Lisbon-1.jpg.webp?resize=300%2C137&amp;ssl=1 300w, https:\/\/i0.wp.com\/relocations.io\/wp-content\/uploads\/2023\/08\/Park-Restaurante-Bar-Lisbon-1.jpg.webp?resize=18%2C8&amp;ssl=1 18w, https:\/\/i0.wp.com\/relocations.io\/wp-content\/uploads\/2023\/08\/Park-Restaurante-Bar-Lisbon-1.jpg.webp?resize=50%2C23&amp;ssl=1 50w, https:\/\/i0.wp.com\/relocations.io\/wp-content\/uploads\/2023\/08\/Park-Restaurante-Bar-Lisbon-1.jpg.webp?resize=100%2C46&amp;ssl=1 100w\" sizes=\"(max-width: 720px) 100vw, 720px\" \/><\/figure>\n<div class=\"wp-block-media-text__content\">\n<div class=\"wp-block-group is-nowrap is-layout-flex wp-container-core-group-is-layout-ad2f72ca wp-block-group-is-layout-flex\">\n<p id=\"h-sunset-dining-at-park-bar-for-a-dining-experience-that-pairs-stunning-views-with-delectable-offerings-head-to-park-bar-located-on-a-rooftop-in-bairro-alto-this-bar-offers-breathtaking-panoramic-vistas-of-lisbon-s-skyline-and-the-tagus-river-sip-on-a-refreshing-cocktail-and-enjoy-a-selection-of-light-bites-and-snacks-here-ambiance-and-flavor-come-together-perfectly-making-it-a-must-visit-spot-for-both-sights-and-bites\" class=\"wp-block-heading\"><a href=\"https:\/\/g.co\/kgs\/VPUmzP2\"><strong>Jantar ao p\u00f4r do sol no Park Bar<\/strong>:<\/a> Para uma experi\u00eancia gastron\u00f3mica que combina vistas deslumbrantes com ofertas deliciosas, dirija-se ao Park Bar. Localizado num telhado no Bairro Alto, este bar oferece vistas panor\u00e2micas de cortar a respira\u00e7\u00e3o sobre a linha do horizonte de Lisboa e o rio Tejo. Beba um cocktail refrescante e desfrute de uma sele\u00e7\u00e3o de refei\u00e7\u00f5es ligeiras e snacks. Aqui, o ambiente e o sabor conjugam-se na perfei\u00e7\u00e3o, tornando-o um local de visita obrigat\u00f3ria, tanto para as vistas como para os petiscos.<\/p>\n<\/div>\n<\/div>\n<\/div>\n\n<div class=\"wp-block-media-text has-media-on-the-right is-stacked-on-mobile\">\n<div class=\"wp-block-media-text__content\">\n<div class=\"wp-block-group is-nowrap is-layout-flex wp-container-core-group-is-layout-ad2f72ca wp-block-group-is-layout-flex\">\n<p><strong><a href=\"https:\/\/g.co\/kgs\/wfXmVnJ\">Fusion Fare na Pharmacia<\/a><\/strong>: Instalado numa antiga farm\u00e1cia no Bairro Alto, o Pharmacia proporciona uma experi\u00eancia gastron\u00f3mica que funde a gastronomia com a nostalgia. O menu inventivo do restaurante reinventa os pratos tradicionais portugueses com um toque moderno. Desfrute de marisco fresco e local, carnes suculentas e sobremesas criativas. A decora\u00e7\u00e3o extravagante, com recorda\u00e7\u00f5es farmac\u00eauticas vintage, melhora a experi\u00eancia gastron\u00f3mica, tornando cada visita memor\u00e1vel e envolvente.<\/p>\n<\/div>\n<\/div>\n<figure class=\"wp-block-media-text__media\"><img loading=\"lazy\" decoding=\"async\" width=\"600\" height=\"310\" class=\"wp-image-8028 size-full\" src=\"https:\/\/relocations.io\/wp-content\/uploads\/2023\/08\/5fc58b9f-1661-42d8-920e-a3ae91d2bf23.avif\" alt=\"\" srcset=\"https:\/\/relocations.io\/wp-content\/uploads\/2023\/08\/5fc58b9f-1661-42d8-920e-a3ae91d2bf23.avif 600w, https:\/\/relocations.io\/wp-content\/uploads\/2023\/08\/5fc58b9f-1661-42d8-920e-a3ae91d2bf23-300x155.avif 300w, https:\/\/relocations.io\/wp-content\/uploads\/2023\/08\/5fc58b9f-1661-42d8-920e-a3ae91d2bf23-18x9.avif 18w, https:\/\/relocations.io\/wp-content\/uploads\/2023\/08\/5fc58b9f-1661-42d8-920e-a3ae91d2bf23-50x26.avif 50w, https:\/\/relocations.io\/wp-content\/uploads\/2023\/08\/5fc58b9f-1661-42d8-920e-a3ae91d2bf23-100x52.avif 100w\" sizes=\"(max-width: 600px) 100vw, 600px\" \/><\/figure>\n<\/div>\n\n<div class=\"wp-block-media-text is-stacked-on-mobile\">\n<figure class=\"wp-block-media-text__media\"><img loading=\"lazy\" decoding=\"async\" data-recalc-dims=\"1\" height=\"573\" width=\"1024\" class=\"wp-image-8029 size-full\" src=\"https:\/\/i0.wp.com\/relocations.io\/wp-content\/uploads\/2023\/08\/tasca-da-esquina-1024x573.jpg?resize=1024%2C573&#038;ssl=1\" alt=\"\" srcset=\"https:\/\/i0.wp.com\/relocations.io\/wp-content\/uploads\/2023\/08\/tasca-da-esquina.jpg?resize=1024%2C573&amp;ssl=1 1024w, https:\/\/i0.wp.com\/relocations.io\/wp-content\/uploads\/2023\/08\/tasca-da-esquina.jpg?resize=300%2C168&amp;ssl=1 300w, https:\/\/i0.wp.com\/relocations.io\/wp-content\/uploads\/2023\/08\/tasca-da-esquina.jpg?resize=768%2C430&amp;ssl=1 768w, https:\/\/i0.wp.com\/relocations.io\/wp-content\/uploads\/2023\/08\/tasca-da-esquina.jpg?resize=18%2C10&amp;ssl=1 18w, https:\/\/i0.wp.com\/relocations.io\/wp-content\/uploads\/2023\/08\/tasca-da-esquina.jpg?resize=50%2C28&amp;ssl=1 50w, https:\/\/i0.wp.com\/relocations.io\/wp-content\/uploads\/2023\/08\/tasca-da-esquina.jpg?resize=100%2C56&amp;ssl=1 100w, https:\/\/i0.wp.com\/relocations.io\/wp-content\/uploads\/2023\/08\/tasca-da-esquina.jpg?w=1301&amp;ssl=1 1301w\" sizes=\"(max-width: 1024px) 100vw, 1024px\" \/><\/figure>\n<div class=\"wp-block-media-text__content\">\n<p><strong>Sabores aut\u00eanticos em <a href=\"https:\/\/tascadaesquina.com\/pt-pt\/\">Tasca da Esquina<\/a>:<\/strong> A Tasca da Esquina, situada em Campo de Ourique, tem um ambiente acolhedor e uma vers\u00e3o moderna dos cl\u00e1ssicos portugueses. Desfrute do polvo grelhado com batata doce e coentros ou das bochechas de porco cozinhadas lentamente com pur\u00e9 de castanhas. Cada prato utiliza ingredientes frescos e locais, misturando sabores tradicionais com um toque contempor\u00e2neo.<br \/><br \/><\/p>\n<\/div>\n<\/div>\n\n<h5 id=\"h-lisbon-s-culinary-scene-offers-an-impressive-range-of-dining-experiences-from-classic-taverns-to-stylish-rooftop-bars-whether-you-seek-fresh-seafood-decadent-pastries-or-cutting-edge-fusion-dishes-portugal-s-capital-delivers-on-all-fronts-prepare-to-dive-into-lisbon-s-vibrant-food-culture-and-satisfy-your-cravings-on-your-next-culinary-journey\" class=\"wp-block-heading\"><br \/><br \/><br \/>A cena culin\u00e1ria de Lisboa oferece uma impressionante variedade de experi\u00eancias gastron\u00f3micas, desde tabernas cl\u00e1ssicas a elegantes bares nos telhados. Quer procure marisco fresco, pastelaria decadente ou pratos de fus\u00e3o de vanguarda, a capital de Portugal oferece tudo. Prepare-se para mergulhar na vibrante cultura gastron\u00f3mica de Lisboa e satisfazer os seus desejos na sua pr\u00f3xima viagem culin\u00e1ria.<\/h5>\n\t\t\t\t\t\t\t\t<\/div>\n\t\t\t\t<\/div>\n\t\t\t\t\t<\/div>\n\t\t\t\t<\/div>\n\t\t\t\t<\/div>","protected":false},"excerpt":{"rendered":"<p>Lisbon, Portugal&#8217;s sun-drenched capital, enchants with its picturesque streets and sweeping views. Beyond its scenic beauty, the city boasts a vibrant food scene, offering a range of dining options from fresh seafood to irresistible pastries. Whether you&#8217;re a gourmet enthusiast or just eager to savor local flavors, Lisbon\u2019s top dining spots promise to delight your [&hellip;]<\/p>","protected":false},"author":2,"featured_media":8744,"comment_status":"closed","ping_status":"closed","sticky":false,"template":"","format":"standard","meta":{"_jetpack_memberships_contains_paid_content":false,"footnotes":""},"categories":[60,61],"tags":[109,107,108,70,71,69],"class_list":["post-7532","post","type-post","status-publish","format-standard","has-post-thumbnail","hentry","category-europe","category-portugal","tag-food","tag-lisboa","tag-lisbon","tag-moving-to-europe","tag-relocations","tag-relocations-io-blog"],"jetpack_featured_media_url":"https:\/\/i0.wp.com\/relocations.io\/wp-content\/uploads\/2022\/11\/48.jpg?fit=1920%2C1080&ssl=1","jetpack-related-posts":[{"id":8793,"url":"https:\/\/relocations.io\/pt\/castelos-em-portugal-locais-historicos-com-vistas-deslumbrantes-2\/","url_meta":{"origin":7532,"position":0},"title":"Descubra o encanto intemporal dos castelos de Portugal: Uma viagem pela hist\u00f3ria e pela beleza","author":"Relocations.io","date":"Maio 22, 2024","format":false,"excerpt":"Hoje em dia, os castelos portugueses s\u00e3o uma grande atra\u00e7\u00e3o tur\u00edstica devido \u00e0 sua beleza, hist\u00f3ria e diversidade. Est\u00e3o espalhados por cidades hist\u00f3ricas como Lisboa e Guimar\u00e3es, aninhados em paisagens naturais deslumbrantes como o Douro ou o Algarve, e at\u00e9 em regi\u00f5es menos conhecidas mas igualmente cativantes como o Minho e o Ribatejo.","rel":"","context":"In &quot;Cultural Activities&quot;","block_context":{"text":"Cultural Activities","link":"https:\/\/relocations.io\/pt\/categoria\/europa-2\/actividades-culturais\/"},"img":{"alt_text":"","src":"https:\/\/i0.wp.com\/relocations.io\/wp-content\/uploads\/2024\/08\/Castelos-Portugal-banner.jpg?fit=1200%2C600&ssl=1&resize=350%2C200","width":350,"height":200,"srcset":"https:\/\/i0.wp.com\/relocations.io\/wp-content\/uploads\/2024\/08\/Castelos-Portugal-banner.jpg?fit=1200%2C600&ssl=1&resize=350%2C200 1x, https:\/\/i0.wp.com\/relocations.io\/wp-content\/uploads\/2024\/08\/Castelos-Portugal-banner.jpg?fit=1200%2C600&ssl=1&resize=525%2C300 1.5x, https:\/\/i0.wp.com\/relocations.io\/wp-content\/uploads\/2024\/08\/Castelos-Portugal-banner.jpg?fit=1200%2C600&ssl=1&resize=700%2C400 2x, https:\/\/i0.wp.com\/relocations.io\/wp-content\/uploads\/2024\/08\/Castelos-Portugal-banner.jpg?fit=1200%2C600&ssl=1&resize=1050%2C600 3x"},"classes":[]},{"id":8816,"url":"https:\/\/relocations.io\/pt\/portugal-abalado-por-um-terramoto-de-magnitude-5-3-tremor-recente-e-contexto-historico\/","url_meta":{"origin":7532,"position":1},"title":"Portugal abalado por um terramoto de magnitude 5,3: Tremor recente e contexto hist\u00f3rico","author":"Relocations.io","date":"Agosto 26, 2024","format":false,"excerpt":"A recent 5.3 magnitude earthquake that struck Portugal, specifically impacting the region near \u00c9vora. It provides details on the quake's effects, including minor damages and the response from local authorities. The article also offers a historical context, mentioning past significant earthquakes in Portugal, such as the devastating 1755 Lisbon earthquake.\u2026","rel":"","context":"In &quot;Europe&quot;","block_context":{"text":"Europe","link":"https:\/\/relocations.io\/pt\/categoria\/europa-2\/"},"img":{"alt_text":"","src":"https:\/\/i0.wp.com\/relocations.io\/wp-content\/uploads\/2024\/08\/Earthquake.jpg?fit=1200%2C600&ssl=1&resize=350%2C200","width":350,"height":200,"srcset":"https:\/\/i0.wp.com\/relocations.io\/wp-content\/uploads\/2024\/08\/Earthquake.jpg?fit=1200%2C600&ssl=1&resize=350%2C200 1x, https:\/\/i0.wp.com\/relocations.io\/wp-content\/uploads\/2024\/08\/Earthquake.jpg?fit=1200%2C600&ssl=1&resize=525%2C300 1.5x, https:\/\/i0.wp.com\/relocations.io\/wp-content\/uploads\/2024\/08\/Earthquake.jpg?fit=1200%2C600&ssl=1&resize=700%2C400 2x, https:\/\/i0.wp.com\/relocations.io\/wp-content\/uploads\/2024\/08\/Earthquake.jpg?fit=1200%2C600&ssl=1&resize=1050%2C600 3x"},"classes":[]},{"id":7390,"url":"https:\/\/relocations.io\/pt\/celebrate-portugal-um-guia-dos-feriados-nacionais-em-2023\/","url_meta":{"origin":7532,"position":2},"title":"Celebrar Portugal: Guia dos feriados nacionais em 2023","author":"Relocations.io","date":"Mar\u00e7o 1, 2023","format":false,"excerpt":"From the lively street parties of New Year's Day to the solemn remembrance of All Saints' Day, Portugal's national holidays offer a vibrant tapestry of culture, history, and celebration. Whether you're marveling at the colorful Carnaval parades or joining in the festivities of Portugal Day, each holiday provides a unique\u2026","rel":"","context":"In &quot;Europe&quot;","block_context":{"text":"Europe","link":"https:\/\/relocations.io\/pt\/categoria\/europa-2\/"},"img":{"alt_text":"","src":"https:\/\/i0.wp.com\/relocations.io\/wp-content\/uploads\/2022\/11\/28.jpg?fit=1200%2C675&ssl=1&resize=350%2C200","width":350,"height":200,"srcset":"https:\/\/i0.wp.com\/relocations.io\/wp-content\/uploads\/2022\/11\/28.jpg?fit=1200%2C675&ssl=1&resize=350%2C200 1x, https:\/\/i0.wp.com\/relocations.io\/wp-content\/uploads\/2022\/11\/28.jpg?fit=1200%2C675&ssl=1&resize=525%2C300 1.5x, https:\/\/i0.wp.com\/relocations.io\/wp-content\/uploads\/2022\/11\/28.jpg?fit=1200%2C675&ssl=1&resize=700%2C400 2x, https:\/\/i0.wp.com\/relocations.io\/wp-content\/uploads\/2022\/11\/28.jpg?fit=1200%2C675&ssl=1&resize=1050%2C600 3x"},"classes":[]},{"id":7401,"url":"https:\/\/relocations.io\/pt\/do-brasil-a-europa-uma-odisseia-cultural-de-deslocalizacao\/","url_meta":{"origin":7532,"position":3},"title":"Do Brasil para a Europa: Uma Odisseia Cultural de Deslocaliza\u00e7\u00e3o","author":"Relocations.io","date":"Mar\u00e7o 1, 2024","format":false,"excerpt":"Embark on a cultural journey as Brazilians move from Brazil to Europe, seeking new opportunities. From Portugal's laid-back shores to Spain's bustling streets, each destination offers unique experiences. Join them as they embrace new beginnings in France, Italy, and Belgium, enriching Europe's tapestry of diversity.","rel":"","context":"In &quot;Belgium&quot;","block_context":{"text":"Belgium","link":"https:\/\/relocations.io\/pt\/categoria\/europa-2\/belgica\/"},"img":{"alt_text":"","src":"https:\/\/i0.wp.com\/relocations.io\/wp-content\/uploads\/2022\/11\/33.jpg?fit=1200%2C675&ssl=1&resize=350%2C200","width":350,"height":200,"srcset":"https:\/\/i0.wp.com\/relocations.io\/wp-content\/uploads\/2022\/11\/33.jpg?fit=1200%2C675&ssl=1&resize=350%2C200 1x, https:\/\/i0.wp.com\/relocations.io\/wp-content\/uploads\/2022\/11\/33.jpg?fit=1200%2C675&ssl=1&resize=525%2C300 1.5x, https:\/\/i0.wp.com\/relocations.io\/wp-content\/uploads\/2022\/11\/33.jpg?fit=1200%2C675&ssl=1&resize=700%2C400 2x, https:\/\/i0.wp.com\/relocations.io\/wp-content\/uploads\/2022\/11\/33.jpg?fit=1200%2C675&ssl=1&resize=1050%2C600 3x"},"classes":[]},{"id":7406,"url":"https:\/\/relocations.io\/pt\/os-brasileiros-que-se-mudam-para-portugal-abracam-novas-oportunidades-numa-historia-comum\/","url_meta":{"origin":7532,"position":4},"title":"Brasileiros a mudarem-se para Portugal: Abra\u00e7ar Novas Oportunidades numa Hist\u00f3ria Partilhada","author":"Relocations.io","date":"Julho 1, 2023","format":false,"excerpt":"Explore os la\u00e7os hist\u00f3ricos entre o Brasil e Portugal \u00e0 medida que os brasileiros procuram novas oportunidades na terra do seu passado colonial. Com uma l\u00edngua comum e afinidade cultural, Portugal oferece um ambiente acolhedor para os brasileiros prosperarem em diversos sectores, desde a tecnologia ao turismo.","rel":"","context":"In &quot;Europe&quot;","block_context":{"text":"Europe","link":"https:\/\/relocations.io\/pt\/categoria\/europa-2\/"},"img":{"alt_text":"","src":"https:\/\/i0.wp.com\/relocations.io\/wp-content\/uploads\/2022\/11\/36.jpg?fit=1200%2C675&ssl=1&resize=350%2C200","width":350,"height":200,"srcset":"https:\/\/i0.wp.com\/relocations.io\/wp-content\/uploads\/2022\/11\/36.jpg?fit=1200%2C675&ssl=1&resize=350%2C200 1x, https:\/\/i0.wp.com\/relocations.io\/wp-content\/uploads\/2022\/11\/36.jpg?fit=1200%2C675&ssl=1&resize=525%2C300 1.5x, https:\/\/i0.wp.com\/relocations.io\/wp-content\/uploads\/2022\/11\/36.jpg?fit=1200%2C675&ssl=1&resize=700%2C400 2x, https:\/\/i0.wp.com\/relocations.io\/wp-content\/uploads\/2022\/11\/36.jpg?fit=1200%2C675&ssl=1&resize=1050%2C600 3x"},"classes":[]},{"id":7427,"url":"https:\/\/relocations.io\/pt\/o-seu-guia-para-a-obtencao-de-vistos-e-cidadania-em-portugal-navegando-no-seu-caminho-para-uma-nova-vida\/","url_meta":{"origin":7532,"position":5},"title":"O seu guia sobre requisitos de visto e cidadania em Portugal: Navegar no seu caminho para uma nova vida","author":"Relocations.io","date":"Junho 1, 2024","format":false,"excerpt":"Descubra os passos essenciais para se mudar para Portugal, desde os requisitos de visto at\u00e9 aos procedimentos de cidadania. O nosso guia simplifica o processo, garantindo uma transi\u00e7\u00e3o suave para a sua nova vida neste pa\u00eds cativante.","rel":"","context":"In &quot;Europe&quot;","block_context":{"text":"Europe","link":"https:\/\/relocations.io\/pt\/categoria\/europa-2\/"},"img":{"alt_text":"","src":"https:\/\/i0.wp.com\/relocations.io\/wp-content\/uploads\/2022\/11\/41.jpg?fit=1200%2C675&ssl=1&resize=350%2C200","width":350,"height":200,"srcset":"https:\/\/i0.wp.com\/relocations.io\/wp-content\/uploads\/2022\/11\/41.jpg?fit=1200%2C675&ssl=1&resize=350%2C200 1x, https:\/\/i0.wp.com\/relocations.io\/wp-content\/uploads\/2022\/11\/41.jpg?fit=1200%2C675&ssl=1&resize=525%2C300 1.5x, https:\/\/i0.wp.com\/relocations.io\/wp-content\/uploads\/2022\/11\/41.jpg?fit=1200%2C675&ssl=1&resize=700%2C400 2x, https:\/\/i0.wp.com\/relocations.io\/wp-content\/uploads\/2022\/11\/41.jpg?fit=1200%2C675&ssl=1&resize=1050%2C600 3x"},"classes":[]}],"jetpack_sharing_enabled":true,"_links":{"self":[{"href":"https:\/\/relocations.io\/pt\/wp-json\/wp\/v2\/posts\/7532","targetHints":{"allow":["GET"]}}],"collection":[{"href":"https:\/\/relocations.io\/pt\/wp-json\/wp\/v2\/posts"}],"about":[{"href":"https:\/\/relocations.io\/pt\/wp-json\/wp\/v2\/types\/post"}],"author":[{"embeddable":true,"href":"https:\/\/relocations.io\/pt\/wp-json\/wp\/v2\/users\/2"}],"replies":[{"embeddable":true,"href":"https:\/\/relocations.io\/pt\/wp-json\/wp\/v2\/comments?post=7532"}],"version-history":[{"count":0,"href":"https:\/\/relocations.io\/pt\/wp-json\/wp\/v2\/posts\/7532\/revisions"}],"wp:featuredmedia":[{"embeddable":true,"href":"https:\/\/relocations.io\/pt\/wp-json\/wp\/v2\/media\/8744"}],"wp:attachment":[{"href":"https:\/\/relocations.io\/pt\/wp-json\/wp\/v2\/media?parent=7532"}],"wp:term":[{"taxonomy":"category","embeddable":true,"href":"https:\/\/relocations.io\/pt\/wp-json\/wp\/v2\/categories?post=7532"},{"taxonomy":"post_tag","embeddable":true,"href":"https:\/\/relocations.io\/pt\/wp-json\/wp\/v2\/tags?post=7532"}],"curies":[{"name":"wp","href":"https:\/\/api.w.org\/{rel}","templated":true}]}}