{"id":7406,"date":"2023-07-01T10:00:00","date_gmt":"2023-07-01T10:00:00","guid":{"rendered":"https:\/\/relocations.io\/?p=7406"},"modified":"2024-09-06T12:13:27","modified_gmt":"2024-09-06T11:13:27","slug":"os-brasileiros-que-se-mudam-para-portugal-abracam-novas-oportunidades-numa-historia-comum","status":"publish","type":"post","link":"https:\/\/relocations.io\/pt\/os-brasileiros-que-se-mudam-para-portugal-abracam-novas-oportunidades-numa-historia-comum\/","title":{"rendered":"Brasileiros a mudarem-se para Portugal: Abra\u00e7ar Novas Oportunidades numa Hist\u00f3ria Partilhada"},"content":{"rendered":"<div data-elementor-type=\"wp-post\" data-elementor-id=\"7406\" class=\"elementor elementor-7406\" data-elementor-settings=\"{&quot;ha_cmc_init_switcher&quot;:&quot;no&quot;}\" data-elementor-post-type=\"post\">\n\t\t\t\t<div class=\"elementor-element elementor-element-26dd5072 e-flex e-con-boxed e-con e-parent\" data-id=\"26dd5072\" data-element_type=\"container\" data-settings=\"{&quot;_ha_eqh_enable&quot;:false}\">\n\t\t\t\t\t<div class=\"e-con-inner\">\n\t\t\t\t<div class=\"elementor-element elementor-element-e2d5de6 elementor-widget elementor-widget-heading\" data-id=\"e2d5de6\" data-element_type=\"widget\" data-widget_type=\"heading.default\">\n\t\t\t\t<div class=\"elementor-widget-container\">\n\t\t\t\t\t<h2 class=\"elementor-heading-title elementor-size-default\">Abra\u00e7ar novas oportunidades numa hist\u00f3ria partilhada<\/h2>\t\t\t\t<\/div>\n\t\t\t\t<\/div>\n\t\t\t\t<div class=\"elementor-element elementor-element-3bf0f4fe elementor-widget elementor-widget-text-editor\" data-id=\"3bf0f4fe\" data-element_type=\"widget\" data-widget_type=\"text-editor.default\">\n\t\t\t\t<div class=\"elementor-widget-container\">\n\t\t\t\t\t\t\t\t\t\n<p><br \/>A liga\u00e7\u00e3o entre Brasil e Portugal \u00e9 profunda, enraizada em s\u00e9culos de hist\u00f3ria, cultura e l\u00edngua partilhadas. Quando os brasileiros embarcam numa viagem a Portugal, encontram-se a reconectar com o seu passado colonial enquanto abra\u00e7am novas oportunidades no presente. Vamos explorar os la\u00e7os hist\u00f3ricos entre essas duas na\u00e7\u00f5es e as perspectivas interessantes que aguardam os brasileiros em Portugal hoje.<\/p>\n\n<p>O legado colonial de Portugal no Brasil remonta ao in\u00edcio do s\u00e9culo XVI, quando os exploradores portugueses pisaram pela primeira vez em solo brasileiro. Ao longo dos s\u00e9culos, a presen\u00e7a de Portugal no Brasil moldou a l\u00edngua, a cultura e a identidade do pa\u00eds, deixando uma marca indel\u00e9vel na sua hist\u00f3ria. O interc\u00e2mbio de bens, ideias e pessoas entre <a href=\"https:\/\/relocations.io\/portugal-top-beaches-your-ultimate-guide\/\" data-wpil-monitor-id=\"61\">Portugal<\/a> e o Brasil lan\u00e7aram as bases de uma rela\u00e7\u00e3o duradoura que perdura at\u00e9 aos dias de hoje.<\/p>\n\n<p>Avan\u00e7ando para o presente, e <a href=\"https:\/\/relocations.io\/moving-from-canada-to-portugal-a-comprehensive-guide\/\" data-wpil-monitor-id=\"109\">Portugal<\/a> tem emergido como um destino popular para os brasileiros que procuram novas oportunidades no exterior. Com sua economia forte, alta qualidade de vida e atitude acolhedora em rela\u00e7\u00e3o a <a href=\"https:\/\/aima.gov.pt\/pt\">imigrantes<\/a>Portugal oferece uma grande variedade de possibilidades para os brasileiros que procuram come\u00e7ar de novo na Europa. De cidades movimentadas como Lisboa e Porto a cidades pitorescas no interior, as diversas paisagens e a cultura vibrante de Portugal proporcionam um terreno f\u00e9rtil para o crescimento e a explora\u00e7\u00e3o.<\/p>\n\n<p>Um dos principais atractivos para os brasileiros que se mudam para Portugal \u00e9 a <a href=\"https:\/\/relocations.io\/portugal-2024-celebrate-national-holiday-tradition\/\" data-wpil-monitor-id=\"3\">partilhado<\/a> afinidade lingu\u00edstica e cultural entre as duas na\u00e7\u00f5es. O portugu\u00eas \u00e9 a l\u00edngua oficial dos dois pa\u00edses, o que facilita a adapta\u00e7\u00e3o e a comunica\u00e7\u00e3o dos brasileiros no seu novo ambiente. Al\u00e9m disso, o <a href=\"https:\/\/relocations.io\/from-brazil-to-europe-a-cultural-odyssey-of-relocation\/\" data-wpil-monitor-id=\"87\">semelhan\u00e7as culturais entre Portugal e Brasil<\/a> criar um sentimento de familiaridade e de perten\u00e7a para os brasileiros, facilitando a transi\u00e7\u00e3o para a vida num novo pa\u00eds.<\/p>\n\n<h5 id=\"h-how-brazilians-are-thriving-in-portugal-s-growing-sectors\" class=\"wp-block-heading\"><strong>Como os brasileiros est\u00e3o a prosperar nos sectores em crescimento de Portugal<\/strong><\/h5>\n\n<p>Para al\u00e9m da liga\u00e7\u00e3o cultural, Portugal oferece aos brasileiros um leque de oportunidades em v\u00e1rios sectores, incluindo tecnologia, turismo e imobili\u00e1rio. A pr\u00f3spera cena de startups do pa\u00eds e a crescente economia digital apresentam perspectivas interessantes para brasileiros com ambi\u00e7\u00f5es empreendedoras. Al\u00e9m disso, <a href=\"https:\/\/relocations.io\/your-guide-to-visa-requirements-and-citizenship-in-portugal-navigating-your-path-to-a-new-life\/\">Portugal<\/a> A ind\u00fastria do turismo em expans\u00e3o e os incentivos fiscais favor\u00e1veis tornam-no um destino atrativo para investidores e empres\u00e1rios.<\/p>\n\n<p>\u00c0 medida que os brasileiros se instalam nas suas novas vidas em Portugal, eles encontram-se n\u00e3o s\u00f3 a redescobrir a sua hist\u00f3ria partilhada com Portugal, mas tamb\u00e9m a forjar novas liga\u00e7\u00f5es e a construir um futuro melhor em conjunto. Quer se trate de iniciar um neg\u00f3cio, prosseguir estudos superiores, ou simplesmente desfrutar da rica tape\u00e7aria cultural de Portugal, os brasileiros em Portugal est\u00e3o a abra\u00e7ar as oportunidades que os esperam nesta terra de infinitas possibilidades.<\/p>\n<div class=\"wp-block-image\">\n<figure class=\"aligncenter size-large\"><img fetchpriority=\"high\" decoding=\"async\" data-recalc-dims=\"1\" height=\"576\" width=\"1024\" class=\"wp-image-7409\" src=\"https:\/\/i0.wp.com\/relocations.io\/wp-content\/uploads\/2024\/02\/br-topt-b1.png?resize=1024%2C576&#038;ssl=1\" alt=\"Brasileiros a mudarem-se para Portugal: Abra\u00e7ar Novas Oportunidades numa Hist\u00f3ria Partilhada\" srcset=\"https:\/\/i0.wp.com\/relocations.io\/wp-content\/uploads\/2024\/02\/br-topt-b1.png?w=1920&amp;ssl=1 1920w, https:\/\/i0.wp.com\/relocations.io\/wp-content\/uploads\/2024\/02\/br-topt-b1.png?resize=300%2C169&amp;ssl=1 300w, https:\/\/i0.wp.com\/relocations.io\/wp-content\/uploads\/2024\/02\/br-topt-b1.png?resize=1024%2C576&amp;ssl=1 1024w, https:\/\/i0.wp.com\/relocations.io\/wp-content\/uploads\/2024\/02\/br-topt-b1.png?resize=768%2C432&amp;ssl=1 768w, https:\/\/i0.wp.com\/relocations.io\/wp-content\/uploads\/2024\/02\/br-topt-b1.png?resize=1536%2C864&amp;ssl=1 1536w, https:\/\/i0.wp.com\/relocations.io\/wp-content\/uploads\/2024\/02\/br-topt-b1.png?resize=1170%2C658&amp;ssl=1 1170w, https:\/\/i0.wp.com\/relocations.io\/wp-content\/uploads\/2024\/02\/br-topt-b1.png?resize=50%2C28&amp;ssl=1 50w, https:\/\/i0.wp.com\/relocations.io\/wp-content\/uploads\/2024\/02\/br-topt-b1.png?resize=100%2C56&amp;ssl=1 100w\" sizes=\"(max-width: 1024px) 100vw, 1024px\" \/><\/figure>\n<\/div>\t\t\t\t\t\t\t\t<\/div>\n\t\t\t\t<\/div>\n\t\t\t\t\t<\/div>\n\t\t\t\t<\/div>\n\t\t\t\t<\/div>","protected":false},"excerpt":{"rendered":"<p>Explore os la\u00e7os hist\u00f3ricos entre o Brasil e Portugal \u00e0 medida que os brasileiros procuram novas oportunidades na terra do seu passado colonial. Com uma l\u00edngua comum e afinidade cultural, Portugal oferece um ambiente acolhedor para os brasileiros prosperarem em diversos sectores, desde a tecnologia ao turismo.<\/p>","protected":false},"author":2,"featured_media":8748,"comment_status":"closed","ping_status":"closed","sticky":false,"template":"","format":"standard","meta":{"_jetpack_memberships_contains_paid_content":false,"footnotes":""},"categories":[60,61],"tags":[95,94,72,70,98,97,142,90],"class_list":["post-7406","post","type-post","status-publish","format-standard","has-post-thumbnail","hentry","category-europe","category-portugal","tag-brasil","tag-brazil","tag-citizenship","tag-moving-to-europe","tag-new-oppourtunities","tag-portuguese","tag-relocate","tag-tradition"],"jetpack_featured_media_url":"https:\/\/i0.wp.com\/relocations.io\/wp-content\/uploads\/2022\/11\/36.jpg?fit=1920%2C1080&ssl=1","jetpack-related-posts":[{"id":7363,"url":"https:\/\/relocations.io\/pt\/abracar-a-europa-o-caminho-simplificado-para-um-novo-comeco\/","url_meta":{"origin":7406,"position":0},"title":"Abra\u00e7ar a Europa: O caminho simplificado para um novo come\u00e7o","author":"Relocations.io","date":"Outubro 1, 2022","format":false,"excerpt":"The Allure of Moving to Europe Moving to Europe has captivated people worldwide. With its rich history, diverse culture, and high quality of life, Europe offers countless benefits for a fresh start. While relocating to a new continent can seem daunting, careful planning and the right support can streamline the\u2026","rel":"","context":"In &quot;Europe&quot;","block_context":{"text":"Europe","link":"https:\/\/relocations.io\/pt\/categoria\/europa-2\/"},"img":{"alt_text":"","src":"https:\/\/i0.wp.com\/relocations.io\/wp-content\/uploads\/2024\/02\/embracing-europe2.png?fit=1200%2C675&ssl=1&resize=350%2C200","width":350,"height":200,"srcset":"https:\/\/i0.wp.com\/relocations.io\/wp-content\/uploads\/2024\/02\/embracing-europe2.png?fit=1200%2C675&ssl=1&resize=350%2C200 1x, https:\/\/i0.wp.com\/relocations.io\/wp-content\/uploads\/2024\/02\/embracing-europe2.png?fit=1200%2C675&ssl=1&resize=525%2C300 1.5x, https:\/\/i0.wp.com\/relocations.io\/wp-content\/uploads\/2024\/02\/embracing-europe2.png?fit=1200%2C675&ssl=1&resize=700%2C400 2x, https:\/\/i0.wp.com\/relocations.io\/wp-content\/uploads\/2024\/02\/embracing-europe2.png?fit=1200%2C675&ssl=1&resize=1050%2C600 3x"},"classes":[]},{"id":9038,"url":"https:\/\/relocations.io\/pt\/novos-voos-diretos-de-montreal-para-o-porto\/","url_meta":{"origin":7406,"position":1},"title":"Novos voos diretos para o Canad\u00e1 impulsionam o turismo entre Portugal e o Canad\u00e1","author":"Relocations.io","date":"Agosto 27, 2024","format":false,"excerpt":"A new direct flight route by Air Canada connecting Montreal, Canada, and Porto, Portugal. This service offers a convenient travel option for tourists and the Portuguese community in Canada. It highlights the benefits of the direct flight, including saving time and enhancing travel comfort, and also promotes Porto as an\u2026","rel":"","context":"In &quot;Canada&quot;","block_context":{"text":"Canada","link":"https:\/\/relocations.io\/pt\/categoria\/canada\/"},"img":{"alt_text":"","src":"https:\/\/i0.wp.com\/relocations.io\/wp-content\/uploads\/2024\/08\/New-Flights.jpg?fit=1200%2C600&ssl=1&resize=350%2C200","width":350,"height":200,"srcset":"https:\/\/i0.wp.com\/relocations.io\/wp-content\/uploads\/2024\/08\/New-Flights.jpg?fit=1200%2C600&ssl=1&resize=350%2C200 1x, https:\/\/i0.wp.com\/relocations.io\/wp-content\/uploads\/2024\/08\/New-Flights.jpg?fit=1200%2C600&ssl=1&resize=525%2C300 1.5x, https:\/\/i0.wp.com\/relocations.io\/wp-content\/uploads\/2024\/08\/New-Flights.jpg?fit=1200%2C600&ssl=1&resize=700%2C400 2x, https:\/\/i0.wp.com\/relocations.io\/wp-content\/uploads\/2024\/08\/New-Flights.jpg?fit=1200%2C600&ssl=1&resize=1050%2C600 3x"},"classes":[]},{"id":7427,"url":"https:\/\/relocations.io\/pt\/o-seu-guia-para-a-obtencao-de-vistos-e-cidadania-em-portugal-navegando-no-seu-caminho-para-uma-nova-vida\/","url_meta":{"origin":7406,"position":2},"title":"O seu guia sobre requisitos de visto e cidadania em Portugal: Navegar no seu caminho para uma nova vida","author":"Relocations.io","date":"Junho 1, 2024","format":false,"excerpt":"Descubra os passos essenciais para se mudar para Portugal, desde os requisitos de visto at\u00e9 aos procedimentos de cidadania. O nosso guia simplifica o processo, garantindo uma transi\u00e7\u00e3o suave para a sua nova vida neste pa\u00eds cativante.","rel":"","context":"In &quot;Europe&quot;","block_context":{"text":"Europe","link":"https:\/\/relocations.io\/pt\/categoria\/europa-2\/"},"img":{"alt_text":"","src":"https:\/\/i0.wp.com\/relocations.io\/wp-content\/uploads\/2022\/11\/41.jpg?fit=1200%2C675&ssl=1&resize=350%2C200","width":350,"height":200,"srcset":"https:\/\/i0.wp.com\/relocations.io\/wp-content\/uploads\/2022\/11\/41.jpg?fit=1200%2C675&ssl=1&resize=350%2C200 1x, https:\/\/i0.wp.com\/relocations.io\/wp-content\/uploads\/2022\/11\/41.jpg?fit=1200%2C675&ssl=1&resize=525%2C300 1.5x, https:\/\/i0.wp.com\/relocations.io\/wp-content\/uploads\/2022\/11\/41.jpg?fit=1200%2C675&ssl=1&resize=700%2C400 2x, https:\/\/i0.wp.com\/relocations.io\/wp-content\/uploads\/2022\/11\/41.jpg?fit=1200%2C675&ssl=1&resize=1050%2C600 3x"},"classes":[]},{"id":7380,"url":"https:\/\/relocations.io\/pt\/entrar-no-novo-ano-explorando-as-tradicoes-europeias-do-ano-novo\/","url_meta":{"origin":7406,"position":3},"title":"Celebrar o Ano Novo: Explorando as tradi\u00e7\u00f5es europeias de Ano Novo","author":"Relocations.io","date":"Janeiro 1, 2023","format":false,"excerpt":"Exploring European New Year\u2019s Traditions As the clock strikes midnight on December 31st, Europe bursts into vibrant New Year\u2019s Eve celebrations. The continent\u2019s traditions highlight its rich cultural diversity, making each celebration unique and memorable. Fireworks and Grand Displays In Europe, fireworks are a central feature of New Year's Eve.\u2026","rel":"","context":"In &quot;Europe&quot;","block_context":{"text":"Europe","link":"https:\/\/relocations.io\/pt\/categoria\/europa-2\/"},"img":{"alt_text":"","src":"https:\/\/i0.wp.com\/relocations.io\/wp-content\/uploads\/2023\/01\/New-Year.jpg?fit=1200%2C675&ssl=1&resize=350%2C200","width":350,"height":200,"srcset":"https:\/\/i0.wp.com\/relocations.io\/wp-content\/uploads\/2023\/01\/New-Year.jpg?fit=1200%2C675&ssl=1&resize=350%2C200 1x, https:\/\/i0.wp.com\/relocations.io\/wp-content\/uploads\/2023\/01\/New-Year.jpg?fit=1200%2C675&ssl=1&resize=525%2C300 1.5x, https:\/\/i0.wp.com\/relocations.io\/wp-content\/uploads\/2023\/01\/New-Year.jpg?fit=1200%2C675&ssl=1&resize=700%2C400 2x, https:\/\/i0.wp.com\/relocations.io\/wp-content\/uploads\/2023\/01\/New-Year.jpg?fit=1200%2C675&ssl=1&resize=1050%2C600 3x"},"classes":[]},{"id":7374,"url":"https:\/\/relocations.io\/pt\/mercados-de-natal-magicos-explorando-a-tradicao-encantadora-da-europa\/","url_meta":{"origin":7406,"position":4},"title":"Mercados de Natal m\u00e1gicos: Explorando a tradi\u00e7\u00e3o encantadora da Europa","author":"Relocations.io","date":"Dezembro 1, 2022","format":false,"excerpt":"Experience Europe's Enchanting Christmas Markets: A Festive Tradition \u00a0 As the holiday season approaches, Europe comes alive with the enchanting allure of Christmas markets, beckoning visitors with their festive atmosphere, twinkling lights, and aromatic delights. These centuries-old traditions, deeply rooted in European culture, offer a unique and immersive experience that\u2026","rel":"","context":"In &quot;Europe&quot;","block_context":{"text":"Europe","link":"https:\/\/relocations.io\/pt\/categoria\/europa-2\/"},"img":{"alt_text":"","src":"https:\/\/i0.wp.com\/relocations.io\/wp-content\/uploads\/2022\/11\/23.jpg?fit=1200%2C675&ssl=1&resize=350%2C200","width":350,"height":200,"srcset":"https:\/\/i0.wp.com\/relocations.io\/wp-content\/uploads\/2022\/11\/23.jpg?fit=1200%2C675&ssl=1&resize=350%2C200 1x, https:\/\/i0.wp.com\/relocations.io\/wp-content\/uploads\/2022\/11\/23.jpg?fit=1200%2C675&ssl=1&resize=525%2C300 1.5x, https:\/\/i0.wp.com\/relocations.io\/wp-content\/uploads\/2022\/11\/23.jpg?fit=1200%2C675&ssl=1&resize=700%2C400 2x, https:\/\/i0.wp.com\/relocations.io\/wp-content\/uploads\/2022\/11\/23.jpg?fit=1200%2C675&ssl=1&resize=1050%2C600 3x"},"classes":[]},{"id":7368,"url":"https:\/\/relocations.io\/pt\/acao-de-gracas-na-europa\/","url_meta":{"origin":7406,"position":5},"title":"A\u00e7\u00e3o de Gra\u00e7as na Europa","author":"Relocations.io","date":"Novembro 1, 2022","format":false,"excerpt":"Apesar das suas ra\u00edzes hist\u00f3ricas, o Dia de A\u00e7\u00e3o de Gra\u00e7as n\u00e3o foi adotado como um feriado generalizado na Europa.","rel":"","context":"In &quot;Europe&quot;","block_context":{"text":"Europe","link":"https:\/\/relocations.io\/pt\/categoria\/europa-2\/"},"img":{"alt_text":"","src":"https:\/\/i0.wp.com\/relocations.io\/wp-content\/uploads\/2022\/11\/21.jpg?fit=1200%2C675&ssl=1&resize=350%2C200","width":350,"height":200,"srcset":"https:\/\/i0.wp.com\/relocations.io\/wp-content\/uploads\/2022\/11\/21.jpg?fit=1200%2C675&ssl=1&resize=350%2C200 1x, https:\/\/i0.wp.com\/relocations.io\/wp-content\/uploads\/2022\/11\/21.jpg?fit=1200%2C675&ssl=1&resize=525%2C300 1.5x, https:\/\/i0.wp.com\/relocations.io\/wp-content\/uploads\/2022\/11\/21.jpg?fit=1200%2C675&ssl=1&resize=700%2C400 2x, https:\/\/i0.wp.com\/relocations.io\/wp-content\/uploads\/2022\/11\/21.jpg?fit=1200%2C675&ssl=1&resize=1050%2C600 3x"},"classes":[]}],"jetpack_sharing_enabled":true,"_links":{"self":[{"href":"https:\/\/relocations.io\/pt\/wp-json\/wp\/v2\/posts\/7406","targetHints":{"allow":["GET"]}}],"collection":[{"href":"https:\/\/relocations.io\/pt\/wp-json\/wp\/v2\/posts"}],"about":[{"href":"https:\/\/relocations.io\/pt\/wp-json\/wp\/v2\/types\/post"}],"author":[{"embeddable":true,"href":"https:\/\/relocations.io\/pt\/wp-json\/wp\/v2\/users\/2"}],"replies":[{"embeddable":true,"href":"https:\/\/relocations.io\/pt\/wp-json\/wp\/v2\/comments?post=7406"}],"version-history":[{"count":0,"href":"https:\/\/relocations.io\/pt\/wp-json\/wp\/v2\/posts\/7406\/revisions"}],"wp:featuredmedia":[{"embeddable":true,"href":"https:\/\/relocations.io\/pt\/wp-json\/wp\/v2\/media\/8748"}],"wp:attachment":[{"href":"https:\/\/relocations.io\/pt\/wp-json\/wp\/v2\/media?parent=7406"}],"wp:term":[{"taxonomy":"category","embeddable":true,"href":"https:\/\/relocations.io\/pt\/wp-json\/wp\/v2\/categories?post=7406"},{"taxonomy":"post_tag","embeddable":true,"href":"https:\/\/relocations.io\/pt\/wp-json\/wp\/v2\/tags?post=7406"}],"curies":[{"name":"wp","href":"https:\/\/api.w.org\/{rel}","templated":true}]}}