{"id":7395,"date":"2023-04-01T10:00:00","date_gmt":"2023-04-01T10:00:00","guid":{"rendered":"https:\/\/relocations.io\/?p=7395"},"modified":"2024-09-06T12:19:49","modified_gmt":"2024-09-06T11:19:49","slug":"viva-espana-uma-viagem-vibrante-pelos-feriados-nacionais-de-espanha-em-2023","status":"publish","type":"post","link":"https:\/\/relocations.io\/pt\/viva-espana-uma-viagem-vibrante-pelos-feriados-nacionais-de-espanha-em-2023\/","title":{"rendered":"Viva Espanha: Uma viagem vibrante pelos feriados nacionais de Espanha em 2023"},"content":{"rendered":"<div data-elementor-type=\"wp-post\" data-elementor-id=\"7395\" class=\"elementor elementor-7395\" data-elementor-settings=\"{&quot;ha_cmc_init_switcher&quot;:&quot;no&quot;}\" data-elementor-post-type=\"post\">\n\t\t\t\t<div class=\"elementor-element elementor-element-5f5fb328 e-flex e-con-boxed e-con e-parent\" data-id=\"5f5fb328\" data-element_type=\"container\" data-settings=\"{&quot;_ha_eqh_enable&quot;:false}\">\n\t\t\t\t\t<div class=\"e-con-inner\">\n\t\t\t\t<div class=\"elementor-element elementor-element-40470689 elementor-widget elementor-widget-text-editor\" data-id=\"40470689\" data-element_type=\"widget\" data-widget_type=\"text-editor.default\">\n\t\t\t\t<div class=\"elementor-widget-container\">\n\t\t\t\t\t\t\t\t\t<p><\/p>\n<p>Entre no cora\u00e7\u00e3o r\u00edtmico de Espanha e embarque numa viagem emocionante pelos seus feriados nacionais em 2023. Das animadas ruas de Madrid \u00e0s encantadoras cidades hist\u00f3ricas da Andaluzia, o patrim\u00f3nio cultural e as tradi\u00e7\u00f5es espirituosas de Espanha ganham vida. Cada celebra\u00e7\u00e3o \u00e9 uma exibi\u00e7\u00e3o vibrante da rica hist\u00f3ria e da cultura din\u00e2mica do pa\u00eds.<\/p>\n<p><\/p>\n<p><\/p>\n<p>Em Madrid, a energia \u00e9 palp\u00e1vel e os festivais transformam a cidade num caleidosc\u00f3pio de cor e som. Aqui, testemunhar\u00e1 a mistura estimulante de tradi\u00e7\u00e3o e modernidade que define <a href=\"https:\/\/www.idealista.com\/en\/news\/lifestyle-in-spain\/2022\/11\/10\/92817-spain-public-holidays-2023\">Celebra\u00e7\u00f5es espanholas<\/a>. Passando para a Andaluzia, as cidades hist\u00f3ricas oferecem uma experi\u00eancia diferente, mas igualmente cativante. A mistura de significado hist\u00f3rico e costumes locais faz de cada festa um espet\u00e1culo \u00fanico.<\/p>\n<p><\/p>\n<p><\/p>\n<p>Ao mergulharmos em cada feriado, descobriremos os significados mais profundos por detr\u00e1s das festividades. Desde as prociss\u00f5es fervorosas da Semana Santa at\u00e9 \u00e0 excita\u00e7\u00e3o ardente de Las Fallas, cada evento tem a sua pr\u00f3pria hist\u00f3ria. Abrace o esp\u00edrito apaixonado de Espanha e mergulhe nas <a href=\"https:\/\/relocations.io\/your-guide-to-visa-requirements-and-citizenship-in-portugal-navigating-your-path-to-a-new-life\/\" data-wpil-monitor-id=\"47\">tradi\u00e7\u00f5es<\/a> que tornam este pa\u00eds verdadeiramente excecional. Junte-se a n\u00f3s na celebra\u00e7\u00e3o destes feriados not\u00e1veis e experimente a magia que define <a href=\"https:\/\/relocations.io\/from-brazil-to-europe-a-cultural-odyssey-of-relocation\/\" data-wpil-monitor-id=\"89\">A cultura vibrante de Espanha<\/a> paisagem.<\/p>\n<p><\/p>\n<p><\/p>\n<h3 id=\"h-celebrate-spain\" class=\"wp-block-heading\">Celebrar Espanha<\/h3>\n<p><\/p>\n<p><\/p>\n<h5 id=\"h-new-year-s-day-january-1st\" class=\"wp-block-heading\"><strong>Dia de Ano Novo (1 de janeiro)<\/strong><\/h5>\n<p><\/p>\n<p><\/p>\n<p>A Espanha celebra o Ano Novo com animadas festas de rua, fogos de artif\u00edcio deslumbrantes e a tradicional <a href=\"https:\/\/relocations.io\/portugal-top-beaches-your-ultimate-guide\/\" data-wpil-monitor-id=\"62\">tradi\u00e7\u00e3o<\/a> de comer doze uvas \u00e0 meia-noite. Cada uva simboliza a boa sorte para um m\u00eas do ano seguinte. A atmosfera festiva \u00e9 el\u00e9ctrica, com as celebra\u00e7\u00f5es a prolongarem-se at\u00e9 de madrugada.<\/p>\n<p><\/p>\n<p><\/p>\n<h5 id=\"h-epiphany-january-6th\" class=\"wp-block-heading\"><strong>Epifania (6 de janeiro)<\/strong>\u00a0<\/h5>\n<p><\/p>\n<p><\/p>\n<p>O Dia de Reis, ou Epifania, \u00e9 um evento importante em Espanha, que celebra a chegada dos Reis Magos para homenagear Jesus rec\u00e9m-nascido. Desfiles coloridos, conhecidos como Cabalgatas, apresentam os Tr\u00eas Reis Magos a distribuir doces e pequenos presentes \u00e0s crian\u00e7as, dando um toque de magia a este dia.<\/p>\n<p><\/p>\n<p><\/p>\n<h5 id=\"h-good-friday-april-7th\" class=\"wp-block-heading\"><strong>Sexta-feira Santa (7 de abril)<\/strong>\u00a0<\/h5>\n<p><\/p>\n<p><\/p>\n<p>A Semana Santa, ou Semana Santa, \u00e9 profundamente significativa em Espanha. Na Sexta-feira Santa, as ruas enchem-se de prociss\u00f5es solenes, mas cativantes, com carros aleg\u00f3ricos elaborados e est\u00e1tuas religiosas, criando uma atmosfera profunda nas cidades e vilas.<\/p>\n<p><\/p>\n<p><\/p>\n<h5 id=\"h-labor-day-may-1st\" class=\"wp-block-heading\"><strong>Dia do Trabalhador (1 de maio):<\/strong><\/h5>\n<p><\/p>\n<p><\/p>\n<p>O dia 1 de maio homenageia os trabalhadores com manifesta\u00e7\u00f5es, desfiles e eventos culturais organizados por sindicatos e associa\u00e7\u00f5es. Muitos espanh\u00f3is tamb\u00e9m aproveitam o dia de folga para passar o tempo em parques ou na praia.<\/p>\n<p><\/p>\n<p><\/p>\n<h5 id=\"h-assumption-of-mary-august-15th\" class=\"wp-block-heading\"><strong>Assun\u00e7\u00e3o de Maria (15 de agosto)<\/strong>\u00a0<\/h5>\n<p><\/p>\n<p><\/p>\n<p>A Assun\u00e7\u00e3o de Maria \u00e9 marcada por prociss\u00f5es religiosas, missas <a href=\"https:\/\/relocations.io\/services\/\" data-wpil-monitor-id=\"101\">servi\u00e7os<\/a>e eventos culturais em toda a Espanha. Em regi\u00f5es como a Galiza, as peregrina\u00e7\u00f5es a locais religiosos importantes conferem uma dimens\u00e3o espiritual \u00e0s celebra\u00e7\u00f5es.<\/p>\n<p><\/p>\n<p><\/p>\n<h5 id=\"h-national-day-october-12th\" class=\"wp-block-heading\"><strong>Dia Nacional (12 de outubro)<\/strong><\/h5>\n<p><\/p>\n<p><\/p>\n<p>O Dia Nacional de Espanha, ou Fiesta Nacional de Espa\u00f1a, comemora a chegada de Crist\u00f3v\u00e3o Colombo \u00e0s Am\u00e9ricas. O dia inclui desfiles militares em Madrid, cerim\u00f3nias de hastear da bandeira e eventos culturais que celebram a heran\u00e7a diversificada de Espanha.<\/p>\n<p><\/p>\n<p><\/p>\n<h5 id=\"h-all-saints-day-november-1st\" class=\"wp-block-heading\"><strong>Dia de Todos os Santos (1 de novembro)<\/strong><\/h5>\n<p><\/p>\n<p><\/p>\n<p>No Dia de Todos os Santos, os espanh\u00f3is recordam e homenageiam os entes queridos falecidos. As fam\u00edlias visitam os cemit\u00e9rios para limpar e decorar as campas e assistem a cerim\u00f3nias especiais na igreja, reflectindo sobre os que j\u00e1 faleceram.<\/p>\n<p><\/p>\n<p><\/p>\n<h5 id=\"h-constitution-day-december-6th\" class=\"wp-block-heading\"><strong>Dia da Constitui\u00e7\u00e3o (6 de dezembro)<\/strong>\u00a0<\/h5>\n<p><\/p>\n<p><\/p>\n<p>O Dia da Constitui\u00e7\u00e3o assinala a aprova\u00e7\u00e3o da Constitui\u00e7\u00e3o de Espanha em 1978. O dia \u00e9 celebrado com eventos oficiais, cerim\u00f3nias com a bandeira e debates sobre os princ\u00edpios e valores democr\u00e1ticos do pa\u00eds.<\/p>\n<p><\/p>\n<p><\/p>\n<h5 id=\"h-immaculate-conception-december-8th\" class=\"wp-block-heading\"><strong>Imaculada Concei\u00e7\u00e3o (8 de dezembro)<\/strong><\/h5>\n<p><\/p>\n<p><\/p>\n<p>Celebrada com servi\u00e7os religiosos e prociss\u00f5es, a Imaculada Concei\u00e7\u00e3o homenageia a Virgem Maria. Em cidades como Sevilha e Granada, o dia inclui dan\u00e7as tradicionais e espect\u00e1culos culturais.<\/p>\n<p><\/p>\n<p><\/p>\n<h5 id=\"h-christmas-day-december-25th\" class=\"wp-block-heading\"><strong>Dia de Natal (25 de dezembro)<\/strong><\/h5>\n<p><\/p>\n<p><\/p>\n<p>O Natal em Espanha \u00e9 uma \u00e9poca de reuni\u00f5es familiares, banquetes e celebra\u00e7\u00f5es festivas. Desde as decora\u00e7\u00f5es elaboradas em cidades como Barcelona at\u00e9 \u00e0s animadas <a href=\"https:\/\/relocations.io\/exploring-the-enchantment-vigos-delightful-christmas-market\/\">Mercados de Natal<\/a> em Madrid, o esp\u00edrito natal\u00edcio \u00e9 vibrante. Os espanh\u00f3is apreciam pratos tradicionais como o turr\u00f3n e o marisco, e assistem \u00e0 missa da meia-noite na v\u00e9spera de Natal.<\/p>\n<p><\/p>\n<p><\/p>\n<h3 id=\"h-a-journey-through-its-holidays\" class=\"wp-block-heading\">Uma viagem pelas suas f\u00e9rias<\/h3>\n<p><\/p>\n<p><\/p>\n<p>Ao percorrermos a animada tape\u00e7aria da Espanha <a href=\"https:\/\/relocations.io\/portugal-2024-celebrate-national-holiday-tradition\/\" data-wpil-monitor-id=\"2\">feriados nacionais<\/a> Em 2023, torna-se evidente que cada celebra\u00e7\u00e3o \u00e9 um reflexo vibrante da rica hist\u00f3ria do pa\u00eds, da sua diversidade religiosa e da sua cultura animada. Quer se deixe levar pela energia de uma prociss\u00e3o da Semana Santa ou saboreie a alegria do Natal num movimentado mercado espanhol, os feriados nacionais de Espanha proporcionam uma viagem din\u00e2mica e envolvente. Especificamente, estas celebra\u00e7\u00f5es oferecem um vislumbre \u00fanico do cora\u00e7\u00e3o deste pa\u00eds cativante. Por exemplo, enquanto a Semana Santa o mergulha em tradi\u00e7\u00f5es solenes mas vibrantes, os mercados de Natal convidam-no a experimentar a alegria festiva e o calor comunit\u00e1rio. Al\u00e9m disso, cada feriado revela diferentes aspectos da rica tape\u00e7aria cultural de Espanha. Por conseguinte, estas experi\u00eancias revelam coletivamente a ess\u00eancia diversificada e espirituosa de Espanha, tornando cada momento da sua viagem envolvente e memor\u00e1vel. Viva Espanha!\"<\/p>\n<p><\/p>\n<p><div class=\"wp-block-image\"><\/p>\n<figure class=\"aligncenter size-large\"><img fetchpriority=\"high\" decoding=\"async\" data-recalc-dims=\"1\" height=\"576\" width=\"1024\" class=\"wp-image-7397\" src=\"https:\/\/i0.wp.com\/relocations.io\/wp-content\/uploads\/2024\/02\/sp-holidays-b1.png?resize=1024%2C576&#038;ssl=1\" alt=\"Uma viagem vibrante pelos feriados nacionais de Espanha em 2023\" srcset=\"https:\/\/i0.wp.com\/relocations.io\/wp-content\/uploads\/2024\/02\/sp-holidays-b1.png?w=1920&amp;ssl=1 1920w, https:\/\/i0.wp.com\/relocations.io\/wp-content\/uploads\/2024\/02\/sp-holidays-b1.png?resize=300%2C169&amp;ssl=1 300w, https:\/\/i0.wp.com\/relocations.io\/wp-content\/uploads\/2024\/02\/sp-holidays-b1.png?resize=1024%2C576&amp;ssl=1 1024w, https:\/\/i0.wp.com\/relocations.io\/wp-content\/uploads\/2024\/02\/sp-holidays-b1.png?resize=768%2C432&amp;ssl=1 768w, https:\/\/i0.wp.com\/relocations.io\/wp-content\/uploads\/2024\/02\/sp-holidays-b1.png?resize=1536%2C864&amp;ssl=1 1536w, https:\/\/i0.wp.com\/relocations.io\/wp-content\/uploads\/2024\/02\/sp-holidays-b1.png?resize=1170%2C658&amp;ssl=1 1170w, https:\/\/i0.wp.com\/relocations.io\/wp-content\/uploads\/2024\/02\/sp-holidays-b1.png?resize=50%2C28&amp;ssl=1 50w, https:\/\/i0.wp.com\/relocations.io\/wp-content\/uploads\/2024\/02\/sp-holidays-b1.png?resize=100%2C56&amp;ssl=1 100w\" sizes=\"(max-width: 1024px) 100vw, 1024px\" \/><\/figure>\n<p><\/div><\/p>\t\t\t\t\t\t\t\t<\/div>\n\t\t\t\t<\/div>\n\t\t\t\t\t<\/div>\n\t\t\t\t<\/div>\n\t\t\t\t<\/div>","protected":false},"excerpt":{"rendered":"<p>Entre no cora\u00e7\u00e3o r\u00edtmico de Espanha enquanto exploramos a emocionante tape\u00e7aria de feriados nacionais que colorem o calend\u00e1rio em 2023. Das animadas ruas de Madrid \u00e0s cidades hist\u00f3ricas da Andaluzia, o rico patrim\u00f3nio cultural e as tradi\u00e7\u00f5es espirituosas de Espanha ganham vida atrav\u00e9s das suas diversas celebra\u00e7\u00f5es. Junte-se a n\u00f3s numa viagem ativa atrav\u00e9s dos feriados nacionais de Espanha, descobrindo o significado de cada festividade e abra\u00e7ando o esp\u00edrito apaixonado que torna a Espanha verdadeiramente \u00fanica.<\/p>","protected":false},"author":2,"featured_media":8750,"comment_status":"closed","ping_status":"closed","sticky":false,"template":"","format":"standard","meta":{"_jetpack_memberships_contains_paid_content":false,"footnotes":""},"categories":[60,62],"tags":[93,70,71,69,82],"class_list":["post-7395","post","type-post","status-publish","format-standard","has-post-thumbnail","hentry","category-europe","category-spain","tag-holidays","tag-moving-to-europe","tag-relocations","tag-relocations-io-blog","tag-spain"],"jetpack_featured_media_url":"https:\/\/i0.wp.com\/relocations.io\/wp-content\/uploads\/2022\/11\/32.jpg?fit=1920%2C1080&ssl=1","jetpack-related-posts":[{"id":7537,"url":"https:\/\/relocations.io\/pt\/explorar-o-encantador-mercado-de-natal-de-vigos\/","url_meta":{"origin":7395,"position":0},"title":"Explorando o encanto: O encantador mercado de Natal de Vigo","author":"Relocations.io","date":"Dezembro 1, 2023","format":false,"excerpt":"During the holiday season, Vigo's Christmas market, set in the city's historic district, captivates with twinkling lights and artisanal stalls offering crafts, gifts, and Spanish culinary treats like churros and roasted chestnuts. The market, alive with the ambiance of holiday carols and festive decorations, also showcases traditional Galician queimada and\u2026","rel":"","context":"In &quot;Europe&quot;","block_context":{"text":"Europe","link":"https:\/\/relocations.io\/pt\/categoria\/europa-2\/"},"img":{"alt_text":"","src":"https:\/\/i0.wp.com\/relocations.io\/wp-content\/uploads\/2022\/11\/51.jpg?fit=1200%2C675&ssl=1&resize=350%2C200","width":350,"height":200,"srcset":"https:\/\/i0.wp.com\/relocations.io\/wp-content\/uploads\/2022\/11\/51.jpg?fit=1200%2C675&ssl=1&resize=350%2C200 1x, https:\/\/i0.wp.com\/relocations.io\/wp-content\/uploads\/2022\/11\/51.jpg?fit=1200%2C675&ssl=1&resize=525%2C300 1.5x, https:\/\/i0.wp.com\/relocations.io\/wp-content\/uploads\/2022\/11\/51.jpg?fit=1200%2C675&ssl=1&resize=700%2C400 2x, https:\/\/i0.wp.com\/relocations.io\/wp-content\/uploads\/2022\/11\/51.jpg?fit=1200%2C675&ssl=1&resize=1050%2C600 3x"},"classes":[]},{"id":7401,"url":"https:\/\/relocations.io\/pt\/do-brasil-a-europa-uma-odisseia-cultural-de-deslocalizacao\/","url_meta":{"origin":7395,"position":1},"title":"Do Brasil para a Europa: Uma Odisseia Cultural de Deslocaliza\u00e7\u00e3o","author":"Relocations.io","date":"Mar\u00e7o 1, 2024","format":false,"excerpt":"Embark on a cultural journey as Brazilians move from Brazil to Europe, seeking new opportunities. From Portugal's laid-back shores to Spain's bustling streets, each destination offers unique experiences. Join them as they embrace new beginnings in France, Italy, and Belgium, enriching Europe's tapestry of diversity.","rel":"","context":"In &quot;Belgium&quot;","block_context":{"text":"Belgium","link":"https:\/\/relocations.io\/pt\/categoria\/europa-2\/belgica\/"},"img":{"alt_text":"","src":"https:\/\/i0.wp.com\/relocations.io\/wp-content\/uploads\/2022\/11\/33.jpg?fit=1200%2C675&ssl=1&resize=350%2C200","width":350,"height":200,"srcset":"https:\/\/i0.wp.com\/relocations.io\/wp-content\/uploads\/2022\/11\/33.jpg?fit=1200%2C675&ssl=1&resize=350%2C200 1x, https:\/\/i0.wp.com\/relocations.io\/wp-content\/uploads\/2022\/11\/33.jpg?fit=1200%2C675&ssl=1&resize=525%2C300 1.5x, https:\/\/i0.wp.com\/relocations.io\/wp-content\/uploads\/2022\/11\/33.jpg?fit=1200%2C675&ssl=1&resize=700%2C400 2x, https:\/\/i0.wp.com\/relocations.io\/wp-content\/uploads\/2022\/11\/33.jpg?fit=1200%2C675&ssl=1&resize=1050%2C600 3x"},"classes":[]},{"id":7390,"url":"https:\/\/relocations.io\/pt\/celebrate-portugal-um-guia-dos-feriados-nacionais-em-2023\/","url_meta":{"origin":7395,"position":2},"title":"Celebrar Portugal: Guia dos feriados nacionais em 2023","author":"Relocations.io","date":"Mar\u00e7o 1, 2023","format":false,"excerpt":"From the lively street parties of New Year's Day to the solemn remembrance of All Saints' Day, Portugal's national holidays offer a vibrant tapestry of culture, history, and celebration. Whether you're marveling at the colorful Carnaval parades or joining in the festivities of Portugal Day, each holiday provides a unique\u2026","rel":"","context":"In &quot;Europe&quot;","block_context":{"text":"Europe","link":"https:\/\/relocations.io\/pt\/categoria\/europa-2\/"},"img":{"alt_text":"","src":"https:\/\/i0.wp.com\/relocations.io\/wp-content\/uploads\/2022\/11\/28.jpg?fit=1200%2C675&ssl=1&resize=350%2C200","width":350,"height":200,"srcset":"https:\/\/i0.wp.com\/relocations.io\/wp-content\/uploads\/2022\/11\/28.jpg?fit=1200%2C675&ssl=1&resize=350%2C200 1x, https:\/\/i0.wp.com\/relocations.io\/wp-content\/uploads\/2022\/11\/28.jpg?fit=1200%2C675&ssl=1&resize=525%2C300 1.5x, https:\/\/i0.wp.com\/relocations.io\/wp-content\/uploads\/2022\/11\/28.jpg?fit=1200%2C675&ssl=1&resize=700%2C400 2x, https:\/\/i0.wp.com\/relocations.io\/wp-content\/uploads\/2022\/11\/28.jpg?fit=1200%2C675&ssl=1&resize=1050%2C600 3x"},"classes":[]},{"id":7380,"url":"https:\/\/relocations.io\/pt\/entrar-no-novo-ano-explorando-as-tradicoes-europeias-do-ano-novo\/","url_meta":{"origin":7395,"position":3},"title":"Celebrar o Ano Novo: Explorando as tradi\u00e7\u00f5es europeias de Ano Novo","author":"Relocations.io","date":"Janeiro 1, 2023","format":false,"excerpt":"Exploring European New Year\u2019s Traditions As the clock strikes midnight on December 31st, Europe bursts into vibrant New Year\u2019s Eve celebrations. The continent\u2019s traditions highlight its rich cultural diversity, making each celebration unique and memorable. Fireworks and Grand Displays In Europe, fireworks are a central feature of New Year's Eve.\u2026","rel":"","context":"In &quot;Europe&quot;","block_context":{"text":"Europe","link":"https:\/\/relocations.io\/pt\/categoria\/europa-2\/"},"img":{"alt_text":"","src":"https:\/\/i0.wp.com\/relocations.io\/wp-content\/uploads\/2023\/01\/New-Year.jpg?fit=1200%2C675&ssl=1&resize=350%2C200","width":350,"height":200,"srcset":"https:\/\/i0.wp.com\/relocations.io\/wp-content\/uploads\/2023\/01\/New-Year.jpg?fit=1200%2C675&ssl=1&resize=350%2C200 1x, https:\/\/i0.wp.com\/relocations.io\/wp-content\/uploads\/2023\/01\/New-Year.jpg?fit=1200%2C675&ssl=1&resize=525%2C300 1.5x, https:\/\/i0.wp.com\/relocations.io\/wp-content\/uploads\/2023\/01\/New-Year.jpg?fit=1200%2C675&ssl=1&resize=700%2C400 2x, https:\/\/i0.wp.com\/relocations.io\/wp-content\/uploads\/2023\/01\/New-Year.jpg?fit=1200%2C675&ssl=1&resize=1050%2C600 3x"},"classes":[]},{"id":7368,"url":"https:\/\/relocations.io\/pt\/acao-de-gracas-na-europa\/","url_meta":{"origin":7395,"position":4},"title":"A\u00e7\u00e3o de Gra\u00e7as na Europa","author":"Relocations.io","date":"Novembro 1, 2022","format":false,"excerpt":"Apesar das suas ra\u00edzes hist\u00f3ricas, o Dia de A\u00e7\u00e3o de Gra\u00e7as n\u00e3o foi adotado como um feriado generalizado na Europa.","rel":"","context":"In &quot;Europe&quot;","block_context":{"text":"Europe","link":"https:\/\/relocations.io\/pt\/categoria\/europa-2\/"},"img":{"alt_text":"","src":"https:\/\/i0.wp.com\/relocations.io\/wp-content\/uploads\/2022\/11\/21.jpg?fit=1200%2C675&ssl=1&resize=350%2C200","width":350,"height":200,"srcset":"https:\/\/i0.wp.com\/relocations.io\/wp-content\/uploads\/2022\/11\/21.jpg?fit=1200%2C675&ssl=1&resize=350%2C200 1x, https:\/\/i0.wp.com\/relocations.io\/wp-content\/uploads\/2022\/11\/21.jpg?fit=1200%2C675&ssl=1&resize=525%2C300 1.5x, https:\/\/i0.wp.com\/relocations.io\/wp-content\/uploads\/2022\/11\/21.jpg?fit=1200%2C675&ssl=1&resize=700%2C400 2x, https:\/\/i0.wp.com\/relocations.io\/wp-content\/uploads\/2022\/11\/21.jpg?fit=1200%2C675&ssl=1&resize=1050%2C600 3x"},"classes":[]},{"id":7385,"url":"https:\/\/relocations.io\/pt\/dia-dos-namorados\/","url_meta":{"origin":7395,"position":5},"title":"O amor atrav\u00e9s do continente: Tradi\u00e7\u00f5es do Dia dos Namorados na Europa e no mundo","author":"Relocations.io","date":"Fevereiro 1, 2023","format":false,"excerpt":"Valentine\u2019s Day Traditions Across Europe: A Romantic Tour As February 14th draws near, love blossoms worldwide, but nowhere does it shine quite like in Europe. From the sunlit shores of Portugal to the charming streets of Paris, Valentine\u2019s Day in Europe is a grand celebration of romance, tradition, and heartfelt\u2026","rel":"","context":"In &quot;Belgium&quot;","block_context":{"text":"Belgium","link":"https:\/\/relocations.io\/pt\/categoria\/europa-2\/belgica\/"},"img":{"alt_text":"","src":"https:\/\/i0.wp.com\/relocations.io\/wp-content\/uploads\/2022\/11\/27.jpg?fit=1200%2C675&ssl=1&resize=350%2C200","width":350,"height":200,"srcset":"https:\/\/i0.wp.com\/relocations.io\/wp-content\/uploads\/2022\/11\/27.jpg?fit=1200%2C675&ssl=1&resize=350%2C200 1x, https:\/\/i0.wp.com\/relocations.io\/wp-content\/uploads\/2022\/11\/27.jpg?fit=1200%2C675&ssl=1&resize=525%2C300 1.5x, https:\/\/i0.wp.com\/relocations.io\/wp-content\/uploads\/2022\/11\/27.jpg?fit=1200%2C675&ssl=1&resize=700%2C400 2x, https:\/\/i0.wp.com\/relocations.io\/wp-content\/uploads\/2022\/11\/27.jpg?fit=1200%2C675&ssl=1&resize=1050%2C600 3x"},"classes":[]}],"jetpack_sharing_enabled":true,"_links":{"self":[{"href":"https:\/\/relocations.io\/pt\/wp-json\/wp\/v2\/posts\/7395","targetHints":{"allow":["GET"]}}],"collection":[{"href":"https:\/\/relocations.io\/pt\/wp-json\/wp\/v2\/posts"}],"about":[{"href":"https:\/\/relocations.io\/pt\/wp-json\/wp\/v2\/types\/post"}],"author":[{"embeddable":true,"href":"https:\/\/relocations.io\/pt\/wp-json\/wp\/v2\/users\/2"}],"replies":[{"embeddable":true,"href":"https:\/\/relocations.io\/pt\/wp-json\/wp\/v2\/comments?post=7395"}],"version-history":[{"count":0,"href":"https:\/\/relocations.io\/pt\/wp-json\/wp\/v2\/posts\/7395\/revisions"}],"wp:featuredmedia":[{"embeddable":true,"href":"https:\/\/relocations.io\/pt\/wp-json\/wp\/v2\/media\/8750"}],"wp:attachment":[{"href":"https:\/\/relocations.io\/pt\/wp-json\/wp\/v2\/media?parent=7395"}],"wp:term":[{"taxonomy":"category","embeddable":true,"href":"https:\/\/relocations.io\/pt\/wp-json\/wp\/v2\/categories?post=7395"},{"taxonomy":"post_tag","embeddable":true,"href":"https:\/\/relocations.io\/pt\/wp-json\/wp\/v2\/tags?post=7395"}],"curies":[{"name":"wp","href":"https:\/\/api.w.org\/{rel}","templated":true}]}}