{"id":7390,"date":"2023-03-01T10:00:00","date_gmt":"2023-03-01T10:00:00","guid":{"rendered":"https:\/\/relocations.io\/?p=7390"},"modified":"2024-09-06T12:24:06","modified_gmt":"2024-09-06T11:24:06","slug":"celebrate-portugal-um-guia-dos-feriados-nacionais-em-2023","status":"publish","type":"post","link":"https:\/\/relocations.io\/pt\/celebrate-portugal-um-guia-dos-feriados-nacionais-em-2023\/","title":{"rendered":"Celebrar Portugal: Guia dos feriados nacionais em 2023"},"content":{"rendered":"<div data-elementor-type=\"wp-post\" data-elementor-id=\"7390\" class=\"elementor elementor-7390\" data-elementor-settings=\"{&quot;ha_cmc_init_switcher&quot;:&quot;no&quot;}\" data-elementor-post-type=\"post\">\n\t\t\t\t<div class=\"elementor-element elementor-element-49d737fd e-flex e-con-boxed e-con e-parent\" data-id=\"49d737fd\" data-element_type=\"container\" data-settings=\"{&quot;_ha_eqh_enable&quot;:false}\">\n\t\t\t\t\t<div class=\"e-con-inner\">\n\t\t\t\t<div class=\"elementor-element elementor-element-9ed16f7 elementor-widget elementor-widget-heading\" data-id=\"9ed16f7\" data-element_type=\"widget\" data-widget_type=\"heading.default\">\n\t\t\t\t<div class=\"elementor-widget-container\">\n\t\t\t\t\t<h2 class=\"elementor-heading-title elementor-size-default\">Guia dos feriados nacionais em 2023\n<\/h2>\t\t\t\t<\/div>\n\t\t\t\t<\/div>\n\t\t\t\t<div class=\"elementor-element elementor-element-48a8a734 elementor-widget elementor-widget-text-editor\" data-id=\"48a8a734\" data-element_type=\"widget\" data-widget_type=\"text-editor.default\">\n\t\t\t\t<div class=\"elementor-widget-container\">\n\t\t\t\t\t\t\t\t\t\n<p><br \/>Como o cora\u00e7\u00e3o vibrante do Sul da Europa, <a href=\"https:\/\/relocations.io\/your-guide-to-visa-requirements-and-citizenship-in-portugal-navigating-your-path-to-a-new-life\/\">Portugal<\/a> O Brasil possui uma rica tape\u00e7aria de feriados nacionais que reflectem o seu patrim\u00f3nio cultural, significado hist\u00f3rico e esp\u00edrito de celebra\u00e7\u00e3o. Desde as festas tradicionais enraizadas em tradi\u00e7\u00f5es seculares at\u00e9 \u00e0s comemora\u00e7\u00f5es modernas da independ\u00eancia e da democracia, cada feriado oferece um vislumbre \u00fanico da alma deste pa\u00eds encantador. Vamos explorar os feriados nacionais de Portugal em 2023, descobrindo o seu significado e mostrando como as pessoas os celebram em todo o pa\u00eds.<\/p>\n\n<h5 id=\"h-new-year-s-day-january-1st\" class=\"wp-block-heading\"><strong>Dia de Ano Novo (1 de janeiro)<\/strong><\/h5>\n\n<p>Portugal come\u00e7a o ano com celebra\u00e7\u00f5es jubilosas para dar as boas-vindas ao Ano Novo. Desde as animadas festas de rua em Lisboa e no Porto at\u00e9 aos encontros festivos nas pra\u00e7as das aldeias de todo o pa\u00eds, os portugueses celebram o Ano Novo com fogo de artif\u00edcio, m\u00fasica e <a href=\"https:\/\/relocations.io\/exploring-the-enchantment-vigos-delightful-christmas-market\/\" data-wpil-monitor-id=\"124\">tradicional<\/a> pratos como o bacalhau e o bolo-rei.<\/p>\n\n<h5 id=\"h-carnaval-february-27th\" class=\"wp-block-heading\"><strong>Carnaval (27 de fevereiro)<\/strong><\/h5>\n\n<p>Durante o Carnaval, as ruas de Portugal enchem-se de cor e anima\u00e7\u00e3o. Entretanto, a na\u00e7\u00e3o deleita-se com festividades vibrantes, antecipando ansiosamente a chegada da Quaresma. Esperam-se desfiles elaborados, bailes de m\u00e1scaras vibrantes, espect\u00e1culos de rua animados e dan\u00e7as de samba en\u00e9rgicas. Este per\u00edodo festivo proporciona uma oportunidade deliciosa para a indulg\u00eancia e a folia, servindo como um prel\u00fadio alegre para o per\u00edodo mais solene da Quaresma.<\/p>\n\n<h5 id=\"h-freedom-day-april-25th\" class=\"wp-block-heading\"><strong>Dia da Liberdade (25 de abril)<\/strong><\/h5>\n\n<p>No dia 25 de abril, Portugal comemora a Revolu\u00e7\u00e3o dos Cravos de 1974, um acontecimento fundamental que derrubou o regime autorit\u00e1rio do Estado Novo e instaurou a democracia. O Dia da Liberdade \u00e9 marcado por desfiles vibrantes, concertos animados e v\u00e1rios eventos culturais. Estas celebra\u00e7\u00f5es honram a luta do pa\u00eds pela liberdade e pela democracia, reflectindo o significado desta transforma\u00e7\u00e3o hist\u00f3rica.<\/p>\n\n<h5 id=\"h-labor-day-may-1st\" class=\"wp-block-heading\"><strong>Dia do Trabalhador (1 de maio)<\/strong><\/h5>\n\n<p>O dia 1 de maio \u00e9 um dia para homenagear os trabalhadores e os seus contributos para a sociedade. Em <a href=\"https:\/\/relocations.io\/moving-from-canada-to-portugal-a-comprehensive-guide\/\" data-wpil-monitor-id=\"110\">Portugal<\/a>O Dia do Trabalhador \u00e9 marcado por com\u00edcios, manifesta\u00e7\u00f5es e actividades culturais organizadas por sindicatos e associa\u00e7\u00f5es de trabalhadores. \u00c9 tamb\u00e9m uma altura para desfrutar de piqueniques, assistir a concertos ao ar livre e reunir-se com a fam\u00edlia.<\/p>\n\n<h5 id=\"h-portugal-day-june-10th\" class=\"wp-block-heading\"><strong>Dia de Portugal (10 de junho)<\/strong><\/h5>\n\n<p>O Dia de Portugal homenageia a morte de Lu\u00eds de Cam\u00f5es, o poeta nacional de Portugal, ao mesmo tempo que celebra o rico patrim\u00f3nio cultural e as realiza\u00e7\u00f5es da na\u00e7\u00e3o. As festividades deste dia incluem cerim\u00f3nias de hastear da bandeira, concertos animados, feiras de rua vibrantes e espect\u00e1culos folcl\u00f3ricos tradicionais. Em conjunto, estes eventos real\u00e7am os diversos e duradouros aspectos da cultura portuguesa.<\/p>\n\n<h5 id=\"h-assumption-of-mary-august-15th\" class=\"wp-block-heading\"><strong>Assun\u00e7\u00e3o de Maria (15 de agosto)<\/strong><\/h5>\n\n<p>A Assun\u00e7\u00e3o de Maria \u00e9 um feriado religioso importante em Portugal, que celebra a subida da Virgem Maria ao c\u00e9u. Este dia de celebra\u00e7\u00e3o \u00e9 celebrado nas igrejas <a href=\"https:\/\/relocations.io\/services\/\" data-wpil-monitor-id=\"102\">servi\u00e7os<\/a>A celebra\u00e7\u00e3o da Santa Missa \u00e9 feita com a participa\u00e7\u00e3o de um grupo de fi\u00e9is, que se re\u00fanem em prociss\u00f5es solenes e peregrinam a santu\u00e1rios dedicados \u00e0 Virgem Maria, para honrar a sua sagrada ascens\u00e3o e aprofundar a sua liga\u00e7\u00e3o espiritual.<\/p>\n\n<h5 id=\"h-republic-day-october-5th\" class=\"wp-block-heading\"><strong>Dia da Rep\u00fablica (5 de outubro)<\/strong><\/h5>\n\n<p>No dia 5 de outubro, Portugal comemora a funda\u00e7\u00e3o da Primeira Rep\u00fablica Portuguesa em 1910. Este acontecimento fundamental n\u00e3o s\u00f3 p\u00f4s fim a s\u00e9culos de monarquia, como tamb\u00e9m estabeleceu uma forma republicana de governo. Para assinalar o Dia da Rep\u00fablica, o pa\u00eds organiza cerim\u00f3nias de hastear da bandeira, desfiles vibrantes e v\u00e1rios eventos culturais. Estas celebra\u00e7\u00f5es honram coletivamente a heran\u00e7a republicana e os valores democr\u00e1ticos de Portugal, reflectindo o significado deste marco hist\u00f3rico.<\/p>\n\n<h5 id=\"h-all-saints-day-november-1st\" class=\"wp-block-heading\"><strong>Dia de Todos os Santos (1 de novembro)<\/strong><\/h5>\n\n<p>O Dia de Todos os Santos \u00e9 um feriado religioso solene em Portugal que homenageia todos os santos e m\u00e1rtires. \u00c9 um dia dedicado \u00e0 recorda\u00e7\u00e3o e \u00e0 reflex\u00e3o, caracterizado por servi\u00e7os religiosos, visitas a cemit\u00e9rios para prestar homenagem aos entes queridos falecidos e reuni\u00f5es familiares significativas. Estas actividades oferecem aos fi\u00e9is um momento para honrar os defuntos e celebrar a vida dos santos.<\/p>\n\n<h5 id=\"h-restoration-of-independence-december-1st\" class=\"wp-block-heading\"><strong>Restaura\u00e7\u00e3o da Independ\u00eancia (1 de dezembro)<\/strong><\/h5>\n\n<p>O dia 1 de dezembro assinala o anivers\u00e1rio da restaura\u00e7\u00e3o da independ\u00eancia de Portugal do dom\u00ednio espanhol em 1640. O Dia da Restaura\u00e7\u00e3o da Independ\u00eancia \u00e9 celebrado com cerim\u00f3nias de hastear da bandeira, reconstitui\u00e7\u00f5es hist\u00f3ricas e eventos culturais. Estas actividades honram a luta pela soberania de Portugal e comemoram o momento crucial em que a na\u00e7\u00e3o recuperou a sua independ\u00eancia.<\/p>\n\n<h5 id=\"h-christmas-day-december-25th\" class=\"wp-block-heading\"><strong>Dia de Natal (25 de dezembro)<\/strong><\/h5>\n\n<p><a href=\"https:\/\/relocations.io\/portugal-top-beaches-your-ultimate-guide\/\" data-wpil-monitor-id=\"50\">Portugal celebra<\/a> O Natal \u00e9 uma mistura rica de observ\u00e2ncia religiosa e tradi\u00e7\u00f5es festivas. A \u00e9poca come\u00e7a com a missa da meia-noite e inclui vibrantes pres\u00e9pios. As fam\u00edlias re\u00fanem-se em alegres conv\u00edvios e festas, com pratos tradicionais como o bacalhau e as rabanadas. Esta \u00e9poca do ano \u00e9 marcada por um esp\u00edrito de alegria, uni\u00e3o e boa vontade, reflectindo o calor e a unidade da \u00e9poca festiva.<\/p>\n\n<p>Como n\u00f3s <a href=\"https:\/\/relocations.io\/portugal-2024-celebrate-national-holiday-tradition\/\" data-wpil-monitor-id=\"1\">conhecer os feriados nacionais de Portugal<\/a> em 2023, descobrimos uma vibrante tape\u00e7aria de cultura, hist\u00f3ria e celebra\u00e7\u00e3o que personifica o esp\u00edrito deste pa\u00eds encantador. Desde as alegres celebra\u00e7\u00f5es do Dia de Ano Novo at\u00e9 \u00e0 solenidade reflexiva do Dia de Todos os Santos, cada feriado apresenta uma oportunidade \u00fanica para se envolver com <a href=\"https:\/\/relocations.io\/from-brazil-to-europe-a-cultural-odyssey-of-relocation\/\" data-wpil-monitor-id=\"84\">O rico patrim\u00f3nio cultural e as tradi\u00e7\u00f5es de Portugal<\/a>. Quer esteja a explorar as animadas ruas de Lisboa ou a mergulhar no encanto tranquilo das aldeias do Algarve, n\u00e3o deixe de mergulhar nas festividades locais. Ao faz\u00ea-lo, estar\u00e1 a apreciar plenamente as celebra\u00e7\u00f5es vibrantes que definem a paisagem cultural \u00fanica de Portugal. Ao participar nestas celebra\u00e7\u00f5es, estar\u00e1 a viver plenamente a magia e a atmosfera \u00fanica dos feriados nacionais de Portugal.<\/p>\n<div class=\"wp-block-image\">\n<figure class=\"aligncenter size-large\"><img fetchpriority=\"high\" decoding=\"async\" data-recalc-dims=\"1\" height=\"576\" width=\"1024\" class=\"wp-image-7392\" src=\"https:\/\/i0.wp.com\/relocations.io\/wp-content\/uploads\/2024\/02\/pt-holidays-b2.png?resize=1024%2C576&#038;ssl=1\" alt=\"Guia dos feriados nacionais em Portugal \" srcset=\"https:\/\/i0.wp.com\/relocations.io\/wp-content\/uploads\/2024\/02\/pt-holidays-b2.png?w=1920&amp;ssl=1 1920w, https:\/\/i0.wp.com\/relocations.io\/wp-content\/uploads\/2024\/02\/pt-holidays-b2.png?resize=300%2C169&amp;ssl=1 300w, https:\/\/i0.wp.com\/relocations.io\/wp-content\/uploads\/2024\/02\/pt-holidays-b2.png?resize=1024%2C576&amp;ssl=1 1024w, https:\/\/i0.wp.com\/relocations.io\/wp-content\/uploads\/2024\/02\/pt-holidays-b2.png?resize=768%2C432&amp;ssl=1 768w, https:\/\/i0.wp.com\/relocations.io\/wp-content\/uploads\/2024\/02\/pt-holidays-b2.png?resize=1536%2C864&amp;ssl=1 1536w, https:\/\/i0.wp.com\/relocations.io\/wp-content\/uploads\/2024\/02\/pt-holidays-b2.png?resize=1170%2C658&amp;ssl=1 1170w, https:\/\/i0.wp.com\/relocations.io\/wp-content\/uploads\/2024\/02\/pt-holidays-b2.png?resize=50%2C28&amp;ssl=1 50w, https:\/\/i0.wp.com\/relocations.io\/wp-content\/uploads\/2024\/02\/pt-holidays-b2.png?resize=100%2C56&amp;ssl=1 100w\" sizes=\"(max-width: 1024px) 100vw, 1024px\" \/><\/figure>\n<\/div>\t\t\t\t\t\t\t\t<\/div>\n\t\t\t\t<\/div>\n\t\t\t\t\t<\/div>\n\t\t\t\t<\/div>\n\t\t\t\t<\/div>","protected":false},"excerpt":{"rendered":"<p>Desde as animadas festas de rua do Dia de Ano Novo at\u00e9 \u00e0 solene comemora\u00e7\u00e3o do Dia de Todos os Santos, os feriados nacionais de Portugal oferecem uma vibrante tape\u00e7aria de cultura, hist\u00f3ria e celebra\u00e7\u00e3o. Quer se maravilhe com os coloridos desfiles de Carnaval ou se junte \u00e0s festividades do Dia de Portugal, cada feriado constitui uma oportunidade \u00fanica para mergulhar nas ricas tradi\u00e7\u00f5es e no patrim\u00f3nio deste pa\u00eds encantador. Por isso, venha explorar o esp\u00edrito jubiloso dos feriados nacionais de Portugal e experimente a magia por si pr\u00f3prio.\"<\/p>","protected":false},"author":2,"featured_media":8751,"comment_status":"closed","ping_status":"closed","sticky":false,"template":"","format":"standard","meta":{"_jetpack_memberships_contains_paid_content":false,"footnotes":""},"categories":[60,61],"tags":[93,70,92,142,71,90],"class_list":["post-7390","post","type-post","status-publish","format-standard","has-post-thumbnail","hentry","category-europe","category-portugal","tag-holidays","tag-moving-to-europe","tag-portugal","tag-relocate","tag-relocations","tag-tradition"],"jetpack_featured_media_url":"https:\/\/i0.wp.com\/relocations.io\/wp-content\/uploads\/2022\/11\/28.jpg?fit=1920%2C1080&ssl=1","jetpack-related-posts":[{"id":9038,"url":"https:\/\/relocations.io\/pt\/novos-voos-diretos-de-montreal-para-o-porto\/","url_meta":{"origin":7390,"position":0},"title":"Novos voos diretos para o Canad\u00e1 impulsionam o turismo entre Portugal e o Canad\u00e1","author":"Relocations.io","date":"Agosto 27, 2024","format":false,"excerpt":"A new direct flight route by Air Canada connecting Montreal, Canada, and Porto, Portugal. This service offers a convenient travel option for tourists and the Portuguese community in Canada. It highlights the benefits of the direct flight, including saving time and enhancing travel comfort, and also promotes Porto as an\u2026","rel":"","context":"In &quot;Canada&quot;","block_context":{"text":"Canada","link":"https:\/\/relocations.io\/pt\/categoria\/canada\/"},"img":{"alt_text":"","src":"https:\/\/i0.wp.com\/relocations.io\/wp-content\/uploads\/2024\/08\/New-Flights.jpg?fit=1200%2C600&ssl=1&resize=350%2C200","width":350,"height":200,"srcset":"https:\/\/i0.wp.com\/relocations.io\/wp-content\/uploads\/2024\/08\/New-Flights.jpg?fit=1200%2C600&ssl=1&resize=350%2C200 1x, https:\/\/i0.wp.com\/relocations.io\/wp-content\/uploads\/2024\/08\/New-Flights.jpg?fit=1200%2C600&ssl=1&resize=525%2C300 1.5x, https:\/\/i0.wp.com\/relocations.io\/wp-content\/uploads\/2024\/08\/New-Flights.jpg?fit=1200%2C600&ssl=1&resize=700%2C400 2x, https:\/\/i0.wp.com\/relocations.io\/wp-content\/uploads\/2024\/08\/New-Flights.jpg?fit=1200%2C600&ssl=1&resize=1050%2C600 3x"},"classes":[]},{"id":7427,"url":"https:\/\/relocations.io\/pt\/o-seu-guia-para-a-obtencao-de-vistos-e-cidadania-em-portugal-navegando-no-seu-caminho-para-uma-nova-vida\/","url_meta":{"origin":7390,"position":1},"title":"O seu guia sobre requisitos de visto e cidadania em Portugal: Navegar no seu caminho para uma nova vida","author":"Relocations.io","date":"Junho 1, 2024","format":false,"excerpt":"Descubra os passos essenciais para se mudar para Portugal, desde os requisitos de visto at\u00e9 aos procedimentos de cidadania. O nosso guia simplifica o processo, garantindo uma transi\u00e7\u00e3o suave para a sua nova vida neste pa\u00eds cativante.","rel":"","context":"In &quot;Europe&quot;","block_context":{"text":"Europe","link":"https:\/\/relocations.io\/pt\/categoria\/europa-2\/"},"img":{"alt_text":"","src":"https:\/\/i0.wp.com\/relocations.io\/wp-content\/uploads\/2022\/11\/41.jpg?fit=1200%2C675&ssl=1&resize=350%2C200","width":350,"height":200,"srcset":"https:\/\/i0.wp.com\/relocations.io\/wp-content\/uploads\/2022\/11\/41.jpg?fit=1200%2C675&ssl=1&resize=350%2C200 1x, https:\/\/i0.wp.com\/relocations.io\/wp-content\/uploads\/2022\/11\/41.jpg?fit=1200%2C675&ssl=1&resize=525%2C300 1.5x, https:\/\/i0.wp.com\/relocations.io\/wp-content\/uploads\/2022\/11\/41.jpg?fit=1200%2C675&ssl=1&resize=700%2C400 2x, https:\/\/i0.wp.com\/relocations.io\/wp-content\/uploads\/2022\/11\/41.jpg?fit=1200%2C675&ssl=1&resize=1050%2C600 3x"},"classes":[]},{"id":7406,"url":"https:\/\/relocations.io\/pt\/os-brasileiros-que-se-mudam-para-portugal-abracam-novas-oportunidades-numa-historia-comum\/","url_meta":{"origin":7390,"position":2},"title":"Brasileiros a mudarem-se para Portugal: Abra\u00e7ar Novas Oportunidades numa Hist\u00f3ria Partilhada","author":"Relocations.io","date":"Julho 1, 2023","format":false,"excerpt":"Explore os la\u00e7os hist\u00f3ricos entre o Brasil e Portugal \u00e0 medida que os brasileiros procuram novas oportunidades na terra do seu passado colonial. Com uma l\u00edngua comum e afinidade cultural, Portugal oferece um ambiente acolhedor para os brasileiros prosperarem em diversos sectores, desde a tecnologia ao turismo.","rel":"","context":"In &quot;Europe&quot;","block_context":{"text":"Europe","link":"https:\/\/relocations.io\/pt\/categoria\/europa-2\/"},"img":{"alt_text":"","src":"https:\/\/i0.wp.com\/relocations.io\/wp-content\/uploads\/2022\/11\/36.jpg?fit=1200%2C675&ssl=1&resize=350%2C200","width":350,"height":200,"srcset":"https:\/\/i0.wp.com\/relocations.io\/wp-content\/uploads\/2022\/11\/36.jpg?fit=1200%2C675&ssl=1&resize=350%2C200 1x, https:\/\/i0.wp.com\/relocations.io\/wp-content\/uploads\/2022\/11\/36.jpg?fit=1200%2C675&ssl=1&resize=525%2C300 1.5x, https:\/\/i0.wp.com\/relocations.io\/wp-content\/uploads\/2022\/11\/36.jpg?fit=1200%2C675&ssl=1&resize=700%2C400 2x, https:\/\/i0.wp.com\/relocations.io\/wp-content\/uploads\/2022\/11\/36.jpg?fit=1200%2C675&ssl=1&resize=1050%2C600 3x"},"classes":[]},{"id":8107,"url":"https:\/\/relocations.io\/pt\/portugal-2024-celebra-a-tradicao-do-feriado-nacional\/","url_meta":{"origin":7390,"position":3},"title":"Explorando os feriados nacionais de Portugal em 2024: Um guia de celebra\u00e7\u00e3o cultural","author":"Relocations.io","date":"Agosto 12, 2024","format":false,"excerpt":"Os feriados nacionais de Portugal em 2024 oferecem uma experi\u00eancia rica da sua cultura, hist\u00f3ria e tradi\u00e7\u00f5es. Os principais feriados incluem o Dia de Ano Novo, o Carnaval, o Dia da Liberdade, o Dia de Portugal e o Natal. Cada feriado apresenta celebra\u00e7\u00f5es \u00fanicas, desde desfiles e cerim\u00f3nias religiosas a reuni\u00f5es familiares e eventos p\u00fablicos, proporcionando um vislumbre da vida portuguesa.","rel":"","context":"In &quot;Cultural Activities&quot;","block_context":{"text":"Cultural Activities","link":"https:\/\/relocations.io\/pt\/categoria\/europa-2\/actividades-culturais\/"},"img":{"alt_text":"","src":"https:\/\/i0.wp.com\/relocations.io\/wp-content\/uploads\/2024\/08\/18-1.jpg?fit=1200%2C675&ssl=1&resize=350%2C200","width":350,"height":200,"srcset":"https:\/\/i0.wp.com\/relocations.io\/wp-content\/uploads\/2024\/08\/18-1.jpg?fit=1200%2C675&ssl=1&resize=350%2C200 1x, https:\/\/i0.wp.com\/relocations.io\/wp-content\/uploads\/2024\/08\/18-1.jpg?fit=1200%2C675&ssl=1&resize=525%2C300 1.5x, https:\/\/i0.wp.com\/relocations.io\/wp-content\/uploads\/2024\/08\/18-1.jpg?fit=1200%2C675&ssl=1&resize=700%2C400 2x, https:\/\/i0.wp.com\/relocations.io\/wp-content\/uploads\/2024\/08\/18-1.jpg?fit=1200%2C675&ssl=1&resize=1050%2C600 3x"},"classes":[]},{"id":7368,"url":"https:\/\/relocations.io\/pt\/acao-de-gracas-na-europa\/","url_meta":{"origin":7390,"position":4},"title":"A\u00e7\u00e3o de Gra\u00e7as na Europa","author":"Relocations.io","date":"Novembro 1, 2022","format":false,"excerpt":"Apesar das suas ra\u00edzes hist\u00f3ricas, o Dia de A\u00e7\u00e3o de Gra\u00e7as n\u00e3o foi adotado como um feriado generalizado na Europa.","rel":"","context":"In &quot;Europe&quot;","block_context":{"text":"Europe","link":"https:\/\/relocations.io\/pt\/categoria\/europa-2\/"},"img":{"alt_text":"","src":"https:\/\/i0.wp.com\/relocations.io\/wp-content\/uploads\/2022\/11\/21.jpg?fit=1200%2C675&ssl=1&resize=350%2C200","width":350,"height":200,"srcset":"https:\/\/i0.wp.com\/relocations.io\/wp-content\/uploads\/2022\/11\/21.jpg?fit=1200%2C675&ssl=1&resize=350%2C200 1x, https:\/\/i0.wp.com\/relocations.io\/wp-content\/uploads\/2022\/11\/21.jpg?fit=1200%2C675&ssl=1&resize=525%2C300 1.5x, https:\/\/i0.wp.com\/relocations.io\/wp-content\/uploads\/2022\/11\/21.jpg?fit=1200%2C675&ssl=1&resize=700%2C400 2x, https:\/\/i0.wp.com\/relocations.io\/wp-content\/uploads\/2022\/11\/21.jpg?fit=1200%2C675&ssl=1&resize=1050%2C600 3x"},"classes":[]},{"id":7363,"url":"https:\/\/relocations.io\/pt\/abracar-a-europa-o-caminho-simplificado-para-um-novo-comeco\/","url_meta":{"origin":7390,"position":5},"title":"Abra\u00e7ar a Europa: O caminho simplificado para um novo come\u00e7o","author":"Relocations.io","date":"Outubro 1, 2022","format":false,"excerpt":"The Allure of Moving to Europe Moving to Europe has captivated people worldwide. With its rich history, diverse culture, and high quality of life, Europe offers countless benefits for a fresh start. While relocating to a new continent can seem daunting, careful planning and the right support can streamline the\u2026","rel":"","context":"In &quot;Europe&quot;","block_context":{"text":"Europe","link":"https:\/\/relocations.io\/pt\/categoria\/europa-2\/"},"img":{"alt_text":"","src":"https:\/\/i0.wp.com\/relocations.io\/wp-content\/uploads\/2024\/02\/embracing-europe2.png?fit=1200%2C675&ssl=1&resize=350%2C200","width":350,"height":200,"srcset":"https:\/\/i0.wp.com\/relocations.io\/wp-content\/uploads\/2024\/02\/embracing-europe2.png?fit=1200%2C675&ssl=1&resize=350%2C200 1x, https:\/\/i0.wp.com\/relocations.io\/wp-content\/uploads\/2024\/02\/embracing-europe2.png?fit=1200%2C675&ssl=1&resize=525%2C300 1.5x, https:\/\/i0.wp.com\/relocations.io\/wp-content\/uploads\/2024\/02\/embracing-europe2.png?fit=1200%2C675&ssl=1&resize=700%2C400 2x, https:\/\/i0.wp.com\/relocations.io\/wp-content\/uploads\/2024\/02\/embracing-europe2.png?fit=1200%2C675&ssl=1&resize=1050%2C600 3x"},"classes":[]}],"jetpack_sharing_enabled":true,"_links":{"self":[{"href":"https:\/\/relocations.io\/pt\/wp-json\/wp\/v2\/posts\/7390","targetHints":{"allow":["GET"]}}],"collection":[{"href":"https:\/\/relocations.io\/pt\/wp-json\/wp\/v2\/posts"}],"about":[{"href":"https:\/\/relocations.io\/pt\/wp-json\/wp\/v2\/types\/post"}],"author":[{"embeddable":true,"href":"https:\/\/relocations.io\/pt\/wp-json\/wp\/v2\/users\/2"}],"replies":[{"embeddable":true,"href":"https:\/\/relocations.io\/pt\/wp-json\/wp\/v2\/comments?post=7390"}],"version-history":[{"count":0,"href":"https:\/\/relocations.io\/pt\/wp-json\/wp\/v2\/posts\/7390\/revisions"}],"wp:featuredmedia":[{"embeddable":true,"href":"https:\/\/relocations.io\/pt\/wp-json\/wp\/v2\/media\/8751"}],"wp:attachment":[{"href":"https:\/\/relocations.io\/pt\/wp-json\/wp\/v2\/media?parent=7390"}],"wp:term":[{"taxonomy":"category","embeddable":true,"href":"https:\/\/relocations.io\/pt\/wp-json\/wp\/v2\/categories?post=7390"},{"taxonomy":"post_tag","embeddable":true,"href":"https:\/\/relocations.io\/pt\/wp-json\/wp\/v2\/tags?post=7390"}],"curies":[{"name":"wp","href":"https:\/\/api.w.org\/{rel}","templated":true}]}}