{"id":7380,"date":"2023-01-01T10:00:00","date_gmt":"2023-01-01T10:00:00","guid":{"rendered":"https:\/\/relocations.io\/?p=7380"},"modified":"2024-09-06T12:46:17","modified_gmt":"2024-09-06T11:46:17","slug":"entrar-no-novo-ano-explorando-as-tradicoes-europeias-do-ano-novo","status":"publish","type":"post","link":"https:\/\/relocations.io\/pt\/entrar-no-novo-ano-explorando-as-tradicoes-europeias-do-ano-novo\/","title":{"rendered":"Celebrar o Ano Novo: Explorando as tradi\u00e7\u00f5es europeias de Ano Novo"},"content":{"rendered":"<div data-elementor-type=\"wp-post\" data-elementor-id=\"7380\" class=\"elementor elementor-7380\" data-elementor-settings=\"{&quot;ha_cmc_init_switcher&quot;:&quot;no&quot;}\" data-elementor-post-type=\"post\">\n\t\t\t\t<div class=\"elementor-element elementor-element-232d03e2 e-flex e-con-boxed e-con e-parent\" data-id=\"232d03e2\" data-element_type=\"container\" data-settings=\"{&quot;_ha_eqh_enable&quot;:false}\">\n\t\t\t\t\t<div class=\"e-con-inner\">\n\t\t\t\t<div class=\"elementor-element elementor-element-fd53847 elementor-widget elementor-widget-heading\" data-id=\"fd53847\" data-element_type=\"widget\" data-widget_type=\"heading.default\">\n\t\t\t\t<div class=\"elementor-widget-container\">\n\t\t\t\t\t<h2 class=\"elementor-heading-title elementor-size-default\">Explorar as tradi\u00e7\u00f5es europeias de Ano Novo\n<\/h2>\t\t\t\t<\/div>\n\t\t\t\t<\/div>\n\t\t\t\t<div class=\"elementor-element elementor-element-1da5305 elementor-widget elementor-widget-text-editor\" data-id=\"1da5305\" data-element_type=\"widget\" data-widget_type=\"text-editor.default\">\n\t\t\t\t<div class=\"elementor-widget-container\">\n\t\t\t\t\t\t\t\t\t\n<p><br \/>Quando o rel\u00f3gio bate a meia-noite de 31 de dezembro, <a href=\"https:\/\/relocations.io\/embracing-europe-the-streamlined-path-to-a-new-beginning\/\">Europa<\/a> irrompe em vibrantes celebra\u00e7\u00f5es de Ano Novo. As tradi\u00e7\u00f5es do continente real\u00e7am a sua rica diversidade cultural, tornando cada celebra\u00e7\u00e3o \u00fanica e memor\u00e1vel.<\/p>\n\n<h6 id=\"h-fireworks-and-grand-displays\" class=\"wp-block-heading\"><strong>Fogo de artif\u00edcio e grandes espect\u00e1culos<\/strong><\/h6>\n\n<p>Na Europa, o fogo de artif\u00edcio \u00e9 um elemento central da passagem de ano. Grandes cidades como Paris e Berlim s\u00e3o palco de espect\u00e1culos deslumbrantes. O fogo de artif\u00edcio ilumina pontos de refer\u00eancia como a Torre Eiffel e a Porta de Brandemburgo. Estes grandes espect\u00e1culos atraem milhares de pessoas, criando um espet\u00e1culo deslumbrante. As cidades mais pequenas tamb\u00e9m participam com fogo de artif\u00edcio local, contribuindo para a atmosfera festiva. A experi\u00eancia partilhada de assistir ao fogo de artif\u00edcio promove um sentido de comunidade e de renova\u00e7\u00e3o.<\/p>\n\n<h6 id=\"h-traditions-and-festive-gatherings\" class=\"wp-block-heading\"><strong>Tradi\u00e7\u00f5es e encontros festivos<\/strong><\/h6>\n\n<p>Os pa\u00edses europeus t\u00eam costumes de Ano Novo distintos. Em <a href=\"https:\/\/relocations.io\/from-brazil-to-europe-a-cultural-odyssey-of-relocation\/\" data-wpil-monitor-id=\"91\">Espanha<\/a>A meia-noite, as pessoas comem doze uvas. A cada badalada do rel\u00f3gio, os foli\u00f5es comem uma uva, uma <a href=\"https:\/\/relocations.io\/your-guide-to-visa-requirements-and-citizenship-in-portugal-navigating-your-path-to-a-new-life\/\" data-wpil-monitor-id=\"46\">tradi\u00e7\u00e3o<\/a> que simboliza a boa sorte para o ano seguinte. A Esc\u00f3cia festeja com o \"first-footing\", em que o primeiro visitante depois da meia-noite traz presentes como carv\u00e3o ou whisky. Acredita-se que este costume garante calor e prosperidade.<\/p>\n\n<p>Os encontros festivos s\u00e3o comuns em <a href=\"https:\/\/relocations.io\/americans-moving-abroad-for-stability\/\" data-wpil-monitor-id=\"20\">Europa<\/a>. Os italianos gostam de festas elaboradas com <a href=\"https:\/\/relocations.io\/portugal-top-beaches-your-ultimate-guide\/\" data-wpil-monitor-id=\"63\">tradicional<\/a> pratos como as lentilhas para dar sorte. Em <a href=\"https:\/\/relocations.io\/bonjour-france-navigating-cultural-differences-and-opportunities-in-relocation\/\" data-wpil-monitor-id=\"76\">Fran\u00e7a<\/a>Em Viena, as pessoas jantam refei\u00e7\u00f5es gourmet e vinhos finos. Viena acolhe bailes glamorosos onde os convidados dan\u00e7am ao som de m\u00fasica cl\u00e1ssica. As pra\u00e7as p\u00fablicas de Praga e Budapeste transformam-se em pistas de dan\u00e7a com m\u00fasica ao vivo.<\/p>\n\n<p>As cidades tamb\u00e9m organizam grandes eventos na v\u00e9spera de Ano Novo. As ruas de Amesterd\u00e3o est\u00e3o repletas de festas animadas e artistas de rua. A cena nocturna de Berlim oferece uma vida nocturna vibrante e m\u00fasica eletr\u00f3nica. Estes eventos atraem visitantes de todo o mundo, garantindo uma oferta diversificada de entretenimento.<\/p>\n\n<p>Em resumo, as celebra\u00e7\u00f5es de Ano Novo na Europa combinam grandes fogos de artif\u00edcio, costumes \u00fanicos e festas animadas. Quer esteja a saborear uma refei\u00e7\u00e3o festiva em Roma, a dan\u00e7ar em Praga ou a observar o horizonte de Berlim, o continente oferece experi\u00eancias inesquec\u00edveis para passar o Ano Novo.<\/p>\n<div class=\"wp-block-image\">\n<figure class=\"aligncenter size-large\"><img fetchpriority=\"high\" decoding=\"async\" data-recalc-dims=\"1\" height=\"576\" width=\"1024\" class=\"wp-image-7382\" src=\"https:\/\/i0.wp.com\/relocations.io\/wp-content\/uploads\/2024\/02\/nye-b1.png?resize=1024%2C576&#038;ssl=1\" alt=\"Explorar as tradi\u00e7\u00f5es europeias de Ano Novo\" srcset=\"https:\/\/i0.wp.com\/relocations.io\/wp-content\/uploads\/2024\/02\/nye-b1.png?w=1920&amp;ssl=1 1920w, https:\/\/i0.wp.com\/relocations.io\/wp-content\/uploads\/2024\/02\/nye-b1.png?resize=300%2C169&amp;ssl=1 300w, https:\/\/i0.wp.com\/relocations.io\/wp-content\/uploads\/2024\/02\/nye-b1.png?resize=1024%2C576&amp;ssl=1 1024w, https:\/\/i0.wp.com\/relocations.io\/wp-content\/uploads\/2024\/02\/nye-b1.png?resize=768%2C432&amp;ssl=1 768w, https:\/\/i0.wp.com\/relocations.io\/wp-content\/uploads\/2024\/02\/nye-b1.png?resize=1536%2C864&amp;ssl=1 1536w, https:\/\/i0.wp.com\/relocations.io\/wp-content\/uploads\/2024\/02\/nye-b1.png?resize=1170%2C658&amp;ssl=1 1170w, https:\/\/i0.wp.com\/relocations.io\/wp-content\/uploads\/2024\/02\/nye-b1.png?resize=50%2C28&amp;ssl=1 50w, https:\/\/i0.wp.com\/relocations.io\/wp-content\/uploads\/2024\/02\/nye-b1.png?resize=100%2C56&amp;ssl=1 100w\" sizes=\"(max-width: 1024px) 100vw, 1024px\" \/><\/figure>\n<\/div>\t\t\t\t\t\t\t\t<\/div>\n\t\t\t\t<\/div>\n\t\t\t\t\t<\/div>\n\t\t\t\t<\/div>\n\t\t\t\t<\/div>","protected":false},"excerpt":{"rendered":"<p>Exploring European New Year\u2019s Traditions As the clock strikes midnight on December 31st, Europe bursts into vibrant New Year\u2019s Eve celebrations. The continent\u2019s traditions highlight its rich cultural diversity, making each celebration unique and memorable. Fireworks and Grand Displays In Europe, fireworks are a central feature of New Year&#8217;s Eve. Major cities like Paris and [&hellip;]<\/p>","protected":false},"author":2,"featured_media":8758,"comment_status":"closed","ping_status":"closed","sticky":false,"template":"","format":"standard","meta":{"_jetpack_memberships_contains_paid_content":false,"footnotes":""},"categories":[60,63,64,62],"tags":[86,87,85,89,84,70,88,80,71,69,83,82,90],"class_list":["post-7380","post","type-post","status-publish","format-standard","has-post-thumbnail","hentry","category-europe","category-france","category-italy","category-spain","tag-austria","tag-czech-republic","tag-france","tag-germany","tag-italy","tag-moving-to-europe","tag-netherlands","tag-new-years-in-europe","tag-relocations","tag-relocations-io-blog","tag-scotland","tag-spain","tag-tradition"],"jetpack_featured_media_url":"https:\/\/i0.wp.com\/relocations.io\/wp-content\/uploads\/2023\/01\/New-Year.jpg?fit=1920%2C1080&ssl=1","jetpack-related-posts":[{"id":7385,"url":"https:\/\/relocations.io\/pt\/dia-dos-namorados\/","url_meta":{"origin":7380,"position":0},"title":"O amor atrav\u00e9s do continente: Tradi\u00e7\u00f5es do Dia dos Namorados na Europa e no mundo","author":"Relocations.io","date":"Fevereiro 1, 2023","format":false,"excerpt":"Valentine\u2019s Day Traditions Across Europe: A Romantic Tour As February 14th draws near, love blossoms worldwide, but nowhere does it shine quite like in Europe. From the sunlit shores of Portugal to the charming streets of Paris, Valentine\u2019s Day in Europe is a grand celebration of romance, tradition, and heartfelt\u2026","rel":"","context":"In &quot;Belgium&quot;","block_context":{"text":"Belgium","link":"https:\/\/relocations.io\/pt\/categoria\/europa-2\/belgica\/"},"img":{"alt_text":"","src":"https:\/\/i0.wp.com\/relocations.io\/wp-content\/uploads\/2022\/11\/27.jpg?fit=1200%2C675&ssl=1&resize=350%2C200","width":350,"height":200,"srcset":"https:\/\/i0.wp.com\/relocations.io\/wp-content\/uploads\/2022\/11\/27.jpg?fit=1200%2C675&ssl=1&resize=350%2C200 1x, https:\/\/i0.wp.com\/relocations.io\/wp-content\/uploads\/2022\/11\/27.jpg?fit=1200%2C675&ssl=1&resize=525%2C300 1.5x, https:\/\/i0.wp.com\/relocations.io\/wp-content\/uploads\/2022\/11\/27.jpg?fit=1200%2C675&ssl=1&resize=700%2C400 2x, https:\/\/i0.wp.com\/relocations.io\/wp-content\/uploads\/2022\/11\/27.jpg?fit=1200%2C675&ssl=1&resize=1050%2C600 3x"},"classes":[]},{"id":7363,"url":"https:\/\/relocations.io\/pt\/abracar-a-europa-o-caminho-simplificado-para-um-novo-comeco\/","url_meta":{"origin":7380,"position":1},"title":"Abra\u00e7ar a Europa: O caminho simplificado para um novo come\u00e7o","author":"Relocations.io","date":"Outubro 1, 2022","format":false,"excerpt":"The Allure of Moving to Europe Moving to Europe has captivated people worldwide. With its rich history, diverse culture, and high quality of life, Europe offers countless benefits for a fresh start. While relocating to a new continent can seem daunting, careful planning and the right support can streamline the\u2026","rel":"","context":"In &quot;Europe&quot;","block_context":{"text":"Europe","link":"https:\/\/relocations.io\/pt\/categoria\/europa-2\/"},"img":{"alt_text":"","src":"https:\/\/i0.wp.com\/relocations.io\/wp-content\/uploads\/2024\/02\/embracing-europe2.png?fit=1200%2C675&ssl=1&resize=350%2C200","width":350,"height":200,"srcset":"https:\/\/i0.wp.com\/relocations.io\/wp-content\/uploads\/2024\/02\/embracing-europe2.png?fit=1200%2C675&ssl=1&resize=350%2C200 1x, https:\/\/i0.wp.com\/relocations.io\/wp-content\/uploads\/2024\/02\/embracing-europe2.png?fit=1200%2C675&ssl=1&resize=525%2C300 1.5x, https:\/\/i0.wp.com\/relocations.io\/wp-content\/uploads\/2024\/02\/embracing-europe2.png?fit=1200%2C675&ssl=1&resize=700%2C400 2x, https:\/\/i0.wp.com\/relocations.io\/wp-content\/uploads\/2024\/02\/embracing-europe2.png?fit=1200%2C675&ssl=1&resize=1050%2C600 3x"},"classes":[]},{"id":7368,"url":"https:\/\/relocations.io\/pt\/acao-de-gracas-na-europa\/","url_meta":{"origin":7380,"position":2},"title":"A\u00e7\u00e3o de Gra\u00e7as na Europa","author":"Relocations.io","date":"Novembro 1, 2022","format":false,"excerpt":"Apesar das suas ra\u00edzes hist\u00f3ricas, o Dia de A\u00e7\u00e3o de Gra\u00e7as n\u00e3o foi adotado como um feriado generalizado na Europa.","rel":"","context":"In &quot;Europe&quot;","block_context":{"text":"Europe","link":"https:\/\/relocations.io\/pt\/categoria\/europa-2\/"},"img":{"alt_text":"","src":"https:\/\/i0.wp.com\/relocations.io\/wp-content\/uploads\/2022\/11\/21.jpg?fit=1200%2C675&ssl=1&resize=350%2C200","width":350,"height":200,"srcset":"https:\/\/i0.wp.com\/relocations.io\/wp-content\/uploads\/2022\/11\/21.jpg?fit=1200%2C675&ssl=1&resize=350%2C200 1x, https:\/\/i0.wp.com\/relocations.io\/wp-content\/uploads\/2022\/11\/21.jpg?fit=1200%2C675&ssl=1&resize=525%2C300 1.5x, https:\/\/i0.wp.com\/relocations.io\/wp-content\/uploads\/2022\/11\/21.jpg?fit=1200%2C675&ssl=1&resize=700%2C400 2x, https:\/\/i0.wp.com\/relocations.io\/wp-content\/uploads\/2022\/11\/21.jpg?fit=1200%2C675&ssl=1&resize=1050%2C600 3x"},"classes":[]},{"id":7374,"url":"https:\/\/relocations.io\/pt\/mercados-de-natal-magicos-explorando-a-tradicao-encantadora-da-europa\/","url_meta":{"origin":7380,"position":3},"title":"Mercados de Natal m\u00e1gicos: Explorando a tradi\u00e7\u00e3o encantadora da Europa","author":"Relocations.io","date":"Dezembro 1, 2022","format":false,"excerpt":"Experience Europe's Enchanting Christmas Markets: A Festive Tradition \u00a0 As the holiday season approaches, Europe comes alive with the enchanting allure of Christmas markets, beckoning visitors with their festive atmosphere, twinkling lights, and aromatic delights. These centuries-old traditions, deeply rooted in European culture, offer a unique and immersive experience that\u2026","rel":"","context":"In &quot;Europe&quot;","block_context":{"text":"Europe","link":"https:\/\/relocations.io\/pt\/categoria\/europa-2\/"},"img":{"alt_text":"","src":"https:\/\/i0.wp.com\/relocations.io\/wp-content\/uploads\/2022\/11\/23.jpg?fit=1200%2C675&ssl=1&resize=350%2C200","width":350,"height":200,"srcset":"https:\/\/i0.wp.com\/relocations.io\/wp-content\/uploads\/2022\/11\/23.jpg?fit=1200%2C675&ssl=1&resize=350%2C200 1x, https:\/\/i0.wp.com\/relocations.io\/wp-content\/uploads\/2022\/11\/23.jpg?fit=1200%2C675&ssl=1&resize=525%2C300 1.5x, https:\/\/i0.wp.com\/relocations.io\/wp-content\/uploads\/2022\/11\/23.jpg?fit=1200%2C675&ssl=1&resize=700%2C400 2x, https:\/\/i0.wp.com\/relocations.io\/wp-content\/uploads\/2022\/11\/23.jpg?fit=1200%2C675&ssl=1&resize=1050%2C600 3x"},"classes":[]},{"id":7414,"url":"https:\/\/relocations.io\/pt\/bonjour-france-navegar-nas-diferencas-culturais-e-nas-oportunidades-de-relocalizacao\/","url_meta":{"origin":7380,"position":4},"title":"Bonjour France: Navegar pelas diferen\u00e7as culturais e pelas oportunidades de relocaliza\u00e7\u00e3o","author":"Relocations.io","date":"Abril 1, 2024","format":false,"excerpt":"Descubra os meandros de uma mudan\u00e7a para Fran\u00e7a, desde as diferen\u00e7as culturais at\u00e9 \u00e0s oportunidades de trabalho e de reforma. Com um mercado de trabalho din\u00e2mico e cen\u00e1rios de reforma id\u00edlicos, a Fran\u00e7a oferece aos expatriados uma mistura \u00fanica de charme do velho mundo e comodidades modernas para uma vida plena no estrangeiro.","rel":"","context":"In &quot;Europe&quot;","block_context":{"text":"Europe","link":"https:\/\/relocations.io\/pt\/categoria\/europa-2\/"},"img":{"alt_text":"","src":"https:\/\/i0.wp.com\/relocations.io\/wp-content\/uploads\/2024\/02\/fr-b1.png?fit=1200%2C675&ssl=1&resize=350%2C200","width":350,"height":200,"srcset":"https:\/\/i0.wp.com\/relocations.io\/wp-content\/uploads\/2024\/02\/fr-b1.png?fit=1200%2C675&ssl=1&resize=350%2C200 1x, https:\/\/i0.wp.com\/relocations.io\/wp-content\/uploads\/2024\/02\/fr-b1.png?fit=1200%2C675&ssl=1&resize=525%2C300 1.5x, https:\/\/i0.wp.com\/relocations.io\/wp-content\/uploads\/2024\/02\/fr-b1.png?fit=1200%2C675&ssl=1&resize=700%2C400 2x, https:\/\/i0.wp.com\/relocations.io\/wp-content\/uploads\/2024\/02\/fr-b1.png?fit=1200%2C675&ssl=1&resize=1050%2C600 3x"},"classes":[]},{"id":8610,"url":"https:\/\/relocations.io\/pt\/guia-completo-da-deslocacao-de-animais-de-companhia-para-a-europa\/","url_meta":{"origin":7380,"position":5},"title":"Guia completo: Mudan\u00e7a de animais de estima\u00e7\u00e3o para a Europa","author":"Relocations.io","date":"Agosto 19, 2024","format":false,"excerpt":"Your Comprehensive Guide to Moving Pets from North America to Europe. Transporting pets from North America to Europe involves careful planning, adherence to regulations, and ensuring the well-being of the pets throughout the journey. Whether you are relocating, participating in a breeding program, or transporting pets for other reasons, understanding\u2026","rel":"","context":"In &quot;Citizenship&quot;","block_context":{"text":"Citizenship","link":"https:\/\/relocations.io\/pt\/categoria\/europa-2\/cidadania\/"},"img":{"alt_text":"","src":"https:\/\/i0.wp.com\/relocations.io\/wp-content\/uploads\/2024\/08\/NEW-Castelos-Portugal-.jpg?fit=1200%2C600&ssl=1&resize=350%2C200","width":350,"height":200,"srcset":"https:\/\/i0.wp.com\/relocations.io\/wp-content\/uploads\/2024\/08\/NEW-Castelos-Portugal-.jpg?fit=1200%2C600&ssl=1&resize=350%2C200 1x, https:\/\/i0.wp.com\/relocations.io\/wp-content\/uploads\/2024\/08\/NEW-Castelos-Portugal-.jpg?fit=1200%2C600&ssl=1&resize=525%2C300 1.5x, https:\/\/i0.wp.com\/relocations.io\/wp-content\/uploads\/2024\/08\/NEW-Castelos-Portugal-.jpg?fit=1200%2C600&ssl=1&resize=700%2C400 2x, https:\/\/i0.wp.com\/relocations.io\/wp-content\/uploads\/2024\/08\/NEW-Castelos-Portugal-.jpg?fit=1200%2C600&ssl=1&resize=1050%2C600 3x"},"classes":[]}],"jetpack_sharing_enabled":true,"_links":{"self":[{"href":"https:\/\/relocations.io\/pt\/wp-json\/wp\/v2\/posts\/7380","targetHints":{"allow":["GET"]}}],"collection":[{"href":"https:\/\/relocations.io\/pt\/wp-json\/wp\/v2\/posts"}],"about":[{"href":"https:\/\/relocations.io\/pt\/wp-json\/wp\/v2\/types\/post"}],"author":[{"embeddable":true,"href":"https:\/\/relocations.io\/pt\/wp-json\/wp\/v2\/users\/2"}],"replies":[{"embeddable":true,"href":"https:\/\/relocations.io\/pt\/wp-json\/wp\/v2\/comments?post=7380"}],"version-history":[{"count":0,"href":"https:\/\/relocations.io\/pt\/wp-json\/wp\/v2\/posts\/7380\/revisions"}],"wp:featuredmedia":[{"embeddable":true,"href":"https:\/\/relocations.io\/pt\/wp-json\/wp\/v2\/media\/8758"}],"wp:attachment":[{"href":"https:\/\/relocations.io\/pt\/wp-json\/wp\/v2\/media?parent=7380"}],"wp:term":[{"taxonomy":"category","embeddable":true,"href":"https:\/\/relocations.io\/pt\/wp-json\/wp\/v2\/categories?post=7380"},{"taxonomy":"post_tag","embeddable":true,"href":"https:\/\/relocations.io\/pt\/wp-json\/wp\/v2\/tags?post=7380"}],"curies":[{"name":"wp","href":"https:\/\/api.w.org\/{rel}","templated":true}]}}