{"id":7374,"date":"2022-12-01T10:00:00","date_gmt":"2022-12-01T10:00:00","guid":{"rendered":"https:\/\/relocations.io\/?p=7374"},"modified":"2024-09-06T12:50:28","modified_gmt":"2024-09-06T11:50:28","slug":"mercados-de-natal-magicos-explorando-a-tradicao-encantadora-da-europa","status":"publish","type":"post","link":"https:\/\/relocations.io\/pt\/mercados-de-natal-magicos-explorando-a-tradicao-encantadora-da-europa\/","title":{"rendered":"Mercados de Natal m\u00e1gicos: Explorando a tradi\u00e7\u00e3o encantadora da Europa"},"content":{"rendered":"<div data-elementor-type=\"wp-post\" data-elementor-id=\"7374\" class=\"elementor elementor-7374\" data-elementor-settings=\"{&quot;ha_cmc_init_switcher&quot;:&quot;no&quot;}\" data-elementor-post-type=\"post\">\n\t\t\t\t<div class=\"elementor-element elementor-element-6bc73e11 e-flex e-con-boxed e-con e-parent\" data-id=\"6bc73e11\" data-element_type=\"container\" data-settings=\"{&quot;_ha_eqh_enable&quot;:false}\">\n\t\t\t\t\t<div class=\"e-con-inner\">\n\t\t\t\t<div class=\"elementor-element elementor-element-e86828e elementor-widget elementor-widget-heading\" data-id=\"e86828e\" data-element_type=\"widget\" data-widget_type=\"heading.default\">\n\t\t\t\t<div class=\"elementor-widget-container\">\n\t\t\t\t\t<h2 class=\"elementor-heading-title elementor-size-default\">Conhe\u00e7a os encantadores mercados de Natal da Europa: Uma tradi\u00e7\u00e3o festiva<\/h2>\t\t\t\t<\/div>\n\t\t\t\t<\/div>\n\t\t\t\t<div class=\"elementor-element elementor-element-6e3e58e6 elementor-widget elementor-widget-text-editor\" data-id=\"6e3e58e6\" data-element_type=\"widget\" data-widget_type=\"text-editor.default\">\n\t\t\t\t<div class=\"elementor-widget-container\">\n\t\t\t\t\t\t\t\t\t\n<h5 id=\"h-experience-europe-s-enchanting-christmas-markets-a-festive-tradition\" class=\"wp-block-heading\">\u00a0<\/h5>\n\n<p>Como o <a href=\"https:\/\/relocations.io\/portugal-2024-celebrate-national-holiday-tradition\/\">\u00e9poca festiva<\/a> A Europa ganha vida com o encanto dos mercados de Natal, que atraem os visitantes com a sua atmosfera festiva, luzes cintilantes e del\u00edcias arom\u00e1ticas. Estas tradi\u00e7\u00f5es seculares, profundamente enraizadas na cultura europeia, oferecem uma experi\u00eancia \u00fanica e envolvente que as distingue das suas cong\u00e9neres na Am\u00e9rica do Norte e n\u00e3o s\u00f3.<\/p>\n\n<p>Uma das carater\u00edsticas mais distintivas dos mercados de Natal europeus \u00e9 a sua rica hist\u00f3ria e significado cultural. Remontando \u00e0 Idade M\u00e9dia, estes mercados serviam originalmente como um local para os habitantes locais se reunirem e comprarem produtos sazonais, incluindo artesanato, decora\u00e7\u00f5es e iguarias culin\u00e1rias. Com o passar do tempo, transformaram-se em eventos anuais muito apreciados <a href=\"https:\/\/relocations.io\/your-guide-to-visa-requirements-and-citizenship-in-portugal-navigating-your-path-to-a-new-life\/\" data-wpil-monitor-id=\"45\">tradi\u00e7\u00f5es<\/a>A festa \u00e9 celebrada em cidades e vilas de todo o continente.<\/p>\n\n<h5 id=\"h-authentic-holiday-magic-discover-the-unique-charm-of-european-christmas-markets\" class=\"wp-block-heading\"><strong>A aut\u00eantica magia das f\u00e9rias: Descubra o encanto \u00fanico dos mercados de Natal europeus<\/strong><\/h5>\n\n<p>Ao contr\u00e1rio dos centros comerciais e cadeias de lojas frequentemente associados ao Natal na Am\u00e9rica do Norte, os mercados de Natal europeus oferecem uma experi\u00eancia mais aut\u00eantica e \u00edntima. Os visitantes podem passear por encantadoras ruas de cal\u00e7ada adornadas com decora\u00e7\u00f5es festivas, admirando artesanato e saboreando o aroma de vinho quente, castanhas assadas e pastelaria acabada de fazer. Cada mercado tem o seu pr\u00f3prio charme e car\u00e1cter \u00fanicos, reflectindo a cultura local e a <a href=\"https:\/\/relocations.io\/portugal-top-beaches-your-ultimate-guide\/\" data-wpil-monitor-id=\"64\">tradi\u00e7\u00f5es<\/a> da sua regi\u00e3o. Quer se trate dos mercados hist\u00f3ricos da Alemanha, dos mercados rom\u00e2nticos de <a href=\"https:\/\/relocations.io\/bonjour-france-navigating-cultural-differences-and-opportunities-in-relocation\/\" data-wpil-monitor-id=\"77\">Fran\u00e7a<\/a>ou os mercados de contos de fadas da \u00c1ustria, os mercados de Natal da Europa transportam os visitantes para uma era passada de magia e maravilha natal\u00edcia.<\/p>\n\n<p>Outra carater\u00edstica distintiva dos mercados de Natal europeus \u00e9 a sua \u00eanfase na comunidade e na socializa\u00e7\u00e3o. Ao contr\u00e1rio das compras apressadas frequentemente associadas \u00e0 \u00e9poca festiva, os mercados europeus incentivam os visitantes a abrandar o ritmo, a saborear o momento e a relacionar-se com os seus entes queridos. As fam\u00edlias re\u00fanem-se para desfrutar de entretenimento festivo, incluindo m\u00fasica ao vivo, dan\u00e7as tradicionais e pe\u00e7as de pres\u00e9pio, enquanto as crian\u00e7as se maravilham com as decora\u00e7\u00f5es elaboradas e visitam o Pai Natal na sua gruta encantadora. A atmosfera \u00e9 de calor, hospitalidade e camaradagem, promovendo um sentimento de alegria e uni\u00e3o que \u00e9 verdadeiramente m\u00e1gico.<\/p>\n\n<p>Al\u00e9m disso, os mercados de Natal europeus oferecem uma vasta gama de produtos \u00fanicos e artesanais, muitas vezes feitos \u00e0 m\u00e3o por artes\u00e3os e art\u00edfices locais. Desde ornamentos de madeira intrincadamente esculpidos e cer\u00e2micas pintadas \u00e0 m\u00e3o a t\u00eaxteis luxuosos e iguarias gourmet, estes mercados mostram o melhor do artesanato e da criatividade europeus. Os visitantes t\u00eam a oportunidade de comprar presentes e lembran\u00e7as \u00fanicas que n\u00e3o se encontram em mais lado nenhum, apoiando assim as empresas e os artes\u00e3os locais.<\/p>\n\n<h5 id=\"h-christmas-markets-embrace-the-spirit-of-tradition\" class=\"wp-block-heading\"><strong>Os mercados de Natal abra\u00e7am o esp\u00edrito da tradi\u00e7\u00e3o<\/strong><\/h5>\n\n<p>Em contraste com a comercializa\u00e7\u00e3o do Natal em algumas partes do mundo, os mercados de Natal europeus abra\u00e7am o esp\u00edrito de <a href=\"https:\/\/relocations.io\/from-brazil-to-europe-a-cultural-odyssey-of-relocation\/\" data-wpil-monitor-id=\"90\">tradi\u00e7\u00e3o<\/a>A loja de Natal \u00e9 um local de compras, de autenticidade e de comunidade. S\u00e3o mais do que simples destinos de compras; s\u00e3o eventos culturais que juntam as pessoas para celebrar a magia da \u00e9poca festiva. Quer esteja a bebericar gl\u00fchwein sob as luzes cintilantes de uma pra\u00e7a medieval ou a ver artesanato num mercado hist\u00f3rico, <a href=\"https:\/\/relocations.io\/exploring-the-enchantment-vigos-delightful-christmas-market\/\" data-wpil-monitor-id=\"117\">Os mercados de Natal da Europa<\/a> oferecem uma experi\u00eancia verdadeiramente inesquec\u00edvel que o deixar\u00e1 encantado e inspirado.<\/p>\n\n<figure class=\"wp-block-image size-large\"><img fetchpriority=\"high\" decoding=\"async\" data-recalc-dims=\"1\" height=\"576\" width=\"1024\" class=\"wp-image-7376\" src=\"https:\/\/i0.wp.com\/relocations.io\/wp-content\/uploads\/2024\/02\/christmas-markets-europe2-1024x576.png?resize=1024%2C576&#038;ssl=1\" alt=\"Natal m\u00e1gico\" srcset=\"https:\/\/i0.wp.com\/relocations.io\/wp-content\/uploads\/2024\/02\/christmas-markets-europe2.png?resize=1024%2C576&amp;ssl=1 1024w, https:\/\/i0.wp.com\/relocations.io\/wp-content\/uploads\/2024\/02\/christmas-markets-europe2.png?resize=300%2C169&amp;ssl=1 300w, https:\/\/i0.wp.com\/relocations.io\/wp-content\/uploads\/2024\/02\/christmas-markets-europe2.png?resize=768%2C432&amp;ssl=1 768w, https:\/\/i0.wp.com\/relocations.io\/wp-content\/uploads\/2024\/02\/christmas-markets-europe2.png?resize=1536%2C864&amp;ssl=1 1536w, https:\/\/i0.wp.com\/relocations.io\/wp-content\/uploads\/2024\/02\/christmas-markets-europe2.png?resize=1170%2C658&amp;ssl=1 1170w, https:\/\/i0.wp.com\/relocations.io\/wp-content\/uploads\/2024\/02\/christmas-markets-europe2.png?w=1920&amp;ssl=1 1920w\" sizes=\"(max-width: 1024px) 100vw, 1024px\" \/><\/figure>\n\t\t\t\t\t\t\t\t<\/div>\n\t\t\t\t<\/div>\n\t\t\t\t\t<\/div>\n\t\t\t\t<\/div>\n\t\t\t\t<\/div>","protected":false},"excerpt":{"rendered":"<p>Experience Europe&#8217;s Enchanting Christmas Markets: A Festive Tradition \u00a0 As the holiday season approaches, Europe comes alive with the enchanting allure of Christmas markets, beckoning visitors with their festive atmosphere, twinkling lights, and aromatic delights. These centuries-old traditions, deeply rooted in European culture, offer a unique and immersive experience that sets them apart from their [&hellip;]<\/p>","protected":false},"author":2,"featured_media":8754,"comment_status":"closed","ping_status":"closed","sticky":false,"template":"","format":"standard","meta":{"_jetpack_memberships_contains_paid_content":false,"footnotes":""},"categories":[60,68],"tags":[77,79,70,142,71,69],"class_list":["post-7374","post","type-post","status-publish","format-standard","has-post-thumbnail","hentry","category-europe","category-relocations-io","tag-christmas-markets-in-europe","tag-magical-christmas-markets","tag-moving-to-europe","tag-relocate","tag-relocations","tag-relocations-io-blog"],"jetpack_featured_media_url":"https:\/\/i0.wp.com\/relocations.io\/wp-content\/uploads\/2022\/11\/23.jpg?fit=1920%2C1080&ssl=1","jetpack-related-posts":[{"id":7363,"url":"https:\/\/relocations.io\/pt\/abracar-a-europa-o-caminho-simplificado-para-um-novo-comeco\/","url_meta":{"origin":7374,"position":0},"title":"Abra\u00e7ar a Europa: O caminho simplificado para um novo come\u00e7o","author":"Relocations.io","date":"Outubro 1, 2022","format":false,"excerpt":"The Allure of Moving to Europe Moving to Europe has captivated people worldwide. With its rich history, diverse culture, and high quality of life, Europe offers countless benefits for a fresh start. While relocating to a new continent can seem daunting, careful planning and the right support can streamline the\u2026","rel":"","context":"In &quot;Europe&quot;","block_context":{"text":"Europe","link":"https:\/\/relocations.io\/pt\/categoria\/europa-2\/"},"img":{"alt_text":"","src":"https:\/\/i0.wp.com\/relocations.io\/wp-content\/uploads\/2024\/02\/embracing-europe2.png?fit=1200%2C675&ssl=1&resize=350%2C200","width":350,"height":200,"srcset":"https:\/\/i0.wp.com\/relocations.io\/wp-content\/uploads\/2024\/02\/embracing-europe2.png?fit=1200%2C675&ssl=1&resize=350%2C200 1x, https:\/\/i0.wp.com\/relocations.io\/wp-content\/uploads\/2024\/02\/embracing-europe2.png?fit=1200%2C675&ssl=1&resize=525%2C300 1.5x, https:\/\/i0.wp.com\/relocations.io\/wp-content\/uploads\/2024\/02\/embracing-europe2.png?fit=1200%2C675&ssl=1&resize=700%2C400 2x, https:\/\/i0.wp.com\/relocations.io\/wp-content\/uploads\/2024\/02\/embracing-europe2.png?fit=1200%2C675&ssl=1&resize=1050%2C600 3x"},"classes":[]},{"id":7537,"url":"https:\/\/relocations.io\/pt\/explorar-o-encantador-mercado-de-natal-de-vigos\/","url_meta":{"origin":7374,"position":1},"title":"Explorando o encanto: O encantador mercado de Natal de Vigo","author":"Relocations.io","date":"Dezembro 1, 2023","format":false,"excerpt":"During the holiday season, Vigo's Christmas market, set in the city's historic district, captivates with twinkling lights and artisanal stalls offering crafts, gifts, and Spanish culinary treats like churros and roasted chestnuts. The market, alive with the ambiance of holiday carols and festive decorations, also showcases traditional Galician queimada and\u2026","rel":"","context":"In &quot;Europe&quot;","block_context":{"text":"Europe","link":"https:\/\/relocations.io\/pt\/categoria\/europa-2\/"},"img":{"alt_text":"","src":"https:\/\/i0.wp.com\/relocations.io\/wp-content\/uploads\/2022\/11\/51.jpg?fit=1200%2C675&ssl=1&resize=350%2C200","width":350,"height":200,"srcset":"https:\/\/i0.wp.com\/relocations.io\/wp-content\/uploads\/2022\/11\/51.jpg?fit=1200%2C675&ssl=1&resize=350%2C200 1x, https:\/\/i0.wp.com\/relocations.io\/wp-content\/uploads\/2022\/11\/51.jpg?fit=1200%2C675&ssl=1&resize=525%2C300 1.5x, https:\/\/i0.wp.com\/relocations.io\/wp-content\/uploads\/2022\/11\/51.jpg?fit=1200%2C675&ssl=1&resize=700%2C400 2x, https:\/\/i0.wp.com\/relocations.io\/wp-content\/uploads\/2022\/11\/51.jpg?fit=1200%2C675&ssl=1&resize=1050%2C600 3x"},"classes":[]},{"id":7380,"url":"https:\/\/relocations.io\/pt\/entrar-no-novo-ano-explorando-as-tradicoes-europeias-do-ano-novo\/","url_meta":{"origin":7374,"position":2},"title":"Celebrar o Ano Novo: Explorando as tradi\u00e7\u00f5es europeias de Ano Novo","author":"Relocations.io","date":"Janeiro 1, 2023","format":false,"excerpt":"Exploring European New Year\u2019s Traditions As the clock strikes midnight on December 31st, Europe bursts into vibrant New Year\u2019s Eve celebrations. The continent\u2019s traditions highlight its rich cultural diversity, making each celebration unique and memorable. Fireworks and Grand Displays In Europe, fireworks are a central feature of New Year's Eve.\u2026","rel":"","context":"In &quot;Europe&quot;","block_context":{"text":"Europe","link":"https:\/\/relocations.io\/pt\/categoria\/europa-2\/"},"img":{"alt_text":"","src":"https:\/\/i0.wp.com\/relocations.io\/wp-content\/uploads\/2023\/01\/New-Year.jpg?fit=1200%2C675&ssl=1&resize=350%2C200","width":350,"height":200,"srcset":"https:\/\/i0.wp.com\/relocations.io\/wp-content\/uploads\/2023\/01\/New-Year.jpg?fit=1200%2C675&ssl=1&resize=350%2C200 1x, https:\/\/i0.wp.com\/relocations.io\/wp-content\/uploads\/2023\/01\/New-Year.jpg?fit=1200%2C675&ssl=1&resize=525%2C300 1.5x, https:\/\/i0.wp.com\/relocations.io\/wp-content\/uploads\/2023\/01\/New-Year.jpg?fit=1200%2C675&ssl=1&resize=700%2C400 2x, https:\/\/i0.wp.com\/relocations.io\/wp-content\/uploads\/2023\/01\/New-Year.jpg?fit=1200%2C675&ssl=1&resize=1050%2C600 3x"},"classes":[]},{"id":7368,"url":"https:\/\/relocations.io\/pt\/acao-de-gracas-na-europa\/","url_meta":{"origin":7374,"position":3},"title":"A\u00e7\u00e3o de Gra\u00e7as na Europa","author":"Relocations.io","date":"Novembro 1, 2022","format":false,"excerpt":"Apesar das suas ra\u00edzes hist\u00f3ricas, o Dia de A\u00e7\u00e3o de Gra\u00e7as n\u00e3o foi adotado como um feriado generalizado na Europa.","rel":"","context":"In &quot;Europe&quot;","block_context":{"text":"Europe","link":"https:\/\/relocations.io\/pt\/categoria\/europa-2\/"},"img":{"alt_text":"","src":"https:\/\/i0.wp.com\/relocations.io\/wp-content\/uploads\/2022\/11\/21.jpg?fit=1200%2C675&ssl=1&resize=350%2C200","width":350,"height":200,"srcset":"https:\/\/i0.wp.com\/relocations.io\/wp-content\/uploads\/2022\/11\/21.jpg?fit=1200%2C675&ssl=1&resize=350%2C200 1x, https:\/\/i0.wp.com\/relocations.io\/wp-content\/uploads\/2022\/11\/21.jpg?fit=1200%2C675&ssl=1&resize=525%2C300 1.5x, https:\/\/i0.wp.com\/relocations.io\/wp-content\/uploads\/2022\/11\/21.jpg?fit=1200%2C675&ssl=1&resize=700%2C400 2x, https:\/\/i0.wp.com\/relocations.io\/wp-content\/uploads\/2022\/11\/21.jpg?fit=1200%2C675&ssl=1&resize=1050%2C600 3x"},"classes":[]},{"id":9038,"url":"https:\/\/relocations.io\/pt\/novos-voos-diretos-de-montreal-para-o-porto\/","url_meta":{"origin":7374,"position":4},"title":"Novos voos diretos para o Canad\u00e1 impulsionam o turismo entre Portugal e o Canad\u00e1","author":"Relocations.io","date":"Agosto 27, 2024","format":false,"excerpt":"A new direct flight route by Air Canada connecting Montreal, Canada, and Porto, Portugal. This service offers a convenient travel option for tourists and the Portuguese community in Canada. It highlights the benefits of the direct flight, including saving time and enhancing travel comfort, and also promotes Porto as an\u2026","rel":"","context":"In &quot;Canada&quot;","block_context":{"text":"Canada","link":"https:\/\/relocations.io\/pt\/categoria\/canada\/"},"img":{"alt_text":"","src":"https:\/\/i0.wp.com\/relocations.io\/wp-content\/uploads\/2024\/08\/New-Flights.jpg?fit=1200%2C600&ssl=1&resize=350%2C200","width":350,"height":200,"srcset":"https:\/\/i0.wp.com\/relocations.io\/wp-content\/uploads\/2024\/08\/New-Flights.jpg?fit=1200%2C600&ssl=1&resize=350%2C200 1x, https:\/\/i0.wp.com\/relocations.io\/wp-content\/uploads\/2024\/08\/New-Flights.jpg?fit=1200%2C600&ssl=1&resize=525%2C300 1.5x, https:\/\/i0.wp.com\/relocations.io\/wp-content\/uploads\/2024\/08\/New-Flights.jpg?fit=1200%2C600&ssl=1&resize=700%2C400 2x, https:\/\/i0.wp.com\/relocations.io\/wp-content\/uploads\/2024\/08\/New-Flights.jpg?fit=1200%2C600&ssl=1&resize=1050%2C600 3x"},"classes":[]},{"id":8610,"url":"https:\/\/relocations.io\/pt\/guia-completo-da-deslocacao-de-animais-de-companhia-para-a-europa\/","url_meta":{"origin":7374,"position":5},"title":"Guia completo: Mudan\u00e7a de animais de estima\u00e7\u00e3o para a Europa","author":"Relocations.io","date":"Agosto 19, 2024","format":false,"excerpt":"Your Comprehensive Guide to Moving Pets from North America to Europe. Transporting pets from North America to Europe involves careful planning, adherence to regulations, and ensuring the well-being of the pets throughout the journey. Whether you are relocating, participating in a breeding program, or transporting pets for other reasons, understanding\u2026","rel":"","context":"In &quot;Citizenship&quot;","block_context":{"text":"Citizenship","link":"https:\/\/relocations.io\/pt\/categoria\/europa-2\/cidadania\/"},"img":{"alt_text":"","src":"https:\/\/i0.wp.com\/relocations.io\/wp-content\/uploads\/2024\/08\/NEW-Castelos-Portugal-.jpg?fit=1200%2C600&ssl=1&resize=350%2C200","width":350,"height":200,"srcset":"https:\/\/i0.wp.com\/relocations.io\/wp-content\/uploads\/2024\/08\/NEW-Castelos-Portugal-.jpg?fit=1200%2C600&ssl=1&resize=350%2C200 1x, https:\/\/i0.wp.com\/relocations.io\/wp-content\/uploads\/2024\/08\/NEW-Castelos-Portugal-.jpg?fit=1200%2C600&ssl=1&resize=525%2C300 1.5x, https:\/\/i0.wp.com\/relocations.io\/wp-content\/uploads\/2024\/08\/NEW-Castelos-Portugal-.jpg?fit=1200%2C600&ssl=1&resize=700%2C400 2x, https:\/\/i0.wp.com\/relocations.io\/wp-content\/uploads\/2024\/08\/NEW-Castelos-Portugal-.jpg?fit=1200%2C600&ssl=1&resize=1050%2C600 3x"},"classes":[]}],"jetpack_sharing_enabled":true,"_links":{"self":[{"href":"https:\/\/relocations.io\/pt\/wp-json\/wp\/v2\/posts\/7374","targetHints":{"allow":["GET"]}}],"collection":[{"href":"https:\/\/relocations.io\/pt\/wp-json\/wp\/v2\/posts"}],"about":[{"href":"https:\/\/relocations.io\/pt\/wp-json\/wp\/v2\/types\/post"}],"author":[{"embeddable":true,"href":"https:\/\/relocations.io\/pt\/wp-json\/wp\/v2\/users\/2"}],"replies":[{"embeddable":true,"href":"https:\/\/relocations.io\/pt\/wp-json\/wp\/v2\/comments?post=7374"}],"version-history":[{"count":0,"href":"https:\/\/relocations.io\/pt\/wp-json\/wp\/v2\/posts\/7374\/revisions"}],"wp:featuredmedia":[{"embeddable":true,"href":"https:\/\/relocations.io\/pt\/wp-json\/wp\/v2\/media\/8754"}],"wp:attachment":[{"href":"https:\/\/relocations.io\/pt\/wp-json\/wp\/v2\/media?parent=7374"}],"wp:term":[{"taxonomy":"category","embeddable":true,"href":"https:\/\/relocations.io\/pt\/wp-json\/wp\/v2\/categories?post=7374"},{"taxonomy":"post_tag","embeddable":true,"href":"https:\/\/relocations.io\/pt\/wp-json\/wp\/v2\/tags?post=7374"}],"curies":[{"name":"wp","href":"https:\/\/api.w.org\/{rel}","templated":true}]}}