{"id":7368,"date":"2022-11-01T10:00:00","date_gmt":"2022-11-01T10:00:00","guid":{"rendered":"https:\/\/relocations.io\/?p=7368"},"modified":"2024-09-06T12:53:18","modified_gmt":"2024-09-06T11:53:18","slug":"acao-de-gracas-na-europa","status":"publish","type":"post","link":"https:\/\/relocations.io\/pt\/acao-de-gracas-na-europa\/","title":{"rendered":"A\u00e7\u00e3o de Gra\u00e7as na Europa"},"content":{"rendered":"<div data-elementor-type=\"wp-post\" data-elementor-id=\"7368\" class=\"elementor elementor-7368\" data-elementor-settings=\"{&quot;ha_cmc_init_switcher&quot;:&quot;no&quot;}\" data-elementor-post-type=\"post\">\n\t\t\t\t<div class=\"elementor-element elementor-element-21c21d90 e-flex e-con-boxed e-con e-parent\" data-id=\"21c21d90\" data-element_type=\"container\" data-settings=\"{&quot;_ha_eqh_enable&quot;:false}\">\n\t\t\t\t\t<div class=\"e-con-inner\">\n\t\t\t\t<div class=\"elementor-element elementor-element-52de285 elementor-widget elementor-widget-heading\" data-id=\"52de285\" data-element_type=\"widget\" data-widget_type=\"heading.default\">\n\t\t\t\t<div class=\"elementor-widget-container\">\n\t\t\t\t\t<h2 class=\"elementor-heading-title elementor-size-default\">A\u00e7\u00e3o de Gra\u00e7as na Europa: Compreender a sua aus\u00eancia atrav\u00e9s das diferen\u00e7as hist\u00f3ricas e culturais<\/h2>\t\t\t\t<\/div>\n\t\t\t\t<\/div>\n\t\t\t\t<div class=\"elementor-element elementor-element-5154f4a2 elementor-widget elementor-widget-text-editor\" data-id=\"5154f4a2\" data-element_type=\"widget\" data-widget_type=\"text-editor.default\">\n\t\t\t\t<div class=\"elementor-widget-container\">\n\t\t\t\t\t\t\t\t\t\n<p><br \/>Na Europa, o Dia de A\u00e7\u00e3o de Gra\u00e7as, tal como \u00e9 celebrado na Am\u00e9rica do Norte, est\u00e1 notoriamente ausente do calend\u00e1rio cultural. Esta aus\u00eancia resulta das diferen\u00e7as hist\u00f3ricas, culturais e religiosas entre a Europa e a Am\u00e9rica do Norte. Embora o Dia de A\u00e7\u00e3o de Gra\u00e7as tenha ra\u00edzes hist\u00f3ricas profundas tanto no Canad\u00e1 como nos Estados Unidos, as suas origens e significado diferem significativamente das tradi\u00e7\u00f5es europeias.<\/p>\n\n<p>Nos Estados Unidos, o Dia de A\u00e7\u00e3o de Gra\u00e7as tem as suas origens no in\u00edcio do s\u00e9culo XVII, quando os colonos ingleses, conhecidos como os Peregrinos, organizaram uma festa de colheita para agradecer as colheitas bem sucedidas e as b\u00ean\u00e7\u00e3os do ano anterior. Celebrado em 1621 em Plymouth, Massachusetts, este evento \u00e9 amplamente reconhecido como o primeiro Dia de A\u00e7\u00e3o de Gra\u00e7as na Am\u00e9rica do Norte. Com o tempo, o Dia de A\u00e7\u00e3o de Gra\u00e7as evoluiu para uma <a href=\"https:\/\/relocations.io\/portugal-2024-celebrate-national-holiday-tradition\/\" data-wpil-monitor-id=\"5\">feriado nacional celebrado<\/a> na quarta quinta-feira de novembro, marcada por encontros com a fam\u00edlia e os amigos, festejos com alimentos tradicionais, como o peru e a tarte de ab\u00f3bora, e manifesta\u00e7\u00f5es de gratid\u00e3o pelas b\u00ean\u00e7\u00e3os da vida.<\/p>\n\n<p>Do mesmo modo, em <a href=\"https:\/\/relocations.io\/moving-from-canada-to-portugal-a-comprehensive-guide\/\">Canad\u00e1<\/a>O Dia de A\u00e7\u00e3o de Gra\u00e7as tem as suas ra\u00edzes nos festivais europeus das colheitas e nas tradi\u00e7\u00f5es religiosas. O primeiro registo de A\u00e7\u00e3o de Gra\u00e7as no Canad\u00e1 remonta a 1578, quando o explorador ingl\u00eas Martin Frobisher realizou uma cerim\u00f3nia na atual Terra Nova para agradecer a sua chegada ao Novo Mundo em seguran\u00e7a. O Canad\u00e1 declarou oficialmente o Dia de A\u00e7\u00e3o de Gra\u00e7as como feriado nacional em 1957, celebrando-o na segunda segunda-feira de outubro. Tal como o seu hom\u00f3logo americano, o Dia de A\u00e7\u00e3o de Gra\u00e7as canadiano \u00e9 um momento para as fam\u00edlias se reunirem, desfrutarem de uma refei\u00e7\u00e3o abundante e reflectirem sobre as b\u00ean\u00e7\u00e3os do ano passado.<\/p>\n\n<h5 id=\"h-keeping-american-traditions-alive\" class=\"wp-block-heading\"><strong>Manter vivas as tradi\u00e7\u00f5es americanas<\/strong><\/h5>\n\n<p>Apesar das suas ra\u00edzes hist\u00f3ricas, <a href=\"https:\/\/relocations.io\/exploring-the-enchantment-vigos-delightful-christmas-market\/\" data-wpil-monitor-id=\"119\">A Europa n\u00e3o adoptou amplamente o Dia de A\u00e7\u00e3o de Gra\u00e7as como feriado<\/a>. Uma das raz\u00f5es para tal \u00e9 que os acontecimentos hist\u00f3ricos e o significado cultural associados ao Dia de A\u00e7\u00e3o de Gra\u00e7as s\u00e3o exclusivos da Am\u00e9rica do Norte e n\u00e3o t\u00eam paralelo direto na hist\u00f3ria europeia. Al\u00e9m disso, a Europa tem o seu pr\u00f3prio patrim\u00f3nio de festivais de colheitas e observ\u00e2ncias religiosas, como a Oktoberfest na Alemanha e o Festival das Colheitas no Reino Unido, que t\u00eam um significado cultural e hist\u00f3rico diferente.<\/p>\n\n<p>Al\u00e9m disso, as conota\u00e7\u00f5es religiosas do Dia de A\u00e7\u00e3o de Gra\u00e7as na Am\u00e9rica do Norte, em particular a sua associa\u00e7\u00e3o com a religi\u00e3o crist\u00e3, s\u00e3o um fator importante para o sucesso do Dia de A\u00e7\u00e3o de Gra\u00e7as. <a href=\"https:\/\/relocations.io\/your-guide-to-visa-requirements-and-citizenship-in-portugal-navigating-your-path-to-a-new-life\/\" data-wpil-monitor-id=\"44\">tradi\u00e7\u00f5es<\/a> e a hist\u00f3ria colonial dos colonos europeus, podem n\u00e3o ter eco nas sociedades europeias, que s\u00e3o mais seculares e diversificadas no seu patrim\u00f3nio cultural.<\/p>\n\n<p>De um modo geral, embora o Dia de A\u00e7\u00e3o de Gra\u00e7as tenha um profundo significado cultural na Am\u00e9rica do Norte, a sua aus\u00eancia na <a href=\"https:\/\/relocations.io\/the-lgbtq-movement-in-europe\/\" data-wpil-monitor-id=\"26\">Europa<\/a> reflecte a diversidade das tradi\u00e7\u00f5es culturais e das experi\u00eancias hist\u00f3ricas nas diferentes regi\u00f5es do mundo. Embora os europeus possam n\u00e3o celebrar o Dia de A\u00e7\u00e3o de Gra\u00e7as da mesma forma que os seus <a href=\"https:\/\/relocations.io\/relocations\/\">Am\u00e9rica do Norte<\/a> As contrapartes t\u00eam as suas pr\u00f3prias tradi\u00e7\u00f5es e festivais \u00fanicos que reflectem o seu rico patrim\u00f3nio cultural e valores.<\/p>\n\n<figure class=\"wp-block-image size-large\"><img fetchpriority=\"high\" decoding=\"async\" data-recalc-dims=\"1\" height=\"576\" width=\"1024\" class=\"wp-image-7369\" src=\"https:\/\/i0.wp.com\/relocations.io\/wp-content\/uploads\/2024\/02\/thanksgiving-europe1-1024x576.png?resize=1024%2C576&#038;ssl=1\" alt=\"A\u00e7\u00e3o de Gra\u00e7as na Europa\" srcset=\"https:\/\/i0.wp.com\/relocations.io\/wp-content\/uploads\/2024\/02\/thanksgiving-europe1.png?resize=1024%2C576&amp;ssl=1 1024w, https:\/\/i0.wp.com\/relocations.io\/wp-content\/uploads\/2024\/02\/thanksgiving-europe1.png?resize=300%2C169&amp;ssl=1 300w, https:\/\/i0.wp.com\/relocations.io\/wp-content\/uploads\/2024\/02\/thanksgiving-europe1.png?resize=768%2C432&amp;ssl=1 768w, https:\/\/i0.wp.com\/relocations.io\/wp-content\/uploads\/2024\/02\/thanksgiving-europe1.png?resize=1536%2C864&amp;ssl=1 1536w, https:\/\/i0.wp.com\/relocations.io\/wp-content\/uploads\/2024\/02\/thanksgiving-europe1.png?resize=1170%2C658&amp;ssl=1 1170w, https:\/\/i0.wp.com\/relocations.io\/wp-content\/uploads\/2024\/02\/thanksgiving-europe1.png?w=1920&amp;ssl=1 1920w\" sizes=\"(max-width: 1024px) 100vw, 1024px\" \/><\/figure>\n\t\t\t\t\t\t\t\t<\/div>\n\t\t\t\t<\/div>\n\t\t\t\t\t<\/div>\n\t\t\t\t<\/div>\n\t\t\t\t<\/div>","protected":false},"excerpt":{"rendered":"<p>Apesar das suas ra\u00edzes hist\u00f3ricas, o Dia de A\u00e7\u00e3o de Gra\u00e7as n\u00e3o foi adotado como um feriado generalizado na Europa. <\/p>","protected":false},"author":2,"featured_media":8755,"comment_status":"closed","ping_status":"closed","sticky":false,"template":"","format":"standard","meta":{"_jetpack_memberships_contains_paid_content":false,"footnotes":""},"categories":[60],"tags":[75,70,142,71,69,74,76],"class_list":["post-7368","post","type-post","status-publish","format-standard","has-post-thumbnail","hentry","category-europe","tag-canada","tag-moving-to-europe","tag-relocate","tag-relocations","tag-relocations-io-blog","tag-thanksgiving","tag-united-states"],"jetpack_featured_media_url":"https:\/\/i0.wp.com\/relocations.io\/wp-content\/uploads\/2022\/11\/21.jpg?fit=1920%2C1080&ssl=1","jetpack-related-posts":[{"id":7363,"url":"https:\/\/relocations.io\/pt\/abracar-a-europa-o-caminho-simplificado-para-um-novo-comeco\/","url_meta":{"origin":7368,"position":0},"title":"Abra\u00e7ar a Europa: O caminho simplificado para um novo come\u00e7o","author":"Relocations.io","date":"Outubro 1, 2022","format":false,"excerpt":"The Allure of Moving to Europe Moving to Europe has captivated people worldwide. With its rich history, diverse culture, and high quality of life, Europe offers countless benefits for a fresh start. While relocating to a new continent can seem daunting, careful planning and the right support can streamline the\u2026","rel":"","context":"In &quot;Europe&quot;","block_context":{"text":"Europe","link":"https:\/\/relocations.io\/pt\/categoria\/europa-2\/"},"img":{"alt_text":"","src":"https:\/\/i0.wp.com\/relocations.io\/wp-content\/uploads\/2024\/02\/embracing-europe2.png?fit=1200%2C675&ssl=1&resize=350%2C200","width":350,"height":200,"srcset":"https:\/\/i0.wp.com\/relocations.io\/wp-content\/uploads\/2024\/02\/embracing-europe2.png?fit=1200%2C675&ssl=1&resize=350%2C200 1x, https:\/\/i0.wp.com\/relocations.io\/wp-content\/uploads\/2024\/02\/embracing-europe2.png?fit=1200%2C675&ssl=1&resize=525%2C300 1.5x, https:\/\/i0.wp.com\/relocations.io\/wp-content\/uploads\/2024\/02\/embracing-europe2.png?fit=1200%2C675&ssl=1&resize=700%2C400 2x, https:\/\/i0.wp.com\/relocations.io\/wp-content\/uploads\/2024\/02\/embracing-europe2.png?fit=1200%2C675&ssl=1&resize=1050%2C600 3x"},"classes":[]},{"id":7380,"url":"https:\/\/relocations.io\/pt\/entrar-no-novo-ano-explorando-as-tradicoes-europeias-do-ano-novo\/","url_meta":{"origin":7368,"position":1},"title":"Celebrar o Ano Novo: Explorando as tradi\u00e7\u00f5es europeias de Ano Novo","author":"Relocations.io","date":"Janeiro 1, 2023","format":false,"excerpt":"Exploring European New Year\u2019s Traditions As the clock strikes midnight on December 31st, Europe bursts into vibrant New Year\u2019s Eve celebrations. The continent\u2019s traditions highlight its rich cultural diversity, making each celebration unique and memorable. Fireworks and Grand Displays In Europe, fireworks are a central feature of New Year's Eve.\u2026","rel":"","context":"In &quot;Europe&quot;","block_context":{"text":"Europe","link":"https:\/\/relocations.io\/pt\/categoria\/europa-2\/"},"img":{"alt_text":"","src":"https:\/\/i0.wp.com\/relocations.io\/wp-content\/uploads\/2023\/01\/New-Year.jpg?fit=1200%2C675&ssl=1&resize=350%2C200","width":350,"height":200,"srcset":"https:\/\/i0.wp.com\/relocations.io\/wp-content\/uploads\/2023\/01\/New-Year.jpg?fit=1200%2C675&ssl=1&resize=350%2C200 1x, https:\/\/i0.wp.com\/relocations.io\/wp-content\/uploads\/2023\/01\/New-Year.jpg?fit=1200%2C675&ssl=1&resize=525%2C300 1.5x, https:\/\/i0.wp.com\/relocations.io\/wp-content\/uploads\/2023\/01\/New-Year.jpg?fit=1200%2C675&ssl=1&resize=700%2C400 2x, https:\/\/i0.wp.com\/relocations.io\/wp-content\/uploads\/2023\/01\/New-Year.jpg?fit=1200%2C675&ssl=1&resize=1050%2C600 3x"},"classes":[]},{"id":8610,"url":"https:\/\/relocations.io\/pt\/guia-completo-da-deslocacao-de-animais-de-companhia-para-a-europa\/","url_meta":{"origin":7368,"position":2},"title":"Guia completo: Mudan\u00e7a de animais de estima\u00e7\u00e3o para a Europa","author":"Relocations.io","date":"Agosto 19, 2024","format":false,"excerpt":"Your Comprehensive Guide to Moving Pets from North America to Europe. Transporting pets from North America to Europe involves careful planning, adherence to regulations, and ensuring the well-being of the pets throughout the journey. Whether you are relocating, participating in a breeding program, or transporting pets for other reasons, understanding\u2026","rel":"","context":"In &quot;Citizenship&quot;","block_context":{"text":"Citizenship","link":"https:\/\/relocations.io\/pt\/categoria\/europa-2\/cidadania\/"},"img":{"alt_text":"","src":"https:\/\/i0.wp.com\/relocations.io\/wp-content\/uploads\/2024\/08\/NEW-Castelos-Portugal-.jpg?fit=1200%2C600&ssl=1&resize=350%2C200","width":350,"height":200,"srcset":"https:\/\/i0.wp.com\/relocations.io\/wp-content\/uploads\/2024\/08\/NEW-Castelos-Portugal-.jpg?fit=1200%2C600&ssl=1&resize=350%2C200 1x, https:\/\/i0.wp.com\/relocations.io\/wp-content\/uploads\/2024\/08\/NEW-Castelos-Portugal-.jpg?fit=1200%2C600&ssl=1&resize=525%2C300 1.5x, https:\/\/i0.wp.com\/relocations.io\/wp-content\/uploads\/2024\/08\/NEW-Castelos-Portugal-.jpg?fit=1200%2C600&ssl=1&resize=700%2C400 2x, https:\/\/i0.wp.com\/relocations.io\/wp-content\/uploads\/2024\/08\/NEW-Castelos-Portugal-.jpg?fit=1200%2C600&ssl=1&resize=1050%2C600 3x"},"classes":[]},{"id":7374,"url":"https:\/\/relocations.io\/pt\/mercados-de-natal-magicos-explorando-a-tradicao-encantadora-da-europa\/","url_meta":{"origin":7368,"position":3},"title":"Mercados de Natal m\u00e1gicos: Explorando a tradi\u00e7\u00e3o encantadora da Europa","author":"Relocations.io","date":"Dezembro 1, 2022","format":false,"excerpt":"Experience Europe's Enchanting Christmas Markets: A Festive Tradition \u00a0 As the holiday season approaches, Europe comes alive with the enchanting allure of Christmas markets, beckoning visitors with their festive atmosphere, twinkling lights, and aromatic delights. These centuries-old traditions, deeply rooted in European culture, offer a unique and immersive experience that\u2026","rel":"","context":"In &quot;Europe&quot;","block_context":{"text":"Europe","link":"https:\/\/relocations.io\/pt\/categoria\/europa-2\/"},"img":{"alt_text":"","src":"https:\/\/i0.wp.com\/relocations.io\/wp-content\/uploads\/2022\/11\/23.jpg?fit=1200%2C675&ssl=1&resize=350%2C200","width":350,"height":200,"srcset":"https:\/\/i0.wp.com\/relocations.io\/wp-content\/uploads\/2022\/11\/23.jpg?fit=1200%2C675&ssl=1&resize=350%2C200 1x, https:\/\/i0.wp.com\/relocations.io\/wp-content\/uploads\/2022\/11\/23.jpg?fit=1200%2C675&ssl=1&resize=525%2C300 1.5x, https:\/\/i0.wp.com\/relocations.io\/wp-content\/uploads\/2022\/11\/23.jpg?fit=1200%2C675&ssl=1&resize=700%2C400 2x, https:\/\/i0.wp.com\/relocations.io\/wp-content\/uploads\/2022\/11\/23.jpg?fit=1200%2C675&ssl=1&resize=1050%2C600 3x"},"classes":[]},{"id":7406,"url":"https:\/\/relocations.io\/pt\/os-brasileiros-que-se-mudam-para-portugal-abracam-novas-oportunidades-numa-historia-comum\/","url_meta":{"origin":7368,"position":4},"title":"Brasileiros a mudarem-se para Portugal: Abra\u00e7ar Novas Oportunidades numa Hist\u00f3ria Partilhada","author":"Relocations.io","date":"Julho 1, 2023","format":false,"excerpt":"Explore os la\u00e7os hist\u00f3ricos entre o Brasil e Portugal \u00e0 medida que os brasileiros procuram novas oportunidades na terra do seu passado colonial. Com uma l\u00edngua comum e afinidade cultural, Portugal oferece um ambiente acolhedor para os brasileiros prosperarem em diversos sectores, desde a tecnologia ao turismo.","rel":"","context":"In &quot;Europe&quot;","block_context":{"text":"Europe","link":"https:\/\/relocations.io\/pt\/categoria\/europa-2\/"},"img":{"alt_text":"","src":"https:\/\/i0.wp.com\/relocations.io\/wp-content\/uploads\/2022\/11\/36.jpg?fit=1200%2C675&ssl=1&resize=350%2C200","width":350,"height":200,"srcset":"https:\/\/i0.wp.com\/relocations.io\/wp-content\/uploads\/2022\/11\/36.jpg?fit=1200%2C675&ssl=1&resize=350%2C200 1x, https:\/\/i0.wp.com\/relocations.io\/wp-content\/uploads\/2022\/11\/36.jpg?fit=1200%2C675&ssl=1&resize=525%2C300 1.5x, https:\/\/i0.wp.com\/relocations.io\/wp-content\/uploads\/2022\/11\/36.jpg?fit=1200%2C675&ssl=1&resize=700%2C400 2x, https:\/\/i0.wp.com\/relocations.io\/wp-content\/uploads\/2022\/11\/36.jpg?fit=1200%2C675&ssl=1&resize=1050%2C600 3x"},"classes":[]},{"id":7414,"url":"https:\/\/relocations.io\/pt\/bonjour-france-navegar-nas-diferencas-culturais-e-nas-oportunidades-de-relocalizacao\/","url_meta":{"origin":7368,"position":5},"title":"Bonjour France: Navegar pelas diferen\u00e7as culturais e pelas oportunidades de relocaliza\u00e7\u00e3o","author":"Relocations.io","date":"Abril 1, 2024","format":false,"excerpt":"Descubra os meandros de uma mudan\u00e7a para Fran\u00e7a, desde as diferen\u00e7as culturais at\u00e9 \u00e0s oportunidades de trabalho e de reforma. Com um mercado de trabalho din\u00e2mico e cen\u00e1rios de reforma id\u00edlicos, a Fran\u00e7a oferece aos expatriados uma mistura \u00fanica de charme do velho mundo e comodidades modernas para uma vida plena no estrangeiro.","rel":"","context":"In &quot;Europe&quot;","block_context":{"text":"Europe","link":"https:\/\/relocations.io\/pt\/categoria\/europa-2\/"},"img":{"alt_text":"","src":"https:\/\/i0.wp.com\/relocations.io\/wp-content\/uploads\/2024\/02\/fr-b1.png?fit=1200%2C675&ssl=1&resize=350%2C200","width":350,"height":200,"srcset":"https:\/\/i0.wp.com\/relocations.io\/wp-content\/uploads\/2024\/02\/fr-b1.png?fit=1200%2C675&ssl=1&resize=350%2C200 1x, https:\/\/i0.wp.com\/relocations.io\/wp-content\/uploads\/2024\/02\/fr-b1.png?fit=1200%2C675&ssl=1&resize=525%2C300 1.5x, https:\/\/i0.wp.com\/relocations.io\/wp-content\/uploads\/2024\/02\/fr-b1.png?fit=1200%2C675&ssl=1&resize=700%2C400 2x, https:\/\/i0.wp.com\/relocations.io\/wp-content\/uploads\/2024\/02\/fr-b1.png?fit=1200%2C675&ssl=1&resize=1050%2C600 3x"},"classes":[]}],"jetpack_sharing_enabled":true,"_links":{"self":[{"href":"https:\/\/relocations.io\/pt\/wp-json\/wp\/v2\/posts\/7368","targetHints":{"allow":["GET"]}}],"collection":[{"href":"https:\/\/relocations.io\/pt\/wp-json\/wp\/v2\/posts"}],"about":[{"href":"https:\/\/relocations.io\/pt\/wp-json\/wp\/v2\/types\/post"}],"author":[{"embeddable":true,"href":"https:\/\/relocations.io\/pt\/wp-json\/wp\/v2\/users\/2"}],"replies":[{"embeddable":true,"href":"https:\/\/relocations.io\/pt\/wp-json\/wp\/v2\/comments?post=7368"}],"version-history":[{"count":0,"href":"https:\/\/relocations.io\/pt\/wp-json\/wp\/v2\/posts\/7368\/revisions"}],"wp:featuredmedia":[{"embeddable":true,"href":"https:\/\/relocations.io\/pt\/wp-json\/wp\/v2\/media\/8755"}],"wp:attachment":[{"href":"https:\/\/relocations.io\/pt\/wp-json\/wp\/v2\/media?parent=7368"}],"wp:term":[{"taxonomy":"category","embeddable":true,"href":"https:\/\/relocations.io\/pt\/wp-json\/wp\/v2\/categories?post=7368"},{"taxonomy":"post_tag","embeddable":true,"href":"https:\/\/relocations.io\/pt\/wp-json\/wp\/v2\/tags?post=7368"}],"curies":[{"name":"wp","href":"https:\/\/api.w.org\/{rel}","templated":true}]}}