{"id":9038,"date":"2024-08-27T10:00:00","date_gmt":"2024-08-27T09:00:00","guid":{"rendered":"https:\/\/relocations.io\/?p=9038"},"modified":"2024-09-06T11:05:47","modified_gmt":"2024-09-06T10:05:47","slug":"nouveaux-vols-directs-de-montreal-a-porto","status":"publish","type":"post","link":"https:\/\/relocations.io\/fr\/nouveaux-vols-directs-de-montreal-a-porto\/","title":{"rendered":"De nouveaux vols directs vers le Canada stimulent le tourisme entre le Portugal et le Canada"},"content":{"rendered":"<div data-elementor-type=\"wp-post\" data-elementor-id=\"9038\" class=\"elementor elementor-9038\" data-elementor-settings=\"{&quot;ha_cmc_init_switcher&quot;:&quot;no&quot;}\" data-elementor-post-type=\"post\">\n\t\t\t\t<div class=\"elementor-element elementor-element-63fbe57f e-flex e-con-boxed e-con e-parent\" data-id=\"63fbe57f\" data-element_type=\"container\" data-settings=\"{&quot;_ha_eqh_enable&quot;:false}\">\n\t\t\t\t\t<div class=\"e-con-inner\">\n\t\t\t\t<div class=\"elementor-element elementor-element-77b2f4a elementor-widget elementor-widget-heading\" data-id=\"77b2f4a\" data-element_type=\"widget\" data-widget_type=\"heading.default\">\n\t\t\t\t<div class=\"elementor-widget-container\">\n\t\t\t\t\t<h2 class=\"elementor-heading-title elementor-size-default\">Nouveaux vols directs de Montr\u00e9al \u00e0 Porto annonc\u00e9s pour 2025<\/h2>\t\t\t\t<\/div>\n\t\t\t\t<\/div>\n\t\t\t\t<div class=\"elementor-element elementor-element-fc39a82 elementor-widget elementor-widget-text-editor\" data-id=\"fc39a82\" data-element_type=\"widget\" data-widget_type=\"text-editor.default\">\n\t\t\t\t<div class=\"elementor-widget-container\">\n\t\t\t\t\t\t\t\t\t\n<p>Turismo de Portugal a annonc\u00e9 une nouvelle liaison directe entre Montr\u00e9al et Porto, assur\u00e9e par Air Canada. \u00c0 partir de <a href=\"https:\/\/relocations.io\/portugal-top-beaches-your-ultimate-guide\/\">\u00e9t\u00e9 2025<\/a>Le premier vol direct d'Air Canada \u00e0 destination de Porto et son troisi\u00e8me vol au Portugal seront assur\u00e9s sur cette liaison saisonni\u00e8re \u00e0 raison de quatre vols par semaine.<\/p>\n\n<p>Cette liaison est le fruit des efforts conjoints de Turismo de Portugal, ANA Aeroportos, Turismo do Porto e Norte de Portugal et Air Canada. Elle vise \u00e0 renforcer les liens touristiques et \u00e0 cr\u00e9er de nouvelles opportunit\u00e9s commerciales entre le Portugal et le Canada. Selon Turismo de Portugal, Air Canada est un partenaire cl\u00e9 dans l'expansion des options de voyage a\u00e9rien \u00e0 partir du Canada.<\/p>\n\n<p>Carlos Abade, pr\u00e9sident de <a href=\"https:\/\/www.turismodeportugal.pt\/pt\/Noticias\/Paginas\/air-canada-com-quatro-ligacoes-semanais-entre-montreal-porto-verao-2025.aspx\">Turismo de Portugal<\/a>La Commission europ\u00e9enne, par l'interm\u00e9diaire de la Commission europ\u00e9enne, souligne que cette collaboration s'inscrit dans le cadre d'une strat\u00e9gie visant \u00e0 diversifier les march\u00e9s qui envoient des touristes au Portugal. Elle vise \u00e9galement \u00e0 r\u00e9partir le tourisme sur l'ensemble du territoire portugais tout au long de l'ann\u00e9e, en r\u00e9duisant la congestion dans les zones les plus fr\u00e9quent\u00e9es.<\/p>\n\n<div class=\"wp-block-spacer\" style=\"height: 32px;\" aria-hidden=\"true\">\u00a0<\/div>\n<div class=\"wp-block-image\">\n<figure class=\"aligncenter size-large\"><img fetchpriority=\"high\" decoding=\"async\" data-recalc-dims=\"1\" height=\"512\" width=\"1024\" class=\"wp-image-9040\" src=\"https:\/\/i0.wp.com\/relocations.io\/wp-content\/uploads\/2024\/08\/Montreal-to-Porto.jpg?resize=1024%2C512&#038;ssl=1\" alt=\"Cette collaboration s&#039;inscrit dans le cadre d&#039;une strat\u00e9gie visant \u00e0 diversifier les march\u00e9s qui envoient des touristes au Portugal. Elle vise \u00e9galement \u00e0 r\u00e9partir le tourisme sur l&#039;ensemble du territoire portugais tout au long de l&#039;ann\u00e9e, en r\u00e9duisant l&#039;encombrement des zones les plus fr\u00e9quent\u00e9es.\" srcset=\"https:\/\/i0.wp.com\/relocations.io\/wp-content\/uploads\/2024\/08\/Montreal-to-Porto.jpg?w=1920&amp;ssl=1 1920w, https:\/\/i0.wp.com\/relocations.io\/wp-content\/uploads\/2024\/08\/Montreal-to-Porto.jpg?resize=300%2C150&amp;ssl=1 300w, https:\/\/i0.wp.com\/relocations.io\/wp-content\/uploads\/2024\/08\/Montreal-to-Porto.jpg?resize=1024%2C512&amp;ssl=1 1024w, https:\/\/i0.wp.com\/relocations.io\/wp-content\/uploads\/2024\/08\/Montreal-to-Porto.jpg?resize=768%2C384&amp;ssl=1 768w, https:\/\/i0.wp.com\/relocations.io\/wp-content\/uploads\/2024\/08\/Montreal-to-Porto.jpg?resize=1536%2C768&amp;ssl=1 1536w, https:\/\/i0.wp.com\/relocations.io\/wp-content\/uploads\/2024\/08\/Montreal-to-Porto.jpg?resize=18%2C9&amp;ssl=1 18w, https:\/\/i0.wp.com\/relocations.io\/wp-content\/uploads\/2024\/08\/Montreal-to-Porto.jpg?resize=640%2C320&amp;ssl=1 640w, https:\/\/i0.wp.com\/relocations.io\/wp-content\/uploads\/2024\/08\/Montreal-to-Porto.jpg?resize=50%2C25&amp;ssl=1 50w, https:\/\/i0.wp.com\/relocations.io\/wp-content\/uploads\/2024\/08\/Montreal-to-Porto.jpg?resize=100%2C50&amp;ssl=1 100w, https:\/\/i0.wp.com\/relocations.io\/wp-content\/uploads\/2024\/08\/Montreal-to-Porto.jpg?resize=600%2C300&amp;ssl=1 600w\" sizes=\"(max-width: 1024px) 100vw, 1024px\" \/><\/figure>\n<\/div>\n<div class=\"wp-block-spacer\" style=\"height: 33px;\" aria-hidden=\"true\">\u00a0<\/div>\n\n<h4 id=\"h-canadian-tourism-to-portugal-shows-strong-growth\" class=\"wp-block-heading\"><strong>Le tourisme canadien au Portugal affiche une forte croissance<\/strong><\/h4>\n\n<p>Le march\u00e9 canadien a enregistr\u00e9 une croissance significative du tourisme au Portugal. En 2023, le Canada se classera au 10e rang pour les nuit\u00e9es et au 9e rang pour le nombre d'invit\u00e9s au Portugal. <a href=\"https:\/\/relocations.io\/moving-from-canada-to-portugal-a-comprehensive-guide\/\">Canadien<\/a> ont repr\u00e9sent\u00e9 2,7% des nuit\u00e9es et 3,3% du nombre total d'h\u00f4tes. Par rapport \u00e0 2022, les nuit\u00e9es des Canadiens ont augment\u00e9 de 56,9%. Le nombre d'h\u00f4tes canadiens a augment\u00e9 de 54,5%, pour atteindre 593 000.<\/p>\n\n<p>Ces nouveaux vols directs entre Montr\u00e9al et Porto constituent une impulsion strat\u00e9gique pour la connectivit\u00e9 et le tourisme entre le Canada et le Portugal. Cette liaison renforcera les liens \u00e9conomiques et culturels entre les deux pays. Elle attirera davantage de touristes canadiens au Portugal et favorisera le tourisme r\u00e9gional. Cette initiative soutient une croissance plus large du tourisme et favorise l'\u00e9tablissement de liens culturels et commerciaux plus \u00e9troits. Dans l'ensemble, elle renforce consid\u00e9rablement les relations entre le Canada et le Portugal.<\/p>\n\t\t\t\t\t\t\t\t<\/div>\n\t\t\t\t<\/div>\n\t\t\t\t\t<\/div>\n\t\t\t\t<\/div>\n\t\t\t\t<\/div>","protected":false},"excerpt":{"rendered":"<p>Air Canada propose une nouvelle liaison a\u00e9rienne directe entre Montr\u00e9al (Canada) et Porto (Portugal). Ce service offre une option de voyage pratique aux touristes et \u00e0 la communaut\u00e9 portugaise du Canada. Il met en \u00e9vidence les avantages du vol direct, notamment le gain de temps et l'am\u00e9lioration du confort de voyage, et promeut \u00e9galement Porto en tant que destination attrayante avec ses sites historiques et sa riche culture.<\/p>","protected":false},"author":2,"featured_media":9039,"comment_status":"closed","ping_status":"closed","sticky":false,"template":"","format":"standard","meta":{"_jetpack_memberships_contains_paid_content":false,"footnotes":""},"categories":[165,147,60,146,61,68],"tags":[129,166,93,70,92],"class_list":["post-9038","post","type-post","status-publish","format-standard","has-post-thumbnail","hentry","category-canada","category-cultural-activities","category-europe","category-national-holidays","category-portugal","category-relocations-io","tag-canada-to-portugal","tag-flights-to-portugal","tag-holidays","tag-moving-to-europe","tag-portugal"],"jetpack_featured_media_url":"https:\/\/i0.wp.com\/relocations.io\/wp-content\/uploads\/2024\/08\/New-Flights.jpg?fit=1920%2C960&ssl=1","jetpack-related-posts":[{"id":7406,"url":"https:\/\/relocations.io\/fr\/les-bresiliens-qui-sinstallent-au-portugal-saisissent-de-nouvelles-opportunites-dans-le-cadre-dune-histoire-commune\/","url_meta":{"origin":9038,"position":0},"title":"Les Br\u00e9siliens s'installent au Portugal : Saisir de nouvelles opportunit\u00e9s dans le cadre d'une histoire commune","author":"Relocations.io","date":"juillet 1, 2023","format":false,"excerpt":"Explorez les liens historiques entre le Br\u00e9sil et le Portugal, alors que les Br\u00e9siliens cherchent de nouvelles opportunit\u00e9s dans le pays de leur pass\u00e9 colonial. Avec une langue et des affinit\u00e9s culturelles communes, le Portugal offre un environnement accueillant pour les Br\u00e9siliens qui peuvent prosp\u00e9rer dans divers secteurs, de la technologie au tourisme.","rel":"","context":"Dans &quot;Europe&quot;","block_context":{"text":"Europe","link":"https:\/\/relocations.io\/fr\/categorie\/leurope\/"},"img":{"alt_text":"","src":"https:\/\/i0.wp.com\/relocations.io\/wp-content\/uploads\/2022\/11\/36.jpg?fit=1200%2C675&ssl=1&resize=350%2C200","width":350,"height":200,"srcset":"https:\/\/i0.wp.com\/relocations.io\/wp-content\/uploads\/2022\/11\/36.jpg?fit=1200%2C675&ssl=1&resize=350%2C200 1x, https:\/\/i0.wp.com\/relocations.io\/wp-content\/uploads\/2022\/11\/36.jpg?fit=1200%2C675&ssl=1&resize=525%2C300 1.5x, https:\/\/i0.wp.com\/relocations.io\/wp-content\/uploads\/2022\/11\/36.jpg?fit=1200%2C675&ssl=1&resize=700%2C400 2x, https:\/\/i0.wp.com\/relocations.io\/wp-content\/uploads\/2022\/11\/36.jpg?fit=1200%2C675&ssl=1&resize=1050%2C600 3x"},"classes":[]},{"id":8107,"url":"https:\/\/relocations.io\/fr\/portugal-2024-celebre-la-tradition-de-la-fete-nationale\/","url_meta":{"origin":9038,"position":1},"title":"Explorer les 2024 f\u00eates nationales du Portugal : Guide des c\u00e9l\u00e9brations culturelles","author":"Relocations.io","date":"ao\u00fbt 12, 2024","format":false,"excerpt":"Les 2024 jours f\u00e9ri\u00e9s nationaux du Portugal offrent une riche exp\u00e9rience de sa culture, de son histoire et de ses traditions. Les principaux jours f\u00e9ri\u00e9s sont le jour de l'an, le carnaval, la f\u00eate de la libert\u00e9, la f\u00eate du Portugal et No\u00ebl. Chaque jour f\u00e9ri\u00e9 donne lieu \u00e0 des c\u00e9l\u00e9brations uniques, qu'il s'agisse de d\u00e9fil\u00e9s, de c\u00e9r\u00e9monies religieuses, de rassemblements familiaux ou d'\u00e9v\u00e9nements publics, qui donnent un aper\u00e7u de la vie portugaise.","rel":"","context":"Dans &quot;Cultural Activities&quot;","block_context":{"text":"Cultural Activities","link":"https:\/\/relocations.io\/fr\/categorie\/leurope\/les-activites-culturelles\/"},"img":{"alt_text":"","src":"https:\/\/i0.wp.com\/relocations.io\/wp-content\/uploads\/2024\/08\/18-1.jpg?fit=1200%2C675&ssl=1&resize=350%2C200","width":350,"height":200,"srcset":"https:\/\/i0.wp.com\/relocations.io\/wp-content\/uploads\/2024\/08\/18-1.jpg?fit=1200%2C675&ssl=1&resize=350%2C200 1x, https:\/\/i0.wp.com\/relocations.io\/wp-content\/uploads\/2024\/08\/18-1.jpg?fit=1200%2C675&ssl=1&resize=525%2C300 1.5x, https:\/\/i0.wp.com\/relocations.io\/wp-content\/uploads\/2024\/08\/18-1.jpg?fit=1200%2C675&ssl=1&resize=700%2C400 2x, https:\/\/i0.wp.com\/relocations.io\/wp-content\/uploads\/2024\/08\/18-1.jpg?fit=1200%2C675&ssl=1&resize=1050%2C600 3x"},"classes":[]},{"id":7427,"url":"https:\/\/relocations.io\/fr\/votre-guide-sur-les-exigences-en-matiere-de-visa-et-de-citoyennete-au-portugal-naviguer-sur-le-chemin-dune-nouvelle-vie\/","url_meta":{"origin":9038,"position":2},"title":"Votre guide des exigences en mati\u00e8re de visa et de citoyennet\u00e9 au Portugal : Naviguer sur le chemin d'une nouvelle vie","author":"Relocations.io","date":"juin 1, 2024","format":false,"excerpt":"D\u00e9couvrez les \u00e9tapes essentielles de l'installation au Portugal, des exigences en mati\u00e8re de visa aux proc\u00e9dures de citoyennet\u00e9. Notre guide simplifie le processus et garantit une transition en douceur vers votre nouvelle vie dans ce pays captivant.","rel":"","context":"Dans &quot;Europe&quot;","block_context":{"text":"Europe","link":"https:\/\/relocations.io\/fr\/categorie\/leurope\/"},"img":{"alt_text":"","src":"https:\/\/i0.wp.com\/relocations.io\/wp-content\/uploads\/2022\/11\/41.jpg?fit=1200%2C675&ssl=1&resize=350%2C200","width":350,"height":200,"srcset":"https:\/\/i0.wp.com\/relocations.io\/wp-content\/uploads\/2022\/11\/41.jpg?fit=1200%2C675&ssl=1&resize=350%2C200 1x, https:\/\/i0.wp.com\/relocations.io\/wp-content\/uploads\/2022\/11\/41.jpg?fit=1200%2C675&ssl=1&resize=525%2C300 1.5x, https:\/\/i0.wp.com\/relocations.io\/wp-content\/uploads\/2022\/11\/41.jpg?fit=1200%2C675&ssl=1&resize=700%2C400 2x, https:\/\/i0.wp.com\/relocations.io\/wp-content\/uploads\/2022\/11\/41.jpg?fit=1200%2C675&ssl=1&resize=1050%2C600 3x"},"classes":[]},{"id":7845,"url":"https:\/\/relocations.io\/fr\/demenager-du-canada-au-portugal-un-guide-complet\/","url_meta":{"origin":9038,"position":3},"title":"D\u00e9m\u00e9nager du Canada au Portugal : Un guide complet","author":"Relocations.io","date":"janvier 2, 2024","format":false,"excerpt":"D\u00e9m\u00e9nager du Canada au Portugal peut \u00eatre un voyage enrichissant et satisfaisant. Les avantages fiscaux uniques du Portugal, sa qualit\u00e9 de vie \u00e9lev\u00e9e et sa culture accueillante en font une destination attrayante pour les Canadiens \u00e0 la recherche d'un nouveau d\u00e9part.","rel":"","context":"Dans &quot;Europe&quot;","block_context":{"text":"Europe","link":"https:\/\/relocations.io\/fr\/categorie\/leurope\/"},"img":{"alt_text":"","src":"https:\/\/i0.wp.com\/relocations.io\/wp-content\/uploads\/2024\/01\/Moving-Canada-To-Portugal.jpg?fit=1200%2C675&ssl=1&resize=350%2C200","width":350,"height":200,"srcset":"https:\/\/i0.wp.com\/relocations.io\/wp-content\/uploads\/2024\/01\/Moving-Canada-To-Portugal.jpg?fit=1200%2C675&ssl=1&resize=350%2C200 1x, https:\/\/i0.wp.com\/relocations.io\/wp-content\/uploads\/2024\/01\/Moving-Canada-To-Portugal.jpg?fit=1200%2C675&ssl=1&resize=525%2C300 1.5x, https:\/\/i0.wp.com\/relocations.io\/wp-content\/uploads\/2024\/01\/Moving-Canada-To-Portugal.jpg?fit=1200%2C675&ssl=1&resize=700%2C400 2x, https:\/\/i0.wp.com\/relocations.io\/wp-content\/uploads\/2024\/01\/Moving-Canada-To-Portugal.jpg?fit=1200%2C675&ssl=1&resize=1050%2C600 3x"},"classes":[]},{"id":7368,"url":"https:\/\/relocations.io\/fr\/laction-de-grace-en-europe\/","url_meta":{"origin":9038,"position":4},"title":"Thanksgiving en Europe","author":"Relocations.io","date":"novembre 1, 2022","format":false,"excerpt":"Malgr\u00e9 ses racines historiques, Thanksgiving n'a pas \u00e9t\u00e9 adopt\u00e9 comme f\u00eate g\u00e9n\u00e9ralis\u00e9e en Europe.","rel":"","context":"Dans &quot;Europe&quot;","block_context":{"text":"Europe","link":"https:\/\/relocations.io\/fr\/categorie\/leurope\/"},"img":{"alt_text":"","src":"https:\/\/i0.wp.com\/relocations.io\/wp-content\/uploads\/2022\/11\/21.jpg?fit=1200%2C675&ssl=1&resize=350%2C200","width":350,"height":200,"srcset":"https:\/\/i0.wp.com\/relocations.io\/wp-content\/uploads\/2022\/11\/21.jpg?fit=1200%2C675&ssl=1&resize=350%2C200 1x, https:\/\/i0.wp.com\/relocations.io\/wp-content\/uploads\/2022\/11\/21.jpg?fit=1200%2C675&ssl=1&resize=525%2C300 1.5x, https:\/\/i0.wp.com\/relocations.io\/wp-content\/uploads\/2022\/11\/21.jpg?fit=1200%2C675&ssl=1&resize=700%2C400 2x, https:\/\/i0.wp.com\/relocations.io\/wp-content\/uploads\/2022\/11\/21.jpg?fit=1200%2C675&ssl=1&resize=1050%2C600 3x"},"classes":[]},{"id":8832,"url":"https:\/\/relocations.io\/fr\/visa-de-demandeur-demploi-portugais\/","url_meta":{"origin":9038,"position":5},"title":"Visa de demandeur d'emploi pour le Portugal : Votre porte d'entr\u00e9e pour travailler au Portugal","author":"Relocations.io","date":"ao\u00fbt 16, 2024","format":false,"excerpt":"Discover how to navigate the Portugal Job Seeker Visa process, including eligibility, application steps, and key benefits. Learn how relocations.io can streamline your job search and relocation to Portugal, providing expert guidance on visa applications, document preparation, and local job markets. Get valuable insights on making a smooth transition to\u2026","rel":"","context":"Dans &quot;Citizenship&quot;","block_context":{"text":"Citizenship","link":"https:\/\/relocations.io\/fr\/categorie\/leurope\/la-citoyennete\/"},"img":{"alt_text":"","src":"https:\/\/i0.wp.com\/relocations.io\/wp-content\/uploads\/2024\/08\/6-3.jpg?fit=1200%2C600&ssl=1&resize=350%2C200","width":350,"height":200,"srcset":"https:\/\/i0.wp.com\/relocations.io\/wp-content\/uploads\/2024\/08\/6-3.jpg?fit=1200%2C600&ssl=1&resize=350%2C200 1x, https:\/\/i0.wp.com\/relocations.io\/wp-content\/uploads\/2024\/08\/6-3.jpg?fit=1200%2C600&ssl=1&resize=525%2C300 1.5x, https:\/\/i0.wp.com\/relocations.io\/wp-content\/uploads\/2024\/08\/6-3.jpg?fit=1200%2C600&ssl=1&resize=700%2C400 2x, https:\/\/i0.wp.com\/relocations.io\/wp-content\/uploads\/2024\/08\/6-3.jpg?fit=1200%2C600&ssl=1&resize=1050%2C600 3x"},"classes":[]}],"jetpack_sharing_enabled":true,"_links":{"self":[{"href":"https:\/\/relocations.io\/fr\/wp-json\/wp\/v2\/posts\/9038","targetHints":{"allow":["GET"]}}],"collection":[{"href":"https:\/\/relocations.io\/fr\/wp-json\/wp\/v2\/posts"}],"about":[{"href":"https:\/\/relocations.io\/fr\/wp-json\/wp\/v2\/types\/post"}],"author":[{"embeddable":true,"href":"https:\/\/relocations.io\/fr\/wp-json\/wp\/v2\/users\/2"}],"replies":[{"embeddable":true,"href":"https:\/\/relocations.io\/fr\/wp-json\/wp\/v2\/comments?post=9038"}],"version-history":[{"count":0,"href":"https:\/\/relocations.io\/fr\/wp-json\/wp\/v2\/posts\/9038\/revisions"}],"wp:featuredmedia":[{"embeddable":true,"href":"https:\/\/relocations.io\/fr\/wp-json\/wp\/v2\/media\/9039"}],"wp:attachment":[{"href":"https:\/\/relocations.io\/fr\/wp-json\/wp\/v2\/media?parent=9038"}],"wp:term":[{"taxonomy":"category","embeddable":true,"href":"https:\/\/relocations.io\/fr\/wp-json\/wp\/v2\/categories?post=9038"},{"taxonomy":"post_tag","embeddable":true,"href":"https:\/\/relocations.io\/fr\/wp-json\/wp\/v2\/tags?post=9038"}],"curies":[{"name":"wp","href":"https:\/\/api.w.org\/{rel}","templated":true}]}}