{"id":8847,"date":"2024-06-06T10:00:00","date_gmt":"2024-06-06T09:00:00","guid":{"rendered":"https:\/\/relocations.io\/?p=8847"},"modified":"2024-09-06T11:37:28","modified_gmt":"2024-09-06T10:37:28","slug":"fin-de-lexpression-dintention-du-portugal","status":"publish","type":"post","link":"https:\/\/relocations.io\/fr\/fin-de-lexpression-dintention-du-portugal\/","title":{"rendered":"Fin de la d\u00e9claration d'intention du Portugal : Explication des nouvelles r\u00e8gles en mati\u00e8re d'immigration"},"content":{"rendered":"<div data-elementor-type=\"wp-post\" data-elementor-id=\"8847\" class=\"elementor elementor-8847\" data-elementor-settings=\"{&quot;ha_cmc_init_switcher&quot;:&quot;no&quot;}\" data-elementor-post-type=\"post\">\n\t\t\t\t<div class=\"elementor-element elementor-element-6aa0af5a e-flex e-con-boxed e-con e-parent\" data-id=\"6aa0af5a\" data-element_type=\"container\" data-settings=\"{&quot;_ha_eqh_enable&quot;:false}\">\n\t\t\t\t\t<div class=\"e-con-inner\">\n\t\t\t\t<div class=\"elementor-element elementor-element-6d12189 elementor-widget elementor-widget-heading\" data-id=\"6d12189\" data-element_type=\"widget\" data-widget_type=\"heading.default\">\n\t\t\t\t<div class=\"elementor-widget-container\">\n\t\t\t\t\t<h2 class=\"elementor-heading-title elementor-size-default\">Immigration simplifi\u00e9e au Portugal : Ce que signifie la fin de l'expression d'intention<\/h2>\t\t\t\t<\/div>\n\t\t\t\t<\/div>\n\t\t\t\t<div class=\"elementor-element elementor-element-358f7c98 elementor-widget elementor-widget-text-editor\" data-id=\"358f7c98\" data-element_type=\"widget\" data-widget_type=\"text-editor.default\">\n\t\t\t\t<div class=\"elementor-widget-container\">\n\t\t\t\t\t\t\t\t\t\n<p><br \/>Les r\u00e9centes modifications apport\u00e9es \u00e0 la proc\u00e9dure d'immigration au Portugal marquent un changement important. Le gouvernement a mis fin \u00e0 la proc\u00e9dure d'expression d'intention (EOI), une mesure qui concerne les personnes qui envisagent de s'installer au Portugal. Cette mise \u00e0 jour vise \u00e0 am\u00e9liorer l'efficacit\u00e9 du syst\u00e8me d'immigration.<\/p>\n\n<div class=\"wp-block-spacer\" style=\"height: 33px;\" aria-hidden=\"true\">\u00a0<\/div>\n\n<h5 id=\"h-understanding-the-old-expression-of-intention-system\" class=\"wp-block-heading\"><strong>Comprendre l'ancien syst\u00e8me d'expression des intentions<\/strong><\/h5>\n\n<p>Auparavant, la proc\u00e9dure d'expression d'intention permettait aux citoyens non europ\u00e9ens d'entrer au Portugal avec un visa de tourisme et de demander un permis de s\u00e9jour. Ils pouvaient rester dans le pays tout en cherchant un emploi et finir par obtenir un permis de s\u00e9jour apr\u00e8s avoir rempli certaines conditions, telles que 12 mois de cotisations \u00e0 la s\u00e9curit\u00e9 sociale.<\/p>\n\n<div class=\"wp-block-spacer\" style=\"height: 33px;\" aria-hidden=\"true\">\u00a0<\/div>\n<div class=\"wp-block-image\">\n<figure class=\"aligncenter size-large\"><img fetchpriority=\"high\" decoding=\"async\" data-recalc-dims=\"1\" height=\"512\" width=\"1024\" class=\"wp-image-8849\" src=\"https:\/\/i0.wp.com\/relocations.io\/wp-content\/uploads\/2024\/08\/4-5.jpg?resize=1024%2C512&#038;ssl=1\" alt=\"Le gouvernement portugais a mis fin \u00e0 la proc\u00e9dure de manifestation d&#039;int\u00e9r\u00eat afin de rationaliser le syst\u00e8me d&#039;immigration. Les nouvelles r\u00e8gles exigent que les demandeurs obtiennent un contrat de travail avant de d\u00e9poser une demande de permis de s\u00e9jour aupr\u00e8s d&#039;un consulat portugais dans leur pays d&#039;origine. Ce changement s&#039;inscrit dans le cadre d&#039;un effort plus large visant \u00e0 r\u00e9duire les retards et \u00e0 rendre le processus de demande de r\u00e9sidence plus efficace.\" srcset=\"https:\/\/i0.wp.com\/relocations.io\/wp-content\/uploads\/2024\/08\/4-5.jpg?w=1920&amp;ssl=1 1920w, https:\/\/i0.wp.com\/relocations.io\/wp-content\/uploads\/2024\/08\/4-5.jpg?resize=300%2C150&amp;ssl=1 300w, https:\/\/i0.wp.com\/relocations.io\/wp-content\/uploads\/2024\/08\/4-5.jpg?resize=1024%2C512&amp;ssl=1 1024w, https:\/\/i0.wp.com\/relocations.io\/wp-content\/uploads\/2024\/08\/4-5.jpg?resize=768%2C384&amp;ssl=1 768w, https:\/\/i0.wp.com\/relocations.io\/wp-content\/uploads\/2024\/08\/4-5.jpg?resize=1536%2C768&amp;ssl=1 1536w, https:\/\/i0.wp.com\/relocations.io\/wp-content\/uploads\/2024\/08\/4-5.jpg?resize=18%2C9&amp;ssl=1 18w, https:\/\/i0.wp.com\/relocations.io\/wp-content\/uploads\/2024\/08\/4-5.jpg?resize=640%2C320&amp;ssl=1 640w, https:\/\/i0.wp.com\/relocations.io\/wp-content\/uploads\/2024\/08\/4-5.jpg?resize=50%2C25&amp;ssl=1 50w, https:\/\/i0.wp.com\/relocations.io\/wp-content\/uploads\/2024\/08\/4-5.jpg?resize=100%2C50&amp;ssl=1 100w, https:\/\/i0.wp.com\/relocations.io\/wp-content\/uploads\/2024\/08\/4-5.jpg?resize=600%2C300&amp;ssl=1 600w\" sizes=\"(max-width: 1024px) 100vw, 1024px\" \/><\/figure>\n<\/div>\n<div class=\"wp-block-spacer\" style=\"height: 33px;\" aria-hidden=\"true\">\u00a0<\/div>\n\n<h5 id=\"h-why-portugal-ended-the-expression-of-intention\" class=\"wp-block-heading\"><strong>Pourquoi le Portugal a mis fin \u00e0 l'expression de l'intention<\/strong><\/h5>\n\n<p>Le gouvernement portugais a mis fin \u00e0 la proc\u00e9dure de manifestation d'int\u00e9r\u00eat afin de rationaliser le syst\u00e8me d'immigration. Les nouvelles r\u00e8gles exigent que les demandeurs obtiennent un contrat de travail avant de d\u00e9poser une demande de permis de s\u00e9jour aupr\u00e8s d'un consulat portugais dans leur pays d'origine. Ce changement s'inscrit dans le cadre d'un effort plus large visant \u00e0 r\u00e9duire les retards et \u00e0 rendre le processus de demande de r\u00e9sidence plus efficace.<\/p>\n\n<div class=\"wp-block-spacer\" style=\"height: 33px;\" aria-hidden=\"true\">\u00a0<\/div>\n\n<h5 id=\"h-what-is-a-residence-permit-in-portugal\" class=\"wp-block-heading\"><strong>Qu'est-ce qu'un permis de s\u00e9jour au Portugal ?<\/strong><\/h5>\n\n<p>Un permis de s\u00e9jour permet aux citoyens non europ\u00e9ens de vivre l\u00e9galement au Portugal pendant une p\u00e9riode prolong\u00e9e. Ces permis sont essentiels pour ceux qui souhaitent travailler, \u00e9tudier ou vivre \u00e0 long terme dans le pays. Les diff\u00e9rents types de permis r\u00e9pondent \u00e0 des besoins divers, notamment en mati\u00e8re d'emploi, de regroupement familial, etc.<\/p>\n\n<div class=\"wp-block-spacer\" style=\"height: 33px;\" aria-hidden=\"true\">\u00a0<\/div>\n\n<h5 id=\"h-steps-to-obtain-a-residence-permit\" class=\"wp-block-heading\"><strong>Marche \u00e0 suivre pour obtenir un permis de s\u00e9jour<\/strong><\/h5>\n\n<p>Pour obtenir un permis de s\u00e9jour, les ressortissants de pays tiers doivent d'abord obtenir un visa correspondant \u00e0 l'objet de leur s\u00e9jour, tel qu'un visa de travail ou d'\u00e9tudes. Ils doivent ensuite pr\u00e9senter les documents n\u00e9cessaires, comme un extrait de casier judiciaire, au consulat portugais de leur pays d'origine. Une fois au Portugal, ils peuvent demander leur premier permis de s\u00e9jour aupr\u00e8s de l'AIMA (anciennement SEF), qui supervise le processus d'int\u00e9gration l\u00e9gale.<\/p>\n\n<div class=\"wp-block-spacer\" style=\"height: 33px;\" aria-hidden=\"true\">\u00a0<\/div>\n\n<h5 id=\"h-the-role-of-employment-contracts\" class=\"wp-block-heading\"><strong>Le r\u00f4le des contrats de travail<\/strong><\/h5>\n\n<p>Les contrats de travail sont d\u00e9sormais une condition essentielle pour la plupart des permis de s\u00e9jour. Les demandeurs doivent pr\u00e9senter un contrat de travail valide lorsqu'ils d\u00e9posent une demande de visa aupr\u00e8s d'un consulat portugais. Ce contrat doit \u00eatre conforme aux normes juridiques portugaises. La nouvelle proc\u00e9dure soutient \u00e9galement les nomades num\u00e9riques et les ind\u00e9pendants en autorisant les contrats de prestation de services.<\/p>\n\n<div class=\"wp-block-spacer\" style=\"height: 33px;\" aria-hidden=\"true\">\u00a0<\/div>\n\n<h5 id=\"h-enhancing-immigration-efficiency-in-portugal\" class=\"wp-block-heading\"><strong>Am\u00e9liorer l'efficacit\u00e9 de l'immigration au Portugal<\/strong><\/h5>\n\n<p>Le Portugal am\u00e9liore ses services consulaires, en particulier dans les pays o\u00f9 les liens avec le Portugal sont forts, afin de mieux g\u00e9rer l'afflux de demandes. Le gouvernement renforce \u00e9galement ses effectifs et am\u00e9liore les plateformes en ligne utilis\u00e9es pour le traitement des demandes d'immigration. Ces efforts visent \u00e0 r\u00e9duire consid\u00e9rablement les d\u00e9lais de traitement.<\/p>\n\n<div class=\"wp-block-spacer\" style=\"height: 33px;\" aria-hidden=\"true\">\u00a0<\/div>\n<div class=\"wp-block-image\">\n<figure class=\"aligncenter size-large\"><img decoding=\"async\" data-recalc-dims=\"1\" height=\"512\" width=\"1024\" class=\"wp-image-8850\" src=\"https:\/\/i0.wp.com\/relocations.io\/wp-content\/uploads\/2024\/08\/interest1-.jpg?resize=1024%2C512&#038;ssl=1\" alt=\"\" srcset=\"https:\/\/i0.wp.com\/relocations.io\/wp-content\/uploads\/2024\/08\/interest1-.jpg?w=1920&amp;ssl=1 1920w, https:\/\/i0.wp.com\/relocations.io\/wp-content\/uploads\/2024\/08\/interest1-.jpg?resize=300%2C150&amp;ssl=1 300w, https:\/\/i0.wp.com\/relocations.io\/wp-content\/uploads\/2024\/08\/interest1-.jpg?resize=1024%2C512&amp;ssl=1 1024w, https:\/\/i0.wp.com\/relocations.io\/wp-content\/uploads\/2024\/08\/interest1-.jpg?resize=768%2C384&amp;ssl=1 768w, https:\/\/i0.wp.com\/relocations.io\/wp-content\/uploads\/2024\/08\/interest1-.jpg?resize=1536%2C768&amp;ssl=1 1536w, https:\/\/i0.wp.com\/relocations.io\/wp-content\/uploads\/2024\/08\/interest1-.jpg?resize=18%2C9&amp;ssl=1 18w, https:\/\/i0.wp.com\/relocations.io\/wp-content\/uploads\/2024\/08\/interest1-.jpg?resize=640%2C320&amp;ssl=1 640w, https:\/\/i0.wp.com\/relocations.io\/wp-content\/uploads\/2024\/08\/interest1-.jpg?resize=50%2C25&amp;ssl=1 50w, https:\/\/i0.wp.com\/relocations.io\/wp-content\/uploads\/2024\/08\/interest1-.jpg?resize=100%2C50&amp;ssl=1 100w, https:\/\/i0.wp.com\/relocations.io\/wp-content\/uploads\/2024\/08\/interest1-.jpg?resize=600%2C300&amp;ssl=1 600w\" sizes=\"(max-width: 1024px) 100vw, 1024px\" \/><\/figure>\n<\/div>\n<div class=\"wp-block-spacer\" style=\"height: 33px;\" aria-hidden=\"true\">\u00a0<\/div>\n\n<h5 id=\"h-new-migration-action-plan\" class=\"wp-block-heading\"><strong>Nouveau plan d'action en mati\u00e8re de migration<\/strong><\/h5>\n\n<p>La nouvelle strat\u00e9gie du Portugal en mati\u00e8re d'immigration comprend<\/p>\n\n<ol class=\"wp-block-list\">\n<li>Fin de l'expression de l'intention : Rendre la proc\u00e9dure d'immigration plus efficace.<\/li>\n\n<li>Renforcer les services consulaires : Augmenter le personnel, en particulier dans les pays de la CPLP, afin d'attirer des travailleurs qualifi\u00e9s.<\/li>\n\n<li>Cr\u00e9ation d'une task force : Proposition d'embauche temporaire de 10.000 salari\u00e9s \u00e0 <a href=\"https:\/\/aima.gov.pt\/pt\">AIMA<\/a> pour acc\u00e9l\u00e9rer les demandes d'immigration.<\/li>\n\n<li>Attirer les travailleurs qualifi\u00e9s : Identifier les opportunit\u00e9s d'emploi pour les travailleurs en demande.<\/li>\n<\/ol>\n\n<h5 id=\"h-impact-on-expats\" class=\"wp-block-heading\"><strong>Impact sur les expatri\u00e9s<\/strong><\/h5>\n\n<p>Pour les expatri\u00e9s actuels au Portugal, il n'y a pas de changement de statut. Toutefois, ceux qui envisagent de s'installer au Portugal doivent d\u00e9sormais obtenir un contrat de travail avant de demander un permis de s\u00e9jour. Cette nouvelle proc\u00e9dure pourrait simplifier l'immigration, mais elle pourrait aussi accro\u00eetre la concurrence.<\/p>\n\n<p>Si vous \u00eates int\u00e9ress\u00e9 par un <a href=\"https:\/\/relocations.io\/portugals-residence-visas-a-comprehensive-guide\/\">visa de longue dur\u00e9e<\/a>La proc\u00e9dure reste la m\u00eame pour les visas d'affaires D2, les visas d'\u00e9tudes D4, les visas de revenus passifs D7 ou les visas d'or.<\/p>\n\n<div class=\"wp-block-spacer\" style=\"height: 33px;\" aria-hidden=\"true\">\u00a0<\/div>\n\n<h5 id=\"h-next-steps-for-non-eu-citizens\" class=\"wp-block-heading\"><strong>Prochaines \u00e9tapes pour les citoyens non europ\u00e9ens<\/strong><\/h5>\n\n<p>Pour s'installer au Portugal en vertu des nouvelles r\u00e8gles, les ressortissants de pays tiers doivent<\/p>\n\n<ol class=\"wp-block-list\">\n<li>Un emploi s\u00fbr : Obtenir une offre d'emploi et un contrat valables au Portugal.<\/li>\n\n<li>Prendre rendez-vous avec le consulat : Comprendre la proc\u00e9dure de demande et les exigences.<\/li>\n\n<li>Pr\u00e9parer la documentation : Rassemblez tous les documents n\u00e9cessaires, y compris les preuves de qualification et d'identification.<\/li>\n\n<li>Soumettez votre demande : D\u00e9posez votre demande de permis de s\u00e9jour en personne au consulat.<\/li>\n\n<li>Suivi : restez en contact avec le consulat pour toute mise \u00e0 jour concernant votre demande.<\/li>\n<\/ol>\n\n<p>\u00a0<\/p>\n\n<p>\u00a0<\/p>\n\n<div class=\"wp-block-media-text is-stacked-on-mobile\">\n<figure class=\"wp-block-media-text__media\"><img decoding=\"async\" width=\"425\" height=\"128\" data-recalc-dims=\"1\" class=\"wp-image-8835 size-full\" src=\"https:\/\/i0.wp.com\/relocations.io\/wp-content\/uploads\/2024\/08\/Logo-Black-Lettr-Landscape-world.png?w=1080&#038;ssl=1\" alt=\"Nous vous offrons un soutien personnalis\u00e9, nous vous aidons \u00e0 rassembler les documents n\u00e9cessaires et nous nous tenons au courant des derni\u00e8res r\u00e9glementations afin de faciliter votre transition.\" srcset=\"https:\/\/i0.wp.com\/relocations.io\/wp-content\/uploads\/2024\/08\/Logo-Black-Lettr-Landscape-world.png?w=425&amp;ssl=1 425w, https:\/\/i0.wp.com\/relocations.io\/wp-content\/uploads\/2024\/08\/Logo-Black-Lettr-Landscape-world.png?resize=300%2C90&amp;ssl=1 300w, https:\/\/i0.wp.com\/relocations.io\/wp-content\/uploads\/2024\/08\/Logo-Black-Lettr-Landscape-world.png?resize=18%2C5&amp;ssl=1 18w, https:\/\/i0.wp.com\/relocations.io\/wp-content\/uploads\/2024\/08\/Logo-Black-Lettr-Landscape-world.png?resize=50%2C15&amp;ssl=1 50w, https:\/\/i0.wp.com\/relocations.io\/wp-content\/uploads\/2024\/08\/Logo-Black-Lettr-Landscape-world.png?resize=100%2C30&amp;ssl=1 100w\" sizes=\"(max-width: 425px) 100vw, 425px\" \/><\/figure>\n<div class=\"wp-block-media-text__content\">\n<p class=\"has-text-align-center\"><a href=\"https:\/\/relocations.io\/book-a-call\/\">Relocations.io<\/a> simplifie votre d\u00e9m\u00e9nagement au Portugal en s'occupant de toutes les complexit\u00e9s du processus d'immigration. <br \/><br \/>Nous offrons un soutien personnalis\u00e9, nous vous aidons \u00e0 rassembler les documents n\u00e9cessaires et nous nous tenons au courant des derni\u00e8res r\u00e9glementations afin de faciliter votre transition. Avec Relocations.io, d\u00e9m\u00e9nager au Portugal devient une exp\u00e9rience efficace et sans tracas.<\/p>\n<\/div>\n<\/div>\n\t\t\t\t\t\t\t\t<\/div>\n\t\t\t\t<\/div>\n\t\t\t\t\t<\/div>\n\t\t\t\t<\/div>\n\t\t\t\t<\/div>","protected":false},"excerpt":{"rendered":"<p>Les r\u00e9centes modifications apport\u00e9es \u00e0 la proc\u00e9dure d'immigration au Portugal marquent un changement important. Le gouvernement a mis fin \u00e0 la proc\u00e9dure d'expression d'int\u00e9r\u00eat (EOI), une mesure qui concerne les personnes qui envisagent de s'installer au Portugal. Cette mise \u00e0 jour vise \u00e0 am\u00e9liorer l'efficacit\u00e9 du syst\u00e8me d'immigration.<\/p>","protected":false},"author":2,"featured_media":8878,"comment_status":"closed","ping_status":"closed","sticky":false,"template":"","format":"standard","meta":{"_jetpack_memberships_contains_paid_content":false,"footnotes":""},"categories":[67,60,61,68],"tags":[95,70,92,142,71,69],"class_list":["post-8847","post","type-post","status-publish","format-standard","has-post-thumbnail","hentry","category-citizenship","category-europe","category-portugal","category-relocations-io","tag-brasil","tag-moving-to-europe","tag-portugal","tag-relocate","tag-relocations","tag-relocations-io-blog"],"jetpack_featured_media_url":"https:\/\/i0.wp.com\/relocations.io\/wp-content\/uploads\/2024\/06\/intention.jpg?fit=1920%2C960&ssl=1","jetpack-related-posts":[{"id":7406,"url":"https:\/\/relocations.io\/fr\/les-bresiliens-qui-sinstallent-au-portugal-saisissent-de-nouvelles-opportunites-dans-le-cadre-dune-histoire-commune\/","url_meta":{"origin":8847,"position":0},"title":"Les Br\u00e9siliens s'installent au Portugal : Saisir de nouvelles opportunit\u00e9s dans le cadre d'une histoire commune","author":"Relocations.io","date":"juillet 1, 2023","format":false,"excerpt":"Explorez les liens historiques entre le Br\u00e9sil et le Portugal, alors que les Br\u00e9siliens cherchent de nouvelles opportunit\u00e9s dans le pays de leur pass\u00e9 colonial. Avec une langue et des affinit\u00e9s culturelles communes, le Portugal offre un environnement accueillant pour les Br\u00e9siliens qui peuvent prosp\u00e9rer dans divers secteurs, de la technologie au tourisme.","rel":"","context":"Dans &quot;Europe&quot;","block_context":{"text":"Europe","link":"https:\/\/relocations.io\/fr\/categorie\/leurope\/"},"img":{"alt_text":"","src":"https:\/\/i0.wp.com\/relocations.io\/wp-content\/uploads\/2022\/11\/36.jpg?fit=1200%2C675&ssl=1&resize=350%2C200","width":350,"height":200,"srcset":"https:\/\/i0.wp.com\/relocations.io\/wp-content\/uploads\/2022\/11\/36.jpg?fit=1200%2C675&ssl=1&resize=350%2C200 1x, https:\/\/i0.wp.com\/relocations.io\/wp-content\/uploads\/2022\/11\/36.jpg?fit=1200%2C675&ssl=1&resize=525%2C300 1.5x, https:\/\/i0.wp.com\/relocations.io\/wp-content\/uploads\/2022\/11\/36.jpg?fit=1200%2C675&ssl=1&resize=700%2C400 2x, https:\/\/i0.wp.com\/relocations.io\/wp-content\/uploads\/2022\/11\/36.jpg?fit=1200%2C675&ssl=1&resize=1050%2C600 3x"},"classes":[]},{"id":9038,"url":"https:\/\/relocations.io\/fr\/nouveaux-vols-directs-de-montreal-a-porto\/","url_meta":{"origin":8847,"position":1},"title":"De nouveaux vols directs vers le Canada stimulent le tourisme entre le Portugal et le Canada","author":"Relocations.io","date":"ao\u00fbt 27, 2024","format":false,"excerpt":"A new direct flight route by Air Canada connecting Montreal, Canada, and Porto, Portugal. This service offers a convenient travel option for tourists and the Portuguese community in Canada. It highlights the benefits of the direct flight, including saving time and enhancing travel comfort, and also promotes Porto as an\u2026","rel":"","context":"Dans &quot;Canada&quot;","block_context":{"text":"Canada","link":"https:\/\/relocations.io\/fr\/categorie\/canada\/"},"img":{"alt_text":"","src":"https:\/\/i0.wp.com\/relocations.io\/wp-content\/uploads\/2024\/08\/New-Flights.jpg?fit=1200%2C600&ssl=1&resize=350%2C200","width":350,"height":200,"srcset":"https:\/\/i0.wp.com\/relocations.io\/wp-content\/uploads\/2024\/08\/New-Flights.jpg?fit=1200%2C600&ssl=1&resize=350%2C200 1x, https:\/\/i0.wp.com\/relocations.io\/wp-content\/uploads\/2024\/08\/New-Flights.jpg?fit=1200%2C600&ssl=1&resize=525%2C300 1.5x, https:\/\/i0.wp.com\/relocations.io\/wp-content\/uploads\/2024\/08\/New-Flights.jpg?fit=1200%2C600&ssl=1&resize=700%2C400 2x, https:\/\/i0.wp.com\/relocations.io\/wp-content\/uploads\/2024\/08\/New-Flights.jpg?fit=1200%2C600&ssl=1&resize=1050%2C600 3x"},"classes":[]},{"id":7427,"url":"https:\/\/relocations.io\/fr\/votre-guide-sur-les-exigences-en-matiere-de-visa-et-de-citoyennete-au-portugal-naviguer-sur-le-chemin-dune-nouvelle-vie\/","url_meta":{"origin":8847,"position":2},"title":"Votre guide des exigences en mati\u00e8re de visa et de citoyennet\u00e9 au Portugal : Naviguer sur le chemin d'une nouvelle vie","author":"Relocations.io","date":"juin 1, 2024","format":false,"excerpt":"D\u00e9couvrez les \u00e9tapes essentielles de l'installation au Portugal, des exigences en mati\u00e8re de visa aux proc\u00e9dures de citoyennet\u00e9. Notre guide simplifie le processus et garantit une transition en douceur vers votre nouvelle vie dans ce pays captivant.","rel":"","context":"Dans &quot;Europe&quot;","block_context":{"text":"Europe","link":"https:\/\/relocations.io\/fr\/categorie\/leurope\/"},"img":{"alt_text":"","src":"https:\/\/i0.wp.com\/relocations.io\/wp-content\/uploads\/2022\/11\/41.jpg?fit=1200%2C675&ssl=1&resize=350%2C200","width":350,"height":200,"srcset":"https:\/\/i0.wp.com\/relocations.io\/wp-content\/uploads\/2022\/11\/41.jpg?fit=1200%2C675&ssl=1&resize=350%2C200 1x, https:\/\/i0.wp.com\/relocations.io\/wp-content\/uploads\/2022\/11\/41.jpg?fit=1200%2C675&ssl=1&resize=525%2C300 1.5x, https:\/\/i0.wp.com\/relocations.io\/wp-content\/uploads\/2022\/11\/41.jpg?fit=1200%2C675&ssl=1&resize=700%2C400 2x, https:\/\/i0.wp.com\/relocations.io\/wp-content\/uploads\/2022\/11\/41.jpg?fit=1200%2C675&ssl=1&resize=1050%2C600 3x"},"classes":[]},{"id":7363,"url":"https:\/\/relocations.io\/fr\/embrasser-leurope-le-chemin-simplifie-vers-un-nouveau-depart\/","url_meta":{"origin":8847,"position":3},"title":"Embrasser l'Europe : La voie simplifi\u00e9e vers un nouveau d\u00e9part","author":"Relocations.io","date":"octobre 1, 2022","format":false,"excerpt":"The Allure of Moving to Europe Moving to Europe has captivated people worldwide. With its rich history, diverse culture, and high quality of life, Europe offers countless benefits for a fresh start. While relocating to a new continent can seem daunting, careful planning and the right support can streamline the\u2026","rel":"","context":"Dans &quot;Europe&quot;","block_context":{"text":"Europe","link":"https:\/\/relocations.io\/fr\/categorie\/leurope\/"},"img":{"alt_text":"","src":"https:\/\/i0.wp.com\/relocations.io\/wp-content\/uploads\/2024\/02\/embracing-europe2.png?fit=1200%2C675&ssl=1&resize=350%2C200","width":350,"height":200,"srcset":"https:\/\/i0.wp.com\/relocations.io\/wp-content\/uploads\/2024\/02\/embracing-europe2.png?fit=1200%2C675&ssl=1&resize=350%2C200 1x, https:\/\/i0.wp.com\/relocations.io\/wp-content\/uploads\/2024\/02\/embracing-europe2.png?fit=1200%2C675&ssl=1&resize=525%2C300 1.5x, https:\/\/i0.wp.com\/relocations.io\/wp-content\/uploads\/2024\/02\/embracing-europe2.png?fit=1200%2C675&ssl=1&resize=700%2C400 2x, https:\/\/i0.wp.com\/relocations.io\/wp-content\/uploads\/2024\/02\/embracing-europe2.png?fit=1200%2C675&ssl=1&resize=1050%2C600 3x"},"classes":[]},{"id":8832,"url":"https:\/\/relocations.io\/fr\/visa-de-demandeur-demploi-portugais\/","url_meta":{"origin":8847,"position":4},"title":"Visa de demandeur d'emploi pour le Portugal : Votre porte d'entr\u00e9e pour travailler au Portugal","author":"Relocations.io","date":"ao\u00fbt 16, 2024","format":false,"excerpt":"Discover how to navigate the Portugal Job Seeker Visa process, including eligibility, application steps, and key benefits. Learn how relocations.io can streamline your job search and relocation to Portugal, providing expert guidance on visa applications, document preparation, and local job markets. Get valuable insights on making a smooth transition to\u2026","rel":"","context":"Dans &quot;Citizenship&quot;","block_context":{"text":"Citizenship","link":"https:\/\/relocations.io\/fr\/categorie\/leurope\/la-citoyennete\/"},"img":{"alt_text":"","src":"https:\/\/i0.wp.com\/relocations.io\/wp-content\/uploads\/2024\/08\/6-3.jpg?fit=1200%2C600&ssl=1&resize=350%2C200","width":350,"height":200,"srcset":"https:\/\/i0.wp.com\/relocations.io\/wp-content\/uploads\/2024\/08\/6-3.jpg?fit=1200%2C600&ssl=1&resize=350%2C200 1x, https:\/\/i0.wp.com\/relocations.io\/wp-content\/uploads\/2024\/08\/6-3.jpg?fit=1200%2C600&ssl=1&resize=525%2C300 1.5x, https:\/\/i0.wp.com\/relocations.io\/wp-content\/uploads\/2024\/08\/6-3.jpg?fit=1200%2C600&ssl=1&resize=700%2C400 2x, https:\/\/i0.wp.com\/relocations.io\/wp-content\/uploads\/2024\/08\/6-3.jpg?fit=1200%2C600&ssl=1&resize=1050%2C600 3x"},"classes":[]},{"id":7385,"url":"https:\/\/relocations.io\/fr\/donnees-de-la-saint-valentin\/","url_meta":{"origin":8847,"position":5},"title":"L'amour \u00e0 travers le continent : Les traditions de la Saint-Valentin en Europe et au-del\u00e0","author":"Relocations.io","date":"f\u00e9vrier 1, 2023","format":false,"excerpt":"Valentine\u2019s Day Traditions Across Europe: A Romantic Tour As February 14th draws near, love blossoms worldwide, but nowhere does it shine quite like in Europe. From the sunlit shores of Portugal to the charming streets of Paris, Valentine\u2019s Day in Europe is a grand celebration of romance, tradition, and heartfelt\u2026","rel":"","context":"Dans &quot;Belgium&quot;","block_context":{"text":"Belgium","link":"https:\/\/relocations.io\/fr\/categorie\/leurope\/belgique\/"},"img":{"alt_text":"","src":"https:\/\/i0.wp.com\/relocations.io\/wp-content\/uploads\/2022\/11\/27.jpg?fit=1200%2C675&ssl=1&resize=350%2C200","width":350,"height":200,"srcset":"https:\/\/i0.wp.com\/relocations.io\/wp-content\/uploads\/2022\/11\/27.jpg?fit=1200%2C675&ssl=1&resize=350%2C200 1x, https:\/\/i0.wp.com\/relocations.io\/wp-content\/uploads\/2022\/11\/27.jpg?fit=1200%2C675&ssl=1&resize=525%2C300 1.5x, https:\/\/i0.wp.com\/relocations.io\/wp-content\/uploads\/2022\/11\/27.jpg?fit=1200%2C675&ssl=1&resize=700%2C400 2x, https:\/\/i0.wp.com\/relocations.io\/wp-content\/uploads\/2022\/11\/27.jpg?fit=1200%2C675&ssl=1&resize=1050%2C600 3x"},"classes":[]}],"jetpack_sharing_enabled":true,"_links":{"self":[{"href":"https:\/\/relocations.io\/fr\/wp-json\/wp\/v2\/posts\/8847","targetHints":{"allow":["GET"]}}],"collection":[{"href":"https:\/\/relocations.io\/fr\/wp-json\/wp\/v2\/posts"}],"about":[{"href":"https:\/\/relocations.io\/fr\/wp-json\/wp\/v2\/types\/post"}],"author":[{"embeddable":true,"href":"https:\/\/relocations.io\/fr\/wp-json\/wp\/v2\/users\/2"}],"replies":[{"embeddable":true,"href":"https:\/\/relocations.io\/fr\/wp-json\/wp\/v2\/comments?post=8847"}],"version-history":[{"count":0,"href":"https:\/\/relocations.io\/fr\/wp-json\/wp\/v2\/posts\/8847\/revisions"}],"wp:featuredmedia":[{"embeddable":true,"href":"https:\/\/relocations.io\/fr\/wp-json\/wp\/v2\/media\/8878"}],"wp:attachment":[{"href":"https:\/\/relocations.io\/fr\/wp-json\/wp\/v2\/media?parent=8847"}],"wp:term":[{"taxonomy":"category","embeddable":true,"href":"https:\/\/relocations.io\/fr\/wp-json\/wp\/v2\/categories?post=8847"},{"taxonomy":"post_tag","embeddable":true,"href":"https:\/\/relocations.io\/fr\/wp-json\/wp\/v2\/tags?post=8847"}],"curies":[{"name":"wp","href":"https:\/\/api.w.org\/{rel}","templated":true}]}}