{"id":8832,"date":"2024-08-16T10:00:00","date_gmt":"2024-08-16T09:00:00","guid":{"rendered":"https:\/\/relocations.io\/?p=8832"},"modified":"2024-09-06T11:17:08","modified_gmt":"2024-09-06T10:17:08","slug":"visa-de-demandeur-demploi-portugais","status":"publish","type":"post","link":"https:\/\/relocations.io\/fr\/visa-de-demandeur-demploi-portugais\/","title":{"rendered":"Visa de demandeur d'emploi pour le Portugal : Votre porte d'entr\u00e9e pour travailler au Portugal"},"content":{"rendered":"<div data-elementor-type=\"wp-post\" data-elementor-id=\"8832\" class=\"elementor elementor-8832\" data-elementor-settings=\"{&quot;ha_cmc_init_switcher&quot;:&quot;no&quot;}\" data-elementor-post-type=\"post\">\n\t\t\t\t<div class=\"elementor-element elementor-element-2cd83d47 e-flex e-con-boxed e-con e-parent\" data-id=\"2cd83d47\" data-element_type=\"container\" data-settings=\"{&quot;_ha_eqh_enable&quot;:false}\">\n\t\t\t\t\t<div class=\"e-con-inner\">\n\t\t\t\t<div class=\"elementor-element elementor-element-baad450 elementor-widget elementor-widget-heading\" data-id=\"baad450\" data-element_type=\"widget\" data-widget_type=\"heading.default\">\n\t\t\t\t<div class=\"elementor-widget-container\">\n\t\t\t\t\t<h2 class=\"elementor-heading-title elementor-size-default\">Portugal Job Seeker Visa : Un guide pas \u00e0 pas pour entrer au Portugal<\/h2>\t\t\t\t<\/div>\n\t\t\t\t<\/div>\n\t\t\t\t<div class=\"elementor-element elementor-element-76bd2d9 elementor-widget elementor-widget-text-editor\" data-id=\"76bd2d9\" data-element_type=\"widget\" data-widget_type=\"text-editor.default\">\n\t\t\t\t<div class=\"elementor-widget-container\">\n\t\t\t\t\t\t\t\t\t\n<p>L'int\u00e9r\u00eat pour le visa de demandeur d'emploi portugais a r\u00e9cemment augment\u00e9 en raison des changements apport\u00e9s \u00e0 la r\u00e9glementation portugaise. Les ressortissants de pays non membres de l'Union europ\u00e9enne qui avaient auparavant recours au visa de demandeur d'emploi portugais ont vu leur int\u00e9r\u00eat s'accro\u00eetre. <a href=\"https:\/\/relocations.io\/end-of-portugal-expression-of-interest\/\">Manifestation d'int\u00e9r\u00eat<\/a> se concentrent d\u00e9sormais sur ce visa, en particulier depuis que le gouvernement a annonc\u00e9 le nouveau plan de migration pour les immigrants. Si vous ne savez pas ce que cela signifie pour vous, ne vous inqui\u00e9tez pas : nous avons tout ce qu'il vous faut !<\/p>\n\n<p>Dans cet article, nous vous expliquons tout ce que vous devez savoir sur le visa portugais pour demandeur d'emploi, notamment les droits qu'il conf\u00e8re, sa dur\u00e9e de validit\u00e9 et la proc\u00e9dure de demande, \u00e9tape par \u00e9tape.<\/p>\n\n<h4 id=\"h-what-is-the-portugal-job-seeker-visa\" class=\"wp-block-heading\"><br \/><strong>Qu'est-ce que le visa portugais pour demandeur d'emploi ?<\/strong><\/h4>\n\n<p>Introduit en 2022, le visa de demandeur d'emploi portugais a \u00e9t\u00e9 con\u00e7u pour attirer des travailleurs qualifi\u00e9s dans le pays. Ce visa permet aux ressortissants de pays non membres de l'UE d'entrer au Portugal sans avoir besoin d'une offre d'emploi.<\/p>\n\n<p>Les titulaires de visa peuvent s\u00e9journer au Portugal pendant 120 jours au maximum. S'ils trouvent un emploi au cours de cette p\u00e9riode, ils peuvent demander un permis de travail et de s\u00e9jour. Dans le cas contraire, ils peuvent demander une prolongation unique de 60 jours maximum. Pendant cette p\u00e9riode, les titulaires de visa sont autoris\u00e9s \u00e0 occuper des emplois temporaires.<\/p>\n\n<p>La croissance rapide de l'\u00e9conomie portugaise, aliment\u00e9e par les investissements \u00e9trangers et l'expansion des entreprises, a cr\u00e9\u00e9 une forte demande de main-d'\u0153uvre qualifi\u00e9e. Des facteurs tels que des r\u00e9glementations favorables, d'excellentes liaisons de transport et des ressources abondantes ont fait de Lisbonne une destination de choix. En outre, la position du Portugal en tant que porte d'entr\u00e9e vers l'Europe et sa situation g\u00e9ographique commune ont fait de Lisbonne une destination de choix. <a href=\"https:\/\/relocations.io\/brazilians-moving-to-portugal-embracing-new-opportunities-in-a-shared-history\/\">langue avec le Br\u00e9sil<\/a> attirer \u00e0 la fois les investisseurs et les demandeurs d'emploi.<br \/><br \/><\/p>\n<div class=\"wp-block-image\">\n<figure class=\"aligncenter size-large\"><img fetchpriority=\"high\" decoding=\"async\" data-recalc-dims=\"1\" height=\"512\" width=\"1024\" class=\"wp-image-8836\" src=\"https:\/\/i0.wp.com\/relocations.io\/wp-content\/uploads\/2024\/08\/7-3.jpg?resize=1024%2C512&#038;ssl=1\" alt=\"Le visa de demandeur d&#039;emploi portugais a \u00e9t\u00e9 con\u00e7u pour attirer des travailleurs qualifi\u00e9s dans le pays. Ce visa permet aux ressortissants de pays non membres de l&#039;UE d&#039;entrer au Portugal sans avoir besoin d&#039;une offre d&#039;emploi.\" srcset=\"https:\/\/i0.wp.com\/relocations.io\/wp-content\/uploads\/2024\/08\/7-3.jpg?w=1920&amp;ssl=1 1920w, https:\/\/i0.wp.com\/relocations.io\/wp-content\/uploads\/2024\/08\/7-3.jpg?resize=300%2C150&amp;ssl=1 300w, https:\/\/i0.wp.com\/relocations.io\/wp-content\/uploads\/2024\/08\/7-3.jpg?resize=1024%2C512&amp;ssl=1 1024w, https:\/\/i0.wp.com\/relocations.io\/wp-content\/uploads\/2024\/08\/7-3.jpg?resize=768%2C384&amp;ssl=1 768w, https:\/\/i0.wp.com\/relocations.io\/wp-content\/uploads\/2024\/08\/7-3.jpg?resize=1536%2C768&amp;ssl=1 1536w, https:\/\/i0.wp.com\/relocations.io\/wp-content\/uploads\/2024\/08\/7-3.jpg?resize=18%2C9&amp;ssl=1 18w, https:\/\/i0.wp.com\/relocations.io\/wp-content\/uploads\/2024\/08\/7-3.jpg?resize=640%2C320&amp;ssl=1 640w, https:\/\/i0.wp.com\/relocations.io\/wp-content\/uploads\/2024\/08\/7-3.jpg?resize=50%2C25&amp;ssl=1 50w, https:\/\/i0.wp.com\/relocations.io\/wp-content\/uploads\/2024\/08\/7-3.jpg?resize=100%2C50&amp;ssl=1 100w, https:\/\/i0.wp.com\/relocations.io\/wp-content\/uploads\/2024\/08\/7-3.jpg?resize=600%2C300&amp;ssl=1 600w\" sizes=\"(max-width: 1024px) 100vw, 1024px\" \/><\/figure>\n<\/div>\n<h4 id=\"h-who-can-apply-for-the-portugal-job-seeker-visa\" class=\"wp-block-heading\"><br \/><br \/><strong>Qui peut demander le visa de demandeur d'emploi pour le Portugal ?<\/strong><\/h4>\n\n<p>Le visa de demandeur d'emploi pour le Portugal est ouvert aux ressortissants de pays non membres de l'UE qui disposent d'un passeport valide et de fonds suffisants pour subvenir \u00e0 leurs besoins pendant leur recherche d'emploi. Les candidats doivent \u00e9galement poss\u00e9der les qualifications et comp\u00e9tences sp\u00e9cifiques requises par le march\u00e9 du travail portugais.<\/p>\n\n<p>Les ressortissants de l'UE, quant \u00e0 eux, n'ont pas besoin de visa pour vivre, travailler ou \u00e9tudier dans un pays de l'UE ; ce visa ne leur est donc pas destin\u00e9.<\/p>\n\n<h4 id=\"h-basic-requirements-and-qualifications\" class=\"wp-block-heading\"><br \/><strong>Exigences et qualifications de base<\/strong><\/h4>\n\n<p>Pour demander un visa de demandeur d'emploi au Portugal, il faut r\u00e9unir plusieurs documents essentiels :<\/p>\n\n<ol class=\"wp-block-list\">\n<li>Passeport en cours de validit\u00e9<\/li>\n\n<li>Photographies d'identit\u00e9<\/li>\n\n<li>Carte de r\u00e9sident ou carte d'identit\u00e9 nationale<\/li>\n\n<li>Copie de votre curriculum vitae<\/li>\n\n<li>Une lettre expliquant pourquoi vous cherchez un emploi au Portugal<\/li>\n\n<li>Formulaire de demande de visa d\u00fbment rempli (disponible sur le site web du consulat portugais dans votre pays)<\/li>\n\n<li>Preuve de fonds suffisants (relev\u00e9 bancaire indiquant au moins 2 280 euros pour subvenir \u00e0 vos besoins pendant 3 mois)<\/li>\n\n<li>Assurance maladie (couverture d'une valeur de 30 000 euros)<\/li>\n\n<li>Certificat de casier judiciaire<\/li>\n\n<li>Formulaire de consentement (permettant \u00e0 l'AIMA, anciennement SEF, de proc\u00e9der \u00e0 des v\u00e9rifications d'ant\u00e9c\u00e9dents)<\/li>\n\n<li>Itin\u00e9raire de vol (r\u00e9servations aller-retour indiquant votre intention de quitter le Portugal en cas d'expiration du visa)<\/li>\n\n<li>Preuve d'h\u00e9bergement (r\u00e9servation d'h\u00f4tel, location d'appartement ou r\u00e9servation Airbnb)<\/li>\n<\/ol>\n\n<p>Il est essentiel de pr\u00e9senter une demande compl\u00e8te et exacte, car le consulat peut rejeter les demandes incompl\u00e8tes.<\/p>\n\n<h4 id=\"h-application-process\" class=\"wp-block-heading\"><br \/><strong>Processus de candidature<\/strong><\/h4>\n\n<p>La demande de visa de demandeur d'emploi est simple par rapport \u00e0 celle d'un visa de demandeur d'emploi. <a href=\"https:\/\/relocations.io\/portugals-residence-visas-a-comprehensive-guide\/\">autres visas<\/a>Les visas d'entreprise, de travail, de revenu passif ou de nomade num\u00e9rique sont des exemples de visas d'entreprise, de travail, de revenu passif ou de nomade num\u00e9rique.<\/p>\n\n<p>Tout d'abord, confirmez votre \u00e9ligibilit\u00e9 en r\u00e9pondant aux qualifications et comp\u00e9tences requises par le march\u00e9 du travail portugais. Ensuite, remplissez le formulaire sur le site <a href=\"https:\/\/formularios.iefp.pt\/index.php\/929227?lang=en\">PFE<\/a> et attendre l'approbation avant de passer \u00e0 l'\u00e9tape suivante.<\/p>\n\n<p>Ensuite, prenez rendez-vous avec le consulat portugais tout en rassemblant tous vos documents. Enfin, d\u00e9posez votre demande au consulat, payez les frais de dossier et pr\u00e9parez-vous \u00e0 fournir des donn\u00e9es biom\u00e9triques ou \u00e0 passer un entretien pour l'obtention du visa.<\/p>\n\n<h4 id=\"h-step-by-step-guide-to-applying-for-the-visa\" class=\"wp-block-heading\"><br \/><strong>Guide \u00e9tape par \u00e9tape pour la demande de visa<\/strong><\/h4>\n\n<ol class=\"wp-block-list\">\n<li><strong>Soumission de la demande en ligne<\/strong>\n<ul class=\"wp-block-list\">\n<li>Inscrivez-vous aupr\u00e8s de l'IEFP (Instituto Do Emprego e Forma\u00e7\u00e3o Profissional) pour d\u00e9clarer votre int\u00e9r\u00eat \u00e0 trouver un emploi au Portugal. Une fois l'inscription approuv\u00e9e, vous recevrez un courriel vous permettant de proc\u00e9der \u00e0 la demande.<\/li>\n<\/ul>\n<\/li>\n\n<li><strong>Rendez-vous avec le consulat portugais<\/strong>\n<ul class=\"wp-block-list\">\n<li>Prenez rendez-vous en ligne avec le consulat portugais, en choisissant celui qui se trouve dans votre ville ou le plus proche de chez vous. Cette \u00e9tape peut prendre des semaines, voire des mois, c'est pourquoi vous devez commencer \u00e0 rassembler tous les documents requis d\u00e8s que possible.<\/li>\n<\/ul>\n<\/li>\n\n<li><strong>Frais de dossier et proc\u00e9dure de paiement<\/strong>\n<ul class=\"wp-block-list\">\n<li>Le jour de votre rendez-vous, vous devez soumettre votre demande accompagn\u00e9e d'une taxe de 80 euros (non remboursable). Si n\u00e9cessaire, vous devrez \u00e9galement payer 170 euros suppl\u00e9mentaires pour obtenir un permis de s\u00e9jour.<\/li>\n<\/ul>\n<\/li>\n<\/ol>\n\n<p>Envisagez de demander l'aide d'un <a href=\"https:\/\/relocations.io\/book-a-call\/\">relocalisation<\/a> pour augmenter vos chances d'approbation.<br \/><br \/><\/p>\n<div class=\"wp-block-image\">\n<figure class=\"aligncenter size-large\"><img decoding=\"async\" data-recalc-dims=\"1\" height=\"512\" width=\"1024\" class=\"wp-image-8837\" src=\"https:\/\/i0.wp.com\/relocations.io\/wp-content\/uploads\/2024\/08\/9-2.jpg?resize=1024%2C512&#038;ssl=1\" alt=\"confirmer votre \u00e9ligibilit\u00e9 en r\u00e9pondant aux qualifications et comp\u00e9tences requises par le march\u00e9 du travail portugais\" srcset=\"https:\/\/i0.wp.com\/relocations.io\/wp-content\/uploads\/2024\/08\/9-2.jpg?w=1920&amp;ssl=1 1920w, https:\/\/i0.wp.com\/relocations.io\/wp-content\/uploads\/2024\/08\/9-2.jpg?resize=300%2C150&amp;ssl=1 300w, https:\/\/i0.wp.com\/relocations.io\/wp-content\/uploads\/2024\/08\/9-2.jpg?resize=1024%2C512&amp;ssl=1 1024w, https:\/\/i0.wp.com\/relocations.io\/wp-content\/uploads\/2024\/08\/9-2.jpg?resize=768%2C384&amp;ssl=1 768w, https:\/\/i0.wp.com\/relocations.io\/wp-content\/uploads\/2024\/08\/9-2.jpg?resize=1536%2C768&amp;ssl=1 1536w, https:\/\/i0.wp.com\/relocations.io\/wp-content\/uploads\/2024\/08\/9-2.jpg?resize=18%2C9&amp;ssl=1 18w, https:\/\/i0.wp.com\/relocations.io\/wp-content\/uploads\/2024\/08\/9-2.jpg?resize=640%2C320&amp;ssl=1 640w, https:\/\/i0.wp.com\/relocations.io\/wp-content\/uploads\/2024\/08\/9-2.jpg?resize=50%2C25&amp;ssl=1 50w, https:\/\/i0.wp.com\/relocations.io\/wp-content\/uploads\/2024\/08\/9-2.jpg?resize=100%2C50&amp;ssl=1 100w, https:\/\/i0.wp.com\/relocations.io\/wp-content\/uploads\/2024\/08\/9-2.jpg?resize=600%2C300&amp;ssl=1 600w\" sizes=\"(max-width: 1024px) 100vw, 1024px\" \/><\/figure>\n<\/div>\n<h4 id=\"h-rights-granted-by-the-job-seeker-visa\" class=\"wp-block-heading\"><br \/><br \/><strong>Droits conf\u00e9r\u00e9s par le visa de demandeur d'emploi<\/strong><\/h4>\n\n<p>Le visa de demandeur d'emploi portugais permet aux ressortissants de pays non membres de l'UE d'entrer au Portugal et d'y chercher un emploi. Vous pouvez assister \u00e0 des entretiens d'embauche, nouer des contacts avec des employeurs et participer \u00e0 des \u00e9v\u00e9nements professionnels. En outre, vous pourrez vivre dans l'un des meilleurs pays d'Europe pendant une p\u00e9riode pouvant aller jusqu'\u00e0 six mois.<\/p>\n\n<h4 id=\"h-validity-and-renewal\" class=\"wp-block-heading\"><br \/><strong>Validit\u00e9 et renouvellement<\/strong><\/h4>\n\n<p>Le visa de demandeur d'emploi portugais est initialement valable pour une dur\u00e9e de 120 jours. Si vous n'avez pas trouv\u00e9 d'emploi dans ce d\u00e9lai, vous pouvez demander une prolongation de 60 jours maximum. Pour en b\u00e9n\u00e9ficier, vous devez prouver que vous \u00eates en permanence \u00e0 la recherche d'un emploi et que vous disposez de ressources financi\u00e8res suffisantes.<\/p>\n\n<p>Si vous trouvez un emploi, vous pouvez obtenir un permis de travail et de s\u00e9jour. Cette proc\u00e9dure structur\u00e9e donne aux demandeurs d'emploi une chance \u00e9quitable d'int\u00e9grer le march\u00e9 du travail portugais tout en conservant leur statut de r\u00e9sident l\u00e9gal.<\/p>\n\t\t\t\t\t\t\t\t<\/div>\n\t\t\t\t<\/div>\n\t\t\t\t<div class=\"elementor-element elementor-element-0d1a468 elementor-widget elementor-widget-spacer\" data-id=\"0d1a468\" data-element_type=\"widget\" data-widget_type=\"spacer.default\">\n\t\t\t\t<div class=\"elementor-widget-container\">\n\t\t\t\t\t\t\t<div class=\"elementor-spacer\">\n\t\t\t<div class=\"elementor-spacer-inner\"><\/div>\n\t\t<\/div>\n\t\t\t\t\t\t<\/div>\n\t\t\t\t<\/div>\n\t\t\t\t<div class=\"elementor-element elementor-element-24643b0 elementor-position-top elementor-widget elementor-widget-image-box\" data-id=\"24643b0\" data-element_type=\"widget\" data-widget_type=\"image-box.default\">\n\t\t\t\t<div class=\"elementor-widget-container\">\n\t\t\t\t\t<div class=\"elementor-image-box-wrapper\"><figure class=\"elementor-image-box-img\"><a href=\"https:\/\/relocations.io\/book-a-call\/\" tabindex=\"-1\"><img decoding=\"async\" width=\"425\" height=\"128\" src=\"https:\/\/i0.wp.com\/relocations.io\/wp-content\/uploads\/2024\/08\/Logo-Black-Lettr-Landscape-world.png?fit=425%2C128&amp;ssl=1\" class=\"attachment-full size-full wp-image-8835\" alt=\"\" srcset=\"https:\/\/i0.wp.com\/relocations.io\/wp-content\/uploads\/2024\/08\/Logo-Black-Lettr-Landscape-world.png?w=425&amp;ssl=1 425w, https:\/\/i0.wp.com\/relocations.io\/wp-content\/uploads\/2024\/08\/Logo-Black-Lettr-Landscape-world.png?resize=300%2C90&amp;ssl=1 300w, https:\/\/i0.wp.com\/relocations.io\/wp-content\/uploads\/2024\/08\/Logo-Black-Lettr-Landscape-world.png?resize=18%2C5&amp;ssl=1 18w, https:\/\/i0.wp.com\/relocations.io\/wp-content\/uploads\/2024\/08\/Logo-Black-Lettr-Landscape-world.png?resize=50%2C15&amp;ssl=1 50w, https:\/\/i0.wp.com\/relocations.io\/wp-content\/uploads\/2024\/08\/Logo-Black-Lettr-Landscape-world.png?resize=100%2C30&amp;ssl=1 100w\" sizes=\"(max-width: 425px) 100vw, 425px\" \/><\/a><\/figure><div class=\"elementor-image-box-content\"><p class=\"elementor-image-box-description\">Relocations.io simplifie votre recherche d'emploi au Portugal en vous offrant un soutien personnalis\u00e9 tout au long du processus. Nous vous aidons pour les demandes de visa, la pr\u00e9paration des documents et la navigation sur les march\u00e9s du travail locaux. Notre \u00e9quipe s'assure que vous r\u00e9pondez \u00e0 toutes les exigences l\u00e9gales et vous met en contact avec des ressources cl\u00e9s, vous aidant ainsi \u00e0 trouver les bonnes opportunit\u00e9s plus rapidement. Gr\u00e2ce \u00e0 notre expertise, vous pouvez vous concentrer sur votre carri\u00e8re pendant que nous g\u00e9rons les complexit\u00e9s de la relocalisation. Laissez relocations.io faire en sorte que votre transition vers le travail au Portugal se fasse en douceur et sans stress.<\/p><\/div><\/div>\t\t\t\t<\/div>\n\t\t\t\t<\/div>\n\t\t\t\t\t<\/div>\n\t\t\t\t<\/div>\n\t\t\t\t<\/div>","protected":false},"excerpt":{"rendered":"<p>D\u00e9couvrez comment naviguer dans le processus d'obtention du visa de demandeur d'emploi au Portugal, y compris les conditions d'\u00e9ligibilit\u00e9, les \u00e9tapes de la demande et les principaux avantages. D\u00e9couvrez comment relocations.io peut rationaliser votre recherche d'emploi et votre installation au Portugal, en vous fournissant des conseils d'experts sur les demandes de visa, la pr\u00e9paration des documents et les march\u00e9s du travail locaux. Obtenez des informations pr\u00e9cieuses pour une transition en douceur vers la vie et le travail au Portugal.<\/p>","protected":false},"author":2,"featured_media":8841,"comment_status":"closed","ping_status":"closed","sticky":false,"template":"","format":"standard","meta":{"_jetpack_memberships_contains_paid_content":false,"footnotes":""},"categories":[67,60,61,68],"tags":[95,72,70,92,142,71],"class_list":["post-8832","post","type-post","status-publish","format-standard","has-post-thumbnail","hentry","category-citizenship","category-europe","category-portugal","category-relocations-io","tag-brasil","tag-citizenship","tag-moving-to-europe","tag-portugal","tag-relocate","tag-relocations"],"jetpack_featured_media_url":"https:\/\/i0.wp.com\/relocations.io\/wp-content\/uploads\/2024\/08\/6-3.jpg?fit=1920%2C960&ssl=1","jetpack-related-posts":[{"id":7427,"url":"https:\/\/relocations.io\/fr\/votre-guide-sur-les-exigences-en-matiere-de-visa-et-de-citoyennete-au-portugal-naviguer-sur-le-chemin-dune-nouvelle-vie\/","url_meta":{"origin":8832,"position":0},"title":"Votre guide des exigences en mati\u00e8re de visa et de citoyennet\u00e9 au Portugal : Naviguer sur le chemin d'une nouvelle vie","author":"Relocations.io","date":"juin 1, 2024","format":false,"excerpt":"D\u00e9couvrez les \u00e9tapes essentielles de l'installation au Portugal, des exigences en mati\u00e8re de visa aux proc\u00e9dures de citoyennet\u00e9. Notre guide simplifie le processus et garantit une transition en douceur vers votre nouvelle vie dans ce pays captivant.","rel":"","context":"Dans &quot;Europe&quot;","block_context":{"text":"Europe","link":"https:\/\/relocations.io\/fr\/categorie\/leurope\/"},"img":{"alt_text":"","src":"https:\/\/i0.wp.com\/relocations.io\/wp-content\/uploads\/2022\/11\/41.jpg?fit=1200%2C675&ssl=1&resize=350%2C200","width":350,"height":200,"srcset":"https:\/\/i0.wp.com\/relocations.io\/wp-content\/uploads\/2022\/11\/41.jpg?fit=1200%2C675&ssl=1&resize=350%2C200 1x, https:\/\/i0.wp.com\/relocations.io\/wp-content\/uploads\/2022\/11\/41.jpg?fit=1200%2C675&ssl=1&resize=525%2C300 1.5x, https:\/\/i0.wp.com\/relocations.io\/wp-content\/uploads\/2022\/11\/41.jpg?fit=1200%2C675&ssl=1&resize=700%2C400 2x, https:\/\/i0.wp.com\/relocations.io\/wp-content\/uploads\/2022\/11\/41.jpg?fit=1200%2C675&ssl=1&resize=1050%2C600 3x"},"classes":[]},{"id":8847,"url":"https:\/\/relocations.io\/fr\/fin-de-lexpression-dintention-du-portugal\/","url_meta":{"origin":8832,"position":1},"title":"Fin de la d\u00e9claration d'intention du Portugal : Explication des nouvelles r\u00e8gles en mati\u00e8re d'immigration","author":"Relocations.io","date":"juin 6, 2024","format":false,"excerpt":"Les r\u00e9centes modifications apport\u00e9es \u00e0 la proc\u00e9dure d'immigration au Portugal marquent un changement important. Le gouvernement a mis fin \u00e0 la proc\u00e9dure d'expression d'int\u00e9r\u00eat (EOI), une mesure qui concerne les personnes qui envisagent de s'installer au Portugal. Cette mise \u00e0 jour vise \u00e0 am\u00e9liorer l'efficacit\u00e9 du syst\u00e8me d'immigration.","rel":"","context":"Dans &quot;Citizenship&quot;","block_context":{"text":"Citizenship","link":"https:\/\/relocations.io\/fr\/categorie\/leurope\/la-citoyennete\/"},"img":{"alt_text":"","src":"https:\/\/i0.wp.com\/relocations.io\/wp-content\/uploads\/2024\/06\/intention.jpg?fit=1200%2C600&ssl=1&resize=350%2C200","width":350,"height":200,"srcset":"https:\/\/i0.wp.com\/relocations.io\/wp-content\/uploads\/2024\/06\/intention.jpg?fit=1200%2C600&ssl=1&resize=350%2C200 1x, https:\/\/i0.wp.com\/relocations.io\/wp-content\/uploads\/2024\/06\/intention.jpg?fit=1200%2C600&ssl=1&resize=525%2C300 1.5x, https:\/\/i0.wp.com\/relocations.io\/wp-content\/uploads\/2024\/06\/intention.jpg?fit=1200%2C600&ssl=1&resize=700%2C400 2x, https:\/\/i0.wp.com\/relocations.io\/wp-content\/uploads\/2024\/06\/intention.jpg?fit=1200%2C600&ssl=1&resize=1050%2C600 3x"},"classes":[]},{"id":7406,"url":"https:\/\/relocations.io\/fr\/les-bresiliens-qui-sinstallent-au-portugal-saisissent-de-nouvelles-opportunites-dans-le-cadre-dune-histoire-commune\/","url_meta":{"origin":8832,"position":2},"title":"Les Br\u00e9siliens s'installent au Portugal : Saisir de nouvelles opportunit\u00e9s dans le cadre d'une histoire commune","author":"Relocations.io","date":"juillet 1, 2023","format":false,"excerpt":"Explorez les liens historiques entre le Br\u00e9sil et le Portugal, alors que les Br\u00e9siliens cherchent de nouvelles opportunit\u00e9s dans le pays de leur pass\u00e9 colonial. Avec une langue et des affinit\u00e9s culturelles communes, le Portugal offre un environnement accueillant pour les Br\u00e9siliens qui peuvent prosp\u00e9rer dans divers secteurs, de la technologie au tourisme.","rel":"","context":"Dans &quot;Europe&quot;","block_context":{"text":"Europe","link":"https:\/\/relocations.io\/fr\/categorie\/leurope\/"},"img":{"alt_text":"","src":"https:\/\/i0.wp.com\/relocations.io\/wp-content\/uploads\/2022\/11\/36.jpg?fit=1200%2C675&ssl=1&resize=350%2C200","width":350,"height":200,"srcset":"https:\/\/i0.wp.com\/relocations.io\/wp-content\/uploads\/2022\/11\/36.jpg?fit=1200%2C675&ssl=1&resize=350%2C200 1x, https:\/\/i0.wp.com\/relocations.io\/wp-content\/uploads\/2022\/11\/36.jpg?fit=1200%2C675&ssl=1&resize=525%2C300 1.5x, https:\/\/i0.wp.com\/relocations.io\/wp-content\/uploads\/2022\/11\/36.jpg?fit=1200%2C675&ssl=1&resize=700%2C400 2x, https:\/\/i0.wp.com\/relocations.io\/wp-content\/uploads\/2022\/11\/36.jpg?fit=1200%2C675&ssl=1&resize=1050%2C600 3x"},"classes":[]},{"id":9038,"url":"https:\/\/relocations.io\/fr\/nouveaux-vols-directs-de-montreal-a-porto\/","url_meta":{"origin":8832,"position":3},"title":"De nouveaux vols directs vers le Canada stimulent le tourisme entre le Portugal et le Canada","author":"Relocations.io","date":"ao\u00fbt 27, 2024","format":false,"excerpt":"A new direct flight route by Air Canada connecting Montreal, Canada, and Porto, Portugal. This service offers a convenient travel option for tourists and the Portuguese community in Canada. It highlights the benefits of the direct flight, including saving time and enhancing travel comfort, and also promotes Porto as an\u2026","rel":"","context":"Dans &quot;Canada&quot;","block_context":{"text":"Canada","link":"https:\/\/relocations.io\/fr\/categorie\/canada\/"},"img":{"alt_text":"","src":"https:\/\/i0.wp.com\/relocations.io\/wp-content\/uploads\/2024\/08\/New-Flights.jpg?fit=1200%2C600&ssl=1&resize=350%2C200","width":350,"height":200,"srcset":"https:\/\/i0.wp.com\/relocations.io\/wp-content\/uploads\/2024\/08\/New-Flights.jpg?fit=1200%2C600&ssl=1&resize=350%2C200 1x, https:\/\/i0.wp.com\/relocations.io\/wp-content\/uploads\/2024\/08\/New-Flights.jpg?fit=1200%2C600&ssl=1&resize=525%2C300 1.5x, https:\/\/i0.wp.com\/relocations.io\/wp-content\/uploads\/2024\/08\/New-Flights.jpg?fit=1200%2C600&ssl=1&resize=700%2C400 2x, https:\/\/i0.wp.com\/relocations.io\/wp-content\/uploads\/2024\/08\/New-Flights.jpg?fit=1200%2C600&ssl=1&resize=1050%2C600 3x"},"classes":[]},{"id":7845,"url":"https:\/\/relocations.io\/fr\/demenager-du-canada-au-portugal-un-guide-complet\/","url_meta":{"origin":8832,"position":4},"title":"D\u00e9m\u00e9nager du Canada au Portugal : Un guide complet","author":"Relocations.io","date":"janvier 2, 2024","format":false,"excerpt":"D\u00e9m\u00e9nager du Canada au Portugal peut \u00eatre un voyage enrichissant et satisfaisant. Les avantages fiscaux uniques du Portugal, sa qualit\u00e9 de vie \u00e9lev\u00e9e et sa culture accueillante en font une destination attrayante pour les Canadiens \u00e0 la recherche d'un nouveau d\u00e9part.","rel":"","context":"Dans &quot;Europe&quot;","block_context":{"text":"Europe","link":"https:\/\/relocations.io\/fr\/categorie\/leurope\/"},"img":{"alt_text":"","src":"https:\/\/i0.wp.com\/relocations.io\/wp-content\/uploads\/2024\/01\/Moving-Canada-To-Portugal.jpg?fit=1200%2C675&ssl=1&resize=350%2C200","width":350,"height":200,"srcset":"https:\/\/i0.wp.com\/relocations.io\/wp-content\/uploads\/2024\/01\/Moving-Canada-To-Portugal.jpg?fit=1200%2C675&ssl=1&resize=350%2C200 1x, https:\/\/i0.wp.com\/relocations.io\/wp-content\/uploads\/2024\/01\/Moving-Canada-To-Portugal.jpg?fit=1200%2C675&ssl=1&resize=525%2C300 1.5x, https:\/\/i0.wp.com\/relocations.io\/wp-content\/uploads\/2024\/01\/Moving-Canada-To-Portugal.jpg?fit=1200%2C675&ssl=1&resize=700%2C400 2x, https:\/\/i0.wp.com\/relocations.io\/wp-content\/uploads\/2024\/01\/Moving-Canada-To-Portugal.jpg?fit=1200%2C675&ssl=1&resize=1050%2C600 3x"},"classes":[]},{"id":7421,"url":"https:\/\/relocations.io\/fr\/les-exigences-en-matiere-de-visa-et-la-citoyennete-en-france-votre-chemin-vers-un-nouveau-depart\/","url_meta":{"origin":8832,"position":5},"title":"Naviguer entre les exigences de visa et la citoyennet\u00e9 en France : Votre chemin vers un nouveau d\u00e9part","author":"Relocations.io","date":"ao\u00fbt 1, 2023","format":false,"excerpt":"Ouvrez votre voie vers la France en d\u00e9couvrant les conditions d'obtention des visas et les proc\u00e9dures de citoyennet\u00e9. Des s\u00e9jours de courte dur\u00e9e \u00e0 la r\u00e9sidence permanente, notre guide simplifie le processus, garantissant que votre voyage en France sera fluide et enrichissant.","rel":"","context":"Dans &quot;Europe&quot;","block_context":{"text":"Europe","link":"https:\/\/relocations.io\/fr\/categorie\/leurope\/"},"img":{"alt_text":"","src":"https:\/\/i0.wp.com\/relocations.io\/wp-content\/uploads\/2022\/11\/40.jpg?fit=1200%2C675&ssl=1&resize=350%2C200","width":350,"height":200,"srcset":"https:\/\/i0.wp.com\/relocations.io\/wp-content\/uploads\/2022\/11\/40.jpg?fit=1200%2C675&ssl=1&resize=350%2C200 1x, https:\/\/i0.wp.com\/relocations.io\/wp-content\/uploads\/2022\/11\/40.jpg?fit=1200%2C675&ssl=1&resize=525%2C300 1.5x, https:\/\/i0.wp.com\/relocations.io\/wp-content\/uploads\/2022\/11\/40.jpg?fit=1200%2C675&ssl=1&resize=700%2C400 2x, https:\/\/i0.wp.com\/relocations.io\/wp-content\/uploads\/2022\/11\/40.jpg?fit=1200%2C675&ssl=1&resize=1050%2C600 3x"},"classes":[]}],"jetpack_sharing_enabled":true,"_links":{"self":[{"href":"https:\/\/relocations.io\/fr\/wp-json\/wp\/v2\/posts\/8832","targetHints":{"allow":["GET"]}}],"collection":[{"href":"https:\/\/relocations.io\/fr\/wp-json\/wp\/v2\/posts"}],"about":[{"href":"https:\/\/relocations.io\/fr\/wp-json\/wp\/v2\/types\/post"}],"author":[{"embeddable":true,"href":"https:\/\/relocations.io\/fr\/wp-json\/wp\/v2\/users\/2"}],"replies":[{"embeddable":true,"href":"https:\/\/relocations.io\/fr\/wp-json\/wp\/v2\/comments?post=8832"}],"version-history":[{"count":0,"href":"https:\/\/relocations.io\/fr\/wp-json\/wp\/v2\/posts\/8832\/revisions"}],"wp:featuredmedia":[{"embeddable":true,"href":"https:\/\/relocations.io\/fr\/wp-json\/wp\/v2\/media\/8841"}],"wp:attachment":[{"href":"https:\/\/relocations.io\/fr\/wp-json\/wp\/v2\/media?parent=8832"}],"wp:term":[{"taxonomy":"category","embeddable":true,"href":"https:\/\/relocations.io\/fr\/wp-json\/wp\/v2\/categories?post=8832"},{"taxonomy":"post_tag","embeddable":true,"href":"https:\/\/relocations.io\/fr\/wp-json\/wp\/v2\/tags?post=8832"}],"curies":[{"name":"wp","href":"https:\/\/api.w.org\/{rel}","templated":true}]}}