{"id":8816,"date":"2024-08-26T10:00:00","date_gmt":"2024-08-26T09:00:00","guid":{"rendered":"https:\/\/relocations.io\/?p=8816"},"modified":"2024-09-06T11:15:53","modified_gmt":"2024-09-06T10:15:53","slug":"le-portugal-est-secoue-par-un-tremblement-de-terre-dune-magnitude-de-53-la-secousse-recente-et-le-contexte-historique","status":"publish","type":"post","link":"https:\/\/relocations.io\/fr\/le-portugal-est-secoue-par-un-tremblement-de-terre-dune-magnitude-de-53-la-secousse-recente-et-le-contexte-historique\/","title":{"rendered":"Le Portugal secou\u00e9 par un tremblement de terre de magnitude 5,3 : Tremblement de terre r\u00e9cent et contexte historique"},"content":{"rendered":"<div data-elementor-type=\"wp-post\" data-elementor-id=\"8816\" class=\"elementor elementor-8816\" data-elementor-settings=\"{&quot;ha_cmc_init_switcher&quot;:&quot;no&quot;}\" data-elementor-post-type=\"post\">\n\t\t\t\t<div class=\"elementor-element elementor-element-35614018 e-flex e-con-boxed e-con e-parent\" data-id=\"35614018\" data-element_type=\"container\" data-settings=\"{&quot;_ha_eqh_enable&quot;:false}\">\n\t\t\t\t\t<div class=\"e-con-inner\">\n\t\t\t\t<div class=\"elementor-element elementor-element-34602e0 elementor-widget elementor-widget-heading\" data-id=\"34602e0\" data-element_type=\"widget\" data-widget_type=\"heading.default\">\n\t\t\t\t<div class=\"elementor-widget-container\">\n\t\t\t\t\t<h2 class=\"elementor-heading-title elementor-size-default\">Un tremblement de terre de magnitude 5,3 est ressenti dans plusieurs villes du Portugal<\/h2>\t\t\t\t<\/div>\n\t\t\t\t<\/div>\n\t\t\t\t<div class=\"elementor-element elementor-element-75f9745c elementor-widget elementor-widget-text-editor\" data-id=\"75f9745c\" data-element_type=\"widget\" data-widget_type=\"text-editor.default\">\n\t\t\t\t<div class=\"elementor-widget-container\">\n\t\t\t\t\t\t\t\t\t\n<p>T\u00f4t ce matin, \u00e0 5h11, un tremblement de terre d'une magnitude de 5,3 sur l'\u00e9chelle de Richter s'est produit au large des c\u00f4tes de Sines, au Portugal. L'Institut portugais de la mer et de l'atmosph\u00e8re (<a href=\"https:\/\/www.ipma.pt\/pt\/media\/noticias\/news.detail.jsp?f=\/pt\/media\/noticias\/textos\/noticia_sismo_agosto.html\">IPMA<\/a>) a confirm\u00e9 que l'\u00e9picentre \u00e9tait situ\u00e9 \u00e0 58 kilom\u00e8tres \u00e0 l'ouest de Sines, \u00e0 une profondeur de 10,7 kilom\u00e8tres. Cette information a \u00e9t\u00e9 confirm\u00e9e par l'United States Geological Survey (USGS), qui a l\u00e9g\u00e8rement r\u00e9vis\u00e9 la magnitude \u00e0 5,4. Le Centre sismologique euro-m\u00e9diterran\u00e9en (CSEM) a initialement enregistr\u00e9 le tremblement de terre comme un \u00e9v\u00e9nement de magnitude 5,1 \u00e0 une profondeur de cinq kilom\u00e8tres.<br \/><br \/><\/p>\n<div class=\"wp-block-image\">\n<figure class=\"aligncenter size-large\"><img fetchpriority=\"high\" decoding=\"async\" data-recalc-dims=\"1\" height=\"768\" width=\"1024\" class=\"wp-image-8820\" src=\"https:\/\/i0.wp.com\/relocations.io\/wp-content\/uploads\/2024\/08\/IMG_6277.png?resize=1024%2C768&#038;ssl=1\" alt=\"T\u00f4t ce matin, \u00e0 5h11, un tremblement de terre d&#039;une magnitude de 5,3 sur l&#039;\u00e9chelle de Richter s&#039;est produit au large de Sines, au Portugal. L&#039;Institut portugais pour la mer et l&#039;atmosph\u00e8re (IPMA) a confirm\u00e9 que l&#039;\u00e9picentre \u00e9tait situ\u00e9 \u00e0 58 kilom\u00e8tres \u00e0 l&#039;ouest de Sines, \u00e0 une profondeur de 10,7 kilom\u00e8tres. Cette information a \u00e9t\u00e9 confirm\u00e9e par le United States Geological Survey (USGS), qui a l\u00e9g\u00e8rement r\u00e9vis\u00e9 la magnitude \u00e0 5,4. Le Comit\u00e9 sismologique euro-m\u00e9diterran\u00e9en\" srcset=\"https:\/\/i0.wp.com\/relocations.io\/wp-content\/uploads\/2024\/08\/IMG_6277.png?w=1200&amp;ssl=1 1200w, https:\/\/i0.wp.com\/relocations.io\/wp-content\/uploads\/2024\/08\/IMG_6277.png?resize=300%2C225&amp;ssl=1 300w, https:\/\/i0.wp.com\/relocations.io\/wp-content\/uploads\/2024\/08\/IMG_6277.png?resize=1024%2C768&amp;ssl=1 1024w, https:\/\/i0.wp.com\/relocations.io\/wp-content\/uploads\/2024\/08\/IMG_6277.png?resize=768%2C576&amp;ssl=1 768w, https:\/\/i0.wp.com\/relocations.io\/wp-content\/uploads\/2024\/08\/IMG_6277.png?resize=16%2C12&amp;ssl=1 16w, https:\/\/i0.wp.com\/relocations.io\/wp-content\/uploads\/2024\/08\/IMG_6277.png?resize=560%2C420&amp;ssl=1 560w, https:\/\/i0.wp.com\/relocations.io\/wp-content\/uploads\/2024\/08\/IMG_6277.png?resize=900%2C675&amp;ssl=1 900w, https:\/\/i0.wp.com\/relocations.io\/wp-content\/uploads\/2024\/08\/IMG_6277.png?resize=50%2C38&amp;ssl=1 50w, https:\/\/i0.wp.com\/relocations.io\/wp-content\/uploads\/2024\/08\/IMG_6277.png?resize=100%2C75&amp;ssl=1 100w, https:\/\/i0.wp.com\/relocations.io\/wp-content\/uploads\/2024\/08\/IMG_6277.png?resize=600%2C450&amp;ssl=1 600w\" sizes=\"(max-width: 1024px) 100vw, 1024px\" \/><\/figure>\n<\/div>\n<p><br \/><br \/>La secousse a \u00e9t\u00e9 largement ressentie, des rapports indiquant qu'elle \u00e9tait perceptible dans l'ensemble du pays. <a href=\"https:\/\/relocations.io\/savoring-lisbon-a-culinary-journey\/\">Lisbonne<\/a> Les habitants de la r\u00e9gion m\u00e9tropolitaine, y compris la capitale elle-m\u00eame, et du district de Set\u00fabal ont \u00e9galement ressenti le tremblement de terre. En outre, des habitants de certaines r\u00e9gions d'Espagne et du Maroc ont \u00e9galement d\u00e9clar\u00e9 avoir ressenti le tremblement de terre. Selon l'IPMA, l'intensit\u00e9 maximale a atteint IV\/V sur l'\u00e9chelle d'intensit\u00e9 de Mercalli modifi\u00e9e, qui classe les secousses comme mod\u00e9r\u00e9es \u00e0 fortes. Jusqu'\u00e0 pr\u00e9sent, quatre r\u00e9pliques ont \u00e9t\u00e9 enregistr\u00e9es.<\/p>\n\n<p>Heureusement, l'IPMA a indiqu\u00e9 que le tremblement de terre n'avait pas fait de victimes ni de d\u00e9g\u00e2ts importants. Les secousses ont \u00e9t\u00e9 les plus intenses dans la r\u00e9gion de Sines, tandis qu'elles ont \u00e9t\u00e9 ressenties plus l\u00e9g\u00e8rement \u00e0 Lisbonne et \u00e0 Set\u00fabal. Selon l'IPMA, un niveau d'intensit\u00e9 de IV sur l'\u00e9chelle de Mercalli peut provoquer des vibrations similaires \u00e0 celles d'un trafic intense, avec des fen\u00eatres, des portes et de la vaisselle qui s'entrechoquent. \u00c0 des niveaux d'intensit\u00e9 plus \u00e9lev\u00e9s, les murs et les structures en bois peuvent craquer et les voitures en stationnement peuvent osciller.<\/p>\n\n<p>La d\u00e9termination de l'emplacement exact de l'\u00e9picentre d'un tremblement de terre est un processus complexe, qui implique des calculs physiques et math\u00e9matiques complexes. Les diff\u00e9rentes agences fournissent souvent des r\u00e9sultats l\u00e9g\u00e8rement diff\u00e9rents, et les estimations pr\u00e9liminaires sont fr\u00e9quemment mises \u00e0 jour au fur et \u00e0 mesure que de nouvelles donn\u00e9es sont disponibles.<\/p>\n\n<h4 id=\"h-historical-context-past-major-earthquakes-in-the-region\" class=\"wp-block-heading\">Contexte historique : Tremblements de terre majeurs survenus dans la r\u00e9gion<\/h4>\n\n<p>Cet \u00e9v\u00e9nement r\u00e9cent rappelle les tremblements de terre importants qui ont marqu\u00e9 l'histoire du Portugal. En 1969, le pays a connu le tremblement de terre le plus puissant du XXe si\u00e8cle, d'une magnitude de 7,9 sur l'\u00e9chelle de Richter. L'\u00e9picentre \u00e9tait situ\u00e9 \u00e0 200 kilom\u00e8tres au sud-ouest de Sagres, et la secousse a \u00e9t\u00e9 ressentie le plus fortement dans les r\u00e9gions m\u00e9ridionales de Vila do Bispo, Portim\u00e3o et Aljezur. Treize personnes ont tragiquement perdu la vie.<\/p>\n\n<p>Si l'on remonte plus loin, Lisbonne a failli \u00eatre d\u00e9truite par un tremblement de terre catastrophique en 1755. D'une magnitude estim\u00e9e \u00e0 plus de 8 sur l'\u00e9chelle de Richter, le tremblement de terre a \u00e9t\u00e9 suivi d'un tsunami massif, pouvant atteindre 20 m\u00e8tres de haut, et d'incendies d\u00e9vastateurs. Bien que le nombre exact de victimes ne soit pas connu, on pense qu'au moins 30 000 personnes ont p\u00e9ri. Cette catastrophe s'est produite \u00e0 une \u00e9poque o\u00f9 Lisbonne \u00e9tait un centre commercial et politique vital en Europe.<br \/><br \/><\/p>\n<div class=\"wp-block-image\">\n<figure class=\"aligncenter size-full\"><img decoding=\"async\" width=\"888\" height=\"536\" data-recalc-dims=\"1\" class=\"wp-image-8817\" src=\"https:\/\/i0.wp.com\/relocations.io\/wp-content\/uploads\/2024\/08\/35520581-ch-rio-de-janeiro-rj-17-03-2011-terremoto-de-lisboa.-foto-reproducao.jpg.webp?w=1080&#038;ssl=1\" alt=\"Lisbonne a failli \u00eatre d\u00e9truite par un tremblement de terre catastrophique en 1755. D&#039;une magnitude estim\u00e9e \u00e0 plus de 8 sur l&#039;\u00e9chelle de Richter, le tremblement de terre a \u00e9t\u00e9 suivi d&#039;un tsunami massif, pouvant atteindre 20 m\u00e8tres de haut, et d&#039;incendies d\u00e9vastateurs.\" srcset=\"https:\/\/i0.wp.com\/relocations.io\/wp-content\/uploads\/2024\/08\/35520581-ch-rio-de-janeiro-rj-17-03-2011-terremoto-de-lisboa.-foto-reproducao.jpg.webp?w=888&amp;ssl=1 888w, https:\/\/i0.wp.com\/relocations.io\/wp-content\/uploads\/2024\/08\/35520581-ch-rio-de-janeiro-rj-17-03-2011-terremoto-de-lisboa.-foto-reproducao.jpg.webp?resize=300%2C181&amp;ssl=1 300w, https:\/\/i0.wp.com\/relocations.io\/wp-content\/uploads\/2024\/08\/35520581-ch-rio-de-janeiro-rj-17-03-2011-terremoto-de-lisboa.-foto-reproducao.jpg.webp?resize=768%2C464&amp;ssl=1 768w, https:\/\/i0.wp.com\/relocations.io\/wp-content\/uploads\/2024\/08\/35520581-ch-rio-de-janeiro-rj-17-03-2011-terremoto-de-lisboa.-foto-reproducao.jpg.webp?resize=18%2C12&amp;ssl=1 18w, https:\/\/i0.wp.com\/relocations.io\/wp-content\/uploads\/2024\/08\/35520581-ch-rio-de-janeiro-rj-17-03-2011-terremoto-de-lisboa.-foto-reproducao.jpg.webp?resize=50%2C30&amp;ssl=1 50w, https:\/\/i0.wp.com\/relocations.io\/wp-content\/uploads\/2024\/08\/35520581-ch-rio-de-janeiro-rj-17-03-2011-terremoto-de-lisboa.-foto-reproducao.jpg.webp?resize=100%2C60&amp;ssl=1 100w, https:\/\/i0.wp.com\/relocations.io\/wp-content\/uploads\/2024\/08\/35520581-ch-rio-de-janeiro-rj-17-03-2011-terremoto-de-lisboa.-foto-reproducao.jpg.webp?resize=600%2C362&amp;ssl=1 600w\" sizes=\"(max-width: 888px) 100vw, 888px\" \/><\/figure>\n<\/div>\n<p><br \/><br \/>Les cons\u00e9quences du tremblement de terre de 1755 ont \u00e9t\u00e9 consid\u00e9rables, tant sur le plan physique que philosophique. Le Marqu\u00eas de Pombal, alors Premier ministre du Portugal, a dirig\u00e9 les efforts de reconstruction, en introduisant de nouvelles r\u00e8gles de construction con\u00e7ues pour r\u00e9sister aux futurs tremblements de terre et en mettant en \u0153uvre des r\u00e9formes urbaines qui ont fa\u00e7onn\u00e9 la Lisbonne moderne. Le tremblement de terre a \u00e9galement influenc\u00e9 la pens\u00e9e europ\u00e9enne, avec des philosophes comme Voltaire et Rousseau qui se sont interrog\u00e9s sur la nature de telles trag\u00e9dies et sur les r\u00e9ponses soci\u00e9tales \u00e0 y apporter.<\/p>\n\n<h4 id=\"h-earthquake-safety-what-to-do-before-during-and-after-a-quake\" class=\"wp-block-heading\">S\u00e9curit\u00e9 en cas de tremblement de terre : Que faire avant, pendant et apr\u00e8s un tremblement de terre ?<\/h4>\n\n<p>Se pr\u00e9parer \u00e0 un tremblement de terre peut faire toute la diff\u00e9rence lorsqu'il survient. Voici un guide complet pour vous aider \u00e0 rester en s\u00e9curit\u00e9 avant, pendant et apr\u00e8s un tremblement de terre.<\/p>\n\n<h4 id=\"h-how-to-prepare-before-an-earthquake\" class=\"wp-block-heading\">Comment se pr\u00e9parer avant un tremblement de terre :<\/h4>\n\n<ol class=\"wp-block-list\">\n<li><strong>Conna\u00eetre son b\u00e2timent :<\/strong>\u00a0Familiarisez-vous avec les sorties de secours de votre b\u00e2timent. Sachez o\u00f9 elles se trouvent et comment les atteindre rapidement en cas d'urgence.<\/li>\n\n<li><strong>S\u00e9curisez votre maison :<\/strong>\u00a0\u00c9vitez de placer des miroirs ou des cadres lourds au-dessus des lits ou des endroits o\u00f9 vous pourriez vous abriter. Fixez les meubles lourds, les armoires et les biblioth\u00e8ques aux murs, au sol ou au plafond pour \u00e9viter qu'ils ne basculent.<\/li>\n\n<li><strong>Garder les voies d'acc\u00e8s d\u00e9gag\u00e9es :<\/strong>\u00a0Veillez \u00e0 ce que les couloirs et les sorties ne soient pas obstru\u00e9s afin de permettre une \u00e9vacuation rapide et s\u00fbre en cas de besoin.<\/li>\n\n<li><strong>Cr\u00e9ez une trousse d'urgence :<\/strong>\u00a0Constituez une trousse contenant des produits de premi\u00e8re n\u00e9cessit\u00e9, une lampe de poche, de l'eau et des denr\u00e9es alimentaires non p\u00e9rissables. Gardez-la facilement accessible.<\/li>\n<\/ol>\n\n<h4 id=\"h-what-to-do-during-an-earthquake\" class=\"wp-block-heading\">Que faire en cas de tremblement de terre ?<\/h4>\n\n<ol class=\"wp-block-list\">\n<li><strong>Restez calme :<\/strong>\u00a0La panique peut conduire \u00e0 une mauvaise prise de d\u00e9cision. Essayez de rester aussi calme que possible.<\/li>\n\n<li><strong>\u00c9viter les risques :<\/strong>\u00a0\u00c9loignez-vous des fen\u00eatres, des miroirs et de tout meuble ou objet non fix\u00e9 qui pourrait tomber.<\/li>\n\n<li><strong>Trouver un abri :<\/strong>\u00a0Mettez-vous \u00e0 l'abri dans un endroit s\u00fbr, par exemple sous une table ou un lit solide, ou \u00e0 c\u00f4t\u00e9 d'un mur int\u00e9rieur, en particulier pr\u00e8s des piliers de la structure.<\/li>\n\n<li><strong>Ne vous pr\u00e9cipitez pas \u00e0 l'ext\u00e9rieur :<\/strong>\u00a0Si vous \u00eates \u00e0 l'int\u00e9rieur, ne vous pr\u00e9cipitez pas vers la sortie, surtout dans les endroits bond\u00e9s. Il est plus s\u00fbr de rester \u00e0 l'int\u00e9rieur jusqu'\u00e0 ce que les secousses cessent.<\/li>\n\n<li><strong>\u00c9vitez les ascenseurs :<\/strong>\u00a0N'utilisez jamais les ascenseurs pendant un tremblement de terre, car des pannes de courant ou des dommages pourraient vous pi\u00e9ger.<\/li>\n\n<li><strong>Conserver l'\u00e9nergie :<\/strong>\u00a0Limiter les efforts physiques afin d'\u00e9conomiser l'\u00e9nergie pour les actions critiques.<\/li>\n\n<li><strong>Prot\u00e9gez votre t\u00eate :<\/strong>\u00a0Se laisser tomber au sol et se couvrir la t\u00eate et le cou pour se prot\u00e9ger des chutes de d\u00e9bris.<\/li>\n\n<li><strong>Arr\u00eater les machines :<\/strong>\u00a0Si vous vous trouvez \u00e0 proximit\u00e9 d'une machine ou d'un \u00e9quipement lourd, arr\u00eatez-le imm\u00e9diatement et \u00e9loignez-vous.<\/li>\n\n<li><strong>Utiliser les t\u00e9l\u00e9phones avec parcimonie :<\/strong>\u00a0N'utilisez votre t\u00e9l\u00e9phone portable qu'en cas d'urgence pour \u00e9viter de surcharger les r\u00e9seaux de communication.<\/li>\n<\/ol>\n\n<h4 id=\"h-what-to-do-after-an-earthquake\" class=\"wp-block-heading\">Que faire apr\u00e8s un tremblement de terre ?<\/h4>\n\n<ol class=\"wp-block-list\">\n<li><strong>\u00c9viter les sources d'inflammation :<\/strong>\u00a0N'utilisez pas de briquet ou d'allumettes, car il pourrait y avoir une fuite de gaz.<\/li>\n\n<li><strong>D\u00e9sactiver les utilitaires :<\/strong>\u00a0Par pr\u00e9caution, coupez l'eau, l'\u00e9lectricit\u00e9 et le gaz de votre maison.<\/li>\n\n<li><strong>Gardez un extincteur \u00e0 proximit\u00e9 :<\/strong>\u00a0Ayez un extincteur \u00e0 port\u00e9e de main en cas d'incendie.<\/li>\n\n<li><strong>V\u00e9rifier l'absence de dommages :<\/strong>\u00a0Si vous soup\u00e7onnez des dommages structurels \u00e0 votre b\u00e2timent ou si quelqu'un est bless\u00e9, contactez imm\u00e9diatement les autorit\u00e9s.<\/li>\n\n<li><strong>Restez en s\u00e9curit\u00e9 \u00e0 l'ext\u00e9rieur :<\/strong>\u00a0Si vous \u00eates \u00e0 l'ext\u00e9rieur, \u00e9loignez-vous des b\u00e2timents et maintenez une distance de s\u00e9curit\u00e9.<\/li>\n\n<li><strong>\u00c9viter les plans d'eau :<\/strong>\u00a0Ne vous approchez pas de l'oc\u00e9an ou des rivi\u00e8res, car il y a un risque de tsunami ou d'autres dangers li\u00e9s \u00e0 l'eau.<\/li>\n\n<li><strong>Attention aux risques \u00e9lectriques :<\/strong>\u00a0Ne vous approchez pas des lignes \u00e9lectriques et faites attention aux fils d\u00e9nud\u00e9s.<\/li>\n\n<li><strong>Passer au r\u00e9seau 2G :<\/strong>\u00a0Si vous avez des difficult\u00e9s \u00e0 passer des appels ou \u00e0 envoyer des messages, essayez de passer votre t\u00e9l\u00e9phone en mode 2G pour augmenter vos chances de connexion.<\/li>\n<\/ol>\n\n<p>En suivant ces \u00e9tapes, vous pouvez r\u00e9duire consid\u00e9rablement les risques associ\u00e9s \u00e0 un tremblement de terre et vous assurer que vous et vos proches restez en s\u00e9curit\u00e9.<\/p>\n\t\t\t\t\t\t\t\t<\/div>\n\t\t\t\t<\/div>\n\t\t\t\t\t<\/div>\n\t\t\t\t<\/div>\n\t\t\t\t<\/div>","protected":false},"excerpt":{"rendered":"<p>Un r\u00e9cent tremblement de terre d'une magnitude de 5,3 a frapp\u00e9 le Portugal, et plus particuli\u00e8rement la r\u00e9gion proche d'\u00c9vora. L'article fournit des d\u00e9tails sur les effets du tremblement de terre, y compris les dommages mineurs et la r\u00e9ponse des autorit\u00e9s locales. L'article pr\u00e9sente \u00e9galement un contexte historique, mentionnant les tremblements de terre importants qui ont eu lieu au Portugal par le pass\u00e9, comme le tremblement de terre d\u00e9vastateur de Lisbonne en 1755. Il aborde \u00e9galement les vuln\u00e9rabilit\u00e9s g\u00e9ologiques du Portugal et l'importance de la pr\u00e9paration aux futurs \u00e9v\u00e9nements sismiques.<\/p>","protected":false},"author":2,"featured_media":8825,"comment_status":"closed","ping_status":"closed","sticky":false,"template":"","format":"standard","meta":{"_jetpack_memberships_contains_paid_content":false,"footnotes":""},"categories":[60,61,68],"tags":[70,160,92,142,71],"class_list":["post-8816","post","type-post","status-publish","format-standard","has-post-thumbnail","hentry","category-europe","category-portugal","category-relocations-io","tag-moving-to-europe","tag-news-from-portugal","tag-portugal","tag-relocate","tag-relocations"],"jetpack_featured_media_url":"https:\/\/i0.wp.com\/relocations.io\/wp-content\/uploads\/2024\/08\/Earthquake.jpg?fit=1920%2C960&ssl=1","jetpack-related-posts":[{"id":7406,"url":"https:\/\/relocations.io\/fr\/les-bresiliens-qui-sinstallent-au-portugal-saisissent-de-nouvelles-opportunites-dans-le-cadre-dune-histoire-commune\/","url_meta":{"origin":8816,"position":0},"title":"Les Br\u00e9siliens s'installent au Portugal : Saisir de nouvelles opportunit\u00e9s dans le cadre d'une histoire commune","author":"Relocations.io","date":"juillet 1, 2023","format":false,"excerpt":"Explorez les liens historiques entre le Br\u00e9sil et le Portugal, alors que les Br\u00e9siliens cherchent de nouvelles opportunit\u00e9s dans le pays de leur pass\u00e9 colonial. Avec une langue et des affinit\u00e9s culturelles communes, le Portugal offre un environnement accueillant pour les Br\u00e9siliens qui peuvent prosp\u00e9rer dans divers secteurs, de la technologie au tourisme.","rel":"","context":"Dans &quot;Europe&quot;","block_context":{"text":"Europe","link":"https:\/\/relocations.io\/fr\/categorie\/leurope\/"},"img":{"alt_text":"","src":"https:\/\/i0.wp.com\/relocations.io\/wp-content\/uploads\/2022\/11\/36.jpg?fit=1200%2C675&ssl=1&resize=350%2C200","width":350,"height":200,"srcset":"https:\/\/i0.wp.com\/relocations.io\/wp-content\/uploads\/2022\/11\/36.jpg?fit=1200%2C675&ssl=1&resize=350%2C200 1x, https:\/\/i0.wp.com\/relocations.io\/wp-content\/uploads\/2022\/11\/36.jpg?fit=1200%2C675&ssl=1&resize=525%2C300 1.5x, https:\/\/i0.wp.com\/relocations.io\/wp-content\/uploads\/2022\/11\/36.jpg?fit=1200%2C675&ssl=1&resize=700%2C400 2x, https:\/\/i0.wp.com\/relocations.io\/wp-content\/uploads\/2022\/11\/36.jpg?fit=1200%2C675&ssl=1&resize=1050%2C600 3x"},"classes":[]},{"id":9038,"url":"https:\/\/relocations.io\/fr\/nouveaux-vols-directs-de-montreal-a-porto\/","url_meta":{"origin":8816,"position":1},"title":"De nouveaux vols directs vers le Canada stimulent le tourisme entre le Portugal et le Canada","author":"Relocations.io","date":"ao\u00fbt 27, 2024","format":false,"excerpt":"A new direct flight route by Air Canada connecting Montreal, Canada, and Porto, Portugal. This service offers a convenient travel option for tourists and the Portuguese community in Canada. It highlights the benefits of the direct flight, including saving time and enhancing travel comfort, and also promotes Porto as an\u2026","rel":"","context":"Dans &quot;Canada&quot;","block_context":{"text":"Canada","link":"https:\/\/relocations.io\/fr\/categorie\/canada\/"},"img":{"alt_text":"","src":"https:\/\/i0.wp.com\/relocations.io\/wp-content\/uploads\/2024\/08\/New-Flights.jpg?fit=1200%2C600&ssl=1&resize=350%2C200","width":350,"height":200,"srcset":"https:\/\/i0.wp.com\/relocations.io\/wp-content\/uploads\/2024\/08\/New-Flights.jpg?fit=1200%2C600&ssl=1&resize=350%2C200 1x, https:\/\/i0.wp.com\/relocations.io\/wp-content\/uploads\/2024\/08\/New-Flights.jpg?fit=1200%2C600&ssl=1&resize=525%2C300 1.5x, https:\/\/i0.wp.com\/relocations.io\/wp-content\/uploads\/2024\/08\/New-Flights.jpg?fit=1200%2C600&ssl=1&resize=700%2C400 2x, https:\/\/i0.wp.com\/relocations.io\/wp-content\/uploads\/2024\/08\/New-Flights.jpg?fit=1200%2C600&ssl=1&resize=1050%2C600 3x"},"classes":[]},{"id":7427,"url":"https:\/\/relocations.io\/fr\/votre-guide-sur-les-exigences-en-matiere-de-visa-et-de-citoyennete-au-portugal-naviguer-sur-le-chemin-dune-nouvelle-vie\/","url_meta":{"origin":8816,"position":2},"title":"Votre guide des exigences en mati\u00e8re de visa et de citoyennet\u00e9 au Portugal : Naviguer sur le chemin d'une nouvelle vie","author":"Relocations.io","date":"juin 1, 2024","format":false,"excerpt":"D\u00e9couvrez les \u00e9tapes essentielles de l'installation au Portugal, des exigences en mati\u00e8re de visa aux proc\u00e9dures de citoyennet\u00e9. Notre guide simplifie le processus et garantit une transition en douceur vers votre nouvelle vie dans ce pays captivant.","rel":"","context":"Dans &quot;Europe&quot;","block_context":{"text":"Europe","link":"https:\/\/relocations.io\/fr\/categorie\/leurope\/"},"img":{"alt_text":"","src":"https:\/\/i0.wp.com\/relocations.io\/wp-content\/uploads\/2022\/11\/41.jpg?fit=1200%2C675&ssl=1&resize=350%2C200","width":350,"height":200,"srcset":"https:\/\/i0.wp.com\/relocations.io\/wp-content\/uploads\/2022\/11\/41.jpg?fit=1200%2C675&ssl=1&resize=350%2C200 1x, https:\/\/i0.wp.com\/relocations.io\/wp-content\/uploads\/2022\/11\/41.jpg?fit=1200%2C675&ssl=1&resize=525%2C300 1.5x, https:\/\/i0.wp.com\/relocations.io\/wp-content\/uploads\/2022\/11\/41.jpg?fit=1200%2C675&ssl=1&resize=700%2C400 2x, https:\/\/i0.wp.com\/relocations.io\/wp-content\/uploads\/2022\/11\/41.jpg?fit=1200%2C675&ssl=1&resize=1050%2C600 3x"},"classes":[]},{"id":7363,"url":"https:\/\/relocations.io\/fr\/embrasser-leurope-le-chemin-simplifie-vers-un-nouveau-depart\/","url_meta":{"origin":8816,"position":3},"title":"Embrasser l'Europe : La voie simplifi\u00e9e vers un nouveau d\u00e9part","author":"Relocations.io","date":"octobre 1, 2022","format":false,"excerpt":"The Allure of Moving to Europe Moving to Europe has captivated people worldwide. With its rich history, diverse culture, and high quality of life, Europe offers countless benefits for a fresh start. While relocating to a new continent can seem daunting, careful planning and the right support can streamline the\u2026","rel":"","context":"Dans &quot;Europe&quot;","block_context":{"text":"Europe","link":"https:\/\/relocations.io\/fr\/categorie\/leurope\/"},"img":{"alt_text":"","src":"https:\/\/i0.wp.com\/relocations.io\/wp-content\/uploads\/2024\/02\/embracing-europe2.png?fit=1200%2C675&ssl=1&resize=350%2C200","width":350,"height":200,"srcset":"https:\/\/i0.wp.com\/relocations.io\/wp-content\/uploads\/2024\/02\/embracing-europe2.png?fit=1200%2C675&ssl=1&resize=350%2C200 1x, https:\/\/i0.wp.com\/relocations.io\/wp-content\/uploads\/2024\/02\/embracing-europe2.png?fit=1200%2C675&ssl=1&resize=525%2C300 1.5x, https:\/\/i0.wp.com\/relocations.io\/wp-content\/uploads\/2024\/02\/embracing-europe2.png?fit=1200%2C675&ssl=1&resize=700%2C400 2x, https:\/\/i0.wp.com\/relocations.io\/wp-content\/uploads\/2024\/02\/embracing-europe2.png?fit=1200%2C675&ssl=1&resize=1050%2C600 3x"},"classes":[]},{"id":8847,"url":"https:\/\/relocations.io\/fr\/fin-de-lexpression-dintention-du-portugal\/","url_meta":{"origin":8816,"position":4},"title":"Fin de la d\u00e9claration d'intention du Portugal : Explication des nouvelles r\u00e8gles en mati\u00e8re d'immigration","author":"Relocations.io","date":"juin 6, 2024","format":false,"excerpt":"Les r\u00e9centes modifications apport\u00e9es \u00e0 la proc\u00e9dure d'immigration au Portugal marquent un changement important. Le gouvernement a mis fin \u00e0 la proc\u00e9dure d'expression d'int\u00e9r\u00eat (EOI), une mesure qui concerne les personnes qui envisagent de s'installer au Portugal. Cette mise \u00e0 jour vise \u00e0 am\u00e9liorer l'efficacit\u00e9 du syst\u00e8me d'immigration.","rel":"","context":"Dans &quot;Citizenship&quot;","block_context":{"text":"Citizenship","link":"https:\/\/relocations.io\/fr\/categorie\/leurope\/la-citoyennete\/"},"img":{"alt_text":"","src":"https:\/\/i0.wp.com\/relocations.io\/wp-content\/uploads\/2024\/06\/intention.jpg?fit=1200%2C600&ssl=1&resize=350%2C200","width":350,"height":200,"srcset":"https:\/\/i0.wp.com\/relocations.io\/wp-content\/uploads\/2024\/06\/intention.jpg?fit=1200%2C600&ssl=1&resize=350%2C200 1x, https:\/\/i0.wp.com\/relocations.io\/wp-content\/uploads\/2024\/06\/intention.jpg?fit=1200%2C600&ssl=1&resize=525%2C300 1.5x, https:\/\/i0.wp.com\/relocations.io\/wp-content\/uploads\/2024\/06\/intention.jpg?fit=1200%2C600&ssl=1&resize=700%2C400 2x, https:\/\/i0.wp.com\/relocations.io\/wp-content\/uploads\/2024\/06\/intention.jpg?fit=1200%2C600&ssl=1&resize=1050%2C600 3x"},"classes":[]},{"id":8832,"url":"https:\/\/relocations.io\/fr\/visa-de-demandeur-demploi-portugais\/","url_meta":{"origin":8816,"position":5},"title":"Visa de demandeur d'emploi pour le Portugal : Votre porte d'entr\u00e9e pour travailler au Portugal","author":"Relocations.io","date":"ao\u00fbt 16, 2024","format":false,"excerpt":"Discover how to navigate the Portugal Job Seeker Visa process, including eligibility, application steps, and key benefits. Learn how relocations.io can streamline your job search and relocation to Portugal, providing expert guidance on visa applications, document preparation, and local job markets. Get valuable insights on making a smooth transition to\u2026","rel":"","context":"Dans &quot;Citizenship&quot;","block_context":{"text":"Citizenship","link":"https:\/\/relocations.io\/fr\/categorie\/leurope\/la-citoyennete\/"},"img":{"alt_text":"","src":"https:\/\/i0.wp.com\/relocations.io\/wp-content\/uploads\/2024\/08\/6-3.jpg?fit=1200%2C600&ssl=1&resize=350%2C200","width":350,"height":200,"srcset":"https:\/\/i0.wp.com\/relocations.io\/wp-content\/uploads\/2024\/08\/6-3.jpg?fit=1200%2C600&ssl=1&resize=350%2C200 1x, https:\/\/i0.wp.com\/relocations.io\/wp-content\/uploads\/2024\/08\/6-3.jpg?fit=1200%2C600&ssl=1&resize=525%2C300 1.5x, https:\/\/i0.wp.com\/relocations.io\/wp-content\/uploads\/2024\/08\/6-3.jpg?fit=1200%2C600&ssl=1&resize=700%2C400 2x, https:\/\/i0.wp.com\/relocations.io\/wp-content\/uploads\/2024\/08\/6-3.jpg?fit=1200%2C600&ssl=1&resize=1050%2C600 3x"},"classes":[]}],"jetpack_sharing_enabled":true,"_links":{"self":[{"href":"https:\/\/relocations.io\/fr\/wp-json\/wp\/v2\/posts\/8816","targetHints":{"allow":["GET"]}}],"collection":[{"href":"https:\/\/relocations.io\/fr\/wp-json\/wp\/v2\/posts"}],"about":[{"href":"https:\/\/relocations.io\/fr\/wp-json\/wp\/v2\/types\/post"}],"author":[{"embeddable":true,"href":"https:\/\/relocations.io\/fr\/wp-json\/wp\/v2\/users\/2"}],"replies":[{"embeddable":true,"href":"https:\/\/relocations.io\/fr\/wp-json\/wp\/v2\/comments?post=8816"}],"version-history":[{"count":0,"href":"https:\/\/relocations.io\/fr\/wp-json\/wp\/v2\/posts\/8816\/revisions"}],"wp:featuredmedia":[{"embeddable":true,"href":"https:\/\/relocations.io\/fr\/wp-json\/wp\/v2\/media\/8825"}],"wp:attachment":[{"href":"https:\/\/relocations.io\/fr\/wp-json\/wp\/v2\/media?parent=8816"}],"wp:term":[{"taxonomy":"category","embeddable":true,"href":"https:\/\/relocations.io\/fr\/wp-json\/wp\/v2\/categories?post=8816"},{"taxonomy":"post_tag","embeddable":true,"href":"https:\/\/relocations.io\/fr\/wp-json\/wp\/v2\/tags?post=8816"}],"curies":[{"name":"wp","href":"https:\/\/api.w.org\/{rel}","templated":true}]}}