{"id":8793,"date":"2024-05-22T10:00:00","date_gmt":"2024-05-22T09:00:00","guid":{"rendered":"https:\/\/relocations.io\/?p=8793"},"modified":"2024-09-06T11:41:51","modified_gmt":"2024-09-06T10:41:51","slug":"chateaux-au-portugal-sites-historiques-avec-vue-imprenable-2","status":"publish","type":"post","link":"https:\/\/relocations.io\/fr\/chateaux-au-portugal-sites-historiques-avec-vue-imprenable-2\/","title":{"rendered":"D\u00e9couvrez le charme intemporel des ch\u00e2teaux du Portugal : Un voyage \u00e0 travers l'histoire et la beaut\u00e9"},"content":{"rendered":"<div data-elementor-type=\"wp-post\" data-elementor-id=\"8793\" class=\"elementor elementor-8793\" data-elementor-settings=\"{&quot;ha_cmc_init_switcher&quot;:&quot;no&quot;}\" data-elementor-post-type=\"post\">\n\t\t\t\t<div class=\"elementor-element elementor-element-3e620ef9 e-flex e-con-boxed e-con e-parent\" data-id=\"3e620ef9\" data-element_type=\"container\" data-settings=\"{&quot;_ha_eqh_enable&quot;:false}\">\n\t\t\t\t\t<div class=\"e-con-inner\">\n\t\t\t\t<div class=\"elementor-element elementor-element-8cc5575 elementor-widget elementor-widget-heading\" data-id=\"8cc5575\" data-element_type=\"widget\" data-widget_type=\"heading.default\">\n\t\t\t\t<div class=\"elementor-widget-container\">\n\t\t\t\t\t<h2 class=\"elementor-heading-title elementor-size-default\">D\u00e9couvrez le charme intemporel des ch\u00e2teaux du Portugal<\/h2>\t\t\t\t<\/div>\n\t\t\t\t<\/div>\n\t\t\t\t<div class=\"elementor-element elementor-element-576c33a elementor-widget elementor-widget-text-editor\" data-id=\"576c33a\" data-element_type=\"widget\" data-widget_type=\"text-editor.default\">\n\t\t\t\t<div class=\"elementor-widget-container\">\n\t\t\t\t\t\t\t\t\t\n<h5 class=\"wp-block-heading\" id=\"h-origins-and-strategic-importance\"><br><br><strong>Origines et importance strat\u00e9gique<\/strong><\/h5>\n\n\n\n<p>La plupart des ch\u00e2teaux portugais trouvent leur origine dans les anciens forts romains. Contrairement aux constructions romaines purement militaires, ces ch\u00e2teaux servaient \u00e9galement de r\u00e9sidences aux seigneurs locaux. Construits dans des r\u00e9gions strat\u00e9giquement importantes, ils formaient un r\u00e9seau de lignes de d\u00e9fense qui prot\u00e9geait le territoire portugais contre les autres royaumes ib\u00e9riques, en particulier la Castille, et les vestiges de la domination islamique au d\u00e9but de la p\u00e9riode de la Reconquista.<\/p>\n\n\n\n<h5 class=\"wp-block-heading\" id=\"h-evolution-and-modern-use\"><br><strong>\u00c9volution et utilisation moderne<\/strong><\/h5>\n\n\n\n<p>Au fil du temps, de nombreux ch\u00e2teaux ont perdu leur fonction militaire en raison de l'\u00e9volution des techniques de guerre et des paysages politiques. Certains ch\u00e2teaux ont \u00e9t\u00e9 abandonn\u00e9s ou d\u00e9truits, tandis que d'autres ont \u00e9t\u00e9 transform\u00e9s en auberges, en mus\u00e9es ou en monuments nationaux. Beaucoup ont \u00e9t\u00e9 pr\u00e9serv\u00e9s ou restaur\u00e9s, conservant leur architecture d'origine ou s'adaptant \u00e0 de nouveaux styles. Aujourd'hui, les ch\u00e2teaux du Portugal sont une <a href=\"https:\/\/relocations.io\/portugal-2024-celebrate-national-holiday-tradition\/\">attraction touristique majeure<\/a> en raison de leur beaut\u00e9, de leur histoire et de leur diversit\u00e9. Ils sont diss\u00e9min\u00e9s dans des villes historiques comme Lisbonne et Guimar\u00e3es, nich\u00e9s dans des paysages naturels \u00e9poustouflants tels que le <a href=\"https:\/\/relocations.io\/portugal-top-beaches-your-ultimate-guide\/\">Douro ou Algarve<\/a>et m\u00eame dans des r\u00e9gions moins connues mais tout aussi captivantes comme le Minho et le Ribatejo.<\/p>\n\n\n\n<h5 class=\"wp-block-heading\" id=\"h-the-diversity-of-portugal-s-castles\"><br><strong>La diversit\u00e9 des ch\u00e2teaux du Portugal<\/strong><\/h5>\n\n\n\n<p>Le Portugal compte 241 ch\u00e2teaux officiellement r\u00e9pertori\u00e9s, mais certaines sources sugg\u00e8rent qu'il y en aurait plus de 600, voire environ 700, selon l'ouvrage de Jos\u00e9 Hermano Saraiva \"<a href=\"https:\/\/img.bertrand.pt\/images\/historia-concisa-de-portugal-jose-hermano-saraiva\/NDV8MjQ1NDYzNjB8MjA2NTAwMjJ8MTYyMDMxNzQ1MjAwMHx3ZWJw\/250x\">Castelos de Portugal.<\/a>\" Con\u00e7us \u00e0 l'origine pour la protection et les points de vue strat\u00e9giques, ces ch\u00e2teaux sont aujourd'hui admir\u00e9s pour leurs emplacements soigneusement choisis, offrant aux visiteurs des vues \u00e0 couper le souffle.<\/p>\n\n\n\n<h4 class=\"wp-block-heading has-text-align-center\" id=\"h-must-visit-castles-in-portugal\"><br><br><strong>Les ch\u00e2teaux incontournables du Portugal<\/strong><\/h4>\n\n\n\n<h5 class=\"wp-block-heading has-text-align-center\" id=\"h-quinta-da-regaleira\"><br><br><strong>Quinta da Regaleira<\/strong><\/h5>\n\n\n\n<p>Situ\u00e9 pr\u00e8s du centre historique de Sintra, le Pal\u00e1cio da Regaleira, \u00e9galement connu sous le nom de Pal\u00e1cio do Monteiro dos Milh\u00f5es, est un chef-d'\u0153uvre de m\u00e9lange architectural. Con\u00e7u par l'architecte italien Luigi Manini, ce domaine de 4 hectares comprend des jardins luxuriants, des grottes \u00e9nigmatiques et des constructions aux significations symboliques profondes inspir\u00e9es par les francs-ma\u00e7ons, les templiers et les rosicruciens. C'est un lieu \u00e0 vivre, pas seulement \u00e0 voir - son architecture d'inspiration alchimique et son parc fascinant invitent \u00e0 une profonde contemplation.<\/p>\n\n\n<div class=\"wp-block-image\">\n<figure class=\"aligncenter size-large\"><img fetchpriority=\"high\" decoding=\"async\" data-recalc-dims=\"1\" height=\"512\" width=\"1024\" src=\"https:\/\/i0.wp.com\/relocations.io\/wp-content\/uploads\/2024\/08\/4-3.jpg?resize=1024%2C512&#038;ssl=1\" alt=\"Quinta da Regaleira, ch\u00e2teau au Portugal. Des sites historiques avec des vues imprenables. Visitez les ch\u00e2teaux historiques du Portugal\" class=\"wp-image-8581\" srcset=\"https:\/\/i0.wp.com\/relocations.io\/wp-content\/uploads\/2024\/08\/4-3.jpg?w=1920&amp;ssl=1 1920w, https:\/\/i0.wp.com\/relocations.io\/wp-content\/uploads\/2024\/08\/4-3.jpg?resize=300%2C150&amp;ssl=1 300w, https:\/\/i0.wp.com\/relocations.io\/wp-content\/uploads\/2024\/08\/4-3.jpg?resize=1024%2C512&amp;ssl=1 1024w, https:\/\/i0.wp.com\/relocations.io\/wp-content\/uploads\/2024\/08\/4-3.jpg?resize=768%2C384&amp;ssl=1 768w, https:\/\/i0.wp.com\/relocations.io\/wp-content\/uploads\/2024\/08\/4-3.jpg?resize=1536%2C768&amp;ssl=1 1536w, https:\/\/i0.wp.com\/relocations.io\/wp-content\/uploads\/2024\/08\/4-3.jpg?resize=18%2C9&amp;ssl=1 18w, https:\/\/i0.wp.com\/relocations.io\/wp-content\/uploads\/2024\/08\/4-3.jpg?resize=640%2C320&amp;ssl=1 640w, https:\/\/i0.wp.com\/relocations.io\/wp-content\/uploads\/2024\/08\/4-3.jpg?resize=50%2C25&amp;ssl=1 50w, https:\/\/i0.wp.com\/relocations.io\/wp-content\/uploads\/2024\/08\/4-3.jpg?resize=100%2C50&amp;ssl=1 100w\" sizes=\"(max-width: 1024px) 100vw, 1024px\" \/><\/figure>\n<\/div>\n\n\n<h5 class=\"wp-block-heading has-text-align-center\" id=\"h-castle-of-sao-jorge\"><br><br><strong>Ch\u00e2teau de S\u00e3o Jorge<\/strong><\/h5>\n\n\n\n<p>Perch\u00e9 sur la plus haute colline de Lisbonne, le ch\u00e2teau de S\u00e3o Jorge est l'un des monuments les plus embl\u00e9matiques de la ville. D\u00e9clar\u00e9 monument national en 1910, il a fait l'objet d'une importante restauration au XXe si\u00e8cle. Le ch\u00e2teau offre les meilleures vues de Lisbonne et du Tage. \u00c0 l'int\u00e9rieur, les visiteurs peuvent d\u00e9couvrir les expositions du mus\u00e9e sur l'histoire de Lisbonne et escalader la Tour d'Ulysse pour avoir une vue en temps r\u00e9el \u00e0 360 degr\u00e9s de la ville.<br><\/p>\n\n\n<div class=\"wp-block-image\">\n<figure class=\"aligncenter size-large\"><img decoding=\"async\" data-recalc-dims=\"1\" height=\"512\" width=\"1024\" src=\"https:\/\/i0.wp.com\/relocations.io\/wp-content\/uploads\/2024\/08\/5-3.jpg?resize=1024%2C512&#038;ssl=1\" alt=\"Ch\u00e2teau de Sao Jorge au Portugal. Des sites historiques avec des vues imprenables. Visitez les ch\u00e2teaux historiques du Portugal\" class=\"wp-image-8582\" srcset=\"https:\/\/i0.wp.com\/relocations.io\/wp-content\/uploads\/2024\/08\/5-3.jpg?w=1920&amp;ssl=1 1920w, https:\/\/i0.wp.com\/relocations.io\/wp-content\/uploads\/2024\/08\/5-3.jpg?resize=300%2C150&amp;ssl=1 300w, https:\/\/i0.wp.com\/relocations.io\/wp-content\/uploads\/2024\/08\/5-3.jpg?resize=1024%2C512&amp;ssl=1 1024w, https:\/\/i0.wp.com\/relocations.io\/wp-content\/uploads\/2024\/08\/5-3.jpg?resize=768%2C384&amp;ssl=1 768w, https:\/\/i0.wp.com\/relocations.io\/wp-content\/uploads\/2024\/08\/5-3.jpg?resize=1536%2C768&amp;ssl=1 1536w, https:\/\/i0.wp.com\/relocations.io\/wp-content\/uploads\/2024\/08\/5-3.jpg?resize=18%2C9&amp;ssl=1 18w, https:\/\/i0.wp.com\/relocations.io\/wp-content\/uploads\/2024\/08\/5-3.jpg?resize=640%2C320&amp;ssl=1 640w, https:\/\/i0.wp.com\/relocations.io\/wp-content\/uploads\/2024\/08\/5-3.jpg?resize=50%2C25&amp;ssl=1 50w, https:\/\/i0.wp.com\/relocations.io\/wp-content\/uploads\/2024\/08\/5-3.jpg?resize=100%2C50&amp;ssl=1 100w\" sizes=\"(max-width: 1024px) 100vw, 1024px\" \/><\/figure>\n<\/div>\n\n\n<h5 class=\"wp-block-heading has-text-align-center\" id=\"h-pena-national-palace-and-park-sintra\"><br><br><strong>Palais et parc national de Pena - Sintra<\/strong><\/h5>\n\n\n\n<p>Le palais national de Pena, \u00e0 Sintra, allie l'amour de l'exotisme \u00e0 la fascination pour la nature. S'\u00e9tendant sur 85 hectares, le parc pr\u00e9sente un \u00e9ventail vari\u00e9 de jardins, de pi\u00e8ces d'eau et de b\u00e2timents d\u00e9coratifs. Le palais lui-m\u00eame est un point d'orgue incomparable, entour\u00e9 de panoramas \u00e9poustouflants qui renforcent son allure romantique et captivent les visiteurs, m\u00eame plus d'un si\u00e8cle plus tard.<br><\/p>\n\n\n<div class=\"wp-block-image\">\n<figure class=\"aligncenter size-large\"><img decoding=\"async\" data-recalc-dims=\"1\" height=\"512\" width=\"1024\" src=\"https:\/\/i0.wp.com\/relocations.io\/wp-content\/uploads\/2024\/08\/6-1.jpg?resize=1024%2C512&#038;ssl=1\" alt=\"Palais national et parc au Portugal. Des sites historiques avec des vues imprenables. Visite des ch\u00e2teaux historiques du Portugal\" class=\"wp-image-8583\" srcset=\"https:\/\/i0.wp.com\/relocations.io\/wp-content\/uploads\/2024\/08\/6-1.jpg?w=1920&amp;ssl=1 1920w, https:\/\/i0.wp.com\/relocations.io\/wp-content\/uploads\/2024\/08\/6-1.jpg?resize=300%2C150&amp;ssl=1 300w, https:\/\/i0.wp.com\/relocations.io\/wp-content\/uploads\/2024\/08\/6-1.jpg?resize=1024%2C512&amp;ssl=1 1024w, https:\/\/i0.wp.com\/relocations.io\/wp-content\/uploads\/2024\/08\/6-1.jpg?resize=768%2C384&amp;ssl=1 768w, https:\/\/i0.wp.com\/relocations.io\/wp-content\/uploads\/2024\/08\/6-1.jpg?resize=1536%2C768&amp;ssl=1 1536w, https:\/\/i0.wp.com\/relocations.io\/wp-content\/uploads\/2024\/08\/6-1.jpg?resize=18%2C9&amp;ssl=1 18w, https:\/\/i0.wp.com\/relocations.io\/wp-content\/uploads\/2024\/08\/6-1.jpg?resize=640%2C320&amp;ssl=1 640w, https:\/\/i0.wp.com\/relocations.io\/wp-content\/uploads\/2024\/08\/6-1.jpg?resize=50%2C25&amp;ssl=1 50w, https:\/\/i0.wp.com\/relocations.io\/wp-content\/uploads\/2024\/08\/6-1.jpg?resize=100%2C50&amp;ssl=1 100w\" sizes=\"(max-width: 1024px) 100vw, 1024px\" \/><\/figure>\n<\/div>\n\n\n<h5 class=\"wp-block-heading has-text-align-center\" id=\"h-moorish-castle-sintra\"><br><br><strong>Ch\u00e2teau des Maures - Sintra<\/strong><\/h5>\n\n\n\n<p>Le ch\u00e2teau maure de Sintra offre un point de vue privil\u00e9gi\u00e9, s'\u00e9tendant de la ville \u00e0 la mer. Le ch\u00e2teau date du VIIIe si\u00e8cle et refl\u00e8te les d\u00e9buts de l'occupation islamique de la p\u00e9ninsule ib\u00e9rique. Au fil des ans, un reboisement intensif autour du ch\u00e2teau a permis de cr\u00e9er une palette de couleurs \u00e9poustouflante qui change au fil des saisons, faisant de ce lieu un v\u00e9ritable enchantement visuel.<br><br><\/p>\n\n\n<div class=\"wp-block-image\">\n<figure class=\"aligncenter size-large\"><img loading=\"lazy\" decoding=\"async\" data-recalc-dims=\"1\" height=\"512\" width=\"1024\" src=\"https:\/\/i0.wp.com\/relocations.io\/wp-content\/uploads\/2024\/08\/7-1.jpg?resize=1024%2C512&#038;ssl=1\" alt=\"Ch\u00e2teau maure au Portugal. Des sites historiques avec des vues imprenables. Visite des ch\u00e2teaux historiques du Portugal\" class=\"wp-image-8586\" srcset=\"https:\/\/i0.wp.com\/relocations.io\/wp-content\/uploads\/2024\/08\/7-1.jpg?w=1920&amp;ssl=1 1920w, https:\/\/i0.wp.com\/relocations.io\/wp-content\/uploads\/2024\/08\/7-1.jpg?resize=300%2C150&amp;ssl=1 300w, https:\/\/i0.wp.com\/relocations.io\/wp-content\/uploads\/2024\/08\/7-1.jpg?resize=1024%2C512&amp;ssl=1 1024w, https:\/\/i0.wp.com\/relocations.io\/wp-content\/uploads\/2024\/08\/7-1.jpg?resize=768%2C384&amp;ssl=1 768w, https:\/\/i0.wp.com\/relocations.io\/wp-content\/uploads\/2024\/08\/7-1.jpg?resize=1536%2C768&amp;ssl=1 1536w, https:\/\/i0.wp.com\/relocations.io\/wp-content\/uploads\/2024\/08\/7-1.jpg?resize=18%2C9&amp;ssl=1 18w, https:\/\/i0.wp.com\/relocations.io\/wp-content\/uploads\/2024\/08\/7-1.jpg?resize=640%2C320&amp;ssl=1 640w, https:\/\/i0.wp.com\/relocations.io\/wp-content\/uploads\/2024\/08\/7-1.jpg?resize=50%2C25&amp;ssl=1 50w, https:\/\/i0.wp.com\/relocations.io\/wp-content\/uploads\/2024\/08\/7-1.jpg?resize=100%2C50&amp;ssl=1 100w\" sizes=\"(max-width: 1024px) 100vw, 1024px\" \/><\/figure>\n<\/div>\n\n\n<h5 class=\"wp-block-heading has-text-align-center\" id=\"h-castle-of-obidos\"><br><br><strong>Ch\u00e2teau d'\u00d3bidos<\/strong><\/h5>\n\n\n\n<p>\u00c0 une heure de Lisbonne, le ch\u00e2teau bien pr\u00e9serv\u00e9 d'\u00d3bidos et ses murs d'enceinte transportent les visiteurs dans le Portugal m\u00e9di\u00e9val. Autrefois port maritime anim\u00e9, \u00d3bidos a \u00e9t\u00e9 fortifi\u00e9 par diff\u00e9rents peuples, dont les Romains et les musulmans. Le d\u00e9veloppement urbain bien document\u00e9 de la ville, enregistr\u00e9 d\u00e8s 1254, donne \u00e0 l'ensemble de la zone fortifi\u00e9e l'impression d'un voyage dans le temps.<br><br><\/p>\n\n\n<div class=\"wp-block-image\">\n<figure class=\"aligncenter size-large\"><img loading=\"lazy\" decoding=\"async\" data-recalc-dims=\"1\" height=\"512\" width=\"1024\" src=\"https:\/\/i0.wp.com\/relocations.io\/wp-content\/uploads\/2024\/08\/8-1.jpg?resize=1024%2C512&#038;ssl=1\" alt=\"Le ch\u00e2teau d&#039;\u00d3bidos et ses murs d&#039;enceinte transportent les visiteurs dans le Portugal m\u00e9di\u00e9val. Des sites historiques avec des vues imprenables. Visitez les ch\u00e2teaux historiques du Portugal\" class=\"wp-image-8587\" srcset=\"https:\/\/i0.wp.com\/relocations.io\/wp-content\/uploads\/2024\/08\/8-1.jpg?w=1920&amp;ssl=1 1920w, https:\/\/i0.wp.com\/relocations.io\/wp-content\/uploads\/2024\/08\/8-1.jpg?resize=300%2C150&amp;ssl=1 300w, https:\/\/i0.wp.com\/relocations.io\/wp-content\/uploads\/2024\/08\/8-1.jpg?resize=1024%2C512&amp;ssl=1 1024w, https:\/\/i0.wp.com\/relocations.io\/wp-content\/uploads\/2024\/08\/8-1.jpg?resize=768%2C384&amp;ssl=1 768w, https:\/\/i0.wp.com\/relocations.io\/wp-content\/uploads\/2024\/08\/8-1.jpg?resize=1536%2C768&amp;ssl=1 1536w, https:\/\/i0.wp.com\/relocations.io\/wp-content\/uploads\/2024\/08\/8-1.jpg?resize=18%2C9&amp;ssl=1 18w, https:\/\/i0.wp.com\/relocations.io\/wp-content\/uploads\/2024\/08\/8-1.jpg?resize=640%2C320&amp;ssl=1 640w, https:\/\/i0.wp.com\/relocations.io\/wp-content\/uploads\/2024\/08\/8-1.jpg?resize=50%2C25&amp;ssl=1 50w, https:\/\/i0.wp.com\/relocations.io\/wp-content\/uploads\/2024\/08\/8-1.jpg?resize=100%2C50&amp;ssl=1 100w\" sizes=\"(max-width: 1024px) 100vw, 1024px\" \/><\/figure>\n<\/div>\n\n\n<h5 class=\"wp-block-heading has-text-align-center\" id=\"h-castle-of-tomar\"><br><br><strong>Ch\u00e2teau de Tomar<\/strong><\/h5>\n\n\n\n<p>Le ch\u00e2teau de Tomar, fond\u00e9 par les Templiers en 1160, est situ\u00e9 sur une colline surplombant la rivi\u00e8re Tomar. Le complexe du ch\u00e2teau comprend une s\u00e9rie de murs entourant diff\u00e9rentes sections, dont le quartier g\u00e9n\u00e9ral militaire des Templiers et la maison du ma\u00eetre. Aujourd'hui, l'ancien parc du ch\u00e2teau est un jardin serein qui contraste avec son pass\u00e9 fortifi\u00e9.<br><\/p>\n\n\n<div class=\"wp-block-image\">\n<figure class=\"aligncenter size-large\"><img loading=\"lazy\" decoding=\"async\" data-recalc-dims=\"1\" height=\"512\" width=\"1024\" src=\"https:\/\/i0.wp.com\/relocations.io\/wp-content\/uploads\/2024\/08\/9-1.jpg?resize=1024%2C512&#038;ssl=1\" alt=\"Le ch\u00e2teau de Tomar, fond\u00e9 par les Templiers en 1160.Sites historiques avec vues imprenables. Visite des ch\u00e2teaux historiques du Portugal\" class=\"wp-image-8588\" srcset=\"https:\/\/i0.wp.com\/relocations.io\/wp-content\/uploads\/2024\/08\/9-1.jpg?w=1920&amp;ssl=1 1920w, https:\/\/i0.wp.com\/relocations.io\/wp-content\/uploads\/2024\/08\/9-1.jpg?resize=300%2C150&amp;ssl=1 300w, https:\/\/i0.wp.com\/relocations.io\/wp-content\/uploads\/2024\/08\/9-1.jpg?resize=1024%2C512&amp;ssl=1 1024w, https:\/\/i0.wp.com\/relocations.io\/wp-content\/uploads\/2024\/08\/9-1.jpg?resize=768%2C384&amp;ssl=1 768w, https:\/\/i0.wp.com\/relocations.io\/wp-content\/uploads\/2024\/08\/9-1.jpg?resize=1536%2C768&amp;ssl=1 1536w, https:\/\/i0.wp.com\/relocations.io\/wp-content\/uploads\/2024\/08\/9-1.jpg?resize=18%2C9&amp;ssl=1 18w, https:\/\/i0.wp.com\/relocations.io\/wp-content\/uploads\/2024\/08\/9-1.jpg?resize=640%2C320&amp;ssl=1 640w, https:\/\/i0.wp.com\/relocations.io\/wp-content\/uploads\/2024\/08\/9-1.jpg?resize=50%2C25&amp;ssl=1 50w, https:\/\/i0.wp.com\/relocations.io\/wp-content\/uploads\/2024\/08\/9-1.jpg?resize=100%2C50&amp;ssl=1 100w\" sizes=\"(max-width: 1024px) 100vw, 1024px\" \/><\/figure>\n<\/div>\n\n\n<h5 class=\"wp-block-heading has-text-align-center\" id=\"h-palace-of-the-dukes-of-braganza-guimaraes\"><br><br><strong>Palais des ducs de Bragance - Guimar\u00e3es<\/strong><\/h5>\n\n\n\n<p>Le palais des ducs de Bragance \u00e0 Guimar\u00e3es est un exemple \u00e9tonnant de l'architecture noble du XVe si\u00e8cle et le berceau de la dynastie des Bragance. Class\u00e9 monument national depuis 1910, le palais comprend \u00e9galement une aile d\u00e9sign\u00e9e comme r\u00e9sidence officielle du pr\u00e9sident de la R\u00e9publique.<br><\/p>\n\n\n<div class=\"wp-block-image\">\n<figure class=\"aligncenter size-large\"><img loading=\"lazy\" decoding=\"async\" data-recalc-dims=\"1\" height=\"512\" width=\"1024\" src=\"https:\/\/i0.wp.com\/relocations.io\/wp-content\/uploads\/2024\/08\/10-1.jpg?resize=1024%2C512&#038;ssl=1\" alt=\"Le palais des ducs de Bragance \u00e0 Guimar\u00e3es. Des sites historiques avec des vues imprenables. Visitez les ch\u00e2teaux historiques du Portugal\" class=\"wp-image-8589\" srcset=\"https:\/\/i0.wp.com\/relocations.io\/wp-content\/uploads\/2024\/08\/10-1.jpg?w=1920&amp;ssl=1 1920w, https:\/\/i0.wp.com\/relocations.io\/wp-content\/uploads\/2024\/08\/10-1.jpg?resize=300%2C150&amp;ssl=1 300w, https:\/\/i0.wp.com\/relocations.io\/wp-content\/uploads\/2024\/08\/10-1.jpg?resize=1024%2C512&amp;ssl=1 1024w, https:\/\/i0.wp.com\/relocations.io\/wp-content\/uploads\/2024\/08\/10-1.jpg?resize=768%2C384&amp;ssl=1 768w, https:\/\/i0.wp.com\/relocations.io\/wp-content\/uploads\/2024\/08\/10-1.jpg?resize=1536%2C768&amp;ssl=1 1536w, https:\/\/i0.wp.com\/relocations.io\/wp-content\/uploads\/2024\/08\/10-1.jpg?resize=18%2C9&amp;ssl=1 18w, https:\/\/i0.wp.com\/relocations.io\/wp-content\/uploads\/2024\/08\/10-1.jpg?resize=640%2C320&amp;ssl=1 640w, https:\/\/i0.wp.com\/relocations.io\/wp-content\/uploads\/2024\/08\/10-1.jpg?resize=50%2C25&amp;ssl=1 50w, https:\/\/i0.wp.com\/relocations.io\/wp-content\/uploads\/2024\/08\/10-1.jpg?resize=100%2C50&amp;ssl=1 100w\" sizes=\"(max-width: 1024px) 100vw, 1024px\" \/><\/figure>\n<\/div>\n\n\n<hr class=\"wp-block-separator has-alpha-channel-opacity\"\/>\n\n\n\n<p>Les ch\u00e2teaux du Portugal ne sont pas seulement des rep\u00e8res historiques, mais aussi des rappels vivants du riche pass\u00e9 et de l'\u00e9volution de l'identit\u00e9 de la nation. Qu'il s'agisse d'anciennes fortifications militaires ou d'attractions touristiques modernes, ces ch\u00e2teaux refl\u00e8tent les \u00e9volutions strat\u00e9giques, culturelles et architecturales qui ont fa\u00e7onn\u00e9 le pays. Qu'il soit perch\u00e9 sur des collines pittoresques ou nich\u00e9 dans des villes historiques, chaque ch\u00e2teau raconte une histoire unique, invitant les visiteurs \u00e0 explorer l'histoire, la beaut\u00e9 et la diversit\u00e9 du Portugal et \u00e0 s'y int\u00e9resser. Aujourd'hui, ils t\u00e9moignent de l'h\u00e9ritage durable du Portugal, offrant une fen\u00eatre sur le pass\u00e9 tout en enrichissant le pr\u00e9sent.<\/p>\n\t\t\t\t\t\t\t\t<\/div>\n\t\t\t\t<\/div>\n\t\t\t\t\t<\/div>\n\t\t\t\t<\/div>\n\t\t\t\t<\/div>","protected":false},"excerpt":{"rendered":"<p> Aujourd'hui, les ch\u00e2teaux du Portugal constituent une attraction touristique majeure en raison de leur beaut\u00e9, de leur histoire et de leur diversit\u00e9. Ils sont diss\u00e9min\u00e9s dans des villes historiques comme Lisbonne et Guimar\u00e3es, nich\u00e9s dans des paysages naturels \u00e9poustouflants comme le Douro ou l'Algarve, et m\u00eame dans des r\u00e9gions moins connues mais tout aussi captivantes comme le Minho et le Ribatejo.<\/p>","protected":false},"author":2,"featured_media":8591,"comment_status":"closed","ping_status":"closed","sticky":false,"template":"","format":"standard","meta":{"_jetpack_memberships_contains_paid_content":false,"footnotes":""},"categories":[147,60,146,61,68],"tags":[148,70,92,142,71],"class_list":["post-8793","post","type-post","status-publish","format-standard","has-post-thumbnail","hentry","category-cultural-activities","category-europe","category-national-holidays","category-portugal","category-relocations-io","tag-castles-in-portugal","tag-moving-to-europe","tag-portugal","tag-relocate","tag-relocations"],"jetpack_featured_media_url":"https:\/\/i0.wp.com\/relocations.io\/wp-content\/uploads\/2024\/08\/Castelos-Portugal-banner.jpg?fit=1920%2C960&ssl=1","jetpack-related-posts":[{"id":7406,"url":"https:\/\/relocations.io\/fr\/les-bresiliens-qui-sinstallent-au-portugal-saisissent-de-nouvelles-opportunites-dans-le-cadre-dune-histoire-commune\/","url_meta":{"origin":8793,"position":0},"title":"Les Br\u00e9siliens s'installent au Portugal : Saisir de nouvelles opportunit\u00e9s dans le cadre d'une histoire commune","author":"Relocations.io","date":"juillet 1, 2023","format":false,"excerpt":"Explorez les liens historiques entre le Br\u00e9sil et le Portugal, alors que les Br\u00e9siliens cherchent de nouvelles opportunit\u00e9s dans le pays de leur pass\u00e9 colonial. Avec une langue et des affinit\u00e9s culturelles communes, le Portugal offre un environnement accueillant pour les Br\u00e9siliens qui peuvent prosp\u00e9rer dans divers secteurs, de la technologie au tourisme.","rel":"","context":"Dans &quot;Europe&quot;","block_context":{"text":"Europe","link":"https:\/\/relocations.io\/fr\/categorie\/leurope\/"},"img":{"alt_text":"","src":"https:\/\/i0.wp.com\/relocations.io\/wp-content\/uploads\/2022\/11\/36.jpg?fit=1200%2C675&ssl=1&resize=350%2C200","width":350,"height":200,"srcset":"https:\/\/i0.wp.com\/relocations.io\/wp-content\/uploads\/2022\/11\/36.jpg?fit=1200%2C675&ssl=1&resize=350%2C200 1x, https:\/\/i0.wp.com\/relocations.io\/wp-content\/uploads\/2022\/11\/36.jpg?fit=1200%2C675&ssl=1&resize=525%2C300 1.5x, https:\/\/i0.wp.com\/relocations.io\/wp-content\/uploads\/2022\/11\/36.jpg?fit=1200%2C675&ssl=1&resize=700%2C400 2x, https:\/\/i0.wp.com\/relocations.io\/wp-content\/uploads\/2022\/11\/36.jpg?fit=1200%2C675&ssl=1&resize=1050%2C600 3x"},"classes":[]},{"id":7427,"url":"https:\/\/relocations.io\/fr\/votre-guide-sur-les-exigences-en-matiere-de-visa-et-de-citoyennete-au-portugal-naviguer-sur-le-chemin-dune-nouvelle-vie\/","url_meta":{"origin":8793,"position":1},"title":"Votre guide des exigences en mati\u00e8re de visa et de citoyennet\u00e9 au Portugal : Naviguer sur le chemin d'une nouvelle vie","author":"Relocations.io","date":"juin 1, 2024","format":false,"excerpt":"D\u00e9couvrez les \u00e9tapes essentielles de l'installation au Portugal, des exigences en mati\u00e8re de visa aux proc\u00e9dures de citoyennet\u00e9. Notre guide simplifie le processus et garantit une transition en douceur vers votre nouvelle vie dans ce pays captivant.","rel":"","context":"Dans &quot;Europe&quot;","block_context":{"text":"Europe","link":"https:\/\/relocations.io\/fr\/categorie\/leurope\/"},"img":{"alt_text":"","src":"https:\/\/i0.wp.com\/relocations.io\/wp-content\/uploads\/2022\/11\/41.jpg?fit=1200%2C675&ssl=1&resize=350%2C200","width":350,"height":200,"srcset":"https:\/\/i0.wp.com\/relocations.io\/wp-content\/uploads\/2022\/11\/41.jpg?fit=1200%2C675&ssl=1&resize=350%2C200 1x, https:\/\/i0.wp.com\/relocations.io\/wp-content\/uploads\/2022\/11\/41.jpg?fit=1200%2C675&ssl=1&resize=525%2C300 1.5x, https:\/\/i0.wp.com\/relocations.io\/wp-content\/uploads\/2022\/11\/41.jpg?fit=1200%2C675&ssl=1&resize=700%2C400 2x, https:\/\/i0.wp.com\/relocations.io\/wp-content\/uploads\/2022\/11\/41.jpg?fit=1200%2C675&ssl=1&resize=1050%2C600 3x"},"classes":[]},{"id":9038,"url":"https:\/\/relocations.io\/fr\/nouveaux-vols-directs-de-montreal-a-porto\/","url_meta":{"origin":8793,"position":2},"title":"De nouveaux vols directs vers le Canada stimulent le tourisme entre le Portugal et le Canada","author":"Relocations.io","date":"ao\u00fbt 27, 2024","format":false,"excerpt":"A new direct flight route by Air Canada connecting Montreal, Canada, and Porto, Portugal. This service offers a convenient travel option for tourists and the Portuguese community in Canada. It highlights the benefits of the direct flight, including saving time and enhancing travel comfort, and also promotes Porto as an\u2026","rel":"","context":"Dans &quot;Canada&quot;","block_context":{"text":"Canada","link":"https:\/\/relocations.io\/fr\/categorie\/canada\/"},"img":{"alt_text":"","src":"https:\/\/i0.wp.com\/relocations.io\/wp-content\/uploads\/2024\/08\/New-Flights.jpg?fit=1200%2C600&ssl=1&resize=350%2C200","width":350,"height":200,"srcset":"https:\/\/i0.wp.com\/relocations.io\/wp-content\/uploads\/2024\/08\/New-Flights.jpg?fit=1200%2C600&ssl=1&resize=350%2C200 1x, https:\/\/i0.wp.com\/relocations.io\/wp-content\/uploads\/2024\/08\/New-Flights.jpg?fit=1200%2C600&ssl=1&resize=525%2C300 1.5x, https:\/\/i0.wp.com\/relocations.io\/wp-content\/uploads\/2024\/08\/New-Flights.jpg?fit=1200%2C600&ssl=1&resize=700%2C400 2x, https:\/\/i0.wp.com\/relocations.io\/wp-content\/uploads\/2024\/08\/New-Flights.jpg?fit=1200%2C600&ssl=1&resize=1050%2C600 3x"},"classes":[]},{"id":7363,"url":"https:\/\/relocations.io\/fr\/embrasser-leurope-le-chemin-simplifie-vers-un-nouveau-depart\/","url_meta":{"origin":8793,"position":3},"title":"Embrasser l'Europe : La voie simplifi\u00e9e vers un nouveau d\u00e9part","author":"Relocations.io","date":"octobre 1, 2022","format":false,"excerpt":"The Allure of Moving to Europe Moving to Europe has captivated people worldwide. With its rich history, diverse culture, and high quality of life, Europe offers countless benefits for a fresh start. While relocating to a new continent can seem daunting, careful planning and the right support can streamline the\u2026","rel":"","context":"Dans &quot;Europe&quot;","block_context":{"text":"Europe","link":"https:\/\/relocations.io\/fr\/categorie\/leurope\/"},"img":{"alt_text":"","src":"https:\/\/i0.wp.com\/relocations.io\/wp-content\/uploads\/2024\/02\/embracing-europe2.png?fit=1200%2C675&ssl=1&resize=350%2C200","width":350,"height":200,"srcset":"https:\/\/i0.wp.com\/relocations.io\/wp-content\/uploads\/2024\/02\/embracing-europe2.png?fit=1200%2C675&ssl=1&resize=350%2C200 1x, https:\/\/i0.wp.com\/relocations.io\/wp-content\/uploads\/2024\/02\/embracing-europe2.png?fit=1200%2C675&ssl=1&resize=525%2C300 1.5x, https:\/\/i0.wp.com\/relocations.io\/wp-content\/uploads\/2024\/02\/embracing-europe2.png?fit=1200%2C675&ssl=1&resize=700%2C400 2x, https:\/\/i0.wp.com\/relocations.io\/wp-content\/uploads\/2024\/02\/embracing-europe2.png?fit=1200%2C675&ssl=1&resize=1050%2C600 3x"},"classes":[]},{"id":7385,"url":"https:\/\/relocations.io\/fr\/donnees-de-la-saint-valentin\/","url_meta":{"origin":8793,"position":4},"title":"L'amour \u00e0 travers le continent : Les traditions de la Saint-Valentin en Europe et au-del\u00e0","author":"Relocations.io","date":"f\u00e9vrier 1, 2023","format":false,"excerpt":"Valentine\u2019s Day Traditions Across Europe: A Romantic Tour As February 14th draws near, love blossoms worldwide, but nowhere does it shine quite like in Europe. From the sunlit shores of Portugal to the charming streets of Paris, Valentine\u2019s Day in Europe is a grand celebration of romance, tradition, and heartfelt\u2026","rel":"","context":"Dans &quot;Belgium&quot;","block_context":{"text":"Belgium","link":"https:\/\/relocations.io\/fr\/categorie\/leurope\/belgique\/"},"img":{"alt_text":"","src":"https:\/\/i0.wp.com\/relocations.io\/wp-content\/uploads\/2022\/11\/27.jpg?fit=1200%2C675&ssl=1&resize=350%2C200","width":350,"height":200,"srcset":"https:\/\/i0.wp.com\/relocations.io\/wp-content\/uploads\/2022\/11\/27.jpg?fit=1200%2C675&ssl=1&resize=350%2C200 1x, https:\/\/i0.wp.com\/relocations.io\/wp-content\/uploads\/2022\/11\/27.jpg?fit=1200%2C675&ssl=1&resize=525%2C300 1.5x, https:\/\/i0.wp.com\/relocations.io\/wp-content\/uploads\/2022\/11\/27.jpg?fit=1200%2C675&ssl=1&resize=700%2C400 2x, https:\/\/i0.wp.com\/relocations.io\/wp-content\/uploads\/2022\/11\/27.jpg?fit=1200%2C675&ssl=1&resize=1050%2C600 3x"},"classes":[]},{"id":8847,"url":"https:\/\/relocations.io\/fr\/fin-de-lexpression-dintention-du-portugal\/","url_meta":{"origin":8793,"position":5},"title":"Fin de la d\u00e9claration d'intention du Portugal : Explication des nouvelles r\u00e8gles en mati\u00e8re d'immigration","author":"Relocations.io","date":"juin 6, 2024","format":false,"excerpt":"Les r\u00e9centes modifications apport\u00e9es \u00e0 la proc\u00e9dure d'immigration au Portugal marquent un changement important. Le gouvernement a mis fin \u00e0 la proc\u00e9dure d'expression d'int\u00e9r\u00eat (EOI), une mesure qui concerne les personnes qui envisagent de s'installer au Portugal. Cette mise \u00e0 jour vise \u00e0 am\u00e9liorer l'efficacit\u00e9 du syst\u00e8me d'immigration.","rel":"","context":"Dans &quot;Citizenship&quot;","block_context":{"text":"Citizenship","link":"https:\/\/relocations.io\/fr\/categorie\/leurope\/la-citoyennete\/"},"img":{"alt_text":"","src":"https:\/\/i0.wp.com\/relocations.io\/wp-content\/uploads\/2024\/06\/intention.jpg?fit=1200%2C600&ssl=1&resize=350%2C200","width":350,"height":200,"srcset":"https:\/\/i0.wp.com\/relocations.io\/wp-content\/uploads\/2024\/06\/intention.jpg?fit=1200%2C600&ssl=1&resize=350%2C200 1x, https:\/\/i0.wp.com\/relocations.io\/wp-content\/uploads\/2024\/06\/intention.jpg?fit=1200%2C600&ssl=1&resize=525%2C300 1.5x, https:\/\/i0.wp.com\/relocations.io\/wp-content\/uploads\/2024\/06\/intention.jpg?fit=1200%2C600&ssl=1&resize=700%2C400 2x, https:\/\/i0.wp.com\/relocations.io\/wp-content\/uploads\/2024\/06\/intention.jpg?fit=1200%2C600&ssl=1&resize=1050%2C600 3x"},"classes":[]}],"jetpack_sharing_enabled":true,"_links":{"self":[{"href":"https:\/\/relocations.io\/fr\/wp-json\/wp\/v2\/posts\/8793","targetHints":{"allow":["GET"]}}],"collection":[{"href":"https:\/\/relocations.io\/fr\/wp-json\/wp\/v2\/posts"}],"about":[{"href":"https:\/\/relocations.io\/fr\/wp-json\/wp\/v2\/types\/post"}],"author":[{"embeddable":true,"href":"https:\/\/relocations.io\/fr\/wp-json\/wp\/v2\/users\/2"}],"replies":[{"embeddable":true,"href":"https:\/\/relocations.io\/fr\/wp-json\/wp\/v2\/comments?post=8793"}],"version-history":[{"count":0,"href":"https:\/\/relocations.io\/fr\/wp-json\/wp\/v2\/posts\/8793\/revisions"}],"wp:featuredmedia":[{"embeddable":true,"href":"https:\/\/relocations.io\/fr\/wp-json\/wp\/v2\/media\/8591"}],"wp:attachment":[{"href":"https:\/\/relocations.io\/fr\/wp-json\/wp\/v2\/media?parent=8793"}],"wp:term":[{"taxonomy":"category","embeddable":true,"href":"https:\/\/relocations.io\/fr\/wp-json\/wp\/v2\/categories?post=8793"},{"taxonomy":"post_tag","embeddable":true,"href":"https:\/\/relocations.io\/fr\/wp-json\/wp\/v2\/tags?post=8793"}],"curies":[{"name":"wp","href":"https:\/\/api.w.org\/{rel}","templated":true}]}}