{"id":8171,"date":"2024-06-28T10:00:31","date_gmt":"2024-06-28T09:00:31","guid":{"rendered":"https:\/\/relocations.io\/?p=8171"},"modified":"2024-09-10T13:39:37","modified_gmt":"2024-09-10T12:39:37","slug":"le-mouvement-lgbtq-en-europe","status":"publish","type":"post","link":"https:\/\/relocations.io\/fr\/le-mouvement-lgbtq-en-europe\/","title":{"rendered":"Le mouvement LGBTQ+ en Europe"},"content":{"rendered":"<div data-elementor-type=\"wp-post\" data-elementor-id=\"8171\" class=\"elementor elementor-8171\" data-elementor-settings=\"{&quot;ha_cmc_init_switcher&quot;:&quot;no&quot;}\" data-elementor-post-type=\"post\">\n\t\t\t\t\t\t<section class=\"elementor-section elementor-top-section elementor-element elementor-element-52d4518d elementor-section-boxed elementor-section-height-default elementor-section-height-default\" data-id=\"52d4518d\" data-element_type=\"section\" data-settings=\"{&quot;_ha_eqh_enable&quot;:false}\">\n\t\t\t\t\t\t<div class=\"elementor-container elementor-column-gap-default\">\n\t\t\t\t\t<div class=\"elementor-column elementor-col-100 elementor-top-column elementor-element elementor-element-715c1469\" data-id=\"715c1469\" data-element_type=\"column\">\n\t\t\t<div class=\"elementor-widget-wrap elementor-element-populated\">\n\t\t\t\t\t\t<section class=\"elementor-section elementor-inner-section elementor-element elementor-element-fc03aa0 elementor-section-boxed elementor-section-height-default elementor-section-height-default\" data-id=\"fc03aa0\" data-element_type=\"section\" data-settings=\"{&quot;_ha_eqh_enable&quot;:false}\">\n\t\t\t\t\t\t<div class=\"elementor-container elementor-column-gap-default\">\n\t\t\t\t\t<div class=\"elementor-column elementor-col-100 elementor-inner-column elementor-element elementor-element-3137753f\" data-id=\"3137753f\" data-element_type=\"column\">\n\t\t\t<div class=\"elementor-widget-wrap elementor-element-populated\">\n\t\t\t\t\t\t<div class=\"elementor-element elementor-element-4168c46f elementor-widget elementor-widget-elementskit-heading\" data-id=\"4168c46f\" data-element_type=\"widget\" data-widget_type=\"elementskit-heading.default\">\n\t\t\t\t<div class=\"elementor-widget-container\">\n\t\t\t\t\t<div class=\"ekit-wid-con\" ><div class=\"ekit-heading elementskit-section-title-wraper text_center   ekit_heading_tablet-   ekit_heading_mobile-\"><h2 class=\"ekit-heading--title elementskit-section-title\">Le mouvement LGBTQ+ en Europe<\/h2><\/div><\/div>\t\t\t\t<\/div>\n\t\t\t\t<\/div>\n\t\t\t\t\t<\/div>\n\t\t<\/div>\n\t\t\t\t\t<\/div>\n\t\t<\/section>\n\t\t\t\t<section class=\"elementor-section elementor-inner-section elementor-element elementor-element-26cdc359 elementor-section-content-middle elementor-section-boxed elementor-section-height-default elementor-section-height-default\" data-id=\"26cdc359\" data-element_type=\"section\" data-settings=\"{&quot;_ha_eqh_enable&quot;:false}\">\n\t\t\t\t\t\t<div class=\"elementor-container elementor-column-gap-default\">\n\t\t\t\t\t<div class=\"elementor-column elementor-col-50 elementor-inner-column elementor-element elementor-element-4c168ae1 elementor-hidden-phone\" data-id=\"4c168ae1\" data-element_type=\"column\" data-settings=\"{&quot;background_background&quot;:&quot;classic&quot;}\">\n\t\t\t<div class=\"elementor-widget-wrap elementor-element-populated\">\n\t\t\t\t\t\t<div class=\"elementor-element elementor-element-205fb93b elementor-widget elementor-widget-image\" data-id=\"205fb93b\" data-element_type=\"widget\" data-widget_type=\"image.default\">\n\t\t\t\t<div class=\"elementor-widget-container\">\n\t\t\t\t\t\t\t\t\t\t\t\t\t\t\t<img fetchpriority=\"high\" decoding=\"async\" width=\"6912\" height=\"3456\" src=\"https:\/\/i0.wp.com\/relocations.io\/wp-content\/uploads\/lgbt-family.png?fit=6912%2C3456&amp;ssl=1\" class=\"attachment-full size-full wp-image-61882\" alt=\"\" srcset=\"https:\/\/i0.wp.com\/relocations.io\/wp-content\/uploads\/lgbt-family.png?w=6912&amp;ssl=1 6912w, https:\/\/i0.wp.com\/relocations.io\/wp-content\/uploads\/lgbt-family.png?resize=300%2C150&amp;ssl=1 300w, https:\/\/i0.wp.com\/relocations.io\/wp-content\/uploads\/lgbt-family.png?resize=1024%2C512&amp;ssl=1 1024w, https:\/\/i0.wp.com\/relocations.io\/wp-content\/uploads\/lgbt-family.png?resize=768%2C384&amp;ssl=1 768w, https:\/\/i0.wp.com\/relocations.io\/wp-content\/uploads\/lgbt-family.png?resize=1536%2C768&amp;ssl=1 1536w, https:\/\/i0.wp.com\/relocations.io\/wp-content\/uploads\/lgbt-family.png?resize=18%2C9&amp;ssl=1 18w, https:\/\/i0.wp.com\/relocations.io\/wp-content\/uploads\/lgbt-family.png?resize=1920%2C960&amp;ssl=1 1920w, https:\/\/i0.wp.com\/relocations.io\/wp-content\/uploads\/lgbt-family.png?resize=600%2C300&amp;ssl=1 600w, https:\/\/i0.wp.com\/relocations.io\/wp-content\/uploads\/lgbt-family.png?w=2160&amp;ssl=1 2160w, https:\/\/i0.wp.com\/relocations.io\/wp-content\/uploads\/lgbt-family.png?w=3240&amp;ssl=1 3240w\" sizes=\"(max-width: 1080px) 100vw, 1080px\" \/>\t\t\t\t\t\t\t\t\t\t\t\t\t\t\t<\/div>\n\t\t\t\t<\/div>\n\t\t\t\t\t<\/div>\n\t\t<\/div>\n\t\t\t\t<div class=\"elementor-column elementor-col-50 elementor-inner-column elementor-element elementor-element-31822d1e\" data-id=\"31822d1e\" data-element_type=\"column\" data-settings=\"{&quot;background_background&quot;:&quot;slideshow&quot;,&quot;background_slideshow_gallery&quot;:[],&quot;background_slideshow_loop&quot;:&quot;yes&quot;,&quot;background_slideshow_slide_duration&quot;:5000,&quot;background_slideshow_slide_transition&quot;:&quot;fade&quot;,&quot;background_slideshow_transition_duration&quot;:500}\">\n\t\t\t<div class=\"elementor-widget-wrap elementor-element-populated\">\n\t\t\t\t\t\t<div class=\"elementor-element elementor-element-dcce709 elementor-widget elementor-widget-text-editor\" data-id=\"dcce709\" data-element_type=\"widget\" data-widget_type=\"text-editor.default\">\n\t\t\t\t<div class=\"elementor-widget-container\">\n\t\t\t\t\t\t\t\t\t<p>Bien que les relations entre personnes de m\u00eame sexe aient \u00e9t\u00e9 assez courantes dans la Gr\u00e8ce antique, \u00e0 Rome et dans les soci\u00e9t\u00e9s celtiques pa\u00efennes, des lois s\u00e9v\u00e8res contre le comportement homosexuel sont apparues lorsque le christianisme est devenu la religion officielle de l'Empire romain. Les autorit\u00e9s europ\u00e9ennes ont consid\u00e9r\u00e9 les actes homosexuels, appel\u00e9s sodomie, comme des crimes capitaux, ce qui les a amen\u00e9es \u00e0 ex\u00e9cuter des milliers d'homosexuels au cours des vagues de pers\u00e9cution qui ont eu lieu au fil des si\u00e8cles. Bien qu'elles aient moins souvent puni les relations lesbiennes, elles ont tout de m\u00eame pers\u00e9cut\u00e9 et ex\u00e9cut\u00e9 de nombreuses femmes.<\/p>\t\t\t\t\t\t\t\t<\/div>\n\t\t\t\t<\/div>\n\t\t\t\t<div class=\"elementor-element elementor-element-e76557c elementor-widget__width-initial elementor-widget elementor-widget-text-editor\" data-id=\"e76557c\" data-element_type=\"widget\" data-widget_type=\"text-editor.default\">\n\t\t\t\t<div class=\"elementor-widget-container\">\n\t\t\t\t\t\t\t\t\t<p>Pendant des si\u00e8cles, les personnes LGBTQ+ ont d\u00fb vivre cach\u00e9es en raison de la forte d\u00e9sapprobation morale et sociale des soci\u00e9t\u00e9s h\u00e9t\u00e9ronormatives \u00e0 travers le monde. <a href=\"https:\/\/relocations.io\/americans-moving-abroad-for-stability\/\" data-wpil-monitor-id=\"15\">L'Europe<\/a>. Ce n'est qu'en 1969 que le mouvement moderne pour les droits des LGBTQ+ a commenc\u00e9 \u00e0 \u00e9voluer de mani\u00e8re significative.<\/p>\t\t\t\t\t\t\t\t<\/div>\n\t\t\t\t<\/div>\n\t\t\t\t<div class=\"elementor-element elementor-element-e88632b elementor-widget elementor-widget-spacer\" data-id=\"e88632b\" data-element_type=\"widget\" data-widget_type=\"spacer.default\">\n\t\t\t\t<div class=\"elementor-widget-container\">\n\t\t\t\t\t\t\t<div class=\"elementor-spacer\">\n\t\t\t<div class=\"elementor-spacer-inner\"><\/div>\n\t\t<\/div>\n\t\t\t\t\t\t<\/div>\n\t\t\t\t<\/div>\n\t\t\t\t<div class=\"elementor-element elementor-element-3a4e1d5 elementor-widget elementor-widget-text-editor\" data-id=\"3a4e1d5\" data-element_type=\"widget\" data-widget_type=\"text-editor.default\">\n\t\t\t\t<div class=\"elementor-widget-container\">\n\t\t\t\t\t\t\t\t\t<p>Aujourd'hui, les droits des LGBTQ+ en <a href=\"https:\/\/relocations.io\/moving-from-canada-to-portugal-a-comprehensive-guide\/\" data-wpil-monitor-id=\"114\">L'Europe<\/a> varient consid\u00e9rablement d'un pays \u00e0 l'autre. Seize des 28 pays qui ont l\u00e9galis\u00e9 le mariage homosexuel dans le monde se trouvent en Europe. Treize autres pays europ\u00e9ens ont l\u00e9galis\u00e9 les unions civiles ou d'autres formes de reconnaissance limit\u00e9e pour les couples de m\u00eame sexe.<\/p>\t\t\t\t\t\t\t\t<\/div>\n\t\t\t\t<\/div>\n\t\t\t\t<div class=\"elementor-element elementor-element-c934617 elementor-widget elementor-widget-text-editor\" data-id=\"c934617\" data-element_type=\"widget\" data-widget_type=\"text-editor.default\">\n\t\t\t\t<div class=\"elementor-widget-container\">\n\t\t\t\t\t\t\t\t\t<p>Selon Gallup, plusieurs grands pays europ\u00e9ens figurent parmi les plus favorables aux LGBTQ+ dans le monde. Des pays comme les Pays-Bas, l'Espagne, le Portugal et le Danemark figurent en bonne place sur diverses listes pour leurs attitudes et politiques progressistes.<\/p>\t\t\t\t\t\t\t\t<\/div>\n\t\t\t\t<\/div>\n\t\t\t\t\t<\/div>\n\t\t<\/div>\n\t\t\t\t\t<\/div>\n\t\t<\/section>\n\t\t\t\t\t<\/div>\n\t\t<\/div>\n\t\t\t\t\t<\/div>\n\t\t<\/section>\n\t\t\t\t<section class=\"elementor-section elementor-top-section elementor-element elementor-element-2d483515 elementor-section-boxed elementor-section-height-default elementor-section-height-default\" data-id=\"2d483515\" data-element_type=\"section\" data-settings=\"{&quot;background_background&quot;:&quot;classic&quot;,&quot;_ha_eqh_enable&quot;:false}\">\n\t\t\t\t\t\t<div class=\"elementor-container elementor-column-gap-no\">\n\t\t\t\t\t<div class=\"elementor-column elementor-col-100 elementor-top-column elementor-element elementor-element-73b34010\" data-id=\"73b34010\" data-element_type=\"column\">\n\t\t\t<div class=\"elementor-widget-wrap elementor-element-populated\">\n\t\t\t\t\t\t<section class=\"elementor-section elementor-inner-section elementor-element elementor-element-255ed86d elementor-section-boxed elementor-section-height-default elementor-section-height-default\" data-id=\"255ed86d\" data-element_type=\"section\" data-settings=\"{&quot;_ha_eqh_enable&quot;:false}\">\n\t\t\t\t\t\t<div class=\"elementor-container elementor-column-gap-extended\">\n\t\t\t\t\t<div class=\"elementor-column elementor-col-50 elementor-inner-column elementor-element elementor-element-1c3c0cc0\" data-id=\"1c3c0cc0\" data-element_type=\"column\">\n\t\t\t<div class=\"elementor-widget-wrap elementor-element-populated\">\n\t\t\t\t\t\t<div class=\"elementor-element elementor-element-2a0c3748 ekit-equal-height-disable elementor-widget elementor-widget-elementskit-icon-box\" data-id=\"2a0c3748\" data-element_type=\"widget\" data-widget_type=\"elementskit-icon-box.default\">\n\t\t\t\t<div class=\"elementor-widget-container\">\n\t\t\t\t\t<div class=\"ekit-wid-con\" >        <!-- link opening -->\n                <a href=\"#\" class=\"ekit_global_links\">\n                <!-- end link opening -->\n\n        <div class=\"elementskit-infobox text-left text-left icon-top-align elementor-animation-  gradient-active  hover_from_top\">\n                    <div class=\"elementskit-box-header elementor-animation-\">\n                <div class=\"elementskit-info-box-icon\">\n                    \n                <\/div>\n          <\/div>\n                        <div class=\"box-body\">\n                            <h3 class=\"elementskit-info-box-title\">\n                    Qu'est-ce qui fait qu'un pays est favorable aux LGBTQ+ ?                <\/h3>\n                        \t\t  \t<p>Le Spartacus Gay Travel Index classe les 12 pays d'Europe les plus accueillants pour les personnes LGBTQ+. Cette \u00e9tude annuelle, qui recueille des donn\u00e9es depuis 2012, \u00e9value les pays en fonction des lois, de la s\u00e9curit\u00e9, des attitudes locales, etc. Les pays europ\u00e9ens progressistes o\u00f9 les communaut\u00e9s LGBTQ+ sont florissantes ont g\u00e9n\u00e9ralement l\u00e9galis\u00e9 le mariage homosexuel, la transition de genre et l'adoption pour les couples de m\u00eame sexe. En outre, des politiques telles que les d\u00e9fil\u00e9s officiels de la fiert\u00e9 et les quartiers LGBTQ+ contribuent \u00e0 cr\u00e9er des espaces s\u00fbrs pour les membres de la communaut\u00e9 et \u00e0 leur permettre de c\u00e9l\u00e9brer leur identit\u00e9.<\/p>\n                                <\/div>\n        \n        \n                <\/div>\n                <\/a>\n        <\/div>\t\t\t\t<\/div>\n\t\t\t\t<\/div>\n\t\t\t\t\t<\/div>\n\t\t<\/div>\n\t\t\t\t<div class=\"elementor-column elementor-col-50 elementor-inner-column elementor-element elementor-element-58e3369c\" data-id=\"58e3369c\" data-element_type=\"column\">\n\t\t\t<div class=\"elementor-widget-wrap elementor-element-populated\">\n\t\t\t\t\t\t<div class=\"elementor-element elementor-element-5ea230ae ekit-equal-height-enable elementor-widget elementor-widget-elementskit-icon-box\" data-id=\"5ea230ae\" data-element_type=\"widget\" data-widget_type=\"elementskit-icon-box.default\">\n\t\t\t\t<div class=\"elementor-widget-container\">\n\t\t\t\t\t<div class=\"ekit-wid-con\" >        <!-- link opening -->\n                <a href=\"#\" class=\"ekit_global_links\">\n                <!-- end link opening -->\n\n        <div class=\"elementskit-infobox text-left text-left icon-top-align elementor-animation-  gradient-active  hover_from_top\">\n                    <div class=\"elementskit-box-header elementor-animation-\">\n                <div class=\"elementskit-info-box-icon\">\n                    \n                <\/div>\n          <\/div>\n                        <div class=\"box-body\">\n                            <h3 class=\"elementskit-info-box-title\">\n                    Qu'est-ce que c'est que d'\u00eatre LGBTQ+ en Europe ?                <\/h3>\n                        \t\t  \t<p>Selon Gallup, les pays europ\u00e9ens dominent la liste des nations les plus accueillantes pour les personnes LGBTQ+. Fait remarquable, les Pays-Bas ont l\u00e9galis\u00e9 l'homosexualit\u00e9 d\u00e8s les ann\u00e9es 1800 ! De nombreux pays europ\u00e9ens connus pour leurs valeurs progressistes ont fait des progr\u00e8s consid\u00e9rables pour garantir les droits, l'\u00e9galit\u00e9 et la s\u00e9curit\u00e9 des personnes LGBTQ+ au cours des deux derni\u00e8res d\u00e9cennies, et figurent aujourd'hui parmi les pays les plus accueillants pour les personnes LGBTQ+ en Europe.<\/p>\n                                <\/div>\n        \n        \n                <\/div>\n                <\/a>\n        <\/div>\t\t\t\t<\/div>\n\t\t\t\t<\/div>\n\t\t\t\t\t<\/div>\n\t\t<\/div>\n\t\t\t\t\t<\/div>\n\t\t<\/section>\n\t\t<div class=\"elementor-element elementor-element-6f81551 e-flex e-con-boxed e-con e-parent\" data-id=\"6f81551\" data-element_type=\"container\" data-settings=\"{&quot;_ha_eqh_enable&quot;:false}\">\n\t\t\t\t\t<div class=\"e-con-inner\">\n\t\t\t\t<div class=\"elementor-element elementor-element-8034c76 elementor-widget elementor-widget-image\" data-id=\"8034c76\" data-element_type=\"widget\" data-widget_type=\"image.default\">\n\t\t\t\t<div class=\"elementor-widget-container\">\n\t\t\t\t\t\t\t\t\t\t\t\t\t\t\t<img decoding=\"async\" width=\"6912\" height=\"3456\" src=\"https:\/\/i0.wp.com\/relocations.io\/wp-content\/uploads\/lgbt-family13.png?fit=6912%2C3456&amp;ssl=1\" class=\"attachment-full size-full wp-image-61902\" alt=\"\" srcset=\"https:\/\/i0.wp.com\/relocations.io\/wp-content\/uploads\/lgbt-family13.png?w=6912&amp;ssl=1 6912w, https:\/\/i0.wp.com\/relocations.io\/wp-content\/uploads\/lgbt-family13.png?resize=300%2C150&amp;ssl=1 300w, https:\/\/i0.wp.com\/relocations.io\/wp-content\/uploads\/lgbt-family13.png?resize=1024%2C512&amp;ssl=1 1024w, https:\/\/i0.wp.com\/relocations.io\/wp-content\/uploads\/lgbt-family13.png?resize=768%2C384&amp;ssl=1 768w, https:\/\/i0.wp.com\/relocations.io\/wp-content\/uploads\/lgbt-family13.png?resize=1536%2C768&amp;ssl=1 1536w, https:\/\/i0.wp.com\/relocations.io\/wp-content\/uploads\/lgbt-family13.png?resize=18%2C9&amp;ssl=1 18w, https:\/\/i0.wp.com\/relocations.io\/wp-content\/uploads\/lgbt-family13.png?resize=1920%2C960&amp;ssl=1 1920w, https:\/\/i0.wp.com\/relocations.io\/wp-content\/uploads\/lgbt-family13.png?resize=600%2C300&amp;ssl=1 600w, https:\/\/i0.wp.com\/relocations.io\/wp-content\/uploads\/lgbt-family13.png?w=2160&amp;ssl=1 2160w, https:\/\/i0.wp.com\/relocations.io\/wp-content\/uploads\/lgbt-family13.png?w=3240&amp;ssl=1 3240w\" sizes=\"(max-width: 1080px) 100vw, 1080px\" \/>\t\t\t\t\t\t\t\t\t\t\t\t\t\t\t<\/div>\n\t\t\t\t<\/div>\n\t\t\t\t\t<\/div>\n\t\t\t\t<\/div>\n\t\t\t\t\t<\/div>\n\t\t<\/div>\n\t\t\t\t\t<\/div>\n\t\t<\/section>\n\t\t\t\t<section class=\"elementor-section elementor-top-section elementor-element elementor-element-6355c3d elementor-section-boxed elementor-section-height-default elementor-section-height-default\" data-id=\"6355c3d\" data-element_type=\"section\" data-settings=\"{&quot;background_background&quot;:&quot;classic&quot;,&quot;_ha_eqh_enable&quot;:false}\">\n\t\t\t\t\t\t<div class=\"elementor-container elementor-column-gap-no\">\n\t\t\t\t\t<div class=\"elementor-column elementor-col-100 elementor-top-column elementor-element elementor-element-7f53b71\" data-id=\"7f53b71\" data-element_type=\"column\">\n\t\t\t<div class=\"elementor-widget-wrap elementor-element-populated\">\n\t\t\t\t\t\t<div class=\"elementor-element elementor-element-74a617d elementor-widget elementor-widget-text-editor\" data-id=\"74a617d\" data-element_type=\"widget\" data-widget_type=\"text-editor.default\">\n\t\t\t\t<div class=\"elementor-widget-container\">\n\t\t\t\t\t\t\t\t\t<h3>Si vous envisagez de d\u00e9m\u00e9nager, <a href=\"https:\/\/relocations.io\/exploring-the-enchantment-vigos-delightful-christmas-market\/\" data-wpil-monitor-id=\"120\">D\u00e9couvrez quelques-uns des pays les plus accueillants pour les LGBTQ+ en Europe.<\/a> de trouver un environnement accueillant et favorable.<\/h3>\t\t\t\t\t\t\t\t<\/div>\n\t\t\t\t<\/div>\n\t\t\t\t\t<\/div>\n\t\t<\/div>\n\t\t\t\t\t<\/div>\n\t\t<\/section>\n\t\t\t\t<section class=\"elementor-section elementor-top-section elementor-element elementor-element-5b6d0d97 elementor-section-boxed elementor-section-height-default elementor-section-height-default\" data-id=\"5b6d0d97\" data-element_type=\"section\" data-settings=\"{&quot;_ha_eqh_enable&quot;:false}\">\n\t\t\t\t\t\t<div class=\"elementor-container elementor-column-gap-default\">\n\t\t\t\t\t<div class=\"elementor-column elementor-col-100 elementor-top-column elementor-element elementor-element-2075084\" data-id=\"2075084\" data-element_type=\"column\" data-settings=\"{&quot;background_background&quot;:&quot;gradient&quot;}\">\n\t\t\t<div class=\"elementor-widget-wrap elementor-element-populated\">\n\t\t\t\t\t\t<div class=\"elementor-element elementor-element-b5261bb elementor-position-top elementor-widget elementor-widget-image-box\" data-id=\"b5261bb\" data-element_type=\"widget\" data-widget_type=\"image-box.default\">\n\t\t\t\t<div class=\"elementor-widget-container\">\n\t\t\t\t\t<div class=\"elementor-image-box-wrapper\"><figure class=\"elementor-image-box-img\"><img decoding=\"async\" width=\"64\" height=\"87\" src=\"https:\/\/i0.wp.com\/relocations.io\/wp-content\/uploads\/2024\/08\/64px-LGBT_flag_map_of_Germany.svg.png?fit=64%2C87&amp;ssl=1\" class=\"attachment-full size-full wp-image-8216\" alt=\"\" srcset=\"https:\/\/i0.wp.com\/relocations.io\/wp-content\/uploads\/2024\/08\/64px-LGBT_flag_map_of_Germany.svg.png?w=64&amp;ssl=1 64w, https:\/\/i0.wp.com\/relocations.io\/wp-content\/uploads\/2024\/08\/64px-LGBT_flag_map_of_Germany.svg.png?resize=9%2C12&amp;ssl=1 9w, https:\/\/i0.wp.com\/relocations.io\/wp-content\/uploads\/2024\/08\/64px-LGBT_flag_map_of_Germany.svg.png?resize=37%2C50&amp;ssl=1 37w\" sizes=\"(max-width: 64px) 100vw, 64px\" \/><\/figure><div class=\"elementor-image-box-content\"><h3 class=\"elementor-image-box-title\">Allemagne<\/h3><\/div><\/div>\t\t\t\t<\/div>\n\t\t\t\t<\/div>\n\t\t\t\t<div class=\"elementor-element elementor-element-9060f45 elementor-widget elementor-widget-text-editor\" data-id=\"9060f45\" data-element_type=\"widget\" data-widget_type=\"text-editor.default\">\n\t\t\t\t<div class=\"elementor-widget-container\">\n\t\t\t\t\t\t\t\t\t<p>L'Allemagne accueille la communaut\u00e9 LGBTQ+ \u00e0 bras ouverts, avec une sc\u00e8ne gay dynamique \u00e0 Berlin et un certain nombre d'hommes politiques ouvertement LGBTQ+. Ce centre culturel offre d'excellentes vues, une nourriture de qualit\u00e9 et des services publics robustes. <a href=\"https:\/\/relocations.io\/services\/\">services<\/a>y compris l'\u00e9ducation et les transports.<\/p><p><b>Droits des LGBTQ+ en Allemagne<\/b><br \/>L'Allemagne a adopt\u00e9 plusieurs lois antidiscriminatoires en 1991, y compris des droits l\u00e9gaux au changement de sexe et des protections contre les crimes de haine. Le mariage entre personnes de m\u00eame sexe a \u00e9t\u00e9 l\u00e9galis\u00e9 en 2017 et, en 2020, le pays a officiellement reconnu une troisi\u00e8me option de genre. L'Allemagne a \u00e9galement interdit la th\u00e9rapie de conversion pour les mineurs et a lev\u00e9 les restrictions sur les dons de sang en 2023.<\/p><p>Avec une trentaine de manifestations de fiert\u00e9 par an, dont la Berlin Pride, le Carnaval de Cologne et l'Oktoberfest de Munich, l'Allemagne s'enorgueillit d'une riche culture LGBTQ+. Des villes comme Berlin proposent une vie nocturne LGBTQ+ anim\u00e9e et des quartiers comme Schoenberg et Kreuzberg offrent des espaces s\u00fbrs et soutiennent les entreprises LGBTQ+.<\/p>\t\t\t\t\t\t\t\t<\/div>\n\t\t\t\t<\/div>\n\t\t\t\t<div class=\"elementor-element elementor-element-dcce8b5 elementor-position-top elementor-widget elementor-widget-image-box\" data-id=\"dcce8b5\" data-element_type=\"widget\" data-widget_type=\"image-box.default\">\n\t\t\t\t<div class=\"elementor-widget-container\">\n\t\t\t\t\t<div class=\"elementor-image-box-wrapper\"><figure class=\"elementor-image-box-img\"><img loading=\"lazy\" decoding=\"async\" width=\"64\" height=\"76\" src=\"https:\/\/i0.wp.com\/relocations.io\/wp-content\/uploads\/64px-LGBT_flag_map_of_the_Netherlands.svg.png?fit=64%2C76&amp;ssl=1\" class=\"attachment-full size-full wp-image-61960\" alt=\"\" srcset=\"https:\/\/i0.wp.com\/relocations.io\/wp-content\/uploads\/64px-LGBT_flag_map_of_the_Netherlands.svg.png?w=64&amp;ssl=1 64w, https:\/\/i0.wp.com\/relocations.io\/wp-content\/uploads\/64px-LGBT_flag_map_of_the_Netherlands.svg.png?resize=10%2C12&amp;ssl=1 10w\" sizes=\"(max-width: 64px) 100vw, 64px\" \/><\/figure><div class=\"elementor-image-box-content\"><h3 class=\"elementor-image-box-title\">Pays-Bas<\/h3><\/div><\/div>\t\t\t\t<\/div>\n\t\t\t\t<\/div>\n\t\t\t\t<div class=\"elementor-element elementor-element-a91304a elementor-widget elementor-widget-text-editor\" data-id=\"a91304a\" data-element_type=\"widget\" data-widget_type=\"text-editor.default\">\n\t\t\t\t<div class=\"elementor-widget-container\">\n\t\t\t\t\t\t\t\t\t<p>Les Pays-Bas sont largement reconnus comme l'un des pays les plus progressistes au monde et se classent r\u00e9guli\u00e8rement parmi les meilleures destinations pour les expatri\u00e9s. Amsterdam, sa capitale, est un haut lieu de la vie LGBTQ+. Le pays s'enorgueillit de ses paysages \u00e9poustouflants et de ses nombreuses universit\u00e9s de premier plan qui accueillent les LGBTQ+.<\/p><p><b>Droits des LGBTQ+ aux Pays-Bas<\/b><br \/>Premier pays au monde \u00e0 avoir l\u00e9galis\u00e9 le mariage entre personnes du m\u00eame sexe en 2001, les Pays-Bas sont depuis longtemps \u00e0 la pointe de la tol\u00e9rance et de l'acceptation des personnes LGBTQ+. Les lois prot\u00e8gent les personnes LGBTQ+ en reconnaissant pleinement l'adoption par des personnes de m\u00eame sexe et en autorisant les personnes transgenres \u00e0 changer de sexe sur les documents officiels, qu'elles aient ou non subi une proc\u00e9dure de r\u00e9assignation sexuelle.<\/p><p>Outre Amsterdam, des villes comme Amstelveen, Rotterdam, Utrecht, La Haye et Scheveningen proposent un \u00e9ventail de clubs, boutiques, bars, h\u00f4tels et restaurants accueillants pour les LGBTQ+. Amsterdam accueille chaque ann\u00e9e la Gay Pride Amsterdam, avec une vie nocturne anim\u00e9e et de nombreux \u00e9v\u00e9nements LGBTQ+ tout au long de l'ann\u00e9e.<\/p>\t\t\t\t\t\t\t\t<\/div>\n\t\t\t\t<\/div>\n\t\t\t\t<div class=\"elementor-element elementor-element-5d81384 elementor-position-top elementor-widget elementor-widget-image-box\" data-id=\"5d81384\" data-element_type=\"widget\" data-widget_type=\"image-box.default\">\n\t\t\t\t<div class=\"elementor-widget-container\">\n\t\t\t\t\t<div class=\"elementor-image-box-wrapper\"><figure class=\"elementor-image-box-img\"><img loading=\"lazy\" decoding=\"async\" width=\"64\" height=\"140\" src=\"https:\/\/i0.wp.com\/relocations.io\/wp-content\/uploads\/2024\/08\/64px-LGBT_flag_map_of_Portugal.svg.png?fit=64%2C140&amp;ssl=1\" class=\"attachment-full size-full wp-image-8227\" alt=\"\" srcset=\"https:\/\/i0.wp.com\/relocations.io\/wp-content\/uploads\/2024\/08\/64px-LGBT_flag_map_of_Portugal.svg.png?w=64&amp;ssl=1 64w, https:\/\/i0.wp.com\/relocations.io\/wp-content\/uploads\/2024\/08\/64px-LGBT_flag_map_of_Portugal.svg.png?resize=5%2C12&amp;ssl=1 5w, https:\/\/i0.wp.com\/relocations.io\/wp-content\/uploads\/2024\/08\/64px-LGBT_flag_map_of_Portugal.svg.png?resize=23%2C50&amp;ssl=1 23w, https:\/\/i0.wp.com\/relocations.io\/wp-content\/uploads\/2024\/08\/64px-LGBT_flag_map_of_Portugal.svg.png?resize=46%2C100&amp;ssl=1 46w\" sizes=\"(max-width: 64px) 100vw, 64px\" \/><\/figure><div class=\"elementor-image-box-content\"><h3 class=\"elementor-image-box-title\">Portugal<\/h3><\/div><\/div>\t\t\t\t<\/div>\n\t\t\t\t<\/div>\n\t\t\t\t<div class=\"elementor-element elementor-element-34a133e elementor-widget elementor-widget-text-editor\" data-id=\"34a133e\" data-element_type=\"widget\" data-widget_type=\"text-editor.default\">\n\t\t\t\t<div class=\"elementor-widget-container\">\n\t\t\t\t\t\t\t\t\t<p><a href=\"https:\/\/relocations.io\/your-guide-to-visa-requirements-and-citizenship-in-portugal-navigating-your-path-to-a-new-life\/\">Le Portugal offre de nombreux avantages<\/a>L'Allemagne est l'un des pays les plus s\u00fbrs du monde, avec un climat chaud, des habitants accueillants, un co\u00fbt de la vie peu \u00e9lev\u00e9, une \u00e9ducation de qualit\u00e9 et des soins de sant\u00e9 publics. C'est aussi l'un des pays les plus s\u00fbrs, avec des politiques LGBTQ+ progressistes.<\/p><p><b>Droits des LGBTQ+ au Portugal<\/b><br \/>Le Portugal a l\u00e9galis\u00e9 le mariage entre personnes de m\u00eame sexe en 2010, et les couples \u00e9trangers de m\u00eame sexe dont l'un des partenaires d\u00e9tient une r\u00e9sidence permanente peuvent demander un permis de s\u00e9jour de deux ans. Le mariage avec un citoyen portugais permet d'obtenir la nationalit\u00e9 portugaise au bout de trois ans. L'adoption par des personnes de m\u00eame sexe a \u00e9t\u00e9 l\u00e9galis\u00e9e en 2016 et les couples de m\u00eame sexe b\u00e9n\u00e9ficient d'un acc\u00e8s \u00e9gal aux traitements de f\u00e9condation in vitro. En outre, les droits de succession sont exon\u00e9r\u00e9s pour les couples de m\u00eame sexe et leurs enfants.<\/p><p>La loi de 2011 sur l'identit\u00e9 de genre est l'une des plus progressistes au monde. <a href=\"https:\/\/relocations.io\/savoring-lisbon-a-culinary-journey\/\">Lisbonne s'enorgueillit de son dynamisme<\/a> La sc\u00e8ne LGBTQ+ avec des quartiers comme Pr\u00edncipe Real et Bairro Alto, ainsi que des \u00e9v\u00e9nements importants comme la Fiert\u00e9 de Lisbonne et le Festival du film gay de Lisbonne.<\/p>\t\t\t\t\t\t\t\t<\/div>\n\t\t\t\t<\/div>\n\t\t\t\t<div class=\"elementor-element elementor-element-dd9caf2 elementor-position-top elementor-widget elementor-widget-image-box\" data-id=\"dd9caf2\" data-element_type=\"widget\" data-widget_type=\"image-box.default\">\n\t\t\t\t<div class=\"elementor-widget-container\">\n\t\t\t\t\t<div class=\"elementor-image-box-wrapper\"><figure class=\"elementor-image-box-img\"><img loading=\"lazy\" decoding=\"async\" width=\"64\" height=\"151\" src=\"https:\/\/i0.wp.com\/relocations.io\/wp-content\/uploads\/2024\/08\/64px-LGBT_flag_map_of_Sweden.svg.png?fit=64%2C151&amp;ssl=1\" class=\"attachment-full size-full wp-image-8222\" alt=\"\" srcset=\"https:\/\/i0.wp.com\/relocations.io\/wp-content\/uploads\/2024\/08\/64px-LGBT_flag_map_of_Sweden.svg.png?w=64&amp;ssl=1 64w, https:\/\/i0.wp.com\/relocations.io\/wp-content\/uploads\/2024\/08\/64px-LGBT_flag_map_of_Sweden.svg.png?resize=5%2C12&amp;ssl=1 5w, https:\/\/i0.wp.com\/relocations.io\/wp-content\/uploads\/2024\/08\/64px-LGBT_flag_map_of_Sweden.svg.png?resize=21%2C50&amp;ssl=1 21w, https:\/\/i0.wp.com\/relocations.io\/wp-content\/uploads\/2024\/08\/64px-LGBT_flag_map_of_Sweden.svg.png?resize=42%2C100&amp;ssl=1 42w\" sizes=\"(max-width: 64px) 100vw, 64px\" \/><\/figure><div class=\"elementor-image-box-content\"><h3 class=\"elementor-image-box-title\">Su\u00e8de<\/h3><\/div><\/div>\t\t\t\t<\/div>\n\t\t\t\t<\/div>\n\t\t\t\t<div class=\"elementor-element elementor-element-34bfc95 elementor-widget elementor-widget-text-editor\" data-id=\"34bfc95\" data-element_type=\"widget\" data-widget_type=\"text-editor.default\">\n\t\t\t\t<div class=\"elementor-widget-container\">\n\t\t\t\t\t\t\t\t\t<p>La Su\u00e8de est r\u00e9put\u00e9e pour sa qualit\u00e9 de vie \u00e9lev\u00e9e, ses excellents transports publics et son syst\u00e8me de sant\u00e9 de premier plan. Avec ses paysages magnifiques et ses faibles niveaux de pollution, la Su\u00e8de est un lieu de vie attrayant.<\/p><p><b>Droits des LGBTQ+ en Su\u00e8de<\/b><br \/>La Su\u00e8de se classe parmi les <a href=\"https:\/\/relocations.io\/portugal-top-beaches-your-ultimate-guide\/\">Les pays les plus accueillants pour les LGBTQ+ en Europe<\/a>. Elle a l\u00e9galis\u00e9 le changement de sexe en 1972 et le mariage homosexuel en 2009. Les couples de m\u00eame sexe ont le droit d'adopter et les communaut\u00e9s LGBTQ+ b\u00e9n\u00e9ficient d'un soutien important dans les \u00e9tablissements d'enseignement et de formation.<\/p><p>La Su\u00e8de accueille chaque ann\u00e9e une cinquantaine de manifestations de fiert\u00e9, dont la Pride de G\u00f6teborg et la Pride de Stockholm. Malgr\u00e9 l'absence de villages LGBTQ+ officiels, l'environnement inclusif de la Su\u00e8de signifie que les personnes LGBTQ+ se m\u00e9langent souvent librement dans divers lieux.<\/p>\t\t\t\t\t\t\t\t<\/div>\n\t\t\t\t<\/div>\n\t\t\t\t<div class=\"elementor-element elementor-element-68c5a5e elementor-position-top elementor-widget elementor-widget-image-box\" data-id=\"68c5a5e\" data-element_type=\"widget\" data-widget_type=\"image-box.default\">\n\t\t\t\t<div class=\"elementor-widget-container\">\n\t\t\t\t\t<div class=\"elementor-image-box-wrapper\"><figure class=\"elementor-image-box-img\"><img loading=\"lazy\" decoding=\"async\" width=\"64\" height=\"69\" src=\"https:\/\/i0.wp.com\/relocations.io\/wp-content\/uploads\/2024\/08\/64px-LGBT_flag_map_of_Norway.svg.png?fit=64%2C69&amp;ssl=1\" class=\"attachment-full size-full wp-image-8220\" alt=\"\" srcset=\"https:\/\/i0.wp.com\/relocations.io\/wp-content\/uploads\/2024\/08\/64px-LGBT_flag_map_of_Norway.svg.png?w=64&amp;ssl=1 64w, https:\/\/i0.wp.com\/relocations.io\/wp-content\/uploads\/2024\/08\/64px-LGBT_flag_map_of_Norway.svg.png?resize=11%2C12&amp;ssl=1 11w, https:\/\/i0.wp.com\/relocations.io\/wp-content\/uploads\/2024\/08\/64px-LGBT_flag_map_of_Norway.svg.png?resize=46%2C50&amp;ssl=1 46w\" sizes=\"(max-width: 64px) 100vw, 64px\" \/><\/figure><div class=\"elementor-image-box-content\"><h3 class=\"elementor-image-box-title\">Norv\u00e8ge<\/h3><\/div><\/div>\t\t\t\t<\/div>\n\t\t\t\t<\/div>\n\t\t\t\t<div class=\"elementor-element elementor-element-3bdb55e elementor-widget elementor-widget-text-editor\" data-id=\"3bdb55e\" data-element_type=\"widget\" data-widget_type=\"text-editor.default\">\n\t\t\t\t<div class=\"elementor-widget-container\">\n\t\t\t\t\t\t\t\t\t<p>La Norv\u00e8ge est connue pour son \u00e9conomie solide, son faible taux de criminalit\u00e9, son syst\u00e8me de sant\u00e9 universel et son syst\u00e8me \u00e9ducatif tr\u00e8s r\u00e9put\u00e9. C'est \u00e9galement l'un des pays les plus favorables aux LGBTQ+ dans le monde.<\/p><p><b>Droits des LGBTQ+ en Norv\u00e8ge<\/b><br \/>La Norv\u00e8ge jouit d'une grande acceptation sociale et de lois antidiscriminatoires solides. Le mariage entre personnes de m\u00eame sexe a \u00e9t\u00e9 l\u00e9galis\u00e9 en 2009 et les droits d'adoption ont \u00e9t\u00e9 accord\u00e9s la m\u00eame ann\u00e9e. Le pays autorise \u00e9galement le changement l\u00e9gal de sexe et applique des politiques militaires inclusives.<\/p><p>Avec plus de 30 manifestations de fiert\u00e9 par an, dont le Oslo Pride Festival et l'Arctic Pride de Troms\u00f8, la communaut\u00e9 LGBTQ+ de Norv\u00e8ge est active et soutenue. Bien qu'il y ait peu de villages LGBTQ+ officiels, Oslo accueille de nombreux lieux LGBTQ+ populaires.<\/p><p>\u00a0<\/p>\t\t\t\t\t\t\t\t<\/div>\n\t\t\t\t<\/div>\n\t\t\t\t<div class=\"elementor-element elementor-element-ff057b3 elementor-position-top elementor-widget elementor-widget-image-box\" data-id=\"ff057b3\" data-element_type=\"widget\" data-widget_type=\"image-box.default\">\n\t\t\t\t<div class=\"elementor-widget-container\">\n\t\t\t\t\t<div class=\"elementor-image-box-wrapper\"><figure class=\"elementor-image-box-img\"><img loading=\"lazy\" decoding=\"async\" width=\"64\" height=\"63\" src=\"https:\/\/i0.wp.com\/relocations.io\/wp-content\/uploads\/2024\/08\/64px-LGBT_flag_map_of_France.svg.png?fit=64%2C63&amp;ssl=1\" class=\"attachment-full size-full wp-image-8219\" alt=\"\" srcset=\"https:\/\/i0.wp.com\/relocations.io\/wp-content\/uploads\/2024\/08\/64px-LGBT_flag_map_of_France.svg.png?w=64&amp;ssl=1 64w, https:\/\/i0.wp.com\/relocations.io\/wp-content\/uploads\/2024\/08\/64px-LGBT_flag_map_of_France.svg.png?resize=12%2C12&amp;ssl=1 12w, https:\/\/i0.wp.com\/relocations.io\/wp-content\/uploads\/2024\/08\/64px-LGBT_flag_map_of_France.svg.png?resize=50%2C50&amp;ssl=1 50w, https:\/\/i0.wp.com\/relocations.io\/wp-content\/uploads\/2024\/08\/64px-LGBT_flag_map_of_France.svg.png?resize=24%2C24&amp;ssl=1 24w, https:\/\/i0.wp.com\/relocations.io\/wp-content\/uploads\/2024\/08\/64px-LGBT_flag_map_of_France.svg.png?resize=48%2C48&amp;ssl=1 48w\" sizes=\"(max-width: 64px) 100vw, 64px\" \/><\/figure><div class=\"elementor-image-box-content\"><h3 class=\"elementor-image-box-title\">France<\/h3><\/div><\/div>\t\t\t\t<\/div>\n\t\t\t\t<\/div>\n\t\t\t\t<div class=\"elementor-element elementor-element-1f6deeb elementor-widget elementor-widget-text-editor\" data-id=\"1f6deeb\" data-element_type=\"widget\" data-widget_type=\"text-editor.default\">\n\t\t\t\t<div class=\"elementor-widget-container\">\n\t\t\t\t\t\t\t\t\t<p>La France est r\u00e9put\u00e9e pour sa qualit\u00e9 de vie \u00e9lev\u00e9e, ses excellents transports en commun, son \u00e9ducation accessible et sa forte identit\u00e9 culturelle. <a href=\"https:\/\/relocations.io\/navigating-visa-requirements-and-citizenship-in-france-your-pathway-to-a-new-beginning\/\">communaut\u00e9 expatri\u00e9e<\/a>. Le pays offre \u00e9galement d'excellents soins de sant\u00e9 et un co\u00fbt de la vie relativement bas.<\/p><p><b>Droits des LGBTQ+ en France<\/b><br \/>La France a l\u00e9galis\u00e9 l'homosexualit\u00e9 en 1791 et a introduit des lois anti-discrimination entre 1982 et 2012. En 2013, le pays a l\u00e9galis\u00e9 le mariage entre personnes du m\u00eame sexe, puis le droit de changer de sexe sans intervention chirurgicale en 2017. En 2021, les traitements de FIV sont devenus accessibles aux couples de lesbiennes, marquant ainsi une nouvelle avanc\u00e9e en mati\u00e8re d'\u00e9galit\u00e9.<\/p><p>La Pride de Paris et la Magical Pride \u00e0 Disneyland Paris sont des \u00e9v\u00e9nements LGBTQ+ majeurs, avec des sc\u00e8nes gay notables \u00e0 Lyon, Toulouse et Biarritz. Le quartier du Marais \u00e0 Paris est particuli\u00e8rement r\u00e9put\u00e9 pour sa vie nocturne LGBTQ+ anim\u00e9e.<\/p>\t\t\t\t\t\t\t\t<\/div>\n\t\t\t\t<\/div>\n\t\t\t\t<div class=\"elementor-element elementor-element-9613104 elementor-position-top elementor-widget elementor-widget-image-box\" data-id=\"9613104\" data-element_type=\"widget\" data-widget_type=\"image-box.default\">\n\t\t\t\t<div class=\"elementor-widget-container\">\n\t\t\t\t\t<div class=\"elementor-image-box-wrapper\"><figure class=\"elementor-image-box-img\"><img loading=\"lazy\" decoding=\"async\" width=\"64\" height=\"53\" src=\"https:\/\/i0.wp.com\/relocations.io\/wp-content\/uploads\/2024\/08\/64px-LGBT_flag_map_of_Belgium.svg.png?fit=64%2C53&amp;ssl=1\" class=\"attachment-full size-full wp-image-8217\" alt=\"\" srcset=\"https:\/\/i0.wp.com\/relocations.io\/wp-content\/uploads\/2024\/08\/64px-LGBT_flag_map_of_Belgium.svg.png?w=64&amp;ssl=1 64w, https:\/\/i0.wp.com\/relocations.io\/wp-content\/uploads\/2024\/08\/64px-LGBT_flag_map_of_Belgium.svg.png?resize=14%2C12&amp;ssl=1 14w, https:\/\/i0.wp.com\/relocations.io\/wp-content\/uploads\/2024\/08\/64px-LGBT_flag_map_of_Belgium.svg.png?resize=50%2C41&amp;ssl=1 50w\" sizes=\"(max-width: 64px) 100vw, 64px\" \/><\/figure><div class=\"elementor-image-box-content\"><h3 class=\"elementor-image-box-title\">Belgique<\/h3><\/div><\/div>\t\t\t\t<\/div>\n\t\t\t\t<\/div>\n\t\t\t\t<div class=\"elementor-element elementor-element-6348a99 elementor-widget elementor-widget-text-editor\" data-id=\"6348a99\" data-element_type=\"widget\" data-widget_type=\"text-editor.default\">\n\t\t\t\t<div class=\"elementor-widget-container\">\n\t\t\t\t\t\t\t\t\t<p>La Belgique est une destination touristique populaire connue pour son niveau de vie \u00e9lev\u00e9, son faible taux de criminalit\u00e9 et son riche patrimoine culinaire et architectural. La Belgique a \u00e9t\u00e9 le deuxi\u00e8me pays au monde \u00e0 l\u00e9galiser le mariage entre personnes du m\u00eame sexe.<\/p><p><b>Droits des LGBTQ+ en Belgique<\/b><br \/>La Belgique a d\u00e9p\u00e9nalis\u00e9 les relations homosexuelles en 1795 et a \u00e9t\u00e9 l'une des premi\u00e8res \u00e0 adopter des lois contre les transgenres et la discrimination. Les op\u00e9rations de r\u00e9assignation sexuelle sont bien consid\u00e9r\u00e9es et les droits au changement de sexe ont \u00e9t\u00e9 l\u00e9galement reconnus en 2007.<\/p><p>La Belgique accueille environ quatre \u00e9v\u00e9nements de fiert\u00e9 par an. Les grandes villes sont dot\u00e9es d'une sc\u00e8ne LGBTQ+ vivante, avec de nombreux clubs et bars offrant des espaces anim\u00e9s \u00e0 la communaut\u00e9.<\/p>\t\t\t\t\t\t\t\t<\/div>\n\t\t\t\t<\/div>\n\t\t\t\t<div class=\"elementor-element elementor-element-c2cae77 elementor-position-top elementor-widget elementor-widget-image-box\" data-id=\"c2cae77\" data-element_type=\"widget\" data-widget_type=\"image-box.default\">\n\t\t\t\t<div class=\"elementor-widget-container\">\n\t\t\t\t\t<div class=\"elementor-image-box-wrapper\"><figure class=\"elementor-image-box-img\"><img loading=\"lazy\" decoding=\"async\" width=\"64\" height=\"77\" src=\"https:\/\/i0.wp.com\/relocations.io\/wp-content\/uploads\/2024\/08\/64px-LGBT_flag_map_of_Denmark.svg.png?fit=64%2C77&amp;ssl=1\" class=\"attachment-full size-full wp-image-8223\" alt=\"\" srcset=\"https:\/\/i0.wp.com\/relocations.io\/wp-content\/uploads\/2024\/08\/64px-LGBT_flag_map_of_Denmark.svg.png?w=64&amp;ssl=1 64w, https:\/\/i0.wp.com\/relocations.io\/wp-content\/uploads\/2024\/08\/64px-LGBT_flag_map_of_Denmark.svg.png?resize=10%2C12&amp;ssl=1 10w, https:\/\/i0.wp.com\/relocations.io\/wp-content\/uploads\/2024\/08\/64px-LGBT_flag_map_of_Denmark.svg.png?resize=42%2C50&amp;ssl=1 42w\" sizes=\"(max-width: 64px) 100vw, 64px\" \/><\/figure><div class=\"elementor-image-box-content\"><h3 class=\"elementor-image-box-title\">Danemark<\/h3><\/div><\/div>\t\t\t\t<\/div>\n\t\t\t\t<\/div>\n\t\t\t\t<div class=\"elementor-element elementor-element-65e596e elementor-widget elementor-widget-text-editor\" data-id=\"65e596e\" data-element_type=\"widget\" data-widget_type=\"text-editor.default\">\n\t\t\t\t<div class=\"elementor-widget-container\">\n\t\t\t\t\t\t\t\t\t<p>Le Danemark se classe r\u00e9guli\u00e8rement parmi les pays les plus heureux du monde, c\u00e9l\u00e9br\u00e9 pour son \u00e9galit\u00e9 sociale et son fort sentiment d'appartenance \u00e0 la communaut\u00e9. Le pays offre une \u00e9ducation de haute qualit\u00e9 et des soins de sant\u00e9 gratuits, et beaucoup le consid\u00e8rent comme l'un des endroits les plus s\u00fbrs o\u00f9 vivre.<\/p><p><b>Droits des LGBTQ+ au Danemark<\/b><br \/>Le Danemark a \u00e9t\u00e9 l'un des premiers pays \u00e0 reconna\u00eetre les unions entre personnes de m\u00eame sexe en 1989 et a l\u00e9galis\u00e9 le mariage entre personnes de m\u00eame sexe en 2012. Le pays autorise \u00e9galement l'adoption conjointe pour les couples de m\u00eame sexe et dispose de lois contre les crimes de haine qui prot\u00e8gent la communaut\u00e9 LGBTQ+.<\/p><p>Copenhague se caract\u00e9rise par une sc\u00e8ne LGBTQ+ florissante, avec des \u00e9v\u00e9nements annuels tels que la Copenhagen Pride. Les endroits les plus populaires sont le G-Bar et l'Oscar, et le pays compte des universit\u00e9s accueillantes pour les LGBTQ+.<\/p>\t\t\t\t\t\t\t\t<\/div>\n\t\t\t\t<\/div>\n\t\t\t\t<div class=\"elementor-element elementor-element-a98b08c elementor-position-top elementor-widget elementor-widget-image-box\" data-id=\"a98b08c\" data-element_type=\"widget\" data-widget_type=\"image-box.default\">\n\t\t\t\t<div class=\"elementor-widget-container\">\n\t\t\t\t\t<div class=\"elementor-image-box-wrapper\"><figure class=\"elementor-image-box-img\"><img loading=\"lazy\" decoding=\"async\" width=\"64\" height=\"52\" src=\"https:\/\/i0.wp.com\/relocations.io\/wp-content\/uploads\/2024\/08\/64px-LGBT_flag_map_of_Spain.svg.png?fit=64%2C52&amp;ssl=1\" class=\"attachment-full size-full wp-image-8215\" alt=\"\" srcset=\"https:\/\/i0.wp.com\/relocations.io\/wp-content\/uploads\/2024\/08\/64px-LGBT_flag_map_of_Spain.svg.png?w=64&amp;ssl=1 64w, https:\/\/i0.wp.com\/relocations.io\/wp-content\/uploads\/2024\/08\/64px-LGBT_flag_map_of_Spain.svg.png?resize=15%2C12&amp;ssl=1 15w, https:\/\/i0.wp.com\/relocations.io\/wp-content\/uploads\/2024\/08\/64px-LGBT_flag_map_of_Spain.svg.png?resize=50%2C41&amp;ssl=1 50w\" sizes=\"(max-width: 64px) 100vw, 64px\" \/><\/figure><div class=\"elementor-image-box-content\"><h3 class=\"elementor-image-box-title\">Espagne<\/h3><\/div><\/div>\t\t\t\t<\/div>\n\t\t\t\t<\/div>\n\t\t\t\t<div class=\"elementor-element elementor-element-8a520bf elementor-widget elementor-widget-text-editor\" data-id=\"8a520bf\" data-element_type=\"widget\" data-widget_type=\"text-editor.default\">\n\t\t\t\t<div class=\"elementor-widget-container\">\n\t\t\t\t\t\t\t\t\t<p>L'Espagne est r\u00e9put\u00e9e pour sa gastronomie, sa sc\u00e8ne artistique dynamique et sa richesse culturelle. Le pays offre de nombreuses possibilit\u00e9s d'emploi, l'anglais est largement r\u00e9pandu et le co\u00fbt de la vie est peu \u00e9lev\u00e9, ce qui en fait un choix populaire pour les expatri\u00e9s.<br \/><br \/><b>Droits des LGBTQ+ en Espagne<\/b><br \/>L'Espagne a d\u00e9p\u00e9nalis\u00e9 l'homosexualit\u00e9 en 1979 et est devenue le troisi\u00e8me pays \u00e0 l\u00e9galiser le mariage homosexuel en 2005, apr\u00e8s les Pays-Bas et la Belgique. Des lois anti-discrimination compl\u00e8tes ont \u00e9t\u00e9 mises en \u0153uvre en 1995 et la loi sur les transgenres de 2023 a simplifi\u00e9 les proc\u00e9dures de reconnaissance du genre.<\/p><p>L'Espagne accueille l'une des plus grandes c\u00e9l\u00e9brations de la fiert\u00e9 LGBTQ+ au monde, attirant plus de 1,5 million de personnes chaque ann\u00e9e. Madrid, Barcelone et Gran Canaria ont des communaut\u00e9s LGBTQ+ dynamiques, avec des destinations populaires comme Ibiza et Sitges.<\/p>\t\t\t\t\t\t\t\t<\/div>\n\t\t\t\t<\/div>\n\t\t\t\t<div class=\"elementor-element elementor-element-8a7c166 elementor-position-top elementor-widget elementor-widget-image-box\" data-id=\"8a7c166\" data-element_type=\"widget\" data-widget_type=\"image-box.default\">\n\t\t\t\t<div class=\"elementor-widget-container\">\n\t\t\t\t\t<div class=\"elementor-image-box-wrapper\"><figure class=\"elementor-image-box-img\"><img loading=\"lazy\" decoding=\"async\" width=\"64\" height=\"44\" src=\"https:\/\/i0.wp.com\/relocations.io\/wp-content\/uploads\/2024\/08\/64px-LGBT_flag_map_of_Iceland.svg.png?fit=64%2C44&amp;ssl=1\" class=\"attachment-full size-full wp-image-8224\" alt=\"\" srcset=\"https:\/\/i0.wp.com\/relocations.io\/wp-content\/uploads\/2024\/08\/64px-LGBT_flag_map_of_Iceland.svg.png?w=64&amp;ssl=1 64w, https:\/\/i0.wp.com\/relocations.io\/wp-content\/uploads\/2024\/08\/64px-LGBT_flag_map_of_Iceland.svg.png?resize=18%2C12&amp;ssl=1 18w, https:\/\/i0.wp.com\/relocations.io\/wp-content\/uploads\/2024\/08\/64px-LGBT_flag_map_of_Iceland.svg.png?resize=50%2C34&amp;ssl=1 50w\" sizes=\"(max-width: 64px) 100vw, 64px\" \/><\/figure><div class=\"elementor-image-box-content\"><h3 class=\"elementor-image-box-title\">Islande<\/h3><\/div><\/div>\t\t\t\t<\/div>\n\t\t\t\t<\/div>\n\t\t\t\t<div class=\"elementor-element elementor-element-47f3e3e elementor-widget elementor-widget-text-editor\" data-id=\"47f3e3e\" data-element_type=\"widget\" data-widget_type=\"text-editor.default\">\n\t\t\t\t<div class=\"elementor-widget-container\">\n\t\t\t\t\t\t\t\t\t<p>L'Islande attire les expatri\u00e9s gr\u00e2ce \u00e0 son esp\u00e9rance de vie \u00e9lev\u00e9e, son faible taux de criminalit\u00e9, l'\u00e9galit\u00e9 entre les hommes et les femmes et son excellent syst\u00e8me \u00e9ducatif. Le pays offre \u00e9galement des paysages \u00e0 couper le souffle et une sc\u00e8ne artistique et nocturne anim\u00e9e.<\/p><p><b>Droits des LGBTQ+ en Islande<\/b><br \/>L'Islande a l\u00e9galis\u00e9 l'homosexualit\u00e9 en 1940 et approuv\u00e9 \u00e0 l'unanimit\u00e9 le mariage homosexuel en 2010. Entre 1996 et 2018, le l\u00e9gislateur a promulgu\u00e9 diverses lois antidiscriminatoires et a \u00e9tabli la reconnaissance d'une troisi\u00e8me option de genre.<\/p><p>Malgr\u00e9 sa faible population, l'Islande accueille chaque ann\u00e9e deux manifestations de fiert\u00e9, la Reykjavik Pride \u00e9tant la plus importante. Dans la ville, la sc\u00e8ne LGBTQ+ est florissante, les individus LGBTQ+ se m\u00ealant librement dans toute une s\u00e9rie d'espaces sociaux.<\/p>\t\t\t\t\t\t\t\t<\/div>\n\t\t\t\t<\/div>\n\t\t\t\t\t<\/div>\n\t\t<\/div>\n\t\t\t\t\t<\/div>\n\t\t<\/section>\n\t\t\t\t<section class=\"elementor-section elementor-top-section elementor-element elementor-element-139f2cfd elementor-section-boxed elementor-section-height-default elementor-section-height-default\" data-id=\"139f2cfd\" data-element_type=\"section\" data-settings=\"{&quot;background_background&quot;:&quot;classic&quot;,&quot;_ha_eqh_enable&quot;:false}\">\n\t\t\t\t\t\t<div class=\"elementor-container elementor-column-gap-no\">\n\t\t\t\t\t<div class=\"elementor-column elementor-col-100 elementor-top-column elementor-element elementor-element-78d4d285\" data-id=\"78d4d285\" data-element_type=\"column\">\n\t\t\t<div class=\"elementor-widget-wrap elementor-element-populated\">\n\t\t\t\t\t\t<section class=\"elementor-section elementor-inner-section elementor-element elementor-element-2672f4b elementor-section-boxed elementor-section-height-default elementor-section-height-default\" data-id=\"2672f4b\" data-element_type=\"section\" data-settings=\"{&quot;_ha_eqh_enable&quot;:false}\">\n\t\t\t\t\t\t<div class=\"elementor-container elementor-column-gap-default\">\n\t\t\t\t\t<div class=\"elementor-column elementor-col-100 elementor-inner-column elementor-element elementor-element-4870614b\" data-id=\"4870614b\" data-element_type=\"column\">\n\t\t\t<div class=\"elementor-widget-wrap elementor-element-populated\">\n\t\t\t\t\t\t<div class=\"elementor-element elementor-element-675fc354 elementor-widget elementor-widget-elementskit-heading\" data-id=\"675fc354\" data-element_type=\"widget\" data-widget_type=\"elementskit-heading.default\">\n\t\t\t\t<div class=\"elementor-widget-container\">\n\t\t\t\t\t<div class=\"ekit-wid-con\" ><div class=\"ekit-heading elementskit-section-title-wraper text_center   ekit_heading_tablet-   ekit_heading_mobile-\"><h2 class=\"ekit-heading--title elementskit-section-title\">Ce que c'est que d'\u00eatre un expatri\u00e9 en Europe<\/h2><\/div><\/div>\t\t\t\t<\/div>\n\t\t\t\t<\/div>\n\t\t\t\t\t<\/div>\n\t\t<\/div>\n\t\t\t\t\t<\/div>\n\t\t<\/section>\n\t\t\t\t<section class=\"elementor-section elementor-inner-section elementor-element elementor-element-7c2c3bbe elementor-section-boxed elementor-section-height-default elementor-section-height-default\" data-id=\"7c2c3bbe\" data-element_type=\"section\" data-settings=\"{&quot;_ha_eqh_enable&quot;:false}\">\n\t\t\t\t\t\t<div class=\"elementor-container elementor-column-gap-extended\">\n\t\t\t\t\t<div class=\"elementor-column elementor-col-100 elementor-inner-column elementor-element elementor-element-230e930f\" data-id=\"230e930f\" data-element_type=\"column\">\n\t\t\t<div class=\"elementor-widget-wrap elementor-element-populated\">\n\t\t\t\t\t\t<div class=\"elementor-element elementor-element-6be37e66 ekit-equal-height-disable elementor-widget elementor-widget-elementskit-icon-box\" data-id=\"6be37e66\" data-element_type=\"widget\" data-widget_type=\"elementskit-icon-box.default\">\n\t\t\t\t<div class=\"elementor-widget-container\">\n\t\t\t\t\t<div class=\"ekit-wid-con\" >        <!-- link opening -->\n                <a href=\"#\" class=\"ekit_global_links\">\n                <!-- end link opening -->\n\n        <div class=\"elementskit-infobox text-left text-left icon-top-align elementor-animation-  gradient-active  hover_from_top\">\n                    <div class=\"elementskit-box-header elementor-animation-\">\n                <div class=\"elementskit-info-box-icon\">\n                    \n                <\/div>\n          <\/div>\n                        <div class=\"box-body\">\n                        \t\t  \t<p>Vivre en tant qu'expatri\u00e9 en Europe offre de nombreuses opportunit\u00e9s, que vous soyez \u00e0 la recherche d'un emploi ou que vous souhaitiez cr\u00e9er une entreprise. Le continent se distingue par ses excellentes conditions de travail, sa qualit\u00e9 de vie \u00e9lev\u00e9e et ses syst\u00e8mes de sant\u00e9 exceptionnels.\nLa richesse de son histoire et la diversit\u00e9 de ses cultures font de l'Europe une destination de choix pour les touristes comme pour les expatri\u00e9s. L'accord de Schengen facilite les d\u00e9placements \u00e0 l'int\u00e9rieur du continent, permettant une circulation fluide entre les pays et am\u00e9liorant l'exp\u00e9rience de vie des Europ\u00e9ens.\nLe continent est \u00e9galement dot\u00e9 d'une solide infrastructure de transports publics, ce qui facilite l'exploration de ses villes et de ses r\u00e9gions. Avec tous ces avantages, il n'est pas surprenant que l'Europe attire chaque ann\u00e9e jusqu'\u00e0 3 millions de ressortissants \u00e9trangers, tous d\u00e9sireux de s'immerger dans tout ce que le continent a \u00e0 offrir.\nEn mati\u00e8re d'\u00e9galit\u00e9 LGBTQ+, l'Europe est en t\u00eate, Malte, l'Islande et la Belgique se classant parmi les trois premiers pays selon l'ILGA-Europe. L'Europe occidentale, en particulier, est souvent consid\u00e9r\u00e9e comme l'une des r\u00e9gions les plus progressistes au monde pour les personnes LGBTQ+, offrant un environnement accueillant et inclusif pour les personnes de tous horizons.<\/p>\n                                <\/div>\n        \n        \n                <\/div>\n                <\/a>\n        <\/div>\t\t\t\t<\/div>\n\t\t\t\t<\/div>\n\t\t\t\t\t<\/div>\n\t\t<\/div>\n\t\t\t\t\t<\/div>\n\t\t<\/section>\n\t\t\t\t\t<\/div>\n\t\t<\/div>\n\t\t\t\t\t<\/div>\n\t\t<\/section>\n\t\t\t\t<section class=\"elementor-section elementor-top-section elementor-element elementor-element-cd9a388 elementor-section-boxed elementor-section-height-default elementor-section-height-default\" data-id=\"cd9a388\" data-element_type=\"section\" data-settings=\"{&quot;background_background&quot;:&quot;classic&quot;,&quot;_ha_eqh_enable&quot;:false}\">\n\t\t\t\t\t\t<div class=\"elementor-container elementor-column-gap-no\">\n\t\t\t\t\t<div class=\"elementor-column elementor-col-100 elementor-top-column elementor-element elementor-element-0717611\" data-id=\"0717611\" data-element_type=\"column\">\n\t\t\t<div class=\"elementor-widget-wrap elementor-element-populated\">\n\t\t\t\t\t\t<section class=\"elementor-section elementor-inner-section elementor-element elementor-element-75048a5 elementor-section-boxed elementor-section-height-default elementor-section-height-default\" data-id=\"75048a5\" data-element_type=\"section\" data-settings=\"{&quot;_ha_eqh_enable&quot;:false}\">\n\t\t\t\t\t\t<div class=\"elementor-container elementor-column-gap-default\">\n\t\t\t\t\t<div class=\"elementor-column elementor-col-100 elementor-inner-column elementor-element elementor-element-e19562c\" data-id=\"e19562c\" data-element_type=\"column\">\n\t\t\t<div class=\"elementor-widget-wrap elementor-element-populated\">\n\t\t\t\t\t\t<div class=\"elementor-element elementor-element-5f7b6c8 elementor-widget elementor-widget-elementskit-heading\" data-id=\"5f7b6c8\" data-element_type=\"widget\" data-widget_type=\"elementskit-heading.default\">\n\t\t\t\t<div class=\"elementor-widget-container\">\n\t\t\t\t\t<div class=\"ekit-wid-con\" ><div class=\"ekit-heading elementskit-section-title-wraper text_center   ekit_heading_tablet-   ekit_heading_mobile-\"><h2 class=\"ekit-heading--title elementskit-section-title\">Vivre en Europe : Un havre de paix pour les expatri\u00e9s, en particulier les LGBTQ<\/h2><\/div><\/div>\t\t\t\t<\/div>\n\t\t\t\t<\/div>\n\t\t\t\t\t<\/div>\n\t\t<\/div>\n\t\t\t\t\t<\/div>\n\t\t<\/section>\n\t\t\t\t<section class=\"elementor-section elementor-inner-section elementor-element elementor-element-a374ee8 elementor-section-boxed elementor-section-height-default elementor-section-height-default\" data-id=\"a374ee8\" data-element_type=\"section\" data-settings=\"{&quot;_ha_eqh_enable&quot;:false}\">\n\t\t\t\t\t\t<div class=\"elementor-container elementor-column-gap-extended\">\n\t\t\t\t\t<div class=\"elementor-column elementor-col-100 elementor-inner-column elementor-element elementor-element-fe569dc\" data-id=\"fe569dc\" data-element_type=\"column\">\n\t\t\t<div class=\"elementor-widget-wrap elementor-element-populated\">\n\t\t\t\t\t\t<div class=\"elementor-element elementor-element-44c5ad5 ekit-equal-height-disable elementor-widget elementor-widget-elementskit-icon-box\" data-id=\"44c5ad5\" data-element_type=\"widget\" data-widget_type=\"elementskit-icon-box.default\">\n\t\t\t\t<div class=\"elementor-widget-container\">\n\t\t\t\t\t<div class=\"ekit-wid-con\" >        <!-- link opening -->\n                <a href=\"#\" class=\"ekit_global_links\">\n                <!-- end link opening -->\n\n        <div class=\"elementskit-infobox text-left text-left icon-top-align elementor-animation-  gradient-active  hover_from_top\">\n                    <div class=\"elementskit-box-header elementor-animation-\">\n                <div class=\"elementskit-info-box-icon\">\n                    \n                <\/div>\n          <\/div>\n                        <div class=\"box-body\">\n                        \t\t  \t<p>L'Europe est une destination attrayante pour les expatri\u00e9s, car elle offre de nombreux avantages, allant d'une qualit\u00e9 de vie \u00e9lev\u00e9e \u00e0 des services publics exceptionnels. Toutefois, l'un des avantages les plus significatifs, en particulier pour la communaut\u00e9 LGBTQ+, est la s\u00e9curit\u00e9 et l'\u00e9galit\u00e9 des droits qu'offrent de nombreux pays de la r\u00e9gion.<\/p>\n                                <\/div>\n        \n        \n                <\/div>\n                <\/a>\n        <\/div>\t\t\t\t<\/div>\n\t\t\t\t<\/div>\n\t\t\t\t\t<\/div>\n\t\t<\/div>\n\t\t\t\t\t<\/div>\n\t\t<\/section>\n\t\t\t\t\t<\/div>\n\t\t<\/div>\n\t\t\t\t\t<\/div>\n\t\t<\/section>\n\t\t\t\t<section class=\"elementor-section elementor-top-section elementor-element elementor-element-8c05974 elementor-section-boxed elementor-section-height-default elementor-section-height-default\" data-id=\"8c05974\" data-element_type=\"section\" data-settings=\"{&quot;background_background&quot;:&quot;classic&quot;,&quot;_ha_eqh_enable&quot;:false}\">\n\t\t\t\t\t\t<div class=\"elementor-container elementor-column-gap-no\">\n\t\t\t\t\t<div class=\"elementor-column elementor-col-100 elementor-top-column elementor-element elementor-element-d4d80d4\" data-id=\"d4d80d4\" data-element_type=\"column\">\n\t\t\t<div class=\"elementor-widget-wrap elementor-element-populated\">\n\t\t\t\t\t\t<section class=\"elementor-section elementor-inner-section elementor-element elementor-element-92d58a1 elementor-section-boxed elementor-section-height-default elementor-section-height-default\" data-id=\"92d58a1\" data-element_type=\"section\" data-settings=\"{&quot;_ha_eqh_enable&quot;:false}\">\n\t\t\t\t\t\t<div class=\"elementor-container elementor-column-gap-extended\">\n\t\t\t\t\t<div class=\"elementor-column elementor-col-50 elementor-inner-column elementor-element elementor-element-8a28919\" data-id=\"8a28919\" data-element_type=\"column\">\n\t\t\t<div class=\"elementor-widget-wrap elementor-element-populated\">\n\t\t\t\t\t\t<div class=\"elementor-element elementor-element-dc45b84 ekit-equal-height-disable elementor-widget elementor-widget-elementskit-icon-box\" data-id=\"dc45b84\" data-element_type=\"widget\" data-widget_type=\"elementskit-icon-box.default\">\n\t\t\t\t<div class=\"elementor-widget-container\">\n\t\t\t\t\t<div class=\"ekit-wid-con\" >        <!-- link opening -->\n                <a href=\"#\" class=\"ekit_global_links\">\n                <!-- end link opening -->\n\n        <div class=\"elementskit-infobox text-left text-left icon-top-align elementor-animation-  gradient-active  hover_from_top\">\n                    <div class=\"elementskit-box-header elementor-animation-\">\n                <div class=\"elementskit-info-box-icon\">\n                    \n                <\/div>\n          <\/div>\n                        <div class=\"box-body\">\n                        \t\t  \t<p>Selon ILGA-Europe, la branche europ\u00e9enne de l'Association internationale des lesbiennes, gays, bisexuels, trans et intersexes, l'Europe abrite certaines des nations les plus progressistes en termes de droits LGBTQ+. La carte arc-en-ciel 2024 place Malte en t\u00eate avec un score impressionnant de 88 points sur 100, ce qui t\u00e9moigne de son leadership constant en mati\u00e8re d'\u00e9galit\u00e9 LGBTQ+. L'Islande suit de pr\u00e8s avec 83 points. Parmi les pays de l'Union europ\u00e9enne les mieux class\u00e9s figurent la Belgique, le Luxembourg, l'Espagne, le Danemark, la Finlande et la Gr\u00e8ce, qui obtiennent tous un score sup\u00e9rieur \u00e0 70 points.\nEn Europe du Nord et de l'Ouest, les pays \u00e9tablissent fermement les droits des personnes LGBTQ+. \u00c0 l'inverse, la Russie, l'Azerba\u00efdjan et la Turquie sont mal class\u00e9s, tandis que la Pologne obtient le score le plus bas de l'UE apr\u00e8s une d\u00e9cennie sous le r\u00e9gime du PiS.\n<\/p>\n                                <\/div>\n        \n        \n                <\/div>\n                <\/a>\n        <\/div>\t\t\t\t<\/div>\n\t\t\t\t<\/div>\n\t\t\t\t\t<\/div>\n\t\t<\/div>\n\t\t\t\t<div class=\"elementor-column elementor-col-50 elementor-inner-column elementor-element elementor-element-f7d6ba3\" data-id=\"f7d6ba3\" data-element_type=\"column\">\n\t\t\t<div class=\"elementor-widget-wrap elementor-element-populated\">\n\t\t\t\t\t\t<div class=\"elementor-element elementor-element-496a0a5 elementor-widget elementor-widget-image\" data-id=\"496a0a5\" data-element_type=\"widget\" data-widget_type=\"image.default\">\n\t\t\t\t<div class=\"elementor-widget-container\">\n\t\t\t\t\t\t\t\t\t\t\t\t\t\t\t<img loading=\"lazy\" decoding=\"async\" width=\"1024\" height=\"690\" src=\"https:\/\/i0.wp.com\/relocations.io\/wp-content\/uploads\/2024\/08\/2024-rainbow-map-score-1.jpg?fit=1024%2C690&amp;ssl=1\" class=\"attachment-large size-large wp-image-8237\" alt=\"\" srcset=\"https:\/\/i0.wp.com\/relocations.io\/wp-content\/uploads\/2024\/08\/2024-rainbow-map-score-1.jpg?w=1920&amp;ssl=1 1920w, https:\/\/i0.wp.com\/relocations.io\/wp-content\/uploads\/2024\/08\/2024-rainbow-map-score-1.jpg?resize=300%2C202&amp;ssl=1 300w, https:\/\/i0.wp.com\/relocations.io\/wp-content\/uploads\/2024\/08\/2024-rainbow-map-score-1.jpg?resize=1024%2C690&amp;ssl=1 1024w, https:\/\/i0.wp.com\/relocations.io\/wp-content\/uploads\/2024\/08\/2024-rainbow-map-score-1.jpg?resize=768%2C517&amp;ssl=1 768w, https:\/\/i0.wp.com\/relocations.io\/wp-content\/uploads\/2024\/08\/2024-rainbow-map-score-1.jpg?resize=1536%2C1034&amp;ssl=1 1536w, https:\/\/i0.wp.com\/relocations.io\/wp-content\/uploads\/2024\/08\/2024-rainbow-map-score-1.jpg?resize=18%2C12&amp;ssl=1 18w, https:\/\/i0.wp.com\/relocations.io\/wp-content\/uploads\/2024\/08\/2024-rainbow-map-score-1.jpg?resize=50%2C34&amp;ssl=1 50w, https:\/\/i0.wp.com\/relocations.io\/wp-content\/uploads\/2024\/08\/2024-rainbow-map-score-1.jpg?resize=100%2C67&amp;ssl=1 100w\" sizes=\"(max-width: 1024px) 100vw, 1024px\" \/>\t\t\t\t\t\t\t\t\t\t\t\t\t\t\t<\/div>\n\t\t\t\t<\/div>\n\t\t\t\t\t<\/div>\n\t\t<\/div>\n\t\t\t\t\t<\/div>\n\t\t<\/section>\n\t\t\t\t\t<\/div>\n\t\t<\/div>\n\t\t\t\t\t<\/div>\n\t\t<\/section>\n\t\t<div class=\"elementor-element elementor-element-6bccb63 e-flex e-con-boxed e-con e-parent\" data-id=\"6bccb63\" data-element_type=\"container\" data-settings=\"{&quot;_ha_eqh_enable&quot;:false}\">\n\t\t\t\t\t<div class=\"e-con-inner\">\n\t\t\t\t<div class=\"elementor-element elementor-element-8310f4c elementor-widget elementor-widget-icon-box\" data-id=\"8310f4c\" data-element_type=\"widget\" data-widget_type=\"icon-box.default\">\n\t\t\t\t<div class=\"elementor-widget-container\">\n\t\t\t\t\t\t\t<div class=\"elementor-icon-box-wrapper\">\n\n\t\t\t\n\t\t\t\t\t\t<div class=\"elementor-icon-box-content\">\n\n\t\t\t\t\n\t\t\t\t\t\t\t\t\t<p class=\"elementor-icon-box-description\">\n\t\t\t\t\t\tVivre en Europe pr\u00e9sente de nombreux avantages, mais la s\u00e9curit\u00e9 et la protection offertes \u00e0 la communaut\u00e9 LGBTQ+ sont parmi les plus importantes. Chacun m\u00e9rite de vivre dans un endroit o\u00f9 il jouit des m\u00eames droits et libert\u00e9s, quels que soient sa sexualit\u00e9, son genre ou son expression. L'Europe, en particulier dans ses r\u00e9gions du nord et de l'ouest, continue de montrer la voie en cr\u00e9ant des environnements s\u00fbrs et inclusifs pour tous.\t\t\t\t\t<\/p>\n\t\t\t\t\n\t\t\t<\/div>\n\t\t\t\n\t\t<\/div>\n\t\t\t\t\t\t<\/div>\n\t\t\t\t<\/div>\n\t\t\t\t\t<\/div>\n\t\t\t\t<\/div>\n\t\t\t\t<\/div>","protected":false},"excerpt":{"rendered":"<p>The LGBTQ+ Movement in Europe Although same-sex relationships were quite common in ancient Greece, Rome, and pagan Celtic societies, severe laws against homosexual behavior emerged once Christianity became the official religion of the Roman Empire. European authorities deemed homosexual acts, referred to as sodomy, as capital crimes, leading them to execute thousands of gay men [&hellip;]<\/p>","protected":false},"author":2,"featured_media":8258,"comment_status":"closed","ping_status":"closed","sticky":false,"template":"elementor_header_footer","format":"standard","meta":{"_jetpack_memberships_contains_paid_content":false,"footnotes":""},"categories":[60],"tags":[103,145,143,144,70,142,71,69],"class_list":["post-8171","post","type-post","status-publish","format-standard","has-post-thumbnail","hentry","category-europe","tag-american-dream","tag-how-to-move-country","tag-lgbt","tag-lgbtq-community","tag-moving-to-europe","tag-relocate","tag-relocations","tag-relocations-io-blog"],"jetpack_featured_media_url":"https:\/\/i0.wp.com\/relocations.io\/wp-content\/uploads\/2024\/08\/lgbt-move.jpg?fit=1920%2C1080&ssl=1","jetpack-related-posts":[{"id":8610,"url":"https:\/\/relocations.io\/fr\/guide-complet-sur-lexpatriation-des-animaux-de-compagnie-vers-leurope\/","url_meta":{"origin":8171,"position":0},"title":"Guide complet : D\u00e9m\u00e9nagement d'animaux de compagnie en Europe","author":"Relocations.io","date":"ao\u00fbt 19, 2024","format":false,"excerpt":"Your Comprehensive Guide to Moving Pets from North America to Europe. Transporting pets from North America to Europe involves careful planning, adherence to regulations, and ensuring the well-being of the pets throughout the journey. Whether you are relocating, participating in a breeding program, or transporting pets for other reasons, understanding\u2026","rel":"","context":"Dans &quot;Citizenship&quot;","block_context":{"text":"Citizenship","link":"https:\/\/relocations.io\/fr\/categorie\/leurope\/la-citoyennete\/"},"img":{"alt_text":"","src":"https:\/\/i0.wp.com\/relocations.io\/wp-content\/uploads\/2024\/08\/NEW-Castelos-Portugal-.jpg?fit=1200%2C600&ssl=1&resize=350%2C200","width":350,"height":200,"srcset":"https:\/\/i0.wp.com\/relocations.io\/wp-content\/uploads\/2024\/08\/NEW-Castelos-Portugal-.jpg?fit=1200%2C600&ssl=1&resize=350%2C200 1x, https:\/\/i0.wp.com\/relocations.io\/wp-content\/uploads\/2024\/08\/NEW-Castelos-Portugal-.jpg?fit=1200%2C600&ssl=1&resize=525%2C300 1.5x, https:\/\/i0.wp.com\/relocations.io\/wp-content\/uploads\/2024\/08\/NEW-Castelos-Portugal-.jpg?fit=1200%2C600&ssl=1&resize=700%2C400 2x, https:\/\/i0.wp.com\/relocations.io\/wp-content\/uploads\/2024\/08\/NEW-Castelos-Portugal-.jpg?fit=1200%2C600&ssl=1&resize=1050%2C600 3x"},"classes":[]},{"id":8832,"url":"https:\/\/relocations.io\/fr\/visa-de-demandeur-demploi-portugais\/","url_meta":{"origin":8171,"position":1},"title":"Visa de demandeur d'emploi pour le Portugal : Votre porte d'entr\u00e9e pour travailler au Portugal","author":"Relocations.io","date":"ao\u00fbt 16, 2024","format":false,"excerpt":"Discover how to navigate the Portugal Job Seeker Visa process, including eligibility, application steps, and key benefits. Learn how relocations.io can streamline your job search and relocation to Portugal, providing expert guidance on visa applications, document preparation, and local job markets. Get valuable insights on making a smooth transition to\u2026","rel":"","context":"Dans &quot;Citizenship&quot;","block_context":{"text":"Citizenship","link":"https:\/\/relocations.io\/fr\/categorie\/leurope\/la-citoyennete\/"},"img":{"alt_text":"","src":"https:\/\/i0.wp.com\/relocations.io\/wp-content\/uploads\/2024\/08\/6-3.jpg?fit=1200%2C600&ssl=1&resize=350%2C200","width":350,"height":200,"srcset":"https:\/\/i0.wp.com\/relocations.io\/wp-content\/uploads\/2024\/08\/6-3.jpg?fit=1200%2C600&ssl=1&resize=350%2C200 1x, https:\/\/i0.wp.com\/relocations.io\/wp-content\/uploads\/2024\/08\/6-3.jpg?fit=1200%2C600&ssl=1&resize=525%2C300 1.5x, https:\/\/i0.wp.com\/relocations.io\/wp-content\/uploads\/2024\/08\/6-3.jpg?fit=1200%2C600&ssl=1&resize=700%2C400 2x, https:\/\/i0.wp.com\/relocations.io\/wp-content\/uploads\/2024\/08\/6-3.jpg?fit=1200%2C600&ssl=1&resize=1050%2C600 3x"},"classes":[]},{"id":7363,"url":"https:\/\/relocations.io\/fr\/embrasser-leurope-le-chemin-simplifie-vers-un-nouveau-depart\/","url_meta":{"origin":8171,"position":2},"title":"Embrasser l'Europe : La voie simplifi\u00e9e vers un nouveau d\u00e9part","author":"Relocations.io","date":"octobre 1, 2022","format":false,"excerpt":"The Allure of Moving to Europe Moving to Europe has captivated people worldwide. With its rich history, diverse culture, and high quality of life, Europe offers countless benefits for a fresh start. While relocating to a new continent can seem daunting, careful planning and the right support can streamline the\u2026","rel":"","context":"Dans &quot;Europe&quot;","block_context":{"text":"Europe","link":"https:\/\/relocations.io\/fr\/categorie\/leurope\/"},"img":{"alt_text":"","src":"https:\/\/i0.wp.com\/relocations.io\/wp-content\/uploads\/2024\/02\/embracing-europe2.png?fit=1200%2C675&ssl=1&resize=350%2C200","width":350,"height":200,"srcset":"https:\/\/i0.wp.com\/relocations.io\/wp-content\/uploads\/2024\/02\/embracing-europe2.png?fit=1200%2C675&ssl=1&resize=350%2C200 1x, https:\/\/i0.wp.com\/relocations.io\/wp-content\/uploads\/2024\/02\/embracing-europe2.png?fit=1200%2C675&ssl=1&resize=525%2C300 1.5x, https:\/\/i0.wp.com\/relocations.io\/wp-content\/uploads\/2024\/02\/embracing-europe2.png?fit=1200%2C675&ssl=1&resize=700%2C400 2x, https:\/\/i0.wp.com\/relocations.io\/wp-content\/uploads\/2024\/02\/embracing-europe2.png?fit=1200%2C675&ssl=1&resize=1050%2C600 3x"},"classes":[]},{"id":8107,"url":"https:\/\/relocations.io\/fr\/portugal-2024-celebre-la-tradition-de-la-fete-nationale\/","url_meta":{"origin":8171,"position":3},"title":"Explorer les 2024 f\u00eates nationales du Portugal : Guide des c\u00e9l\u00e9brations culturelles","author":"Relocations.io","date":"ao\u00fbt 12, 2024","format":false,"excerpt":"Les 2024 jours f\u00e9ri\u00e9s nationaux du Portugal offrent une riche exp\u00e9rience de sa culture, de son histoire et de ses traditions. Les principaux jours f\u00e9ri\u00e9s sont le jour de l'an, le carnaval, la f\u00eate de la libert\u00e9, la f\u00eate du Portugal et No\u00ebl. Chaque jour f\u00e9ri\u00e9 donne lieu \u00e0 des c\u00e9l\u00e9brations uniques, qu'il s'agisse de d\u00e9fil\u00e9s, de c\u00e9r\u00e9monies religieuses, de rassemblements familiaux ou d'\u00e9v\u00e9nements publics, qui donnent un aper\u00e7u de la vie portugaise.","rel":"","context":"Dans &quot;Cultural Activities&quot;","block_context":{"text":"Cultural Activities","link":"https:\/\/relocations.io\/fr\/categorie\/leurope\/les-activites-culturelles\/"},"img":{"alt_text":"","src":"https:\/\/i0.wp.com\/relocations.io\/wp-content\/uploads\/2024\/08\/18-1.jpg?fit=1200%2C675&ssl=1&resize=350%2C200","width":350,"height":200,"srcset":"https:\/\/i0.wp.com\/relocations.io\/wp-content\/uploads\/2024\/08\/18-1.jpg?fit=1200%2C675&ssl=1&resize=350%2C200 1x, https:\/\/i0.wp.com\/relocations.io\/wp-content\/uploads\/2024\/08\/18-1.jpg?fit=1200%2C675&ssl=1&resize=525%2C300 1.5x, https:\/\/i0.wp.com\/relocations.io\/wp-content\/uploads\/2024\/08\/18-1.jpg?fit=1200%2C675&ssl=1&resize=700%2C400 2x, https:\/\/i0.wp.com\/relocations.io\/wp-content\/uploads\/2024\/08\/18-1.jpg?fit=1200%2C675&ssl=1&resize=1050%2C600 3x"},"classes":[]},{"id":7380,"url":"https:\/\/relocations.io\/fr\/le-nouvel-an-a-la-decouverte-des-traditions-europeennes-du-nouvel-an\/","url_meta":{"origin":8171,"position":4},"title":"La nouvelle ann\u00e9e commence : A la d\u00e9couverte des traditions europ\u00e9ennes du Nouvel An","author":"Relocations.io","date":"janvier 1, 2023","format":false,"excerpt":"Exploring European New Year\u2019s Traditions As the clock strikes midnight on December 31st, Europe bursts into vibrant New Year\u2019s Eve celebrations. The continent\u2019s traditions highlight its rich cultural diversity, making each celebration unique and memorable. Fireworks and Grand Displays In Europe, fireworks are a central feature of New Year's Eve.\u2026","rel":"","context":"Dans &quot;Europe&quot;","block_context":{"text":"Europe","link":"https:\/\/relocations.io\/fr\/categorie\/leurope\/"},"img":{"alt_text":"","src":"https:\/\/i0.wp.com\/relocations.io\/wp-content\/uploads\/2023\/01\/New-Year.jpg?fit=1200%2C675&ssl=1&resize=350%2C200","width":350,"height":200,"srcset":"https:\/\/i0.wp.com\/relocations.io\/wp-content\/uploads\/2023\/01\/New-Year.jpg?fit=1200%2C675&ssl=1&resize=350%2C200 1x, https:\/\/i0.wp.com\/relocations.io\/wp-content\/uploads\/2023\/01\/New-Year.jpg?fit=1200%2C675&ssl=1&resize=525%2C300 1.5x, https:\/\/i0.wp.com\/relocations.io\/wp-content\/uploads\/2023\/01\/New-Year.jpg?fit=1200%2C675&ssl=1&resize=700%2C400 2x, https:\/\/i0.wp.com\/relocations.io\/wp-content\/uploads\/2023\/01\/New-Year.jpg?fit=1200%2C675&ssl=1&resize=1050%2C600 3x"},"classes":[]},{"id":7368,"url":"https:\/\/relocations.io\/fr\/laction-de-grace-en-europe\/","url_meta":{"origin":8171,"position":5},"title":"Thanksgiving en Europe","author":"Relocations.io","date":"novembre 1, 2022","format":false,"excerpt":"Malgr\u00e9 ses racines historiques, Thanksgiving n'a pas \u00e9t\u00e9 adopt\u00e9 comme f\u00eate g\u00e9n\u00e9ralis\u00e9e en Europe.","rel":"","context":"Dans &quot;Europe&quot;","block_context":{"text":"Europe","link":"https:\/\/relocations.io\/fr\/categorie\/leurope\/"},"img":{"alt_text":"","src":"https:\/\/i0.wp.com\/relocations.io\/wp-content\/uploads\/2022\/11\/21.jpg?fit=1200%2C675&ssl=1&resize=350%2C200","width":350,"height":200,"srcset":"https:\/\/i0.wp.com\/relocations.io\/wp-content\/uploads\/2022\/11\/21.jpg?fit=1200%2C675&ssl=1&resize=350%2C200 1x, https:\/\/i0.wp.com\/relocations.io\/wp-content\/uploads\/2022\/11\/21.jpg?fit=1200%2C675&ssl=1&resize=525%2C300 1.5x, https:\/\/i0.wp.com\/relocations.io\/wp-content\/uploads\/2022\/11\/21.jpg?fit=1200%2C675&ssl=1&resize=700%2C400 2x, https:\/\/i0.wp.com\/relocations.io\/wp-content\/uploads\/2022\/11\/21.jpg?fit=1200%2C675&ssl=1&resize=1050%2C600 3x"},"classes":[]}],"jetpack_sharing_enabled":true,"_links":{"self":[{"href":"https:\/\/relocations.io\/fr\/wp-json\/wp\/v2\/posts\/8171","targetHints":{"allow":["GET"]}}],"collection":[{"href":"https:\/\/relocations.io\/fr\/wp-json\/wp\/v2\/posts"}],"about":[{"href":"https:\/\/relocations.io\/fr\/wp-json\/wp\/v2\/types\/post"}],"author":[{"embeddable":true,"href":"https:\/\/relocations.io\/fr\/wp-json\/wp\/v2\/users\/2"}],"replies":[{"embeddable":true,"href":"https:\/\/relocations.io\/fr\/wp-json\/wp\/v2\/comments?post=8171"}],"version-history":[{"count":0,"href":"https:\/\/relocations.io\/fr\/wp-json\/wp\/v2\/posts\/8171\/revisions"}],"wp:featuredmedia":[{"embeddable":true,"href":"https:\/\/relocations.io\/fr\/wp-json\/wp\/v2\/media\/8258"}],"wp:attachment":[{"href":"https:\/\/relocations.io\/fr\/wp-json\/wp\/v2\/media?parent=8171"}],"wp:term":[{"taxonomy":"category","embeddable":true,"href":"https:\/\/relocations.io\/fr\/wp-json\/wp\/v2\/categories?post=8171"},{"taxonomy":"post_tag","embeddable":true,"href":"https:\/\/relocations.io\/fr\/wp-json\/wp\/v2\/tags?post=8171"}],"curies":[{"name":"wp","href":"https:\/\/api.w.org\/{rel}","templated":true}]}}