{"id":7880,"date":"2024-05-01T10:00:00","date_gmt":"2024-05-01T09:00:00","guid":{"rendered":"https:\/\/relocations.io\/?p=7880"},"modified":"2024-09-06T11:58:26","modified_gmt":"2024-09-06T10:58:26","slug":"portugal-top-beaches-your-ultimate-guide-2","status":"publish","type":"post","link":"https:\/\/relocations.io\/fr\/portugal-top-beaches-your-ultimate-guide-2\/","title":{"rendered":"Les meilleures plages du Portugal : Votre guide ultime"},"content":{"rendered":"<div data-elementor-type=\"wp-post\" data-elementor-id=\"7880\" class=\"elementor elementor-7880\" data-elementor-settings=\"{&quot;ha_cmc_init_switcher&quot;:&quot;no&quot;}\" data-elementor-post-type=\"post\">\n\t\t\t\t<div class=\"elementor-element elementor-element-22a54371 e-flex e-con-boxed e-con e-parent\" data-id=\"22a54371\" data-element_type=\"container\" data-settings=\"{&quot;_ha_eqh_enable&quot;:false}\">\n\t\t\t\t\t<div class=\"e-con-inner\">\n\t\t\t\t<div class=\"elementor-element elementor-element-221d18e elementor-widget elementor-widget-heading\" data-id=\"221d18e\" data-element_type=\"widget\" data-widget_type=\"heading.default\">\n\t\t\t\t<div class=\"elementor-widget-container\">\n\t\t\t\t\t<h3 class=\"elementor-heading-title elementor-size-default\">La tradition des visites de plage au Portugal<\/h3>\t\t\t\t<\/div>\n\t\t\t\t<\/div>\n\t\t\t\t<div class=\"elementor-element elementor-element-354c05ad elementor-widget elementor-widget-text-editor\" data-id=\"354c05ad\" data-element_type=\"widget\" data-widget_type=\"text-editor.default\">\n\t\t\t\t<div class=\"elementor-widget-container\">\n\t\t\t\t\t\t\t\t\t\n<p class=\"has-text-align-left\">La tradition des visites \u00e0 la plage au Portugal a commenc\u00e9 au XVIIIe si\u00e8cle, inspir\u00e9e par la tendance europ\u00e9enne \u00e0 utiliser les retraites en bord de mer pour des raisons de sant\u00e9. Les visites \u00e0 la c\u00f4te \u00e9taient appr\u00e9ci\u00e9es pour leurs propri\u00e9t\u00e9s th\u00e9rapeutiques, qui permettaient de traiter des affections telles que les probl\u00e8mes respiratoires et le stress. Au fur et \u00e0 mesure que le Portugal d\u00e9veloppait ses infrastructures, les plages sont devenues des lieux de loisirs populaires. Aux XIXe et XXe si\u00e8cles, des villes c\u00f4ti\u00e8res comme Cascais et l'Algarve sont devenues des destinations estivales dynamiques. Aujourd'hui, les plages portugaises sont r\u00e9put\u00e9es pour leur beaut\u00e9 naturelle et leurs \u00e9quipements modernes, alliant charme historique et d\u00e9tente contemporaine.<\/p>\n<div class=\"wp-block-image\">\n<figure class=\"aligncenter size-full\"><img fetchpriority=\"high\" decoding=\"async\" width=\"635\" height=\"442\" data-recalc-dims=\"1\" class=\"wp-image-7929\" src=\"https:\/\/i0.wp.com\/relocations.io\/wp-content\/uploads\/2024\/08\/beach.jpg-1.png?w=1080&#038;ssl=1\" alt=\"Des baigneurs sur la plage d&#039;Alg\u00e9s Les meilleures plages du Portugal\" srcset=\"https:\/\/i0.wp.com\/relocations.io\/wp-content\/uploads\/2024\/08\/beach.jpg-1.png?w=635&amp;ssl=1 635w, https:\/\/i0.wp.com\/relocations.io\/wp-content\/uploads\/2024\/08\/beach.jpg-1.png?resize=300%2C209&amp;ssl=1 300w, https:\/\/i0.wp.com\/relocations.io\/wp-content\/uploads\/2024\/08\/beach.jpg-1.png?resize=18%2C12&amp;ssl=1 18w, https:\/\/i0.wp.com\/relocations.io\/wp-content\/uploads\/2024\/08\/beach.jpg-1.png?resize=50%2C35&amp;ssl=1 50w, https:\/\/i0.wp.com\/relocations.io\/wp-content\/uploads\/2024\/08\/beach.jpg-1.png?resize=100%2C70&amp;ssl=1 100w\" sizes=\"(max-width: 635px) 100vw, 635px\" \/>\n<figcaption class=\"wp-element-caption\">Baigneurs sur la plage d'Alg\u00e9s. Photographie de Joshua Benoliel (1873-1932). Article paru dans Ilustra\u00e7\u00e3o Portuguesa, 30 septembre 1912. Section photographique des archives municipales de Lisbonne. FR\/AMLSB\/AF\/JBN\/001590<\/figcaption>\n<\/figure>\n<\/div>\n<h5 id=\"h-exploring-portugal-s-832-kilometers-of-coastal-paradis-e\" class=\"wp-block-heading has-text-align-center\"><strong>Explorer les 832 kilom\u00e8tres de c\u00f4tes paradisiaques du Portugal<\/strong>e<\/h5>\n\n<p class=\"has-text-align-left\">Avec 832 kilom\u00e8tres de c\u00f4te atlantique, le choix des meilleures plages repr\u00e9sente un v\u00e9ritable d\u00e9fi. Le sable blanc et fin s'\u00e9tend le long de cette vaste c\u00f4te, o\u00f9 les longs \u00e9t\u00e9s et l'ensoleillement abondant font de l'Atlantique un lieu de pr\u00e9dilection pour les amateurs de sports nautiques. <a href=\"https:\/\/relocations.io\/portugal-2024-celebrate-national-holiday-tradition\/\" data-wpil-monitor-id=\"4\">Le Portugal : des vacances id\u00e9ales<\/a> destination.<br \/><br \/>Explorez le Minho au nord, l'Algarve au sud, Caminha \u00e0 Tavira, Mad\u00e8re et les A\u00e7ores. Posez le pied sur le sable, plongez dans la mer et vivez une exp\u00e9rience paradisiaque. Ces plages sont toujours impressionnantes, \u00e0 l'aube comme au cr\u00e9puscule.<br \/><br \/>Au nord, les eaux sont plus froides, les falaises plus douces et les vents plus forts. La plage de Nazar\u00e9, dans la r\u00e9gion centrale, est c\u00e9l\u00e8bre pour ses vagues g\u00e9antes, qui n'enl\u00e8vent rien \u00e0 la beaut\u00e9 des plages environnantes. L'Algarve offre des plages \u00e0 couper le souffle avec des falaises et des eaux plus chaudes, ce qui en fait un choix de premier ordre pour les amateurs de plage.<br \/><br \/>Toutes les plages de <a href=\"https:\/\/relocations.io\/from-brazil-to-europe-a-cultural-odyssey-of-relocation\/\" data-wpil-monitor-id=\"96\">Portugal<\/a> vous invite \u00e0 vous d\u00e9tendre et \u00e0 vous immerger dans sa beaut\u00e9 naturelle.<\/p>\n<div class=\"wp-block-image\">\n<figure class=\"aligncenter size-large\"><img decoding=\"async\" data-recalc-dims=\"1\" height=\"576\" width=\"1024\" class=\"wp-image-7940\" src=\"https:\/\/i0.wp.com\/relocations.io\/wp-content\/uploads\/2024\/08\/1.jpg?resize=1024%2C576&#038;ssl=1\" alt=\"Portugal Ursa Beach coucher de soleil sur l&#039;oc\u00e9an Atlantique \" srcset=\"https:\/\/i0.wp.com\/relocations.io\/wp-content\/uploads\/2024\/08\/1.jpg?w=1920&amp;ssl=1 1920w, https:\/\/i0.wp.com\/relocations.io\/wp-content\/uploads\/2024\/08\/1.jpg?resize=300%2C169&amp;ssl=1 300w, https:\/\/i0.wp.com\/relocations.io\/wp-content\/uploads\/2024\/08\/1.jpg?resize=1024%2C576&amp;ssl=1 1024w, https:\/\/i0.wp.com\/relocations.io\/wp-content\/uploads\/2024\/08\/1.jpg?resize=768%2C432&amp;ssl=1 768w, https:\/\/i0.wp.com\/relocations.io\/wp-content\/uploads\/2024\/08\/1.jpg?resize=1536%2C864&amp;ssl=1 1536w, https:\/\/i0.wp.com\/relocations.io\/wp-content\/uploads\/2024\/08\/1.jpg?resize=18%2C10&amp;ssl=1 18w, https:\/\/i0.wp.com\/relocations.io\/wp-content\/uploads\/2024\/08\/1.jpg?resize=1170%2C658&amp;ssl=1 1170w, https:\/\/i0.wp.com\/relocations.io\/wp-content\/uploads\/2024\/08\/1.jpg?resize=50%2C28&amp;ssl=1 50w, https:\/\/i0.wp.com\/relocations.io\/wp-content\/uploads\/2024\/08\/1.jpg?resize=100%2C56&amp;ssl=1 100w\" sizes=\"(max-width: 1024px) 100vw, 1024px\" \/><\/figure>\n<\/div>\n<h5 id=\"h-discover-portugal-s-top-beaches-hidden-gems-and-iconic-destinations\" class=\"wp-block-heading has-text-align-center\"><strong>D\u00e9couvrez les meilleures plages du Portugal : joyaux cach\u00e9s et destinations embl\u00e9matiques<\/strong><\/h5>\n\n<div class=\"wp-block-media-text is-stacked-on-mobile\">\n<figure class=\"wp-block-media-text__media\"><img decoding=\"async\" data-recalc-dims=\"1\" height=\"576\" width=\"1024\" class=\"wp-image-7952 size-full\" src=\"https:\/\/i0.wp.com\/relocations.io\/wp-content\/uploads\/2024\/08\/4-1.jpg?resize=1024%2C576&#038;ssl=1\" alt=\"Belle journ\u00e9e \u00e0 la plage de Galapinhos dans le parc national d&#039;Arr\u00e1bida au Portugal\" srcset=\"https:\/\/i0.wp.com\/relocations.io\/wp-content\/uploads\/2024\/08\/4-1.jpg?w=1920&amp;ssl=1 1920w, https:\/\/i0.wp.com\/relocations.io\/wp-content\/uploads\/2024\/08\/4-1.jpg?resize=300%2C169&amp;ssl=1 300w, https:\/\/i0.wp.com\/relocations.io\/wp-content\/uploads\/2024\/08\/4-1.jpg?resize=1024%2C576&amp;ssl=1 1024w, https:\/\/i0.wp.com\/relocations.io\/wp-content\/uploads\/2024\/08\/4-1.jpg?resize=768%2C432&amp;ssl=1 768w, https:\/\/i0.wp.com\/relocations.io\/wp-content\/uploads\/2024\/08\/4-1.jpg?resize=1536%2C864&amp;ssl=1 1536w, https:\/\/i0.wp.com\/relocations.io\/wp-content\/uploads\/2024\/08\/4-1.jpg?resize=18%2C10&amp;ssl=1 18w, https:\/\/i0.wp.com\/relocations.io\/wp-content\/uploads\/2024\/08\/4-1.jpg?resize=1170%2C658&amp;ssl=1 1170w, https:\/\/i0.wp.com\/relocations.io\/wp-content\/uploads\/2024\/08\/4-1.jpg?resize=50%2C28&amp;ssl=1 50w, https:\/\/i0.wp.com\/relocations.io\/wp-content\/uploads\/2024\/08\/4-1.jpg?resize=100%2C56&amp;ssl=1 100w\" sizes=\"(max-width: 1024px) 100vw, 1024px\" \/><\/figure>\n<div class=\"wp-block-media-text__content\">\n<p class=\"has-text-align-left\"><strong>Praia dos Galapinhos, Parque Natural da Arr\u00e1bida<\/strong><br \/><br \/>Praia dos Galapinhos offre une escapade immacul\u00e9e nich\u00e9e dans la nature. \u00c9lu <a href=\"https:\/\/relocations.io\/americans-moving-abroad-for-stability\/\" data-wpil-monitor-id=\"16\">L'Europe<\/a> meilleure plage en 2017, elle pr\u00e9sente des eaux cristallines et des criques isol\u00e9es au sein du Parque Natural da Serra da Arr\u00e1bida. Cette plage est une visite incontournable pour tous ceux qui recherchent une beaut\u00e9 naturelle.<\/p>\n<\/div>\n<\/div>\n\n<div class=\"wp-block-media-text has-media-on-the-right is-stacked-on-mobile\">\n<div class=\"wp-block-media-text__content\">\n<p class=\"has-text-align-right\"><strong>Supertubos, Peniche<\/strong><br \/><br \/>Supertubos, connu pour ses impressionnantes vagues tubulaires, est une destination de choix qui accueille des \u00e9v\u00e9nements majeurs tels que le Rip Curl Pro <a href=\"https:\/\/relocations.io\/moving-from-canada-to-portugal-a-comprehensive-guide\/\" data-wpil-monitor-id=\"112\">Portugal<\/a>. Souvent appel\u00e9 le \"Pipeline europ\u00e9en\", il attire les meilleurs surfeurs du monde entier. Depuis 2009, c'est une \u00e9tape cl\u00e9 de la World Surf League, offrant d'excellentes installations et une exp\u00e9rience de surf en toute s\u00e9curit\u00e9.<\/p>\n<\/div>\n<figure class=\"wp-block-media-text__media\"><img loading=\"lazy\" decoding=\"async\" data-recalc-dims=\"1\" height=\"679\" width=\"1024\" class=\"wp-image-7953 size-full\" src=\"https:\/\/i0.wp.com\/relocations.io\/wp-content\/uploads\/2024\/08\/Supertubos_10-1.jpg?resize=1024%2C679&#038;ssl=1\" alt=\"Supertubos Portugal. Les plages du Portugal\" srcset=\"https:\/\/i0.wp.com\/relocations.io\/wp-content\/uploads\/2024\/08\/Supertubos_10-1.jpg?w=1500&amp;ssl=1 1500w, https:\/\/i0.wp.com\/relocations.io\/wp-content\/uploads\/2024\/08\/Supertubos_10-1.jpg?resize=300%2C199&amp;ssl=1 300w, https:\/\/i0.wp.com\/relocations.io\/wp-content\/uploads\/2024\/08\/Supertubos_10-1.jpg?resize=1024%2C679&amp;ssl=1 1024w, https:\/\/i0.wp.com\/relocations.io\/wp-content\/uploads\/2024\/08\/Supertubos_10-1.jpg?resize=768%2C509&amp;ssl=1 768w, https:\/\/i0.wp.com\/relocations.io\/wp-content\/uploads\/2024\/08\/Supertubos_10-1.jpg?resize=18%2C12&amp;ssl=1 18w, https:\/\/i0.wp.com\/relocations.io\/wp-content\/uploads\/2024\/08\/Supertubos_10-1.jpg?resize=50%2C33&amp;ssl=1 50w, https:\/\/i0.wp.com\/relocations.io\/wp-content\/uploads\/2024\/08\/Supertubos_10-1.jpg?resize=100%2C66&amp;ssl=1 100w\" sizes=\"(max-width: 1024px) 100vw, 1024px\" \/><\/figure>\n<\/div>\n\n<div class=\"wp-block-media-text is-stacked-on-mobile\">\n<figure class=\"wp-block-media-text__media\"><img loading=\"lazy\" decoding=\"async\" data-recalc-dims=\"1\" height=\"576\" width=\"1024\" class=\"wp-image-7950 size-full\" src=\"https:\/\/i0.wp.com\/relocations.io\/wp-content\/uploads\/2024\/08\/5-2.jpg?resize=1024%2C576&#038;ssl=1\" alt=\"Praia da Nazar\u00e9, les plages du Portugal\" srcset=\"https:\/\/i0.wp.com\/relocations.io\/wp-content\/uploads\/2024\/08\/5-2.jpg?w=1920&amp;ssl=1 1920w, https:\/\/i0.wp.com\/relocations.io\/wp-content\/uploads\/2024\/08\/5-2.jpg?resize=300%2C169&amp;ssl=1 300w, https:\/\/i0.wp.com\/relocations.io\/wp-content\/uploads\/2024\/08\/5-2.jpg?resize=1024%2C576&amp;ssl=1 1024w, https:\/\/i0.wp.com\/relocations.io\/wp-content\/uploads\/2024\/08\/5-2.jpg?resize=768%2C432&amp;ssl=1 768w, https:\/\/i0.wp.com\/relocations.io\/wp-content\/uploads\/2024\/08\/5-2.jpg?resize=1536%2C864&amp;ssl=1 1536w, https:\/\/i0.wp.com\/relocations.io\/wp-content\/uploads\/2024\/08\/5-2.jpg?resize=18%2C10&amp;ssl=1 18w, https:\/\/i0.wp.com\/relocations.io\/wp-content\/uploads\/2024\/08\/5-2.jpg?resize=1170%2C658&amp;ssl=1 1170w, https:\/\/i0.wp.com\/relocations.io\/wp-content\/uploads\/2024\/08\/5-2.jpg?resize=50%2C28&amp;ssl=1 50w, https:\/\/i0.wp.com\/relocations.io\/wp-content\/uploads\/2024\/08\/5-2.jpg?resize=100%2C56&amp;ssl=1 100w\" sizes=\"(max-width: 1024px) 100vw, 1024px\" \/><\/figure>\n<div class=\"wp-block-media-text__content\">\n<p class=\"has-text-align-left\"><strong>Nazar\u00e9<\/strong><br \/>Praia da Nazar\u00e9 attire les familles en \u00e9t\u00e9 et les surfeurs en hiver, attir\u00e9s par les \u00e9normes vagues de l'Atlantique. La promenade du front de mer est anim\u00e9e par des restaurants et des bars. En 2011, Garret McNamara y a surf\u00e9 une vague record de 30 m\u00e8tres, mettant en valeur les vagues palpitantes de la plage.<\/p>\n<\/div>\n<\/div>\n\n<div class=\"wp-block-media-text has-media-on-the-right is-stacked-on-mobile\">\n<div class=\"wp-block-media-text__content\">\n<p class=\"has-text-align-right\"><strong>Praia de Salema, Vila do Bispo<\/strong><br \/>Adjacente au village de p\u00eacheurs de Salema, cette plage offre une \u00e9tendue de sable moyenne dans un paysage m\u00e9diterran\u00e9en. On y trouve des sites historiques de p\u00eache et des empreintes de dinosaures. Reconnue pour son accessibilit\u00e9 et son charme, elle a re\u00e7u les \u00e9loges de <a href=\"https:\/\/www.theguardian.com\/travel\/2019\/apr\/30\/walking-the-wilder-side-of-the-algarve-portugal-western-algarve\">The Guardian<\/a> et Travel &amp; Leisure.<\/p>\n<\/div>\n<figure class=\"wp-block-media-text__media\"><img loading=\"lazy\" decoding=\"async\" data-recalc-dims=\"1\" height=\"576\" width=\"1024\" class=\"wp-image-7954 size-full\" src=\"https:\/\/i0.wp.com\/relocations.io\/wp-content\/uploads\/2024\/08\/6.jpg?resize=1024%2C576&#038;ssl=1\" alt=\"Praia de Salema, Vila do Bispo, plages du Portugal\" srcset=\"https:\/\/i0.wp.com\/relocations.io\/wp-content\/uploads\/2024\/08\/6.jpg?w=1920&amp;ssl=1 1920w, https:\/\/i0.wp.com\/relocations.io\/wp-content\/uploads\/2024\/08\/6.jpg?resize=300%2C169&amp;ssl=1 300w, https:\/\/i0.wp.com\/relocations.io\/wp-content\/uploads\/2024\/08\/6.jpg?resize=1024%2C576&amp;ssl=1 1024w, https:\/\/i0.wp.com\/relocations.io\/wp-content\/uploads\/2024\/08\/6.jpg?resize=768%2C432&amp;ssl=1 768w, https:\/\/i0.wp.com\/relocations.io\/wp-content\/uploads\/2024\/08\/6.jpg?resize=1536%2C864&amp;ssl=1 1536w, https:\/\/i0.wp.com\/relocations.io\/wp-content\/uploads\/2024\/08\/6.jpg?resize=18%2C10&amp;ssl=1 18w, https:\/\/i0.wp.com\/relocations.io\/wp-content\/uploads\/2024\/08\/6.jpg?resize=1170%2C658&amp;ssl=1 1170w, https:\/\/i0.wp.com\/relocations.io\/wp-content\/uploads\/2024\/08\/6.jpg?resize=50%2C28&amp;ssl=1 50w, https:\/\/i0.wp.com\/relocations.io\/wp-content\/uploads\/2024\/08\/6.jpg?resize=100%2C56&amp;ssl=1 100w\" sizes=\"(max-width: 1024px) 100vw, 1024px\" \/><\/figure>\n<\/div>\n\n<div class=\"wp-block-media-text is-stacked-on-mobile\">\n<figure class=\"wp-block-media-text__media\"><img loading=\"lazy\" decoding=\"async\" data-recalc-dims=\"1\" height=\"576\" width=\"1024\" class=\"wp-image-7956 size-full\" src=\"https:\/\/i0.wp.com\/relocations.io\/wp-content\/uploads\/2024\/08\/7.jpg?resize=1024%2C576&#038;ssl=1\" alt=\"Praia do Guincho, Cascais, plages du Portugal\" srcset=\"https:\/\/i0.wp.com\/relocations.io\/wp-content\/uploads\/2024\/08\/7.jpg?w=1920&amp;ssl=1 1920w, https:\/\/i0.wp.com\/relocations.io\/wp-content\/uploads\/2024\/08\/7.jpg?resize=300%2C169&amp;ssl=1 300w, https:\/\/i0.wp.com\/relocations.io\/wp-content\/uploads\/2024\/08\/7.jpg?resize=1024%2C576&amp;ssl=1 1024w, https:\/\/i0.wp.com\/relocations.io\/wp-content\/uploads\/2024\/08\/7.jpg?resize=768%2C432&amp;ssl=1 768w, https:\/\/i0.wp.com\/relocations.io\/wp-content\/uploads\/2024\/08\/7.jpg?resize=1536%2C864&amp;ssl=1 1536w, https:\/\/i0.wp.com\/relocations.io\/wp-content\/uploads\/2024\/08\/7.jpg?resize=18%2C10&amp;ssl=1 18w, https:\/\/i0.wp.com\/relocations.io\/wp-content\/uploads\/2024\/08\/7.jpg?resize=1170%2C658&amp;ssl=1 1170w, https:\/\/i0.wp.com\/relocations.io\/wp-content\/uploads\/2024\/08\/7.jpg?resize=50%2C28&amp;ssl=1 50w, https:\/\/i0.wp.com\/relocations.io\/wp-content\/uploads\/2024\/08\/7.jpg?resize=100%2C56&amp;ssl=1 100w\" sizes=\"(max-width: 1024px) 100vw, 1024px\" \/><\/figure>\n<div class=\"wp-block-media-text__content\">\n<p class=\"has-text-align-left\"><strong>Praia do Guincho, Cascais<\/strong><br \/>Praia Grande do Guincho, situ\u00e9e entre des pointes rocheuses, pr\u00e9sente une vaste \u00e9tendue de sable dor\u00e9. C'est l'une des plages les plus grandes et les plus populaires du Portugal, appr\u00e9ci\u00e9e des surfeurs, des v\u00e9liplanchistes et des kitesurfeurs. La plage fait partie du parc naturel de Sintra-Cascais et offre d'excellentes installations et mesures de s\u00e9curit\u00e9.<\/p>\n<\/div>\n<\/div>\n\n<div class=\"wp-block-media-text has-media-on-the-right is-stacked-on-mobile\">\n<div class=\"wp-block-media-text__content\">\n<p class=\"has-text-align-right\"><strong>Praia de Moledo, Caminha<\/strong><br \/>La Praia de Moledo \u00e0 Caminha offre du sable fin, des vues \u00e0 couper le souffle sur le Monte de Santa Tecla et la for\u00eat de Camarido. Les conditions venteuses en font un lieu id\u00e9al pour les surfeurs et les kitesurfeurs. La plage offre \u00e9galement des services et des <a href=\"https:\/\/relocations.io\/services\/\" data-wpil-monitor-id=\"100\">services<\/a>.<\/p>\n<\/div>\n<figure class=\"wp-block-media-text__media\"><img loading=\"lazy\" decoding=\"async\" data-recalc-dims=\"1\" height=\"576\" width=\"1024\" class=\"wp-image-7957 size-full\" src=\"https:\/\/i0.wp.com\/relocations.io\/wp-content\/uploads\/2024\/08\/8.jpg?resize=1024%2C576&#038;ssl=1\" alt=\"Praia de Moledo, Caminha, plages du Portugal\" srcset=\"https:\/\/i0.wp.com\/relocations.io\/wp-content\/uploads\/2024\/08\/8.jpg?w=1920&amp;ssl=1 1920w, https:\/\/i0.wp.com\/relocations.io\/wp-content\/uploads\/2024\/08\/8.jpg?resize=300%2C169&amp;ssl=1 300w, https:\/\/i0.wp.com\/relocations.io\/wp-content\/uploads\/2024\/08\/8.jpg?resize=1024%2C576&amp;ssl=1 1024w, https:\/\/i0.wp.com\/relocations.io\/wp-content\/uploads\/2024\/08\/8.jpg?resize=768%2C432&amp;ssl=1 768w, https:\/\/i0.wp.com\/relocations.io\/wp-content\/uploads\/2024\/08\/8.jpg?resize=1536%2C864&amp;ssl=1 1536w, https:\/\/i0.wp.com\/relocations.io\/wp-content\/uploads\/2024\/08\/8.jpg?resize=18%2C10&amp;ssl=1 18w, https:\/\/i0.wp.com\/relocations.io\/wp-content\/uploads\/2024\/08\/8.jpg?resize=1170%2C658&amp;ssl=1 1170w, https:\/\/i0.wp.com\/relocations.io\/wp-content\/uploads\/2024\/08\/8.jpg?resize=50%2C28&amp;ssl=1 50w, https:\/\/i0.wp.com\/relocations.io\/wp-content\/uploads\/2024\/08\/8.jpg?resize=100%2C56&amp;ssl=1 100w\" sizes=\"(max-width: 1024px) 100vw, 1024px\" \/><\/figure>\n<\/div>\n\n<div class=\"wp-block-media-text is-stacked-on-mobile\">\n<figure class=\"wp-block-media-text__media\"><img loading=\"lazy\" decoding=\"async\" data-recalc-dims=\"1\" height=\"576\" width=\"1024\" class=\"wp-image-7958 size-full\" src=\"https:\/\/i0.wp.com\/relocations.io\/wp-content\/uploads\/2024\/08\/9.jpg?resize=1024%2C576&#038;ssl=1\" alt=\"Foz do Arelho, \u00d3bidos, plages du Portugal\" srcset=\"https:\/\/i0.wp.com\/relocations.io\/wp-content\/uploads\/2024\/08\/9.jpg?w=1920&amp;ssl=1 1920w, https:\/\/i0.wp.com\/relocations.io\/wp-content\/uploads\/2024\/08\/9.jpg?resize=300%2C169&amp;ssl=1 300w, https:\/\/i0.wp.com\/relocations.io\/wp-content\/uploads\/2024\/08\/9.jpg?resize=1024%2C576&amp;ssl=1 1024w, https:\/\/i0.wp.com\/relocations.io\/wp-content\/uploads\/2024\/08\/9.jpg?resize=768%2C432&amp;ssl=1 768w, https:\/\/i0.wp.com\/relocations.io\/wp-content\/uploads\/2024\/08\/9.jpg?resize=1536%2C864&amp;ssl=1 1536w, https:\/\/i0.wp.com\/relocations.io\/wp-content\/uploads\/2024\/08\/9.jpg?resize=18%2C10&amp;ssl=1 18w, https:\/\/i0.wp.com\/relocations.io\/wp-content\/uploads\/2024\/08\/9.jpg?resize=1170%2C658&amp;ssl=1 1170w, https:\/\/i0.wp.com\/relocations.io\/wp-content\/uploads\/2024\/08\/9.jpg?resize=50%2C28&amp;ssl=1 50w, https:\/\/i0.wp.com\/relocations.io\/wp-content\/uploads\/2024\/08\/9.jpg?resize=100%2C56&amp;ssl=1 100w\" sizes=\"(max-width: 1024px) 100vw, 1024px\" \/><\/figure>\n<div class=\"wp-block-media-text__content\">\n<p class=\"has-text-align-left\"><strong>Foz do Arelho, \u00d3bidos<\/strong><br \/>Foz do Arelho, \u00e0 \u00d3bidos, offre une exp\u00e9rience de double plage : une face \u00e0 l'Atlantique pour le surf et la planche \u00e0 voile, et une autre le long de la lagune d'\u00d3bidos pour des sorties familiales tranquilles. La plage est bien \u00e9quip\u00e9e avec un parking, des installations de soutien et un restaurant, ce qui en fait une destination de choix.<\/p>\n<\/div>\n<\/div>\n\n<div class=\"wp-block-media-text has-media-on-the-right is-stacked-on-mobile\">\n<div class=\"wp-block-media-text__content\">\n<p class=\"has-text-align-right\"><strong>Praia da Comporta, Gr\u00e2ndola\/Alentejo<\/strong><br \/>Praia da Comporta, situ\u00e9e dans la r\u00e9serve naturelle de l'estuaire du Sado, conserve son charme naturel avec ses dunes vierges et ses eaux claires. La plage offre d'excellents \u00e9quipements, notamment des restaurants en bord de mer, des toilettes compl\u00e8tes et des services d'accessibilit\u00e9, mettant en valeur la cuisine locale.<\/p>\n<\/div>\n<figure class=\"wp-block-media-text__media\"><img loading=\"lazy\" decoding=\"async\" data-recalc-dims=\"1\" height=\"576\" width=\"1024\" class=\"wp-image-7961 size-full\" src=\"https:\/\/i0.wp.com\/relocations.io\/wp-content\/uploads\/2024\/08\/10.jpg?resize=1024%2C576&#038;ssl=1\" alt=\"Praia da Comporta, Gr\u00e2ndola\/Alentejo, Plages du Portugal\" srcset=\"https:\/\/i0.wp.com\/relocations.io\/wp-content\/uploads\/2024\/08\/10.jpg?w=1920&amp;ssl=1 1920w, https:\/\/i0.wp.com\/relocations.io\/wp-content\/uploads\/2024\/08\/10.jpg?resize=300%2C169&amp;ssl=1 300w, https:\/\/i0.wp.com\/relocations.io\/wp-content\/uploads\/2024\/08\/10.jpg?resize=1024%2C576&amp;ssl=1 1024w, https:\/\/i0.wp.com\/relocations.io\/wp-content\/uploads\/2024\/08\/10.jpg?resize=768%2C432&amp;ssl=1 768w, https:\/\/i0.wp.com\/relocations.io\/wp-content\/uploads\/2024\/08\/10.jpg?resize=1536%2C864&amp;ssl=1 1536w, https:\/\/i0.wp.com\/relocations.io\/wp-content\/uploads\/2024\/08\/10.jpg?resize=18%2C10&amp;ssl=1 18w, https:\/\/i0.wp.com\/relocations.io\/wp-content\/uploads\/2024\/08\/10.jpg?resize=1170%2C658&amp;ssl=1 1170w, https:\/\/i0.wp.com\/relocations.io\/wp-content\/uploads\/2024\/08\/10.jpg?resize=50%2C28&amp;ssl=1 50w, https:\/\/i0.wp.com\/relocations.io\/wp-content\/uploads\/2024\/08\/10.jpg?resize=100%2C56&amp;ssl=1 100w\" sizes=\"(max-width: 1024px) 100vw, 1024px\" \/><\/figure>\n<\/div>\n\n<div class=\"wp-block-media-text is-stacked-on-mobile\">\n<figure class=\"wp-block-media-text__media\"><img loading=\"lazy\" decoding=\"async\" data-recalc-dims=\"1\" height=\"576\" width=\"1024\" class=\"wp-image-7962 size-full\" src=\"https:\/\/i0.wp.com\/relocations.io\/wp-content\/uploads\/2024\/08\/11.jpg?resize=1024%2C576&#038;ssl=1\" alt=\"Praia de Odeceixe, Aljezur, plages du Portugal\" srcset=\"https:\/\/i0.wp.com\/relocations.io\/wp-content\/uploads\/2024\/08\/11.jpg?w=1920&amp;ssl=1 1920w, https:\/\/i0.wp.com\/relocations.io\/wp-content\/uploads\/2024\/08\/11.jpg?resize=300%2C169&amp;ssl=1 300w, https:\/\/i0.wp.com\/relocations.io\/wp-content\/uploads\/2024\/08\/11.jpg?resize=1024%2C576&amp;ssl=1 1024w, https:\/\/i0.wp.com\/relocations.io\/wp-content\/uploads\/2024\/08\/11.jpg?resize=768%2C432&amp;ssl=1 768w, https:\/\/i0.wp.com\/relocations.io\/wp-content\/uploads\/2024\/08\/11.jpg?resize=1536%2C864&amp;ssl=1 1536w, https:\/\/i0.wp.com\/relocations.io\/wp-content\/uploads\/2024\/08\/11.jpg?resize=18%2C10&amp;ssl=1 18w, https:\/\/i0.wp.com\/relocations.io\/wp-content\/uploads\/2024\/08\/11.jpg?resize=1170%2C658&amp;ssl=1 1170w, https:\/\/i0.wp.com\/relocations.io\/wp-content\/uploads\/2024\/08\/11.jpg?resize=50%2C28&amp;ssl=1 50w, https:\/\/i0.wp.com\/relocations.io\/wp-content\/uploads\/2024\/08\/11.jpg?resize=100%2C56&amp;ssl=1 100w\" sizes=\"(max-width: 1024px) 100vw, 1024px\" \/><\/figure>\n<div class=\"wp-block-media-text__content\">\n<p class=\"has-text-align-left\"><strong>Praia de Odeceixe, Aljezur<\/strong><br \/>Praia de Odeceixe, situ\u00e9e au point de rencontre des r\u00e9gions de l'Alentejo et de l'Algarve, offre un m\u00e9lange unique de vagues de l'oc\u00e9an Atlantique et des eaux calmes de la rivi\u00e8re Seixe. Ce joyau cach\u00e9 s\u00e9duit les visiteurs par ses vues \u00e0 couper le souffle et son environnement s\u00fbr, surveill\u00e9 par des ma\u00eetres-nageurs. Apr\u00e8s une journ\u00e9e \u00e0 la plage, savourez <a href=\"https:\/\/relocations.io\/your-guide-to-visa-requirements-and-citizenship-in-portugal-navigating-your-path-to-a-new-life\/\" data-wpil-monitor-id=\"34\">traditionnelle<\/a> Les plats dans le village voisin et l'exploration d'un moulin \u00e0 vent historique avant de rentrer \u00e0 la maison.<\/p>\n<\/div>\n<\/div>\n\n<div class=\"wp-block-media-text has-media-on-the-right is-stacked-on-mobile\">\n<div class=\"wp-block-media-text__content\">\n<p class=\"has-text-align-right\"><strong>Ponta da Piedade (et plages de Camilo et Dona Ana), Lagos, Algarve<\/strong><br \/>Ponta da Piedade, un belv\u00e9d\u00e8re, offre une vue embl\u00e9matique sur la mer bleue et les formations rocheuses spectaculaires. Les plages voisines de Camilo et de Dona Ana offrent des vues similaires et servent de point de d\u00e9part pour des excursions en bateau. Praia do Camilo a \u00e9t\u00e9 d\u00e9sign\u00e9e comme l'une des 50 plus belles plages du monde en 2023 par Big 7 Travel.<\/p>\n<\/div>\n<figure class=\"wp-block-media-text__media\"><img loading=\"lazy\" decoding=\"async\" data-recalc-dims=\"1\" height=\"576\" width=\"1024\" class=\"wp-image-7963 size-full\" src=\"https:\/\/i0.wp.com\/relocations.io\/wp-content\/uploads\/2024\/08\/12.jpg?resize=1024%2C576&#038;ssl=1\" alt=\"Ponta da Piedade, Lagos, Algarve au Portugal\" srcset=\"https:\/\/i0.wp.com\/relocations.io\/wp-content\/uploads\/2024\/08\/12.jpg?w=1920&amp;ssl=1 1920w, https:\/\/i0.wp.com\/relocations.io\/wp-content\/uploads\/2024\/08\/12.jpg?resize=300%2C169&amp;ssl=1 300w, https:\/\/i0.wp.com\/relocations.io\/wp-content\/uploads\/2024\/08\/12.jpg?resize=1024%2C576&amp;ssl=1 1024w, https:\/\/i0.wp.com\/relocations.io\/wp-content\/uploads\/2024\/08\/12.jpg?resize=768%2C432&amp;ssl=1 768w, https:\/\/i0.wp.com\/relocations.io\/wp-content\/uploads\/2024\/08\/12.jpg?resize=1536%2C864&amp;ssl=1 1536w, https:\/\/i0.wp.com\/relocations.io\/wp-content\/uploads\/2024\/08\/12.jpg?resize=18%2C10&amp;ssl=1 18w, https:\/\/i0.wp.com\/relocations.io\/wp-content\/uploads\/2024\/08\/12.jpg?resize=1170%2C658&amp;ssl=1 1170w, https:\/\/i0.wp.com\/relocations.io\/wp-content\/uploads\/2024\/08\/12.jpg?resize=50%2C28&amp;ssl=1 50w, https:\/\/i0.wp.com\/relocations.io\/wp-content\/uploads\/2024\/08\/12.jpg?resize=100%2C56&amp;ssl=1 100w\" sizes=\"(max-width: 1024px) 100vw, 1024px\" \/><\/figure>\n<\/div>\n\n<p class=\"has-text-align-left\">Le littoral portugais a de quoi plaire \u00e0 tout le monde. Des criques isol\u00e9es aux plages anim\u00e9es avec un surf de classe mondiale, chaque plage poss\u00e8de son propre charme. Que vous soyez attir\u00e9 par les c\u00f4tes accident\u00e9es du nord, les vastes \u00e9tendues de sable de la r\u00e9gion centrale ou les falaises spectaculaires et les eaux chaudes de l'Algarve, les plages du Portugal sont id\u00e9ales pour partir \u00e0 l'aventure, se d\u00e9tendre ou s'immerger dans la culture locale. O\u00f9 que vous alliez, vous trouverez votre coin de paradis sur les c\u00f4tes portugaises.<\/p>\n\n<h5 id=\"h-have-you-chosen-where-to-go-on-a-hot-day\" class=\"wp-block-heading has-text-align-center\"><strong>Avez-vous choisi o\u00f9 vous rendre par une journ\u00e9e de canicule ?<\/strong><\/h5>\n\t\t\t\t\t\t\t\t<\/div>\n\t\t\t\t<\/div>\n\t\t\t\t\t<\/div>\n\t\t\t\t<\/div>\n\t\t\t\t<\/div>","protected":false},"excerpt":{"rendered":"<p>Tradition of beach visits in Portugal The tradition of beach visits in Portugal began in the 18th century, inspired by European trends of using seaside retreats for health benefits. Coastal visits were valued for their therapeutic properties, treating ailments like respiratory issues and stress. Beaches evolved from health retreats to popular recreational spots as Portugal [&hellip;]<\/p>","protected":false},"author":2,"featured_media":8365,"comment_status":"closed","ping_status":"closed","sticky":false,"template":"","format":"standard","meta":{"_jetpack_memberships_contains_paid_content":false,"footnotes":""},"categories":[60],"tags":[136,134,133,70,92,135,132,90],"class_list":["post-7880","post","type-post","status-publish","format-standard","has-post-thumbnail","hentry","category-europe","tag-algarve","tag-atlantic-coastline","tag-beaches","tag-moving-to-europe","tag-portugal","tag-summer-destinations","tag-top","tag-tradition"],"jetpack_featured_media_url":"https:\/\/i0.wp.com\/relocations.io\/wp-content\/uploads\/2024\/05\/attBeaches-.jpg?fit=2240%2C1260&ssl=1","jetpack-related-posts":[{"id":7427,"url":"https:\/\/relocations.io\/fr\/votre-guide-sur-les-exigences-en-matiere-de-visa-et-de-citoyennete-au-portugal-naviguer-sur-le-chemin-dune-nouvelle-vie\/","url_meta":{"origin":7880,"position":0},"title":"Votre guide des exigences en mati\u00e8re de visa et de citoyennet\u00e9 au Portugal : Naviguer sur le chemin d'une nouvelle vie","author":"Relocations.io","date":"juin 1, 2024","format":false,"excerpt":"D\u00e9couvrez les \u00e9tapes essentielles de l'installation au Portugal, des exigences en mati\u00e8re de visa aux proc\u00e9dures de citoyennet\u00e9. Notre guide simplifie le processus et garantit une transition en douceur vers votre nouvelle vie dans ce pays captivant.","rel":"","context":"Dans &quot;Europe&quot;","block_context":{"text":"Europe","link":"https:\/\/relocations.io\/fr\/categorie\/leurope\/"},"img":{"alt_text":"","src":"https:\/\/i0.wp.com\/relocations.io\/wp-content\/uploads\/2022\/11\/41.jpg?fit=1200%2C675&ssl=1&resize=350%2C200","width":350,"height":200,"srcset":"https:\/\/i0.wp.com\/relocations.io\/wp-content\/uploads\/2022\/11\/41.jpg?fit=1200%2C675&ssl=1&resize=350%2C200 1x, https:\/\/i0.wp.com\/relocations.io\/wp-content\/uploads\/2022\/11\/41.jpg?fit=1200%2C675&ssl=1&resize=525%2C300 1.5x, https:\/\/i0.wp.com\/relocations.io\/wp-content\/uploads\/2022\/11\/41.jpg?fit=1200%2C675&ssl=1&resize=700%2C400 2x, https:\/\/i0.wp.com\/relocations.io\/wp-content\/uploads\/2022\/11\/41.jpg?fit=1200%2C675&ssl=1&resize=1050%2C600 3x"},"classes":[]},{"id":7406,"url":"https:\/\/relocations.io\/fr\/les-bresiliens-qui-sinstallent-au-portugal-saisissent-de-nouvelles-opportunites-dans-le-cadre-dune-histoire-commune\/","url_meta":{"origin":7880,"position":1},"title":"Les Br\u00e9siliens s'installent au Portugal : Saisir de nouvelles opportunit\u00e9s dans le cadre d'une histoire commune","author":"Relocations.io","date":"juillet 1, 2023","format":false,"excerpt":"Explorez les liens historiques entre le Br\u00e9sil et le Portugal, alors que les Br\u00e9siliens cherchent de nouvelles opportunit\u00e9s dans le pays de leur pass\u00e9 colonial. Avec une langue et des affinit\u00e9s culturelles communes, le Portugal offre un environnement accueillant pour les Br\u00e9siliens qui peuvent prosp\u00e9rer dans divers secteurs, de la technologie au tourisme.","rel":"","context":"Dans &quot;Europe&quot;","block_context":{"text":"Europe","link":"https:\/\/relocations.io\/fr\/categorie\/leurope\/"},"img":{"alt_text":"","src":"https:\/\/i0.wp.com\/relocations.io\/wp-content\/uploads\/2022\/11\/36.jpg?fit=1200%2C675&ssl=1&resize=350%2C200","width":350,"height":200,"srcset":"https:\/\/i0.wp.com\/relocations.io\/wp-content\/uploads\/2022\/11\/36.jpg?fit=1200%2C675&ssl=1&resize=350%2C200 1x, https:\/\/i0.wp.com\/relocations.io\/wp-content\/uploads\/2022\/11\/36.jpg?fit=1200%2C675&ssl=1&resize=525%2C300 1.5x, https:\/\/i0.wp.com\/relocations.io\/wp-content\/uploads\/2022\/11\/36.jpg?fit=1200%2C675&ssl=1&resize=700%2C400 2x, https:\/\/i0.wp.com\/relocations.io\/wp-content\/uploads\/2022\/11\/36.jpg?fit=1200%2C675&ssl=1&resize=1050%2C600 3x"},"classes":[]},{"id":7385,"url":"https:\/\/relocations.io\/fr\/donnees-de-la-saint-valentin\/","url_meta":{"origin":7880,"position":2},"title":"L'amour \u00e0 travers le continent : Les traditions de la Saint-Valentin en Europe et au-del\u00e0","author":"Relocations.io","date":"f\u00e9vrier 1, 2023","format":false,"excerpt":"Valentine\u2019s Day Traditions Across Europe: A Romantic Tour As February 14th draws near, love blossoms worldwide, but nowhere does it shine quite like in Europe. From the sunlit shores of Portugal to the charming streets of Paris, Valentine\u2019s Day in Europe is a grand celebration of romance, tradition, and heartfelt\u2026","rel":"","context":"Dans &quot;Belgium&quot;","block_context":{"text":"Belgium","link":"https:\/\/relocations.io\/fr\/categorie\/leurope\/belgique\/"},"img":{"alt_text":"","src":"https:\/\/i0.wp.com\/relocations.io\/wp-content\/uploads\/2022\/11\/27.jpg?fit=1200%2C675&ssl=1&resize=350%2C200","width":350,"height":200,"srcset":"https:\/\/i0.wp.com\/relocations.io\/wp-content\/uploads\/2022\/11\/27.jpg?fit=1200%2C675&ssl=1&resize=350%2C200 1x, https:\/\/i0.wp.com\/relocations.io\/wp-content\/uploads\/2022\/11\/27.jpg?fit=1200%2C675&ssl=1&resize=525%2C300 1.5x, https:\/\/i0.wp.com\/relocations.io\/wp-content\/uploads\/2022\/11\/27.jpg?fit=1200%2C675&ssl=1&resize=700%2C400 2x, https:\/\/i0.wp.com\/relocations.io\/wp-content\/uploads\/2022\/11\/27.jpg?fit=1200%2C675&ssl=1&resize=1050%2C600 3x"},"classes":[]},{"id":9038,"url":"https:\/\/relocations.io\/fr\/nouveaux-vols-directs-de-montreal-a-porto\/","url_meta":{"origin":7880,"position":3},"title":"De nouveaux vols directs vers le Canada stimulent le tourisme entre le Portugal et le Canada","author":"Relocations.io","date":"ao\u00fbt 27, 2024","format":false,"excerpt":"A new direct flight route by Air Canada connecting Montreal, Canada, and Porto, Portugal. This service offers a convenient travel option for tourists and the Portuguese community in Canada. It highlights the benefits of the direct flight, including saving time and enhancing travel comfort, and also promotes Porto as an\u2026","rel":"","context":"Dans &quot;Canada&quot;","block_context":{"text":"Canada","link":"https:\/\/relocations.io\/fr\/categorie\/canada\/"},"img":{"alt_text":"","src":"https:\/\/i0.wp.com\/relocations.io\/wp-content\/uploads\/2024\/08\/New-Flights.jpg?fit=1200%2C600&ssl=1&resize=350%2C200","width":350,"height":200,"srcset":"https:\/\/i0.wp.com\/relocations.io\/wp-content\/uploads\/2024\/08\/New-Flights.jpg?fit=1200%2C600&ssl=1&resize=350%2C200 1x, https:\/\/i0.wp.com\/relocations.io\/wp-content\/uploads\/2024\/08\/New-Flights.jpg?fit=1200%2C600&ssl=1&resize=525%2C300 1.5x, https:\/\/i0.wp.com\/relocations.io\/wp-content\/uploads\/2024\/08\/New-Flights.jpg?fit=1200%2C600&ssl=1&resize=700%2C400 2x, https:\/\/i0.wp.com\/relocations.io\/wp-content\/uploads\/2024\/08\/New-Flights.jpg?fit=1200%2C600&ssl=1&resize=1050%2C600 3x"},"classes":[]},{"id":8107,"url":"https:\/\/relocations.io\/fr\/portugal-2024-celebre-la-tradition-de-la-fete-nationale\/","url_meta":{"origin":7880,"position":4},"title":"Explorer les 2024 f\u00eates nationales du Portugal : Guide des c\u00e9l\u00e9brations culturelles","author":"Relocations.io","date":"ao\u00fbt 12, 2024","format":false,"excerpt":"Les 2024 jours f\u00e9ri\u00e9s nationaux du Portugal offrent une riche exp\u00e9rience de sa culture, de son histoire et de ses traditions. Les principaux jours f\u00e9ri\u00e9s sont le jour de l'an, le carnaval, la f\u00eate de la libert\u00e9, la f\u00eate du Portugal et No\u00ebl. Chaque jour f\u00e9ri\u00e9 donne lieu \u00e0 des c\u00e9l\u00e9brations uniques, qu'il s'agisse de d\u00e9fil\u00e9s, de c\u00e9r\u00e9monies religieuses, de rassemblements familiaux ou d'\u00e9v\u00e9nements publics, qui donnent un aper\u00e7u de la vie portugaise.","rel":"","context":"Dans &quot;Cultural Activities&quot;","block_context":{"text":"Cultural Activities","link":"https:\/\/relocations.io\/fr\/categorie\/leurope\/les-activites-culturelles\/"},"img":{"alt_text":"","src":"https:\/\/i0.wp.com\/relocations.io\/wp-content\/uploads\/2024\/08\/18-1.jpg?fit=1200%2C675&ssl=1&resize=350%2C200","width":350,"height":200,"srcset":"https:\/\/i0.wp.com\/relocations.io\/wp-content\/uploads\/2024\/08\/18-1.jpg?fit=1200%2C675&ssl=1&resize=350%2C200 1x, https:\/\/i0.wp.com\/relocations.io\/wp-content\/uploads\/2024\/08\/18-1.jpg?fit=1200%2C675&ssl=1&resize=525%2C300 1.5x, https:\/\/i0.wp.com\/relocations.io\/wp-content\/uploads\/2024\/08\/18-1.jpg?fit=1200%2C675&ssl=1&resize=700%2C400 2x, https:\/\/i0.wp.com\/relocations.io\/wp-content\/uploads\/2024\/08\/18-1.jpg?fit=1200%2C675&ssl=1&resize=1050%2C600 3x"},"classes":[]},{"id":7363,"url":"https:\/\/relocations.io\/fr\/embrasser-leurope-le-chemin-simplifie-vers-un-nouveau-depart\/","url_meta":{"origin":7880,"position":5},"title":"Embrasser l'Europe : La voie simplifi\u00e9e vers un nouveau d\u00e9part","author":"Relocations.io","date":"octobre 1, 2022","format":false,"excerpt":"The Allure of Moving to Europe Moving to Europe has captivated people worldwide. With its rich history, diverse culture, and high quality of life, Europe offers countless benefits for a fresh start. While relocating to a new continent can seem daunting, careful planning and the right support can streamline the\u2026","rel":"","context":"Dans &quot;Europe&quot;","block_context":{"text":"Europe","link":"https:\/\/relocations.io\/fr\/categorie\/leurope\/"},"img":{"alt_text":"","src":"https:\/\/i0.wp.com\/relocations.io\/wp-content\/uploads\/2024\/02\/embracing-europe2.png?fit=1200%2C675&ssl=1&resize=350%2C200","width":350,"height":200,"srcset":"https:\/\/i0.wp.com\/relocations.io\/wp-content\/uploads\/2024\/02\/embracing-europe2.png?fit=1200%2C675&ssl=1&resize=350%2C200 1x, https:\/\/i0.wp.com\/relocations.io\/wp-content\/uploads\/2024\/02\/embracing-europe2.png?fit=1200%2C675&ssl=1&resize=525%2C300 1.5x, https:\/\/i0.wp.com\/relocations.io\/wp-content\/uploads\/2024\/02\/embracing-europe2.png?fit=1200%2C675&ssl=1&resize=700%2C400 2x, https:\/\/i0.wp.com\/relocations.io\/wp-content\/uploads\/2024\/02\/embracing-europe2.png?fit=1200%2C675&ssl=1&resize=1050%2C600 3x"},"classes":[]}],"jetpack_sharing_enabled":true,"_links":{"self":[{"href":"https:\/\/relocations.io\/fr\/wp-json\/wp\/v2\/posts\/7880","targetHints":{"allow":["GET"]}}],"collection":[{"href":"https:\/\/relocations.io\/fr\/wp-json\/wp\/v2\/posts"}],"about":[{"href":"https:\/\/relocations.io\/fr\/wp-json\/wp\/v2\/types\/post"}],"author":[{"embeddable":true,"href":"https:\/\/relocations.io\/fr\/wp-json\/wp\/v2\/users\/2"}],"replies":[{"embeddable":true,"href":"https:\/\/relocations.io\/fr\/wp-json\/wp\/v2\/comments?post=7880"}],"version-history":[{"count":0,"href":"https:\/\/relocations.io\/fr\/wp-json\/wp\/v2\/posts\/7880\/revisions"}],"wp:featuredmedia":[{"embeddable":true,"href":"https:\/\/relocations.io\/fr\/wp-json\/wp\/v2\/media\/8365"}],"wp:attachment":[{"href":"https:\/\/relocations.io\/fr\/wp-json\/wp\/v2\/media?parent=7880"}],"wp:term":[{"taxonomy":"category","embeddable":true,"href":"https:\/\/relocations.io\/fr\/wp-json\/wp\/v2\/categories?post=7880"},{"taxonomy":"post_tag","embeddable":true,"href":"https:\/\/relocations.io\/fr\/wp-json\/wp\/v2\/tags?post=7880"}],"curies":[{"name":"wp","href":"https:\/\/api.w.org\/{rel}","templated":true}]}}