{"id":7537,"date":"2023-12-01T10:00:00","date_gmt":"2023-12-01T10:00:00","guid":{"rendered":"https:\/\/relocations.io\/?p=7537"},"modified":"2024-09-06T12:04:46","modified_gmt":"2024-09-06T11:04:46","slug":"explorer-lenchantement-du-marche-de-noel-de-vigos","status":"publish","type":"post","link":"https:\/\/relocations.io\/fr\/explorer-lenchantement-du-marche-de-noel-de-vigos\/","title":{"rendered":"Explorer l'enchantement : Le d\u00e9licieux march\u00e9 de No\u00ebl de Vigo"},"content":{"rendered":"<div data-elementor-type=\"wp-post\" data-elementor-id=\"7537\" class=\"elementor elementor-7537\" data-elementor-settings=\"{&quot;ha_cmc_init_switcher&quot;:&quot;no&quot;}\" data-elementor-post-type=\"post\">\n\t\t\t\t<div class=\"elementor-element elementor-element-4b974bbe e-flex e-con-boxed e-con e-parent\" data-id=\"4b974bbe\" data-element_type=\"container\" data-settings=\"{&quot;_ha_eqh_enable&quot;:false}\">\n\t\t\t\t\t<div class=\"e-con-inner\">\n\t\t\t\t<div class=\"elementor-element elementor-element-76fb625 elementor-widget elementor-widget-heading\" data-id=\"76fb625\" data-element_type=\"widget\" data-widget_type=\"heading.default\">\n\t\t\t\t<div class=\"elementor-widget-container\">\n\t\t\t\t\t<h2 class=\"elementor-heading-title elementor-size-default\">Explorer l'enchantement : Le d\u00e9licieux march\u00e9 de No\u00ebl de Vigo<\/h2>\t\t\t\t<\/div>\n\t\t\t\t<\/div>\n\t\t\t\t<div class=\"elementor-element elementor-element-1c9dba55 elementor-widget elementor-widget-text-editor\" data-id=\"1c9dba55\" data-element_type=\"widget\" data-widget_type=\"text-editor.default\">\n\t\t\t\t<div class=\"elementor-widget-container\">\n\t\t\t\t\t\t\t\t\t<!-- \/wp:paragraph --><!-- wp:paragraph -->\n<p><br \/>\u00c0 l'approche des f\u00eates de fin d'ann\u00e9e, Vigo, nich\u00e9 au c\u0153ur de la r\u00e9gion de l'Oc\u00e9an Indien, est l'une des plus belles villes du monde. <a href=\"https:\/\/www.google.com\/url?sa=t&amp;rct=j&amp;q=&amp;esrc=s&amp;source=web&amp;cd=&amp;cad=rja&amp;uact=8&amp;ved=2ahUKEwjR95Obv8OEAxX-7QIHHYCODOAQFnoECDUQAQ&amp;url=https%3A%2F%2Fen.wikipedia.org%2Fwiki%2FGalicia_(Spain)&amp;usg=AOvVaw2nrFAyomza7GKnRPekqHMo&amp;opi=89978449\" target=\"_blank\" rel=\"noreferrer noopener\">Galice, Espagne<\/a>Le march\u00e9 de No\u00ebl de Vigo se transforme en un pays des merveilles hivernales, avec ses lumi\u00e8res scintillantes, sa joie de vivre et l'ar\u00f4me irr\u00e9sistible du vin chaud et des marrons grill\u00e9s. Au centre de cette magie des f\u00eates de fin d'ann\u00e9e se trouve le march\u00e9 de No\u00ebl de Vigo, un centre d'activit\u00e9 anim\u00e9 qui capture l'esprit de la saison comme aucun autre. Rejoignez-nous pour un voyage \u00e0 travers les images, les sons et les saveurs du c\u00e9l\u00e8bre march\u00e9 de No\u00ebl de Vigo.<\/p>\n<!-- \/wp:paragraph --><!-- wp:paragraph -->\n<p>Situ\u00e9 au c\u0153ur du quartier historique, le march\u00e9 de No\u00ebl de Vigo est une tapisserie vibrante de couleurs et d'odeurs. <a href=\"https:\/\/relocations.io\/your-guide-to-visa-requirements-and-citizenship-in-portugal-navigating-your-path-to-a-new-life\/\" data-wpil-monitor-id=\"38\">tradition<\/a>. Des \u00e9choppes en bois, orn\u00e9es de lumi\u00e8res scintillantes et de d\u00e9corations festives, bordent les rues pav\u00e9es. Il en r\u00e9sulte une atmosph\u00e8re magique qui enchante les visiteurs de tous \u00e2ges.<\/p>\n<!-- \/wp:paragraph --><!-- wp:paragraph -->\n<p>Entrez dans ce monde magique et d\u00e9couvrez un tr\u00e9sor d'artisanat, de cadeaux uniques et d'objets d'art. <a href=\"https:\/\/relocations.io\/portugal-top-beaches-your-ultimate-guide\/\" data-wpil-monitor-id=\"58\">traditionnelle<\/a> des friandises pour les f\u00eates. Le march\u00e9 propose un large \u00e9ventail de tr\u00e9sors, allant des ornements artisanaux et des d\u00e9corations festives aux textiles et c\u00e9ramiques fabriqu\u00e9s localement. C'est l'endroit id\u00e9al pour faire ses achats de vacances et chasser les souvenirs, avec des trouvailles uniques qui capturent l'esprit de la saison.<\/p>\n<!-- \/wp:paragraph --><!-- wp:heading {\"level\":5} -->\n<h5 id=\"h-must-try-delicacies-at-the-vigo-christmas-market\" class=\"wp-block-heading\"><strong>Les d\u00e9lices incontournables du march\u00e9 de No\u00ebl de Vigo<\/strong><\/h5>\n<!-- \/wp:heading --><!-- wp:paragraph -->\n<p>L'un des points forts du march\u00e9 de No\u00ebl de Vigo est son \u00e9ventail de d\u00e9lices culinaires. Laissez-vous tenter par les d\u00e9lices espagnols tels que les churros con chocolate, une p\u00e2te frite croustillante accompagn\u00e9e d'une sauce au chocolat riche et velout\u00e9e. Vous pouvez aussi vous d\u00e9lecter de marrons fra\u00eechement grill\u00e9s, une friandise hivernale tr\u00e8s appr\u00e9ci\u00e9e des habitants de Vigo. <a href=\"https:\/\/relocations.io\/from-brazil-to-europe-a-cultural-odyssey-of-relocation\/\" data-wpil-monitor-id=\"95\">Espagne<\/a>.<\/p>\n<!-- \/wp:paragraph --><!-- wp:image {\"id\":7541,\"sizeSlug\":\"large\",\"linkDestination\":\"none\",\"align\":\"center\"} -->\n<figure class=\"wp-block-image aligncenter size-large\"><img fetchpriority=\"high\" decoding=\"async\" data-recalc-dims=\"1\" height=\"576\" width=\"1024\" class=\"wp-image-7541\" src=\"https:\/\/i0.wp.com\/relocations.io\/wp-content\/uploads\/2024\/02\/vigoxmas-3.png?resize=1024%2C576&#038;ssl=1\" alt=\"Dans une ville joyeuse et anim\u00e9e par des amis qui se prom\u00e8nent, une ambiance magique et romantique r\u00e9unit des personnes venues des quatre coins du monde.\" srcset=\"https:\/\/i0.wp.com\/relocations.io\/wp-content\/uploads\/2024\/02\/vigoxmas-3.png?w=1920&amp;ssl=1 1920w, https:\/\/i0.wp.com\/relocations.io\/wp-content\/uploads\/2024\/02\/vigoxmas-3.png?resize=300%2C169&amp;ssl=1 300w, https:\/\/i0.wp.com\/relocations.io\/wp-content\/uploads\/2024\/02\/vigoxmas-3.png?resize=1024%2C576&amp;ssl=1 1024w, https:\/\/i0.wp.com\/relocations.io\/wp-content\/uploads\/2024\/02\/vigoxmas-3.png?resize=768%2C432&amp;ssl=1 768w, https:\/\/i0.wp.com\/relocations.io\/wp-content\/uploads\/2024\/02\/vigoxmas-3.png?resize=1536%2C864&amp;ssl=1 1536w, https:\/\/i0.wp.com\/relocations.io\/wp-content\/uploads\/2024\/02\/vigoxmas-3.png?resize=18%2C10&amp;ssl=1 18w, https:\/\/i0.wp.com\/relocations.io\/wp-content\/uploads\/2024\/02\/vigoxmas-3.png?resize=1170%2C658&amp;ssl=1 1170w, https:\/\/i0.wp.com\/relocations.io\/wp-content\/uploads\/2024\/02\/vigoxmas-3.png?resize=50%2C28&amp;ssl=1 50w, https:\/\/i0.wp.com\/relocations.io\/wp-content\/uploads\/2024\/02\/vigoxmas-3.png?resize=100%2C56&amp;ssl=1 100w\" sizes=\"(max-width: 1024px) 100vw, 1024px\" \/><\/figure>\n<!-- \/wp:image --><!-- wp:paragraph -->\n<p>Aucune visite au march\u00e9 de No\u00ebl de Vigo ne serait compl\u00e8te sans un verre d'eau de vie. <a href=\"https:\/\/www.google.com\/url?sa=t&amp;rct=j&amp;q=&amp;esrc=s&amp;source=web&amp;cd=&amp;cad=rja&amp;uact=8&amp;ved=2ahUKEwjeqJbJv8OEAxVv9AIHHbL1A78QFnoECBEQAQ&amp;url=https%3A%2F%2Fviajecaminodesantiago.com%2Fen%2Fcuriosities%2Fqueimada%2F&amp;usg=AOvVaw1VZZqiZgDBzPsUqvLUFSkj&amp;opi=89978449\" target=\"_blank\" rel=\"noreferrer noopener\">queimada traditionnelle galicienne<\/a>L'aguardiente est une puissante concoction d'aguardiente (une boisson alcoolis\u00e9e forte), de sucre, de grains de caf\u00e9 et d'\u00e9corces d'agrumes, traditionnellement pr\u00e9par\u00e9e et enflamm\u00e9e pour \u00e9loigner les mauvais esprits.<\/p>\n<!-- \/wp:paragraph --><!-- wp:image {\"sizeSlug\":\"large\",\"align\":\"center\"} -->\n<figure class=\"wp-block-image aligncenter size-large\"><img decoding=\"async\" data-recalc-dims=\"1\" src=\"https:\/\/i0.wp.com\/www.letsteacheurope-erasmus.site\/wp-content\/uploads\/2021\/10\/Queimada.jpeg?w=1080&#038;ssl=1\" alt=\"la queimada traditionnelle galicienne, une puissante concoction d&#039;aguardiente (une boisson alcoolis\u00e9e forte), de sucre, de grains de caf\u00e9 et d&#039;\u00e9corces d&#039;agrumes.\" \/><\/figure>\n<!-- \/wp:image --><!-- wp:paragraph -->\n<p>En vous promenant dans le march\u00e9, ne manquez pas de vous impr\u00e9gner des images et des sons de la saison. \u00c9coutez les joyeux chants de No\u00ebl qui flottent dans l'air, regardez les enfants faire des tours de man\u00e8ge et \u00e9merveillez-vous devant les \u00e9blouissantes illuminations de No\u00ebl qui ornent les rues de la ville.<\/p>\n<!-- \/wp:paragraph --><!-- wp:image {\"width\":\"770px\",\"height\":\"auto\",\"sizeSlug\":\"large\",\"align\":\"center\"} -->\n<figure class=\"wp-block-image aligncenter size-large is-resized\"><img decoding=\"async\" data-recalc-dims=\"1\" style=\"width: 770px; height: auto;\" src=\"https:\/\/i0.wp.com\/www.economist.com\/cdn-cgi\/image\/width%3D1424%2Cquality%3D80%2Cformat%3Dauto\/sites\/default\/files\/20170513_BKP503.jpg?w=1080&#038;ssl=1\" alt=\"Musiciens traditionnels galiciens jouant dans un groupe folklorique\" \/><\/figure>\n<!-- \/wp:image --><!-- wp:paragraph -->\n<p>Pour ceux qui souhaitent d\u00e9couvrir la culture locale, le march\u00e9 de No\u00ebl de Vigo propose des spectacles de musique et de danse traditionnelles galiciennes. Ces spectacles offrent un aper\u00e7u vibrant du riche patrimoine culturel de la r\u00e9gion. En outre, l'atmosph\u00e8re anim\u00e9e renforce l'esprit de f\u00eate, faisant du march\u00e9 une destination incontournable.<\/p>\n<!-- \/wp:paragraph --><!-- wp:image {\"sizeSlug\":\"large\",\"align\":\"center\"} -->\n<figure class=\"wp-block-image aligncenter size-large\"><img decoding=\"async\" src=\"https:\/\/upload.wikimedia.org\/wikipedia\/commons\/thumb\/1\/14\/Danza_de_San_Sebasti%C3%A1n.jpg\/1200px-Danza_de_San_Sebasti%C3%A1n.jpg\" alt=\"F\u00eates et traditions folkloriques du peuple galicien\" \/><\/figure>\n<!-- \/wp:image --><!-- wp:heading {\"level\":5} -->\n<h5 id=\"h-celebrating-the-warmth-and-traditions-of-the-galician-people\" class=\"wp-block-heading\"><strong>C\u00e9l\u00e9bration de la chaleur et des traditions du peuple galicien<\/strong><\/h5>\n<!-- \/wp:heading --><!-- wp:paragraph -->\n<p>Le peuple galicien, avec son h\u00e9ritage culturel profond\u00e9ment enracin\u00e9 et ses liens communautaires solides, constitue le c\u0153ur de cette r\u00e9gion enchanteresse. Ils sont connus pour leur r\u00e9sistance, leur cr\u00e9ativit\u00e9 et la fiert\u00e9 in\u00e9branlable qu'ils \u00e9prouvent \u00e0 l'\u00e9gard de leur identit\u00e9 galicienne. Ces \u00e2mes hospitali\u00e8res incarnent l'esprit de camaraderie et de solidarit\u00e9. Qu'ils c\u00e9l\u00e8brent des festivals anim\u00e9s ou qu'ils partagent un repas de pulpo a la gallega, les Galiciens rayonnent de chaleur et d'authenticit\u00e9. Leur riche histoire, leurs traditions vivantes et leur hospitalit\u00e9 sans bornes laissent une impression durable \u00e0 tous ceux qui les visitent. Les Galiciens accueillent tout le monde \u00e0 bras ouverts, les invitant \u00e0 d\u00e9couvrir la v\u00e9ritable essence de la Galice.<\/p>\n<!-- \/wp:paragraph --><!-- wp:paragraph -->\n<p>Que vous soyez \u00e0 la recherche de cadeaux uniques, que vous vous laissiez tenter par de d\u00e9licieuses friandises ou que vous profitiez simplement de l'ambiance festive, le march\u00e9 de No\u00ebl de Vigo a quelque chose \u00e0 offrir \u00e0 tout le monde. Habillez-vous, prenez une tasse de chocolat chaud et plongez dans la magie de la saison dans l'une des destinations de vacances les plus enchanteresses d'Espagne.<\/p>\n<!-- \/wp:paragraph --><!-- wp:paragraph -->\n<p>Jetez un coup d'\u0153il \u00e0 notre <a href=\"https:\/\/relocations.io\/viva-espana-a-vibrant-journey-through-spains-national-holidays-in-2023\/\">Viva Espa\u00f1a : Un voyage vibrant \u00e0 travers les f\u00eates nationales espagnoles en 2023<\/a><\/p>\n<!-- \/wp:paragraph --><!-- wp:image {\"id\":7539,\"sizeSlug\":\"large\",\"linkDestination\":\"none\",\"align\":\"center\"} -->\n<figure class=\"wp-block-image aligncenter size-large\"><img decoding=\"async\" data-recalc-dims=\"1\" height=\"576\" width=\"1024\" class=\"wp-image-7539\" src=\"https:\/\/i0.wp.com\/relocations.io\/wp-content\/uploads\/2024\/02\/vigoxmas-1.png?resize=1024%2C576&#038;ssl=1\" alt=\"Nich\u00e9s dans les ruelles anim\u00e9es du march\u00e9 de No\u00ebl de Vigo, les visiteurs sont accueillis avec chaleur et hospitalit\u00e9 par le peuple galicien, connu pour sa gentillesse et sa g\u00e9n\u00e9rosit\u00e9. Avec des sourires aussi \u00e9clatants que les lumi\u00e8res festives qui ornent les \u00e9tals, les habitants partagent volontiers des histoires sur les traditions des f\u00eates et les coutumes r\u00e9gionales, invitant les visiteurs \u00e0 s&#039;immerger dans la riche tapisserie de la culture galicienne. Des conversations anim\u00e9es autour d&#039;une tasse de queimada fumante aux spectacles de danse improvis\u00e9s c\u00e9l\u00e9brant l&#039;esprit de la saison, la chaleur du peuple galicien ajoute une couche suppl\u00e9mentaire de charme \u00e0 cette exp\u00e9rience magique des vacances.\" srcset=\"https:\/\/i0.wp.com\/relocations.io\/wp-content\/uploads\/2024\/02\/vigoxmas-1.png?w=1920&amp;ssl=1 1920w, https:\/\/i0.wp.com\/relocations.io\/wp-content\/uploads\/2024\/02\/vigoxmas-1.png?resize=300%2C169&amp;ssl=1 300w, https:\/\/i0.wp.com\/relocations.io\/wp-content\/uploads\/2024\/02\/vigoxmas-1.png?resize=1024%2C576&amp;ssl=1 1024w, https:\/\/i0.wp.com\/relocations.io\/wp-content\/uploads\/2024\/02\/vigoxmas-1.png?resize=768%2C432&amp;ssl=1 768w, https:\/\/i0.wp.com\/relocations.io\/wp-content\/uploads\/2024\/02\/vigoxmas-1.png?resize=1536%2C864&amp;ssl=1 1536w, https:\/\/i0.wp.com\/relocations.io\/wp-content\/uploads\/2024\/02\/vigoxmas-1.png?resize=18%2C10&amp;ssl=1 18w, https:\/\/i0.wp.com\/relocations.io\/wp-content\/uploads\/2024\/02\/vigoxmas-1.png?resize=1170%2C658&amp;ssl=1 1170w, https:\/\/i0.wp.com\/relocations.io\/wp-content\/uploads\/2024\/02\/vigoxmas-1.png?resize=50%2C28&amp;ssl=1 50w, https:\/\/i0.wp.com\/relocations.io\/wp-content\/uploads\/2024\/02\/vigoxmas-1.png?resize=100%2C56&amp;ssl=1 100w\" sizes=\"(max-width: 1024px) 100vw, 1024px\" \/><\/figure>\n<!-- \/wp:image -->\t\t\t\t\t\t\t\t<\/div>\n\t\t\t\t<\/div>\n\t\t\t\t\t<\/div>\n\t\t\t\t<\/div>\n\t\t\t\t<\/div>","protected":false},"excerpt":{"rendered":"<p>Pendant les f\u00eates, le march\u00e9 de No\u00ebl de Vigo, situ\u00e9 dans le quartier historique de la ville, s\u00e9duit par ses lumi\u00e8res scintillantes et ses stands d'artisanat, de cadeaux et de d\u00e9lices culinaires espagnols tels que les churros et les ch\u00e2taignes grill\u00e9es. Le march\u00e9, anim\u00e9 par l'ambiance des chants de No\u00ebl et des d\u00e9corations festives, pr\u00e9sente \u00e9galement la traditionnelle queimada galicienne et des spectacles culturels, cr\u00e9ant ainsi une exp\u00e9rience inoubliable qui incarne l'esprit de la saison.<\/p>","protected":false},"author":2,"featured_media":8743,"comment_status":"closed","ping_status":"closed","sticky":false,"template":"","format":"standard","meta":{"_jetpack_memberships_contains_paid_content":false,"footnotes":""},"categories":[60,62],"tags":[77,93,90,110],"class_list":["post-7537","post","type-post","status-publish","format-standard","has-post-thumbnail","hentry","category-europe","category-spain","tag-christmas-markets-in-europe","tag-holidays","tag-tradition","tag-vigo-spain"],"jetpack_featured_media_url":"https:\/\/i0.wp.com\/relocations.io\/wp-content\/uploads\/2022\/11\/51.jpg?fit=1920%2C1080&ssl=1","jetpack-related-posts":[{"id":7374,"url":"https:\/\/relocations.io\/fr\/des-marches-de-noel-magiques-a-la-decouverte-de-la-tradition-enchanteresse-de-leurope\/","url_meta":{"origin":7537,"position":0},"title":"Les march\u00e9s magiques de No\u00ebl : A la d\u00e9couverte de la tradition enchanteresse de l'Europe","author":"Relocations.io","date":"d\u00e9cembre 1, 2022","format":false,"excerpt":"Experience Europe's Enchanting Christmas Markets: A Festive Tradition \u00a0 As the holiday season approaches, Europe comes alive with the enchanting allure of Christmas markets, beckoning visitors with their festive atmosphere, twinkling lights, and aromatic delights. These centuries-old traditions, deeply rooted in European culture, offer a unique and immersive experience that\u2026","rel":"","context":"Dans &quot;Europe&quot;","block_context":{"text":"Europe","link":"https:\/\/relocations.io\/fr\/categorie\/leurope\/"},"img":{"alt_text":"","src":"https:\/\/i0.wp.com\/relocations.io\/wp-content\/uploads\/2022\/11\/23.jpg?fit=1200%2C675&ssl=1&resize=350%2C200","width":350,"height":200,"srcset":"https:\/\/i0.wp.com\/relocations.io\/wp-content\/uploads\/2022\/11\/23.jpg?fit=1200%2C675&ssl=1&resize=350%2C200 1x, https:\/\/i0.wp.com\/relocations.io\/wp-content\/uploads\/2022\/11\/23.jpg?fit=1200%2C675&ssl=1&resize=525%2C300 1.5x, https:\/\/i0.wp.com\/relocations.io\/wp-content\/uploads\/2022\/11\/23.jpg?fit=1200%2C675&ssl=1&resize=700%2C400 2x, https:\/\/i0.wp.com\/relocations.io\/wp-content\/uploads\/2022\/11\/23.jpg?fit=1200%2C675&ssl=1&resize=1050%2C600 3x"},"classes":[]},{"id":7380,"url":"https:\/\/relocations.io\/fr\/le-nouvel-an-a-la-decouverte-des-traditions-europeennes-du-nouvel-an\/","url_meta":{"origin":7537,"position":1},"title":"La nouvelle ann\u00e9e commence : A la d\u00e9couverte des traditions europ\u00e9ennes du Nouvel An","author":"Relocations.io","date":"janvier 1, 2023","format":false,"excerpt":"Exploring European New Year\u2019s Traditions As the clock strikes midnight on December 31st, Europe bursts into vibrant New Year\u2019s Eve celebrations. The continent\u2019s traditions highlight its rich cultural diversity, making each celebration unique and memorable. Fireworks and Grand Displays In Europe, fireworks are a central feature of New Year's Eve.\u2026","rel":"","context":"Dans &quot;Europe&quot;","block_context":{"text":"Europe","link":"https:\/\/relocations.io\/fr\/categorie\/leurope\/"},"img":{"alt_text":"","src":"https:\/\/i0.wp.com\/relocations.io\/wp-content\/uploads\/2023\/01\/New-Year.jpg?fit=1200%2C675&ssl=1&resize=350%2C200","width":350,"height":200,"srcset":"https:\/\/i0.wp.com\/relocations.io\/wp-content\/uploads\/2023\/01\/New-Year.jpg?fit=1200%2C675&ssl=1&resize=350%2C200 1x, https:\/\/i0.wp.com\/relocations.io\/wp-content\/uploads\/2023\/01\/New-Year.jpg?fit=1200%2C675&ssl=1&resize=525%2C300 1.5x, https:\/\/i0.wp.com\/relocations.io\/wp-content\/uploads\/2023\/01\/New-Year.jpg?fit=1200%2C675&ssl=1&resize=700%2C400 2x, https:\/\/i0.wp.com\/relocations.io\/wp-content\/uploads\/2023\/01\/New-Year.jpg?fit=1200%2C675&ssl=1&resize=1050%2C600 3x"},"classes":[]},{"id":7363,"url":"https:\/\/relocations.io\/fr\/embrasser-leurope-le-chemin-simplifie-vers-un-nouveau-depart\/","url_meta":{"origin":7537,"position":2},"title":"Embrasser l'Europe : La voie simplifi\u00e9e vers un nouveau d\u00e9part","author":"Relocations.io","date":"octobre 1, 2022","format":false,"excerpt":"The Allure of Moving to Europe Moving to Europe has captivated people worldwide. With its rich history, diverse culture, and high quality of life, Europe offers countless benefits for a fresh start. While relocating to a new continent can seem daunting, careful planning and the right support can streamline the\u2026","rel":"","context":"Dans &quot;Europe&quot;","block_context":{"text":"Europe","link":"https:\/\/relocations.io\/fr\/categorie\/leurope\/"},"img":{"alt_text":"","src":"https:\/\/i0.wp.com\/relocations.io\/wp-content\/uploads\/2024\/02\/embracing-europe2.png?fit=1200%2C675&ssl=1&resize=350%2C200","width":350,"height":200,"srcset":"https:\/\/i0.wp.com\/relocations.io\/wp-content\/uploads\/2024\/02\/embracing-europe2.png?fit=1200%2C675&ssl=1&resize=350%2C200 1x, https:\/\/i0.wp.com\/relocations.io\/wp-content\/uploads\/2024\/02\/embracing-europe2.png?fit=1200%2C675&ssl=1&resize=525%2C300 1.5x, https:\/\/i0.wp.com\/relocations.io\/wp-content\/uploads\/2024\/02\/embracing-europe2.png?fit=1200%2C675&ssl=1&resize=700%2C400 2x, https:\/\/i0.wp.com\/relocations.io\/wp-content\/uploads\/2024\/02\/embracing-europe2.png?fit=1200%2C675&ssl=1&resize=1050%2C600 3x"},"classes":[]},{"id":7368,"url":"https:\/\/relocations.io\/fr\/laction-de-grace-en-europe\/","url_meta":{"origin":7537,"position":3},"title":"Thanksgiving en Europe","author":"Relocations.io","date":"novembre 1, 2022","format":false,"excerpt":"Malgr\u00e9 ses racines historiques, Thanksgiving n'a pas \u00e9t\u00e9 adopt\u00e9 comme f\u00eate g\u00e9n\u00e9ralis\u00e9e en Europe.","rel":"","context":"Dans &quot;Europe&quot;","block_context":{"text":"Europe","link":"https:\/\/relocations.io\/fr\/categorie\/leurope\/"},"img":{"alt_text":"","src":"https:\/\/i0.wp.com\/relocations.io\/wp-content\/uploads\/2022\/11\/21.jpg?fit=1200%2C675&ssl=1&resize=350%2C200","width":350,"height":200,"srcset":"https:\/\/i0.wp.com\/relocations.io\/wp-content\/uploads\/2022\/11\/21.jpg?fit=1200%2C675&ssl=1&resize=350%2C200 1x, https:\/\/i0.wp.com\/relocations.io\/wp-content\/uploads\/2022\/11\/21.jpg?fit=1200%2C675&ssl=1&resize=525%2C300 1.5x, https:\/\/i0.wp.com\/relocations.io\/wp-content\/uploads\/2022\/11\/21.jpg?fit=1200%2C675&ssl=1&resize=700%2C400 2x, https:\/\/i0.wp.com\/relocations.io\/wp-content\/uploads\/2022\/11\/21.jpg?fit=1200%2C675&ssl=1&resize=1050%2C600 3x"},"classes":[]},{"id":9038,"url":"https:\/\/relocations.io\/fr\/nouveaux-vols-directs-de-montreal-a-porto\/","url_meta":{"origin":7537,"position":4},"title":"De nouveaux vols directs vers le Canada stimulent le tourisme entre le Portugal et le Canada","author":"Relocations.io","date":"ao\u00fbt 27, 2024","format":false,"excerpt":"A new direct flight route by Air Canada connecting Montreal, Canada, and Porto, Portugal. This service offers a convenient travel option for tourists and the Portuguese community in Canada. It highlights the benefits of the direct flight, including saving time and enhancing travel comfort, and also promotes Porto as an\u2026","rel":"","context":"Dans &quot;Canada&quot;","block_context":{"text":"Canada","link":"https:\/\/relocations.io\/fr\/categorie\/canada\/"},"img":{"alt_text":"","src":"https:\/\/i0.wp.com\/relocations.io\/wp-content\/uploads\/2024\/08\/New-Flights.jpg?fit=1200%2C600&ssl=1&resize=350%2C200","width":350,"height":200,"srcset":"https:\/\/i0.wp.com\/relocations.io\/wp-content\/uploads\/2024\/08\/New-Flights.jpg?fit=1200%2C600&ssl=1&resize=350%2C200 1x, https:\/\/i0.wp.com\/relocations.io\/wp-content\/uploads\/2024\/08\/New-Flights.jpg?fit=1200%2C600&ssl=1&resize=525%2C300 1.5x, https:\/\/i0.wp.com\/relocations.io\/wp-content\/uploads\/2024\/08\/New-Flights.jpg?fit=1200%2C600&ssl=1&resize=700%2C400 2x, https:\/\/i0.wp.com\/relocations.io\/wp-content\/uploads\/2024\/08\/New-Flights.jpg?fit=1200%2C600&ssl=1&resize=1050%2C600 3x"},"classes":[]},{"id":8107,"url":"https:\/\/relocations.io\/fr\/portugal-2024-celebre-la-tradition-de-la-fete-nationale\/","url_meta":{"origin":7537,"position":5},"title":"Explorer les 2024 f\u00eates nationales du Portugal : Guide des c\u00e9l\u00e9brations culturelles","author":"Relocations.io","date":"ao\u00fbt 12, 2024","format":false,"excerpt":"Les 2024 jours f\u00e9ri\u00e9s nationaux du Portugal offrent une riche exp\u00e9rience de sa culture, de son histoire et de ses traditions. Les principaux jours f\u00e9ri\u00e9s sont le jour de l'an, le carnaval, la f\u00eate de la libert\u00e9, la f\u00eate du Portugal et No\u00ebl. Chaque jour f\u00e9ri\u00e9 donne lieu \u00e0 des c\u00e9l\u00e9brations uniques, qu'il s'agisse de d\u00e9fil\u00e9s, de c\u00e9r\u00e9monies religieuses, de rassemblements familiaux ou d'\u00e9v\u00e9nements publics, qui donnent un aper\u00e7u de la vie portugaise.","rel":"","context":"Dans &quot;Cultural Activities&quot;","block_context":{"text":"Cultural Activities","link":"https:\/\/relocations.io\/fr\/categorie\/leurope\/les-activites-culturelles\/"},"img":{"alt_text":"","src":"https:\/\/i0.wp.com\/relocations.io\/wp-content\/uploads\/2024\/08\/18-1.jpg?fit=1200%2C675&ssl=1&resize=350%2C200","width":350,"height":200,"srcset":"https:\/\/i0.wp.com\/relocations.io\/wp-content\/uploads\/2024\/08\/18-1.jpg?fit=1200%2C675&ssl=1&resize=350%2C200 1x, https:\/\/i0.wp.com\/relocations.io\/wp-content\/uploads\/2024\/08\/18-1.jpg?fit=1200%2C675&ssl=1&resize=525%2C300 1.5x, https:\/\/i0.wp.com\/relocations.io\/wp-content\/uploads\/2024\/08\/18-1.jpg?fit=1200%2C675&ssl=1&resize=700%2C400 2x, https:\/\/i0.wp.com\/relocations.io\/wp-content\/uploads\/2024\/08\/18-1.jpg?fit=1200%2C675&ssl=1&resize=1050%2C600 3x"},"classes":[]}],"jetpack_sharing_enabled":true,"_links":{"self":[{"href":"https:\/\/relocations.io\/fr\/wp-json\/wp\/v2\/posts\/7537","targetHints":{"allow":["GET"]}}],"collection":[{"href":"https:\/\/relocations.io\/fr\/wp-json\/wp\/v2\/posts"}],"about":[{"href":"https:\/\/relocations.io\/fr\/wp-json\/wp\/v2\/types\/post"}],"author":[{"embeddable":true,"href":"https:\/\/relocations.io\/fr\/wp-json\/wp\/v2\/users\/2"}],"replies":[{"embeddable":true,"href":"https:\/\/relocations.io\/fr\/wp-json\/wp\/v2\/comments?post=7537"}],"version-history":[{"count":0,"href":"https:\/\/relocations.io\/fr\/wp-json\/wp\/v2\/posts\/7537\/revisions"}],"wp:featuredmedia":[{"embeddable":true,"href":"https:\/\/relocations.io\/fr\/wp-json\/wp\/v2\/media\/8743"}],"wp:attachment":[{"href":"https:\/\/relocations.io\/fr\/wp-json\/wp\/v2\/media?parent=7537"}],"wp:term":[{"taxonomy":"category","embeddable":true,"href":"https:\/\/relocations.io\/fr\/wp-json\/wp\/v2\/categories?post=7537"},{"taxonomy":"post_tag","embeddable":true,"href":"https:\/\/relocations.io\/fr\/wp-json\/wp\/v2\/tags?post=7537"}],"curies":[{"name":"wp","href":"https:\/\/api.w.org\/{rel}","templated":true}]}}