{"id":7532,"date":"2024-08-04T10:00:00","date_gmt":"2024-08-04T09:00:00","guid":{"rendered":"https:\/\/relocations.io\/?p=7532"},"modified":"2024-09-06T11:19:01","modified_gmt":"2024-09-06T10:19:01","slug":"savourer-lisbonne-un-voyage-culinaire","status":"publish","type":"post","link":"https:\/\/relocations.io\/fr\/savourer-lisbonne-un-voyage-culinaire\/","title":{"rendered":"Savourer Lisbonne : Un voyage culinaire \u00e0 travers la vibrante capitale du Portugal"},"content":{"rendered":"<div data-elementor-type=\"wp-post\" data-elementor-id=\"7532\" class=\"elementor elementor-7532\" data-elementor-settings=\"{&quot;ha_cmc_init_switcher&quot;:&quot;no&quot;}\" data-elementor-post-type=\"post\">\n\t\t\t\t<div class=\"elementor-element elementor-element-775b0ff9 e-flex e-con-boxed e-con e-parent\" data-id=\"775b0ff9\" data-element_type=\"container\" data-settings=\"{&quot;_ha_eqh_enable&quot;:false}\">\n\t\t\t\t\t<div class=\"e-con-inner\">\n\t\t\t\t<div class=\"elementor-element elementor-element-5093fcf2 elementor-widget elementor-widget-text-editor\" data-id=\"5093fcf2\" data-element_type=\"widget\" data-widget_type=\"text-editor.default\">\n\t\t\t\t<div class=\"elementor-widget-container\">\n\t\t\t\t\t\t\t\t\t\n<p>Lisbonne, la capitale portugaise baign\u00e9e de soleil, s\u00e9duit par ses rues pittoresques et ses vues panoramiques. Au-del\u00e0 de sa beaut\u00e9 pittoresque, la ville s'enorgueillit d'une sc\u00e8ne gastronomique dynamique, offrant un \u00e9ventail d'options culinaires allant des fruits de mer frais aux p\u00e2tisseries irr\u00e9sistibles. Que vous soyez un gourmet enthousiaste ou simplement d\u00e9sireux de savourer les saveurs locales, les meilleurs restaurants de Lisbonne promettent de ravir vos papilles. Embarquez pour une aventure culinaire et d\u00e9couvrez pourquoi Lisbonne est consid\u00e9r\u00e9e comme un joyau culinaire.<\/p>\n<hr class=\"wp-block-separator has-alpha-channel-opacity is-style-wide\" \/><div class=\"wp-block-image\">\n<figure class=\"aligncenter size-large is-resized\"><br \/><br \/><img fetchpriority=\"high\" decoding=\"async\" data-recalc-dims=\"1\" height=\"576\" width=\"1024\" class=\"wp-image-8035\" style=\"width: 692px; height: auto;\" src=\"https:\/\/i0.wp.com\/relocations.io\/wp-content\/uploads\/2023\/08\/13.jpg?resize=1024%2C576&#038;ssl=1\" alt=\"\" srcset=\"https:\/\/i0.wp.com\/relocations.io\/wp-content\/uploads\/2023\/08\/13.jpg?w=2240&amp;ssl=1 2240w, https:\/\/i0.wp.com\/relocations.io\/wp-content\/uploads\/2023\/08\/13.jpg?resize=300%2C169&amp;ssl=1 300w, https:\/\/i0.wp.com\/relocations.io\/wp-content\/uploads\/2023\/08\/13.jpg?resize=1024%2C576&amp;ssl=1 1024w, https:\/\/i0.wp.com\/relocations.io\/wp-content\/uploads\/2023\/08\/13.jpg?resize=768%2C432&amp;ssl=1 768w, https:\/\/i0.wp.com\/relocations.io\/wp-content\/uploads\/2023\/08\/13.jpg?resize=1536%2C864&amp;ssl=1 1536w, https:\/\/i0.wp.com\/relocations.io\/wp-content\/uploads\/2023\/08\/13.jpg?resize=18%2C10&amp;ssl=1 18w, https:\/\/i0.wp.com\/relocations.io\/wp-content\/uploads\/2023\/08\/13.jpg?resize=1170%2C658&amp;ssl=1 1170w, https:\/\/i0.wp.com\/relocations.io\/wp-content\/uploads\/2023\/08\/13.jpg?resize=1920%2C1080&amp;ssl=1 1920w, https:\/\/i0.wp.com\/relocations.io\/wp-content\/uploads\/2023\/08\/13.jpg?resize=50%2C28&amp;ssl=1 50w, https:\/\/i0.wp.com\/relocations.io\/wp-content\/uploads\/2023\/08\/13.jpg?resize=100%2C56&amp;ssl=1 100w, https:\/\/i0.wp.com\/relocations.io\/wp-content\/uploads\/2023\/08\/13.jpg?w=2160&amp;ssl=1 2160w\" sizes=\"(max-width: 1024px) 100vw, 1024px\" \/><\/figure>\n<\/div>\n<h4 id=\"h-explore-lisbon-top-spots-for-gastronomic-delights\" class=\"wp-block-heading has-text-align-center\"><strong>Explorer Lisbonne : Les meilleurs endroits pour les d\u00e9lices gastronomiques<br \/><br \/><\/strong><\/h4>\n\n<div class=\"wp-block-media-text is-stacked-on-mobile\">\n<figure class=\"wp-block-media-text__media\"><img decoding=\"async\" data-recalc-dims=\"1\" height=\"683\" width=\"1024\" class=\"wp-image-8022 size-full\" src=\"https:\/\/i0.wp.com\/relocations.io\/wp-content\/uploads\/2023\/08\/ILC-blog-On-the-Menu-Cervejaria-Ramiro-Lisbon-Portugal.jpg?resize=1024%2C683&#038;ssl=1\" alt=\"\" srcset=\"https:\/\/i0.wp.com\/relocations.io\/wp-content\/uploads\/2023\/08\/ILC-blog-On-the-Menu-Cervejaria-Ramiro-Lisbon-Portugal.jpg?w=1200&amp;ssl=1 1200w, https:\/\/i0.wp.com\/relocations.io\/wp-content\/uploads\/2023\/08\/ILC-blog-On-the-Menu-Cervejaria-Ramiro-Lisbon-Portugal.jpg?resize=300%2C200&amp;ssl=1 300w, https:\/\/i0.wp.com\/relocations.io\/wp-content\/uploads\/2023\/08\/ILC-blog-On-the-Menu-Cervejaria-Ramiro-Lisbon-Portugal.jpg?resize=1024%2C683&amp;ssl=1 1024w, https:\/\/i0.wp.com\/relocations.io\/wp-content\/uploads\/2023\/08\/ILC-blog-On-the-Menu-Cervejaria-Ramiro-Lisbon-Portugal.jpg?resize=768%2C512&amp;ssl=1 768w, https:\/\/i0.wp.com\/relocations.io\/wp-content\/uploads\/2023\/08\/ILC-blog-On-the-Menu-Cervejaria-Ramiro-Lisbon-Portugal.jpg?resize=18%2C12&amp;ssl=1 18w, https:\/\/i0.wp.com\/relocations.io\/wp-content\/uploads\/2023\/08\/ILC-blog-On-the-Menu-Cervejaria-Ramiro-Lisbon-Portugal.jpg?resize=50%2C33&amp;ssl=1 50w, https:\/\/i0.wp.com\/relocations.io\/wp-content\/uploads\/2023\/08\/ILC-blog-On-the-Menu-Cervejaria-Ramiro-Lisbon-Portugal.jpg?resize=100%2C67&amp;ssl=1 100w\" sizes=\"(max-width: 1024px) 100vw, 1024px\" \/><\/figure>\n<div class=\"wp-block-media-text__content\">\n<p><a href=\"http:\/\/www.cervejariaramiro.com\/\" target=\"_blank\" rel=\"noreferrer noopener\"><strong>Les classiques intemporels \u00e0 la Cervejaria Ramiro :<\/strong><\/a> Situ\u00e9 dans le quartier anim\u00e9 d'Intendente, le Cervejaria Ramiro est un haut lieu des fruits de mer. Il est r\u00e9put\u00e9 pour ses crevettes et ses crabes frais et juteux. L'ambiance est anim\u00e9e et accueillante. Savourez un homard d\u00e9cadent et des fruits de mer pr\u00e9par\u00e9s avec soin. Le Cervejaria Ramiro est un lieu incontournable pour tous ceux qui veulent go\u00fbter aux saveurs authentiques de Lisbonne.<\/p>\n<\/div>\n<\/div>\n\n<div class=\"wp-block-media-text has-media-on-the-right is-stacked-on-mobile\">\n<div class=\"wp-block-media-text__content\">\n<p><strong>Le go\u00fbt de la tradition au <a href=\"https:\/\/taberneiros.pt\">Taberna da Rua das Flores<\/a>:\u00a0<\/strong>Situ\u00e9 dans le quartier historique du Chiado, le Taberna da Rua das Flores allie le charme de l'ancien \u00e0 l'\u00e9l\u00e9gance moderne. Ce restaurant accueillant sert <a href=\"https:\/\/relocations.io\/your-guide-to-visa-requirements-and-citizenship-in-portugal-navigating-your-path-to-a-new-life\/\" data-wpil-monitor-id=\"39\">traditionnelle<\/a> Cuisine portugaise avec une touche contemporaine. Savourez des sp\u00e9cialit\u00e9s comme le bacalhau \u00e0 br\u00e1s (morue sal\u00e9e avec des \u0153ufs brouill\u00e9s et des pommes de terre) et une vari\u00e9t\u00e9 de petiscos (tapas portugaises). Accompagnez votre repas d'une s\u00e9lection de vins portugais raffin\u00e9s. Faites l'exp\u00e9rience d'une d\u00e9licieuse fusion de <a href=\"https:\/\/relocations.io\/from-brazil-to-europe-a-cultural-odyssey-of-relocation\/\" data-wpil-monitor-id=\"94\">tradition<\/a> et l'innovation dans cette destination gastronomique incontournable.<\/p>\n<\/div>\n<figure class=\"wp-block-media-text__media\"><img decoding=\"async\" width=\"660\" height=\"440\" data-recalc-dims=\"1\" class=\"wp-image-8023 size-full\" src=\"https:\/\/i0.wp.com\/relocations.io\/wp-content\/uploads\/2023\/08\/Taberna-1_55_660x440.jpg.webp?w=1080&#038;ssl=1\" alt=\"\" srcset=\"https:\/\/i0.wp.com\/relocations.io\/wp-content\/uploads\/2023\/08\/Taberna-1_55_660x440.jpg.webp?w=660&amp;ssl=1 660w, https:\/\/i0.wp.com\/relocations.io\/wp-content\/uploads\/2023\/08\/Taberna-1_55_660x440.jpg.webp?resize=300%2C200&amp;ssl=1 300w, https:\/\/i0.wp.com\/relocations.io\/wp-content\/uploads\/2023\/08\/Taberna-1_55_660x440.jpg.webp?resize=18%2C12&amp;ssl=1 18w, https:\/\/i0.wp.com\/relocations.io\/wp-content\/uploads\/2023\/08\/Taberna-1_55_660x440.jpg.webp?resize=50%2C33&amp;ssl=1 50w, https:\/\/i0.wp.com\/relocations.io\/wp-content\/uploads\/2023\/08\/Taberna-1_55_660x440.jpg.webp?resize=100%2C67&amp;ssl=1 100w\" sizes=\"(max-width: 660px) 100vw, 660px\" \/><\/figure>\n<\/div>\n\n<div class=\"wp-block-media-text is-stacked-on-mobile\">\n<figure class=\"wp-block-media-text__media\"><img loading=\"lazy\" decoding=\"async\" data-recalc-dims=\"1\" height=\"576\" width=\"1024\" class=\"wp-image-8024 size-full\" src=\"https:\/\/i0.wp.com\/relocations.io\/wp-content\/uploads\/2023\/08\/naom_5f281e47a5bf1.jpg?resize=1024%2C576&#038;ssl=1\" alt=\"\" srcset=\"https:\/\/i0.wp.com\/relocations.io\/wp-content\/uploads\/2023\/08\/naom_5f281e47a5bf1.jpg?w=1280&amp;ssl=1 1280w, https:\/\/i0.wp.com\/relocations.io\/wp-content\/uploads\/2023\/08\/naom_5f281e47a5bf1.jpg?resize=300%2C169&amp;ssl=1 300w, https:\/\/i0.wp.com\/relocations.io\/wp-content\/uploads\/2023\/08\/naom_5f281e47a5bf1.jpg?resize=1024%2C576&amp;ssl=1 1024w, https:\/\/i0.wp.com\/relocations.io\/wp-content\/uploads\/2023\/08\/naom_5f281e47a5bf1.jpg?resize=768%2C432&amp;ssl=1 768w, https:\/\/i0.wp.com\/relocations.io\/wp-content\/uploads\/2023\/08\/naom_5f281e47a5bf1.jpg?resize=18%2C10&amp;ssl=1 18w, https:\/\/i0.wp.com\/relocations.io\/wp-content\/uploads\/2023\/08\/naom_5f281e47a5bf1.jpg?resize=1170%2C658&amp;ssl=1 1170w, https:\/\/i0.wp.com\/relocations.io\/wp-content\/uploads\/2023\/08\/naom_5f281e47a5bf1.jpg?resize=50%2C28&amp;ssl=1 50w, https:\/\/i0.wp.com\/relocations.io\/wp-content\/uploads\/2023\/08\/naom_5f281e47a5bf1.jpg?resize=100%2C56&amp;ssl=1 100w\" sizes=\"(max-width: 1024px) 100vw, 1024px\" \/><\/figure>\n<div class=\"wp-block-media-text__content\">\n<p><strong>Saveurs exotiques \u00e0 <a href=\"https:\/\/cantinhodoavillez.pt\/pt\/\">Cantinho do Avillez<\/a>:<\/strong>\u00a0Dirig\u00e9 par le c\u00e9l\u00e8bre chef Jos\u00e9 Avillez, le Cantinho do Avillez se distingue dans le quartier anim\u00e9 du Chiado. Ce joyau culinaire fusionne <a href=\"https:\/\/relocations.io\/exploring-the-enchantment-vigos-delightful-christmas-market\/\" data-wpil-monitor-id=\"123\">traditionnelle<\/a> Le restaurant propose des plats inventifs comme la salade de poulpe \u00e0 l'avocat et \u00e0 la coriandre et le cochon de lait confit \u00e0 l'orange et au romarin, qui allient les saveurs portugaises aux influences internationales. Laissez-vous tenter par une exp\u00e9rience culinaire o\u00f9 l'innovation rencontre la tradition, et savourez l'art de l'un des meilleurs cuisiniers du monde. <a href=\"https:\/\/relocations.io\/portugal-top-beaches-your-ultimate-guide\/\" data-wpil-monitor-id=\"51\">Le sommet du Portugal<\/a> chefs.<\/p>\n<\/div>\n<\/div>\n\n<div class=\"wp-block-media-text has-media-on-the-right is-stacked-on-mobile\">\n<div class=\"wp-block-media-text__content\">\n<div class=\"wp-block-group is-nowrap is-layout-flex wp-container-core-group-is-layout-ad2f72ca wp-block-group-is-layout-flex\">\n<p><a href=\"https:\/\/www.google.com\/url?sa=t&amp;rct=j&amp;q=&amp;esrc=s&amp;source=web&amp;cd=&amp;cad=rja&amp;uact=8&amp;ved=2ahUKEwiMxdLez8GEAxV0if0HHcMBCxEQFnoECA8QAQ&amp;url=https%3A%2F%2Fmanteigaria.com%2F&amp;usg=AOvVaw1ffWaZNJvdtKGYCfWdyPpz&amp;opi=89978449\" target=\"_blank\" rel=\"noreferrer noopener\"><strong>Pastel de Nata Perfection chez Manteigaria :<\/strong><\/a> Aucun voyage \u00e0 Lisbonne n'est complet sans se laisser tenter par la p\u00e2tisserie embl\u00e9matique du Portugal, le pastel de nata. Rendez-vous \u00e0 Manteigaria, situ\u00e9 dans le quartier historique de Baixa, pour go\u00fbter \u00e0 ce d\u00e9lice sucr\u00e9. Manteigaria cuit ses past\u00e9is de nata frais et les sert chauds et saupoudr\u00e9s de cannelle.<\/p>\n<\/div>\n<\/div>\n<figure class=\"wp-block-media-text__media\"><img loading=\"lazy\" decoding=\"async\" data-recalc-dims=\"1\" height=\"576\" width=\"1024\" class=\"wp-image-8025 size-full\" src=\"https:\/\/i0.wp.com\/relocations.io\/wp-content\/uploads\/2023\/08\/14.jpg?resize=1024%2C576&#038;ssl=1\" alt=\"\" srcset=\"https:\/\/i0.wp.com\/relocations.io\/wp-content\/uploads\/2023\/08\/14.jpg?w=2240&amp;ssl=1 2240w, https:\/\/i0.wp.com\/relocations.io\/wp-content\/uploads\/2023\/08\/14.jpg?resize=300%2C169&amp;ssl=1 300w, https:\/\/i0.wp.com\/relocations.io\/wp-content\/uploads\/2023\/08\/14.jpg?resize=1024%2C576&amp;ssl=1 1024w, https:\/\/i0.wp.com\/relocations.io\/wp-content\/uploads\/2023\/08\/14.jpg?resize=768%2C432&amp;ssl=1 768w, https:\/\/i0.wp.com\/relocations.io\/wp-content\/uploads\/2023\/08\/14.jpg?resize=1536%2C864&amp;ssl=1 1536w, https:\/\/i0.wp.com\/relocations.io\/wp-content\/uploads\/2023\/08\/14.jpg?resize=18%2C10&amp;ssl=1 18w, https:\/\/i0.wp.com\/relocations.io\/wp-content\/uploads\/2023\/08\/14.jpg?resize=1170%2C658&amp;ssl=1 1170w, https:\/\/i0.wp.com\/relocations.io\/wp-content\/uploads\/2023\/08\/14.jpg?resize=1920%2C1080&amp;ssl=1 1920w, https:\/\/i0.wp.com\/relocations.io\/wp-content\/uploads\/2023\/08\/14.jpg?resize=50%2C28&amp;ssl=1 50w, https:\/\/i0.wp.com\/relocations.io\/wp-content\/uploads\/2023\/08\/14.jpg?resize=100%2C56&amp;ssl=1 100w, https:\/\/i0.wp.com\/relocations.io\/wp-content\/uploads\/2023\/08\/14.jpg?w=2160&amp;ssl=1 2160w\" sizes=\"(max-width: 1024px) 100vw, 1024px\" \/><\/figure>\n<\/div>\n\n<div class=\"wp-block-media-text is-stacked-on-mobile\">\n<figure class=\"wp-block-media-text__media\"><img loading=\"lazy\" decoding=\"async\" width=\"720\" height=\"328\" data-recalc-dims=\"1\" class=\"wp-image-8026 size-full\" src=\"https:\/\/i0.wp.com\/relocations.io\/wp-content\/uploads\/2023\/08\/Park-Restaurante-Bar-Lisbon-1.jpg.webp?w=1080&#038;ssl=1\" alt=\"\" srcset=\"https:\/\/i0.wp.com\/relocations.io\/wp-content\/uploads\/2023\/08\/Park-Restaurante-Bar-Lisbon-1.jpg.webp?w=720&amp;ssl=1 720w, https:\/\/i0.wp.com\/relocations.io\/wp-content\/uploads\/2023\/08\/Park-Restaurante-Bar-Lisbon-1.jpg.webp?resize=300%2C137&amp;ssl=1 300w, https:\/\/i0.wp.com\/relocations.io\/wp-content\/uploads\/2023\/08\/Park-Restaurante-Bar-Lisbon-1.jpg.webp?resize=18%2C8&amp;ssl=1 18w, https:\/\/i0.wp.com\/relocations.io\/wp-content\/uploads\/2023\/08\/Park-Restaurante-Bar-Lisbon-1.jpg.webp?resize=50%2C23&amp;ssl=1 50w, https:\/\/i0.wp.com\/relocations.io\/wp-content\/uploads\/2023\/08\/Park-Restaurante-Bar-Lisbon-1.jpg.webp?resize=100%2C46&amp;ssl=1 100w\" sizes=\"(max-width: 720px) 100vw, 720px\" \/><\/figure>\n<div class=\"wp-block-media-text__content\">\n<div class=\"wp-block-group is-nowrap is-layout-flex wp-container-core-group-is-layout-ad2f72ca wp-block-group-is-layout-flex\">\n<p id=\"h-sunset-dining-at-park-bar-for-a-dining-experience-that-pairs-stunning-views-with-delectable-offerings-head-to-park-bar-located-on-a-rooftop-in-bairro-alto-this-bar-offers-breathtaking-panoramic-vistas-of-lisbon-s-skyline-and-the-tagus-river-sip-on-a-refreshing-cocktail-and-enjoy-a-selection-of-light-bites-and-snacks-here-ambiance-and-flavor-come-together-perfectly-making-it-a-must-visit-spot-for-both-sights-and-bites\" class=\"wp-block-heading\"><a href=\"https:\/\/g.co\/kgs\/VPUmzP2\"><strong>D\u00eener au coucher du soleil au Park Bar<\/strong>:<\/a> Pour une exp\u00e9rience gastronomique alliant une vue imprenable \u00e0 des mets d\u00e9lectables, rendez-vous au Park Bar. Situ\u00e9 sur un toit du Bairro Alto, ce bar offre des vues panoramiques \u00e0 couper le souffle sur la ligne d'horizon de Lisbonne et le fleuve Tage. Sirotez un cocktail rafra\u00eechissant et d\u00e9gustez une s\u00e9lection d'amuse-gueule et de snacks. Ici, l'ambiance et la saveur se marient parfaitement, ce qui en fait un lieu incontournable pour les visites et les d\u00e9gustations.<\/p>\n<\/div>\n<\/div>\n<\/div>\n\n<div class=\"wp-block-media-text has-media-on-the-right is-stacked-on-mobile\">\n<div class=\"wp-block-media-text__content\">\n<div class=\"wp-block-group is-nowrap is-layout-flex wp-container-core-group-is-layout-ad2f72ca wp-block-group-is-layout-flex\">\n<p><strong><a href=\"https:\/\/g.co\/kgs\/wfXmVnJ\">Fusion Fare chez Pharmacia<\/a><\/strong>: Install\u00e9 dans une ancienne pharmacie du Bairro Alto, Pharmacia offre une exp\u00e9rience culinaire qui allie gastronomie et nostalgie. Le menu inventif du restaurant r\u00e9invente les plats portugais traditionnels avec une touche de modernit\u00e9. Vous y trouverez des fruits de mer frais et locaux, des viandes succulentes et des desserts cr\u00e9atifs. Le d\u00e9cor fantaisiste, qui comprend des souvenirs pharmaceutiques d'\u00e9poque, rehausse l'exp\u00e9rience gastronomique, rendant chaque visite \u00e0 la fois m\u00e9morable et attrayante.<\/p>\n<\/div>\n<\/div>\n<figure class=\"wp-block-media-text__media\"><img loading=\"lazy\" decoding=\"async\" width=\"600\" height=\"310\" class=\"wp-image-8028 size-full\" src=\"https:\/\/relocations.io\/wp-content\/uploads\/2023\/08\/5fc58b9f-1661-42d8-920e-a3ae91d2bf23.avif\" alt=\"\" srcset=\"https:\/\/relocations.io\/wp-content\/uploads\/2023\/08\/5fc58b9f-1661-42d8-920e-a3ae91d2bf23.avif 600w, https:\/\/relocations.io\/wp-content\/uploads\/2023\/08\/5fc58b9f-1661-42d8-920e-a3ae91d2bf23-300x155.avif 300w, https:\/\/relocations.io\/wp-content\/uploads\/2023\/08\/5fc58b9f-1661-42d8-920e-a3ae91d2bf23-18x9.avif 18w, https:\/\/relocations.io\/wp-content\/uploads\/2023\/08\/5fc58b9f-1661-42d8-920e-a3ae91d2bf23-50x26.avif 50w, https:\/\/relocations.io\/wp-content\/uploads\/2023\/08\/5fc58b9f-1661-42d8-920e-a3ae91d2bf23-100x52.avif 100w\" sizes=\"(max-width: 600px) 100vw, 600px\" \/><\/figure>\n<\/div>\n\n<div class=\"wp-block-media-text is-stacked-on-mobile\">\n<figure class=\"wp-block-media-text__media\"><img loading=\"lazy\" decoding=\"async\" data-recalc-dims=\"1\" height=\"573\" width=\"1024\" class=\"wp-image-8029 size-full\" src=\"https:\/\/i0.wp.com\/relocations.io\/wp-content\/uploads\/2023\/08\/tasca-da-esquina-1024x573.jpg?resize=1024%2C573&#038;ssl=1\" alt=\"\" srcset=\"https:\/\/i0.wp.com\/relocations.io\/wp-content\/uploads\/2023\/08\/tasca-da-esquina.jpg?resize=1024%2C573&amp;ssl=1 1024w, https:\/\/i0.wp.com\/relocations.io\/wp-content\/uploads\/2023\/08\/tasca-da-esquina.jpg?resize=300%2C168&amp;ssl=1 300w, https:\/\/i0.wp.com\/relocations.io\/wp-content\/uploads\/2023\/08\/tasca-da-esquina.jpg?resize=768%2C430&amp;ssl=1 768w, https:\/\/i0.wp.com\/relocations.io\/wp-content\/uploads\/2023\/08\/tasca-da-esquina.jpg?resize=18%2C10&amp;ssl=1 18w, https:\/\/i0.wp.com\/relocations.io\/wp-content\/uploads\/2023\/08\/tasca-da-esquina.jpg?resize=50%2C28&amp;ssl=1 50w, https:\/\/i0.wp.com\/relocations.io\/wp-content\/uploads\/2023\/08\/tasca-da-esquina.jpg?resize=100%2C56&amp;ssl=1 100w, https:\/\/i0.wp.com\/relocations.io\/wp-content\/uploads\/2023\/08\/tasca-da-esquina.jpg?w=1301&amp;ssl=1 1301w\" sizes=\"(max-width: 1024px) 100vw, 1024px\" \/><\/figure>\n<div class=\"wp-block-media-text__content\">\n<p><strong>Des saveurs authentiques \u00e0 <a href=\"https:\/\/tascadaesquina.com\/pt-pt\/\">Tasca da Esquina<\/a>:<\/strong> La Tasca da Esquina, situ\u00e9e \u00e0 Campo de Ourique, offre une atmosph\u00e8re chaleureuse et une interpr\u00e9tation moderne des classiques portugais. Savourez le poulpe grill\u00e9 avec de la patate douce et de la coriandre ou les joues de porc cuites lentement avec de la pur\u00e9e de ch\u00e2taignes. Chaque plat est pr\u00e9par\u00e9 \u00e0 partir d'ingr\u00e9dients frais et locaux, m\u00ealant des saveurs traditionnelles \u00e0 un style contemporain.<br \/><br \/><\/p>\n<\/div>\n<\/div>\n\n<h5 id=\"h-lisbon-s-culinary-scene-offers-an-impressive-range-of-dining-experiences-from-classic-taverns-to-stylish-rooftop-bars-whether-you-seek-fresh-seafood-decadent-pastries-or-cutting-edge-fusion-dishes-portugal-s-capital-delivers-on-all-fronts-prepare-to-dive-into-lisbon-s-vibrant-food-culture-and-satisfy-your-cravings-on-your-next-culinary-journey\" class=\"wp-block-heading\"><br \/><br \/><br \/>La sc\u00e8ne culinaire de Lisbonne offre une gamme impressionnante d'exp\u00e9riences gastronomiques, des tavernes classiques aux bars \u00e9l\u00e9gants sur les toits. Que vous recherchiez des fruits de mer frais, des p\u00e2tisseries d\u00e9cadentes ou des plats fusion \u00e0 la pointe de la technologie, la capitale du Portugal vous comblera sur tous les fronts. Pr\u00e9parez-vous \u00e0 plonger dans la culture gastronomique dynamique de Lisbonne et \u00e0 satisfaire vos envies lors de votre prochain voyage culinaire.<\/h5>\n\t\t\t\t\t\t\t\t<\/div>\n\t\t\t\t<\/div>\n\t\t\t\t\t<\/div>\n\t\t\t\t<\/div>\n\t\t\t\t<\/div>","protected":false},"excerpt":{"rendered":"<p>Lisbon, Portugal&#8217;s sun-drenched capital, enchants with its picturesque streets and sweeping views. Beyond its scenic beauty, the city boasts a vibrant food scene, offering a range of dining options from fresh seafood to irresistible pastries. Whether you&#8217;re a gourmet enthusiast or just eager to savor local flavors, Lisbon\u2019s top dining spots promise to delight your [&hellip;]<\/p>","protected":false},"author":2,"featured_media":8744,"comment_status":"closed","ping_status":"closed","sticky":false,"template":"","format":"standard","meta":{"_jetpack_memberships_contains_paid_content":false,"footnotes":""},"categories":[60,61],"tags":[109,107,108,70,71,69],"class_list":["post-7532","post","type-post","status-publish","format-standard","has-post-thumbnail","hentry","category-europe","category-portugal","tag-food","tag-lisboa","tag-lisbon","tag-moving-to-europe","tag-relocations","tag-relocations-io-blog"],"jetpack_featured_media_url":"https:\/\/i0.wp.com\/relocations.io\/wp-content\/uploads\/2022\/11\/48.jpg?fit=1920%2C1080&ssl=1","jetpack-related-posts":[{"id":8793,"url":"https:\/\/relocations.io\/fr\/chateaux-au-portugal-sites-historiques-avec-vue-imprenable-2\/","url_meta":{"origin":7532,"position":0},"title":"D\u00e9couvrez le charme intemporel des ch\u00e2teaux du Portugal : Un voyage \u00e0 travers l'histoire et la beaut\u00e9","author":"Relocations.io","date":"mai 22, 2024","format":false,"excerpt":"Aujourd'hui, les ch\u00e2teaux du Portugal constituent une attraction touristique majeure en raison de leur beaut\u00e9, de leur histoire et de leur diversit\u00e9. Ils sont diss\u00e9min\u00e9s dans des villes historiques comme Lisbonne et Guimar\u00e3es, nich\u00e9s dans des paysages naturels \u00e9poustouflants comme le Douro ou l'Algarve, et m\u00eame dans des r\u00e9gions moins connues mais tout aussi captivantes comme le Minho et le Ribatejo.","rel":"","context":"Dans &quot;Cultural Activities&quot;","block_context":{"text":"Cultural Activities","link":"https:\/\/relocations.io\/fr\/categorie\/leurope\/les-activites-culturelles\/"},"img":{"alt_text":"","src":"https:\/\/i0.wp.com\/relocations.io\/wp-content\/uploads\/2024\/08\/Castelos-Portugal-banner.jpg?fit=1200%2C600&ssl=1&resize=350%2C200","width":350,"height":200,"srcset":"https:\/\/i0.wp.com\/relocations.io\/wp-content\/uploads\/2024\/08\/Castelos-Portugal-banner.jpg?fit=1200%2C600&ssl=1&resize=350%2C200 1x, https:\/\/i0.wp.com\/relocations.io\/wp-content\/uploads\/2024\/08\/Castelos-Portugal-banner.jpg?fit=1200%2C600&ssl=1&resize=525%2C300 1.5x, https:\/\/i0.wp.com\/relocations.io\/wp-content\/uploads\/2024\/08\/Castelos-Portugal-banner.jpg?fit=1200%2C600&ssl=1&resize=700%2C400 2x, https:\/\/i0.wp.com\/relocations.io\/wp-content\/uploads\/2024\/08\/Castelos-Portugal-banner.jpg?fit=1200%2C600&ssl=1&resize=1050%2C600 3x"},"classes":[]},{"id":8816,"url":"https:\/\/relocations.io\/fr\/le-portugal-est-secoue-par-un-tremblement-de-terre-dune-magnitude-de-53-la-secousse-recente-et-le-contexte-historique\/","url_meta":{"origin":7532,"position":1},"title":"Le Portugal secou\u00e9 par un tremblement de terre de magnitude 5,3 : Tremblement de terre r\u00e9cent et contexte historique","author":"Relocations.io","date":"ao\u00fbt 26, 2024","format":false,"excerpt":"A recent 5.3 magnitude earthquake that struck Portugal, specifically impacting the region near \u00c9vora. It provides details on the quake's effects, including minor damages and the response from local authorities. The article also offers a historical context, mentioning past significant earthquakes in Portugal, such as the devastating 1755 Lisbon earthquake.\u2026","rel":"","context":"Dans &quot;Europe&quot;","block_context":{"text":"Europe","link":"https:\/\/relocations.io\/fr\/categorie\/leurope\/"},"img":{"alt_text":"","src":"https:\/\/i0.wp.com\/relocations.io\/wp-content\/uploads\/2024\/08\/Earthquake.jpg?fit=1200%2C600&ssl=1&resize=350%2C200","width":350,"height":200,"srcset":"https:\/\/i0.wp.com\/relocations.io\/wp-content\/uploads\/2024\/08\/Earthquake.jpg?fit=1200%2C600&ssl=1&resize=350%2C200 1x, https:\/\/i0.wp.com\/relocations.io\/wp-content\/uploads\/2024\/08\/Earthquake.jpg?fit=1200%2C600&ssl=1&resize=525%2C300 1.5x, https:\/\/i0.wp.com\/relocations.io\/wp-content\/uploads\/2024\/08\/Earthquake.jpg?fit=1200%2C600&ssl=1&resize=700%2C400 2x, https:\/\/i0.wp.com\/relocations.io\/wp-content\/uploads\/2024\/08\/Earthquake.jpg?fit=1200%2C600&ssl=1&resize=1050%2C600 3x"},"classes":[]},{"id":7390,"url":"https:\/\/relocations.io\/fr\/feter-le-portugal-un-guide-des-fetes-nationales-en-2023\/","url_meta":{"origin":7532,"position":2},"title":"C\u00e9l\u00e9brez le Portugal : Guide des f\u00eates nationales en 2023","author":"Relocations.io","date":"mars 1, 2023","format":false,"excerpt":"From the lively street parties of New Year's Day to the solemn remembrance of All Saints' Day, Portugal's national holidays offer a vibrant tapestry of culture, history, and celebration. Whether you're marveling at the colorful Carnaval parades or joining in the festivities of Portugal Day, each holiday provides a unique\u2026","rel":"","context":"Dans &quot;Europe&quot;","block_context":{"text":"Europe","link":"https:\/\/relocations.io\/fr\/categorie\/leurope\/"},"img":{"alt_text":"","src":"https:\/\/i0.wp.com\/relocations.io\/wp-content\/uploads\/2022\/11\/28.jpg?fit=1200%2C675&ssl=1&resize=350%2C200","width":350,"height":200,"srcset":"https:\/\/i0.wp.com\/relocations.io\/wp-content\/uploads\/2022\/11\/28.jpg?fit=1200%2C675&ssl=1&resize=350%2C200 1x, https:\/\/i0.wp.com\/relocations.io\/wp-content\/uploads\/2022\/11\/28.jpg?fit=1200%2C675&ssl=1&resize=525%2C300 1.5x, https:\/\/i0.wp.com\/relocations.io\/wp-content\/uploads\/2022\/11\/28.jpg?fit=1200%2C675&ssl=1&resize=700%2C400 2x, https:\/\/i0.wp.com\/relocations.io\/wp-content\/uploads\/2022\/11\/28.jpg?fit=1200%2C675&ssl=1&resize=1050%2C600 3x"},"classes":[]},{"id":7401,"url":"https:\/\/relocations.io\/fr\/du-bresil-a-leurope-une-odyssee-culturelle-de-la-relocalisation\/","url_meta":{"origin":7532,"position":3},"title":"Du Br\u00e9sil \u00e0 l'Europe : Une odyss\u00e9e culturelle de la d\u00e9localisation","author":"Relocations.io","date":"mars 1, 2024","format":false,"excerpt":"Embark on a cultural journey as Brazilians move from Brazil to Europe, seeking new opportunities. From Portugal's laid-back shores to Spain's bustling streets, each destination offers unique experiences. Join them as they embrace new beginnings in France, Italy, and Belgium, enriching Europe's tapestry of diversity.","rel":"","context":"Dans &quot;Belgium&quot;","block_context":{"text":"Belgium","link":"https:\/\/relocations.io\/fr\/categorie\/leurope\/belgique\/"},"img":{"alt_text":"","src":"https:\/\/i0.wp.com\/relocations.io\/wp-content\/uploads\/2022\/11\/33.jpg?fit=1200%2C675&ssl=1&resize=350%2C200","width":350,"height":200,"srcset":"https:\/\/i0.wp.com\/relocations.io\/wp-content\/uploads\/2022\/11\/33.jpg?fit=1200%2C675&ssl=1&resize=350%2C200 1x, https:\/\/i0.wp.com\/relocations.io\/wp-content\/uploads\/2022\/11\/33.jpg?fit=1200%2C675&ssl=1&resize=525%2C300 1.5x, https:\/\/i0.wp.com\/relocations.io\/wp-content\/uploads\/2022\/11\/33.jpg?fit=1200%2C675&ssl=1&resize=700%2C400 2x, https:\/\/i0.wp.com\/relocations.io\/wp-content\/uploads\/2022\/11\/33.jpg?fit=1200%2C675&ssl=1&resize=1050%2C600 3x"},"classes":[]},{"id":7406,"url":"https:\/\/relocations.io\/fr\/les-bresiliens-qui-sinstallent-au-portugal-saisissent-de-nouvelles-opportunites-dans-le-cadre-dune-histoire-commune\/","url_meta":{"origin":7532,"position":4},"title":"Les Br\u00e9siliens s'installent au Portugal : Saisir de nouvelles opportunit\u00e9s dans le cadre d'une histoire commune","author":"Relocations.io","date":"juillet 1, 2023","format":false,"excerpt":"Explorez les liens historiques entre le Br\u00e9sil et le Portugal, alors que les Br\u00e9siliens cherchent de nouvelles opportunit\u00e9s dans le pays de leur pass\u00e9 colonial. Avec une langue et des affinit\u00e9s culturelles communes, le Portugal offre un environnement accueillant pour les Br\u00e9siliens qui peuvent prosp\u00e9rer dans divers secteurs, de la technologie au tourisme.","rel":"","context":"Dans &quot;Europe&quot;","block_context":{"text":"Europe","link":"https:\/\/relocations.io\/fr\/categorie\/leurope\/"},"img":{"alt_text":"","src":"https:\/\/i0.wp.com\/relocations.io\/wp-content\/uploads\/2022\/11\/36.jpg?fit=1200%2C675&ssl=1&resize=350%2C200","width":350,"height":200,"srcset":"https:\/\/i0.wp.com\/relocations.io\/wp-content\/uploads\/2022\/11\/36.jpg?fit=1200%2C675&ssl=1&resize=350%2C200 1x, https:\/\/i0.wp.com\/relocations.io\/wp-content\/uploads\/2022\/11\/36.jpg?fit=1200%2C675&ssl=1&resize=525%2C300 1.5x, https:\/\/i0.wp.com\/relocations.io\/wp-content\/uploads\/2022\/11\/36.jpg?fit=1200%2C675&ssl=1&resize=700%2C400 2x, https:\/\/i0.wp.com\/relocations.io\/wp-content\/uploads\/2022\/11\/36.jpg?fit=1200%2C675&ssl=1&resize=1050%2C600 3x"},"classes":[]},{"id":7427,"url":"https:\/\/relocations.io\/fr\/votre-guide-sur-les-exigences-en-matiere-de-visa-et-de-citoyennete-au-portugal-naviguer-sur-le-chemin-dune-nouvelle-vie\/","url_meta":{"origin":7532,"position":5},"title":"Votre guide des exigences en mati\u00e8re de visa et de citoyennet\u00e9 au Portugal : Naviguer sur le chemin d'une nouvelle vie","author":"Relocations.io","date":"juin 1, 2024","format":false,"excerpt":"D\u00e9couvrez les \u00e9tapes essentielles de l'installation au Portugal, des exigences en mati\u00e8re de visa aux proc\u00e9dures de citoyennet\u00e9. Notre guide simplifie le processus et garantit une transition en douceur vers votre nouvelle vie dans ce pays captivant.","rel":"","context":"Dans &quot;Europe&quot;","block_context":{"text":"Europe","link":"https:\/\/relocations.io\/fr\/categorie\/leurope\/"},"img":{"alt_text":"","src":"https:\/\/i0.wp.com\/relocations.io\/wp-content\/uploads\/2022\/11\/41.jpg?fit=1200%2C675&ssl=1&resize=350%2C200","width":350,"height":200,"srcset":"https:\/\/i0.wp.com\/relocations.io\/wp-content\/uploads\/2022\/11\/41.jpg?fit=1200%2C675&ssl=1&resize=350%2C200 1x, https:\/\/i0.wp.com\/relocations.io\/wp-content\/uploads\/2022\/11\/41.jpg?fit=1200%2C675&ssl=1&resize=525%2C300 1.5x, https:\/\/i0.wp.com\/relocations.io\/wp-content\/uploads\/2022\/11\/41.jpg?fit=1200%2C675&ssl=1&resize=700%2C400 2x, https:\/\/i0.wp.com\/relocations.io\/wp-content\/uploads\/2022\/11\/41.jpg?fit=1200%2C675&ssl=1&resize=1050%2C600 3x"},"classes":[]}],"jetpack_sharing_enabled":true,"_links":{"self":[{"href":"https:\/\/relocations.io\/fr\/wp-json\/wp\/v2\/posts\/7532","targetHints":{"allow":["GET"]}}],"collection":[{"href":"https:\/\/relocations.io\/fr\/wp-json\/wp\/v2\/posts"}],"about":[{"href":"https:\/\/relocations.io\/fr\/wp-json\/wp\/v2\/types\/post"}],"author":[{"embeddable":true,"href":"https:\/\/relocations.io\/fr\/wp-json\/wp\/v2\/users\/2"}],"replies":[{"embeddable":true,"href":"https:\/\/relocations.io\/fr\/wp-json\/wp\/v2\/comments?post=7532"}],"version-history":[{"count":0,"href":"https:\/\/relocations.io\/fr\/wp-json\/wp\/v2\/posts\/7532\/revisions"}],"wp:featuredmedia":[{"embeddable":true,"href":"https:\/\/relocations.io\/fr\/wp-json\/wp\/v2\/media\/8744"}],"wp:attachment":[{"href":"https:\/\/relocations.io\/fr\/wp-json\/wp\/v2\/media?parent=7532"}],"wp:term":[{"taxonomy":"category","embeddable":true,"href":"https:\/\/relocations.io\/fr\/wp-json\/wp\/v2\/categories?post=7532"},{"taxonomy":"post_tag","embeddable":true,"href":"https:\/\/relocations.io\/fr\/wp-json\/wp\/v2\/tags?post=7532"}],"curies":[{"name":"wp","href":"https:\/\/api.w.org\/{rel}","templated":true}]}}