{"id":7401,"date":"2024-03-01T10:00:00","date_gmt":"2024-03-01T09:00:00","guid":{"rendered":"https:\/\/relocations.io\/?p=7401"},"modified":"2024-09-06T12:27:27","modified_gmt":"2024-09-06T11:27:27","slug":"du-bresil-a-leurope-une-odyssee-culturelle-de-la-relocalisation","status":"publish","type":"post","link":"https:\/\/relocations.io\/fr\/du-bresil-a-leurope-une-odyssee-culturelle-de-la-relocalisation\/","title":{"rendered":"Du Br\u00e9sil \u00e0 l'Europe : Une odyss\u00e9e culturelle de la d\u00e9localisation"},"content":{"rendered":"<div data-elementor-type=\"wp-post\" data-elementor-id=\"7401\" class=\"elementor elementor-7401\" data-elementor-settings=\"{&quot;ha_cmc_init_switcher&quot;:&quot;no&quot;}\" data-elementor-post-type=\"post\">\n\t\t\t\t<div class=\"elementor-element elementor-element-7dcd4e22 e-flex e-con-boxed e-con e-parent\" data-id=\"7dcd4e22\" data-element_type=\"container\" data-settings=\"{&quot;_ha_eqh_enable&quot;:false}\">\n\t\t\t\t\t<div class=\"e-con-inner\">\n\t\t\t\t<div class=\"elementor-element elementor-element-0cb4df1 elementor-widget elementor-widget-heading\" data-id=\"0cb4df1\" data-element_type=\"widget\" data-widget_type=\"heading.default\">\n\t\t\t\t<div class=\"elementor-widget-container\">\n\t\t\t\t\t<h2 class=\"elementor-heading-title elementor-size-default\">D\u00e9m\u00e9nager du Br\u00e9sil en Europe : Une aventure transformatrice<\/h2>\t\t\t\t<\/div>\n\t\t\t\t<\/div>\n\t\t\t\t<div class=\"elementor-element elementor-element-1f4ac356 elementor-widget elementor-widget-text-editor\" data-id=\"1f4ac356\" data-element_type=\"widget\" data-widget_type=\"text-editor.default\">\n\t\t\t\t<div class=\"elementor-widget-container\">\n\t\t\t\t\t\t\t\t\t\n<p><br \/>Quitter le Br\u00e9sil pour l'Europe est un projet \u00e0 la fois audacieux et transformateur. Pour de nombreux Br\u00e9siliens, la riche histoire de l'Europe, la diversit\u00e9 de ses cultures et ses opportunit\u00e9s prometteuses constituent un nouveau chapitre passionnant. Des pays comme le Portugal, l'Espagne, la France, l'Italie et la Belgique sont devenus des destinations populaires pour les expatri\u00e9s br\u00e9siliens. Chacun de ces pays offre un m\u00e9lange unique d'exp\u00e9riences culturelles, d'opportunit\u00e9s \u00e9conomiques et d'avantages li\u00e9s au mode de vie.<\/p>\n\n<h6 id=\"h-portugal-a-warm-and-welcoming-destination\" class=\"wp-block-heading\"><strong>Le Portugal : Une destination chaleureuse et accueillante<\/strong><\/h6>\n\n<p>Le Portugal se distingue par son climat accueillant et ses habitants chaleureux. Les <a href=\"https:\/\/relocations.io\/savoring-lisbon-a-culinary-journey\/\" data-wpil-monitor-id=\"10\">Les rues anim\u00e9es de Lisbonne<\/a> offrent un style de vie cosmopolite et une riche sc\u00e8ne culturelle. D'autre part, les <a href=\"https:\/\/relocations.io\/portugal-top-beaches-your-ultimate-guide\/\" data-wpil-monitor-id=\"57\">Les plages sereines de l'Algarve<\/a> offrent une retraite paisible. Cet \u00e9quilibre entre l'effervescence de la ville et la beaut\u00e9 de la nature fait du Portugal une option attrayante pour de nombreuses personnes.<\/p>\n\n<p>En outre, le Portugal peut se targuer d'une \u00e9conomie florissante et d'un co\u00fbt de la vie abordable<strong>.<\/strong>\u00a0Les Br\u00e9siliens estiment que le co\u00fbt de la vie moins \u00e9lev\u00e9 et la communaut\u00e9 active des expatri\u00e9s facilitent la transition. L'atmosph\u00e8re chaleureuse du pays et ses liens \u00e9troits avec le Br\u00e9sil permettent \u00e9galement aux nouveaux arrivants de se sentir plus facilement chez eux. Avec son march\u00e9 de l'emploi en pleine expansion et son environnement accueillant, le Portugal s'av\u00e8re \u00eatre un choix id\u00e9al pour commencer une nouvelle vie au Br\u00e9sil. <a href=\"https:\/\/relocations.io\/americans-moving-abroad-for-stability\/\" data-wpil-monitor-id=\"19\">L'Europe<\/a>.<\/p>\n\n<h6 id=\"h-spain-a-vibrant-and-diverse-experience\" class=\"wp-block-heading\"><strong>Espagne : Une exp\u00e9rience vivante et diversifi\u00e9e<\/strong><\/h6>\n\n<p>La culture dynamique et l'architecture \u00e9tonnante de l'Espagne captivent les nouveaux arrivants. Des villes comme Barcelone et S\u00e9ville offrent une vie urbaine anim\u00e9e et un riche patrimoine historique. Quant aux belles plages de la Costa del Sol, elles sont propices \u00e0 la d\u00e9tente et aux loisirs. Les diverses exp\u00e9riences de l'Espagne r\u00e9pondent \u00e0 un large \u00e9ventail d'int\u00e9r\u00eats et de styles de vie.<\/p>\n\n<p>En outre, <a href=\"https:\/\/relocations.io\/exploring-the-enchantment-vigos-delightful-christmas-market\/\" data-wpil-monitor-id=\"121\">Un march\u00e9 de l'emploi solide en Espagne<\/a> et des soins de sant\u00e9 abordables en font une destination attrayante. Les Br\u00e9siliens sont attir\u00e9s par les possibilit\u00e9s d'avancement professionnel et le niveau de vie \u00e9lev\u00e9 du pays. Le style de vie m\u00e9diterran\u00e9en, qui met l'accent sur la vie sociale et le bien-\u00eatre, ajoute au charme de l'Espagne. Avec son m\u00e9lange de modernit\u00e9 et de <a href=\"https:\/\/relocations.io\/your-guide-to-visa-requirements-and-citizenship-in-portugal-navigating-your-path-to-a-new-life\/\" data-wpil-monitor-id=\"40\">tradition<\/a>L'Espagne offre un environnement \u00e9panouissant aux expatri\u00e9s qui recherchent \u00e0 la fois la r\u00e9ussite professionnelle et une qualit\u00e9 de vie \u00e9lev\u00e9e.<\/p>\n\n<h6 id=\"h-france-elegance-and-opportunity-await\" class=\"wp-block-heading\"><strong>France : \u00c9l\u00e9gance et opportunit\u00e9s<\/strong><\/h6>\n\n<p>La France, avec son m\u00e9lange de romantisme et de sophistication, attire de nombreux Br\u00e9siliens. Des monuments embl\u00e9matiques de Paris et de sa sc\u00e8ne artistique dynamique aux vignobles pittoresques de Bordeaux, la France offre une gamme vari\u00e9e d'exp\u00e9riences. La cuisine de classe mondiale et le riche patrimoine culturel du pays offrent une exp\u00e9rience de vie unique.<\/p>\n\n<p>En outre, la France offre d'excellents \u00e9tablissements d'enseignement et de nombreuses possibilit\u00e9s de carri\u00e8re. Les Br\u00e9siliens sont attir\u00e9s par les villes cosmopolites et la diversit\u00e9 du march\u00e9 du travail. L'engagement du pays en faveur de la culture et des arts am\u00e9liore la qualit\u00e9 de vie, ce qui en fait une destination incontournable pour ceux qui souhaitent s'immerger dans l'\u00e9l\u00e9gance et les opportunit\u00e9s europ\u00e9ennes.<\/p>\n\n<h6 id=\"h-italy-embrace-the-charm-of-la-dolce-vita\" class=\"wp-block-heading\"><strong>Italie : Le charme de la Dolce Vita<\/strong><\/h6>\n\n<p>La beaut\u00e9 intemporelle et la riche histoire de l'Italie en font une destination de r\u00eave pour de nombreux Br\u00e9siliens. Les ruines antiques de Rome, l'art et la culture de Florence et les rivages ensoleill\u00e9s de la Sicile offrent un large \u00e9ventail d'exp\u00e9riences. La cuisine r\u00e9put\u00e9e et la culture familiale de l'Italie cr\u00e9ent une atmosph\u00e8re chaleureuse et accueillante.<\/p>\n\n<p>En outre, le fort sentiment d'appartenance \u00e0 une communaut\u00e9 et l'importance accord\u00e9e \u00e0 la qualit\u00e9 de vie en Italie s\u00e9duisent les expatri\u00e9s. L'accent mis sur les valeurs familiales et les liens communautaires aide les nouveaux arrivants \u00e0 s'int\u00e9grer en douceur. Qu'il s'agisse d'explorer des sites historiques ou de participer \u00e0 des festivals locaux, les Br\u00e9siliens sont s\u00e9duits par la richesse culturelle et le mode de vie de l'Italie.<\/p>\n\n<h6 id=\"h-belgium-a-unique-blend-of-cultures\" class=\"wp-block-heading\"><strong>La Belgique : Un m\u00e9lange unique de cultures<\/strong><\/h6>\n\n<p>La Belgique, situ\u00e9e au c\u0153ur de la <a href=\"https:\/\/relocations.io\/the-lgbtq-movement-in-europe\/\" data-wpil-monitor-id=\"25\">L'Europe<\/a>La r\u00e9gion de Bruxelles-Capitale offre un m\u00e9lange unique d'histoire et de modernit\u00e9. Le charme m\u00e9di\u00e9val de Bruges et l'attrait cosmopolite de Bruxelles offrent une exp\u00e9rience de vie diversifi\u00e9e. La situation centrale de la Belgique en fait une plaque tournante pour les voyages et les explorations \u00e0 travers le monde. <a href=\"https:\/\/relocations.io\/moving-from-canada-to-portugal-a-comprehensive-guide\/\" data-wpil-monitor-id=\"115\">L'Europe<\/a>.<\/p>\n\n<p>En outre, l'environnement multiculturel et le niveau de vie \u00e9lev\u00e9 de la Belgique constituent des attraits majeurs. Les Br\u00e9siliens appr\u00e9cient le m\u00e9lange des langues et des cultures, qui ajoute au dynamisme du pays. La qualit\u00e9 de vie \u00e9lev\u00e9e et le march\u00e9 de l'emploi dynamique font de la Belgique une destination attrayante pour ceux qui souhaitent construire une carri\u00e8re r\u00e9ussie tout en profitant d'un mode de vie \u00e9quilibr\u00e9.<\/p>\n\n<p>Alors que les Br\u00e9siliens s'appr\u00eatent \u00e0 entamer leur <a href=\"https:\/\/relocations.io\/bonjour-france-navigating-cultural-differences-and-opportunities-in-relocation\/\" data-wpil-monitor-id=\"68\">odyss\u00e9e culturelle en Europe<\/a>Les Br\u00e9siliens apportent une \u00e9nergie vibrante et une joie de vivre. Qu'ils savourent les past\u00e9is de nata portugais, qu'ils dansent dans les festivals espagnols ou qu'ils explorent les vignobles italiens, les Br\u00e9siliens enrichissent la vie de leurs concitoyens. <a href=\"https:\/\/relocations.io\/navigating-visa-requirements-and-citizenship-in-france-your-pathway-to-a-new-beginning\/\" data-wpil-monitor-id=\"129\">L'Europe<\/a> et \u00e0 la diversit\u00e9 de la tapisserie. Ce voyage de d\u00e9couverte et de nouveaux d\u00e9parts leur permet de mener une vie \u00e9panouie tout en contribuant au riche tissu culturel de leur nouvelle patrie.<\/p>\n<div class=\"wp-block-image\">\n<figure class=\"aligncenter size-large\"><img fetchpriority=\"high\" decoding=\"async\" data-recalc-dims=\"1\" height=\"576\" width=\"1024\" class=\"wp-image-7404\" src=\"https:\/\/i0.wp.com\/relocations.io\/wp-content\/uploads\/2024\/02\/brtoeu-b2-1024x576.png?resize=1024%2C576&#038;ssl=1\" alt=\"Du Br\u00e9sil \u00e0 l&#039;Europe : Un voyage de relocalisation culturelle\" \/><\/figure>\n<\/div>\t\t\t\t\t\t\t\t<\/div>\n\t\t\t\t<\/div>\n\t\t\t\t\t<\/div>\n\t\t\t\t<\/div>\n\t\t\t\t<\/div>","protected":false},"excerpt":{"rendered":"<p>Embarquez pour un voyage culturel alors que les Br\u00e9siliens quittent le Br\u00e9sil pour l'Europe, \u00e0 la recherche de nouvelles opportunit\u00e9s. Des rivages paisibles du Portugal aux rues anim\u00e9es de l'Espagne, chaque destination offre des exp\u00e9riences uniques. Rejoignez-les lorsqu'ils prennent un nouveau d\u00e9part en France, en Italie et en Belgique, enrichissant ainsi la diversit\u00e9 de l'Europe.<\/p>","protected":false},"author":2,"featured_media":8749,"comment_status":"closed","ping_status":"closed","sticky":false,"template":"","format":"standard","meta":{"_jetpack_memberships_contains_paid_content":false,"footnotes":""},"categories":[65,67,60,63,64,61,62],"tags":[95,94,72,96,70,71,69,90],"class_list":["post-7401","post","type-post","status-publish","format-standard","has-post-thumbnail","hentry","category-belgium","category-citizenship","category-europe","category-france","category-italy","category-portugal","category-spain","tag-brasil","tag-brazil","tag-citizenship","tag-europa","tag-moving-to-europe","tag-relocations","tag-relocations-io-blog","tag-tradition"],"jetpack_featured_media_url":"https:\/\/i0.wp.com\/relocations.io\/wp-content\/uploads\/2022\/11\/33.jpg?fit=1920%2C1080&ssl=1","jetpack-related-posts":[{"id":7406,"url":"https:\/\/relocations.io\/fr\/les-bresiliens-qui-sinstallent-au-portugal-saisissent-de-nouvelles-opportunites-dans-le-cadre-dune-histoire-commune\/","url_meta":{"origin":7401,"position":0},"title":"Les Br\u00e9siliens s'installent au Portugal : Saisir de nouvelles opportunit\u00e9s dans le cadre d'une histoire commune","author":"Relocations.io","date":"juillet 1, 2023","format":false,"excerpt":"Explorez les liens historiques entre le Br\u00e9sil et le Portugal, alors que les Br\u00e9siliens cherchent de nouvelles opportunit\u00e9s dans le pays de leur pass\u00e9 colonial. Avec une langue et des affinit\u00e9s culturelles communes, le Portugal offre un environnement accueillant pour les Br\u00e9siliens qui peuvent prosp\u00e9rer dans divers secteurs, de la technologie au tourisme.","rel":"","context":"Dans &quot;Europe&quot;","block_context":{"text":"Europe","link":"https:\/\/relocations.io\/fr\/categorie\/leurope\/"},"img":{"alt_text":"","src":"https:\/\/i0.wp.com\/relocations.io\/wp-content\/uploads\/2022\/11\/36.jpg?fit=1200%2C675&ssl=1&resize=350%2C200","width":350,"height":200,"srcset":"https:\/\/i0.wp.com\/relocations.io\/wp-content\/uploads\/2022\/11\/36.jpg?fit=1200%2C675&ssl=1&resize=350%2C200 1x, https:\/\/i0.wp.com\/relocations.io\/wp-content\/uploads\/2022\/11\/36.jpg?fit=1200%2C675&ssl=1&resize=525%2C300 1.5x, https:\/\/i0.wp.com\/relocations.io\/wp-content\/uploads\/2022\/11\/36.jpg?fit=1200%2C675&ssl=1&resize=700%2C400 2x, https:\/\/i0.wp.com\/relocations.io\/wp-content\/uploads\/2022\/11\/36.jpg?fit=1200%2C675&ssl=1&resize=1050%2C600 3x"},"classes":[]},{"id":7385,"url":"https:\/\/relocations.io\/fr\/donnees-de-la-saint-valentin\/","url_meta":{"origin":7401,"position":1},"title":"L'amour \u00e0 travers le continent : Les traditions de la Saint-Valentin en Europe et au-del\u00e0","author":"Relocations.io","date":"f\u00e9vrier 1, 2023","format":false,"excerpt":"Valentine\u2019s Day Traditions Across Europe: A Romantic Tour As February 14th draws near, love blossoms worldwide, but nowhere does it shine quite like in Europe. From the sunlit shores of Portugal to the charming streets of Paris, Valentine\u2019s Day in Europe is a grand celebration of romance, tradition, and heartfelt\u2026","rel":"","context":"Dans &quot;Belgium&quot;","block_context":{"text":"Belgium","link":"https:\/\/relocations.io\/fr\/categorie\/leurope\/belgique\/"},"img":{"alt_text":"","src":"https:\/\/i0.wp.com\/relocations.io\/wp-content\/uploads\/2022\/11\/27.jpg?fit=1200%2C675&ssl=1&resize=350%2C200","width":350,"height":200,"srcset":"https:\/\/i0.wp.com\/relocations.io\/wp-content\/uploads\/2022\/11\/27.jpg?fit=1200%2C675&ssl=1&resize=350%2C200 1x, https:\/\/i0.wp.com\/relocations.io\/wp-content\/uploads\/2022\/11\/27.jpg?fit=1200%2C675&ssl=1&resize=525%2C300 1.5x, https:\/\/i0.wp.com\/relocations.io\/wp-content\/uploads\/2022\/11\/27.jpg?fit=1200%2C675&ssl=1&resize=700%2C400 2x, https:\/\/i0.wp.com\/relocations.io\/wp-content\/uploads\/2022\/11\/27.jpg?fit=1200%2C675&ssl=1&resize=1050%2C600 3x"},"classes":[]},{"id":7427,"url":"https:\/\/relocations.io\/fr\/votre-guide-sur-les-exigences-en-matiere-de-visa-et-de-citoyennete-au-portugal-naviguer-sur-le-chemin-dune-nouvelle-vie\/","url_meta":{"origin":7401,"position":2},"title":"Votre guide des exigences en mati\u00e8re de visa et de citoyennet\u00e9 au Portugal : Naviguer sur le chemin d'une nouvelle vie","author":"Relocations.io","date":"juin 1, 2024","format":false,"excerpt":"D\u00e9couvrez les \u00e9tapes essentielles de l'installation au Portugal, des exigences en mati\u00e8re de visa aux proc\u00e9dures de citoyennet\u00e9. Notre guide simplifie le processus et garantit une transition en douceur vers votre nouvelle vie dans ce pays captivant.","rel":"","context":"Dans &quot;Europe&quot;","block_context":{"text":"Europe","link":"https:\/\/relocations.io\/fr\/categorie\/leurope\/"},"img":{"alt_text":"","src":"https:\/\/i0.wp.com\/relocations.io\/wp-content\/uploads\/2022\/11\/41.jpg?fit=1200%2C675&ssl=1&resize=350%2C200","width":350,"height":200,"srcset":"https:\/\/i0.wp.com\/relocations.io\/wp-content\/uploads\/2022\/11\/41.jpg?fit=1200%2C675&ssl=1&resize=350%2C200 1x, https:\/\/i0.wp.com\/relocations.io\/wp-content\/uploads\/2022\/11\/41.jpg?fit=1200%2C675&ssl=1&resize=525%2C300 1.5x, https:\/\/i0.wp.com\/relocations.io\/wp-content\/uploads\/2022\/11\/41.jpg?fit=1200%2C675&ssl=1&resize=700%2C400 2x, https:\/\/i0.wp.com\/relocations.io\/wp-content\/uploads\/2022\/11\/41.jpg?fit=1200%2C675&ssl=1&resize=1050%2C600 3x"},"classes":[]},{"id":60792,"url":"https:\/\/relocations.io\/fr\/le-portugal-se-classe-au-15e-rang-des-pays-dexpatriation-en-2024\/","url_meta":{"origin":7401,"position":3},"title":"Les \u00e9trangers classent le Portugal au 15e rang des meilleurs pays o\u00f9 vivre en 2024.","author":"Relocations.io","date":"juillet 25, 2024","format":false,"excerpt":"Le Portugal est class\u00e9 comme le 15e meilleur pays o\u00f9 vivre pour les expatri\u00e9s en 2024. Le recul du Portugal \u00e0 la 15e place est d\u00fb \u00e0 des scores plus faibles dans certaines cat\u00e9gories \u00e9valu\u00e9es. Si le pays reste performant en mati\u00e8re de qualit\u00e9 de vie (7e), de finances personnelles (13e) et de facilit\u00e9 d'installation (15e), il...","rel":"","context":"Dans &quot;Citizenship&quot;","block_context":{"text":"Citizenship","link":"https:\/\/relocations.io\/fr\/categorie\/leurope\/la-citoyennete\/"},"img":{"alt_text":"","src":"https:\/\/i0.wp.com\/relocations.io\/wp-content\/uploads\/Rank-Portugal-.jpg?fit=1200%2C600&ssl=1&resize=350%2C200","width":350,"height":200,"srcset":"https:\/\/i0.wp.com\/relocations.io\/wp-content\/uploads\/Rank-Portugal-.jpg?fit=1200%2C600&ssl=1&resize=350%2C200 1x, https:\/\/i0.wp.com\/relocations.io\/wp-content\/uploads\/Rank-Portugal-.jpg?fit=1200%2C600&ssl=1&resize=525%2C300 1.5x, https:\/\/i0.wp.com\/relocations.io\/wp-content\/uploads\/Rank-Portugal-.jpg?fit=1200%2C600&ssl=1&resize=700%2C400 2x, https:\/\/i0.wp.com\/relocations.io\/wp-content\/uploads\/Rank-Portugal-.jpg?fit=1200%2C600&ssl=1&resize=1050%2C600 3x"},"classes":[]},{"id":7845,"url":"https:\/\/relocations.io\/fr\/demenager-du-canada-au-portugal-un-guide-complet\/","url_meta":{"origin":7401,"position":4},"title":"D\u00e9m\u00e9nager du Canada au Portugal : Un guide complet","author":"Relocations.io","date":"janvier 2, 2024","format":false,"excerpt":"D\u00e9m\u00e9nager du Canada au Portugal peut \u00eatre un voyage enrichissant et satisfaisant. Les avantages fiscaux uniques du Portugal, sa qualit\u00e9 de vie \u00e9lev\u00e9e et sa culture accueillante en font une destination attrayante pour les Canadiens \u00e0 la recherche d'un nouveau d\u00e9part.","rel":"","context":"Dans &quot;Europe&quot;","block_context":{"text":"Europe","link":"https:\/\/relocations.io\/fr\/categorie\/leurope\/"},"img":{"alt_text":"","src":"https:\/\/i0.wp.com\/relocations.io\/wp-content\/uploads\/2024\/01\/Moving-Canada-To-Portugal.jpg?fit=1200%2C675&ssl=1&resize=350%2C200","width":350,"height":200,"srcset":"https:\/\/i0.wp.com\/relocations.io\/wp-content\/uploads\/2024\/01\/Moving-Canada-To-Portugal.jpg?fit=1200%2C675&ssl=1&resize=350%2C200 1x, https:\/\/i0.wp.com\/relocations.io\/wp-content\/uploads\/2024\/01\/Moving-Canada-To-Portugal.jpg?fit=1200%2C675&ssl=1&resize=525%2C300 1.5x, https:\/\/i0.wp.com\/relocations.io\/wp-content\/uploads\/2024\/01\/Moving-Canada-To-Portugal.jpg?fit=1200%2C675&ssl=1&resize=700%2C400 2x, https:\/\/i0.wp.com\/relocations.io\/wp-content\/uploads\/2024\/01\/Moving-Canada-To-Portugal.jpg?fit=1200%2C675&ssl=1&resize=1050%2C600 3x"},"classes":[]},{"id":7414,"url":"https:\/\/relocations.io\/fr\/bonjour-france-naviguer-dans-les-differences-culturelles-et-les-opportunites-de-la-relocalisation\/","url_meta":{"origin":7401,"position":5},"title":"Bonjour France : Naviguer entre les diff\u00e9rences culturelles et les opportunit\u00e9s de la relocalisation","author":"Relocations.io","date":"avril 1, 2024","format":false,"excerpt":"D\u00e9couvrez les subtilit\u00e9s de l'expatriation en France, qu'il s'agisse de s'adapter aux diff\u00e9rences culturelles ou de saisir les opportunit\u00e9s de travail et de retraite. Avec un march\u00e9 du travail dynamique et des lieux de retraite idylliques, la France offre aux expatri\u00e9s un m\u00e9lange unique de charme d'antan et d'\u00e9quipements modernes pour une vie \u00e9panouie \u00e0 l'\u00e9tranger.","rel":"","context":"Dans &quot;Europe&quot;","block_context":{"text":"Europe","link":"https:\/\/relocations.io\/fr\/categorie\/leurope\/"},"img":{"alt_text":"","src":"https:\/\/i0.wp.com\/relocations.io\/wp-content\/uploads\/2024\/02\/fr-b1.png?fit=1200%2C675&ssl=1&resize=350%2C200","width":350,"height":200,"srcset":"https:\/\/i0.wp.com\/relocations.io\/wp-content\/uploads\/2024\/02\/fr-b1.png?fit=1200%2C675&ssl=1&resize=350%2C200 1x, https:\/\/i0.wp.com\/relocations.io\/wp-content\/uploads\/2024\/02\/fr-b1.png?fit=1200%2C675&ssl=1&resize=525%2C300 1.5x, https:\/\/i0.wp.com\/relocations.io\/wp-content\/uploads\/2024\/02\/fr-b1.png?fit=1200%2C675&ssl=1&resize=700%2C400 2x, https:\/\/i0.wp.com\/relocations.io\/wp-content\/uploads\/2024\/02\/fr-b1.png?fit=1200%2C675&ssl=1&resize=1050%2C600 3x"},"classes":[]}],"jetpack_sharing_enabled":true,"_links":{"self":[{"href":"https:\/\/relocations.io\/fr\/wp-json\/wp\/v2\/posts\/7401","targetHints":{"allow":["GET"]}}],"collection":[{"href":"https:\/\/relocations.io\/fr\/wp-json\/wp\/v2\/posts"}],"about":[{"href":"https:\/\/relocations.io\/fr\/wp-json\/wp\/v2\/types\/post"}],"author":[{"embeddable":true,"href":"https:\/\/relocations.io\/fr\/wp-json\/wp\/v2\/users\/2"}],"replies":[{"embeddable":true,"href":"https:\/\/relocations.io\/fr\/wp-json\/wp\/v2\/comments?post=7401"}],"version-history":[{"count":0,"href":"https:\/\/relocations.io\/fr\/wp-json\/wp\/v2\/posts\/7401\/revisions"}],"wp:featuredmedia":[{"embeddable":true,"href":"https:\/\/relocations.io\/fr\/wp-json\/wp\/v2\/media\/8749"}],"wp:attachment":[{"href":"https:\/\/relocations.io\/fr\/wp-json\/wp\/v2\/media?parent=7401"}],"wp:term":[{"taxonomy":"category","embeddable":true,"href":"https:\/\/relocations.io\/fr\/wp-json\/wp\/v2\/categories?post=7401"},{"taxonomy":"post_tag","embeddable":true,"href":"https:\/\/relocations.io\/fr\/wp-json\/wp\/v2\/tags?post=7401"}],"curies":[{"name":"wp","href":"https:\/\/api.w.org\/{rel}","templated":true}]}}