{"id":7395,"date":"2023-04-01T10:00:00","date_gmt":"2023-04-01T10:00:00","guid":{"rendered":"https:\/\/relocations.io\/?p=7395"},"modified":"2024-09-06T12:19:49","modified_gmt":"2024-09-06T11:19:49","slug":"viva-espana-un-voyage-vibrant-a-travers-les-fetes-nationales-espagnoles-en-2023","status":"publish","type":"post","link":"https:\/\/relocations.io\/fr\/viva-espana-un-voyage-vibrant-a-travers-les-fetes-nationales-espagnoles-en-2023\/","title":{"rendered":"Viva Espa\u00f1a : Un voyage vibrant \u00e0 travers les f\u00eates nationales espagnoles en 2023"},"content":{"rendered":"<div data-elementor-type=\"wp-post\" data-elementor-id=\"7395\" class=\"elementor elementor-7395\" data-elementor-settings=\"{&quot;ha_cmc_init_switcher&quot;:&quot;no&quot;}\" data-elementor-post-type=\"post\">\n\t\t\t\t<div class=\"elementor-element elementor-element-5f5fb328 e-flex e-con-boxed e-con e-parent\" data-id=\"5f5fb328\" data-element_type=\"container\" data-settings=\"{&quot;_ha_eqh_enable&quot;:false}\">\n\t\t\t\t\t<div class=\"e-con-inner\">\n\t\t\t\t<div class=\"elementor-element elementor-element-40470689 elementor-widget elementor-widget-text-editor\" data-id=\"40470689\" data-element_type=\"widget\" data-widget_type=\"text-editor.default\">\n\t\t\t\t<div class=\"elementor-widget-container\">\n\t\t\t\t\t\t\t\t\t<p><\/p>\n<p>Entrez dans le c\u0153ur rythm\u00e9 de l'Espagne et embarquez pour un voyage passionnant \u00e0 travers ses f\u00eates nationales en 2023. Des rues anim\u00e9es de Madrid aux charmantes villes historiques d'Andalousie, le patrimoine culturel de l'Espagne et ses traditions pleines d'entrain prennent vie. Chaque c\u00e9l\u00e9bration est une d\u00e9monstration vibrante de la riche histoire et de la culture dynamique du pays.<\/p>\n<p><\/p>\n<p><\/p>\n<p>\u00c0 Madrid, l'\u00e9nergie est palpable et les festivals transforment la ville en un kal\u00e9idoscope de couleurs et de sons. Vous y d\u00e9couvrirez le m\u00e9lange exaltant de tradition et de modernit\u00e9 qui d\u00e9finit la ville de Madrid. <a href=\"https:\/\/www.idealista.com\/en\/news\/lifestyle-in-spain\/2022\/11\/10\/92817-spain-public-holidays-2023\">C\u00e9l\u00e9brations espagnoles<\/a>. En Andalousie, les villes historiques offrent une exp\u00e9rience diff\u00e9rente, mais tout aussi captivante. Le m\u00e9lange de signification historique et de coutumes locales fait de chaque festival un spectacle unique.<\/p>\n<p><\/p>\n<p><\/p>\n<p>En nous plongeant dans chaque f\u00eate, nous d\u00e9couvrirons les significations profondes qui se cachent derri\u00e8re les festivit\u00e9s. Des processions ferventes de la Semana Santa \u00e0 l'excitation enflamm\u00e9e de Las Fallas, chaque \u00e9v\u00e9nement a sa propre histoire. Adoptez l'esprit passionn\u00e9 de l'Espagne et immergez-vous dans les f\u00eates de fin d'ann\u00e9e. <a href=\"https:\/\/relocations.io\/your-guide-to-visa-requirements-and-citizenship-in-portugal-navigating-your-path-to-a-new-life\/\" data-wpil-monitor-id=\"47\">traditions<\/a> qui font de ce pays un pays vraiment exceptionnel. Rejoignez-nous pour c\u00e9l\u00e9brer ces f\u00eates remarquables et vivez la magie qui d\u00e9finit l'identit\u00e9 de notre pays. <a href=\"https:\/\/relocations.io\/from-brazil-to-europe-a-cultural-odyssey-of-relocation\/\" data-wpil-monitor-id=\"89\">Le dynamisme culturel de l'Espagne<\/a> paysage.<\/p>\n<p><\/p>\n<p><\/p>\n<h3 id=\"h-celebrate-spain\" class=\"wp-block-heading\">C\u00e9l\u00e9brer l'Espagne<\/h3>\n<p><\/p>\n<p><\/p>\n<h5 id=\"h-new-year-s-day-january-1st\" class=\"wp-block-heading\"><strong>Jour de l'An (1er janvier)<\/strong><\/h5>\n<p><\/p>\n<p><\/p>\n<p>L'Espagne c\u00e9l\u00e8bre le Nouvel An par des f\u00eates de rue anim\u00e9es, des feux d'artifice \u00e9blouissants et la traditionnelle f\u00eate de l'amour. <a href=\"https:\/\/relocations.io\/portugal-top-beaches-your-ultimate-guide\/\" data-wpil-monitor-id=\"62\">tradition<\/a> de manger douze raisins \u00e0 minuit. Chaque raisin symbolise la chance pour un mois de l'ann\u00e9e \u00e0 venir. L'atmosph\u00e8re festive est \u00e9lectrique et les c\u00e9l\u00e9brations se poursuivent jusqu'au petit matin.<\/p>\n<p><\/p>\n<p><\/p>\n<h5 id=\"h-epiphany-january-6th\" class=\"wp-block-heading\"><strong>\u00c9piphanie (6 janvier)<\/strong>\u00a0<\/h5>\n<p><\/p>\n<p><\/p>\n<p>Le jour des Rois mages, ou \u00c9piphanie, est un \u00e9v\u00e9nement majeur en Espagne, c\u00e9l\u00e9brant l'arriv\u00e9e des Rois mages pour honorer le nouveau-n\u00e9 J\u00e9sus. Des d\u00e9fil\u00e9s color\u00e9s, appel\u00e9s Cabalgatas, mettent en sc\u00e8ne les Rois mages qui distribuent des friandises et des petits cadeaux aux enfants, ajoutant ainsi une touche de magie \u00e0 cette journ\u00e9e.<\/p>\n<p><\/p>\n<p><\/p>\n<h5 id=\"h-good-friday-april-7th\" class=\"wp-block-heading\"><strong>Vendredi saint (7 avril)<\/strong>\u00a0<\/h5>\n<p><\/p>\n<p><\/p>\n<p>La Semana Santa, ou Semaine sainte, rev\u00eat une grande importance en Espagne. Le vendredi saint, les rues sont remplies de processions solennelles mais captivantes, avec des chars \u00e9labor\u00e9s et des statues religieuses, cr\u00e9ant une atmosph\u00e8re profonde dans les villes et les villages.<\/p>\n<p><\/p>\n<p><\/p>\n<h5 id=\"h-labor-day-may-1st\" class=\"wp-block-heading\"><strong>F\u00eate du travail (1er mai) :<\/strong><\/h5>\n<p><\/p>\n<p><\/p>\n<p>Le 1er mai rend hommage aux travailleurs par des manifestations, des d\u00e9fil\u00e9s et des \u00e9v\u00e9nements culturels organis\u00e9s par les syndicats et les associations. De nombreux Espagnols profitent \u00e9galement de ce jour de cong\u00e9 pour passer du temps dans les parcs ou \u00e0 la plage.<\/p>\n<p><\/p>\n<p><\/p>\n<h5 id=\"h-assumption-of-mary-august-15th\" class=\"wp-block-heading\"><strong>Assomption de Marie (15 ao\u00fbt)<\/strong>\u00a0<\/h5>\n<p><\/p>\n<p><\/p>\n<p>L'Assomption de Marie est marqu\u00e9e par des processions religieuses, l'\u00e9glise <a href=\"https:\/\/relocations.io\/services\/\" data-wpil-monitor-id=\"101\">services<\/a>Les f\u00eates de fin d'ann\u00e9e sont des \u00e9v\u00e9nements culturels qui se d\u00e9roulent dans toute l'Espagne. Dans des r\u00e9gions comme la Galice, les p\u00e8lerinages vers des sites religieux importants ajoutent une dimension spirituelle aux c\u00e9l\u00e9brations.<\/p>\n<p><\/p>\n<p><\/p>\n<h5 id=\"h-national-day-october-12th\" class=\"wp-block-heading\"><strong>F\u00eate nationale (12 octobre)<\/strong><\/h5>\n<p><\/p>\n<p><\/p>\n<p>La f\u00eate nationale de l'Espagne, ou Fiesta Nacional de Espa\u00f1a, comm\u00e9more l'arriv\u00e9e de Christophe Colomb aux Am\u00e9riques. Cette journ\u00e9e est marqu\u00e9e par des d\u00e9fil\u00e9s militaires \u00e0 Madrid, des c\u00e9r\u00e9monies de lever du drapeau et des \u00e9v\u00e9nements culturels c\u00e9l\u00e9brant le patrimoine diversifi\u00e9 de l'Espagne.<\/p>\n<p><\/p>\n<p><\/p>\n<h5 id=\"h-all-saints-day-november-1st\" class=\"wp-block-heading\"><strong>Toussaint (1er novembre)<\/strong><\/h5>\n<p><\/p>\n<p><\/p>\n<p>Le jour de la Toussaint, les Espagnols se souviennent de leurs proches d\u00e9c\u00e9d\u00e9s et leur rendent hommage. Les familles se rendent dans les cimeti\u00e8res pour nettoyer et d\u00e9corer les tombes et assistent \u00e0 des services religieux sp\u00e9ciaux, en pensant \u00e0 ceux qui sont d\u00e9c\u00e9d\u00e9s.<\/p>\n<p><\/p>\n<p><\/p>\n<h5 id=\"h-constitution-day-december-6th\" class=\"wp-block-heading\"><strong>Journ\u00e9e de la Constitution (6 d\u00e9cembre)<\/strong>\u00a0<\/h5>\n<p><\/p>\n<p><\/p>\n<p>Le jour de la Constitution marque l'approbation de la Constitution espagnole en 1978. Cette journ\u00e9e est c\u00e9l\u00e9br\u00e9e par des \u00e9v\u00e9nements officiels, des c\u00e9r\u00e9monies du drapeau et des discussions sur les principes et les valeurs d\u00e9mocratiques du pays.<\/p>\n<p><\/p>\n<p><\/p>\n<h5 id=\"h-immaculate-conception-december-8th\" class=\"wp-block-heading\"><strong>Immacul\u00e9e Conception (8 d\u00e9cembre)<\/strong><\/h5>\n<p><\/p>\n<p><\/p>\n<p>C\u00e9l\u00e9br\u00e9e par des services religieux et des processions, l'Immacul\u00e9e Conception honore la Vierge Marie. Dans des villes comme S\u00e9ville et Grenade, la journ\u00e9e est ponctu\u00e9e de danses traditionnelles et de spectacles culturels.<\/p>\n<p><\/p>\n<p><\/p>\n<h5 id=\"h-christmas-day-december-25th\" class=\"wp-block-heading\"><strong>Jour de No\u00ebl (25 d\u00e9cembre)<\/strong><\/h5>\n<p><\/p>\n<p><\/p>\n<p>En Espagne, No\u00ebl est l'occasion de r\u00e9unions de famille, de festins et de c\u00e9l\u00e9brations festives. Des d\u00e9corations \u00e9labor\u00e9es dans des villes comme Barcelone aux f\u00eates de fin d'ann\u00e9e anim\u00e9es, l'Espagne est un pays o\u00f9 les f\u00eates de fin d'ann\u00e9e se succ\u00e8dent. <a href=\"https:\/\/relocations.io\/exploring-the-enchantment-vigos-delightful-christmas-market\/\">March\u00e9s de No\u00ebl<\/a> \u00e0 Madrid, l'esprit de f\u00eate est tr\u00e8s pr\u00e9sent. Les Espagnols d\u00e9gustent des plats traditionnels tels que le turr\u00f3n et les fruits de mer, et assistent \u00e0 la messe de minuit la veille de No\u00ebl.<\/p>\n<p><\/p>\n<p><\/p>\n<h3 id=\"h-a-journey-through-its-holidays\" class=\"wp-block-heading\">Un voyage \u00e0 travers ses f\u00eates<\/h3>\n<p><\/p>\n<p><\/p>\n<p>En parcourant la tapisserie anim\u00e9e des pays de l'Espagne <a href=\"https:\/\/relocations.io\/portugal-2024-celebrate-national-holiday-tradition\/\" data-wpil-monitor-id=\"2\">f\u00eates nationales<\/a> en 2023, il est \u00e9vident que chaque c\u00e9l\u00e9bration est un reflet vibrant de la riche histoire du pays, de sa diversit\u00e9 religieuse et de sa culture anim\u00e9e. Que vous soyez emport\u00e9 par l'\u00e9nergie d'une procession de la Semana Santa ou que vous savouriez la joie de No\u00ebl dans un march\u00e9 espagnol anim\u00e9, les f\u00eates nationales espagnoles constituent un voyage dynamique et immersif. Plus pr\u00e9cis\u00e9ment, ces c\u00e9l\u00e9brations offrent un aper\u00e7u unique du c\u0153ur de ce pays captivant. Par exemple, alors que la Semana Santa vous plonge dans des traditions \u00e0 la fois solennelles et vibrantes, les march\u00e9s de No\u00ebl vous invitent \u00e0 faire l'exp\u00e9rience de la joie festive et de la chaleur collective. En outre, chaque f\u00eate d\u00e9voile diff\u00e9rents aspects de la riche tapisserie culturelle de l'Espagne. Par cons\u00e9quent, ces exp\u00e9riences r\u00e9v\u00e8lent collectivement la diversit\u00e9 et l'esprit de l'Espagne, rendant chaque moment de votre voyage \u00e0 la fois captivant et m\u00e9morable. \u00a1Viva Espa\u00f1a !<\/p>\n<p><\/p>\n<p><div class=\"wp-block-image\"><\/p>\n<figure class=\"aligncenter size-large\"><img fetchpriority=\"high\" decoding=\"async\" data-recalc-dims=\"1\" height=\"576\" width=\"1024\" class=\"wp-image-7397\" src=\"https:\/\/i0.wp.com\/relocations.io\/wp-content\/uploads\/2024\/02\/sp-holidays-b1.png?resize=1024%2C576&#038;ssl=1\" alt=\"Un voyage vibrant \u00e0 travers les f\u00eates nationales espagnoles en 2023\" srcset=\"https:\/\/i0.wp.com\/relocations.io\/wp-content\/uploads\/2024\/02\/sp-holidays-b1.png?w=1920&amp;ssl=1 1920w, https:\/\/i0.wp.com\/relocations.io\/wp-content\/uploads\/2024\/02\/sp-holidays-b1.png?resize=300%2C169&amp;ssl=1 300w, https:\/\/i0.wp.com\/relocations.io\/wp-content\/uploads\/2024\/02\/sp-holidays-b1.png?resize=1024%2C576&amp;ssl=1 1024w, https:\/\/i0.wp.com\/relocations.io\/wp-content\/uploads\/2024\/02\/sp-holidays-b1.png?resize=768%2C432&amp;ssl=1 768w, https:\/\/i0.wp.com\/relocations.io\/wp-content\/uploads\/2024\/02\/sp-holidays-b1.png?resize=1536%2C864&amp;ssl=1 1536w, https:\/\/i0.wp.com\/relocations.io\/wp-content\/uploads\/2024\/02\/sp-holidays-b1.png?resize=1170%2C658&amp;ssl=1 1170w, https:\/\/i0.wp.com\/relocations.io\/wp-content\/uploads\/2024\/02\/sp-holidays-b1.png?resize=50%2C28&amp;ssl=1 50w, https:\/\/i0.wp.com\/relocations.io\/wp-content\/uploads\/2024\/02\/sp-holidays-b1.png?resize=100%2C56&amp;ssl=1 100w\" sizes=\"(max-width: 1024px) 100vw, 1024px\" \/><\/figure>\n<p><\/div><\/p>\t\t\t\t\t\t\t\t<\/div>\n\t\t\t\t<\/div>\n\t\t\t\t\t<\/div>\n\t\t\t\t<\/div>\n\t\t\t\t<\/div>","protected":false},"excerpt":{"rendered":"<p>Entrez dans le c\u0153ur rythm\u00e9 de l'Espagne en explorant la tapisserie passionnante des f\u00eates nationales qui colorent le calendrier en 2023. Des rues anim\u00e9es de Madrid aux villes historiques d'Andalousie, le riche patrimoine culturel de l'Espagne et ses traditions pleines d'entrain prennent vie \u00e0 travers ses diverses c\u00e9l\u00e9brations. Rejoignez-nous pour un voyage actif \u00e0 travers les f\u00eates nationales de l'Espagne, en d\u00e9couvrant la signification de chaque festivit\u00e9 et en embrassant l'esprit passionn\u00e9 qui rend l'Espagne vraiment unique.<\/p>","protected":false},"author":2,"featured_media":8750,"comment_status":"closed","ping_status":"closed","sticky":false,"template":"","format":"standard","meta":{"_jetpack_memberships_contains_paid_content":false,"footnotes":""},"categories":[60,62],"tags":[93,70,71,69,82],"class_list":["post-7395","post","type-post","status-publish","format-standard","has-post-thumbnail","hentry","category-europe","category-spain","tag-holidays","tag-moving-to-europe","tag-relocations","tag-relocations-io-blog","tag-spain"],"jetpack_featured_media_url":"https:\/\/i0.wp.com\/relocations.io\/wp-content\/uploads\/2022\/11\/32.jpg?fit=1920%2C1080&ssl=1","jetpack-related-posts":[{"id":7537,"url":"https:\/\/relocations.io\/fr\/explorer-lenchantement-du-marche-de-noel-de-vigos\/","url_meta":{"origin":7395,"position":0},"title":"Explorer l'enchantement : Le d\u00e9licieux march\u00e9 de No\u00ebl de Vigo","author":"Relocations.io","date":"d\u00e9cembre 1, 2023","format":false,"excerpt":"During the holiday season, Vigo's Christmas market, set in the city's historic district, captivates with twinkling lights and artisanal stalls offering crafts, gifts, and Spanish culinary treats like churros and roasted chestnuts. The market, alive with the ambiance of holiday carols and festive decorations, also showcases traditional Galician queimada and\u2026","rel":"","context":"Dans &quot;Europe&quot;","block_context":{"text":"Europe","link":"https:\/\/relocations.io\/fr\/categorie\/leurope\/"},"img":{"alt_text":"","src":"https:\/\/i0.wp.com\/relocations.io\/wp-content\/uploads\/2022\/11\/51.jpg?fit=1200%2C675&ssl=1&resize=350%2C200","width":350,"height":200,"srcset":"https:\/\/i0.wp.com\/relocations.io\/wp-content\/uploads\/2022\/11\/51.jpg?fit=1200%2C675&ssl=1&resize=350%2C200 1x, https:\/\/i0.wp.com\/relocations.io\/wp-content\/uploads\/2022\/11\/51.jpg?fit=1200%2C675&ssl=1&resize=525%2C300 1.5x, https:\/\/i0.wp.com\/relocations.io\/wp-content\/uploads\/2022\/11\/51.jpg?fit=1200%2C675&ssl=1&resize=700%2C400 2x, https:\/\/i0.wp.com\/relocations.io\/wp-content\/uploads\/2022\/11\/51.jpg?fit=1200%2C675&ssl=1&resize=1050%2C600 3x"},"classes":[]},{"id":7401,"url":"https:\/\/relocations.io\/fr\/du-bresil-a-leurope-une-odyssee-culturelle-de-la-relocalisation\/","url_meta":{"origin":7395,"position":1},"title":"Du Br\u00e9sil \u00e0 l'Europe : Une odyss\u00e9e culturelle de la d\u00e9localisation","author":"Relocations.io","date":"mars 1, 2024","format":false,"excerpt":"Embark on a cultural journey as Brazilians move from Brazil to Europe, seeking new opportunities. From Portugal's laid-back shores to Spain's bustling streets, each destination offers unique experiences. Join them as they embrace new beginnings in France, Italy, and Belgium, enriching Europe's tapestry of diversity.","rel":"","context":"Dans &quot;Belgium&quot;","block_context":{"text":"Belgium","link":"https:\/\/relocations.io\/fr\/categorie\/leurope\/belgique\/"},"img":{"alt_text":"","src":"https:\/\/i0.wp.com\/relocations.io\/wp-content\/uploads\/2022\/11\/33.jpg?fit=1200%2C675&ssl=1&resize=350%2C200","width":350,"height":200,"srcset":"https:\/\/i0.wp.com\/relocations.io\/wp-content\/uploads\/2022\/11\/33.jpg?fit=1200%2C675&ssl=1&resize=350%2C200 1x, https:\/\/i0.wp.com\/relocations.io\/wp-content\/uploads\/2022\/11\/33.jpg?fit=1200%2C675&ssl=1&resize=525%2C300 1.5x, https:\/\/i0.wp.com\/relocations.io\/wp-content\/uploads\/2022\/11\/33.jpg?fit=1200%2C675&ssl=1&resize=700%2C400 2x, https:\/\/i0.wp.com\/relocations.io\/wp-content\/uploads\/2022\/11\/33.jpg?fit=1200%2C675&ssl=1&resize=1050%2C600 3x"},"classes":[]},{"id":7390,"url":"https:\/\/relocations.io\/fr\/feter-le-portugal-un-guide-des-fetes-nationales-en-2023\/","url_meta":{"origin":7395,"position":2},"title":"C\u00e9l\u00e9brez le Portugal : Guide des f\u00eates nationales en 2023","author":"Relocations.io","date":"mars 1, 2023","format":false,"excerpt":"From the lively street parties of New Year's Day to the solemn remembrance of All Saints' Day, Portugal's national holidays offer a vibrant tapestry of culture, history, and celebration. Whether you're marveling at the colorful Carnaval parades or joining in the festivities of Portugal Day, each holiday provides a unique\u2026","rel":"","context":"Dans &quot;Europe&quot;","block_context":{"text":"Europe","link":"https:\/\/relocations.io\/fr\/categorie\/leurope\/"},"img":{"alt_text":"","src":"https:\/\/i0.wp.com\/relocations.io\/wp-content\/uploads\/2022\/11\/28.jpg?fit=1200%2C675&ssl=1&resize=350%2C200","width":350,"height":200,"srcset":"https:\/\/i0.wp.com\/relocations.io\/wp-content\/uploads\/2022\/11\/28.jpg?fit=1200%2C675&ssl=1&resize=350%2C200 1x, https:\/\/i0.wp.com\/relocations.io\/wp-content\/uploads\/2022\/11\/28.jpg?fit=1200%2C675&ssl=1&resize=525%2C300 1.5x, https:\/\/i0.wp.com\/relocations.io\/wp-content\/uploads\/2022\/11\/28.jpg?fit=1200%2C675&ssl=1&resize=700%2C400 2x, https:\/\/i0.wp.com\/relocations.io\/wp-content\/uploads\/2022\/11\/28.jpg?fit=1200%2C675&ssl=1&resize=1050%2C600 3x"},"classes":[]},{"id":7380,"url":"https:\/\/relocations.io\/fr\/le-nouvel-an-a-la-decouverte-des-traditions-europeennes-du-nouvel-an\/","url_meta":{"origin":7395,"position":3},"title":"La nouvelle ann\u00e9e commence : A la d\u00e9couverte des traditions europ\u00e9ennes du Nouvel An","author":"Relocations.io","date":"janvier 1, 2023","format":false,"excerpt":"Exploring European New Year\u2019s Traditions As the clock strikes midnight on December 31st, Europe bursts into vibrant New Year\u2019s Eve celebrations. The continent\u2019s traditions highlight its rich cultural diversity, making each celebration unique and memorable. Fireworks and Grand Displays In Europe, fireworks are a central feature of New Year's Eve.\u2026","rel":"","context":"Dans &quot;Europe&quot;","block_context":{"text":"Europe","link":"https:\/\/relocations.io\/fr\/categorie\/leurope\/"},"img":{"alt_text":"","src":"https:\/\/i0.wp.com\/relocations.io\/wp-content\/uploads\/2023\/01\/New-Year.jpg?fit=1200%2C675&ssl=1&resize=350%2C200","width":350,"height":200,"srcset":"https:\/\/i0.wp.com\/relocations.io\/wp-content\/uploads\/2023\/01\/New-Year.jpg?fit=1200%2C675&ssl=1&resize=350%2C200 1x, https:\/\/i0.wp.com\/relocations.io\/wp-content\/uploads\/2023\/01\/New-Year.jpg?fit=1200%2C675&ssl=1&resize=525%2C300 1.5x, https:\/\/i0.wp.com\/relocations.io\/wp-content\/uploads\/2023\/01\/New-Year.jpg?fit=1200%2C675&ssl=1&resize=700%2C400 2x, https:\/\/i0.wp.com\/relocations.io\/wp-content\/uploads\/2023\/01\/New-Year.jpg?fit=1200%2C675&ssl=1&resize=1050%2C600 3x"},"classes":[]},{"id":7368,"url":"https:\/\/relocations.io\/fr\/laction-de-grace-en-europe\/","url_meta":{"origin":7395,"position":4},"title":"Thanksgiving en Europe","author":"Relocations.io","date":"novembre 1, 2022","format":false,"excerpt":"Malgr\u00e9 ses racines historiques, Thanksgiving n'a pas \u00e9t\u00e9 adopt\u00e9 comme f\u00eate g\u00e9n\u00e9ralis\u00e9e en Europe.","rel":"","context":"Dans &quot;Europe&quot;","block_context":{"text":"Europe","link":"https:\/\/relocations.io\/fr\/categorie\/leurope\/"},"img":{"alt_text":"","src":"https:\/\/i0.wp.com\/relocations.io\/wp-content\/uploads\/2022\/11\/21.jpg?fit=1200%2C675&ssl=1&resize=350%2C200","width":350,"height":200,"srcset":"https:\/\/i0.wp.com\/relocations.io\/wp-content\/uploads\/2022\/11\/21.jpg?fit=1200%2C675&ssl=1&resize=350%2C200 1x, https:\/\/i0.wp.com\/relocations.io\/wp-content\/uploads\/2022\/11\/21.jpg?fit=1200%2C675&ssl=1&resize=525%2C300 1.5x, https:\/\/i0.wp.com\/relocations.io\/wp-content\/uploads\/2022\/11\/21.jpg?fit=1200%2C675&ssl=1&resize=700%2C400 2x, https:\/\/i0.wp.com\/relocations.io\/wp-content\/uploads\/2022\/11\/21.jpg?fit=1200%2C675&ssl=1&resize=1050%2C600 3x"},"classes":[]},{"id":7385,"url":"https:\/\/relocations.io\/fr\/donnees-de-la-saint-valentin\/","url_meta":{"origin":7395,"position":5},"title":"L'amour \u00e0 travers le continent : Les traditions de la Saint-Valentin en Europe et au-del\u00e0","author":"Relocations.io","date":"f\u00e9vrier 1, 2023","format":false,"excerpt":"Valentine\u2019s Day Traditions Across Europe: A Romantic Tour As February 14th draws near, love blossoms worldwide, but nowhere does it shine quite like in Europe. From the sunlit shores of Portugal to the charming streets of Paris, Valentine\u2019s Day in Europe is a grand celebration of romance, tradition, and heartfelt\u2026","rel":"","context":"Dans &quot;Belgium&quot;","block_context":{"text":"Belgium","link":"https:\/\/relocations.io\/fr\/categorie\/leurope\/belgique\/"},"img":{"alt_text":"","src":"https:\/\/i0.wp.com\/relocations.io\/wp-content\/uploads\/2022\/11\/27.jpg?fit=1200%2C675&ssl=1&resize=350%2C200","width":350,"height":200,"srcset":"https:\/\/i0.wp.com\/relocations.io\/wp-content\/uploads\/2022\/11\/27.jpg?fit=1200%2C675&ssl=1&resize=350%2C200 1x, https:\/\/i0.wp.com\/relocations.io\/wp-content\/uploads\/2022\/11\/27.jpg?fit=1200%2C675&ssl=1&resize=525%2C300 1.5x, https:\/\/i0.wp.com\/relocations.io\/wp-content\/uploads\/2022\/11\/27.jpg?fit=1200%2C675&ssl=1&resize=700%2C400 2x, https:\/\/i0.wp.com\/relocations.io\/wp-content\/uploads\/2022\/11\/27.jpg?fit=1200%2C675&ssl=1&resize=1050%2C600 3x"},"classes":[]}],"jetpack_sharing_enabled":true,"_links":{"self":[{"href":"https:\/\/relocations.io\/fr\/wp-json\/wp\/v2\/posts\/7395","targetHints":{"allow":["GET"]}}],"collection":[{"href":"https:\/\/relocations.io\/fr\/wp-json\/wp\/v2\/posts"}],"about":[{"href":"https:\/\/relocations.io\/fr\/wp-json\/wp\/v2\/types\/post"}],"author":[{"embeddable":true,"href":"https:\/\/relocations.io\/fr\/wp-json\/wp\/v2\/users\/2"}],"replies":[{"embeddable":true,"href":"https:\/\/relocations.io\/fr\/wp-json\/wp\/v2\/comments?post=7395"}],"version-history":[{"count":0,"href":"https:\/\/relocations.io\/fr\/wp-json\/wp\/v2\/posts\/7395\/revisions"}],"wp:featuredmedia":[{"embeddable":true,"href":"https:\/\/relocations.io\/fr\/wp-json\/wp\/v2\/media\/8750"}],"wp:attachment":[{"href":"https:\/\/relocations.io\/fr\/wp-json\/wp\/v2\/media?parent=7395"}],"wp:term":[{"taxonomy":"category","embeddable":true,"href":"https:\/\/relocations.io\/fr\/wp-json\/wp\/v2\/categories?post=7395"},{"taxonomy":"post_tag","embeddable":true,"href":"https:\/\/relocations.io\/fr\/wp-json\/wp\/v2\/tags?post=7395"}],"curies":[{"name":"wp","href":"https:\/\/api.w.org\/{rel}","templated":true}]}}