{"id":7390,"date":"2023-03-01T10:00:00","date_gmt":"2023-03-01T10:00:00","guid":{"rendered":"https:\/\/relocations.io\/?p=7390"},"modified":"2024-09-06T12:24:06","modified_gmt":"2024-09-06T11:24:06","slug":"feter-le-portugal-un-guide-des-fetes-nationales-en-2023","status":"publish","type":"post","link":"https:\/\/relocations.io\/fr\/feter-le-portugal-un-guide-des-fetes-nationales-en-2023\/","title":{"rendered":"C\u00e9l\u00e9brez le Portugal : Guide des f\u00eates nationales en 2023"},"content":{"rendered":"<div data-elementor-type=\"wp-post\" data-elementor-id=\"7390\" class=\"elementor elementor-7390\" data-elementor-settings=\"{&quot;ha_cmc_init_switcher&quot;:&quot;no&quot;}\" data-elementor-post-type=\"post\">\n\t\t\t\t<div class=\"elementor-element elementor-element-49d737fd e-flex e-con-boxed e-con e-parent\" data-id=\"49d737fd\" data-element_type=\"container\" data-settings=\"{&quot;_ha_eqh_enable&quot;:false}\">\n\t\t\t\t\t<div class=\"e-con-inner\">\n\t\t\t\t<div class=\"elementor-element elementor-element-9ed16f7 elementor-widget elementor-widget-heading\" data-id=\"9ed16f7\" data-element_type=\"widget\" data-widget_type=\"heading.default\">\n\t\t\t\t<div class=\"elementor-widget-container\">\n\t\t\t\t\t<h2 class=\"elementor-heading-title elementor-size-default\">Guide des f\u00eates nationales en 2023\n<\/h2>\t\t\t\t<\/div>\n\t\t\t\t<\/div>\n\t\t\t\t<div class=\"elementor-element elementor-element-48a8a734 elementor-widget elementor-widget-text-editor\" data-id=\"48a8a734\" data-element_type=\"widget\" data-widget_type=\"text-editor.default\">\n\t\t\t\t<div class=\"elementor-widget-container\">\n\t\t\t\t\t\t\t\t\t\n<p><br \/>C'est le c\u0153ur vibrant de l'Europe du Sud, <a href=\"https:\/\/relocations.io\/your-guide-to-visa-requirements-and-citizenship-in-portugal-navigating-your-path-to-a-new-life\/\">Portugal<\/a> s'enorgueillit d'une riche tapisserie de f\u00eates nationales qui refl\u00e8tent son patrimoine culturel, son importance historique et son esprit de c\u00e9l\u00e9bration. Des festivals traditionnels ancr\u00e9s dans des traditions s\u00e9culaires aux comm\u00e9morations modernes de l'ind\u00e9pendance et de la d\u00e9mocratie, chaque f\u00eate offre un aper\u00e7u unique de l'\u00e2me de ce pays enchanteur. Explorons les f\u00eates nationales du Portugal en 2023, en d\u00e9couvrant leur signification et en montrant comment les gens les c\u00e9l\u00e8brent dans tout le pays.<\/p>\n\n<h5 id=\"h-new-year-s-day-january-1st\" class=\"wp-block-heading\"><strong>Jour de l'An (1er janvier)<\/strong><\/h5>\n\n<p>Le Portugal entame l'ann\u00e9e avec des c\u00e9l\u00e9brations jubilatoires pour accueillir la nouvelle ann\u00e9e. Des f\u00eates de rue anim\u00e9es \u00e0 Lisbonne et Porto aux rassemblements festifs sur les places des villages \u00e0 travers le pays, les Portugais f\u00eatent la nouvelle ann\u00e9e avec des feux d'artifice, de la musique et de l'animation. <a href=\"https:\/\/relocations.io\/exploring-the-enchantment-vigos-delightful-christmas-market\/\" data-wpil-monitor-id=\"124\">traditionnelle<\/a> des plats comme le bacalhau (morue) et le bolo-rei (g\u00e2teau des rois).<\/p>\n\n<h5 id=\"h-carnaval-february-27th\" class=\"wp-block-heading\"><strong>Carnaval (27 f\u00e9vrier)<\/strong><\/h5>\n\n<p>Pendant le carnaval, les rues du Portugal d\u00e9bordent de couleurs et d'enthousiasme. Pendant ce temps, la nation se d\u00e9lecte de festivit\u00e9s vibrantes, anticipant avec impatience l'arriv\u00e9e du car\u00eame. Attendez-vous \u00e0 des d\u00e9fil\u00e9s \u00e9labor\u00e9s, \u00e0 des bals masqu\u00e9s vibrants, \u00e0 des spectacles de rue anim\u00e9s et \u00e0 des danses de samba \u00e9nergiques. Cette p\u00e9riode de festivit\u00e9s est l'occasion de se faire plaisir et de s'amuser, et constitue un joyeux pr\u00e9lude \u00e0 la p\u00e9riode plus solennelle du car\u00eame.<\/p>\n\n<h5 id=\"h-freedom-day-april-25th\" class=\"wp-block-heading\"><strong>F\u00eate de la libert\u00e9 (25 avril)<\/strong><\/h5>\n\n<p>Le 25 avril, le Portugal comm\u00e9more la r\u00e9volution des \u0153illets de 1974, un \u00e9v\u00e9nement crucial qui a renvers\u00e9 le r\u00e9gime autoritaire de l'Estado Novo et instaur\u00e9 la d\u00e9mocratie. La f\u00eate de la libert\u00e9 est marqu\u00e9e par des d\u00e9fil\u00e9s vibrants, des concerts anim\u00e9s et divers \u00e9v\u00e9nements culturels. Ces c\u00e9l\u00e9brations rendent hommage \u00e0 la lutte du pays pour la libert\u00e9 et la d\u00e9mocratie, refl\u00e9tant l'importance de cette transformation historique.<\/p>\n\n<h5 id=\"h-labor-day-may-1st\" class=\"wp-block-heading\"><strong>F\u00eate du travail (1er mai)<\/strong><\/h5>\n\n<p>Le 1er mai est une journ\u00e9e destin\u00e9e \u00e0 honorer les travailleurs et leurs contributions \u00e0 la soci\u00e9t\u00e9. En <a href=\"https:\/\/relocations.io\/moving-from-canada-to-portugal-a-comprehensive-guide\/\" data-wpil-monitor-id=\"110\">Portugal<\/a>La f\u00eate du travail est marqu\u00e9e par des rassemblements, des manifestations et des activit\u00e9s culturelles organis\u00e9s par les syndicats et les associations de travailleurs. C'est aussi l'occasion de pique-niquer, d'assister \u00e0 des concerts en plein air et de se r\u00e9unir en famille.<\/p>\n\n<h5 id=\"h-portugal-day-june-10th\" class=\"wp-block-heading\"><strong>Journ\u00e9e du Portugal (10 juin)<\/strong><\/h5>\n\n<p>La Journ\u00e9e du Portugal honore la mort de Lu\u00eds de Cam\u00f5es, le po\u00e8te national du Portugal, tout en c\u00e9l\u00e9brant le riche patrimoine culturel et les r\u00e9alisations de la nation. Les festivit\u00e9s organis\u00e9es ce jour-l\u00e0 comprennent des c\u00e9r\u00e9monies de lever du drapeau, des concerts anim\u00e9s, des foires de rue vibrantes et des spectacles folkloriques traditionnels. Ensemble, ces \u00e9v\u00e9nements mettent en lumi\u00e8re les aspects divers et durables de la culture portugaise.<\/p>\n\n<h5 id=\"h-assumption-of-mary-august-15th\" class=\"wp-block-heading\"><strong>Assomption de Marie (15 ao\u00fbt)<\/strong><\/h5>\n\n<p>L'Assomption de Marie est une f\u00eate religieuse importante au Portugal, qui c\u00e9l\u00e8bre la mont\u00e9e au ciel de la Vierge Marie. Ce jour de c\u00e9l\u00e9bration est marqu\u00e9 par la pr\u00e9sence d'une \u00e9glise <a href=\"https:\/\/relocations.io\/services\/\" data-wpil-monitor-id=\"102\">services<\/a>Les fid\u00e8les peuvent ainsi honorer son ascension sacr\u00e9e et approfondir leur lien spirituel.<\/p>\n\n<h5 id=\"h-republic-day-october-5th\" class=\"wp-block-heading\"><strong>F\u00eate de la R\u00e9publique (5 octobre)<\/strong><\/h5>\n\n<p>Le 5 octobre, le Portugal comm\u00e9more la fondation de la premi\u00e8re R\u00e9publique portugaise en 1910. Cet \u00e9v\u00e9nement capital a non seulement mis fin \u00e0 des si\u00e8cles de monarchie, mais a \u00e9galement instaur\u00e9 une forme r\u00e9publicaine de gouvernement. Pour marquer le Jour de la R\u00e9publique, le pays organise des c\u00e9r\u00e9monies de lever du drapeau, des d\u00e9fil\u00e9s vibrants et divers \u00e9v\u00e9nements culturels. Ces c\u00e9l\u00e9brations honorent collectivement l'h\u00e9ritage r\u00e9publicain et les valeurs d\u00e9mocratiques du Portugal, refl\u00e9tant l'importance de cette \u00e9tape historique.<\/p>\n\n<h5 id=\"h-all-saints-day-november-1st\" class=\"wp-block-heading\"><strong>Toussaint (1er novembre)<\/strong><\/h5>\n\n<p>La Toussaint est une f\u00eate religieuse solennelle au Portugal qui honore tous les saints et les martyrs. Il s'agit d'une journ\u00e9e consacr\u00e9e au souvenir et \u00e0 la r\u00e9flexion, caract\u00e9ris\u00e9e par des services religieux, des visites aux cimeti\u00e8res pour rendre hommage aux proches d\u00e9c\u00e9d\u00e9s et des rassemblements familiaux importants. L'ensemble de ces activit\u00e9s permet aux fid\u00e8les d'honorer les d\u00e9funts et de c\u00e9l\u00e9brer la vie des saints.<\/p>\n\n<h5 id=\"h-restoration-of-independence-december-1st\" class=\"wp-block-heading\"><strong>Restauration de l'ind\u00e9pendance (1er d\u00e9cembre)<\/strong><\/h5>\n\n<p>Le 1er d\u00e9cembre marque l'anniversaire de la restauration de l'ind\u00e9pendance du Portugal par rapport \u00e0 la domination espagnole en 1640. La Journ\u00e9e de la restauration de l'ind\u00e9pendance est c\u00e9l\u00e9br\u00e9e par des c\u00e9r\u00e9monies de lever du drapeau, des reconstitutions historiques et des \u00e9v\u00e9nements culturels. Ces activit\u00e9s rendent hommage \u00e0 la lutte du Portugal pour sa souverainet\u00e9 et comm\u00e9morent le moment crucial o\u00f9 la nation a retrouv\u00e9 son ind\u00e9pendance.<\/p>\n\n<h5 id=\"h-christmas-day-december-25th\" class=\"wp-block-heading\"><strong>Jour de No\u00ebl (25 d\u00e9cembre)<\/strong><\/h5>\n\n<p><a href=\"https:\/\/relocations.io\/portugal-top-beaches-your-ultimate-guide\/\" data-wpil-monitor-id=\"50\">Le Portugal c\u00e9l\u00e8bre<\/a> No\u00ebl est un riche m\u00e9lange d'observance religieuse et de traditions festives. La saison commence avec la messe de minuit et des sc\u00e8nes de la nativit\u00e9 pleines de vie. Les familles se r\u00e9unissent pour des rassemblements et des festins joyeux, autour de plats traditionnels tels que le bacalhau (morue) et les rabanadas (pain perdu portugais). Cette p\u00e9riode de l'ann\u00e9e est marqu\u00e9e par un esprit de joie, de rassemblement et de bonne volont\u00e9, refl\u00e9tant la chaleur et l'unit\u00e9 des f\u00eates de fin d'ann\u00e9e.<\/p>\n\n<p>Comme nous <a href=\"https:\/\/relocations.io\/portugal-2024-celebrate-national-holiday-tradition\/\" data-wpil-monitor-id=\"1\">D\u00e9couvrez les f\u00eates nationales du Portugal<\/a> en 2023, nous d\u00e9couvrons une vibrante tapisserie de culture, d'histoire et de c\u00e9l\u00e9brations qui incarne l'esprit de ce pays enchanteur. Des c\u00e9l\u00e9brations joyeuses du Nouvel An \u00e0 la solennit\u00e9 r\u00e9fl\u00e9chie de la Toussaint, chaque jour f\u00e9ri\u00e9 offre une occasion unique de s'engager dans la vie du pays. <a href=\"https:\/\/relocations.io\/from-brazil-to-europe-a-cultural-odyssey-of-relocation\/\" data-wpil-monitor-id=\"84\">Le riche patrimoine culturel et les traditions du Portugal<\/a>. Que vous exploriez les rues anim\u00e9es de Lisbonne ou que vous vous impr\u00e9gniez du charme paisible des villages de l'Algarve, ne manquez pas de vous immerger dans les festivit\u00e9s locales. Vous appr\u00e9cierez ainsi pleinement les c\u00e9l\u00e9brations vibrantes qui d\u00e9finissent le paysage culturel unique du Portugal. En participant \u00e0 ces c\u00e9l\u00e9brations, vous ferez pleinement l'exp\u00e9rience de la magie et de l'atmosph\u00e8re unique des f\u00eates nationales du Portugal.<\/p>\n<div class=\"wp-block-image\">\n<figure class=\"aligncenter size-large\"><img fetchpriority=\"high\" decoding=\"async\" data-recalc-dims=\"1\" height=\"576\" width=\"1024\" class=\"wp-image-7392\" src=\"https:\/\/i0.wp.com\/relocations.io\/wp-content\/uploads\/2024\/02\/pt-holidays-b2.png?resize=1024%2C576&#038;ssl=1\" alt=\"Guide des f\u00eates nationales au Portugal \" srcset=\"https:\/\/i0.wp.com\/relocations.io\/wp-content\/uploads\/2024\/02\/pt-holidays-b2.png?w=1920&amp;ssl=1 1920w, https:\/\/i0.wp.com\/relocations.io\/wp-content\/uploads\/2024\/02\/pt-holidays-b2.png?resize=300%2C169&amp;ssl=1 300w, https:\/\/i0.wp.com\/relocations.io\/wp-content\/uploads\/2024\/02\/pt-holidays-b2.png?resize=1024%2C576&amp;ssl=1 1024w, https:\/\/i0.wp.com\/relocations.io\/wp-content\/uploads\/2024\/02\/pt-holidays-b2.png?resize=768%2C432&amp;ssl=1 768w, https:\/\/i0.wp.com\/relocations.io\/wp-content\/uploads\/2024\/02\/pt-holidays-b2.png?resize=1536%2C864&amp;ssl=1 1536w, https:\/\/i0.wp.com\/relocations.io\/wp-content\/uploads\/2024\/02\/pt-holidays-b2.png?resize=1170%2C658&amp;ssl=1 1170w, https:\/\/i0.wp.com\/relocations.io\/wp-content\/uploads\/2024\/02\/pt-holidays-b2.png?resize=50%2C28&amp;ssl=1 50w, https:\/\/i0.wp.com\/relocations.io\/wp-content\/uploads\/2024\/02\/pt-holidays-b2.png?resize=100%2C56&amp;ssl=1 100w\" sizes=\"(max-width: 1024px) 100vw, 1024px\" \/><\/figure>\n<\/div>\t\t\t\t\t\t\t\t<\/div>\n\t\t\t\t<\/div>\n\t\t\t\t\t<\/div>\n\t\t\t\t<\/div>\n\t\t\t\t<\/div>","protected":false},"excerpt":{"rendered":"<p>Des f\u00eates de rue anim\u00e9es du Nouvel An \u00e0 la comm\u00e9moration solennelle de la Toussaint, les f\u00eates nationales du Portugal offrent une vibrante tapisserie de culture, d'histoire et de c\u00e9l\u00e9brations. Que vous vous \u00e9merveilliez devant les d\u00e9fil\u00e9s color\u00e9s du Carnaval ou que vous participiez aux festivit\u00e9s de la Journ\u00e9e du Portugal, chaque f\u00eate est une occasion unique de vous immerger dans les riches traditions et l'h\u00e9ritage de ce pays enchanteur. Venez donc explorer l'esprit de jubilation des f\u00eates nationales du Portugal et vivez la magie par vous-m\u00eame.\"<\/p>","protected":false},"author":2,"featured_media":8751,"comment_status":"closed","ping_status":"closed","sticky":false,"template":"","format":"standard","meta":{"_jetpack_memberships_contains_paid_content":false,"footnotes":""},"categories":[60,61],"tags":[93,70,92,142,71,90],"class_list":["post-7390","post","type-post","status-publish","format-standard","has-post-thumbnail","hentry","category-europe","category-portugal","tag-holidays","tag-moving-to-europe","tag-portugal","tag-relocate","tag-relocations","tag-tradition"],"jetpack_featured_media_url":"https:\/\/i0.wp.com\/relocations.io\/wp-content\/uploads\/2022\/11\/28.jpg?fit=1920%2C1080&ssl=1","jetpack-related-posts":[{"id":9038,"url":"https:\/\/relocations.io\/fr\/nouveaux-vols-directs-de-montreal-a-porto\/","url_meta":{"origin":7390,"position":0},"title":"De nouveaux vols directs vers le Canada stimulent le tourisme entre le Portugal et le Canada","author":"Relocations.io","date":"ao\u00fbt 27, 2024","format":false,"excerpt":"A new direct flight route by Air Canada connecting Montreal, Canada, and Porto, Portugal. This service offers a convenient travel option for tourists and the Portuguese community in Canada. It highlights the benefits of the direct flight, including saving time and enhancing travel comfort, and also promotes Porto as an\u2026","rel":"","context":"Dans &quot;Canada&quot;","block_context":{"text":"Canada","link":"https:\/\/relocations.io\/fr\/categorie\/canada\/"},"img":{"alt_text":"","src":"https:\/\/i0.wp.com\/relocations.io\/wp-content\/uploads\/2024\/08\/New-Flights.jpg?fit=1200%2C600&ssl=1&resize=350%2C200","width":350,"height":200,"srcset":"https:\/\/i0.wp.com\/relocations.io\/wp-content\/uploads\/2024\/08\/New-Flights.jpg?fit=1200%2C600&ssl=1&resize=350%2C200 1x, https:\/\/i0.wp.com\/relocations.io\/wp-content\/uploads\/2024\/08\/New-Flights.jpg?fit=1200%2C600&ssl=1&resize=525%2C300 1.5x, https:\/\/i0.wp.com\/relocations.io\/wp-content\/uploads\/2024\/08\/New-Flights.jpg?fit=1200%2C600&ssl=1&resize=700%2C400 2x, https:\/\/i0.wp.com\/relocations.io\/wp-content\/uploads\/2024\/08\/New-Flights.jpg?fit=1200%2C600&ssl=1&resize=1050%2C600 3x"},"classes":[]},{"id":7427,"url":"https:\/\/relocations.io\/fr\/votre-guide-sur-les-exigences-en-matiere-de-visa-et-de-citoyennete-au-portugal-naviguer-sur-le-chemin-dune-nouvelle-vie\/","url_meta":{"origin":7390,"position":1},"title":"Votre guide des exigences en mati\u00e8re de visa et de citoyennet\u00e9 au Portugal : Naviguer sur le chemin d'une nouvelle vie","author":"Relocations.io","date":"juin 1, 2024","format":false,"excerpt":"D\u00e9couvrez les \u00e9tapes essentielles de l'installation au Portugal, des exigences en mati\u00e8re de visa aux proc\u00e9dures de citoyennet\u00e9. Notre guide simplifie le processus et garantit une transition en douceur vers votre nouvelle vie dans ce pays captivant.","rel":"","context":"Dans &quot;Europe&quot;","block_context":{"text":"Europe","link":"https:\/\/relocations.io\/fr\/categorie\/leurope\/"},"img":{"alt_text":"","src":"https:\/\/i0.wp.com\/relocations.io\/wp-content\/uploads\/2022\/11\/41.jpg?fit=1200%2C675&ssl=1&resize=350%2C200","width":350,"height":200,"srcset":"https:\/\/i0.wp.com\/relocations.io\/wp-content\/uploads\/2022\/11\/41.jpg?fit=1200%2C675&ssl=1&resize=350%2C200 1x, https:\/\/i0.wp.com\/relocations.io\/wp-content\/uploads\/2022\/11\/41.jpg?fit=1200%2C675&ssl=1&resize=525%2C300 1.5x, https:\/\/i0.wp.com\/relocations.io\/wp-content\/uploads\/2022\/11\/41.jpg?fit=1200%2C675&ssl=1&resize=700%2C400 2x, https:\/\/i0.wp.com\/relocations.io\/wp-content\/uploads\/2022\/11\/41.jpg?fit=1200%2C675&ssl=1&resize=1050%2C600 3x"},"classes":[]},{"id":7406,"url":"https:\/\/relocations.io\/fr\/les-bresiliens-qui-sinstallent-au-portugal-saisissent-de-nouvelles-opportunites-dans-le-cadre-dune-histoire-commune\/","url_meta":{"origin":7390,"position":2},"title":"Les Br\u00e9siliens s'installent au Portugal : Saisir de nouvelles opportunit\u00e9s dans le cadre d'une histoire commune","author":"Relocations.io","date":"juillet 1, 2023","format":false,"excerpt":"Explorez les liens historiques entre le Br\u00e9sil et le Portugal, alors que les Br\u00e9siliens cherchent de nouvelles opportunit\u00e9s dans le pays de leur pass\u00e9 colonial. Avec une langue et des affinit\u00e9s culturelles communes, le Portugal offre un environnement accueillant pour les Br\u00e9siliens qui peuvent prosp\u00e9rer dans divers secteurs, de la technologie au tourisme.","rel":"","context":"Dans &quot;Europe&quot;","block_context":{"text":"Europe","link":"https:\/\/relocations.io\/fr\/categorie\/leurope\/"},"img":{"alt_text":"","src":"https:\/\/i0.wp.com\/relocations.io\/wp-content\/uploads\/2022\/11\/36.jpg?fit=1200%2C675&ssl=1&resize=350%2C200","width":350,"height":200,"srcset":"https:\/\/i0.wp.com\/relocations.io\/wp-content\/uploads\/2022\/11\/36.jpg?fit=1200%2C675&ssl=1&resize=350%2C200 1x, https:\/\/i0.wp.com\/relocations.io\/wp-content\/uploads\/2022\/11\/36.jpg?fit=1200%2C675&ssl=1&resize=525%2C300 1.5x, https:\/\/i0.wp.com\/relocations.io\/wp-content\/uploads\/2022\/11\/36.jpg?fit=1200%2C675&ssl=1&resize=700%2C400 2x, https:\/\/i0.wp.com\/relocations.io\/wp-content\/uploads\/2022\/11\/36.jpg?fit=1200%2C675&ssl=1&resize=1050%2C600 3x"},"classes":[]},{"id":8107,"url":"https:\/\/relocations.io\/fr\/portugal-2024-celebre-la-tradition-de-la-fete-nationale\/","url_meta":{"origin":7390,"position":3},"title":"Explorer les 2024 f\u00eates nationales du Portugal : Guide des c\u00e9l\u00e9brations culturelles","author":"Relocations.io","date":"ao\u00fbt 12, 2024","format":false,"excerpt":"Les 2024 jours f\u00e9ri\u00e9s nationaux du Portugal offrent une riche exp\u00e9rience de sa culture, de son histoire et de ses traditions. Les principaux jours f\u00e9ri\u00e9s sont le jour de l'an, le carnaval, la f\u00eate de la libert\u00e9, la f\u00eate du Portugal et No\u00ebl. Chaque jour f\u00e9ri\u00e9 donne lieu \u00e0 des c\u00e9l\u00e9brations uniques, qu'il s'agisse de d\u00e9fil\u00e9s, de c\u00e9r\u00e9monies religieuses, de rassemblements familiaux ou d'\u00e9v\u00e9nements publics, qui donnent un aper\u00e7u de la vie portugaise.","rel":"","context":"Dans &quot;Cultural Activities&quot;","block_context":{"text":"Cultural Activities","link":"https:\/\/relocations.io\/fr\/categorie\/leurope\/les-activites-culturelles\/"},"img":{"alt_text":"","src":"https:\/\/i0.wp.com\/relocations.io\/wp-content\/uploads\/2024\/08\/18-1.jpg?fit=1200%2C675&ssl=1&resize=350%2C200","width":350,"height":200,"srcset":"https:\/\/i0.wp.com\/relocations.io\/wp-content\/uploads\/2024\/08\/18-1.jpg?fit=1200%2C675&ssl=1&resize=350%2C200 1x, https:\/\/i0.wp.com\/relocations.io\/wp-content\/uploads\/2024\/08\/18-1.jpg?fit=1200%2C675&ssl=1&resize=525%2C300 1.5x, https:\/\/i0.wp.com\/relocations.io\/wp-content\/uploads\/2024\/08\/18-1.jpg?fit=1200%2C675&ssl=1&resize=700%2C400 2x, https:\/\/i0.wp.com\/relocations.io\/wp-content\/uploads\/2024\/08\/18-1.jpg?fit=1200%2C675&ssl=1&resize=1050%2C600 3x"},"classes":[]},{"id":7368,"url":"https:\/\/relocations.io\/fr\/laction-de-grace-en-europe\/","url_meta":{"origin":7390,"position":4},"title":"Thanksgiving en Europe","author":"Relocations.io","date":"novembre 1, 2022","format":false,"excerpt":"Malgr\u00e9 ses racines historiques, Thanksgiving n'a pas \u00e9t\u00e9 adopt\u00e9 comme f\u00eate g\u00e9n\u00e9ralis\u00e9e en Europe.","rel":"","context":"Dans &quot;Europe&quot;","block_context":{"text":"Europe","link":"https:\/\/relocations.io\/fr\/categorie\/leurope\/"},"img":{"alt_text":"","src":"https:\/\/i0.wp.com\/relocations.io\/wp-content\/uploads\/2022\/11\/21.jpg?fit=1200%2C675&ssl=1&resize=350%2C200","width":350,"height":200,"srcset":"https:\/\/i0.wp.com\/relocations.io\/wp-content\/uploads\/2022\/11\/21.jpg?fit=1200%2C675&ssl=1&resize=350%2C200 1x, https:\/\/i0.wp.com\/relocations.io\/wp-content\/uploads\/2022\/11\/21.jpg?fit=1200%2C675&ssl=1&resize=525%2C300 1.5x, https:\/\/i0.wp.com\/relocations.io\/wp-content\/uploads\/2022\/11\/21.jpg?fit=1200%2C675&ssl=1&resize=700%2C400 2x, https:\/\/i0.wp.com\/relocations.io\/wp-content\/uploads\/2022\/11\/21.jpg?fit=1200%2C675&ssl=1&resize=1050%2C600 3x"},"classes":[]},{"id":7363,"url":"https:\/\/relocations.io\/fr\/embrasser-leurope-le-chemin-simplifie-vers-un-nouveau-depart\/","url_meta":{"origin":7390,"position":5},"title":"Embrasser l'Europe : La voie simplifi\u00e9e vers un nouveau d\u00e9part","author":"Relocations.io","date":"octobre 1, 2022","format":false,"excerpt":"The Allure of Moving to Europe Moving to Europe has captivated people worldwide. With its rich history, diverse culture, and high quality of life, Europe offers countless benefits for a fresh start. While relocating to a new continent can seem daunting, careful planning and the right support can streamline the\u2026","rel":"","context":"Dans &quot;Europe&quot;","block_context":{"text":"Europe","link":"https:\/\/relocations.io\/fr\/categorie\/leurope\/"},"img":{"alt_text":"","src":"https:\/\/i0.wp.com\/relocations.io\/wp-content\/uploads\/2024\/02\/embracing-europe2.png?fit=1200%2C675&ssl=1&resize=350%2C200","width":350,"height":200,"srcset":"https:\/\/i0.wp.com\/relocations.io\/wp-content\/uploads\/2024\/02\/embracing-europe2.png?fit=1200%2C675&ssl=1&resize=350%2C200 1x, https:\/\/i0.wp.com\/relocations.io\/wp-content\/uploads\/2024\/02\/embracing-europe2.png?fit=1200%2C675&ssl=1&resize=525%2C300 1.5x, https:\/\/i0.wp.com\/relocations.io\/wp-content\/uploads\/2024\/02\/embracing-europe2.png?fit=1200%2C675&ssl=1&resize=700%2C400 2x, https:\/\/i0.wp.com\/relocations.io\/wp-content\/uploads\/2024\/02\/embracing-europe2.png?fit=1200%2C675&ssl=1&resize=1050%2C600 3x"},"classes":[]}],"jetpack_sharing_enabled":true,"_links":{"self":[{"href":"https:\/\/relocations.io\/fr\/wp-json\/wp\/v2\/posts\/7390","targetHints":{"allow":["GET"]}}],"collection":[{"href":"https:\/\/relocations.io\/fr\/wp-json\/wp\/v2\/posts"}],"about":[{"href":"https:\/\/relocations.io\/fr\/wp-json\/wp\/v2\/types\/post"}],"author":[{"embeddable":true,"href":"https:\/\/relocations.io\/fr\/wp-json\/wp\/v2\/users\/2"}],"replies":[{"embeddable":true,"href":"https:\/\/relocations.io\/fr\/wp-json\/wp\/v2\/comments?post=7390"}],"version-history":[{"count":0,"href":"https:\/\/relocations.io\/fr\/wp-json\/wp\/v2\/posts\/7390\/revisions"}],"wp:featuredmedia":[{"embeddable":true,"href":"https:\/\/relocations.io\/fr\/wp-json\/wp\/v2\/media\/8751"}],"wp:attachment":[{"href":"https:\/\/relocations.io\/fr\/wp-json\/wp\/v2\/media?parent=7390"}],"wp:term":[{"taxonomy":"category","embeddable":true,"href":"https:\/\/relocations.io\/fr\/wp-json\/wp\/v2\/categories?post=7390"},{"taxonomy":"post_tag","embeddable":true,"href":"https:\/\/relocations.io\/fr\/wp-json\/wp\/v2\/tags?post=7390"}],"curies":[{"name":"wp","href":"https:\/\/api.w.org\/{rel}","templated":true}]}}