{"id":7374,"date":"2022-12-01T10:00:00","date_gmt":"2022-12-01T10:00:00","guid":{"rendered":"https:\/\/relocations.io\/?p=7374"},"modified":"2024-09-06T12:50:28","modified_gmt":"2024-09-06T11:50:28","slug":"des-marches-de-noel-magiques-a-la-decouverte-de-la-tradition-enchanteresse-de-leurope","status":"publish","type":"post","link":"https:\/\/relocations.io\/fr\/des-marches-de-noel-magiques-a-la-decouverte-de-la-tradition-enchanteresse-de-leurope\/","title":{"rendered":"Les march\u00e9s magiques de No\u00ebl : A la d\u00e9couverte de la tradition enchanteresse de l'Europe"},"content":{"rendered":"<div data-elementor-type=\"wp-post\" data-elementor-id=\"7374\" class=\"elementor elementor-7374\" data-elementor-settings=\"{&quot;ha_cmc_init_switcher&quot;:&quot;no&quot;}\" data-elementor-post-type=\"post\">\n\t\t\t\t<div class=\"elementor-element elementor-element-6bc73e11 e-flex e-con-boxed e-con e-parent\" data-id=\"6bc73e11\" data-element_type=\"container\" data-settings=\"{&quot;_ha_eqh_enable&quot;:false}\">\n\t\t\t\t\t<div class=\"e-con-inner\">\n\t\t\t\t<div class=\"elementor-element elementor-element-e86828e elementor-widget elementor-widget-heading\" data-id=\"e86828e\" data-element_type=\"widget\" data-widget_type=\"heading.default\">\n\t\t\t\t<div class=\"elementor-widget-container\">\n\t\t\t\t\t<h2 class=\"elementor-heading-title elementor-size-default\">D\u00e9couvrez l'enchantement des march\u00e9s de No\u00ebl en Europe : Une tradition festive<\/h2>\t\t\t\t<\/div>\n\t\t\t\t<\/div>\n\t\t\t\t<div class=\"elementor-element elementor-element-6e3e58e6 elementor-widget elementor-widget-text-editor\" data-id=\"6e3e58e6\" data-element_type=\"widget\" data-widget_type=\"text-editor.default\">\n\t\t\t\t<div class=\"elementor-widget-container\">\n\t\t\t\t\t\t\t\t\t\n<h5 id=\"h-experience-europe-s-enchanting-christmas-markets-a-festive-tradition\" class=\"wp-block-heading\">\u00a0<\/h5>\n\n<p>En tant que <a href=\"https:\/\/relocations.io\/portugal-2024-celebrate-national-holiday-tradition\/\">p\u00e9riode des f\u00eates<\/a> \u00c0 l'approche des f\u00eates de fin d'ann\u00e9e, l'Europe s'anime gr\u00e2ce \u00e0 l'attrait des march\u00e9s de No\u00ebl, qui attirent les visiteurs par leur atmosph\u00e8re festive, leurs lumi\u00e8res scintillantes et leurs d\u00e9lices aromatiques. Ces traditions s\u00e9culaires, profond\u00e9ment ancr\u00e9es dans la culture europ\u00e9enne, offrent une exp\u00e9rience unique et immersive qui les distingue de leurs homologues d'Am\u00e9rique du Nord et d'ailleurs.<\/p>\n\n<p>L'une des caract\u00e9ristiques les plus marquantes des march\u00e9s de No\u00ebl europ\u00e9ens est leur riche histoire et leur importance culturelle. Datant du Moyen \u00c2ge, ces march\u00e9s servaient \u00e0 l'origine de lieu de rassemblement pour les habitants et d'achat de produits saisonniers, notamment d'artisanat, de d\u00e9corations et de d\u00e9lices culinaires. Au fil du temps, ils sont devenus des \u00e9v\u00e9nements annuels tr\u00e8s appr\u00e9ci\u00e9s. <a href=\"https:\/\/relocations.io\/your-guide-to-visa-requirements-and-citizenship-in-portugal-navigating-your-path-to-a-new-life\/\" data-wpil-monitor-id=\"45\">traditions<\/a>L'\u00e9v\u00e9nement est c\u00e9l\u00e9br\u00e9 dans les villes et villages du continent.<\/p>\n\n<h5 id=\"h-authentic-holiday-magic-discover-the-unique-charm-of-european-christmas-markets\" class=\"wp-block-heading\"><strong>La magie des f\u00eates authentiques : D\u00e9couvrez le charme unique des march\u00e9s de No\u00ebl europ\u00e9ens<\/strong><\/h5>\n\n<p>Contrairement aux centres commerciaux et aux cha\u00eenes de magasins souvent associ\u00e9s \u00e0 No\u00ebl en Am\u00e9rique du Nord, les march\u00e9s de No\u00ebl europ\u00e9ens offrent une exp\u00e9rience plus authentique et plus intime. Les visiteurs peuvent fl\u00e2ner dans de charmantes rues pav\u00e9es orn\u00e9es de d\u00e9corations festives, admirer l'artisanat et savourer l'ar\u00f4me du vin chaud, des marrons grill\u00e9s et des p\u00e2tisseries fra\u00eechement sorties du four. Chaque march\u00e9 poss\u00e8de son propre charme et son propre caract\u00e8re, refl\u00e9tant la culture locale et les traditions de la r\u00e9gion. <a href=\"https:\/\/relocations.io\/portugal-top-beaches-your-ultimate-guide\/\" data-wpil-monitor-id=\"64\">traditions<\/a> de sa r\u00e9gion. Qu'il s'agisse des march\u00e9s historiques d'Allemagne, des march\u00e9s romantiques de <a href=\"https:\/\/relocations.io\/bonjour-france-navigating-cultural-differences-and-opportunities-in-relocation\/\" data-wpil-monitor-id=\"77\">France<\/a>Les march\u00e9s de No\u00ebl europ\u00e9ens transportent les visiteurs dans une \u00e9poque r\u00e9volue de magie et d'\u00e9merveillement.<\/p>\n\n<p>Les march\u00e9s de No\u00ebl europ\u00e9ens se distinguent \u00e9galement par l'importance qu'ils accordent \u00e0 la communaut\u00e9 et \u00e0 la convivialit\u00e9. Contrairement aux courses pr\u00e9cipit\u00e9es souvent associ\u00e9es aux f\u00eates de fin d'ann\u00e9e, les march\u00e9s europ\u00e9ens encouragent les visiteurs \u00e0 ralentir, \u00e0 savourer le moment pr\u00e9sent et \u00e0 se rapprocher de leurs proches. Les familles se r\u00e9unissent pour assister \u00e0 des spectacles festifs, notamment des concerts, des danses traditionnelles et des repr\u00e9sentations de la nativit\u00e9, tandis que les enfants s'\u00e9merveillent devant les d\u00e9corations \u00e9labor\u00e9es et rendent visite au P\u00e8re No\u00ebl dans sa grotte enchant\u00e9e. L'ambiance est \u00e0 la chaleur, \u00e0 l'hospitalit\u00e9 et \u00e0 la camaraderie, ce qui favorise un sentiment de joie et d'unit\u00e9 qui est vraiment magique.<\/p>\n\n<p>En outre, les march\u00e9s de No\u00ebl europ\u00e9ens proposent une large gamme de produits uniques et artisanaux, souvent fabriqu\u00e9s \u00e0 la main par des artisans locaux. Des ornements en bois sculpt\u00e9s et des c\u00e9ramiques peintes \u00e0 la main aux textiles luxueux et aux produits gastronomiques, ces march\u00e9s pr\u00e9sentent le meilleur de l'artisanat et de la cr\u00e9ativit\u00e9 europ\u00e9ens. Les visiteurs ont la possibilit\u00e9 d'acheter des cadeaux et des souvenirs uniques que l'on ne trouve nulle part ailleurs, tout en soutenant les entreprises et les artisans locaux.<\/p>\n\n<h5 id=\"h-christmas-markets-embrace-the-spirit-of-tradition\" class=\"wp-block-heading\"><strong>Les march\u00e9s de No\u00ebl s'inscrivent dans l'esprit de la tradition<\/strong><\/h5>\n\n<p>Contrairement \u00e0 la commercialisation de No\u00ebl dans certaines parties du monde, les march\u00e9s de No\u00ebl europ\u00e9ens sont impr\u00e9gn\u00e9s de l'esprit de No\u00ebl. <a href=\"https:\/\/relocations.io\/from-brazil-to-europe-a-cultural-odyssey-of-relocation\/\" data-wpil-monitor-id=\"90\">tradition<\/a>Les f\u00eates de fin d'ann\u00e9e sont synonymes d'innovation, d'authenticit\u00e9 et d'esprit de communaut\u00e9. Plus que de simples destinations de shopping, ce sont des \u00e9v\u00e9nements culturels qui rassemblent les gens pour c\u00e9l\u00e9brer la magie des f\u00eates de fin d'ann\u00e9e. Que vous sirotiez un gl\u00fchwein sous les lumi\u00e8res scintillantes d'une place m\u00e9di\u00e9vale ou que vous parcouriez les boutiques d'artisanat d'une halle de march\u00e9 historique, les f\u00eates de fin d'ann\u00e9e sont des \u00e9v\u00e9nements culturels qui rassemblent les gens pour c\u00e9l\u00e9brer la magie de la saison des f\u00eates, <a href=\"https:\/\/relocations.io\/exploring-the-enchantment-vigos-delightful-christmas-market\/\" data-wpil-monitor-id=\"117\">Les march\u00e9s de No\u00ebl en Europe<\/a> offrent une exp\u00e9rience inoubliable qui vous enchantera et vous inspirera.<\/p>\n\n<figure class=\"wp-block-image size-large\"><img fetchpriority=\"high\" decoding=\"async\" data-recalc-dims=\"1\" height=\"576\" width=\"1024\" class=\"wp-image-7376\" src=\"https:\/\/i0.wp.com\/relocations.io\/wp-content\/uploads\/2024\/02\/christmas-markets-europe2-1024x576.png?resize=1024%2C576&#038;ssl=1\" alt=\"No\u00ebl magique\" srcset=\"https:\/\/i0.wp.com\/relocations.io\/wp-content\/uploads\/2024\/02\/christmas-markets-europe2.png?resize=1024%2C576&amp;ssl=1 1024w, https:\/\/i0.wp.com\/relocations.io\/wp-content\/uploads\/2024\/02\/christmas-markets-europe2.png?resize=300%2C169&amp;ssl=1 300w, https:\/\/i0.wp.com\/relocations.io\/wp-content\/uploads\/2024\/02\/christmas-markets-europe2.png?resize=768%2C432&amp;ssl=1 768w, https:\/\/i0.wp.com\/relocations.io\/wp-content\/uploads\/2024\/02\/christmas-markets-europe2.png?resize=1536%2C864&amp;ssl=1 1536w, https:\/\/i0.wp.com\/relocations.io\/wp-content\/uploads\/2024\/02\/christmas-markets-europe2.png?resize=1170%2C658&amp;ssl=1 1170w, https:\/\/i0.wp.com\/relocations.io\/wp-content\/uploads\/2024\/02\/christmas-markets-europe2.png?w=1920&amp;ssl=1 1920w\" sizes=\"(max-width: 1024px) 100vw, 1024px\" \/><\/figure>\n\t\t\t\t\t\t\t\t<\/div>\n\t\t\t\t<\/div>\n\t\t\t\t\t<\/div>\n\t\t\t\t<\/div>\n\t\t\t\t<\/div>","protected":false},"excerpt":{"rendered":"<p>Experience Europe&#8217;s Enchanting Christmas Markets: A Festive Tradition \u00a0 As the holiday season approaches, Europe comes alive with the enchanting allure of Christmas markets, beckoning visitors with their festive atmosphere, twinkling lights, and aromatic delights. These centuries-old traditions, deeply rooted in European culture, offer a unique and immersive experience that sets them apart from their [&hellip;]<\/p>","protected":false},"author":2,"featured_media":8754,"comment_status":"closed","ping_status":"closed","sticky":false,"template":"","format":"standard","meta":{"_jetpack_memberships_contains_paid_content":false,"footnotes":""},"categories":[60,68],"tags":[77,79,70,142,71,69],"class_list":["post-7374","post","type-post","status-publish","format-standard","has-post-thumbnail","hentry","category-europe","category-relocations-io","tag-christmas-markets-in-europe","tag-magical-christmas-markets","tag-moving-to-europe","tag-relocate","tag-relocations","tag-relocations-io-blog"],"jetpack_featured_media_url":"https:\/\/i0.wp.com\/relocations.io\/wp-content\/uploads\/2022\/11\/23.jpg?fit=1920%2C1080&ssl=1","jetpack-related-posts":[{"id":7363,"url":"https:\/\/relocations.io\/fr\/embrasser-leurope-le-chemin-simplifie-vers-un-nouveau-depart\/","url_meta":{"origin":7374,"position":0},"title":"Embrasser l'Europe : La voie simplifi\u00e9e vers un nouveau d\u00e9part","author":"Relocations.io","date":"octobre 1, 2022","format":false,"excerpt":"The Allure of Moving to Europe Moving to Europe has captivated people worldwide. With its rich history, diverse culture, and high quality of life, Europe offers countless benefits for a fresh start. While relocating to a new continent can seem daunting, careful planning and the right support can streamline the\u2026","rel":"","context":"Dans &quot;Europe&quot;","block_context":{"text":"Europe","link":"https:\/\/relocations.io\/fr\/categorie\/leurope\/"},"img":{"alt_text":"","src":"https:\/\/i0.wp.com\/relocations.io\/wp-content\/uploads\/2024\/02\/embracing-europe2.png?fit=1200%2C675&ssl=1&resize=350%2C200","width":350,"height":200,"srcset":"https:\/\/i0.wp.com\/relocations.io\/wp-content\/uploads\/2024\/02\/embracing-europe2.png?fit=1200%2C675&ssl=1&resize=350%2C200 1x, https:\/\/i0.wp.com\/relocations.io\/wp-content\/uploads\/2024\/02\/embracing-europe2.png?fit=1200%2C675&ssl=1&resize=525%2C300 1.5x, https:\/\/i0.wp.com\/relocations.io\/wp-content\/uploads\/2024\/02\/embracing-europe2.png?fit=1200%2C675&ssl=1&resize=700%2C400 2x, https:\/\/i0.wp.com\/relocations.io\/wp-content\/uploads\/2024\/02\/embracing-europe2.png?fit=1200%2C675&ssl=1&resize=1050%2C600 3x"},"classes":[]},{"id":7537,"url":"https:\/\/relocations.io\/fr\/explorer-lenchantement-du-marche-de-noel-de-vigos\/","url_meta":{"origin":7374,"position":1},"title":"Explorer l'enchantement : Le d\u00e9licieux march\u00e9 de No\u00ebl de Vigo","author":"Relocations.io","date":"d\u00e9cembre 1, 2023","format":false,"excerpt":"During the holiday season, Vigo's Christmas market, set in the city's historic district, captivates with twinkling lights and artisanal stalls offering crafts, gifts, and Spanish culinary treats like churros and roasted chestnuts. The market, alive with the ambiance of holiday carols and festive decorations, also showcases traditional Galician queimada and\u2026","rel":"","context":"Dans &quot;Europe&quot;","block_context":{"text":"Europe","link":"https:\/\/relocations.io\/fr\/categorie\/leurope\/"},"img":{"alt_text":"","src":"https:\/\/i0.wp.com\/relocations.io\/wp-content\/uploads\/2022\/11\/51.jpg?fit=1200%2C675&ssl=1&resize=350%2C200","width":350,"height":200,"srcset":"https:\/\/i0.wp.com\/relocations.io\/wp-content\/uploads\/2022\/11\/51.jpg?fit=1200%2C675&ssl=1&resize=350%2C200 1x, https:\/\/i0.wp.com\/relocations.io\/wp-content\/uploads\/2022\/11\/51.jpg?fit=1200%2C675&ssl=1&resize=525%2C300 1.5x, https:\/\/i0.wp.com\/relocations.io\/wp-content\/uploads\/2022\/11\/51.jpg?fit=1200%2C675&ssl=1&resize=700%2C400 2x, https:\/\/i0.wp.com\/relocations.io\/wp-content\/uploads\/2022\/11\/51.jpg?fit=1200%2C675&ssl=1&resize=1050%2C600 3x"},"classes":[]},{"id":7380,"url":"https:\/\/relocations.io\/fr\/le-nouvel-an-a-la-decouverte-des-traditions-europeennes-du-nouvel-an\/","url_meta":{"origin":7374,"position":2},"title":"La nouvelle ann\u00e9e commence : A la d\u00e9couverte des traditions europ\u00e9ennes du Nouvel An","author":"Relocations.io","date":"janvier 1, 2023","format":false,"excerpt":"Exploring European New Year\u2019s Traditions As the clock strikes midnight on December 31st, Europe bursts into vibrant New Year\u2019s Eve celebrations. The continent\u2019s traditions highlight its rich cultural diversity, making each celebration unique and memorable. Fireworks and Grand Displays In Europe, fireworks are a central feature of New Year's Eve.\u2026","rel":"","context":"Dans &quot;Europe&quot;","block_context":{"text":"Europe","link":"https:\/\/relocations.io\/fr\/categorie\/leurope\/"},"img":{"alt_text":"","src":"https:\/\/i0.wp.com\/relocations.io\/wp-content\/uploads\/2023\/01\/New-Year.jpg?fit=1200%2C675&ssl=1&resize=350%2C200","width":350,"height":200,"srcset":"https:\/\/i0.wp.com\/relocations.io\/wp-content\/uploads\/2023\/01\/New-Year.jpg?fit=1200%2C675&ssl=1&resize=350%2C200 1x, https:\/\/i0.wp.com\/relocations.io\/wp-content\/uploads\/2023\/01\/New-Year.jpg?fit=1200%2C675&ssl=1&resize=525%2C300 1.5x, https:\/\/i0.wp.com\/relocations.io\/wp-content\/uploads\/2023\/01\/New-Year.jpg?fit=1200%2C675&ssl=1&resize=700%2C400 2x, https:\/\/i0.wp.com\/relocations.io\/wp-content\/uploads\/2023\/01\/New-Year.jpg?fit=1200%2C675&ssl=1&resize=1050%2C600 3x"},"classes":[]},{"id":7368,"url":"https:\/\/relocations.io\/fr\/laction-de-grace-en-europe\/","url_meta":{"origin":7374,"position":3},"title":"Thanksgiving en Europe","author":"Relocations.io","date":"novembre 1, 2022","format":false,"excerpt":"Malgr\u00e9 ses racines historiques, Thanksgiving n'a pas \u00e9t\u00e9 adopt\u00e9 comme f\u00eate g\u00e9n\u00e9ralis\u00e9e en Europe.","rel":"","context":"Dans &quot;Europe&quot;","block_context":{"text":"Europe","link":"https:\/\/relocations.io\/fr\/categorie\/leurope\/"},"img":{"alt_text":"","src":"https:\/\/i0.wp.com\/relocations.io\/wp-content\/uploads\/2022\/11\/21.jpg?fit=1200%2C675&ssl=1&resize=350%2C200","width":350,"height":200,"srcset":"https:\/\/i0.wp.com\/relocations.io\/wp-content\/uploads\/2022\/11\/21.jpg?fit=1200%2C675&ssl=1&resize=350%2C200 1x, https:\/\/i0.wp.com\/relocations.io\/wp-content\/uploads\/2022\/11\/21.jpg?fit=1200%2C675&ssl=1&resize=525%2C300 1.5x, https:\/\/i0.wp.com\/relocations.io\/wp-content\/uploads\/2022\/11\/21.jpg?fit=1200%2C675&ssl=1&resize=700%2C400 2x, https:\/\/i0.wp.com\/relocations.io\/wp-content\/uploads\/2022\/11\/21.jpg?fit=1200%2C675&ssl=1&resize=1050%2C600 3x"},"classes":[]},{"id":9038,"url":"https:\/\/relocations.io\/fr\/nouveaux-vols-directs-de-montreal-a-porto\/","url_meta":{"origin":7374,"position":4},"title":"De nouveaux vols directs vers le Canada stimulent le tourisme entre le Portugal et le Canada","author":"Relocations.io","date":"ao\u00fbt 27, 2024","format":false,"excerpt":"A new direct flight route by Air Canada connecting Montreal, Canada, and Porto, Portugal. This service offers a convenient travel option for tourists and the Portuguese community in Canada. It highlights the benefits of the direct flight, including saving time and enhancing travel comfort, and also promotes Porto as an\u2026","rel":"","context":"Dans &quot;Canada&quot;","block_context":{"text":"Canada","link":"https:\/\/relocations.io\/fr\/categorie\/canada\/"},"img":{"alt_text":"","src":"https:\/\/i0.wp.com\/relocations.io\/wp-content\/uploads\/2024\/08\/New-Flights.jpg?fit=1200%2C600&ssl=1&resize=350%2C200","width":350,"height":200,"srcset":"https:\/\/i0.wp.com\/relocations.io\/wp-content\/uploads\/2024\/08\/New-Flights.jpg?fit=1200%2C600&ssl=1&resize=350%2C200 1x, https:\/\/i0.wp.com\/relocations.io\/wp-content\/uploads\/2024\/08\/New-Flights.jpg?fit=1200%2C600&ssl=1&resize=525%2C300 1.5x, https:\/\/i0.wp.com\/relocations.io\/wp-content\/uploads\/2024\/08\/New-Flights.jpg?fit=1200%2C600&ssl=1&resize=700%2C400 2x, https:\/\/i0.wp.com\/relocations.io\/wp-content\/uploads\/2024\/08\/New-Flights.jpg?fit=1200%2C600&ssl=1&resize=1050%2C600 3x"},"classes":[]},{"id":8610,"url":"https:\/\/relocations.io\/fr\/guide-complet-sur-lexpatriation-des-animaux-de-compagnie-vers-leurope\/","url_meta":{"origin":7374,"position":5},"title":"Guide complet : D\u00e9m\u00e9nagement d'animaux de compagnie en Europe","author":"Relocations.io","date":"ao\u00fbt 19, 2024","format":false,"excerpt":"Your Comprehensive Guide to Moving Pets from North America to Europe. Transporting pets from North America to Europe involves careful planning, adherence to regulations, and ensuring the well-being of the pets throughout the journey. Whether you are relocating, participating in a breeding program, or transporting pets for other reasons, understanding\u2026","rel":"","context":"Dans &quot;Citizenship&quot;","block_context":{"text":"Citizenship","link":"https:\/\/relocations.io\/fr\/categorie\/leurope\/la-citoyennete\/"},"img":{"alt_text":"","src":"https:\/\/i0.wp.com\/relocations.io\/wp-content\/uploads\/2024\/08\/NEW-Castelos-Portugal-.jpg?fit=1200%2C600&ssl=1&resize=350%2C200","width":350,"height":200,"srcset":"https:\/\/i0.wp.com\/relocations.io\/wp-content\/uploads\/2024\/08\/NEW-Castelos-Portugal-.jpg?fit=1200%2C600&ssl=1&resize=350%2C200 1x, https:\/\/i0.wp.com\/relocations.io\/wp-content\/uploads\/2024\/08\/NEW-Castelos-Portugal-.jpg?fit=1200%2C600&ssl=1&resize=525%2C300 1.5x, https:\/\/i0.wp.com\/relocations.io\/wp-content\/uploads\/2024\/08\/NEW-Castelos-Portugal-.jpg?fit=1200%2C600&ssl=1&resize=700%2C400 2x, https:\/\/i0.wp.com\/relocations.io\/wp-content\/uploads\/2024\/08\/NEW-Castelos-Portugal-.jpg?fit=1200%2C600&ssl=1&resize=1050%2C600 3x"},"classes":[]}],"jetpack_sharing_enabled":true,"_links":{"self":[{"href":"https:\/\/relocations.io\/fr\/wp-json\/wp\/v2\/posts\/7374","targetHints":{"allow":["GET"]}}],"collection":[{"href":"https:\/\/relocations.io\/fr\/wp-json\/wp\/v2\/posts"}],"about":[{"href":"https:\/\/relocations.io\/fr\/wp-json\/wp\/v2\/types\/post"}],"author":[{"embeddable":true,"href":"https:\/\/relocations.io\/fr\/wp-json\/wp\/v2\/users\/2"}],"replies":[{"embeddable":true,"href":"https:\/\/relocations.io\/fr\/wp-json\/wp\/v2\/comments?post=7374"}],"version-history":[{"count":0,"href":"https:\/\/relocations.io\/fr\/wp-json\/wp\/v2\/posts\/7374\/revisions"}],"wp:featuredmedia":[{"embeddable":true,"href":"https:\/\/relocations.io\/fr\/wp-json\/wp\/v2\/media\/8754"}],"wp:attachment":[{"href":"https:\/\/relocations.io\/fr\/wp-json\/wp\/v2\/media?parent=7374"}],"wp:term":[{"taxonomy":"category","embeddable":true,"href":"https:\/\/relocations.io\/fr\/wp-json\/wp\/v2\/categories?post=7374"},{"taxonomy":"post_tag","embeddable":true,"href":"https:\/\/relocations.io\/fr\/wp-json\/wp\/v2\/tags?post=7374"}],"curies":[{"name":"wp","href":"https:\/\/api.w.org\/{rel}","templated":true}]}}