{"id":7368,"date":"2022-11-01T10:00:00","date_gmt":"2022-11-01T10:00:00","guid":{"rendered":"https:\/\/relocations.io\/?p=7368"},"modified":"2024-09-06T12:53:18","modified_gmt":"2024-09-06T11:53:18","slug":"laction-de-grace-en-europe","status":"publish","type":"post","link":"https:\/\/relocations.io\/fr\/laction-de-grace-en-europe\/","title":{"rendered":"Thanksgiving en Europe"},"content":{"rendered":"<div data-elementor-type=\"wp-post\" data-elementor-id=\"7368\" class=\"elementor elementor-7368\" data-elementor-settings=\"{&quot;ha_cmc_init_switcher&quot;:&quot;no&quot;}\" data-elementor-post-type=\"post\">\n\t\t\t\t<div class=\"elementor-element elementor-element-21c21d90 e-flex e-con-boxed e-con e-parent\" data-id=\"21c21d90\" data-element_type=\"container\" data-settings=\"{&quot;_ha_eqh_enable&quot;:false}\">\n\t\t\t\t\t<div class=\"e-con-inner\">\n\t\t\t\t<div class=\"elementor-element elementor-element-52de285 elementor-widget elementor-widget-heading\" data-id=\"52de285\" data-element_type=\"widget\" data-widget_type=\"heading.default\">\n\t\t\t\t<div class=\"elementor-widget-container\">\n\t\t\t\t\t<h2 class=\"elementor-heading-title elementor-size-default\">L'action de gr\u00e2ce en Europe : Comprendre son absence \u00e0 travers les diff\u00e9rences historiques et culturelles<\/h2>\t\t\t\t<\/div>\n\t\t\t\t<\/div>\n\t\t\t\t<div class=\"elementor-element elementor-element-5154f4a2 elementor-widget elementor-widget-text-editor\" data-id=\"5154f4a2\" data-element_type=\"widget\" data-widget_type=\"text-editor.default\">\n\t\t\t\t<div class=\"elementor-widget-container\">\n\t\t\t\t\t\t\t\t\t\n<p><br \/>En Europe, la f\u00eate de Thanksgiving, telle qu'elle est c\u00e9l\u00e9br\u00e9e en Am\u00e9rique du Nord, est notablement absente du calendrier culturel. Cette absence s'explique par les diff\u00e9rences historiques, culturelles et religieuses entre l'Europe et l'Am\u00e9rique du Nord. Bien que Thanksgiving ait des racines historiques profondes au Canada et aux \u00c9tats-Unis, ses origines et sa signification diff\u00e8rent consid\u00e9rablement des traditions europ\u00e9ennes.<\/p>\n\n<p>Aux \u00c9tats-Unis, l'origine de Thanksgiving remonte au d\u00e9but du XVIIe si\u00e8cle, lorsque des colons anglais, connus sous le nom de Pilgrims, ont organis\u00e9 une f\u00eate des r\u00e9coltes pour remercier les habitants d'avoir obtenu de bonnes r\u00e9coltes et d'avoir b\u00e9n\u00e9fici\u00e9 des bienfaits de l'ann\u00e9e \u00e9coul\u00e9e. C\u00e9l\u00e9br\u00e9 en 1621 \u00e0 Plymouth, dans le Massachusetts, cet \u00e9v\u00e9nement est largement reconnu comme le premier Thanksgiving en Am\u00e9rique du Nord. Au fil du temps, Thanksgiving s'est transform\u00e9 en une f\u00eate de l'amiti\u00e9. <a href=\"https:\/\/relocations.io\/portugal-2024-celebrate-national-holiday-tradition\/\" data-wpil-monitor-id=\"5\">f\u00eate nationale c\u00e9l\u00e9br\u00e9e<\/a> Le quatri\u00e8me jeudi de novembre est marqu\u00e9 par des r\u00e9unions avec la famille et les amis, des festins de plats traditionnels comme la dinde et la tarte au potiron, et l'expression de la gratitude pour les bienfaits de la vie.<\/p>\n\n<p>De m\u00eame, en <a href=\"https:\/\/relocations.io\/moving-from-canada-to-portugal-a-comprehensive-guide\/\">Canada<\/a>La f\u00eate de Thanksgiving trouve son origine dans les f\u00eates des r\u00e9coltes et les traditions religieuses europ\u00e9ennes. La premi\u00e8re c\u00e9l\u00e9bration de Thanksgiving au Canada remonte \u00e0 1578, lorsque l'explorateur anglais Martin Frobisher a organis\u00e9 une c\u00e9r\u00e9monie dans l'actuelle province de Terre-Neuve pour remercier les habitants d'\u00eatre arriv\u00e9s sains et saufs dans le Nouveau Monde. Le Canada a officiellement fait de Thanksgiving une f\u00eate nationale en 1957, c\u00e9l\u00e9br\u00e9e le deuxi\u00e8me lundi d'octobre. Comme son homologue am\u00e9ricain, la f\u00eate de Thanksgiving au Canada est l'occasion pour les familles de se r\u00e9unir, de d\u00e9guster un repas copieux et de r\u00e9fl\u00e9chir aux bienfaits de l'ann\u00e9e \u00e9coul\u00e9e.<\/p>\n\n<h5 id=\"h-keeping-american-traditions-alive\" class=\"wp-block-heading\"><strong>Maintenir les traditions am\u00e9ricaines<\/strong><\/h5>\n\n<p>Malgr\u00e9 ses racines historiques, <a href=\"https:\/\/relocations.io\/exploring-the-enchantment-vigos-delightful-christmas-market\/\" data-wpil-monitor-id=\"119\">L'Europe n'a pas largement adopt\u00e9 Thanksgiving comme jour f\u00e9ri\u00e9<\/a>. L'une des raisons en est que les \u00e9v\u00e9nements historiques et la signification culturelle associ\u00e9s \u00e0 Thanksgiving sont propres \u00e0 l'Am\u00e9rique du Nord et n'ont pas de parall\u00e8les directs dans l'histoire europ\u00e9enne. En outre, l'Europe poss\u00e8de sa propre mosa\u00efque de f\u00eates des r\u00e9coltes et d'observances religieuses, telles que l'Oktoberfest en Allemagne et le Harvest Festival au Royaume-Uni, qui rev\u00eatent une signification culturelle et historique diff\u00e9rente.<\/p>\n\n<p>En outre, les connotations religieuses de Thanksgiving en Am\u00e9rique du Nord, en particulier son association avec le christianisme, ont eu un impact consid\u00e9rable sur la vie des gens. <a href=\"https:\/\/relocations.io\/your-guide-to-visa-requirements-and-citizenship-in-portugal-navigating-your-path-to-a-new-life\/\" data-wpil-monitor-id=\"44\">traditions<\/a> et l'histoire coloniale des colons europ\u00e9ens, peuvent ne pas trouver d'\u00e9cho dans les soci\u00e9t\u00e9s europ\u00e9ennes, qui sont plus la\u00efques et dont l'h\u00e9ritage culturel est plus diversifi\u00e9.<\/p>\n\n<p>Dans l'ensemble, si la f\u00eate de Thanksgiving rev\u00eat une grande importance culturelle en Am\u00e9rique du Nord, son absence dans les pays d'Europe centrale et orientale n'a rien d'\u00e9tonnant. <a href=\"https:\/\/relocations.io\/the-lgbtq-movement-in-europe\/\" data-wpil-monitor-id=\"26\">L'Europe<\/a> refl\u00e8te la diversit\u00e9 des traditions culturelles et des exp\u00e9riences historiques dans les diff\u00e9rentes r\u00e9gions du monde. Si les Europ\u00e9ens ne c\u00e9l\u00e8brent pas Thanksgiving de la m\u00eame mani\u00e8re que leurs concitoyens, les Europ\u00e9ens n'en sont pas moins les premiers \u00e0 s'en r\u00e9jouir. <a href=\"https:\/\/relocations.io\/relocations\/\">Am\u00e9rique du Nord<\/a> Ils ont leurs propres traditions et festivals qui refl\u00e8tent la richesse de leur patrimoine culturel et de leurs valeurs.<\/p>\n\n<figure class=\"wp-block-image size-large\"><img fetchpriority=\"high\" decoding=\"async\" data-recalc-dims=\"1\" height=\"576\" width=\"1024\" class=\"wp-image-7369\" src=\"https:\/\/i0.wp.com\/relocations.io\/wp-content\/uploads\/2024\/02\/thanksgiving-europe1-1024x576.png?resize=1024%2C576&#038;ssl=1\" alt=\"Thanksgiving en Europe\" srcset=\"https:\/\/i0.wp.com\/relocations.io\/wp-content\/uploads\/2024\/02\/thanksgiving-europe1.png?resize=1024%2C576&amp;ssl=1 1024w, https:\/\/i0.wp.com\/relocations.io\/wp-content\/uploads\/2024\/02\/thanksgiving-europe1.png?resize=300%2C169&amp;ssl=1 300w, https:\/\/i0.wp.com\/relocations.io\/wp-content\/uploads\/2024\/02\/thanksgiving-europe1.png?resize=768%2C432&amp;ssl=1 768w, https:\/\/i0.wp.com\/relocations.io\/wp-content\/uploads\/2024\/02\/thanksgiving-europe1.png?resize=1536%2C864&amp;ssl=1 1536w, https:\/\/i0.wp.com\/relocations.io\/wp-content\/uploads\/2024\/02\/thanksgiving-europe1.png?resize=1170%2C658&amp;ssl=1 1170w, https:\/\/i0.wp.com\/relocations.io\/wp-content\/uploads\/2024\/02\/thanksgiving-europe1.png?w=1920&amp;ssl=1 1920w\" sizes=\"(max-width: 1024px) 100vw, 1024px\" \/><\/figure>\n\t\t\t\t\t\t\t\t<\/div>\n\t\t\t\t<\/div>\n\t\t\t\t\t<\/div>\n\t\t\t\t<\/div>\n\t\t\t\t<\/div>","protected":false},"excerpt":{"rendered":"<p>Malgr\u00e9 ses racines historiques, Thanksgiving n'a pas \u00e9t\u00e9 adopt\u00e9 comme f\u00eate g\u00e9n\u00e9ralis\u00e9e en Europe. <\/p>","protected":false},"author":2,"featured_media":8755,"comment_status":"closed","ping_status":"closed","sticky":false,"template":"","format":"standard","meta":{"_jetpack_memberships_contains_paid_content":false,"footnotes":""},"categories":[60],"tags":[75,70,142,71,69,74,76],"class_list":["post-7368","post","type-post","status-publish","format-standard","has-post-thumbnail","hentry","category-europe","tag-canada","tag-moving-to-europe","tag-relocate","tag-relocations","tag-relocations-io-blog","tag-thanksgiving","tag-united-states"],"jetpack_featured_media_url":"https:\/\/i0.wp.com\/relocations.io\/wp-content\/uploads\/2022\/11\/21.jpg?fit=1920%2C1080&ssl=1","jetpack-related-posts":[{"id":7363,"url":"https:\/\/relocations.io\/fr\/embrasser-leurope-le-chemin-simplifie-vers-un-nouveau-depart\/","url_meta":{"origin":7368,"position":0},"title":"Embrasser l'Europe : La voie simplifi\u00e9e vers un nouveau d\u00e9part","author":"Relocations.io","date":"octobre 1, 2022","format":false,"excerpt":"The Allure of Moving to Europe Moving to Europe has captivated people worldwide. With its rich history, diverse culture, and high quality of life, Europe offers countless benefits for a fresh start. While relocating to a new continent can seem daunting, careful planning and the right support can streamline the\u2026","rel":"","context":"Dans &quot;Europe&quot;","block_context":{"text":"Europe","link":"https:\/\/relocations.io\/fr\/categorie\/leurope\/"},"img":{"alt_text":"","src":"https:\/\/i0.wp.com\/relocations.io\/wp-content\/uploads\/2024\/02\/embracing-europe2.png?fit=1200%2C675&ssl=1&resize=350%2C200","width":350,"height":200,"srcset":"https:\/\/i0.wp.com\/relocations.io\/wp-content\/uploads\/2024\/02\/embracing-europe2.png?fit=1200%2C675&ssl=1&resize=350%2C200 1x, https:\/\/i0.wp.com\/relocations.io\/wp-content\/uploads\/2024\/02\/embracing-europe2.png?fit=1200%2C675&ssl=1&resize=525%2C300 1.5x, https:\/\/i0.wp.com\/relocations.io\/wp-content\/uploads\/2024\/02\/embracing-europe2.png?fit=1200%2C675&ssl=1&resize=700%2C400 2x, https:\/\/i0.wp.com\/relocations.io\/wp-content\/uploads\/2024\/02\/embracing-europe2.png?fit=1200%2C675&ssl=1&resize=1050%2C600 3x"},"classes":[]},{"id":7380,"url":"https:\/\/relocations.io\/fr\/le-nouvel-an-a-la-decouverte-des-traditions-europeennes-du-nouvel-an\/","url_meta":{"origin":7368,"position":1},"title":"La nouvelle ann\u00e9e commence : A la d\u00e9couverte des traditions europ\u00e9ennes du Nouvel An","author":"Relocations.io","date":"janvier 1, 2023","format":false,"excerpt":"Exploring European New Year\u2019s Traditions As the clock strikes midnight on December 31st, Europe bursts into vibrant New Year\u2019s Eve celebrations. The continent\u2019s traditions highlight its rich cultural diversity, making each celebration unique and memorable. Fireworks and Grand Displays In Europe, fireworks are a central feature of New Year's Eve.\u2026","rel":"","context":"Dans &quot;Europe&quot;","block_context":{"text":"Europe","link":"https:\/\/relocations.io\/fr\/categorie\/leurope\/"},"img":{"alt_text":"","src":"https:\/\/i0.wp.com\/relocations.io\/wp-content\/uploads\/2023\/01\/New-Year.jpg?fit=1200%2C675&ssl=1&resize=350%2C200","width":350,"height":200,"srcset":"https:\/\/i0.wp.com\/relocations.io\/wp-content\/uploads\/2023\/01\/New-Year.jpg?fit=1200%2C675&ssl=1&resize=350%2C200 1x, https:\/\/i0.wp.com\/relocations.io\/wp-content\/uploads\/2023\/01\/New-Year.jpg?fit=1200%2C675&ssl=1&resize=525%2C300 1.5x, https:\/\/i0.wp.com\/relocations.io\/wp-content\/uploads\/2023\/01\/New-Year.jpg?fit=1200%2C675&ssl=1&resize=700%2C400 2x, https:\/\/i0.wp.com\/relocations.io\/wp-content\/uploads\/2023\/01\/New-Year.jpg?fit=1200%2C675&ssl=1&resize=1050%2C600 3x"},"classes":[]},{"id":8610,"url":"https:\/\/relocations.io\/fr\/guide-complet-sur-lexpatriation-des-animaux-de-compagnie-vers-leurope\/","url_meta":{"origin":7368,"position":2},"title":"Guide complet : D\u00e9m\u00e9nagement d'animaux de compagnie en Europe","author":"Relocations.io","date":"ao\u00fbt 19, 2024","format":false,"excerpt":"Your Comprehensive Guide to Moving Pets from North America to Europe. Transporting pets from North America to Europe involves careful planning, adherence to regulations, and ensuring the well-being of the pets throughout the journey. Whether you are relocating, participating in a breeding program, or transporting pets for other reasons, understanding\u2026","rel":"","context":"Dans &quot;Citizenship&quot;","block_context":{"text":"Citizenship","link":"https:\/\/relocations.io\/fr\/categorie\/leurope\/la-citoyennete\/"},"img":{"alt_text":"","src":"https:\/\/i0.wp.com\/relocations.io\/wp-content\/uploads\/2024\/08\/NEW-Castelos-Portugal-.jpg?fit=1200%2C600&ssl=1&resize=350%2C200","width":350,"height":200,"srcset":"https:\/\/i0.wp.com\/relocations.io\/wp-content\/uploads\/2024\/08\/NEW-Castelos-Portugal-.jpg?fit=1200%2C600&ssl=1&resize=350%2C200 1x, https:\/\/i0.wp.com\/relocations.io\/wp-content\/uploads\/2024\/08\/NEW-Castelos-Portugal-.jpg?fit=1200%2C600&ssl=1&resize=525%2C300 1.5x, https:\/\/i0.wp.com\/relocations.io\/wp-content\/uploads\/2024\/08\/NEW-Castelos-Portugal-.jpg?fit=1200%2C600&ssl=1&resize=700%2C400 2x, https:\/\/i0.wp.com\/relocations.io\/wp-content\/uploads\/2024\/08\/NEW-Castelos-Portugal-.jpg?fit=1200%2C600&ssl=1&resize=1050%2C600 3x"},"classes":[]},{"id":7374,"url":"https:\/\/relocations.io\/fr\/des-marches-de-noel-magiques-a-la-decouverte-de-la-tradition-enchanteresse-de-leurope\/","url_meta":{"origin":7368,"position":3},"title":"Les march\u00e9s magiques de No\u00ebl : A la d\u00e9couverte de la tradition enchanteresse de l'Europe","author":"Relocations.io","date":"d\u00e9cembre 1, 2022","format":false,"excerpt":"Experience Europe's Enchanting Christmas Markets: A Festive Tradition \u00a0 As the holiday season approaches, Europe comes alive with the enchanting allure of Christmas markets, beckoning visitors with their festive atmosphere, twinkling lights, and aromatic delights. These centuries-old traditions, deeply rooted in European culture, offer a unique and immersive experience that\u2026","rel":"","context":"Dans &quot;Europe&quot;","block_context":{"text":"Europe","link":"https:\/\/relocations.io\/fr\/categorie\/leurope\/"},"img":{"alt_text":"","src":"https:\/\/i0.wp.com\/relocations.io\/wp-content\/uploads\/2022\/11\/23.jpg?fit=1200%2C675&ssl=1&resize=350%2C200","width":350,"height":200,"srcset":"https:\/\/i0.wp.com\/relocations.io\/wp-content\/uploads\/2022\/11\/23.jpg?fit=1200%2C675&ssl=1&resize=350%2C200 1x, https:\/\/i0.wp.com\/relocations.io\/wp-content\/uploads\/2022\/11\/23.jpg?fit=1200%2C675&ssl=1&resize=525%2C300 1.5x, https:\/\/i0.wp.com\/relocations.io\/wp-content\/uploads\/2022\/11\/23.jpg?fit=1200%2C675&ssl=1&resize=700%2C400 2x, https:\/\/i0.wp.com\/relocations.io\/wp-content\/uploads\/2022\/11\/23.jpg?fit=1200%2C675&ssl=1&resize=1050%2C600 3x"},"classes":[]},{"id":7406,"url":"https:\/\/relocations.io\/fr\/les-bresiliens-qui-sinstallent-au-portugal-saisissent-de-nouvelles-opportunites-dans-le-cadre-dune-histoire-commune\/","url_meta":{"origin":7368,"position":4},"title":"Les Br\u00e9siliens s'installent au Portugal : Saisir de nouvelles opportunit\u00e9s dans le cadre d'une histoire commune","author":"Relocations.io","date":"juillet 1, 2023","format":false,"excerpt":"Explorez les liens historiques entre le Br\u00e9sil et le Portugal, alors que les Br\u00e9siliens cherchent de nouvelles opportunit\u00e9s dans le pays de leur pass\u00e9 colonial. Avec une langue et des affinit\u00e9s culturelles communes, le Portugal offre un environnement accueillant pour les Br\u00e9siliens qui peuvent prosp\u00e9rer dans divers secteurs, de la technologie au tourisme.","rel":"","context":"Dans &quot;Europe&quot;","block_context":{"text":"Europe","link":"https:\/\/relocations.io\/fr\/categorie\/leurope\/"},"img":{"alt_text":"","src":"https:\/\/i0.wp.com\/relocations.io\/wp-content\/uploads\/2022\/11\/36.jpg?fit=1200%2C675&ssl=1&resize=350%2C200","width":350,"height":200,"srcset":"https:\/\/i0.wp.com\/relocations.io\/wp-content\/uploads\/2022\/11\/36.jpg?fit=1200%2C675&ssl=1&resize=350%2C200 1x, https:\/\/i0.wp.com\/relocations.io\/wp-content\/uploads\/2022\/11\/36.jpg?fit=1200%2C675&ssl=1&resize=525%2C300 1.5x, https:\/\/i0.wp.com\/relocations.io\/wp-content\/uploads\/2022\/11\/36.jpg?fit=1200%2C675&ssl=1&resize=700%2C400 2x, https:\/\/i0.wp.com\/relocations.io\/wp-content\/uploads\/2022\/11\/36.jpg?fit=1200%2C675&ssl=1&resize=1050%2C600 3x"},"classes":[]},{"id":7414,"url":"https:\/\/relocations.io\/fr\/bonjour-france-naviguer-dans-les-differences-culturelles-et-les-opportunites-de-la-relocalisation\/","url_meta":{"origin":7368,"position":5},"title":"Bonjour France : Naviguer entre les diff\u00e9rences culturelles et les opportunit\u00e9s de la relocalisation","author":"Relocations.io","date":"avril 1, 2024","format":false,"excerpt":"D\u00e9couvrez les subtilit\u00e9s de l'expatriation en France, qu'il s'agisse de s'adapter aux diff\u00e9rences culturelles ou de saisir les opportunit\u00e9s de travail et de retraite. Avec un march\u00e9 du travail dynamique et des lieux de retraite idylliques, la France offre aux expatri\u00e9s un m\u00e9lange unique de charme d'antan et d'\u00e9quipements modernes pour une vie \u00e9panouie \u00e0 l'\u00e9tranger.","rel":"","context":"Dans &quot;Europe&quot;","block_context":{"text":"Europe","link":"https:\/\/relocations.io\/fr\/categorie\/leurope\/"},"img":{"alt_text":"","src":"https:\/\/i0.wp.com\/relocations.io\/wp-content\/uploads\/2024\/02\/fr-b1.png?fit=1200%2C675&ssl=1&resize=350%2C200","width":350,"height":200,"srcset":"https:\/\/i0.wp.com\/relocations.io\/wp-content\/uploads\/2024\/02\/fr-b1.png?fit=1200%2C675&ssl=1&resize=350%2C200 1x, https:\/\/i0.wp.com\/relocations.io\/wp-content\/uploads\/2024\/02\/fr-b1.png?fit=1200%2C675&ssl=1&resize=525%2C300 1.5x, https:\/\/i0.wp.com\/relocations.io\/wp-content\/uploads\/2024\/02\/fr-b1.png?fit=1200%2C675&ssl=1&resize=700%2C400 2x, https:\/\/i0.wp.com\/relocations.io\/wp-content\/uploads\/2024\/02\/fr-b1.png?fit=1200%2C675&ssl=1&resize=1050%2C600 3x"},"classes":[]}],"jetpack_sharing_enabled":true,"_links":{"self":[{"href":"https:\/\/relocations.io\/fr\/wp-json\/wp\/v2\/posts\/7368","targetHints":{"allow":["GET"]}}],"collection":[{"href":"https:\/\/relocations.io\/fr\/wp-json\/wp\/v2\/posts"}],"about":[{"href":"https:\/\/relocations.io\/fr\/wp-json\/wp\/v2\/types\/post"}],"author":[{"embeddable":true,"href":"https:\/\/relocations.io\/fr\/wp-json\/wp\/v2\/users\/2"}],"replies":[{"embeddable":true,"href":"https:\/\/relocations.io\/fr\/wp-json\/wp\/v2\/comments?post=7368"}],"version-history":[{"count":0,"href":"https:\/\/relocations.io\/fr\/wp-json\/wp\/v2\/posts\/7368\/revisions"}],"wp:featuredmedia":[{"embeddable":true,"href":"https:\/\/relocations.io\/fr\/wp-json\/wp\/v2\/media\/8755"}],"wp:attachment":[{"href":"https:\/\/relocations.io\/fr\/wp-json\/wp\/v2\/media?parent=7368"}],"wp:term":[{"taxonomy":"category","embeddable":true,"href":"https:\/\/relocations.io\/fr\/wp-json\/wp\/v2\/categories?post=7368"},{"taxonomy":"post_tag","embeddable":true,"href":"https:\/\/relocations.io\/fr\/wp-json\/wp\/v2\/tags?post=7368"}],"curies":[{"name":"wp","href":"https:\/\/api.w.org\/{rel}","templated":true}]}}