{"id":9038,"date":"2024-08-27T10:00:00","date_gmt":"2024-08-27T09:00:00","guid":{"rendered":"https:\/\/relocations.io\/?p=9038"},"modified":"2024-09-06T11:05:47","modified_gmt":"2024-09-06T10:05:47","slug":"nuevos-vuelos-directos-de-montreal-a-oporto","status":"publish","type":"post","link":"https:\/\/relocations.io\/es\/nuevos-vuelos-directos-de-montreal-a-oporto\/","title":{"rendered":"Nuevos vuelos directos a Canad\u00e1 impulsan el turismo entre Portugal y Canad\u00e1"},"content":{"rendered":"<div data-elementor-type=\"wp-post\" data-elementor-id=\"9038\" class=\"elementor elementor-9038\" data-elementor-settings=\"{&quot;ha_cmc_init_switcher&quot;:&quot;no&quot;}\" data-elementor-post-type=\"post\">\n\t\t\t\t<div class=\"elementor-element elementor-element-63fbe57f e-flex e-con-boxed e-con e-parent\" data-id=\"63fbe57f\" data-element_type=\"container\" data-settings=\"{&quot;_ha_eqh_enable&quot;:false}\">\n\t\t\t\t\t<div class=\"e-con-inner\">\n\t\t\t\t<div class=\"elementor-element elementor-element-77b2f4a elementor-widget elementor-widget-heading\" data-id=\"77b2f4a\" data-element_type=\"widget\" data-widget_type=\"heading.default\">\n\t\t\t\t<div class=\"elementor-widget-container\">\n\t\t\t\t\t<h2 class=\"elementor-heading-title elementor-size-default\">Nuevos vuelos directos de Montreal a Oporto anunciados para 2025<\/h2>\t\t\t\t<\/div>\n\t\t\t\t<\/div>\n\t\t\t\t<div class=\"elementor-element elementor-element-fc39a82 elementor-widget elementor-widget-text-editor\" data-id=\"fc39a82\" data-element_type=\"widget\" data-widget_type=\"text-editor.default\">\n\t\t\t\t<div class=\"elementor-widget-container\">\n\t\t\t\t\t\t\t\t\t\n<p>Turismo de Portugal ha anunciado una nueva ruta directa entre Montreal y Oporto, operada por Air Canada. A partir de <a href=\"https:\/\/relocations.io\/portugal-top-beaches-your-ultimate-guide\/\">verano de 2025<\/a>Esta ruta estacional contar\u00e1 con cuatro vuelos semanales, lo que supone la primera ruta directa de Air Canada a Oporto y la tercera a Portugal.<\/p>\n\n<p>Esta ruta es el resultado de los esfuerzos conjuntos de Turismo de Portugal, ANA Aeroportos, Turismo do Porto e Norte de Portugal y Air Canada. Su objetivo es reforzar los lazos tur\u00edsticos y crear nuevas oportunidades comerciales entre Portugal y Canad\u00e1. Seg\u00fan Turismo de Portugal, Air Canada es un socio clave para ampliar las opciones de viajes a\u00e9reos desde Canad\u00e1.<\/p>\n\n<p>Carlos Abade, Presidente de <a href=\"https:\/\/www.turismodeportugal.pt\/pt\/Noticias\/Paginas\/air-canada-com-quatro-ligacoes-semanais-entre-montreal-porto-verao-2025.aspx\">Turismo de Portugal<\/a>, destaca que esta colaboraci\u00f3n forma parte de una estrategia para diversificar los mercados emisores de turistas a Portugal. Tambi\u00e9n pretende extender el turismo por todo Portugal a lo largo del a\u00f1o, reduciendo la congesti\u00f3n en las zonas populares.<\/p>\n\n<div class=\"wp-block-spacer\" style=\"height: 32px;\" aria-hidden=\"true\">\u00a0<\/div>\n<div class=\"wp-block-image\">\n<figure class=\"aligncenter size-large\"><img fetchpriority=\"high\" decoding=\"async\" data-recalc-dims=\"1\" height=\"512\" width=\"1024\" class=\"wp-image-9040\" src=\"https:\/\/i0.wp.com\/relocations.io\/wp-content\/uploads\/2024\/08\/Montreal-to-Porto.jpg?resize=1024%2C512&#038;ssl=1\" alt=\"sta colaboraci\u00f3n forma parte de una estrategia para diversificar los mercados emisores de turistas a Portugal. Tambi\u00e9n pretende extender el turismo por todo Portugal a lo largo del a\u00f1o, reduciendo la congesti\u00f3n en las zonas populares.\" srcset=\"https:\/\/i0.wp.com\/relocations.io\/wp-content\/uploads\/2024\/08\/Montreal-to-Porto.jpg?w=1920&amp;ssl=1 1920w, https:\/\/i0.wp.com\/relocations.io\/wp-content\/uploads\/2024\/08\/Montreal-to-Porto.jpg?resize=300%2C150&amp;ssl=1 300w, https:\/\/i0.wp.com\/relocations.io\/wp-content\/uploads\/2024\/08\/Montreal-to-Porto.jpg?resize=1024%2C512&amp;ssl=1 1024w, https:\/\/i0.wp.com\/relocations.io\/wp-content\/uploads\/2024\/08\/Montreal-to-Porto.jpg?resize=768%2C384&amp;ssl=1 768w, https:\/\/i0.wp.com\/relocations.io\/wp-content\/uploads\/2024\/08\/Montreal-to-Porto.jpg?resize=1536%2C768&amp;ssl=1 1536w, https:\/\/i0.wp.com\/relocations.io\/wp-content\/uploads\/2024\/08\/Montreal-to-Porto.jpg?resize=18%2C9&amp;ssl=1 18w, https:\/\/i0.wp.com\/relocations.io\/wp-content\/uploads\/2024\/08\/Montreal-to-Porto.jpg?resize=640%2C320&amp;ssl=1 640w, https:\/\/i0.wp.com\/relocations.io\/wp-content\/uploads\/2024\/08\/Montreal-to-Porto.jpg?resize=50%2C25&amp;ssl=1 50w, https:\/\/i0.wp.com\/relocations.io\/wp-content\/uploads\/2024\/08\/Montreal-to-Porto.jpg?resize=100%2C50&amp;ssl=1 100w, https:\/\/i0.wp.com\/relocations.io\/wp-content\/uploads\/2024\/08\/Montreal-to-Porto.jpg?resize=600%2C300&amp;ssl=1 600w\" sizes=\"(max-width: 1024px) 100vw, 1024px\" \/><\/figure>\n<\/div>\n<div class=\"wp-block-spacer\" style=\"height: 33px;\" aria-hidden=\"true\">\u00a0<\/div>\n\n<h4 id=\"h-canadian-tourism-to-portugal-shows-strong-growth\" class=\"wp-block-heading\"><strong>Fuerte crecimiento del turismo canadiense en Portugal<\/strong><\/h4>\n\n<p>El mercado canadiense ha registrado un crecimiento significativo del turismo en Portugal. En 2023, Canad\u00e1 ocupaba el 10\u00ba puesto en pernoctaciones y el 9\u00ba en n\u00famero de hu\u00e9spedes en Portugal. <a href=\"https:\/\/relocations.io\/moving-from-canada-to-portugal-a-comprehensive-guide\/\">Canadiense<\/a> Los turistas representaron 2,7% de las pernoctaciones y 3,3% del total de hu\u00e9spedes. En comparaci\u00f3n con 2022, las pernoctaciones de canadienses aumentaron un 56,9%. El n\u00famero de hu\u00e9spedes canadienses aument\u00f3 un 54,5%, alcanzando los 593.000.<\/p>\n\n<p>Estos nuevos vuelos directos de Montreal a Oporto suponen un impulso estrat\u00e9gico para la conectividad y el turismo entre Canad\u00e1 y Portugal. La ruta reforzar\u00e1 los lazos econ\u00f3micos y culturales entre ambos pa\u00edses. Atraer\u00e1 m\u00e1s turistas canadienses a Portugal y fomentar\u00e1 el turismo regional. Esta iniciativa apoya un crecimiento tur\u00edstico m\u00e1s amplio y fomenta unas conexiones culturales y empresariales m\u00e1s estrechas. En general, refuerza significativamente la relaci\u00f3n entre Canad\u00e1 y Portugal.<\/p>\n\t\t\t\t\t\t\t\t<\/div>\n\t\t\t\t<\/div>\n\t\t\t\t\t<\/div>\n\t\t\t\t<\/div>\n\t\t\t\t<\/div>","protected":false},"excerpt":{"rendered":"<p>Una nueva ruta a\u00e9rea directa de Air Canada conecta Montreal (Canad\u00e1) y Oporto (Portugal). Este servicio ofrece una c\u00f3moda opci\u00f3n de viaje para los turistas y la comunidad portuguesa en Canad\u00e1. Destaca las ventajas del vuelo directo, como el ahorro de tiempo y la mayor comodidad del viaje, y tambi\u00e9n promociona Oporto como un destino atractivo con sus lugares hist\u00f3ricos y su rica cultura.<\/p>","protected":false},"author":2,"featured_media":9039,"comment_status":"closed","ping_status":"closed","sticky":false,"template":"","format":"standard","meta":{"_jetpack_memberships_contains_paid_content":false,"footnotes":""},"categories":[165,147,60,146,61,68],"tags":[129,166,93,70,92],"class_list":["post-9038","post","type-post","status-publish","format-standard","has-post-thumbnail","hentry","category-canada","category-cultural-activities","category-europe","category-national-holidays","category-portugal","category-relocations-io","tag-canada-to-portugal","tag-flights-to-portugal","tag-holidays","tag-moving-to-europe","tag-portugal"],"jetpack_featured_media_url":"https:\/\/i0.wp.com\/relocations.io\/wp-content\/uploads\/2024\/08\/New-Flights.jpg?fit=1920%2C960&ssl=1","jetpack-related-posts":[{"id":7406,"url":"https:\/\/relocations.io\/es\/los-brasilenos-que-se-trasladan-a-portugal-abrazan-nuevas-oportunidades-en-una-historia-compartida\/","url_meta":{"origin":9038,"position":0},"title":"Brasile\u00f1os que se trasladan a Portugal: Nuevas oportunidades en una historia compartida","author":"Relocations.io","date":"julio 1, 2023","format":false,"excerpt":"Explore los lazos hist\u00f3ricos entre Brasil y Portugal mientras los brasile\u00f1os buscan nuevas oportunidades en la tierra de su pasado colonial. Con una lengua y una afinidad cultural compartidas, Portugal ofrece un entorno acogedor para que los brasile\u00f1os prosperen en diversos sectores, desde la tecnolog\u00eda al turismo.","rel":"","context":"En \u00abEurope\u00bb","block_context":{"text":"Europe","link":"https:\/\/relocations.io\/es\/categoria\/europa-2\/"},"img":{"alt_text":"","src":"https:\/\/i0.wp.com\/relocations.io\/wp-content\/uploads\/2022\/11\/36.jpg?fit=1200%2C675&ssl=1&resize=350%2C200","width":350,"height":200,"srcset":"https:\/\/i0.wp.com\/relocations.io\/wp-content\/uploads\/2022\/11\/36.jpg?fit=1200%2C675&ssl=1&resize=350%2C200 1x, https:\/\/i0.wp.com\/relocations.io\/wp-content\/uploads\/2022\/11\/36.jpg?fit=1200%2C675&ssl=1&resize=525%2C300 1.5x, https:\/\/i0.wp.com\/relocations.io\/wp-content\/uploads\/2022\/11\/36.jpg?fit=1200%2C675&ssl=1&resize=700%2C400 2x, https:\/\/i0.wp.com\/relocations.io\/wp-content\/uploads\/2022\/11\/36.jpg?fit=1200%2C675&ssl=1&resize=1050%2C600 3x"},"classes":[]},{"id":8107,"url":"https:\/\/relocations.io\/es\/portugal-2024-celebra-la-fiesta-nacional\/","url_meta":{"origin":9038,"position":1},"title":"Explorando las Fiestas Nacionales de Portugal 2024: Gu\u00eda de celebraciones culturales","author":"Relocations.io","date":"agosto 12, 2024","format":false,"excerpt":"Las fiestas nacionales de Portugal 2024 ofrecen una rica experiencia de su cultura, historia y tradiciones. Entre las principales fiestas destacan el A\u00f1o Nuevo, el Carnaval, el D\u00eda de la Libertad, el D\u00eda de Portugal y la Navidad. Cada festividad ofrece celebraciones \u00fanicas, desde desfiles y ceremonias religiosas hasta reuniones familiares y actos p\u00fablicos, que ofrecen una visi\u00f3n de la vida portuguesa.","rel":"","context":"En \u00abCultural Activities\u00bb","block_context":{"text":"Cultural Activities","link":"https:\/\/relocations.io\/es\/categoria\/europa-2\/actividades-culturales\/"},"img":{"alt_text":"","src":"https:\/\/i0.wp.com\/relocations.io\/wp-content\/uploads\/2024\/08\/18-1.jpg?fit=1200%2C675&ssl=1&resize=350%2C200","width":350,"height":200,"srcset":"https:\/\/i0.wp.com\/relocations.io\/wp-content\/uploads\/2024\/08\/18-1.jpg?fit=1200%2C675&ssl=1&resize=350%2C200 1x, https:\/\/i0.wp.com\/relocations.io\/wp-content\/uploads\/2024\/08\/18-1.jpg?fit=1200%2C675&ssl=1&resize=525%2C300 1.5x, https:\/\/i0.wp.com\/relocations.io\/wp-content\/uploads\/2024\/08\/18-1.jpg?fit=1200%2C675&ssl=1&resize=700%2C400 2x, https:\/\/i0.wp.com\/relocations.io\/wp-content\/uploads\/2024\/08\/18-1.jpg?fit=1200%2C675&ssl=1&resize=1050%2C600 3x"},"classes":[]},{"id":7427,"url":"https:\/\/relocations.io\/es\/su-guia-sobre-los-requisitos-de-visado-y-ciudadania-en-portugal-navegar-hacia-una-nueva-vida\/","url_meta":{"origin":9038,"position":2},"title":"Su gu\u00eda sobre los requisitos de visado y ciudadan\u00eda en Portugal: El camino hacia una nueva vida","author":"Relocations.io","date":"junio 1, 2024","format":false,"excerpt":"Descubra los pasos esenciales para trasladarse a Portugal, desde los requisitos de visado hasta los tr\u00e1mites de ciudadan\u00eda. Nuestra gu\u00eda simplifica el proceso, garantizando una transici\u00f3n fluida a su nueva vida en este cautivador pa\u00eds.","rel":"","context":"En \u00abEurope\u00bb","block_context":{"text":"Europe","link":"https:\/\/relocations.io\/es\/categoria\/europa-2\/"},"img":{"alt_text":"","src":"https:\/\/i0.wp.com\/relocations.io\/wp-content\/uploads\/2022\/11\/41.jpg?fit=1200%2C675&ssl=1&resize=350%2C200","width":350,"height":200,"srcset":"https:\/\/i0.wp.com\/relocations.io\/wp-content\/uploads\/2022\/11\/41.jpg?fit=1200%2C675&ssl=1&resize=350%2C200 1x, https:\/\/i0.wp.com\/relocations.io\/wp-content\/uploads\/2022\/11\/41.jpg?fit=1200%2C675&ssl=1&resize=525%2C300 1.5x, https:\/\/i0.wp.com\/relocations.io\/wp-content\/uploads\/2022\/11\/41.jpg?fit=1200%2C675&ssl=1&resize=700%2C400 2x, https:\/\/i0.wp.com\/relocations.io\/wp-content\/uploads\/2022\/11\/41.jpg?fit=1200%2C675&ssl=1&resize=1050%2C600 3x"},"classes":[]},{"id":7845,"url":"https:\/\/relocations.io\/es\/mudarse-de-canada-a-portugal-una-guia-completa\/","url_meta":{"origin":9038,"position":3},"title":"Mudarse de Canad\u00e1 a Portugal: Gu\u00eda completa","author":"Relocations.io","date":"enero 2, 2024","format":false,"excerpt":"Trasladarse de Canad\u00e1 a Portugal puede ser un viaje enriquecedor y satisfactorio. Las ventajas fiscales \u00fanicas de Portugal, su alta calidad de vida y su cultura acogedora lo convierten en un destino atractivo para los canadienses que buscan un nuevo comienzo.","rel":"","context":"En \u00abEurope\u00bb","block_context":{"text":"Europe","link":"https:\/\/relocations.io\/es\/categoria\/europa-2\/"},"img":{"alt_text":"","src":"https:\/\/i0.wp.com\/relocations.io\/wp-content\/uploads\/2024\/01\/Moving-Canada-To-Portugal.jpg?fit=1200%2C675&ssl=1&resize=350%2C200","width":350,"height":200,"srcset":"https:\/\/i0.wp.com\/relocations.io\/wp-content\/uploads\/2024\/01\/Moving-Canada-To-Portugal.jpg?fit=1200%2C675&ssl=1&resize=350%2C200 1x, https:\/\/i0.wp.com\/relocations.io\/wp-content\/uploads\/2024\/01\/Moving-Canada-To-Portugal.jpg?fit=1200%2C675&ssl=1&resize=525%2C300 1.5x, https:\/\/i0.wp.com\/relocations.io\/wp-content\/uploads\/2024\/01\/Moving-Canada-To-Portugal.jpg?fit=1200%2C675&ssl=1&resize=700%2C400 2x, https:\/\/i0.wp.com\/relocations.io\/wp-content\/uploads\/2024\/01\/Moving-Canada-To-Portugal.jpg?fit=1200%2C675&ssl=1&resize=1050%2C600 3x"},"classes":[]},{"id":7368,"url":"https:\/\/relocations.io\/es\/accion-de-gracias-en-europa\/","url_meta":{"origin":9038,"position":4},"title":"Acci\u00f3n de Gracias en Europa","author":"Relocations.io","date":"noviembre 1, 2022","format":false,"excerpt":"A pesar de sus ra\u00edces hist\u00f3ricas, Acci\u00f3n de Gracias no se ha adoptado como fiesta generalizada en Europa.","rel":"","context":"En \u00abEurope\u00bb","block_context":{"text":"Europe","link":"https:\/\/relocations.io\/es\/categoria\/europa-2\/"},"img":{"alt_text":"","src":"https:\/\/i0.wp.com\/relocations.io\/wp-content\/uploads\/2022\/11\/21.jpg?fit=1200%2C675&ssl=1&resize=350%2C200","width":350,"height":200,"srcset":"https:\/\/i0.wp.com\/relocations.io\/wp-content\/uploads\/2022\/11\/21.jpg?fit=1200%2C675&ssl=1&resize=350%2C200 1x, https:\/\/i0.wp.com\/relocations.io\/wp-content\/uploads\/2022\/11\/21.jpg?fit=1200%2C675&ssl=1&resize=525%2C300 1.5x, https:\/\/i0.wp.com\/relocations.io\/wp-content\/uploads\/2022\/11\/21.jpg?fit=1200%2C675&ssl=1&resize=700%2C400 2x, https:\/\/i0.wp.com\/relocations.io\/wp-content\/uploads\/2022\/11\/21.jpg?fit=1200%2C675&ssl=1&resize=1050%2C600 3x"},"classes":[]},{"id":8832,"url":"https:\/\/relocations.io\/es\/visado-portugues-para-solicitantes-de-empleo\/","url_meta":{"origin":9038,"position":5},"title":"Visado para buscar trabajo en Portugal: Su puerta de entrada para trabajar en Portugal","author":"Relocations.io","date":"agosto 16, 2024","format":false,"excerpt":"Discover how to navigate the Portugal Job Seeker Visa process, including eligibility, application steps, and key benefits. Learn how relocations.io can streamline your job search and relocation to Portugal, providing expert guidance on visa applications, document preparation, and local job markets. Get valuable insights on making a smooth transition to\u2026","rel":"","context":"En \u00abCitizenship\u00bb","block_context":{"text":"Citizenship","link":"https:\/\/relocations.io\/es\/categoria\/europa-2\/ciudadania\/"},"img":{"alt_text":"","src":"https:\/\/i0.wp.com\/relocations.io\/wp-content\/uploads\/2024\/08\/6-3.jpg?fit=1200%2C600&ssl=1&resize=350%2C200","width":350,"height":200,"srcset":"https:\/\/i0.wp.com\/relocations.io\/wp-content\/uploads\/2024\/08\/6-3.jpg?fit=1200%2C600&ssl=1&resize=350%2C200 1x, https:\/\/i0.wp.com\/relocations.io\/wp-content\/uploads\/2024\/08\/6-3.jpg?fit=1200%2C600&ssl=1&resize=525%2C300 1.5x, https:\/\/i0.wp.com\/relocations.io\/wp-content\/uploads\/2024\/08\/6-3.jpg?fit=1200%2C600&ssl=1&resize=700%2C400 2x, https:\/\/i0.wp.com\/relocations.io\/wp-content\/uploads\/2024\/08\/6-3.jpg?fit=1200%2C600&ssl=1&resize=1050%2C600 3x"},"classes":[]}],"jetpack_sharing_enabled":true,"_links":{"self":[{"href":"https:\/\/relocations.io\/es\/wp-json\/wp\/v2\/posts\/9038","targetHints":{"allow":["GET"]}}],"collection":[{"href":"https:\/\/relocations.io\/es\/wp-json\/wp\/v2\/posts"}],"about":[{"href":"https:\/\/relocations.io\/es\/wp-json\/wp\/v2\/types\/post"}],"author":[{"embeddable":true,"href":"https:\/\/relocations.io\/es\/wp-json\/wp\/v2\/users\/2"}],"replies":[{"embeddable":true,"href":"https:\/\/relocations.io\/es\/wp-json\/wp\/v2\/comments?post=9038"}],"version-history":[{"count":0,"href":"https:\/\/relocations.io\/es\/wp-json\/wp\/v2\/posts\/9038\/revisions"}],"wp:featuredmedia":[{"embeddable":true,"href":"https:\/\/relocations.io\/es\/wp-json\/wp\/v2\/media\/9039"}],"wp:attachment":[{"href":"https:\/\/relocations.io\/es\/wp-json\/wp\/v2\/media?parent=9038"}],"wp:term":[{"taxonomy":"category","embeddable":true,"href":"https:\/\/relocations.io\/es\/wp-json\/wp\/v2\/categories?post=9038"},{"taxonomy":"post_tag","embeddable":true,"href":"https:\/\/relocations.io\/es\/wp-json\/wp\/v2\/tags?post=9038"}],"curies":[{"name":"wp","href":"https:\/\/api.w.org\/{rel}","templated":true}]}}