{"id":9020,"date":"2024-09-02T10:00:00","date_gmt":"2024-09-02T09:00:00","guid":{"rendered":"https:\/\/relocations.io\/?p=9020"},"modified":"2024-09-11T17:45:06","modified_gmt":"2024-09-11T16:45:06","slug":"conectarse-en-portugal-la-guia-definitiva-de-operadores-moviles","status":"publish","type":"post","link":"https:\/\/relocations.io\/es\/conectarse-en-portugal-la-guia-definitiva-de-operadores-moviles\/","title":{"rendered":"Conectarse en Portugal: Gu\u00eda definitiva de operadores de telefon\u00eda m\u00f3vil"},"content":{"rendered":"<div data-elementor-type=\"wp-post\" data-elementor-id=\"9020\" class=\"elementor elementor-9020\" data-elementor-settings=\"{&quot;ha_cmc_init_switcher&quot;:&quot;no&quot;}\" data-elementor-post-type=\"post\">\n\t\t\t\t\t\t<section class=\"elementor-section elementor-top-section elementor-element elementor-element-4ddfaa6a elementor-section-boxed elementor-section-height-default elementor-section-height-default\" data-id=\"4ddfaa6a\" data-element_type=\"section\" data-settings=\"{&quot;_ha_eqh_enable&quot;:false}\">\n\t\t\t\t\t\t<div class=\"elementor-container elementor-column-gap-default\">\n\t\t\t\t\t<div class=\"elementor-column elementor-col-100 elementor-top-column elementor-element elementor-element-22750378\" data-id=\"22750378\" data-element_type=\"column\">\n\t\t\t<div class=\"elementor-widget-wrap elementor-element-populated\">\n\t\t\t\t\t\t<section class=\"elementor-section elementor-inner-section elementor-element elementor-element-a0ad098 elementor-section-boxed elementor-section-height-default elementor-section-height-default\" data-id=\"a0ad098\" data-element_type=\"section\" data-settings=\"{&quot;_ha_eqh_enable&quot;:false}\">\n\t\t\t\t\t\t<div class=\"elementor-container elementor-column-gap-default\">\n\t\t\t\t\t<div class=\"elementor-column elementor-col-50 elementor-inner-column elementor-element elementor-element-571a045b\" data-id=\"571a045b\" data-element_type=\"column\">\n\t\t\t<div class=\"elementor-widget-wrap elementor-element-populated\">\n\t\t\t\t\t\t<div class=\"elementor-element elementor-element-2830e21f elementor-widget elementor-widget-elementskit-heading\" data-id=\"2830e21f\" data-element_type=\"widget\" data-widget_type=\"elementskit-heading.default\">\n\t\t\t\t<div class=\"elementor-widget-container\">\n\t\t\t\t\t<div class=\"ekit-wid-con\" ><div class=\"ekit-heading elementskit-section-title-wraper text_left   ekit_heading_tablet-   ekit_heading_mobile-\"><h2 class=\"ekit-heading--title elementskit-section-title\">Su gu\u00eda completa para <br \/> Redes m\u00f3viles y eSIM en Portugal<\/h2><\/div><\/div>\t\t\t\t<\/div>\n\t\t\t\t<\/div>\n\t\t\t\t\t<\/div>\n\t\t<\/div>\n\t\t\t\t<div class=\"elementor-column elementor-col-50 elementor-inner-column elementor-element elementor-element-65fc7482\" data-id=\"65fc7482\" data-element_type=\"column\">\n\t\t\t<div class=\"elementor-widget-wrap elementor-element-populated\">\n\t\t\t\t\t\t<div class=\"elementor-element elementor-element-9823de3 elementor-widget elementor-widget-elementskit-heading\" data-id=\"9823de3\" data-element_type=\"widget\" data-widget_type=\"elementskit-heading.default\">\n\t\t\t\t<div class=\"elementor-widget-container\">\n\t\t\t\t\t<div class=\"ekit-wid-con\" ><div class=\"ekit-heading elementskit-section-title-wraper text_center   ekit_heading_tablet-   ekit_heading_mobile-\">\t\t\t\t<div class='ekit-heading__description'>\n\t\t\t\t\t<p>En <a href=\"https:\/\/relocations.io\/portugals-residence-visas-a-comprehensive-guide\/\">Trasladarse a Portugal<\/a> o pasar una larga temporada en este hermoso pa\u00eds, permanecer conectado es una prioridad absoluta. Tanto si se instala en Lisboa como si explora el soleado Algarve o trabaja a distancia desde las exuberantes Azores, es esencial disponer de una conexi\u00f3n de red m\u00f3vil fiable. En esta gu\u00eda, trataremos todo lo que necesita saber sobre las redes m\u00f3viles de Portugal, incluidos los operadores de telefon\u00eda m\u00f3vil disponibles, las tarjetas SIM, los contratos y la cada vez m\u00e1s popular tecnolog\u00eda eSIM.<\/p>\n\t\t\t\t<\/div>\n\t\t\t<\/div><\/div>\t\t\t\t<\/div>\n\t\t\t\t<\/div>\n\t\t\t\t\t<\/div>\n\t\t<\/div>\n\t\t\t\t\t<\/div>\n\t\t<\/section>\n\t\t\t\t<section class=\"elementor-section elementor-inner-section elementor-element elementor-element-97f0283 elementor-section-content-middle elementor-section-boxed elementor-section-height-default elementor-section-height-default elementor-invisible\" data-id=\"97f0283\" data-element_type=\"section\" data-settings=\"{&quot;animation&quot;:&quot;fadeInUp&quot;,&quot;_ha_eqh_enable&quot;:false}\">\n\t\t\t\t\t\t<div class=\"elementor-container elementor-column-gap-default\">\n\t\t\t\t\t<div class=\"elementor-column elementor-col-50 elementor-inner-column elementor-element elementor-element-5ef3b869 elementor-hidden-phone\" data-id=\"5ef3b869\" data-element_type=\"column\" data-settings=\"{&quot;background_background&quot;:&quot;classic&quot;}\">\n\t\t\t<div class=\"elementor-widget-wrap elementor-element-populated\">\n\t\t\t\t\t\t<div class=\"elementor-element elementor-element-9cab2c4 elementor-widget elementor-widget-image\" data-id=\"9cab2c4\" data-element_type=\"widget\" data-widget_type=\"image.default\">\n\t\t\t\t<div class=\"elementor-widget-container\">\n\t\t\t\t\t\t\t\t\t\t\t\t\t\t\t<img fetchpriority=\"high\" decoding=\"async\" width=\"500\" height=\"500\" src=\"https:\/\/i0.wp.com\/relocations.io\/wp-content\/uploads\/conectivity.png?fit=500%2C500&amp;ssl=1\" class=\"attachment-full size-full wp-image-61999\" alt=\"\" srcset=\"https:\/\/i0.wp.com\/relocations.io\/wp-content\/uploads\/conectivity.png?w=500&amp;ssl=1 500w, https:\/\/i0.wp.com\/relocations.io\/wp-content\/uploads\/conectivity.png?resize=300%2C300&amp;ssl=1 300w, https:\/\/i0.wp.com\/relocations.io\/wp-content\/uploads\/conectivity.png?resize=150%2C150&amp;ssl=1 150w, https:\/\/i0.wp.com\/relocations.io\/wp-content\/uploads\/conectivity.png?resize=12%2C12&amp;ssl=1 12w, https:\/\/i0.wp.com\/relocations.io\/wp-content\/uploads\/conectivity.png?resize=100%2C100&amp;ssl=1 100w\" sizes=\"(max-width: 500px) 100vw, 500px\" \/>\t\t\t\t\t\t\t\t\t\t\t\t\t\t\t<\/div>\n\t\t\t\t<\/div>\n\t\t\t\t\t<\/div>\n\t\t<\/div>\n\t\t\t\t<div class=\"elementor-column elementor-col-50 elementor-inner-column elementor-element elementor-element-7dd487eb\" data-id=\"7dd487eb\" data-element_type=\"column\" data-settings=\"{&quot;background_background&quot;:&quot;classic&quot;}\">\n\t\t\t<div class=\"elementor-widget-wrap elementor-element-populated\">\n\t\t\t\t\t\t<div class=\"elementor-element elementor-element-43e3608f elementor-widget elementor-widget-image\" data-id=\"43e3608f\" data-element_type=\"widget\" data-widget_type=\"image.default\">\n\t\t\t\t<div class=\"elementor-widget-container\">\n\t\t\t\t\t\t\t\t\t\t\t\t\t\t\t<img decoding=\"async\" width=\"500\" height=\"500\" src=\"https:\/\/i0.wp.com\/relocations.io\/wp-content\/uploads\/mobile-network.png?fit=500%2C500&amp;ssl=1\" class=\"attachment-large size-large wp-image-62000\" alt=\"\" srcset=\"https:\/\/i0.wp.com\/relocations.io\/wp-content\/uploads\/mobile-network.png?w=500&amp;ssl=1 500w, https:\/\/i0.wp.com\/relocations.io\/wp-content\/uploads\/mobile-network.png?resize=300%2C300&amp;ssl=1 300w, https:\/\/i0.wp.com\/relocations.io\/wp-content\/uploads\/mobile-network.png?resize=150%2C150&amp;ssl=1 150w, https:\/\/i0.wp.com\/relocations.io\/wp-content\/uploads\/mobile-network.png?resize=12%2C12&amp;ssl=1 12w, https:\/\/i0.wp.com\/relocations.io\/wp-content\/uploads\/mobile-network.png?resize=100%2C100&amp;ssl=1 100w\" sizes=\"(max-width: 500px) 100vw, 500px\" \/>\t\t\t\t\t\t\t\t\t\t\t\t\t\t\t<\/div>\n\t\t\t\t<\/div>\n\t\t\t\t\t<\/div>\n\t\t<\/div>\n\t\t\t\t\t<\/div>\n\t\t<\/section>\n\t\t\t\t\t<\/div>\n\t\t<\/div>\n\t\t\t\t\t<\/div>\n\t\t<\/section>\n\t\t\t\t<section class=\"elementor-section elementor-top-section elementor-element elementor-element-dff0263 elementor-section-boxed elementor-section-height-default elementor-section-height-default\" data-id=\"dff0263\" data-element_type=\"section\" data-settings=\"{&quot;background_background&quot;:&quot;classic&quot;,&quot;_ha_eqh_enable&quot;:false}\">\n\t\t\t\t\t\t<div class=\"elementor-container elementor-column-gap-no\">\n\t\t\t\t\t<div class=\"elementor-column elementor-col-100 elementor-top-column elementor-element elementor-element-26f2949b\" data-id=\"26f2949b\" data-element_type=\"column\">\n\t\t\t<div class=\"elementor-widget-wrap elementor-element-populated\">\n\t\t\t\t\t\t<section class=\"elementor-section elementor-inner-section elementor-element elementor-element-23753d85 elementor-section-boxed elementor-section-height-default elementor-section-height-default elementor-invisible\" data-id=\"23753d85\" data-element_type=\"section\" data-settings=\"{&quot;animation&quot;:&quot;fadeInUp&quot;,&quot;_ha_eqh_enable&quot;:false}\">\n\t\t\t\t\t\t<div class=\"elementor-container elementor-column-gap-default\">\n\t\t\t\t\t<div class=\"elementor-column elementor-col-100 elementor-inner-column elementor-element elementor-element-314eb2ea\" data-id=\"314eb2ea\" data-element_type=\"column\">\n\t\t\t<div class=\"elementor-widget-wrap elementor-element-populated\">\n\t\t\t\t\t\t<div class=\"elementor-element elementor-element-24506974 elementor-widget elementor-widget-elementskit-heading\" data-id=\"24506974\" data-element_type=\"widget\" data-widget_type=\"elementskit-heading.default\">\n\t\t\t\t<div class=\"elementor-widget-container\">\n\t\t\t\t\t<div class=\"ekit-wid-con\" ><div class=\"ekit-heading elementskit-section-title-wraper text_center   ekit_heading_tablet-   ekit_heading_mobile-\"><h2 class=\"ekit-heading--title elementskit-section-title\">Panorama de las redes m\u00f3viles en Portugal<\/h2><\/div><\/div>\t\t\t\t<\/div>\n\t\t\t\t<\/div>\n\t\t\t\t\t<\/div>\n\t\t<\/div>\n\t\t\t\t\t<\/div>\n\t\t<\/section>\n\t\t\t\t<section class=\"elementor-section elementor-inner-section elementor-element elementor-element-4b19b4c1 elementor-section-boxed elementor-section-height-default elementor-section-height-default elementor-invisible\" data-id=\"4b19b4c1\" data-element_type=\"section\" data-settings=\"{&quot;animation&quot;:&quot;fadeInUp&quot;,&quot;_ha_eqh_enable&quot;:false}\">\n\t\t\t\t\t\t<div class=\"elementor-container elementor-column-gap-extended\">\n\t\t\t\t\t<div class=\"elementor-column elementor-col-100 elementor-inner-column elementor-element elementor-element-6d26684f\" data-id=\"6d26684f\" data-element_type=\"column\">\n\t\t\t<div class=\"elementor-widget-wrap elementor-element-populated\">\n\t\t\t\t\t\t<div class=\"elementor-element elementor-element-293d1649 ekit-equal-height-disable elementor-widget elementor-widget-elementskit-icon-box\" data-id=\"293d1649\" data-element_type=\"widget\" data-widget_type=\"elementskit-icon-box.default\">\n\t\t\t\t<div class=\"elementor-widget-container\">\n\t\t\t\t\t<div class=\"ekit-wid-con\" >        <!-- link opening -->\n                <a href=\"#\" class=\"ekit_global_links\">\n                <!-- end link opening -->\n\n        <div class=\"elementskit-infobox text-left text-left icon-top-align elementor-animation-  gradient-active  hover_from_top\">\n                    <div class=\"elementskit-box-header elementor-animation-\">\n                <div class=\"elementskit-info-box-icon\">\n                    \n                <\/div>\n          <\/div>\n                        <div class=\"box-body\">\n                        \t\t  \t<p>Portugal ofrece un sistema de red m\u00f3vil bien establecido que sirve con eficacia tanto a residentes como a visitantes. Como la mayor\u00eda de los pa\u00edses europeos, Portugal utiliza la red GSM para las comunicaciones m\u00f3viles. Esto significa que la mayor\u00eda de los tel\u00e9fonos m\u00f3viles de Europa, Asia y muchas otras regiones funcionar\u00e1n sin problemas a su llegada. Incluso si viene de un pa\u00eds que utiliza la red CDMA, como algunas zonas de Estados Unidos, Jap\u00f3n o Canad\u00e1, su tel\u00e9fono inteligente deber\u00eda conectarse a las redes portuguesas, siempre que sea compatible con GSM.<\/p>\n                                <\/div>\n        \n        \n                <\/div>\n                <\/a>\n        <\/div>\t\t\t\t<\/div>\n\t\t\t\t<\/div>\n\t\t\t\t\t<\/div>\n\t\t<\/div>\n\t\t\t\t\t<\/div>\n\t\t<\/section>\n\t\t\t\t\t<\/div>\n\t\t<\/div>\n\t\t\t\t\t<\/div>\n\t\t<\/section>\n\t\t\t\t<section class=\"elementor-section elementor-top-section elementor-element elementor-element-40b9fa37 animated-slow elementor-section-boxed elementor-section-height-default elementor-section-height-default elementor-invisible\" data-id=\"40b9fa37\" data-element_type=\"section\" data-settings=\"{&quot;animation&quot;:&quot;fadeInUp&quot;,&quot;_ha_eqh_enable&quot;:false}\">\n\t\t\t\t\t\t<div class=\"elementor-container elementor-column-gap-default\">\n\t\t\t\t\t<div class=\"elementor-column elementor-col-100 elementor-top-column elementor-element elementor-element-7440967\" data-id=\"7440967\" data-element_type=\"column\">\n\t\t\t<div class=\"elementor-widget-wrap elementor-element-populated\">\n\t\t\t\t\t\t<div class=\"elementor-element elementor-element-a51448b elementor-widget elementor-widget-heading\" data-id=\"a51448b\" data-element_type=\"widget\" data-widget_type=\"heading.default\">\n\t\t\t\t<div class=\"elementor-widget-container\">\n\t\t\t\t\t<h1 class=\"elementor-heading-title elementor-size-default\">Cobertura y calidad de la red<\/h1>\t\t\t\t<\/div>\n\t\t\t\t<\/div>\n\t\t\t\t<div class=\"elementor-element elementor-element-e87b451 elementor-widget elementor-widget-text-editor\" data-id=\"e87b451\" data-element_type=\"widget\" data-widget_type=\"text-editor.default\">\n\t\t\t\t<div class=\"elementor-widget-container\">\n\t\t\t\t\t\t\t\t\t<p>La infraestructura de red m\u00f3vil de Portugal es s\u00f3lida, con una amplia cobertura 4G en todo el pa\u00eds. Las redes 4G y 4G+ cubren la mayor\u00eda de las zonas urbanas y suburbanas, as\u00ed como las regiones rurales, incluidas las islas de Madeira y Azores. Sin embargo, aunque la mayor\u00eda de las regiones tienen una cobertura decente, la conectividad puede variar en zonas remotas o monta\u00f1osas. Los centros urbanos como Lisboa, Oporto y Coimbra suelen tener una excelente cobertura 4G y 5G, mientras que las zonas m\u00e1s aisladas pueden experimentar velocidades m\u00e1s lentas o un servicio irregular. Es aconsejable consultar los mapas de cobertura de su ubicaci\u00f3n espec\u00edfica antes de comprometerse con un operador de telefon\u00eda m\u00f3vil.<\/p>\n<!-- \/wp:paragraph --><!-- wp:paragraph -->\n<p>La tecnolog\u00eda 5G tambi\u00e9n se est\u00e1 expandiendo r\u00e1pidamente en Portugal. Las principales ciudades y las zonas densamente pobladas est\u00e1n empezando a ver el despliegue de 5G, aunque la cobertura nacional completa a\u00fan est\u00e1 en desarrollo. Si tienes un dispositivo compatible con 5G, puedes beneficiarte de velocidades m\u00e1s altas y conexiones m\u00e1s estables en ciertas partes del pa\u00eds.<\/p>\t\t\t\t\t\t\t\t<\/div>\n\t\t\t\t<\/div>\n\t\t\t\t<section class=\"elementor-section elementor-inner-section elementor-element elementor-element-acbb5bf animated-slow elementor-section-boxed elementor-section-height-default elementor-section-height-default elementor-invisible\" data-id=\"acbb5bf\" data-element_type=\"section\" data-settings=\"{&quot;animation&quot;:&quot;fadeInUp&quot;,&quot;_ha_eqh_enable&quot;:false}\">\n\t\t\t\t\t\t<div class=\"elementor-container elementor-column-gap-default\">\n\t\t\t\t\t<div class=\"elementor-column elementor-col-100 elementor-inner-column elementor-element elementor-element-53e39e0\" data-id=\"53e39e0\" data-element_type=\"column\">\n\t\t\t<div class=\"elementor-widget-wrap elementor-element-populated\">\n\t\t\t\t\t\t<div class=\"elementor-element elementor-element-6c120af elementor-widget elementor-widget-heading\" data-id=\"6c120af\" data-element_type=\"widget\" data-widget_type=\"heading.default\">\n\t\t\t\t<div class=\"elementor-widget-container\">\n\t\t\t\t\t<h1 class=\"elementor-heading-title elementor-size-default\">Principales operadores de telefon\u00eda m\u00f3vil en Portugal<\/h1>\t\t\t\t<\/div>\n\t\t\t\t<\/div>\n\t\t\t\t<div class=\"elementor-element elementor-element-71f40bc elementor-widget elementor-widget-text-editor\" data-id=\"71f40bc\" data-element_type=\"widget\" data-widget_type=\"text-editor.default\">\n\t\t\t\t<div class=\"elementor-widget-container\">\n\t\t\t\t\t\t\t\t\t<p>A pesar de su tama\u00f1o relativamente peque\u00f1o, el mercado portugu\u00e9s de la telefon\u00eda m\u00f3vil es muy competitivo. Los principales operadores de redes m\u00f3viles (ORM) son MEO, Vodafone y NOS. Cada uno ofrece varios planes de prepago y pospago adaptados a distintas necesidades, desde cortas estancias a contratos de larga duraci\u00f3n.<\/p>\t\t\t\t\t\t\t\t<\/div>\n\t\t\t\t<\/div>\n\t\t\t\t\t<\/div>\n\t\t<\/div>\n\t\t\t\t\t<\/div>\n\t\t<\/section>\n\t\t\t\t<section class=\"elementor-section elementor-inner-section elementor-element elementor-element-303f4d73 animated-slow elementor-section-boxed elementor-section-height-default elementor-section-height-default elementor-invisible\" data-id=\"303f4d73\" data-element_type=\"section\" data-settings=\"{&quot;animation&quot;:&quot;fadeInUp&quot;,&quot;_ha_eqh_enable&quot;:false}\">\n\t\t\t\t\t\t<div class=\"elementor-container elementor-column-gap-default\">\n\t\t\t\t\t<div class=\"elementor-column elementor-col-100 elementor-inner-column elementor-element elementor-element-f43346e\" data-id=\"f43346e\" data-element_type=\"column\">\n\t\t\t<div class=\"elementor-widget-wrap elementor-element-populated\">\n\t\t\t\t\t\t<div class=\"elementor-element elementor-element-447c832 elementor-icon-list--layout-traditional elementor-list-item-link-full_width elementor-widget elementor-widget-icon-list\" data-id=\"447c832\" data-element_type=\"widget\" data-widget_type=\"icon-list.default\">\n\t\t\t\t<div class=\"elementor-widget-container\">\n\t\t\t\t\t\t\t<ul class=\"elementor-icon-list-items\">\n\t\t\t\t\t\t\t<li class=\"elementor-icon-list-item\">\n\t\t\t\t\t\t\t\t\t\t\t<span class=\"elementor-icon-list-icon\">\n\t\t\t\t\t\t\t<svg aria-hidden=\"true\" class=\"e-font-icon-svg e-far-check-circle\" viewbox=\"0 0 512 512\" xmlns=\"http:\/\/www.w3.org\/2000\/svg\"><path d=\"M256 8C119.033 8 8 119.033 8 256s111.033 248 248 248 248-111.033 248-248S392.967 8 256 8zm0 48c110.532 0 200 89.451 200 200 0 110.532-89.451 200-200 200-110.532 0-200-89.451-200-200 0-110.532 89.451-200 200-200m140.204 130.267l-22.536-22.718c-4.667-4.705-12.265-4.736-16.97-.068L215.346 303.697l-59.792-60.277c-4.667-4.705-12.265-4.736-16.97-.069l-22.719 22.536c-4.705 4.667-4.736 12.265-.068 16.971l90.781 91.516c4.667 4.705 12.265 4.736 16.97.068l172.589-171.204c4.704-4.668 4.734-12.266.067-16.971z\"><\/path><\/svg>\t\t\t\t\t\t<\/span>\n\t\t\t\t\t\t\t\t\t\t<span class=\"elementor-icon-list-text\">MEO: Operado por Altice Portugal, MEO es el mayor proveedor de redes m\u00f3viles, con cerca de 42% de cuota de mercado. Es conocido por tener la cobertura m\u00e1s amplia de Portugal, especialmente en zonas remotas y rurales.<\/span>\n\t\t\t\t\t\t\t\t\t<\/li>\n\t\t\t\t\t\t\t\t<li class=\"elementor-icon-list-item\">\n\t\t\t\t\t\t\t\t\t\t\t<span class=\"elementor-icon-list-icon\">\n\t\t\t\t\t\t\t<svg aria-hidden=\"true\" class=\"e-font-icon-svg e-far-check-circle\" viewbox=\"0 0 512 512\" xmlns=\"http:\/\/www.w3.org\/2000\/svg\"><path d=\"M256 8C119.033 8 8 119.033 8 256s111.033 248 248 248 248-111.033 248-248S392.967 8 256 8zm0 48c110.532 0 200 89.451 200 200 0 110.532-89.451 200-200 200-110.532 0-200-89.451-200-200 0-110.532 89.451-200 200-200m140.204 130.267l-22.536-22.718c-4.667-4.705-12.265-4.736-16.97-.068L215.346 303.697l-59.792-60.277c-4.667-4.705-12.265-4.736-16.97-.069l-22.719 22.536c-4.705 4.667-4.736 12.265-.068 16.971l90.781 91.516c4.667 4.705 12.265 4.736 16.97.068l172.589-171.204c4.704-4.668 4.734-12.266.067-16.971z\"><\/path><\/svg>\t\t\t\t\t\t<\/span>\n\t\t\t\t\t\t\t\t\t\t<span class=\"elementor-icon-list-text\">Vodafone Portugal: Con cerca de 30% del mercado, Vodafone es otro actor importante, conocido por sus precios competitivos y su gama de planes. Vodafone tambi\u00e9n ofrece una s\u00f3lida cobertura y est\u00e1 ampliando su red 5G por todo el pa\u00eds.<\/span>\n\t\t\t\t\t\t\t\t\t<\/li>\n\t\t\t\t\t\t\t\t<li class=\"elementor-icon-list-item\">\n\t\t\t\t\t\t\t\t\t\t\t<span class=\"elementor-icon-list-icon\">\n\t\t\t\t\t\t\t<svg aria-hidden=\"true\" class=\"e-font-icon-svg e-far-check-circle\" viewbox=\"0 0 512 512\" xmlns=\"http:\/\/www.w3.org\/2000\/svg\"><path d=\"M256 8C119.033 8 8 119.033 8 256s111.033 248 248 248 248-111.033 248-248S392.967 8 256 8zm0 48c110.532 0 200 89.451 200 200 0 110.532-89.451 200-200 200-110.532 0-200-89.451-200-200 0-110.532 89.451-200 200-200m140.204 130.267l-22.536-22.718c-4.667-4.705-12.265-4.736-16.97-.068L215.346 303.697l-59.792-60.277c-4.667-4.705-12.265-4.736-16.97-.069l-22.719 22.536c-4.705 4.667-4.736 12.265-.068 16.971l90.781 91.516c4.667 4.705 12.265 4.736 16.97.068l172.589-171.204c4.704-4.668 4.734-12.266.067-16.971z\"><\/path><\/svg>\t\t\t\t\t\t<\/span>\n\t\t\t\t\t\t\t\t\t\t<span class=\"elementor-icon-list-text\">NOS: Con aproximadamente 24% del mercado, NOS es popular por sus servicios combinados que incluyen paquetes de m\u00f3vil, Internet y televisi\u00f3n. Ofrece planes y cobertura competitivos, sobre todo en zonas urbanas.<\/span>\n\t\t\t\t\t\t\t\t\t<\/li>\n\t\t\t\t\t\t\t\t<li class=\"elementor-icon-list-item\">\n\t\t\t\t\t\t\t\t\t\t\t<span class=\"elementor-icon-list-icon\">\n\t\t\t\t\t\t\t<svg aria-hidden=\"true\" class=\"e-font-icon-svg e-far-check-circle\" viewbox=\"0 0 512 512\" xmlns=\"http:\/\/www.w3.org\/2000\/svg\"><path d=\"M256 8C119.033 8 8 119.033 8 256s111.033 248 248 248 248-111.033 248-248S392.967 8 256 8zm0 48c110.532 0 200 89.451 200 200 0 110.532-89.451 200-200 200-110.532 0-200-89.451-200-200 0-110.532 89.451-200 200-200m140.204 130.267l-22.536-22.718c-4.667-4.705-12.265-4.736-16.97-.068L215.346 303.697l-59.792-60.277c-4.667-4.705-12.265-4.736-16.97-.069l-22.719 22.536c-4.705 4.667-4.736 12.265-.068 16.971l90.781 91.516c4.667 4.705 12.265 4.736 16.97.068l172.589-171.204c4.704-4.668 4.734-12.266.067-16.971z\"><\/path><\/svg>\t\t\t\t\t\t<\/span>\n\t\t\t\t\t\t\t\t\t\t<span class=\"elementor-icon-list-text\">OMV (Operadores M\u00f3viles Virtuales): Adem\u00e1s de estos operadores principales, Portugal alberga varios OMV como WTF, Yorn y NOWO. Estos proveedores operan en las redes de los tres grandes (MEO, Vodafone, NOS) y suelen ofrecer planes de nicho dirigidos a un p\u00fablico m\u00e1s joven o a segmentos espec\u00edficos de clientes.<\/span>\n\t\t\t\t\t\t\t\t\t<\/li>\n\t\t\t\t\t\t<\/ul>\n\t\t\t\t\t\t<\/div>\n\t\t\t\t<\/div>\n\t\t\t\t\t<\/div>\n\t\t<\/div>\n\t\t\t\t\t<\/div>\n\t\t<\/section>\n\t\t<div class=\"elementor-element elementor-element-597da5b e-flex e-con-boxed e-con e-parent\" data-id=\"597da5b\" data-element_type=\"container\" data-settings=\"{&quot;_ha_eqh_enable&quot;:false}\">\n\t\t\t\t\t<div class=\"e-con-inner\">\n\t\t\t\t<div class=\"elementor-element elementor-element-a12c3e1 elementor-widget elementor-widget-heading\" data-id=\"a12c3e1\" data-element_type=\"widget\" data-widget_type=\"heading.default\">\n\t\t\t\t<div class=\"elementor-widget-container\">\n\t\t\t\t\t<h1 class=\"elementor-heading-title elementor-size-default\">Tarjetas SIM: Prepago frente a contratos de telefon\u00eda m\u00f3vil<\/h1>\t\t\t\t<\/div>\n\t\t\t\t<\/div>\n\t\t\t\t<div class=\"elementor-element elementor-element-274ceac elementor-widget elementor-widget-text-editor\" data-id=\"274ceac\" data-element_type=\"widget\" data-widget_type=\"text-editor.default\">\n\t\t\t\t<div class=\"elementor-widget-container\">\n\t\t\t\t\t\t\t\t\t<p>A la hora de conseguir un n\u00famero de tel\u00e9fono en Portugal, tiene dos opciones principales: las tarjetas SIM de prepago y los contratos de telefon\u00eda m\u00f3vil.<\/p>\t\t\t\t\t\t\t\t<\/div>\n\t\t\t\t<\/div>\n\t\t\t\t\t<\/div>\n\t\t\t\t<\/div>\n\t\t\t\t\t<\/div>\n\t\t<\/div>\n\t\t\t\t\t<\/div>\n\t\t<\/section>\n\t\t<div class=\"elementor-element elementor-element-6f456e9 e-flex e-con-boxed e-con e-parent\" data-id=\"6f456e9\" data-element_type=\"container\" data-settings=\"{&quot;_ha_eqh_enable&quot;:false}\">\n\t\t\t\t\t<div class=\"e-con-inner\">\n\t\t<div class=\"elementor-element elementor-element-9c50872 e-con-full e-flex e-con e-child\" data-id=\"9c50872\" data-element_type=\"container\" data-settings=\"{&quot;_ha_eqh_enable&quot;:false}\">\n\t\t\t\t<div class=\"elementor-element elementor-element-f7a57e4 elementor-widget elementor-widget-icon-box\" data-id=\"f7a57e4\" data-element_type=\"widget\" data-widget_type=\"icon-box.default\">\n\t\t\t\t<div class=\"elementor-widget-container\">\n\t\t\t\t\t\t\t<div class=\"elementor-icon-box-wrapper\">\n\n\t\t\t\n\t\t\t\t\t\t<div class=\"elementor-icon-box-content\">\n\n\t\t\t\t\t\t\t\t\t<h3 class=\"elementor-icon-box-title\">\n\t\t\t\t\t\t<span  >\n\t\t\t\t\t\t\tTarjetas SIM de prepago\t\t\t\t\t\t<\/span>\n\t\t\t\t\t<\/h3>\n\t\t\t\t\n\t\t\t\t\n\t\t\t<\/div>\n\t\t\t\n\t\t<\/div>\n\t\t\t\t\t\t<\/div>\n\t\t\t\t<\/div>\n\t\t\t\t<div class=\"elementor-element elementor-element-96fd840 elementor-widget elementor-widget-text-editor\" data-id=\"96fd840\" data-element_type=\"widget\" data-widget_type=\"text-editor.default\">\n\t\t\t\t<div class=\"elementor-widget-container\">\n\t\t\t\t\t\t\t\t\t<p>Las tarjetas SIM de prepago (pr\u00e9-pago) ofrecen flexibilidad y no suponen un compromiso a largo plazo, lo que las convierte en una excelente opci\u00f3n para turistas, visitantes de corta duraci\u00f3n y quienes deseen tener un mayor control sobre sus gastos. Estas tarjetas vienen con una cierta cantidad de minutos de llamadas, mensajes de texto y datos, y se pueden recargar f\u00e1cilmente en l\u00ednea, a trav\u00e9s de aplicaciones o en cajeros autom\u00e1ticos y tiendas locales. Los precios var\u00edan en funci\u00f3n del operador y del paquete elegido, pero el precio inicial oscila entre 10 y 30 \u20ac.<\/p>\n<p>Las tarjetas SIM de prepago est\u00e1n disponibles en:<\/p>\n<ol>\n<li>Tiendas de operadores m\u00f3viles (MEO, Vodafone, NOS)<\/li>\n<li>Supermercados y tiendas de conveniencia<\/li>\n<li>En l\u00ednea a trav\u00e9s de los sitios web de los operadores<\/li>\n<\/ol>\t\t\t\t\t\t\t\t<\/div>\n\t\t\t\t<\/div>\n\t\t\t\t<\/div>\n\t\t<div class=\"elementor-element elementor-element-9dced11 e-con-full e-flex e-con e-child\" data-id=\"9dced11\" data-element_type=\"container\" data-settings=\"{&quot;_ha_eqh_enable&quot;:false}\">\n\t\t\t\t<div class=\"elementor-element elementor-element-e635b23 elementor-widget elementor-widget-icon-box\" data-id=\"e635b23\" data-element_type=\"widget\" data-widget_type=\"icon-box.default\">\n\t\t\t\t<div class=\"elementor-widget-container\">\n\t\t\t\t\t\t\t<div class=\"elementor-icon-box-wrapper\">\n\n\t\t\t\n\t\t\t\t\t\t<div class=\"elementor-icon-box-content\">\n\n\t\t\t\t\t\t\t\t\t<h3 class=\"elementor-icon-box-title\">\n\t\t\t\t\t\t<span  >\n\t\t\t\t\t\t\tContratos de telefon\u00eda m\u00f3vil\t\t\t\t\t\t<\/span>\n\t\t\t\t\t<\/h3>\n\t\t\t\t\n\t\t\t\t\n\t\t\t<\/div>\n\t\t\t\n\t\t<\/div>\n\t\t\t\t\t\t<\/div>\n\t\t\t\t<\/div>\n\t\t\t\t<div class=\"elementor-element elementor-element-311b878 elementor-widget elementor-widget-text-editor\" data-id=\"311b878\" data-element_type=\"widget\" data-widget_type=\"text-editor.default\">\n\t\t\t\t<div class=\"elementor-widget-container\">\n\t\t\t\t\t\t\t\t\t<p>Para quienes planeen una estancia m\u00e1s larga, contratar un servicio de telefon\u00eda m\u00f3vil (p\u00f3s-pago) puede resultar m\u00e1s econ\u00f3mico. Los contratos suelen ofrecer tarifas m\u00e1s bajas para llamadas, mensajes de texto y datos que las opciones de prepago, y pueden incluir ventajas a\u00f1adidas, como llamadas ilimitadas dentro de Portugal o descuentos en itinerancia internacional. Los contratos suelen durar 24 meses, pero algunos operadores ofrecen opciones sin compromiso a un coste mensual m\u00e1s elevado. Los contratos de telefon\u00eda m\u00f3vil tambi\u00e9n pueden incluir un nuevo smartphone, que se paga a plazos a lo largo del periodo contractual.<\/p>\n<p>Para suscribir un contrato de telefon\u00eda m\u00f3vil en Portugal, necesitar\u00e1s:<\/p>\n<ol>\n<li>Documento de identidad v\u00e1lido (pasaporte o tarjeta de residencia)<\/li>\n<li>Justificante de domicilio en Portugal<\/li>\n<li>NIF (n\u00famero de identificaci\u00f3n fiscal)<\/li>\n<li>Datos de la cuenta bancaria (portuguesa o extranjera)<\/li>\n<\/ol>\t\t\t\t\t\t\t\t<\/div>\n\t\t\t\t<\/div>\n\t\t\t\t<\/div>\n\t\t\t\t\t<\/div>\n\t\t\t\t<\/div>\n\t\t<div class=\"elementor-element elementor-element-bddc739 e-flex e-con-boxed e-con e-parent\" data-id=\"bddc739\" data-element_type=\"container\" data-settings=\"{&quot;_ha_eqh_enable&quot;:false}\">\n\t\t\t\t\t<div class=\"e-con-inner\">\n\t\t\t\t<div class=\"elementor-element elementor-element-b553063 elementor-widget elementor-widget-image\" data-id=\"b553063\" data-element_type=\"widget\" data-widget_type=\"image.default\">\n\t\t\t\t<div class=\"elementor-widget-container\">\n\t\t\t\t\t\t\t\t\t\t\t\t\t\t\t<img decoding=\"async\" width=\"300\" height=\"300\" src=\"https:\/\/i0.wp.com\/relocations.io\/wp-content\/uploads\/wifi-free-zone.png?fit=300%2C300&amp;ssl=1\" class=\"attachment-medium size-medium wp-image-62002\" alt=\"\" srcset=\"https:\/\/i0.wp.com\/relocations.io\/wp-content\/uploads\/wifi-free-zone.png?w=500&amp;ssl=1 500w, https:\/\/i0.wp.com\/relocations.io\/wp-content\/uploads\/wifi-free-zone.png?resize=300%2C300&amp;ssl=1 300w, https:\/\/i0.wp.com\/relocations.io\/wp-content\/uploads\/wifi-free-zone.png?resize=150%2C150&amp;ssl=1 150w, https:\/\/i0.wp.com\/relocations.io\/wp-content\/uploads\/wifi-free-zone.png?resize=12%2C12&amp;ssl=1 12w, https:\/\/i0.wp.com\/relocations.io\/wp-content\/uploads\/wifi-free-zone.png?resize=100%2C100&amp;ssl=1 100w\" sizes=\"(max-width: 300px) 100vw, 300px\" \/>\t\t\t\t\t\t\t\t\t\t\t\t\t\t\t<\/div>\n\t\t\t\t<\/div>\n\t\t\t\t<div class=\"elementor-element elementor-element-5f0d23e elementor-widget elementor-widget-icon-box\" data-id=\"5f0d23e\" data-element_type=\"widget\" data-widget_type=\"icon-box.default\">\n\t\t\t\t<div class=\"elementor-widget-container\">\n\t\t\t\t\t\t\t<div class=\"elementor-icon-box-wrapper\">\n\n\t\t\t\n\t\t\t\t\t\t<div class=\"elementor-icon-box-content\">\n\n\t\t\t\t\t\t\t\t\t<h3 class=\"elementor-icon-box-title\">\n\t\t\t\t\t\t<span  >\n\t\t\t\t\t\t\tConectividad Wi-Fi en Portugal\t\t\t\t\t\t<\/span>\n\t\t\t\t\t<\/h3>\n\t\t\t\t\n\t\t\t\t\t\t\t\t\t<p class=\"elementor-icon-box-description\">\n\t\t\t\t\t\tAdem\u00e1s de los datos m\u00f3viles, la conexi\u00f3n Wi-Fi est\u00e1 muy extendida por todo Portugal. La mayor\u00eda de los centros urbanos, edificios p\u00fablicos (como bibliotecas, museos y centros de transporte) y muchos caf\u00e9s y restaurantes ofrecen Wi-Fi gratis. Conocidos como \"Espa\u00e7o Internet\", estos puntos Wi-Fi p\u00fablicos suelen encontrarse en edificios municipales. Para una conexi\u00f3n m\u00e1s estable y privada, es habitual instalar Wi-Fi en casa. Operadores como MEO, Vodafone y NOS ofrecen paquetes que incluyen m\u00f3vil, televisi\u00f3n e Internet, lo que puede resultar m\u00e1s econ\u00f3mico.\t\t\t\t\t<\/p>\n\t\t\t\t\n\t\t\t<\/div>\n\t\t\t\n\t\t<\/div>\n\t\t\t\t\t\t<\/div>\n\t\t\t\t<\/div>\n\t\t\t\t<div class=\"elementor-element elementor-element-7816230 elementor-widget elementor-widget-image\" data-id=\"7816230\" data-element_type=\"widget\" data-widget_type=\"image.default\">\n\t\t\t\t<div class=\"elementor-widget-container\">\n\t\t\t\t\t\t\t\t\t\t\t\t\t\t\t<img loading=\"lazy\" decoding=\"async\" width=\"300\" height=\"300\" src=\"https:\/\/i0.wp.com\/relocations.io\/wp-content\/uploads\/roaming-data1-.png?fit=300%2C300&amp;ssl=1\" class=\"attachment-medium size-medium wp-image-62026\" alt=\"\" srcset=\"https:\/\/i0.wp.com\/relocations.io\/wp-content\/uploads\/roaming-data1-.png?w=500&amp;ssl=1 500w, https:\/\/i0.wp.com\/relocations.io\/wp-content\/uploads\/roaming-data1-.png?resize=300%2C300&amp;ssl=1 300w, https:\/\/i0.wp.com\/relocations.io\/wp-content\/uploads\/roaming-data1-.png?resize=150%2C150&amp;ssl=1 150w, https:\/\/i0.wp.com\/relocations.io\/wp-content\/uploads\/roaming-data1-.png?resize=12%2C12&amp;ssl=1 12w, https:\/\/i0.wp.com\/relocations.io\/wp-content\/uploads\/roaming-data1-.png?resize=100%2C100&amp;ssl=1 100w\" sizes=\"(max-width: 300px) 100vw, 300px\" \/>\t\t\t\t\t\t\t\t\t\t\t\t\t\t\t<\/div>\n\t\t\t\t<\/div>\n\t\t\t\t<div class=\"elementor-element elementor-element-a09b462 elementor-widget elementor-widget-icon-box\" data-id=\"a09b462\" data-element_type=\"widget\" data-widget_type=\"icon-box.default\">\n\t\t\t\t<div class=\"elementor-widget-container\">\n\t\t\t\t\t\t\t<div class=\"elementor-icon-box-wrapper\">\n\n\t\t\t\n\t\t\t\t\t\t<div class=\"elementor-icon-box-content\">\n\n\t\t\t\t\t\t\t\t\t<h3 class=\"elementor-icon-box-title\">\n\t\t\t\t\t\t<span  >\n\t\t\t\t\t\t\tItinerancia y uso internacional\t\t\t\t\t\t<\/span>\n\t\t\t\t\t<\/h3>\n\t\t\t\t\n\t\t\t\t\t\t\t\t\t<p class=\"elementor-icon-box-description\">\n\t\t\t\t\t\tGracias a la normativa de la UE, se han suprimido las tarifas de itinerancia en todos los pa\u00edses de la Uni\u00f3n Europea. Esto significa que puede utilizar su plan de m\u00f3vil de otro pa\u00eds de la UE en Portugal sin cargos adicionales. A partir de 2021, esto tambi\u00e9n se aplica a los visitantes del Reino Unido, aunque podr\u00edan producirse cambios debido a la salida del Reino Unido de la UE. Para los visitantes de fuera de la UE, las tarifas de itinerancia var\u00edan seg\u00fan el proveedor, por lo que es importante consultar con su operador de origen antes de viajar.\t\t\t\t\t<\/p>\n\t\t\t\t\n\t\t\t<\/div>\n\t\t\t\n\t\t<\/div>\n\t\t\t\t\t\t<\/div>\n\t\t\t\t<\/div>\n\t\t\t\t\t<\/div>\n\t\t\t\t<\/div>\n\t\t\t\t<section class=\"elementor-section elementor-top-section elementor-element elementor-element-647abf37 animated-slow elementor-section-boxed elementor-section-height-default elementor-section-height-default elementor-invisible\" data-id=\"647abf37\" data-element_type=\"section\" data-settings=\"{&quot;animation&quot;:&quot;fadeInUp&quot;,&quot;_ha_eqh_enable&quot;:false}\">\n\t\t\t\t\t\t<div class=\"elementor-container elementor-column-gap-default\">\n\t\t\t\t\t<div class=\"elementor-column elementor-col-100 elementor-top-column elementor-element elementor-element-5e5c4e17\" data-id=\"5e5c4e17\" data-element_type=\"column\">\n\t\t\t<div class=\"elementor-widget-wrap elementor-element-populated\">\n\t\t\t\t\t\t<section class=\"elementor-section elementor-inner-section elementor-element elementor-element-41d2b58 elementor-section-boxed elementor-section-height-default elementor-section-height-default\" data-id=\"41d2b58\" data-element_type=\"section\" data-settings=\"{&quot;_ha_eqh_enable&quot;:false}\">\n\t\t\t\t\t\t<div class=\"elementor-container elementor-column-gap-default\">\n\t\t\t\t\t<div class=\"elementor-column elementor-col-100 elementor-inner-column elementor-element elementor-element-3589c192\" data-id=\"3589c192\" data-element_type=\"column\">\n\t\t\t<div class=\"elementor-widget-wrap elementor-element-populated\">\n\t\t\t\t\t\t<div class=\"elementor-element elementor-element-787bce73 elementor-widget elementor-widget-elementskit-heading\" data-id=\"787bce73\" data-element_type=\"widget\" data-widget_type=\"elementskit-heading.default\">\n\t\t\t\t<div class=\"elementor-widget-container\">\n\t\t\t\t\t<div class=\"ekit-wid-con\" ><div class=\"ekit-heading elementskit-section-title-wraper text_center   ekit_heading_tablet-   ekit_heading_mobile-text_center\"><h2 class=\"ekit-heading--title elementskit-section-title\">Elegir la opci\u00f3n de m\u00f3vil adecuada en Portugal<\/h2><\/div><\/div>\t\t\t\t<\/div>\n\t\t\t\t<\/div>\n\t\t\t\t\t<\/div>\n\t\t<\/div>\n\t\t\t\t\t<\/div>\n\t\t<\/section>\n\t\t\t\t<div class=\"elementor-element elementor-element-da085b6 elementor-widget elementor-widget-text-editor\" data-id=\"da085b6\" data-element_type=\"widget\" data-widget_type=\"text-editor.default\">\n\t\t\t\t<div class=\"elementor-widget-container\">\n\t\t\t\t\t\t\t\t\t<p>Decidir entre una tarjeta SIM tradicional, una eSIM o un contrato de telefon\u00eda m\u00f3vil depende de sus necesidades espec\u00edficas:<\/p>\n<ul>\n<li><b>Se necesita una estancia de corta duraci\u00f3n o flexibilidad:<\/b>\u00a0Elige una tarjeta SIM de prepago o una eSIM.<\/li>\n<li><b>Estancia prolongada o elevado uso de datos:<\/b>\u00a0Opta por un contrato de m\u00f3vil con un proveedor fiable como MEO, Vodafone o NOS.<\/li>\n<li><b>Se necesitan viajeros frecuentes o n\u00fameros dobles:<\/b>\u00a0Considere la posibilidad de utilizar una eSIM para mayor comodidad y flexibilidad.<\/li>\n<\/ul>\n<p>Navegar por el panorama de las redes m\u00f3viles en Portugal es m\u00e1s f\u00e1cil de lo que parece, gracias a su infraestructura bien desarrollada y a la creciente disponibilidad de la tecnolog\u00eda eSIM. Tanto si elige una tarjeta SIM tradicional, un contrato de telefon\u00eda m\u00f3vil o una eSIM, Portugal le ofrece multitud de opciones para mantenerse conectado en cualquier lugar del pa\u00eds. Aseg\u00farese de comparar planes, conocer la cobertura en su zona y considerar las ventajas de las eSIM para disfrutar de una experiencia m\u00f3vil moderna y flexible.<\/p>\t\t\t\t\t\t\t\t<\/div>\n\t\t\t\t<\/div>\n\t\t\t\t\t<\/div>\n\t\t<\/div>\n\t\t\t\t\t<\/div>\n\t\t<\/section>\n\t\t\t\t<section class=\"elementor-section elementor-top-section elementor-element elementor-element-40774b10 elementor-section-content-middle elementor-section-boxed elementor-section-height-default elementor-section-height-default\" data-id=\"40774b10\" data-element_type=\"section\" data-settings=\"{&quot;background_background&quot;:&quot;classic&quot;,&quot;_ha_eqh_enable&quot;:false}\">\n\t\t\t\t\t\t\t<div class=\"elementor-background-overlay\"><\/div>\n\t\t\t\t\t\t\t<div class=\"elementor-container elementor-column-gap-default\">\n\t\t\t\t\t<div class=\"elementor-column elementor-col-50 elementor-top-column elementor-element elementor-element-16a3d8b3\" data-id=\"16a3d8b3\" data-element_type=\"column\">\n\t\t\t<div class=\"elementor-widget-wrap elementor-element-populated\">\n\t\t\t\t\t\t<div class=\"elementor-element elementor-element-65e0d0e elementor-widget elementor-widget-image\" data-id=\"65e0d0e\" data-element_type=\"widget\" data-widget_type=\"image.default\">\n\t\t\t\t<div class=\"elementor-widget-container\">\n\t\t\t\t\t\t\t\t\t\t\t\t\t\t\t<img loading=\"lazy\" decoding=\"async\" width=\"600\" height=\"180\" src=\"https:\/\/i0.wp.com\/relocations.io\/wp-content\/uploads\/2024\/08\/cropped-Sliding-Logo-2.png?fit=600%2C180&amp;ssl=1\" class=\"attachment-large size-large wp-image-9046\" alt=\"\" srcset=\"https:\/\/i0.wp.com\/relocations.io\/wp-content\/uploads\/2024\/08\/cropped-Sliding-Logo-2.png?w=600&amp;ssl=1 600w, https:\/\/i0.wp.com\/relocations.io\/wp-content\/uploads\/2024\/08\/cropped-Sliding-Logo-2.png?resize=300%2C90&amp;ssl=1 300w, https:\/\/i0.wp.com\/relocations.io\/wp-content\/uploads\/2024\/08\/cropped-Sliding-Logo-2.png?resize=18%2C5&amp;ssl=1 18w, https:\/\/i0.wp.com\/relocations.io\/wp-content\/uploads\/2024\/08\/cropped-Sliding-Logo-2.png?resize=50%2C15&amp;ssl=1 50w, https:\/\/i0.wp.com\/relocations.io\/wp-content\/uploads\/2024\/08\/cropped-Sliding-Logo-2.png?resize=100%2C30&amp;ssl=1 100w\" sizes=\"(max-width: 600px) 100vw, 600px\" \/>\t\t\t\t\t\t\t\t\t\t\t\t\t\t\t<\/div>\n\t\t\t\t<\/div>\n\t\t\t\t\t<\/div>\n\t\t<\/div>\n\t\t\t\t<div class=\"elementor-column elementor-col-50 elementor-top-column elementor-element elementor-element-4a52a63c\" data-id=\"4a52a63c\" data-element_type=\"column\" data-settings=\"{&quot;animation_tablet&quot;:&quot;none&quot;,&quot;animation_mobile&quot;:&quot;none&quot;}\">\n\t\t\t<div class=\"elementor-widget-wrap elementor-element-populated\">\n\t\t\t\t\t\t<div class=\"elementor-element elementor-element-9f9a91b elementor-widget elementor-widget-text-editor\" data-id=\"9f9a91b\" data-element_type=\"widget\" data-widget_type=\"text-editor.default\">\n\t\t\t\t<div class=\"elementor-widget-container\">\n\t\t\t\t\t\t\t\t\t<p><a href=\"https:\/\/relocations.io\/book-a-call\/\"><b>Reubicaciones.io<\/b><\/a> simplifica este proceso ayud\u00e1ndole a elegir la mejor opci\u00f3n de red m\u00f3vil para sus necesidades. Tanto si buscas una SIM de prepago, una eSIM o un contrato, nuestro equipo te guiar\u00e1 en cada paso, desde la selecci\u00f3n de un proveedor hasta la configuraci\u00f3n de tu plan, garantizando que sigas conectado desde el primer d\u00eda en Portugal.<\/p>\t\t\t\t\t\t\t\t<\/div>\n\t\t\t\t<\/div>\n\t\t\t\t\t<\/div>\n\t\t<\/div>\n\t\t\t\t\t<\/div>\n\t\t<\/section>\n\t\t\t\t<\/div>","protected":false},"excerpt":{"rendered":"<p>Cuando se traslada a Portugal o pasa una larga temporada en este bello pa\u00eds, permanecer conectado es una prioridad absoluta. <\/p>","protected":false},"author":2,"featured_media":9029,"comment_status":"closed","ping_status":"closed","sticky":false,"template":"elementor_header_footer","format":"standard","meta":{"_jetpack_memberships_contains_paid_content":false,"footnotes":""},"categories":[67,147,60,61,68],"tags":[72,164,70,92,142,71,69],"class_list":["post-9020","post","type-post","status-publish","format-standard","has-post-thumbnail","hentry","category-citizenship","category-cultural-activities","category-europe","category-portugal","category-relocations-io","tag-citizenship","tag-mobile-networks","tag-moving-to-europe","tag-portugal","tag-relocate","tag-relocations","tag-relocations-io-blog"],"jetpack_featured_media_url":"https:\/\/i0.wp.com\/relocations.io\/wp-content\/uploads\/2024\/08\/banner-ofc.jpg?fit=1920%2C960&ssl=1","jetpack-related-posts":[{"id":7427,"url":"https:\/\/relocations.io\/es\/su-guia-sobre-los-requisitos-de-visado-y-ciudadania-en-portugal-navegar-hacia-una-nueva-vida\/","url_meta":{"origin":9020,"position":0},"title":"Su gu\u00eda sobre los requisitos de visado y ciudadan\u00eda en Portugal: El camino hacia una nueva vida","author":"Relocations.io","date":"junio 1, 2024","format":false,"excerpt":"Descubra los pasos esenciales para trasladarse a Portugal, desde los requisitos de visado hasta los tr\u00e1mites de ciudadan\u00eda. Nuestra gu\u00eda simplifica el proceso, garantizando una transici\u00f3n fluida a su nueva vida en este cautivador pa\u00eds.","rel":"","context":"En \u00abEurope\u00bb","block_context":{"text":"Europe","link":"https:\/\/relocations.io\/es\/categoria\/europa-2\/"},"img":{"alt_text":"","src":"https:\/\/i0.wp.com\/relocations.io\/wp-content\/uploads\/2022\/11\/41.jpg?fit=1200%2C675&ssl=1&resize=350%2C200","width":350,"height":200,"srcset":"https:\/\/i0.wp.com\/relocations.io\/wp-content\/uploads\/2022\/11\/41.jpg?fit=1200%2C675&ssl=1&resize=350%2C200 1x, https:\/\/i0.wp.com\/relocations.io\/wp-content\/uploads\/2022\/11\/41.jpg?fit=1200%2C675&ssl=1&resize=525%2C300 1.5x, https:\/\/i0.wp.com\/relocations.io\/wp-content\/uploads\/2022\/11\/41.jpg?fit=1200%2C675&ssl=1&resize=700%2C400 2x, https:\/\/i0.wp.com\/relocations.io\/wp-content\/uploads\/2022\/11\/41.jpg?fit=1200%2C675&ssl=1&resize=1050%2C600 3x"},"classes":[]},{"id":8832,"url":"https:\/\/relocations.io\/es\/visado-portugues-para-solicitantes-de-empleo\/","url_meta":{"origin":9020,"position":1},"title":"Visado para buscar trabajo en Portugal: Su puerta de entrada para trabajar en Portugal","author":"Relocations.io","date":"agosto 16, 2024","format":false,"excerpt":"Discover how to navigate the Portugal Job Seeker Visa process, including eligibility, application steps, and key benefits. Learn how relocations.io can streamline your job search and relocation to Portugal, providing expert guidance on visa applications, document preparation, and local job markets. Get valuable insights on making a smooth transition to\u2026","rel":"","context":"En \u00abCitizenship\u00bb","block_context":{"text":"Citizenship","link":"https:\/\/relocations.io\/es\/categoria\/europa-2\/ciudadania\/"},"img":{"alt_text":"","src":"https:\/\/i0.wp.com\/relocations.io\/wp-content\/uploads\/2024\/08\/6-3.jpg?fit=1200%2C600&ssl=1&resize=350%2C200","width":350,"height":200,"srcset":"https:\/\/i0.wp.com\/relocations.io\/wp-content\/uploads\/2024\/08\/6-3.jpg?fit=1200%2C600&ssl=1&resize=350%2C200 1x, https:\/\/i0.wp.com\/relocations.io\/wp-content\/uploads\/2024\/08\/6-3.jpg?fit=1200%2C600&ssl=1&resize=525%2C300 1.5x, https:\/\/i0.wp.com\/relocations.io\/wp-content\/uploads\/2024\/08\/6-3.jpg?fit=1200%2C600&ssl=1&resize=700%2C400 2x, https:\/\/i0.wp.com\/relocations.io\/wp-content\/uploads\/2024\/08\/6-3.jpg?fit=1200%2C600&ssl=1&resize=1050%2C600 3x"},"classes":[]},{"id":7406,"url":"https:\/\/relocations.io\/es\/los-brasilenos-que-se-trasladan-a-portugal-abrazan-nuevas-oportunidades-en-una-historia-compartida\/","url_meta":{"origin":9020,"position":2},"title":"Brasile\u00f1os que se trasladan a Portugal: Nuevas oportunidades en una historia compartida","author":"Relocations.io","date":"julio 1, 2023","format":false,"excerpt":"Explore los lazos hist\u00f3ricos entre Brasil y Portugal mientras los brasile\u00f1os buscan nuevas oportunidades en la tierra de su pasado colonial. Con una lengua y una afinidad cultural compartidas, Portugal ofrece un entorno acogedor para que los brasile\u00f1os prosperen en diversos sectores, desde la tecnolog\u00eda al turismo.","rel":"","context":"En \u00abEurope\u00bb","block_context":{"text":"Europe","link":"https:\/\/relocations.io\/es\/categoria\/europa-2\/"},"img":{"alt_text":"","src":"https:\/\/i0.wp.com\/relocations.io\/wp-content\/uploads\/2022\/11\/36.jpg?fit=1200%2C675&ssl=1&resize=350%2C200","width":350,"height":200,"srcset":"https:\/\/i0.wp.com\/relocations.io\/wp-content\/uploads\/2022\/11\/36.jpg?fit=1200%2C675&ssl=1&resize=350%2C200 1x, https:\/\/i0.wp.com\/relocations.io\/wp-content\/uploads\/2022\/11\/36.jpg?fit=1200%2C675&ssl=1&resize=525%2C300 1.5x, https:\/\/i0.wp.com\/relocations.io\/wp-content\/uploads\/2022\/11\/36.jpg?fit=1200%2C675&ssl=1&resize=700%2C400 2x, https:\/\/i0.wp.com\/relocations.io\/wp-content\/uploads\/2022\/11\/36.jpg?fit=1200%2C675&ssl=1&resize=1050%2C600 3x"},"classes":[]},{"id":8847,"url":"https:\/\/relocations.io\/es\/fin-de-la-manifestacion-de-intenciones-de-portugal\/","url_meta":{"origin":9020,"position":3},"title":"Fin de la Expresi\u00f3n de Intenciones de Portugal: Explicaci\u00f3n de las nuevas normas de inmigraci\u00f3n","author":"Relocations.io","date":"junio 6, 2024","format":false,"excerpt":"The recent changes to Portugal's immigration process mark a significant shift. The government has ended the Expression of Interest (EOI) process, a move that affects those planning to relocate to Portugal. This update aims to improve the efficiency and effectiveness of the immigration system.","rel":"","context":"En \u00abCitizenship\u00bb","block_context":{"text":"Citizenship","link":"https:\/\/relocations.io\/es\/categoria\/europa-2\/ciudadania\/"},"img":{"alt_text":"","src":"https:\/\/i0.wp.com\/relocations.io\/wp-content\/uploads\/2024\/06\/intention.jpg?fit=1200%2C600&ssl=1&resize=350%2C200","width":350,"height":200,"srcset":"https:\/\/i0.wp.com\/relocations.io\/wp-content\/uploads\/2024\/06\/intention.jpg?fit=1200%2C600&ssl=1&resize=350%2C200 1x, https:\/\/i0.wp.com\/relocations.io\/wp-content\/uploads\/2024\/06\/intention.jpg?fit=1200%2C600&ssl=1&resize=525%2C300 1.5x, https:\/\/i0.wp.com\/relocations.io\/wp-content\/uploads\/2024\/06\/intention.jpg?fit=1200%2C600&ssl=1&resize=700%2C400 2x, https:\/\/i0.wp.com\/relocations.io\/wp-content\/uploads\/2024\/06\/intention.jpg?fit=1200%2C600&ssl=1&resize=1050%2C600 3x"},"classes":[]},{"id":7845,"url":"https:\/\/relocations.io\/es\/mudarse-de-canada-a-portugal-una-guia-completa\/","url_meta":{"origin":9020,"position":4},"title":"Mudarse de Canad\u00e1 a Portugal: Gu\u00eda completa","author":"Relocations.io","date":"enero 2, 2024","format":false,"excerpt":"Trasladarse de Canad\u00e1 a Portugal puede ser un viaje enriquecedor y satisfactorio. Las ventajas fiscales \u00fanicas de Portugal, su alta calidad de vida y su cultura acogedora lo convierten en un destino atractivo para los canadienses que buscan un nuevo comienzo.","rel":"","context":"En \u00abEurope\u00bb","block_context":{"text":"Europe","link":"https:\/\/relocations.io\/es\/categoria\/europa-2\/"},"img":{"alt_text":"","src":"https:\/\/i0.wp.com\/relocations.io\/wp-content\/uploads\/2024\/01\/Moving-Canada-To-Portugal.jpg?fit=1200%2C675&ssl=1&resize=350%2C200","width":350,"height":200,"srcset":"https:\/\/i0.wp.com\/relocations.io\/wp-content\/uploads\/2024\/01\/Moving-Canada-To-Portugal.jpg?fit=1200%2C675&ssl=1&resize=350%2C200 1x, https:\/\/i0.wp.com\/relocations.io\/wp-content\/uploads\/2024\/01\/Moving-Canada-To-Portugal.jpg?fit=1200%2C675&ssl=1&resize=525%2C300 1.5x, https:\/\/i0.wp.com\/relocations.io\/wp-content\/uploads\/2024\/01\/Moving-Canada-To-Portugal.jpg?fit=1200%2C675&ssl=1&resize=700%2C400 2x, https:\/\/i0.wp.com\/relocations.io\/wp-content\/uploads\/2024\/01\/Moving-Canada-To-Portugal.jpg?fit=1200%2C675&ssl=1&resize=1050%2C600 3x"},"classes":[]},{"id":9038,"url":"https:\/\/relocations.io\/es\/nuevos-vuelos-directos-de-montreal-a-oporto\/","url_meta":{"origin":9020,"position":5},"title":"Nuevos vuelos directos a Canad\u00e1 impulsan el turismo entre Portugal y Canad\u00e1","author":"Relocations.io","date":"agosto 27, 2024","format":false,"excerpt":"A new direct flight route by Air Canada connecting Montreal, Canada, and Porto, Portugal. This service offers a convenient travel option for tourists and the Portuguese community in Canada. It highlights the benefits of the direct flight, including saving time and enhancing travel comfort, and also promotes Porto as an\u2026","rel":"","context":"En \u00abCanada\u00bb","block_context":{"text":"Canada","link":"https:\/\/relocations.io\/es\/categoria\/canada\/"},"img":{"alt_text":"","src":"https:\/\/i0.wp.com\/relocations.io\/wp-content\/uploads\/2024\/08\/New-Flights.jpg?fit=1200%2C600&ssl=1&resize=350%2C200","width":350,"height":200,"srcset":"https:\/\/i0.wp.com\/relocations.io\/wp-content\/uploads\/2024\/08\/New-Flights.jpg?fit=1200%2C600&ssl=1&resize=350%2C200 1x, https:\/\/i0.wp.com\/relocations.io\/wp-content\/uploads\/2024\/08\/New-Flights.jpg?fit=1200%2C600&ssl=1&resize=525%2C300 1.5x, https:\/\/i0.wp.com\/relocations.io\/wp-content\/uploads\/2024\/08\/New-Flights.jpg?fit=1200%2C600&ssl=1&resize=700%2C400 2x, https:\/\/i0.wp.com\/relocations.io\/wp-content\/uploads\/2024\/08\/New-Flights.jpg?fit=1200%2C600&ssl=1&resize=1050%2C600 3x"},"classes":[]}],"jetpack_sharing_enabled":true,"_links":{"self":[{"href":"https:\/\/relocations.io\/es\/wp-json\/wp\/v2\/posts\/9020","targetHints":{"allow":["GET"]}}],"collection":[{"href":"https:\/\/relocations.io\/es\/wp-json\/wp\/v2\/posts"}],"about":[{"href":"https:\/\/relocations.io\/es\/wp-json\/wp\/v2\/types\/post"}],"author":[{"embeddable":true,"href":"https:\/\/relocations.io\/es\/wp-json\/wp\/v2\/users\/2"}],"replies":[{"embeddable":true,"href":"https:\/\/relocations.io\/es\/wp-json\/wp\/v2\/comments?post=9020"}],"version-history":[{"count":0,"href":"https:\/\/relocations.io\/es\/wp-json\/wp\/v2\/posts\/9020\/revisions"}],"wp:featuredmedia":[{"embeddable":true,"href":"https:\/\/relocations.io\/es\/wp-json\/wp\/v2\/media\/9029"}],"wp:attachment":[{"href":"https:\/\/relocations.io\/es\/wp-json\/wp\/v2\/media?parent=9020"}],"wp:term":[{"taxonomy":"category","embeddable":true,"href":"https:\/\/relocations.io\/es\/wp-json\/wp\/v2\/categories?post=9020"},{"taxonomy":"post_tag","embeddable":true,"href":"https:\/\/relocations.io\/es\/wp-json\/wp\/v2\/tags?post=9020"}],"curies":[{"name":"wp","href":"https:\/\/api.w.org\/{rel}","templated":true}]}}