{"id":8847,"date":"2024-06-06T10:00:00","date_gmt":"2024-06-06T09:00:00","guid":{"rendered":"https:\/\/relocations.io\/?p=8847"},"modified":"2024-09-06T11:37:28","modified_gmt":"2024-09-06T10:37:28","slug":"fin-de-la-manifestacion-de-intenciones-de-portugal","status":"publish","type":"post","link":"https:\/\/relocations.io\/es\/fin-de-la-manifestacion-de-intenciones-de-portugal\/","title":{"rendered":"Fin de la Expresi\u00f3n de Intenciones de Portugal: Explicaci\u00f3n de las nuevas normas de inmigraci\u00f3n"},"content":{"rendered":"<div data-elementor-type=\"wp-post\" data-elementor-id=\"8847\" class=\"elementor elementor-8847\" data-elementor-settings=\"{&quot;ha_cmc_init_switcher&quot;:&quot;no&quot;}\" data-elementor-post-type=\"post\">\n\t\t\t\t<div class=\"elementor-element elementor-element-6aa0af5a e-flex e-con-boxed e-con e-parent\" data-id=\"6aa0af5a\" data-element_type=\"container\" data-settings=\"{&quot;_ha_eqh_enable&quot;:false}\">\n\t\t\t\t\t<div class=\"e-con-inner\">\n\t\t\t\t<div class=\"elementor-element elementor-element-6d12189 elementor-widget elementor-widget-heading\" data-id=\"6d12189\" data-element_type=\"widget\" data-widget_type=\"heading.default\">\n\t\t\t\t<div class=\"elementor-widget-container\">\n\t\t\t\t\t<h2 class=\"elementor-heading-title elementor-size-default\">La inmigraci\u00f3n simplificada en Portugal: Qu\u00e9 significa el fin de la expresi\u00f3n de intenciones<\/h2>\t\t\t\t<\/div>\n\t\t\t\t<\/div>\n\t\t\t\t<div class=\"elementor-element elementor-element-358f7c98 elementor-widget elementor-widget-text-editor\" data-id=\"358f7c98\" data-element_type=\"widget\" data-widget_type=\"text-editor.default\">\n\t\t\t\t<div class=\"elementor-widget-container\">\n\t\t\t\t\t\t\t\t\t\n<p><br \/>Los recientes cambios en el proceso de inmigraci\u00f3n en Portugal suponen un cambio significativo. El Gobierno ha puesto fin al proceso de Expresi\u00f3n de Intenci\u00f3n (EOI), una medida que afecta a quienes planean trasladarse a Portugal. Esta actualizaci\u00f3n pretende mejorar la eficiencia y eficacia del sistema de inmigraci\u00f3n.<\/p>\n\n<div class=\"wp-block-spacer\" style=\"height: 33px;\" aria-hidden=\"true\">\u00a0<\/div>\n\n<h5 id=\"h-understanding-the-old-expression-of-intention-system\" class=\"wp-block-heading\"><strong>Comprender el antiguo sistema de expresi\u00f3n de intenciones<\/strong><\/h5>\n\n<p>Anteriormente, el proceso de Expresi\u00f3n de Intenci\u00f3n permit\u00eda a los ciudadanos no comunitarios entrar en Portugal con un visado de turista y solicitar la residencia legal. Pod\u00edan permanecer en el pa\u00eds mientras buscaban trabajo y, finalmente, obtener un permiso de residencia tras cumplir determinadas condiciones, como 12 meses de cotizaci\u00f3n a la Seguridad Social.<\/p>\n\n<div class=\"wp-block-spacer\" style=\"height: 33px;\" aria-hidden=\"true\">\u00a0<\/div>\n<div class=\"wp-block-image\">\n<figure class=\"aligncenter size-large\"><img fetchpriority=\"high\" decoding=\"async\" data-recalc-dims=\"1\" height=\"512\" width=\"1024\" class=\"wp-image-8849\" src=\"https:\/\/i0.wp.com\/relocations.io\/wp-content\/uploads\/2024\/08\/4-5.jpg?resize=1024%2C512&#038;ssl=1\" alt=\"El gobierno portugu\u00e9s puso fin al proceso de EOI para racionalizar el sistema de inmigraci\u00f3n. Las nuevas normas exigen que los solicitantes se aseguren un contrato de trabajo antes de solicitar un permiso de residencia en un consulado portugu\u00e9s en su pa\u00eds de origen. Este cambio forma parte de un esfuerzo m\u00e1s amplio por reducir los retrasos y hacer m\u00e1s eficiente el proceso de solicitud de residencia.\" srcset=\"https:\/\/i0.wp.com\/relocations.io\/wp-content\/uploads\/2024\/08\/4-5.jpg?w=1920&amp;ssl=1 1920w, https:\/\/i0.wp.com\/relocations.io\/wp-content\/uploads\/2024\/08\/4-5.jpg?resize=300%2C150&amp;ssl=1 300w, https:\/\/i0.wp.com\/relocations.io\/wp-content\/uploads\/2024\/08\/4-5.jpg?resize=1024%2C512&amp;ssl=1 1024w, https:\/\/i0.wp.com\/relocations.io\/wp-content\/uploads\/2024\/08\/4-5.jpg?resize=768%2C384&amp;ssl=1 768w, https:\/\/i0.wp.com\/relocations.io\/wp-content\/uploads\/2024\/08\/4-5.jpg?resize=1536%2C768&amp;ssl=1 1536w, https:\/\/i0.wp.com\/relocations.io\/wp-content\/uploads\/2024\/08\/4-5.jpg?resize=18%2C9&amp;ssl=1 18w, https:\/\/i0.wp.com\/relocations.io\/wp-content\/uploads\/2024\/08\/4-5.jpg?resize=640%2C320&amp;ssl=1 640w, https:\/\/i0.wp.com\/relocations.io\/wp-content\/uploads\/2024\/08\/4-5.jpg?resize=50%2C25&amp;ssl=1 50w, https:\/\/i0.wp.com\/relocations.io\/wp-content\/uploads\/2024\/08\/4-5.jpg?resize=100%2C50&amp;ssl=1 100w, https:\/\/i0.wp.com\/relocations.io\/wp-content\/uploads\/2024\/08\/4-5.jpg?resize=600%2C300&amp;ssl=1 600w\" sizes=\"(max-width: 1024px) 100vw, 1024px\" \/><\/figure>\n<\/div>\n<div class=\"wp-block-spacer\" style=\"height: 33px;\" aria-hidden=\"true\">\u00a0<\/div>\n\n<h5 id=\"h-why-portugal-ended-the-expression-of-intention\" class=\"wp-block-heading\"><strong>Por qu\u00e9 Portugal puso fin a la expresi\u00f3n de intenciones<\/strong><\/h5>\n\n<p>El gobierno portugu\u00e9s puso fin al proceso de EOI para racionalizar el sistema de inmigraci\u00f3n. Las nuevas normas exigen que los solicitantes se aseguren un contrato de trabajo antes de solicitar un permiso de residencia en un consulado portugu\u00e9s en su pa\u00eds de origen. Este cambio forma parte de un esfuerzo m\u00e1s amplio por reducir los retrasos y hacer m\u00e1s eficiente el proceso de solicitud de residencia.<\/p>\n\n<div class=\"wp-block-spacer\" style=\"height: 33px;\" aria-hidden=\"true\">\u00a0<\/div>\n\n<h5 id=\"h-what-is-a-residence-permit-in-portugal\" class=\"wp-block-heading\"><strong>\u00bfQu\u00e9 es un permiso de residencia en Portugal?<\/strong><\/h5>\n\n<p>Un permiso de residencia permite a los ciudadanos no comunitarios vivir legalmente en Portugal durante un periodo prolongado. Estos permisos son esenciales para quienes deseen trabajar, estudiar o vivir a largo plazo en el pa\u00eds. Los distintos tipos de permisos responden a diversas necesidades, como el empleo, la reagrupaci\u00f3n familiar, etc.<\/p>\n\n<div class=\"wp-block-spacer\" style=\"height: 33px;\" aria-hidden=\"true\">\u00a0<\/div>\n\n<h5 id=\"h-steps-to-obtain-a-residence-permit\" class=\"wp-block-heading\"><strong>Pasos para obtener un permiso de residencia<\/strong><\/h5>\n\n<p>Para obtener un permiso de residencia, los ciudadanos extracomunitarios deben obtener primero un visado que se ajuste al motivo de su estancia, como un visado de trabajo o estudios. A continuaci\u00f3n, deben presentar los documentos necesarios, como un certificado de antecedentes penales, en el consulado portugu\u00e9s de su pa\u00eds de origen. Una vez en Portugal, pueden solicitar su primer permiso de residencia a trav\u00e9s de la AIMA (antes SEF), que supervisa el proceso de integraci\u00f3n legal.<\/p>\n\n<div class=\"wp-block-spacer\" style=\"height: 33px;\" aria-hidden=\"true\">\u00a0<\/div>\n\n<h5 id=\"h-the-role-of-employment-contracts\" class=\"wp-block-heading\"><strong>El papel de los contratos de trabajo<\/strong><\/h5>\n\n<p>Los contratos de trabajo son ahora un requisito fundamental para la mayor\u00eda de los permisos de residencia. Los solicitantes deben presentar un contrato de trabajo v\u00e1lido al solicitar un visado en un consulado portugu\u00e9s. Este contrato debe cumplir las normas legales portuguesas. El nuevo proceso tambi\u00e9n apoya a los n\u00f3madas digitales y aut\u00f3nomos al permitir contratos de prestaci\u00f3n de servicios.<\/p>\n\n<div class=\"wp-block-spacer\" style=\"height: 33px;\" aria-hidden=\"true\">\u00a0<\/div>\n\n<h5 id=\"h-enhancing-immigration-efficiency-in-portugal\" class=\"wp-block-heading\"><strong>Mejorar la eficacia de la inmigraci\u00f3n en Portugal<\/strong><\/h5>\n\n<p>Portugal est\u00e1 mejorando sus servicios consulares, especialmente en pa\u00edses con fuertes lazos portugueses, para gestionar mejor la afluencia de solicitudes. El Gobierno tambi\u00e9n est\u00e1 aumentando el personal y mejorando las plataformas en l\u00ednea utilizadas para tramitar las solicitudes de inmigraci\u00f3n. El objetivo es reducir considerablemente los plazos de tramitaci\u00f3n.<\/p>\n\n<div class=\"wp-block-spacer\" style=\"height: 33px;\" aria-hidden=\"true\">\u00a0<\/div>\n<div class=\"wp-block-image\">\n<figure class=\"aligncenter size-large\"><img decoding=\"async\" data-recalc-dims=\"1\" height=\"512\" width=\"1024\" class=\"wp-image-8850\" src=\"https:\/\/i0.wp.com\/relocations.io\/wp-content\/uploads\/2024\/08\/interest1-.jpg?resize=1024%2C512&#038;ssl=1\" alt=\"\" srcset=\"https:\/\/i0.wp.com\/relocations.io\/wp-content\/uploads\/2024\/08\/interest1-.jpg?w=1920&amp;ssl=1 1920w, https:\/\/i0.wp.com\/relocations.io\/wp-content\/uploads\/2024\/08\/interest1-.jpg?resize=300%2C150&amp;ssl=1 300w, https:\/\/i0.wp.com\/relocations.io\/wp-content\/uploads\/2024\/08\/interest1-.jpg?resize=1024%2C512&amp;ssl=1 1024w, https:\/\/i0.wp.com\/relocations.io\/wp-content\/uploads\/2024\/08\/interest1-.jpg?resize=768%2C384&amp;ssl=1 768w, https:\/\/i0.wp.com\/relocations.io\/wp-content\/uploads\/2024\/08\/interest1-.jpg?resize=1536%2C768&amp;ssl=1 1536w, https:\/\/i0.wp.com\/relocations.io\/wp-content\/uploads\/2024\/08\/interest1-.jpg?resize=18%2C9&amp;ssl=1 18w, https:\/\/i0.wp.com\/relocations.io\/wp-content\/uploads\/2024\/08\/interest1-.jpg?resize=640%2C320&amp;ssl=1 640w, https:\/\/i0.wp.com\/relocations.io\/wp-content\/uploads\/2024\/08\/interest1-.jpg?resize=50%2C25&amp;ssl=1 50w, https:\/\/i0.wp.com\/relocations.io\/wp-content\/uploads\/2024\/08\/interest1-.jpg?resize=100%2C50&amp;ssl=1 100w, https:\/\/i0.wp.com\/relocations.io\/wp-content\/uploads\/2024\/08\/interest1-.jpg?resize=600%2C300&amp;ssl=1 600w\" sizes=\"(max-width: 1024px) 100vw, 1024px\" \/><\/figure>\n<\/div>\n<div class=\"wp-block-spacer\" style=\"height: 33px;\" aria-hidden=\"true\">\u00a0<\/div>\n\n<h5 id=\"h-new-migration-action-plan\" class=\"wp-block-heading\"><strong>Nuevo Plan de Acci\u00f3n sobre Migraci\u00f3n<\/strong><\/h5>\n\n<p>La nueva estrategia migratoria de Portugal incluye:<\/p>\n\n<ol class=\"wp-block-list\">\n<li>Poner fin a la Expresi\u00f3n de Intenci\u00f3n: Hacer m\u00e1s eficiente el proceso de inmigraci\u00f3n.<\/li>\n\n<li>Reforzar los servicios consulares: Aumentar el personal, sobre todo en los pa\u00edses de la CPLP, para atraer a trabajadores cualificados.<\/li>\n\n<li>Creaci\u00f3n de un grupo operativo: Proponer la contrataci\u00f3n temporal de 10.000 empleados en <a href=\"https:\/\/aima.gov.pt\/pt\">AIMA<\/a> para agilizar las solicitudes de inmigraci\u00f3n.<\/li>\n\n<li>Atracci\u00f3n de trabajadores cualificados: Identificar oportunidades de empleo para mano de obra demandada.<\/li>\n<\/ol>\n\n<h5 id=\"h-impact-on-expats\" class=\"wp-block-heading\"><strong>Impacto en los expatriados<\/strong><\/h5>\n\n<p>Para los actuales expatriados en Portugal, no hay cambios en su estatus. Sin embargo, los que planean trasladarse a Portugal deben ahora asegurarse un contrato de trabajo antes de solicitar un permiso de residencia. Aunque este nuevo proceso podr\u00eda simplificar la inmigraci\u00f3n, tambi\u00e9n podr\u00eda aumentar la competencia.<\/p>\n\n<p>Si est\u00e1 interesado en un <a href=\"https:\/\/relocations.io\/portugals-residence-visas-a-comprehensive-guide\/\">visado de larga duraci\u00f3n<\/a>El procedimiento es el mismo para todos los tipos de visados, como el visado de negocios D2, el visado de estudios D4, el visado de ingresos pasivos D7 o el visado de oro.<\/p>\n\n<div class=\"wp-block-spacer\" style=\"height: 33px;\" aria-hidden=\"true\">\u00a0<\/div>\n\n<h5 id=\"h-next-steps-for-non-eu-citizens\" class=\"wp-block-heading\"><strong>Pr\u00f3ximos pasos para los ciudadanos extracomunitarios<\/strong><\/h5>\n\n<p>Para trasladarse a Portugal con arreglo a las nuevas normas, los ciudadanos extracomunitarios deben:<\/p>\n\n<ol class=\"wp-block-list\">\n<li>Empleo seguro: Obtener una oferta de empleo y un contrato v\u00e1lidos en Portugal.<\/li>\n\n<li>Concierte una cita en el Consulado: Comprender el proceso de solicitud y los requisitos.<\/li>\n\n<li>Prepare la documentaci\u00f3n: Re\u00fana todos los documentos necesarios, incluidas las pruebas de cualificaci\u00f3n e identificaci\u00f3n.<\/li>\n\n<li>Presente su solicitud: Solicite el permiso de residencia en persona en el consulado.<\/li>\n\n<li>Seguimiento: Mant\u00e9ngase en contacto con el consulado para conocer cualquier novedad sobre su solicitud.<\/li>\n<\/ol>\n\n<p>\u00a0<\/p>\n\n<p>\u00a0<\/p>\n\n<div class=\"wp-block-media-text is-stacked-on-mobile\">\n<figure class=\"wp-block-media-text__media\"><img decoding=\"async\" width=\"425\" height=\"128\" data-recalc-dims=\"1\" class=\"wp-image-8835 size-full\" src=\"https:\/\/i0.wp.com\/relocations.io\/wp-content\/uploads\/2024\/08\/Logo-Black-Lettr-Landscape-world.png?w=1080&#038;ssl=1\" alt=\"Ofrecemos apoyo personalizado, ayudamos a reunir la documentaci\u00f3n necesaria y nos mantenemos al d\u00eda de las \u00faltimas normativas para que su transici\u00f3n sea fluida.\" srcset=\"https:\/\/i0.wp.com\/relocations.io\/wp-content\/uploads\/2024\/08\/Logo-Black-Lettr-Landscape-world.png?w=425&amp;ssl=1 425w, https:\/\/i0.wp.com\/relocations.io\/wp-content\/uploads\/2024\/08\/Logo-Black-Lettr-Landscape-world.png?resize=300%2C90&amp;ssl=1 300w, https:\/\/i0.wp.com\/relocations.io\/wp-content\/uploads\/2024\/08\/Logo-Black-Lettr-Landscape-world.png?resize=18%2C5&amp;ssl=1 18w, https:\/\/i0.wp.com\/relocations.io\/wp-content\/uploads\/2024\/08\/Logo-Black-Lettr-Landscape-world.png?resize=50%2C15&amp;ssl=1 50w, https:\/\/i0.wp.com\/relocations.io\/wp-content\/uploads\/2024\/08\/Logo-Black-Lettr-Landscape-world.png?resize=100%2C30&amp;ssl=1 100w\" sizes=\"(max-width: 425px) 100vw, 425px\" \/><\/figure>\n<div class=\"wp-block-media-text__content\">\n<p class=\"has-text-align-center\"><a href=\"https:\/\/relocations.io\/book-a-call\/\">Reubicaciones.io<\/a> simplifica su traslado a Portugal ocup\u00e1ndose de todas las complejidades del proceso de inmigraci\u00f3n. <br \/><br \/>Ofrecemos apoyo personalizado, ayudamos a reunir la documentaci\u00f3n necesaria y nos mantenemos al d\u00eda de las \u00faltimas normativas para que su transici\u00f3n sea perfecta. Con Relocations.io, trasladarse a Portugal se convierte en una experiencia eficiente y sin complicaciones.<\/p>\n<\/div>\n<\/div>\n\t\t\t\t\t\t\t\t<\/div>\n\t\t\t\t<\/div>\n\t\t\t\t\t<\/div>\n\t\t\t\t<\/div>\n\t\t\t\t<\/div>","protected":false},"excerpt":{"rendered":"<p>Los recientes cambios en el proceso de inmigraci\u00f3n en Portugal suponen un cambio significativo. El Gobierno ha puesto fin al proceso de Expresi\u00f3n de Inter\u00e9s (EOI), una medida que afecta a quienes planean trasladarse a Portugal. Esta actualizaci\u00f3n pretende mejorar la eficiencia y eficacia del sistema de inmigraci\u00f3n.<\/p>","protected":false},"author":2,"featured_media":8878,"comment_status":"closed","ping_status":"closed","sticky":false,"template":"","format":"standard","meta":{"_jetpack_memberships_contains_paid_content":false,"footnotes":""},"categories":[67,60,61,68],"tags":[95,70,92,142,71,69],"class_list":["post-8847","post","type-post","status-publish","format-standard","has-post-thumbnail","hentry","category-citizenship","category-europe","category-portugal","category-relocations-io","tag-brasil","tag-moving-to-europe","tag-portugal","tag-relocate","tag-relocations","tag-relocations-io-blog"],"jetpack_featured_media_url":"https:\/\/i0.wp.com\/relocations.io\/wp-content\/uploads\/2024\/06\/intention.jpg?fit=1920%2C960&ssl=1","jetpack-related-posts":[{"id":7406,"url":"https:\/\/relocations.io\/es\/los-brasilenos-que-se-trasladan-a-portugal-abrazan-nuevas-oportunidades-en-una-historia-compartida\/","url_meta":{"origin":8847,"position":0},"title":"Brasile\u00f1os que se trasladan a Portugal: Nuevas oportunidades en una historia compartida","author":"Relocations.io","date":"julio 1, 2023","format":false,"excerpt":"Explore los lazos hist\u00f3ricos entre Brasil y Portugal mientras los brasile\u00f1os buscan nuevas oportunidades en la tierra de su pasado colonial. Con una lengua y una afinidad cultural compartidas, Portugal ofrece un entorno acogedor para que los brasile\u00f1os prosperen en diversos sectores, desde la tecnolog\u00eda al turismo.","rel":"","context":"En \u00abEurope\u00bb","block_context":{"text":"Europe","link":"https:\/\/relocations.io\/es\/categoria\/europa-2\/"},"img":{"alt_text":"","src":"https:\/\/i0.wp.com\/relocations.io\/wp-content\/uploads\/2022\/11\/36.jpg?fit=1200%2C675&ssl=1&resize=350%2C200","width":350,"height":200,"srcset":"https:\/\/i0.wp.com\/relocations.io\/wp-content\/uploads\/2022\/11\/36.jpg?fit=1200%2C675&ssl=1&resize=350%2C200 1x, https:\/\/i0.wp.com\/relocations.io\/wp-content\/uploads\/2022\/11\/36.jpg?fit=1200%2C675&ssl=1&resize=525%2C300 1.5x, https:\/\/i0.wp.com\/relocations.io\/wp-content\/uploads\/2022\/11\/36.jpg?fit=1200%2C675&ssl=1&resize=700%2C400 2x, https:\/\/i0.wp.com\/relocations.io\/wp-content\/uploads\/2022\/11\/36.jpg?fit=1200%2C675&ssl=1&resize=1050%2C600 3x"},"classes":[]},{"id":9038,"url":"https:\/\/relocations.io\/es\/nuevos-vuelos-directos-de-montreal-a-oporto\/","url_meta":{"origin":8847,"position":1},"title":"Nuevos vuelos directos a Canad\u00e1 impulsan el turismo entre Portugal y Canad\u00e1","author":"Relocations.io","date":"agosto 27, 2024","format":false,"excerpt":"A new direct flight route by Air Canada connecting Montreal, Canada, and Porto, Portugal. This service offers a convenient travel option for tourists and the Portuguese community in Canada. It highlights the benefits of the direct flight, including saving time and enhancing travel comfort, and also promotes Porto as an\u2026","rel":"","context":"En \u00abCanada\u00bb","block_context":{"text":"Canada","link":"https:\/\/relocations.io\/es\/categoria\/canada\/"},"img":{"alt_text":"","src":"https:\/\/i0.wp.com\/relocations.io\/wp-content\/uploads\/2024\/08\/New-Flights.jpg?fit=1200%2C600&ssl=1&resize=350%2C200","width":350,"height":200,"srcset":"https:\/\/i0.wp.com\/relocations.io\/wp-content\/uploads\/2024\/08\/New-Flights.jpg?fit=1200%2C600&ssl=1&resize=350%2C200 1x, https:\/\/i0.wp.com\/relocations.io\/wp-content\/uploads\/2024\/08\/New-Flights.jpg?fit=1200%2C600&ssl=1&resize=525%2C300 1.5x, https:\/\/i0.wp.com\/relocations.io\/wp-content\/uploads\/2024\/08\/New-Flights.jpg?fit=1200%2C600&ssl=1&resize=700%2C400 2x, https:\/\/i0.wp.com\/relocations.io\/wp-content\/uploads\/2024\/08\/New-Flights.jpg?fit=1200%2C600&ssl=1&resize=1050%2C600 3x"},"classes":[]},{"id":7427,"url":"https:\/\/relocations.io\/es\/su-guia-sobre-los-requisitos-de-visado-y-ciudadania-en-portugal-navegar-hacia-una-nueva-vida\/","url_meta":{"origin":8847,"position":2},"title":"Su gu\u00eda sobre los requisitos de visado y ciudadan\u00eda en Portugal: El camino hacia una nueva vida","author":"Relocations.io","date":"junio 1, 2024","format":false,"excerpt":"Descubra los pasos esenciales para trasladarse a Portugal, desde los requisitos de visado hasta los tr\u00e1mites de ciudadan\u00eda. Nuestra gu\u00eda simplifica el proceso, garantizando una transici\u00f3n fluida a su nueva vida en este cautivador pa\u00eds.","rel":"","context":"En \u00abEurope\u00bb","block_context":{"text":"Europe","link":"https:\/\/relocations.io\/es\/categoria\/europa-2\/"},"img":{"alt_text":"","src":"https:\/\/i0.wp.com\/relocations.io\/wp-content\/uploads\/2022\/11\/41.jpg?fit=1200%2C675&ssl=1&resize=350%2C200","width":350,"height":200,"srcset":"https:\/\/i0.wp.com\/relocations.io\/wp-content\/uploads\/2022\/11\/41.jpg?fit=1200%2C675&ssl=1&resize=350%2C200 1x, https:\/\/i0.wp.com\/relocations.io\/wp-content\/uploads\/2022\/11\/41.jpg?fit=1200%2C675&ssl=1&resize=525%2C300 1.5x, https:\/\/i0.wp.com\/relocations.io\/wp-content\/uploads\/2022\/11\/41.jpg?fit=1200%2C675&ssl=1&resize=700%2C400 2x, https:\/\/i0.wp.com\/relocations.io\/wp-content\/uploads\/2022\/11\/41.jpg?fit=1200%2C675&ssl=1&resize=1050%2C600 3x"},"classes":[]},{"id":7363,"url":"https:\/\/relocations.io\/es\/abrazar-europa-el-camino-racionalizado-hacia-un-nuevo-comienzo\/","url_meta":{"origin":8847,"position":3},"title":"Abrazar Europa: El camino hacia un nuevo comienzo","author":"Relocations.io","date":"octubre 1, 2022","format":false,"excerpt":"The Allure of Moving to Europe Moving to Europe has captivated people worldwide. With its rich history, diverse culture, and high quality of life, Europe offers countless benefits for a fresh start. While relocating to a new continent can seem daunting, careful planning and the right support can streamline the\u2026","rel":"","context":"En \u00abEurope\u00bb","block_context":{"text":"Europe","link":"https:\/\/relocations.io\/es\/categoria\/europa-2\/"},"img":{"alt_text":"","src":"https:\/\/i0.wp.com\/relocations.io\/wp-content\/uploads\/2024\/02\/embracing-europe2.png?fit=1200%2C675&ssl=1&resize=350%2C200","width":350,"height":200,"srcset":"https:\/\/i0.wp.com\/relocations.io\/wp-content\/uploads\/2024\/02\/embracing-europe2.png?fit=1200%2C675&ssl=1&resize=350%2C200 1x, https:\/\/i0.wp.com\/relocations.io\/wp-content\/uploads\/2024\/02\/embracing-europe2.png?fit=1200%2C675&ssl=1&resize=525%2C300 1.5x, https:\/\/i0.wp.com\/relocations.io\/wp-content\/uploads\/2024\/02\/embracing-europe2.png?fit=1200%2C675&ssl=1&resize=700%2C400 2x, https:\/\/i0.wp.com\/relocations.io\/wp-content\/uploads\/2024\/02\/embracing-europe2.png?fit=1200%2C675&ssl=1&resize=1050%2C600 3x"},"classes":[]},{"id":8832,"url":"https:\/\/relocations.io\/es\/visado-portugues-para-solicitantes-de-empleo\/","url_meta":{"origin":8847,"position":4},"title":"Visado para buscar trabajo en Portugal: Su puerta de entrada para trabajar en Portugal","author":"Relocations.io","date":"agosto 16, 2024","format":false,"excerpt":"Discover how to navigate the Portugal Job Seeker Visa process, including eligibility, application steps, and key benefits. Learn how relocations.io can streamline your job search and relocation to Portugal, providing expert guidance on visa applications, document preparation, and local job markets. Get valuable insights on making a smooth transition to\u2026","rel":"","context":"En \u00abCitizenship\u00bb","block_context":{"text":"Citizenship","link":"https:\/\/relocations.io\/es\/categoria\/europa-2\/ciudadania\/"},"img":{"alt_text":"","src":"https:\/\/i0.wp.com\/relocations.io\/wp-content\/uploads\/2024\/08\/6-3.jpg?fit=1200%2C600&ssl=1&resize=350%2C200","width":350,"height":200,"srcset":"https:\/\/i0.wp.com\/relocations.io\/wp-content\/uploads\/2024\/08\/6-3.jpg?fit=1200%2C600&ssl=1&resize=350%2C200 1x, https:\/\/i0.wp.com\/relocations.io\/wp-content\/uploads\/2024\/08\/6-3.jpg?fit=1200%2C600&ssl=1&resize=525%2C300 1.5x, https:\/\/i0.wp.com\/relocations.io\/wp-content\/uploads\/2024\/08\/6-3.jpg?fit=1200%2C600&ssl=1&resize=700%2C400 2x, https:\/\/i0.wp.com\/relocations.io\/wp-content\/uploads\/2024\/08\/6-3.jpg?fit=1200%2C600&ssl=1&resize=1050%2C600 3x"},"classes":[]},{"id":7385,"url":"https:\/\/relocations.io\/es\/valentines-dat\/","url_meta":{"origin":8847,"position":5},"title":"Amor a trav\u00e9s del continente: Tradiciones de San Valent\u00edn en Europa y m\u00e1s all\u00e1","author":"Relocations.io","date":"febrero 1, 2023","format":false,"excerpt":"Valentine\u2019s Day Traditions Across Europe: A Romantic Tour As February 14th draws near, love blossoms worldwide, but nowhere does it shine quite like in Europe. From the sunlit shores of Portugal to the charming streets of Paris, Valentine\u2019s Day in Europe is a grand celebration of romance, tradition, and heartfelt\u2026","rel":"","context":"En \u00abBelgium\u00bb","block_context":{"text":"Belgium","link":"https:\/\/relocations.io\/es\/categoria\/europa-2\/belgica\/"},"img":{"alt_text":"","src":"https:\/\/i0.wp.com\/relocations.io\/wp-content\/uploads\/2022\/11\/27.jpg?fit=1200%2C675&ssl=1&resize=350%2C200","width":350,"height":200,"srcset":"https:\/\/i0.wp.com\/relocations.io\/wp-content\/uploads\/2022\/11\/27.jpg?fit=1200%2C675&ssl=1&resize=350%2C200 1x, https:\/\/i0.wp.com\/relocations.io\/wp-content\/uploads\/2022\/11\/27.jpg?fit=1200%2C675&ssl=1&resize=525%2C300 1.5x, https:\/\/i0.wp.com\/relocations.io\/wp-content\/uploads\/2022\/11\/27.jpg?fit=1200%2C675&ssl=1&resize=700%2C400 2x, https:\/\/i0.wp.com\/relocations.io\/wp-content\/uploads\/2022\/11\/27.jpg?fit=1200%2C675&ssl=1&resize=1050%2C600 3x"},"classes":[]}],"jetpack_sharing_enabled":true,"_links":{"self":[{"href":"https:\/\/relocations.io\/es\/wp-json\/wp\/v2\/posts\/8847","targetHints":{"allow":["GET"]}}],"collection":[{"href":"https:\/\/relocations.io\/es\/wp-json\/wp\/v2\/posts"}],"about":[{"href":"https:\/\/relocations.io\/es\/wp-json\/wp\/v2\/types\/post"}],"author":[{"embeddable":true,"href":"https:\/\/relocations.io\/es\/wp-json\/wp\/v2\/users\/2"}],"replies":[{"embeddable":true,"href":"https:\/\/relocations.io\/es\/wp-json\/wp\/v2\/comments?post=8847"}],"version-history":[{"count":0,"href":"https:\/\/relocations.io\/es\/wp-json\/wp\/v2\/posts\/8847\/revisions"}],"wp:featuredmedia":[{"embeddable":true,"href":"https:\/\/relocations.io\/es\/wp-json\/wp\/v2\/media\/8878"}],"wp:attachment":[{"href":"https:\/\/relocations.io\/es\/wp-json\/wp\/v2\/media?parent=8847"}],"wp:term":[{"taxonomy":"category","embeddable":true,"href":"https:\/\/relocations.io\/es\/wp-json\/wp\/v2\/categories?post=8847"},{"taxonomy":"post_tag","embeddable":true,"href":"https:\/\/relocations.io\/es\/wp-json\/wp\/v2\/tags?post=8847"}],"curies":[{"name":"wp","href":"https:\/\/api.w.org\/{rel}","templated":true}]}}