{"id":8816,"date":"2024-08-26T10:00:00","date_gmt":"2024-08-26T09:00:00","guid":{"rendered":"https:\/\/relocations.io\/?p=8816"},"modified":"2024-09-06T11:15:53","modified_gmt":"2024-09-06T10:15:53","slug":"portugal-sacudida-por-un-terremoto-de-magnitud-5-3-temblor-reciente-y-contexto-historico","status":"publish","type":"post","link":"https:\/\/relocations.io\/es\/portugal-sacudida-por-un-terremoto-de-magnitud-5-3-temblor-reciente-y-contexto-historico\/","title":{"rendered":"Portugal sacudido por un terremoto de magnitud 5,3: Temblor reciente y contexto hist\u00f3rico"},"content":{"rendered":"<div data-elementor-type=\"wp-post\" data-elementor-id=\"8816\" class=\"elementor elementor-8816\" data-elementor-settings=\"{&quot;ha_cmc_init_switcher&quot;:&quot;no&quot;}\" data-elementor-post-type=\"post\">\n\t\t\t\t<div class=\"elementor-element elementor-element-35614018 e-flex e-con-boxed e-con e-parent\" data-id=\"35614018\" data-element_type=\"container\" data-settings=\"{&quot;_ha_eqh_enable&quot;:false}\">\n\t\t\t\t\t<div class=\"e-con-inner\">\n\t\t\t\t<div class=\"elementor-element elementor-element-34602e0 elementor-widget elementor-widget-heading\" data-id=\"34602e0\" data-element_type=\"widget\" data-widget_type=\"heading.default\">\n\t\t\t\t<div class=\"elementor-widget-container\">\n\t\t\t\t\t<h2 class=\"elementor-heading-title elementor-size-default\">Se siente un terremoto de 5,3 grados en varias ciudades de Portugal<\/h2>\t\t\t\t<\/div>\n\t\t\t\t<\/div>\n\t\t\t\t<div class=\"elementor-element elementor-element-75f9745c elementor-widget elementor-widget-text-editor\" data-id=\"75f9745c\" data-element_type=\"widget\" data-widget_type=\"text-editor.default\">\n\t\t\t\t<div class=\"elementor-widget-container\">\n\t\t\t\t\t\t\t\t\t\n<p>Esta madrugada, a las 5.11 horas, un terremoto de magnitud 5,3 en la escala de Richter se ha producido frente a las costas de Sines (Portugal). El Instituto Portugu\u00e9s del Mar y la Atm\u00f3sfera (<a href=\"https:\/\/www.ipma.pt\/pt\/media\/noticias\/news.detail.jsp?f=\/pt\/media\/noticias\/textos\/noticia_sismo_agosto.html\">IPMA<\/a>) confirm\u00f3 que el epicentro estaba situado a 58 kil\u00f3metros al oeste de Sines, a una profundidad de 10,7 kil\u00f3metros. Esta informaci\u00f3n fue corroborada por el Servicio Geol\u00f3gico de Estados Unidos (USGS), que revis\u00f3 ligeramente la magnitud a 5,4. El Centro Sismol\u00f3gico Euromediterr\u00e1neo (CSEM) registr\u00f3 inicialmente el se\u00edsmo como de magnitud 5,1 a una profundidad de cinco kil\u00f3metros.<br \/><br \/><\/p>\n<div class=\"wp-block-image\">\n<figure class=\"aligncenter size-large\"><img fetchpriority=\"high\" decoding=\"async\" data-recalc-dims=\"1\" height=\"768\" width=\"1024\" class=\"wp-image-8820\" src=\"https:\/\/i0.wp.com\/relocations.io\/wp-content\/uploads\/2024\/08\/IMG_6277.png?resize=1024%2C768&#038;ssl=1\" alt=\"Esta madrugada, a las 5.11 horas, un terremoto de magnitud 5,3 en la escala de Richter sacudi\u00f3 la costa de Sines, Portugal. El Instituto Portugu\u00e9s del Mar y la Atm\u00f3sfera (IPMA) confirm\u00f3 que el epicentro se situ\u00f3 a 58 kil\u00f3metros al oeste de Sines, a una profundidad de 10,7 kil\u00f3metros. Esta informaci\u00f3n fue corroborada por el Servicio Geol\u00f3gico de Estados Unidos (USGS), que revis\u00f3 ligeramente la magnitud a 5,4. El Grupo Sismol\u00f3gico Euromediterr\u00e1neo\" srcset=\"https:\/\/i0.wp.com\/relocations.io\/wp-content\/uploads\/2024\/08\/IMG_6277.png?w=1200&amp;ssl=1 1200w, https:\/\/i0.wp.com\/relocations.io\/wp-content\/uploads\/2024\/08\/IMG_6277.png?resize=300%2C225&amp;ssl=1 300w, https:\/\/i0.wp.com\/relocations.io\/wp-content\/uploads\/2024\/08\/IMG_6277.png?resize=1024%2C768&amp;ssl=1 1024w, https:\/\/i0.wp.com\/relocations.io\/wp-content\/uploads\/2024\/08\/IMG_6277.png?resize=768%2C576&amp;ssl=1 768w, https:\/\/i0.wp.com\/relocations.io\/wp-content\/uploads\/2024\/08\/IMG_6277.png?resize=16%2C12&amp;ssl=1 16w, https:\/\/i0.wp.com\/relocations.io\/wp-content\/uploads\/2024\/08\/IMG_6277.png?resize=560%2C420&amp;ssl=1 560w, https:\/\/i0.wp.com\/relocations.io\/wp-content\/uploads\/2024\/08\/IMG_6277.png?resize=900%2C675&amp;ssl=1 900w, https:\/\/i0.wp.com\/relocations.io\/wp-content\/uploads\/2024\/08\/IMG_6277.png?resize=50%2C38&amp;ssl=1 50w, https:\/\/i0.wp.com\/relocations.io\/wp-content\/uploads\/2024\/08\/IMG_6277.png?resize=100%2C75&amp;ssl=1 100w, https:\/\/i0.wp.com\/relocations.io\/wp-content\/uploads\/2024\/08\/IMG_6277.png?resize=600%2C450&amp;ssl=1 600w\" sizes=\"(max-width: 1024px) 100vw, 1024px\" \/><\/figure>\n<\/div>\n<p><br \/><br \/>El temblor se sinti\u00f3 ampliamente, con informes que indicaban que se not\u00f3 en toda la <a href=\"https:\/\/relocations.io\/savoring-lisbon-a-culinary-journey\/\">Lisboa<\/a> \u00e1rea metropolitana, incluida la propia capital, y en el distrito de Set\u00fabal. Adem\u00e1s, residentes en partes de Espa\u00f1a y Marruecos tambi\u00e9n informaron haber sentido el se\u00edsmo. Seg\u00fan el IPMA, la intensidad m\u00e1xima alcanz\u00f3 IV\/V en la escala de Intensidad Modificada de Mercalli, que clasifica las sacudidas de moderadas a fuertes. Hasta ahora se han registrado cuatro r\u00e9plicas.<\/p>\n\n<p>Afortunadamente, el IPMA inform\u00f3 de que no se hab\u00edan producido v\u00edctimas ni da\u00f1os significativos como consecuencia del terremoto. Las sacudidas en la regi\u00f3n de Sines fueron m\u00e1s intensas, mientras que en Lisboa y Set\u00fabal se sintieron de forma m\u00e1s leve. Seg\u00fan el IPMA, un nivel de intensidad de IV en la escala de Mercalli podr\u00eda causar vibraciones similares a las del tr\u00e1fico pesado, con el traqueteo de ventanas, puertas y vajilla. A niveles de intensidad m\u00e1s altos, las paredes y estructuras de madera podr\u00edan crujir, y los coches aparcados podr\u00edan balancearse.<\/p>\n\n<p>Determinar la localizaci\u00f3n exacta del epicentro de un terremoto es un proceso complejo, que implica intrincados c\u00e1lculos f\u00edsicos y matem\u00e1ticos. Las distintas agencias suelen ofrecer resultados ligeramente diferentes, y las estimaciones preliminares se actualizan con frecuencia a medida que se dispone de m\u00e1s datos.<\/p>\n\n<h4 id=\"h-historical-context-past-major-earthquakes-in-the-region\" class=\"wp-block-heading\">Contexto hist\u00f3rico: Principales terremotos ocurridos en la regi\u00f3n<\/h4>\n\n<p>Este reciente acontecimiento trae a la memoria los importantes terremotos que se han producido en la historia de Portugal. En 1969, el pa\u00eds sufri\u00f3 el terremoto m\u00e1s potente del siglo XX, con una magnitud de 7,9 en la escala de Richter. El epicentro se situ\u00f3 a 200 kil\u00f3metros al suroeste de Sagres, y el temblor se sinti\u00f3 con mayor intensidad en las regiones meridionales de Vila do Bispo, Portim\u00e3o y Aljezur. Tr\u00e1gicamente, 13 personas perdieron la vida.<\/p>\n\n<p>Si nos remontamos m\u00e1s atr\u00e1s, Lisboa estuvo a punto de ser destruida por un catastr\u00f3fico terremoto en 1755. Con una magnitud estimada superior a 8 en la escala de Richter, el se\u00edsmo fue seguido de un tsunami masivo, que posiblemente alcanz\u00f3 los 20 metros de altura, y de incendios devastadores. Aunque se desconoce el n\u00famero exacto de v\u00edctimas, se cree que perecieron al menos 30.000 personas. Esta cat\u00e1strofe se produjo en un momento en que Lisboa era un centro comercial y pol\u00edtico vital en Europa.<br \/><br \/><\/p>\n<div class=\"wp-block-image\">\n<figure class=\"aligncenter size-full\"><img decoding=\"async\" width=\"888\" height=\"536\" data-recalc-dims=\"1\" class=\"wp-image-8817\" src=\"https:\/\/i0.wp.com\/relocations.io\/wp-content\/uploads\/2024\/08\/35520581-ch-rio-de-janeiro-rj-17-03-2011-terremoto-de-lisboa.-foto-reproducao.jpg.webp?w=1080&#038;ssl=1\" alt=\"Lisboa estuvo a punto de ser destruida por un catastr\u00f3fico terremoto en 1755. Con una magnitud estimada superior a 8 en la escala de Richter, el se\u00edsmo fue seguido de un tsunami masivo, que posiblemente alcanz\u00f3 los 20 metros de altura, y de incendios devastadores.\" srcset=\"https:\/\/i0.wp.com\/relocations.io\/wp-content\/uploads\/2024\/08\/35520581-ch-rio-de-janeiro-rj-17-03-2011-terremoto-de-lisboa.-foto-reproducao.jpg.webp?w=888&amp;ssl=1 888w, https:\/\/i0.wp.com\/relocations.io\/wp-content\/uploads\/2024\/08\/35520581-ch-rio-de-janeiro-rj-17-03-2011-terremoto-de-lisboa.-foto-reproducao.jpg.webp?resize=300%2C181&amp;ssl=1 300w, https:\/\/i0.wp.com\/relocations.io\/wp-content\/uploads\/2024\/08\/35520581-ch-rio-de-janeiro-rj-17-03-2011-terremoto-de-lisboa.-foto-reproducao.jpg.webp?resize=768%2C464&amp;ssl=1 768w, https:\/\/i0.wp.com\/relocations.io\/wp-content\/uploads\/2024\/08\/35520581-ch-rio-de-janeiro-rj-17-03-2011-terremoto-de-lisboa.-foto-reproducao.jpg.webp?resize=18%2C12&amp;ssl=1 18w, https:\/\/i0.wp.com\/relocations.io\/wp-content\/uploads\/2024\/08\/35520581-ch-rio-de-janeiro-rj-17-03-2011-terremoto-de-lisboa.-foto-reproducao.jpg.webp?resize=50%2C30&amp;ssl=1 50w, https:\/\/i0.wp.com\/relocations.io\/wp-content\/uploads\/2024\/08\/35520581-ch-rio-de-janeiro-rj-17-03-2011-terremoto-de-lisboa.-foto-reproducao.jpg.webp?resize=100%2C60&amp;ssl=1 100w, https:\/\/i0.wp.com\/relocations.io\/wp-content\/uploads\/2024\/08\/35520581-ch-rio-de-janeiro-rj-17-03-2011-terremoto-de-lisboa.-foto-reproducao.jpg.webp?resize=600%2C362&amp;ssl=1 600w\" sizes=\"(max-width: 888px) 100vw, 888px\" \/><\/figure>\n<\/div>\n<p><br \/><br \/>Las secuelas del terremoto de 1755 tuvieron efectos de gran alcance, tanto f\u00edsicos como filos\u00f3ficos. El Marqu\u00e9s de Pombal, entonces Primer Ministro de Portugal, dirigi\u00f3 los esfuerzos de reconstrucci\u00f3n, introduciendo nuevas normas de construcci\u00f3n dise\u00f1adas para resistir futuros terremotos y aplicando reformas urbanas que dieron forma a la Lisboa moderna. El se\u00edsmo tambi\u00e9n influy\u00f3 en el pensamiento europeo, con fil\u00f3sofos como Voltaire y Rousseau contemplando la naturaleza de tales tragedias y las respuestas sociales a las mismas.<\/p>\n\n<h4 id=\"h-earthquake-safety-what-to-do-before-during-and-after-a-quake\" class=\"wp-block-heading\">Seguridad en caso de terremoto: Qu\u00e9 hacer antes, durante y despu\u00e9s de un terremoto<\/h4>\n\n<p>Prepararse para un terremoto puede marcar la diferencia. Aqu\u00ed tienes una gu\u00eda completa que te ayudar\u00e1 a mantenerte seguro antes, durante y despu\u00e9s de un terremoto.<\/p>\n\n<h4 id=\"h-how-to-prepare-before-an-earthquake\" class=\"wp-block-heading\">C\u00f3mo prepararse antes de un terremoto:<\/h4>\n\n<ol class=\"wp-block-list\">\n<li><strong>Conozca su edificio:<\/strong>\u00a0Familiar\u00edcese con las salidas de emergencia de su edificio. Sepa d\u00f3nde est\u00e1n situadas y c\u00f3mo llegar r\u00e1pidamente a ellas en caso de emergencia.<\/li>\n\n<li><strong>Asegure su hogar:<\/strong>\u00a0Evite colocar espejos o marcos pesados encima de camas o lugares donde pueda buscar refugio. Ancla los muebles pesados, armarios y estanter\u00edas a las paredes, suelo o techo para evitar que vuelquen.<\/li>\n\n<li><strong>Mantenga las v\u00edas despejadas:<\/strong>\u00a0Aseg\u00farese de que los pasillos y las salidas no est\u00e9n obstruidos para permitir una evacuaci\u00f3n r\u00e1pida y segura en caso necesario.<\/li>\n\n<li><strong>Cree un kit de emergencia:<\/strong>\u00a0Prepare un botiqu\u00edn con elementos esenciales como material de primeros auxilios, una linterna, agua y alimentos no perecederos. Mantenlo f\u00e1cilmente accesible.<\/li>\n<\/ol>\n\n<h4 id=\"h-what-to-do-during-an-earthquake\" class=\"wp-block-heading\">Qu\u00e9 hacer durante un terremoto:<\/h4>\n\n<ol class=\"wp-block-list\">\n<li><strong>Mant\u00e9n la calma:<\/strong>\u00a0El p\u00e1nico puede llevar a una mala toma de decisiones. Intenta mantener la calma en la medida de lo posible.<\/li>\n\n<li><strong>Evite los peligros:<\/strong>\u00a0Al\u00e9jese de ventanas, espejos y cualquier mueble u objeto no sujeto que pueda caerse.<\/li>\n\n<li><strong>Encuentra refugio:<\/strong>\u00a0C\u00fabrete en un lugar seguro, como debajo de una mesa o cama resistente, o junto a una pared interior, especialmente cerca de pilares estructurales.<\/li>\n\n<li><strong>No te precipites fuera:<\/strong>\u00a0Si se encuentra en un lugar cerrado, no se precipite hacia la salida, sobre todo si hay mucha gente. Es m\u00e1s seguro permanecer en el interior hasta que cesen las sacudidas.<\/li>\n\n<li><strong>Evite los ascensores:<\/strong>\u00a0Nunca utilices los ascensores durante un terremoto, ya que los cortes de electricidad o los da\u00f1os podr\u00edan dejarte atrapado.<\/li>\n\n<li><strong>Conserve la energ\u00eda:<\/strong>\u00a0Limitar el esfuerzo f\u00edsico para ahorrar energ\u00eda para las acciones cr\u00edticas.<\/li>\n\n<li><strong>Protege tu cabeza:<\/strong>\u00a0T\u00edrate al suelo y c\u00fabrete la cabeza y el cuello para protegerte de los escombros que caen.<\/li>\n\n<li><strong>Detener la maquinaria:<\/strong>\u00a0Si est\u00e1 cerca de maquinaria o equipo pesado, det\u00e9ngalo inmediatamente y al\u00e9jese de \u00e9l.<\/li>\n\n<li><strong>Utiliza el tel\u00e9fono con moderaci\u00f3n:<\/strong>\u00a0Utilice el tel\u00e9fono m\u00f3vil s\u00f3lo en caso de emergencia para evitar sobrecargar las redes de comunicaci\u00f3n.<\/li>\n<\/ol>\n\n<h4 id=\"h-what-to-do-after-an-earthquake\" class=\"wp-block-heading\">Qu\u00e9 hacer tras un terremoto:<\/h4>\n\n<ol class=\"wp-block-list\">\n<li><strong>Evite las fuentes de ignici\u00f3n:<\/strong>\u00a0No utilices mecheros ni cerillas, ya que podr\u00eda haber una fuga de gas.<\/li>\n\n<li><strong>Apague los servicios p\u00fablicos:<\/strong>\u00a0Como medida de precauci\u00f3n, cierre el suministro de agua, electricidad y gas de su vivienda.<\/li>\n\n<li><strong>Tenga cerca un extintor de incendios:<\/strong>\u00a0Tenga a mano un extintor en caso de incendio.<\/li>\n\n<li><strong>Compruebe si hay da\u00f1os:<\/strong>\u00a0Si sospecha que se han producido da\u00f1os estructurales en su edificio o si alguien resulta herido, p\u00f3ngase en contacto con las autoridades inmediatamente.<\/li>\n\n<li><strong>Mant\u00e9ngase seguro al aire libre:<\/strong>\u00a0Si est\u00e1s en el exterior, al\u00e9jate de los edificios y mant\u00e9n una distancia de seguridad con ellos.<\/li>\n\n<li><strong>Evite las masas de agua:<\/strong>\u00a0Mantente alejado del oc\u00e9ano o de cualquier r\u00edo, ya que puede haber riesgo de tsunami u otros peligros relacionados con el agua.<\/li>\n\n<li><strong>Cuidado con los peligros el\u00e9ctricos:<\/strong>\u00a0Mant\u00e9ngase alejado de las l\u00edneas el\u00e9ctricas y tenga cuidado con los cables expuestos.<\/li>\n\n<li><strong>Cambia a la red 2G:<\/strong>\u00a0Si tienes problemas para hacer llamadas o enviar mensajes, prueba a cambiar el tel\u00e9fono a 2G para aumentar las posibilidades de conexi\u00f3n.<\/li>\n<\/ol>\n\n<p>Siguiendo estos pasos, puede reducir significativamente los riesgos asociados a un terremoto y garantizar su seguridad y la de sus seres queridos.<\/p>\n\t\t\t\t\t\t\t\t<\/div>\n\t\t\t\t<\/div>\n\t\t\t\t\t<\/div>\n\t\t\t\t<\/div>\n\t\t\t\t<\/div>","protected":false},"excerpt":{"rendered":"<p>Reciente terremoto de magnitud 5,3 que sacudi\u00f3 Portugal, afectando concretamente a la regi\u00f3n cercana a \u00c9vora. Ofrece detalles sobre los efectos del se\u00edsmo, incluidos da\u00f1os menores y la respuesta de las autoridades locales. El art\u00edculo tambi\u00e9n ofrece un contexto hist\u00f3rico, mencionando anteriores terremotos significativos en Portugal, como el devastador terremoto de Lisboa de 1755. Adem\u00e1s, aborda las vulnerabilidades geol\u00f3gicas de Portugal y la importancia de la preparaci\u00f3n para futuros se\u00edsmos.<\/p>","protected":false},"author":2,"featured_media":8825,"comment_status":"closed","ping_status":"closed","sticky":false,"template":"","format":"standard","meta":{"_jetpack_memberships_contains_paid_content":false,"footnotes":""},"categories":[60,61,68],"tags":[70,160,92,142,71],"class_list":["post-8816","post","type-post","status-publish","format-standard","has-post-thumbnail","hentry","category-europe","category-portugal","category-relocations-io","tag-moving-to-europe","tag-news-from-portugal","tag-portugal","tag-relocate","tag-relocations"],"jetpack_featured_media_url":"https:\/\/i0.wp.com\/relocations.io\/wp-content\/uploads\/2024\/08\/Earthquake.jpg?fit=1920%2C960&ssl=1","jetpack-related-posts":[{"id":7406,"url":"https:\/\/relocations.io\/es\/los-brasilenos-que-se-trasladan-a-portugal-abrazan-nuevas-oportunidades-en-una-historia-compartida\/","url_meta":{"origin":8816,"position":0},"title":"Brasile\u00f1os que se trasladan a Portugal: Nuevas oportunidades en una historia compartida","author":"Relocations.io","date":"julio 1, 2023","format":false,"excerpt":"Explore los lazos hist\u00f3ricos entre Brasil y Portugal mientras los brasile\u00f1os buscan nuevas oportunidades en la tierra de su pasado colonial. Con una lengua y una afinidad cultural compartidas, Portugal ofrece un entorno acogedor para que los brasile\u00f1os prosperen en diversos sectores, desde la tecnolog\u00eda al turismo.","rel":"","context":"En \u00abEurope\u00bb","block_context":{"text":"Europe","link":"https:\/\/relocations.io\/es\/categoria\/europa-2\/"},"img":{"alt_text":"","src":"https:\/\/i0.wp.com\/relocations.io\/wp-content\/uploads\/2022\/11\/36.jpg?fit=1200%2C675&ssl=1&resize=350%2C200","width":350,"height":200,"srcset":"https:\/\/i0.wp.com\/relocations.io\/wp-content\/uploads\/2022\/11\/36.jpg?fit=1200%2C675&ssl=1&resize=350%2C200 1x, https:\/\/i0.wp.com\/relocations.io\/wp-content\/uploads\/2022\/11\/36.jpg?fit=1200%2C675&ssl=1&resize=525%2C300 1.5x, https:\/\/i0.wp.com\/relocations.io\/wp-content\/uploads\/2022\/11\/36.jpg?fit=1200%2C675&ssl=1&resize=700%2C400 2x, https:\/\/i0.wp.com\/relocations.io\/wp-content\/uploads\/2022\/11\/36.jpg?fit=1200%2C675&ssl=1&resize=1050%2C600 3x"},"classes":[]},{"id":9038,"url":"https:\/\/relocations.io\/es\/nuevos-vuelos-directos-de-montreal-a-oporto\/","url_meta":{"origin":8816,"position":1},"title":"Nuevos vuelos directos a Canad\u00e1 impulsan el turismo entre Portugal y Canad\u00e1","author":"Relocations.io","date":"agosto 27, 2024","format":false,"excerpt":"A new direct flight route by Air Canada connecting Montreal, Canada, and Porto, Portugal. This service offers a convenient travel option for tourists and the Portuguese community in Canada. It highlights the benefits of the direct flight, including saving time and enhancing travel comfort, and also promotes Porto as an\u2026","rel":"","context":"En \u00abCanada\u00bb","block_context":{"text":"Canada","link":"https:\/\/relocations.io\/es\/categoria\/canada\/"},"img":{"alt_text":"","src":"https:\/\/i0.wp.com\/relocations.io\/wp-content\/uploads\/2024\/08\/New-Flights.jpg?fit=1200%2C600&ssl=1&resize=350%2C200","width":350,"height":200,"srcset":"https:\/\/i0.wp.com\/relocations.io\/wp-content\/uploads\/2024\/08\/New-Flights.jpg?fit=1200%2C600&ssl=1&resize=350%2C200 1x, https:\/\/i0.wp.com\/relocations.io\/wp-content\/uploads\/2024\/08\/New-Flights.jpg?fit=1200%2C600&ssl=1&resize=525%2C300 1.5x, https:\/\/i0.wp.com\/relocations.io\/wp-content\/uploads\/2024\/08\/New-Flights.jpg?fit=1200%2C600&ssl=1&resize=700%2C400 2x, https:\/\/i0.wp.com\/relocations.io\/wp-content\/uploads\/2024\/08\/New-Flights.jpg?fit=1200%2C600&ssl=1&resize=1050%2C600 3x"},"classes":[]},{"id":7427,"url":"https:\/\/relocations.io\/es\/su-guia-sobre-los-requisitos-de-visado-y-ciudadania-en-portugal-navegar-hacia-una-nueva-vida\/","url_meta":{"origin":8816,"position":2},"title":"Su gu\u00eda sobre los requisitos de visado y ciudadan\u00eda en Portugal: El camino hacia una nueva vida","author":"Relocations.io","date":"junio 1, 2024","format":false,"excerpt":"Descubra los pasos esenciales para trasladarse a Portugal, desde los requisitos de visado hasta los tr\u00e1mites de ciudadan\u00eda. Nuestra gu\u00eda simplifica el proceso, garantizando una transici\u00f3n fluida a su nueva vida en este cautivador pa\u00eds.","rel":"","context":"En \u00abEurope\u00bb","block_context":{"text":"Europe","link":"https:\/\/relocations.io\/es\/categoria\/europa-2\/"},"img":{"alt_text":"","src":"https:\/\/i0.wp.com\/relocations.io\/wp-content\/uploads\/2022\/11\/41.jpg?fit=1200%2C675&ssl=1&resize=350%2C200","width":350,"height":200,"srcset":"https:\/\/i0.wp.com\/relocations.io\/wp-content\/uploads\/2022\/11\/41.jpg?fit=1200%2C675&ssl=1&resize=350%2C200 1x, https:\/\/i0.wp.com\/relocations.io\/wp-content\/uploads\/2022\/11\/41.jpg?fit=1200%2C675&ssl=1&resize=525%2C300 1.5x, https:\/\/i0.wp.com\/relocations.io\/wp-content\/uploads\/2022\/11\/41.jpg?fit=1200%2C675&ssl=1&resize=700%2C400 2x, https:\/\/i0.wp.com\/relocations.io\/wp-content\/uploads\/2022\/11\/41.jpg?fit=1200%2C675&ssl=1&resize=1050%2C600 3x"},"classes":[]},{"id":7363,"url":"https:\/\/relocations.io\/es\/abrazar-europa-el-camino-racionalizado-hacia-un-nuevo-comienzo\/","url_meta":{"origin":8816,"position":3},"title":"Abrazar Europa: El camino hacia un nuevo comienzo","author":"Relocations.io","date":"octubre 1, 2022","format":false,"excerpt":"The Allure of Moving to Europe Moving to Europe has captivated people worldwide. With its rich history, diverse culture, and high quality of life, Europe offers countless benefits for a fresh start. While relocating to a new continent can seem daunting, careful planning and the right support can streamline the\u2026","rel":"","context":"En \u00abEurope\u00bb","block_context":{"text":"Europe","link":"https:\/\/relocations.io\/es\/categoria\/europa-2\/"},"img":{"alt_text":"","src":"https:\/\/i0.wp.com\/relocations.io\/wp-content\/uploads\/2024\/02\/embracing-europe2.png?fit=1200%2C675&ssl=1&resize=350%2C200","width":350,"height":200,"srcset":"https:\/\/i0.wp.com\/relocations.io\/wp-content\/uploads\/2024\/02\/embracing-europe2.png?fit=1200%2C675&ssl=1&resize=350%2C200 1x, https:\/\/i0.wp.com\/relocations.io\/wp-content\/uploads\/2024\/02\/embracing-europe2.png?fit=1200%2C675&ssl=1&resize=525%2C300 1.5x, https:\/\/i0.wp.com\/relocations.io\/wp-content\/uploads\/2024\/02\/embracing-europe2.png?fit=1200%2C675&ssl=1&resize=700%2C400 2x, https:\/\/i0.wp.com\/relocations.io\/wp-content\/uploads\/2024\/02\/embracing-europe2.png?fit=1200%2C675&ssl=1&resize=1050%2C600 3x"},"classes":[]},{"id":8847,"url":"https:\/\/relocations.io\/es\/fin-de-la-manifestacion-de-intenciones-de-portugal\/","url_meta":{"origin":8816,"position":4},"title":"Fin de la Expresi\u00f3n de Intenciones de Portugal: Explicaci\u00f3n de las nuevas normas de inmigraci\u00f3n","author":"Relocations.io","date":"junio 6, 2024","format":false,"excerpt":"The recent changes to Portugal's immigration process mark a significant shift. The government has ended the Expression of Interest (EOI) process, a move that affects those planning to relocate to Portugal. This update aims to improve the efficiency and effectiveness of the immigration system.","rel":"","context":"En \u00abCitizenship\u00bb","block_context":{"text":"Citizenship","link":"https:\/\/relocations.io\/es\/categoria\/europa-2\/ciudadania\/"},"img":{"alt_text":"","src":"https:\/\/i0.wp.com\/relocations.io\/wp-content\/uploads\/2024\/06\/intention.jpg?fit=1200%2C600&ssl=1&resize=350%2C200","width":350,"height":200,"srcset":"https:\/\/i0.wp.com\/relocations.io\/wp-content\/uploads\/2024\/06\/intention.jpg?fit=1200%2C600&ssl=1&resize=350%2C200 1x, https:\/\/i0.wp.com\/relocations.io\/wp-content\/uploads\/2024\/06\/intention.jpg?fit=1200%2C600&ssl=1&resize=525%2C300 1.5x, https:\/\/i0.wp.com\/relocations.io\/wp-content\/uploads\/2024\/06\/intention.jpg?fit=1200%2C600&ssl=1&resize=700%2C400 2x, https:\/\/i0.wp.com\/relocations.io\/wp-content\/uploads\/2024\/06\/intention.jpg?fit=1200%2C600&ssl=1&resize=1050%2C600 3x"},"classes":[]},{"id":8832,"url":"https:\/\/relocations.io\/es\/visado-portugues-para-solicitantes-de-empleo\/","url_meta":{"origin":8816,"position":5},"title":"Visado para buscar trabajo en Portugal: Su puerta de entrada para trabajar en Portugal","author":"Relocations.io","date":"agosto 16, 2024","format":false,"excerpt":"Discover how to navigate the Portugal Job Seeker Visa process, including eligibility, application steps, and key benefits. Learn how relocations.io can streamline your job search and relocation to Portugal, providing expert guidance on visa applications, document preparation, and local job markets. Get valuable insights on making a smooth transition to\u2026","rel":"","context":"En \u00abCitizenship\u00bb","block_context":{"text":"Citizenship","link":"https:\/\/relocations.io\/es\/categoria\/europa-2\/ciudadania\/"},"img":{"alt_text":"","src":"https:\/\/i0.wp.com\/relocations.io\/wp-content\/uploads\/2024\/08\/6-3.jpg?fit=1200%2C600&ssl=1&resize=350%2C200","width":350,"height":200,"srcset":"https:\/\/i0.wp.com\/relocations.io\/wp-content\/uploads\/2024\/08\/6-3.jpg?fit=1200%2C600&ssl=1&resize=350%2C200 1x, https:\/\/i0.wp.com\/relocations.io\/wp-content\/uploads\/2024\/08\/6-3.jpg?fit=1200%2C600&ssl=1&resize=525%2C300 1.5x, https:\/\/i0.wp.com\/relocations.io\/wp-content\/uploads\/2024\/08\/6-3.jpg?fit=1200%2C600&ssl=1&resize=700%2C400 2x, https:\/\/i0.wp.com\/relocations.io\/wp-content\/uploads\/2024\/08\/6-3.jpg?fit=1200%2C600&ssl=1&resize=1050%2C600 3x"},"classes":[]}],"jetpack_sharing_enabled":true,"_links":{"self":[{"href":"https:\/\/relocations.io\/es\/wp-json\/wp\/v2\/posts\/8816","targetHints":{"allow":["GET"]}}],"collection":[{"href":"https:\/\/relocations.io\/es\/wp-json\/wp\/v2\/posts"}],"about":[{"href":"https:\/\/relocations.io\/es\/wp-json\/wp\/v2\/types\/post"}],"author":[{"embeddable":true,"href":"https:\/\/relocations.io\/es\/wp-json\/wp\/v2\/users\/2"}],"replies":[{"embeddable":true,"href":"https:\/\/relocations.io\/es\/wp-json\/wp\/v2\/comments?post=8816"}],"version-history":[{"count":0,"href":"https:\/\/relocations.io\/es\/wp-json\/wp\/v2\/posts\/8816\/revisions"}],"wp:featuredmedia":[{"embeddable":true,"href":"https:\/\/relocations.io\/es\/wp-json\/wp\/v2\/media\/8825"}],"wp:attachment":[{"href":"https:\/\/relocations.io\/es\/wp-json\/wp\/v2\/media?parent=8816"}],"wp:term":[{"taxonomy":"category","embeddable":true,"href":"https:\/\/relocations.io\/es\/wp-json\/wp\/v2\/categories?post=8816"},{"taxonomy":"post_tag","embeddable":true,"href":"https:\/\/relocations.io\/es\/wp-json\/wp\/v2\/tags?post=8816"}],"curies":[{"name":"wp","href":"https:\/\/api.w.org\/{rel}","templated":true}]}}