{"id":8793,"date":"2024-05-22T10:00:00","date_gmt":"2024-05-22T09:00:00","guid":{"rendered":"https:\/\/relocations.io\/?p=8793"},"modified":"2024-09-06T11:41:51","modified_gmt":"2024-09-06T10:41:51","slug":"castillos-en-portugal-lugares-historicos-con-impresionantes-vistas-2","status":"publish","type":"post","link":"https:\/\/relocations.io\/es\/castillos-en-portugal-lugares-historicos-con-impresionantes-vistas-2\/","title":{"rendered":"Descubra el encanto intemporal de los castillos de Portugal: Un viaje a trav\u00e9s de la historia y la belleza"},"content":{"rendered":"<div data-elementor-type=\"wp-post\" data-elementor-id=\"8793\" class=\"elementor elementor-8793\" data-elementor-settings=\"{&quot;ha_cmc_init_switcher&quot;:&quot;no&quot;}\" data-elementor-post-type=\"post\">\n\t\t\t\t<div class=\"elementor-element elementor-element-3e620ef9 e-flex e-con-boxed e-con e-parent\" data-id=\"3e620ef9\" data-element_type=\"container\" data-settings=\"{&quot;_ha_eqh_enable&quot;:false}\">\n\t\t\t\t\t<div class=\"e-con-inner\">\n\t\t\t\t<div class=\"elementor-element elementor-element-8cc5575 elementor-widget elementor-widget-heading\" data-id=\"8cc5575\" data-element_type=\"widget\" data-widget_type=\"heading.default\">\n\t\t\t\t<div class=\"elementor-widget-container\">\n\t\t\t\t\t<h2 class=\"elementor-heading-title elementor-size-default\">Descubra el encanto intemporal de los castillos de Portugal<\/h2>\t\t\t\t<\/div>\n\t\t\t\t<\/div>\n\t\t\t\t<div class=\"elementor-element elementor-element-576c33a elementor-widget elementor-widget-text-editor\" data-id=\"576c33a\" data-element_type=\"widget\" data-widget_type=\"text-editor.default\">\n\t\t\t\t<div class=\"elementor-widget-container\">\n\t\t\t\t\t\t\t\t\t\n<h5 class=\"wp-block-heading\" id=\"h-origins-and-strategic-importance\"><br><br><strong>Or\u00edgenes e importancia estrat\u00e9gica<\/strong><\/h5>\n\n\n\n<p>La mayor\u00eda de los castillos portugueses tienen su origen en las antiguas fortalezas romanas. A diferencia de las construcciones romanas puramente militares, estos castillos tambi\u00e9n serv\u00edan de residencia a los se\u00f1ores locales. Construidos en regiones estrat\u00e9gicamente importantes, formaban una red de l\u00edneas defensivas que proteg\u00edan el territorio portugu\u00e9s de otros reinos ib\u00e9ricos, en particular Castilla, y de los restos del dominio isl\u00e1mico durante los primeros tiempos de la Reconquista.<\/p>\n\n\n\n<h5 class=\"wp-block-heading\" id=\"h-evolution-and-modern-use\"><br><strong>Evoluci\u00f3n y uso moderno<\/strong><\/h5>\n\n\n\n<p>Con el tiempo, muchos castillos perdieron su funci\u00f3n militar a medida que evolucionaban las t\u00e9cnicas b\u00e9licas y el panorama pol\u00edtico. Algunos fueron abandonados o destruidos, mientras que otros se reconvirtieron en posadas, museos o monumentos nacionales. Muchos se conservaron o restauraron, manteniendo su arquitectura original o adapt\u00e1ndose a nuevos estilos. Hoy en d\u00eda, los castillos de Portugal son <a href=\"https:\/\/relocations.io\/portugal-2024-celebrate-national-holiday-tradition\/\">gran atracci\u00f3n tur\u00edstica<\/a> por su belleza, historia y diversidad. Est\u00e1n diseminadas por ciudades hist\u00f3ricas como Lisboa y Guimar\u00e3es, enclavadas en paisajes naturales impresionantes como el <a href=\"https:\/\/relocations.io\/portugal-top-beaches-your-ultimate-guide\/\">Duero o Algarve<\/a>e incluso en regiones menos conocidas pero igualmente cautivadoras como Minho y Ribatejo.<\/p>\n\n\n\n<h5 class=\"wp-block-heading\" id=\"h-the-diversity-of-portugal-s-castles\"><br><strong>La diversidad de los castillos portugueses<\/strong><\/h5>\n\n\n\n<p>Portugal cuenta con 241 castillos catalogados oficialmente, pero algunas fuentes sugieren que puede haber m\u00e1s de 600, o incluso alrededor de 700, seg\u00fan el libro de Jos\u00e9 Hermano Saraiva \"<a href=\"https:\/\/img.bertrand.pt\/images\/historia-concisa-de-portugal-jose-hermano-saraiva\/NDV8MjQ1NDYzNjB8MjA2NTAwMjJ8MTYyMDMxNzQ1MjAwMHx3ZWJw\/250x\">Castelos de Portugal.<\/a>\" Estos castillos, concebidos en un principio como lugares de protecci\u00f3n y miradores estrat\u00e9gicos, son hoy admirados por su cuidada ubicaci\u00f3n, que ofrece a los visitantes unas vistas impresionantes.<\/p>\n\n\n\n<h4 class=\"wp-block-heading has-text-align-center\" id=\"h-must-visit-castles-in-portugal\"><br><br><strong>Castillos imprescindibles en Portugal<\/strong><\/h4>\n\n\n\n<h5 class=\"wp-block-heading has-text-align-center\" id=\"h-quinta-da-regaleira\"><br><br><strong>Quinta da Regaleira<\/strong><\/h5>\n\n\n\n<p>Situado cerca del centro hist\u00f3rico de Sintra, el Pal\u00e1cio da Regaleira, tambi\u00e9n conocido como Pal\u00e1cio do Monteiro dos Milh\u00f5es, es una obra maestra del mestizaje arquitect\u00f3nico. Dise\u00f1ada por el arquitecto italiano Luigi Manini, esta finca de 4 hect\u00e1reas cuenta con exuberantes jardines, enigm\u00e1ticas grutas y construcciones con profundos significados simb\u00f3licos inspirados en los masones, los templarios y los rosacruces. Es un lugar para experimentar, no s\u00f3lo para ver: su arquitectura de inspiraci\u00f3n alqu\u00edmica y su fascinante parque invitan a la contemplaci\u00f3n profunda.<\/p>\n\n\n<div class=\"wp-block-image\">\n<figure class=\"aligncenter size-large\"><img fetchpriority=\"high\" decoding=\"async\" data-recalc-dims=\"1\" height=\"512\" width=\"1024\" src=\"https:\/\/i0.wp.com\/relocations.io\/wp-content\/uploads\/2024\/08\/4-3.jpg?resize=1024%2C512&#038;ssl=1\" alt=\"Quinta da Regaleira, Castillo en Portugal. Sitios hist\u00f3ricos con vistas impresionantes. Recorra los castillos hist\u00f3ricos de Portugal\" class=\"wp-image-8581\" srcset=\"https:\/\/i0.wp.com\/relocations.io\/wp-content\/uploads\/2024\/08\/4-3.jpg?w=1920&amp;ssl=1 1920w, https:\/\/i0.wp.com\/relocations.io\/wp-content\/uploads\/2024\/08\/4-3.jpg?resize=300%2C150&amp;ssl=1 300w, https:\/\/i0.wp.com\/relocations.io\/wp-content\/uploads\/2024\/08\/4-3.jpg?resize=1024%2C512&amp;ssl=1 1024w, https:\/\/i0.wp.com\/relocations.io\/wp-content\/uploads\/2024\/08\/4-3.jpg?resize=768%2C384&amp;ssl=1 768w, https:\/\/i0.wp.com\/relocations.io\/wp-content\/uploads\/2024\/08\/4-3.jpg?resize=1536%2C768&amp;ssl=1 1536w, https:\/\/i0.wp.com\/relocations.io\/wp-content\/uploads\/2024\/08\/4-3.jpg?resize=18%2C9&amp;ssl=1 18w, https:\/\/i0.wp.com\/relocations.io\/wp-content\/uploads\/2024\/08\/4-3.jpg?resize=640%2C320&amp;ssl=1 640w, https:\/\/i0.wp.com\/relocations.io\/wp-content\/uploads\/2024\/08\/4-3.jpg?resize=50%2C25&amp;ssl=1 50w, https:\/\/i0.wp.com\/relocations.io\/wp-content\/uploads\/2024\/08\/4-3.jpg?resize=100%2C50&amp;ssl=1 100w\" sizes=\"(max-width: 1024px) 100vw, 1024px\" \/><\/figure>\n<\/div>\n\n\n<h5 class=\"wp-block-heading has-text-align-center\" id=\"h-castle-of-sao-jorge\"><br><br><strong>Castillo de S\u00e3o Jorge<\/strong><\/h5>\n\n\n\n<p>Encaramado en la colina m\u00e1s alta de Lisboa, el Castillo de S\u00e3o Jorge es uno de los monumentos m\u00e1s emblem\u00e1ticos de la ciudad. Declarado Monumento Nacional en 1910, fue objeto de una importante restauraci\u00f3n en el siglo XX. El castillo ofrece las mejores vistas de Lisboa y del r\u00edo Tajo. En su interior, los visitantes pueden explorar las exposiciones del museo sobre la historia de Lisboa y subir a la Torre de Ulises para disfrutar de una vista de 360 grados en tiempo real de la ciudad.<br><\/p>\n\n\n<div class=\"wp-block-image\">\n<figure class=\"aligncenter size-large\"><img decoding=\"async\" data-recalc-dims=\"1\" height=\"512\" width=\"1024\" src=\"https:\/\/i0.wp.com\/relocations.io\/wp-content\/uploads\/2024\/08\/5-3.jpg?resize=1024%2C512&#038;ssl=1\" alt=\"Castillo de Sao Jorge en Portugal. Lugares hist\u00f3ricos con vistas impresionantes. Recorra los castillos hist\u00f3ricos de Portugal\" class=\"wp-image-8582\" srcset=\"https:\/\/i0.wp.com\/relocations.io\/wp-content\/uploads\/2024\/08\/5-3.jpg?w=1920&amp;ssl=1 1920w, https:\/\/i0.wp.com\/relocations.io\/wp-content\/uploads\/2024\/08\/5-3.jpg?resize=300%2C150&amp;ssl=1 300w, https:\/\/i0.wp.com\/relocations.io\/wp-content\/uploads\/2024\/08\/5-3.jpg?resize=1024%2C512&amp;ssl=1 1024w, https:\/\/i0.wp.com\/relocations.io\/wp-content\/uploads\/2024\/08\/5-3.jpg?resize=768%2C384&amp;ssl=1 768w, https:\/\/i0.wp.com\/relocations.io\/wp-content\/uploads\/2024\/08\/5-3.jpg?resize=1536%2C768&amp;ssl=1 1536w, https:\/\/i0.wp.com\/relocations.io\/wp-content\/uploads\/2024\/08\/5-3.jpg?resize=18%2C9&amp;ssl=1 18w, https:\/\/i0.wp.com\/relocations.io\/wp-content\/uploads\/2024\/08\/5-3.jpg?resize=640%2C320&amp;ssl=1 640w, https:\/\/i0.wp.com\/relocations.io\/wp-content\/uploads\/2024\/08\/5-3.jpg?resize=50%2C25&amp;ssl=1 50w, https:\/\/i0.wp.com\/relocations.io\/wp-content\/uploads\/2024\/08\/5-3.jpg?resize=100%2C50&amp;ssl=1 100w\" sizes=\"(max-width: 1024px) 100vw, 1024px\" \/><\/figure>\n<\/div>\n\n\n<h5 class=\"wp-block-heading has-text-align-center\" id=\"h-pena-national-palace-and-park-sintra\"><br><br><strong>Palacio y Parque Nacional de la Pena - Sintra<\/strong><\/h5>\n\n\n\n<p>El Palacio Nacional de la Pena, en Sintra, combina el amor por el exotismo con la fascinaci\u00f3n por la naturaleza. Con una extensi\u00f3n de 85 hect\u00e1reas, el parque cuenta con una gran variedad de jardines, fuentes y edificios decorativos. El palacio en s\u00ed destaca como un punto culminante incomparable, rodeado de impresionantes vistas que realzan su encanto rom\u00e1ntico, cautivando a los visitantes incluso m\u00e1s de un siglo despu\u00e9s.<br><\/p>\n\n\n<div class=\"wp-block-image\">\n<figure class=\"aligncenter size-large\"><img decoding=\"async\" data-recalc-dims=\"1\" height=\"512\" width=\"1024\" src=\"https:\/\/i0.wp.com\/relocations.io\/wp-content\/uploads\/2024\/08\/6-1.jpg?resize=1024%2C512&#038;ssl=1\" alt=\"Palacio y Parque Nacional de Portugal. Sitios hist\u00f3ricos con impresionantes vistas. Recorra los castillos hist\u00f3ricos de Portugal\" class=\"wp-image-8583\" srcset=\"https:\/\/i0.wp.com\/relocations.io\/wp-content\/uploads\/2024\/08\/6-1.jpg?w=1920&amp;ssl=1 1920w, https:\/\/i0.wp.com\/relocations.io\/wp-content\/uploads\/2024\/08\/6-1.jpg?resize=300%2C150&amp;ssl=1 300w, https:\/\/i0.wp.com\/relocations.io\/wp-content\/uploads\/2024\/08\/6-1.jpg?resize=1024%2C512&amp;ssl=1 1024w, https:\/\/i0.wp.com\/relocations.io\/wp-content\/uploads\/2024\/08\/6-1.jpg?resize=768%2C384&amp;ssl=1 768w, https:\/\/i0.wp.com\/relocations.io\/wp-content\/uploads\/2024\/08\/6-1.jpg?resize=1536%2C768&amp;ssl=1 1536w, https:\/\/i0.wp.com\/relocations.io\/wp-content\/uploads\/2024\/08\/6-1.jpg?resize=18%2C9&amp;ssl=1 18w, https:\/\/i0.wp.com\/relocations.io\/wp-content\/uploads\/2024\/08\/6-1.jpg?resize=640%2C320&amp;ssl=1 640w, https:\/\/i0.wp.com\/relocations.io\/wp-content\/uploads\/2024\/08\/6-1.jpg?resize=50%2C25&amp;ssl=1 50w, https:\/\/i0.wp.com\/relocations.io\/wp-content\/uploads\/2024\/08\/6-1.jpg?resize=100%2C50&amp;ssl=1 100w\" sizes=\"(max-width: 1024px) 100vw, 1024px\" \/><\/figure>\n<\/div>\n\n\n<h5 class=\"wp-block-heading has-text-align-center\" id=\"h-moorish-castle-sintra\"><br><br><strong>Castillo \u00c1rabe - Sintra<\/strong><\/h5>\n\n\n\n<p>El Castillo \u00c1rabe de Sintra ofrece un mirador privilegiado, que se extiende desde la ciudad hasta el mar. El castillo data del siglo VIII y refleja la temprana ocupaci\u00f3n isl\u00e1mica de la Pen\u00ednsula Ib\u00e9rica. A lo largo de los a\u00f1os, la extensa reforestaci\u00f3n alrededor del castillo ha creado una impresionante paleta de colores que cambian con las estaciones, convirti\u00e9ndolo en un deleite visual.<br><br><\/p>\n\n\n<div class=\"wp-block-image\">\n<figure class=\"aligncenter size-large\"><img loading=\"lazy\" decoding=\"async\" data-recalc-dims=\"1\" height=\"512\" width=\"1024\" src=\"https:\/\/i0.wp.com\/relocations.io\/wp-content\/uploads\/2024\/08\/7-1.jpg?resize=1024%2C512&#038;ssl=1\" alt=\"Castillo \u00c1rabe en Portugal. Lugares hist\u00f3ricos con impresionantes vistas. Recorra los castillos hist\u00f3ricos de Portugal\" class=\"wp-image-8586\" srcset=\"https:\/\/i0.wp.com\/relocations.io\/wp-content\/uploads\/2024\/08\/7-1.jpg?w=1920&amp;ssl=1 1920w, https:\/\/i0.wp.com\/relocations.io\/wp-content\/uploads\/2024\/08\/7-1.jpg?resize=300%2C150&amp;ssl=1 300w, https:\/\/i0.wp.com\/relocations.io\/wp-content\/uploads\/2024\/08\/7-1.jpg?resize=1024%2C512&amp;ssl=1 1024w, https:\/\/i0.wp.com\/relocations.io\/wp-content\/uploads\/2024\/08\/7-1.jpg?resize=768%2C384&amp;ssl=1 768w, https:\/\/i0.wp.com\/relocations.io\/wp-content\/uploads\/2024\/08\/7-1.jpg?resize=1536%2C768&amp;ssl=1 1536w, https:\/\/i0.wp.com\/relocations.io\/wp-content\/uploads\/2024\/08\/7-1.jpg?resize=18%2C9&amp;ssl=1 18w, https:\/\/i0.wp.com\/relocations.io\/wp-content\/uploads\/2024\/08\/7-1.jpg?resize=640%2C320&amp;ssl=1 640w, https:\/\/i0.wp.com\/relocations.io\/wp-content\/uploads\/2024\/08\/7-1.jpg?resize=50%2C25&amp;ssl=1 50w, https:\/\/i0.wp.com\/relocations.io\/wp-content\/uploads\/2024\/08\/7-1.jpg?resize=100%2C50&amp;ssl=1 100w\" sizes=\"(max-width: 1024px) 100vw, 1024px\" \/><\/figure>\n<\/div>\n\n\n<h5 class=\"wp-block-heading has-text-align-center\" id=\"h-castle-of-obidos\"><br><br><strong>Castillo de \u00d3bidos<\/strong><\/h5>\n\n\n\n<p>A s\u00f3lo una hora de Lisboa, el bien conservado Castillo de \u00d3bidos y sus murallas transportan a los visitantes al Portugal medieval. Antiguo puerto mar\u00edtimo, \u00d3bidos fue fortificada por varios pueblos, entre ellos romanos y musulmanes. El bien documentado desarrollo urbano de la ciudad, registrado ya en 1254, hace que toda la zona amurallada parezca un viaje en el tiempo.<br><br><\/p>\n\n\n<div class=\"wp-block-image\">\n<figure class=\"aligncenter size-large\"><img loading=\"lazy\" decoding=\"async\" data-recalc-dims=\"1\" height=\"512\" width=\"1024\" src=\"https:\/\/i0.wp.com\/relocations.io\/wp-content\/uploads\/2024\/08\/8-1.jpg?resize=1024%2C512&#038;ssl=1\" alt=\"El castillo de \u00d3bidos y sus murallas transportan al visitante al Portugal medieval. Lugares hist\u00f3ricos con vistas impresionantes. Recorra los castillos hist\u00f3ricos de Portugal\" class=\"wp-image-8587\" srcset=\"https:\/\/i0.wp.com\/relocations.io\/wp-content\/uploads\/2024\/08\/8-1.jpg?w=1920&amp;ssl=1 1920w, https:\/\/i0.wp.com\/relocations.io\/wp-content\/uploads\/2024\/08\/8-1.jpg?resize=300%2C150&amp;ssl=1 300w, https:\/\/i0.wp.com\/relocations.io\/wp-content\/uploads\/2024\/08\/8-1.jpg?resize=1024%2C512&amp;ssl=1 1024w, https:\/\/i0.wp.com\/relocations.io\/wp-content\/uploads\/2024\/08\/8-1.jpg?resize=768%2C384&amp;ssl=1 768w, https:\/\/i0.wp.com\/relocations.io\/wp-content\/uploads\/2024\/08\/8-1.jpg?resize=1536%2C768&amp;ssl=1 1536w, https:\/\/i0.wp.com\/relocations.io\/wp-content\/uploads\/2024\/08\/8-1.jpg?resize=18%2C9&amp;ssl=1 18w, https:\/\/i0.wp.com\/relocations.io\/wp-content\/uploads\/2024\/08\/8-1.jpg?resize=640%2C320&amp;ssl=1 640w, https:\/\/i0.wp.com\/relocations.io\/wp-content\/uploads\/2024\/08\/8-1.jpg?resize=50%2C25&amp;ssl=1 50w, https:\/\/i0.wp.com\/relocations.io\/wp-content\/uploads\/2024\/08\/8-1.jpg?resize=100%2C50&amp;ssl=1 100w\" sizes=\"(max-width: 1024px) 100vw, 1024px\" \/><\/figure>\n<\/div>\n\n\n<h5 class=\"wp-block-heading has-text-align-center\" id=\"h-castle-of-tomar\"><br><br><strong>Castillo de Tomar<\/strong><\/h5>\n\n\n\n<p>El castillo de Tomar, fundado por los templarios en 1160, se asienta sobre una colina que domina el r\u00edo Tomar. El complejo del castillo incluye una serie de murallas que encierran diferentes secciones, entre ellas el cuartel militar de los templarios y la casa del maestre. Hoy en d\u00eda, el antiguo recinto del castillo es un sereno jard\u00edn, que ofrece un apacible contraste con su pasado fortificado.<br><\/p>\n\n\n<div class=\"wp-block-image\">\n<figure class=\"aligncenter size-large\"><img loading=\"lazy\" decoding=\"async\" data-recalc-dims=\"1\" height=\"512\" width=\"1024\" src=\"https:\/\/i0.wp.com\/relocations.io\/wp-content\/uploads\/2024\/08\/9-1.jpg?resize=1024%2C512&#038;ssl=1\" alt=\"El castillo de Tomar, fundado por los templarios en 1160.Lugares hist\u00f3ricos con vistas impresionantes. Recorra los castillos hist\u00f3ricos de Portugal\" class=\"wp-image-8588\" srcset=\"https:\/\/i0.wp.com\/relocations.io\/wp-content\/uploads\/2024\/08\/9-1.jpg?w=1920&amp;ssl=1 1920w, https:\/\/i0.wp.com\/relocations.io\/wp-content\/uploads\/2024\/08\/9-1.jpg?resize=300%2C150&amp;ssl=1 300w, https:\/\/i0.wp.com\/relocations.io\/wp-content\/uploads\/2024\/08\/9-1.jpg?resize=1024%2C512&amp;ssl=1 1024w, https:\/\/i0.wp.com\/relocations.io\/wp-content\/uploads\/2024\/08\/9-1.jpg?resize=768%2C384&amp;ssl=1 768w, https:\/\/i0.wp.com\/relocations.io\/wp-content\/uploads\/2024\/08\/9-1.jpg?resize=1536%2C768&amp;ssl=1 1536w, https:\/\/i0.wp.com\/relocations.io\/wp-content\/uploads\/2024\/08\/9-1.jpg?resize=18%2C9&amp;ssl=1 18w, https:\/\/i0.wp.com\/relocations.io\/wp-content\/uploads\/2024\/08\/9-1.jpg?resize=640%2C320&amp;ssl=1 640w, https:\/\/i0.wp.com\/relocations.io\/wp-content\/uploads\/2024\/08\/9-1.jpg?resize=50%2C25&amp;ssl=1 50w, https:\/\/i0.wp.com\/relocations.io\/wp-content\/uploads\/2024\/08\/9-1.jpg?resize=100%2C50&amp;ssl=1 100w\" sizes=\"(max-width: 1024px) 100vw, 1024px\" \/><\/figure>\n<\/div>\n\n\n<h5 class=\"wp-block-heading has-text-align-center\" id=\"h-palace-of-the-dukes-of-braganza-guimaraes\"><br><br><strong>Palacio de los Duques de Braganza - Guimar\u00e3es<\/strong><\/h5>\n\n\n\n<p>El Palacio de los Duques de Braganza, en Guimar\u00e3es, es un impresionante ejemplo de arquitectura nobiliaria del siglo XV y cuna de la dinast\u00eda Braganza. Clasificado como Monumento Nacional desde 1910, el palacio tambi\u00e9n incluye un ala destinada a residencia oficial del Presidente de la Rep\u00fablica.<br><\/p>\n\n\n<div class=\"wp-block-image\">\n<figure class=\"aligncenter size-large\"><img loading=\"lazy\" decoding=\"async\" data-recalc-dims=\"1\" height=\"512\" width=\"1024\" src=\"https:\/\/i0.wp.com\/relocations.io\/wp-content\/uploads\/2024\/08\/10-1.jpg?resize=1024%2C512&#038;ssl=1\" alt=\"Palacio de los Duques de Braganza en Guimar\u00e3es. Lugares hist\u00f3ricos con vistas impresionantes. Recorra los castillos hist\u00f3ricos de Portugal\" class=\"wp-image-8589\" srcset=\"https:\/\/i0.wp.com\/relocations.io\/wp-content\/uploads\/2024\/08\/10-1.jpg?w=1920&amp;ssl=1 1920w, https:\/\/i0.wp.com\/relocations.io\/wp-content\/uploads\/2024\/08\/10-1.jpg?resize=300%2C150&amp;ssl=1 300w, https:\/\/i0.wp.com\/relocations.io\/wp-content\/uploads\/2024\/08\/10-1.jpg?resize=1024%2C512&amp;ssl=1 1024w, https:\/\/i0.wp.com\/relocations.io\/wp-content\/uploads\/2024\/08\/10-1.jpg?resize=768%2C384&amp;ssl=1 768w, https:\/\/i0.wp.com\/relocations.io\/wp-content\/uploads\/2024\/08\/10-1.jpg?resize=1536%2C768&amp;ssl=1 1536w, https:\/\/i0.wp.com\/relocations.io\/wp-content\/uploads\/2024\/08\/10-1.jpg?resize=18%2C9&amp;ssl=1 18w, https:\/\/i0.wp.com\/relocations.io\/wp-content\/uploads\/2024\/08\/10-1.jpg?resize=640%2C320&amp;ssl=1 640w, https:\/\/i0.wp.com\/relocations.io\/wp-content\/uploads\/2024\/08\/10-1.jpg?resize=50%2C25&amp;ssl=1 50w, https:\/\/i0.wp.com\/relocations.io\/wp-content\/uploads\/2024\/08\/10-1.jpg?resize=100%2C50&amp;ssl=1 100w\" sizes=\"(max-width: 1024px) 100vw, 1024px\" \/><\/figure>\n<\/div>\n\n\n<hr class=\"wp-block-separator has-alpha-channel-opacity\"\/>\n\n\n\n<p>Los castillos de Portugal no son s\u00f3lo monumentos hist\u00f3ricos, sino v\u00edvidos recordatorios del rico pasado de la naci\u00f3n y de su cambiante identidad. Desde antiguas fortificaciones militares hasta modernas atracciones tur\u00edsticas, estos castillos reflejan la evoluci\u00f3n estrat\u00e9gica, cultural y arquitect\u00f3nica que ha dado forma al pa\u00eds. Tanto si est\u00e1n situados en laderas pintorescas como si se encuentran en ciudades hist\u00f3ricas, cada castillo cuenta una historia \u00fanica, invitando a los visitantes a explorar y conectar con la historia, la belleza y la diversidad de Portugal. En la actualidad, constituyen un testimonio del legado perdurable del patrimonio portugu\u00e9s, ofreciendo una ventana al pasado y enriqueciendo el presente.<\/p>\n\t\t\t\t\t\t\t\t<\/div>\n\t\t\t\t<\/div>\n\t\t\t\t\t<\/div>\n\t\t\t\t<\/div>\n\t\t\t\t<\/div>","protected":false},"excerpt":{"rendered":"<p> Hoy en d\u00eda, los castillos de Portugal son una importante atracci\u00f3n tur\u00edstica por su belleza, historia y diversidad. Est\u00e1n repartidos por ciudades hist\u00f3ricas como Lisboa y Guimar\u00e3es, enclavados en impresionantes paisajes naturales como el Duero o el Algarve, e incluso en regiones menos conocidas pero igualmente cautivadoras como Minho y Ribatejo.<\/p>","protected":false},"author":2,"featured_media":8591,"comment_status":"closed","ping_status":"closed","sticky":false,"template":"","format":"standard","meta":{"_jetpack_memberships_contains_paid_content":false,"footnotes":""},"categories":[147,60,146,61,68],"tags":[148,70,92,142,71],"class_list":["post-8793","post","type-post","status-publish","format-standard","has-post-thumbnail","hentry","category-cultural-activities","category-europe","category-national-holidays","category-portugal","category-relocations-io","tag-castles-in-portugal","tag-moving-to-europe","tag-portugal","tag-relocate","tag-relocations"],"jetpack_featured_media_url":"https:\/\/i0.wp.com\/relocations.io\/wp-content\/uploads\/2024\/08\/Castelos-Portugal-banner.jpg?fit=1920%2C960&ssl=1","jetpack-related-posts":[{"id":7406,"url":"https:\/\/relocations.io\/es\/los-brasilenos-que-se-trasladan-a-portugal-abrazan-nuevas-oportunidades-en-una-historia-compartida\/","url_meta":{"origin":8793,"position":0},"title":"Brasile\u00f1os que se trasladan a Portugal: Nuevas oportunidades en una historia compartida","author":"Relocations.io","date":"julio 1, 2023","format":false,"excerpt":"Explore los lazos hist\u00f3ricos entre Brasil y Portugal mientras los brasile\u00f1os buscan nuevas oportunidades en la tierra de su pasado colonial. Con una lengua y una afinidad cultural compartidas, Portugal ofrece un entorno acogedor para que los brasile\u00f1os prosperen en diversos sectores, desde la tecnolog\u00eda al turismo.","rel":"","context":"En \u00abEurope\u00bb","block_context":{"text":"Europe","link":"https:\/\/relocations.io\/es\/categoria\/europa-2\/"},"img":{"alt_text":"","src":"https:\/\/i0.wp.com\/relocations.io\/wp-content\/uploads\/2022\/11\/36.jpg?fit=1200%2C675&ssl=1&resize=350%2C200","width":350,"height":200,"srcset":"https:\/\/i0.wp.com\/relocations.io\/wp-content\/uploads\/2022\/11\/36.jpg?fit=1200%2C675&ssl=1&resize=350%2C200 1x, https:\/\/i0.wp.com\/relocations.io\/wp-content\/uploads\/2022\/11\/36.jpg?fit=1200%2C675&ssl=1&resize=525%2C300 1.5x, https:\/\/i0.wp.com\/relocations.io\/wp-content\/uploads\/2022\/11\/36.jpg?fit=1200%2C675&ssl=1&resize=700%2C400 2x, https:\/\/i0.wp.com\/relocations.io\/wp-content\/uploads\/2022\/11\/36.jpg?fit=1200%2C675&ssl=1&resize=1050%2C600 3x"},"classes":[]},{"id":7427,"url":"https:\/\/relocations.io\/es\/su-guia-sobre-los-requisitos-de-visado-y-ciudadania-en-portugal-navegar-hacia-una-nueva-vida\/","url_meta":{"origin":8793,"position":1},"title":"Su gu\u00eda sobre los requisitos de visado y ciudadan\u00eda en Portugal: El camino hacia una nueva vida","author":"Relocations.io","date":"junio 1, 2024","format":false,"excerpt":"Descubra los pasos esenciales para trasladarse a Portugal, desde los requisitos de visado hasta los tr\u00e1mites de ciudadan\u00eda. Nuestra gu\u00eda simplifica el proceso, garantizando una transici\u00f3n fluida a su nueva vida en este cautivador pa\u00eds.","rel":"","context":"En \u00abEurope\u00bb","block_context":{"text":"Europe","link":"https:\/\/relocations.io\/es\/categoria\/europa-2\/"},"img":{"alt_text":"","src":"https:\/\/i0.wp.com\/relocations.io\/wp-content\/uploads\/2022\/11\/41.jpg?fit=1200%2C675&ssl=1&resize=350%2C200","width":350,"height":200,"srcset":"https:\/\/i0.wp.com\/relocations.io\/wp-content\/uploads\/2022\/11\/41.jpg?fit=1200%2C675&ssl=1&resize=350%2C200 1x, https:\/\/i0.wp.com\/relocations.io\/wp-content\/uploads\/2022\/11\/41.jpg?fit=1200%2C675&ssl=1&resize=525%2C300 1.5x, https:\/\/i0.wp.com\/relocations.io\/wp-content\/uploads\/2022\/11\/41.jpg?fit=1200%2C675&ssl=1&resize=700%2C400 2x, https:\/\/i0.wp.com\/relocations.io\/wp-content\/uploads\/2022\/11\/41.jpg?fit=1200%2C675&ssl=1&resize=1050%2C600 3x"},"classes":[]},{"id":9038,"url":"https:\/\/relocations.io\/es\/nuevos-vuelos-directos-de-montreal-a-oporto\/","url_meta":{"origin":8793,"position":2},"title":"Nuevos vuelos directos a Canad\u00e1 impulsan el turismo entre Portugal y Canad\u00e1","author":"Relocations.io","date":"agosto 27, 2024","format":false,"excerpt":"A new direct flight route by Air Canada connecting Montreal, Canada, and Porto, Portugal. This service offers a convenient travel option for tourists and the Portuguese community in Canada. It highlights the benefits of the direct flight, including saving time and enhancing travel comfort, and also promotes Porto as an\u2026","rel":"","context":"En \u00abCanada\u00bb","block_context":{"text":"Canada","link":"https:\/\/relocations.io\/es\/categoria\/canada\/"},"img":{"alt_text":"","src":"https:\/\/i0.wp.com\/relocations.io\/wp-content\/uploads\/2024\/08\/New-Flights.jpg?fit=1200%2C600&ssl=1&resize=350%2C200","width":350,"height":200,"srcset":"https:\/\/i0.wp.com\/relocations.io\/wp-content\/uploads\/2024\/08\/New-Flights.jpg?fit=1200%2C600&ssl=1&resize=350%2C200 1x, https:\/\/i0.wp.com\/relocations.io\/wp-content\/uploads\/2024\/08\/New-Flights.jpg?fit=1200%2C600&ssl=1&resize=525%2C300 1.5x, https:\/\/i0.wp.com\/relocations.io\/wp-content\/uploads\/2024\/08\/New-Flights.jpg?fit=1200%2C600&ssl=1&resize=700%2C400 2x, https:\/\/i0.wp.com\/relocations.io\/wp-content\/uploads\/2024\/08\/New-Flights.jpg?fit=1200%2C600&ssl=1&resize=1050%2C600 3x"},"classes":[]},{"id":7363,"url":"https:\/\/relocations.io\/es\/abrazar-europa-el-camino-racionalizado-hacia-un-nuevo-comienzo\/","url_meta":{"origin":8793,"position":3},"title":"Abrazar Europa: El camino hacia un nuevo comienzo","author":"Relocations.io","date":"octubre 1, 2022","format":false,"excerpt":"The Allure of Moving to Europe Moving to Europe has captivated people worldwide. With its rich history, diverse culture, and high quality of life, Europe offers countless benefits for a fresh start. While relocating to a new continent can seem daunting, careful planning and the right support can streamline the\u2026","rel":"","context":"En \u00abEurope\u00bb","block_context":{"text":"Europe","link":"https:\/\/relocations.io\/es\/categoria\/europa-2\/"},"img":{"alt_text":"","src":"https:\/\/i0.wp.com\/relocations.io\/wp-content\/uploads\/2024\/02\/embracing-europe2.png?fit=1200%2C675&ssl=1&resize=350%2C200","width":350,"height":200,"srcset":"https:\/\/i0.wp.com\/relocations.io\/wp-content\/uploads\/2024\/02\/embracing-europe2.png?fit=1200%2C675&ssl=1&resize=350%2C200 1x, https:\/\/i0.wp.com\/relocations.io\/wp-content\/uploads\/2024\/02\/embracing-europe2.png?fit=1200%2C675&ssl=1&resize=525%2C300 1.5x, https:\/\/i0.wp.com\/relocations.io\/wp-content\/uploads\/2024\/02\/embracing-europe2.png?fit=1200%2C675&ssl=1&resize=700%2C400 2x, https:\/\/i0.wp.com\/relocations.io\/wp-content\/uploads\/2024\/02\/embracing-europe2.png?fit=1200%2C675&ssl=1&resize=1050%2C600 3x"},"classes":[]},{"id":7385,"url":"https:\/\/relocations.io\/es\/valentines-dat\/","url_meta":{"origin":8793,"position":4},"title":"Amor a trav\u00e9s del continente: Tradiciones de San Valent\u00edn en Europa y m\u00e1s all\u00e1","author":"Relocations.io","date":"febrero 1, 2023","format":false,"excerpt":"Valentine\u2019s Day Traditions Across Europe: A Romantic Tour As February 14th draws near, love blossoms worldwide, but nowhere does it shine quite like in Europe. From the sunlit shores of Portugal to the charming streets of Paris, Valentine\u2019s Day in Europe is a grand celebration of romance, tradition, and heartfelt\u2026","rel":"","context":"En \u00abBelgium\u00bb","block_context":{"text":"Belgium","link":"https:\/\/relocations.io\/es\/categoria\/europa-2\/belgica\/"},"img":{"alt_text":"","src":"https:\/\/i0.wp.com\/relocations.io\/wp-content\/uploads\/2022\/11\/27.jpg?fit=1200%2C675&ssl=1&resize=350%2C200","width":350,"height":200,"srcset":"https:\/\/i0.wp.com\/relocations.io\/wp-content\/uploads\/2022\/11\/27.jpg?fit=1200%2C675&ssl=1&resize=350%2C200 1x, https:\/\/i0.wp.com\/relocations.io\/wp-content\/uploads\/2022\/11\/27.jpg?fit=1200%2C675&ssl=1&resize=525%2C300 1.5x, https:\/\/i0.wp.com\/relocations.io\/wp-content\/uploads\/2022\/11\/27.jpg?fit=1200%2C675&ssl=1&resize=700%2C400 2x, https:\/\/i0.wp.com\/relocations.io\/wp-content\/uploads\/2022\/11\/27.jpg?fit=1200%2C675&ssl=1&resize=1050%2C600 3x"},"classes":[]},{"id":8847,"url":"https:\/\/relocations.io\/es\/fin-de-la-manifestacion-de-intenciones-de-portugal\/","url_meta":{"origin":8793,"position":5},"title":"Fin de la Expresi\u00f3n de Intenciones de Portugal: Explicaci\u00f3n de las nuevas normas de inmigraci\u00f3n","author":"Relocations.io","date":"junio 6, 2024","format":false,"excerpt":"The recent changes to Portugal's immigration process mark a significant shift. The government has ended the Expression of Interest (EOI) process, a move that affects those planning to relocate to Portugal. This update aims to improve the efficiency and effectiveness of the immigration system.","rel":"","context":"En \u00abCitizenship\u00bb","block_context":{"text":"Citizenship","link":"https:\/\/relocations.io\/es\/categoria\/europa-2\/ciudadania\/"},"img":{"alt_text":"","src":"https:\/\/i0.wp.com\/relocations.io\/wp-content\/uploads\/2024\/06\/intention.jpg?fit=1200%2C600&ssl=1&resize=350%2C200","width":350,"height":200,"srcset":"https:\/\/i0.wp.com\/relocations.io\/wp-content\/uploads\/2024\/06\/intention.jpg?fit=1200%2C600&ssl=1&resize=350%2C200 1x, https:\/\/i0.wp.com\/relocations.io\/wp-content\/uploads\/2024\/06\/intention.jpg?fit=1200%2C600&ssl=1&resize=525%2C300 1.5x, https:\/\/i0.wp.com\/relocations.io\/wp-content\/uploads\/2024\/06\/intention.jpg?fit=1200%2C600&ssl=1&resize=700%2C400 2x, https:\/\/i0.wp.com\/relocations.io\/wp-content\/uploads\/2024\/06\/intention.jpg?fit=1200%2C600&ssl=1&resize=1050%2C600 3x"},"classes":[]}],"jetpack_sharing_enabled":true,"_links":{"self":[{"href":"https:\/\/relocations.io\/es\/wp-json\/wp\/v2\/posts\/8793","targetHints":{"allow":["GET"]}}],"collection":[{"href":"https:\/\/relocations.io\/es\/wp-json\/wp\/v2\/posts"}],"about":[{"href":"https:\/\/relocations.io\/es\/wp-json\/wp\/v2\/types\/post"}],"author":[{"embeddable":true,"href":"https:\/\/relocations.io\/es\/wp-json\/wp\/v2\/users\/2"}],"replies":[{"embeddable":true,"href":"https:\/\/relocations.io\/es\/wp-json\/wp\/v2\/comments?post=8793"}],"version-history":[{"count":0,"href":"https:\/\/relocations.io\/es\/wp-json\/wp\/v2\/posts\/8793\/revisions"}],"wp:featuredmedia":[{"embeddable":true,"href":"https:\/\/relocations.io\/es\/wp-json\/wp\/v2\/media\/8591"}],"wp:attachment":[{"href":"https:\/\/relocations.io\/es\/wp-json\/wp\/v2\/media?parent=8793"}],"wp:term":[{"taxonomy":"category","embeddable":true,"href":"https:\/\/relocations.io\/es\/wp-json\/wp\/v2\/categories?post=8793"},{"taxonomy":"post_tag","embeddable":true,"href":"https:\/\/relocations.io\/es\/wp-json\/wp\/v2\/tags?post=8793"}],"curies":[{"name":"wp","href":"https:\/\/api.w.org\/{rel}","templated":true}]}}