{"id":8171,"date":"2024-06-28T10:00:31","date_gmt":"2024-06-28T09:00:31","guid":{"rendered":"https:\/\/relocations.io\/?p=8171"},"modified":"2024-09-10T13:39:37","modified_gmt":"2024-09-10T12:39:37","slug":"el-movimiento-lgbtq-en-europa","status":"publish","type":"post","link":"https:\/\/relocations.io\/es\/el-movimiento-lgbtq-en-europa\/","title":{"rendered":"El movimiento LGBTQ+ en Europa"},"content":{"rendered":"<div data-elementor-type=\"wp-post\" data-elementor-id=\"8171\" class=\"elementor elementor-8171\" data-elementor-settings=\"{&quot;ha_cmc_init_switcher&quot;:&quot;no&quot;}\" data-elementor-post-type=\"post\">\n\t\t\t\t\t\t<section class=\"elementor-section elementor-top-section elementor-element elementor-element-52d4518d elementor-section-boxed elementor-section-height-default elementor-section-height-default\" data-id=\"52d4518d\" data-element_type=\"section\" data-settings=\"{&quot;_ha_eqh_enable&quot;:false}\">\n\t\t\t\t\t\t<div class=\"elementor-container elementor-column-gap-default\">\n\t\t\t\t\t<div class=\"elementor-column elementor-col-100 elementor-top-column elementor-element elementor-element-715c1469\" data-id=\"715c1469\" data-element_type=\"column\">\n\t\t\t<div class=\"elementor-widget-wrap elementor-element-populated\">\n\t\t\t\t\t\t<section class=\"elementor-section elementor-inner-section elementor-element elementor-element-fc03aa0 elementor-section-boxed elementor-section-height-default elementor-section-height-default\" data-id=\"fc03aa0\" data-element_type=\"section\" data-settings=\"{&quot;_ha_eqh_enable&quot;:false}\">\n\t\t\t\t\t\t<div class=\"elementor-container elementor-column-gap-default\">\n\t\t\t\t\t<div class=\"elementor-column elementor-col-100 elementor-inner-column elementor-element elementor-element-3137753f\" data-id=\"3137753f\" data-element_type=\"column\">\n\t\t\t<div class=\"elementor-widget-wrap elementor-element-populated\">\n\t\t\t\t\t\t<div class=\"elementor-element elementor-element-4168c46f elementor-widget elementor-widget-elementskit-heading\" data-id=\"4168c46f\" data-element_type=\"widget\" data-widget_type=\"elementskit-heading.default\">\n\t\t\t\t<div class=\"elementor-widget-container\">\n\t\t\t\t\t<div class=\"ekit-wid-con\" ><div class=\"ekit-heading elementskit-section-title-wraper text_center   ekit_heading_tablet-   ekit_heading_mobile-\"><h2 class=\"ekit-heading--title elementskit-section-title\">El movimiento LGBTQ+ en Europa<\/h2><\/div><\/div>\t\t\t\t<\/div>\n\t\t\t\t<\/div>\n\t\t\t\t\t<\/div>\n\t\t<\/div>\n\t\t\t\t\t<\/div>\n\t\t<\/section>\n\t\t\t\t<section class=\"elementor-section elementor-inner-section elementor-element elementor-element-26cdc359 elementor-section-content-middle elementor-section-boxed elementor-section-height-default elementor-section-height-default\" data-id=\"26cdc359\" data-element_type=\"section\" data-settings=\"{&quot;_ha_eqh_enable&quot;:false}\">\n\t\t\t\t\t\t<div class=\"elementor-container elementor-column-gap-default\">\n\t\t\t\t\t<div class=\"elementor-column elementor-col-50 elementor-inner-column elementor-element elementor-element-4c168ae1 elementor-hidden-phone\" data-id=\"4c168ae1\" data-element_type=\"column\" data-settings=\"{&quot;background_background&quot;:&quot;classic&quot;}\">\n\t\t\t<div class=\"elementor-widget-wrap elementor-element-populated\">\n\t\t\t\t\t\t<div class=\"elementor-element elementor-element-205fb93b elementor-widget elementor-widget-image\" data-id=\"205fb93b\" data-element_type=\"widget\" data-widget_type=\"image.default\">\n\t\t\t\t<div class=\"elementor-widget-container\">\n\t\t\t\t\t\t\t\t\t\t\t\t\t\t\t<img fetchpriority=\"high\" decoding=\"async\" width=\"6912\" height=\"3456\" src=\"https:\/\/i0.wp.com\/relocations.io\/wp-content\/uploads\/lgbt-family.png?fit=6912%2C3456&amp;ssl=1\" class=\"attachment-full size-full wp-image-61882\" alt=\"\" srcset=\"https:\/\/i0.wp.com\/relocations.io\/wp-content\/uploads\/lgbt-family.png?w=6912&amp;ssl=1 6912w, https:\/\/i0.wp.com\/relocations.io\/wp-content\/uploads\/lgbt-family.png?resize=300%2C150&amp;ssl=1 300w, https:\/\/i0.wp.com\/relocations.io\/wp-content\/uploads\/lgbt-family.png?resize=1024%2C512&amp;ssl=1 1024w, https:\/\/i0.wp.com\/relocations.io\/wp-content\/uploads\/lgbt-family.png?resize=768%2C384&amp;ssl=1 768w, https:\/\/i0.wp.com\/relocations.io\/wp-content\/uploads\/lgbt-family.png?resize=1536%2C768&amp;ssl=1 1536w, https:\/\/i0.wp.com\/relocations.io\/wp-content\/uploads\/lgbt-family.png?resize=18%2C9&amp;ssl=1 18w, https:\/\/i0.wp.com\/relocations.io\/wp-content\/uploads\/lgbt-family.png?resize=1920%2C960&amp;ssl=1 1920w, https:\/\/i0.wp.com\/relocations.io\/wp-content\/uploads\/lgbt-family.png?resize=600%2C300&amp;ssl=1 600w, https:\/\/i0.wp.com\/relocations.io\/wp-content\/uploads\/lgbt-family.png?w=2160&amp;ssl=1 2160w, https:\/\/i0.wp.com\/relocations.io\/wp-content\/uploads\/lgbt-family.png?w=3240&amp;ssl=1 3240w\" sizes=\"(max-width: 1080px) 100vw, 1080px\" \/>\t\t\t\t\t\t\t\t\t\t\t\t\t\t\t<\/div>\n\t\t\t\t<\/div>\n\t\t\t\t\t<\/div>\n\t\t<\/div>\n\t\t\t\t<div class=\"elementor-column elementor-col-50 elementor-inner-column elementor-element elementor-element-31822d1e\" data-id=\"31822d1e\" data-element_type=\"column\" data-settings=\"{&quot;background_background&quot;:&quot;slideshow&quot;,&quot;background_slideshow_gallery&quot;:[],&quot;background_slideshow_loop&quot;:&quot;yes&quot;,&quot;background_slideshow_slide_duration&quot;:5000,&quot;background_slideshow_slide_transition&quot;:&quot;fade&quot;,&quot;background_slideshow_transition_duration&quot;:500}\">\n\t\t\t<div class=\"elementor-widget-wrap elementor-element-populated\">\n\t\t\t\t\t\t<div class=\"elementor-element elementor-element-dcce709 elementor-widget elementor-widget-text-editor\" data-id=\"dcce709\" data-element_type=\"widget\" data-widget_type=\"text-editor.default\">\n\t\t\t\t<div class=\"elementor-widget-container\">\n\t\t\t\t\t\t\t\t\t<p>Aunque las relaciones entre personas del mismo sexo eran bastante comunes en la antigua Grecia, Roma y las sociedades celtas paganas, una vez que el cristianismo se convirti\u00f3 en la religi\u00f3n oficial del Imperio Romano surgieron leyes severas contra el comportamiento homosexual. Las autoridades europeas consideraban los actos homosexuales, denominados sodom\u00eda, delitos capitales, lo que les llev\u00f3 a ejecutar a miles de homosexuales durante oleadas de persecuci\u00f3n a lo largo de los siglos. Aunque castigaban con menos frecuencia las relaciones l\u00e9sbicas, segu\u00edan persiguiendo y ejecutando a muchas mujeres.<\/p>\t\t\t\t\t\t\t\t<\/div>\n\t\t\t\t<\/div>\n\t\t\t\t<div class=\"elementor-element elementor-element-e76557c elementor-widget__width-initial elementor-widget elementor-widget-text-editor\" data-id=\"e76557c\" data-element_type=\"widget\" data-widget_type=\"text-editor.default\">\n\t\t\t\t<div class=\"elementor-widget-container\">\n\t\t\t\t\t\t\t\t\t<p>Durante siglos, las personas LGBTQ+ han tenido que vivir ocultas debido a la fuerte desaprobaci\u00f3n moral y social de las sociedades heteronormativas de todo el mundo. <a href=\"https:\/\/relocations.io\/americans-moving-abroad-for-stability\/\" data-wpil-monitor-id=\"15\">Europa<\/a>. No fue hasta que se inici\u00f3 el movimiento moderno por los derechos LGBTQ+ en 1969 cuando empezaron a producirse cambios significativos.<\/p>\t\t\t\t\t\t\t\t<\/div>\n\t\t\t\t<\/div>\n\t\t\t\t<div class=\"elementor-element elementor-element-e88632b elementor-widget elementor-widget-spacer\" data-id=\"e88632b\" data-element_type=\"widget\" data-widget_type=\"spacer.default\">\n\t\t\t\t<div class=\"elementor-widget-container\">\n\t\t\t\t\t\t\t<div class=\"elementor-spacer\">\n\t\t\t<div class=\"elementor-spacer-inner\"><\/div>\n\t\t<\/div>\n\t\t\t\t\t\t<\/div>\n\t\t\t\t<\/div>\n\t\t\t\t<div class=\"elementor-element elementor-element-3a4e1d5 elementor-widget elementor-widget-text-editor\" data-id=\"3a4e1d5\" data-element_type=\"widget\" data-widget_type=\"text-editor.default\">\n\t\t\t\t<div class=\"elementor-widget-container\">\n\t\t\t\t\t\t\t\t\t<p>Hoy en d\u00eda, los derechos LGBTQ+ en <a href=\"https:\/\/relocations.io\/moving-from-canada-to-portugal-a-comprehensive-guide\/\" data-wpil-monitor-id=\"114\">Europa<\/a> var\u00edan mucho de un pa\u00eds a otro. Diecis\u00e9is de los 28 pa\u00edses de todo el mundo que han legalizado el matrimonio entre personas del mismo sexo se encuentran en Europa. Otros trece pa\u00edses europeos han legalizado las uniones civiles u otras formas de reconocimiento limitado de las parejas del mismo sexo.<\/p>\t\t\t\t\t\t\t\t<\/div>\n\t\t\t\t<\/div>\n\t\t\t\t<div class=\"elementor-element elementor-element-c934617 elementor-widget elementor-widget-text-editor\" data-id=\"c934617\" data-element_type=\"widget\" data-widget_type=\"text-editor.default\">\n\t\t\t\t<div class=\"elementor-widget-container\">\n\t\t\t\t\t\t\t\t\t<p>Seg\u00fan Gallup, varios de los principales pa\u00edses europeos figuran entre los m\u00e1s favorables al colectivo LGBTQ+ del mundo. Pa\u00edses como Holanda, Espa\u00f1a, Portugal y Dinamarca ocupan puestos destacados en diversas listas por sus actitudes y pol\u00edticas progresistas.<\/p>\t\t\t\t\t\t\t\t<\/div>\n\t\t\t\t<\/div>\n\t\t\t\t\t<\/div>\n\t\t<\/div>\n\t\t\t\t\t<\/div>\n\t\t<\/section>\n\t\t\t\t\t<\/div>\n\t\t<\/div>\n\t\t\t\t\t<\/div>\n\t\t<\/section>\n\t\t\t\t<section class=\"elementor-section elementor-top-section elementor-element elementor-element-2d483515 elementor-section-boxed elementor-section-height-default elementor-section-height-default\" data-id=\"2d483515\" data-element_type=\"section\" data-settings=\"{&quot;background_background&quot;:&quot;classic&quot;,&quot;_ha_eqh_enable&quot;:false}\">\n\t\t\t\t\t\t<div class=\"elementor-container elementor-column-gap-no\">\n\t\t\t\t\t<div class=\"elementor-column elementor-col-100 elementor-top-column elementor-element elementor-element-73b34010\" data-id=\"73b34010\" data-element_type=\"column\">\n\t\t\t<div class=\"elementor-widget-wrap elementor-element-populated\">\n\t\t\t\t\t\t<section class=\"elementor-section elementor-inner-section elementor-element elementor-element-255ed86d elementor-section-boxed elementor-section-height-default elementor-section-height-default\" data-id=\"255ed86d\" data-element_type=\"section\" data-settings=\"{&quot;_ha_eqh_enable&quot;:false}\">\n\t\t\t\t\t\t<div class=\"elementor-container elementor-column-gap-extended\">\n\t\t\t\t\t<div class=\"elementor-column elementor-col-50 elementor-inner-column elementor-element elementor-element-1c3c0cc0\" data-id=\"1c3c0cc0\" data-element_type=\"column\">\n\t\t\t<div class=\"elementor-widget-wrap elementor-element-populated\">\n\t\t\t\t\t\t<div class=\"elementor-element elementor-element-2a0c3748 ekit-equal-height-disable elementor-widget elementor-widget-elementskit-icon-box\" data-id=\"2a0c3748\" data-element_type=\"widget\" data-widget_type=\"elementskit-icon-box.default\">\n\t\t\t\t<div class=\"elementor-widget-container\">\n\t\t\t\t\t<div class=\"ekit-wid-con\" >        <!-- link opening -->\n                <a href=\"#\" class=\"ekit_global_links\">\n                <!-- end link opening -->\n\n        <div class=\"elementskit-infobox text-left text-left icon-top-align elementor-animation-  gradient-active  hover_from_top\">\n                    <div class=\"elementskit-box-header elementor-animation-\">\n                <div class=\"elementskit-info-box-icon\">\n                    \n                <\/div>\n          <\/div>\n                        <div class=\"box-body\">\n                            <h3 class=\"elementskit-info-box-title\">\n                    \u00bfQu\u00e9 hace que un pa\u00eds sea LGBTQ+ Friendly?                <\/h3>\n                        \t\t  \t<p>El \u00cdndice Spartacus de Viajes Gays clasifica a los 12 pa\u00edses m\u00e1s respetuosos con el colectivo LGBTQ+ de Europa. Este estudio anual, que lleva recopilando datos desde 2012, eval\u00faa los pa\u00edses en funci\u00f3n de las leyes, la seguridad, las actitudes locales, etc. Los pa\u00edses europeos progresistas con comunidades LGBTQ+ florecientes han legalizado el matrimonio entre personas del mismo sexo, la transici\u00f3n de g\u00e9nero y la adopci\u00f3n por parejas del mismo sexo. Adem\u00e1s, pol\u00edticas como los desfiles oficiales del orgullo y los barrios LGBTQ+ contribuyen a crear espacios seguros para los miembros de la comunidad y les permiten celebrar sus identidades.<\/p>\n                                <\/div>\n        \n        \n                <\/div>\n                <\/a>\n        <\/div>\t\t\t\t<\/div>\n\t\t\t\t<\/div>\n\t\t\t\t\t<\/div>\n\t\t<\/div>\n\t\t\t\t<div class=\"elementor-column elementor-col-50 elementor-inner-column elementor-element elementor-element-58e3369c\" data-id=\"58e3369c\" data-element_type=\"column\">\n\t\t\t<div class=\"elementor-widget-wrap elementor-element-populated\">\n\t\t\t\t\t\t<div class=\"elementor-element elementor-element-5ea230ae ekit-equal-height-enable elementor-widget elementor-widget-elementskit-icon-box\" data-id=\"5ea230ae\" data-element_type=\"widget\" data-widget_type=\"elementskit-icon-box.default\">\n\t\t\t\t<div class=\"elementor-widget-container\">\n\t\t\t\t\t<div class=\"ekit-wid-con\" >        <!-- link opening -->\n                <a href=\"#\" class=\"ekit_global_links\">\n                <!-- end link opening -->\n\n        <div class=\"elementskit-infobox text-left text-left icon-top-align elementor-animation-  gradient-active  hover_from_top\">\n                    <div class=\"elementskit-box-header elementor-animation-\">\n                <div class=\"elementskit-info-box-icon\">\n                    \n                <\/div>\n          <\/div>\n                        <div class=\"box-body\">\n                            <h3 class=\"elementskit-info-box-title\">\n                    \u00bfC\u00f3mo es ser LGBTQ+ en Europa?                <\/h3>\n                        \t\t  \t<p>Seg\u00fan Gallup, los pa\u00edses europeos dominan la lista de las naciones m\u00e1s acogedoras y hospitalarias con el colectivo LGBTQ+. Cabe destacar que los Pa\u00edses Bajos ya legalizaron la homosexualidad en el siglo XIX. Muchos pa\u00edses europeos conocidos por sus valores progresistas han avanzado mucho en las dos \u00faltimas d\u00e9cadas para garantizar los derechos, la igualdad y la seguridad de las personas LGBTQ+, y ahora figuran entre los m\u00e1s acogedores de Europa.<\/p>\n                                <\/div>\n        \n        \n                <\/div>\n                <\/a>\n        <\/div>\t\t\t\t<\/div>\n\t\t\t\t<\/div>\n\t\t\t\t\t<\/div>\n\t\t<\/div>\n\t\t\t\t\t<\/div>\n\t\t<\/section>\n\t\t<div class=\"elementor-element elementor-element-6f81551 e-flex e-con-boxed e-con e-parent\" data-id=\"6f81551\" data-element_type=\"container\" data-settings=\"{&quot;_ha_eqh_enable&quot;:false}\">\n\t\t\t\t\t<div class=\"e-con-inner\">\n\t\t\t\t<div class=\"elementor-element elementor-element-8034c76 elementor-widget elementor-widget-image\" data-id=\"8034c76\" data-element_type=\"widget\" data-widget_type=\"image.default\">\n\t\t\t\t<div class=\"elementor-widget-container\">\n\t\t\t\t\t\t\t\t\t\t\t\t\t\t\t<img decoding=\"async\" width=\"6912\" height=\"3456\" src=\"https:\/\/i0.wp.com\/relocations.io\/wp-content\/uploads\/lgbt-family13.png?fit=6912%2C3456&amp;ssl=1\" class=\"attachment-full size-full wp-image-61902\" alt=\"\" srcset=\"https:\/\/i0.wp.com\/relocations.io\/wp-content\/uploads\/lgbt-family13.png?w=6912&amp;ssl=1 6912w, https:\/\/i0.wp.com\/relocations.io\/wp-content\/uploads\/lgbt-family13.png?resize=300%2C150&amp;ssl=1 300w, https:\/\/i0.wp.com\/relocations.io\/wp-content\/uploads\/lgbt-family13.png?resize=1024%2C512&amp;ssl=1 1024w, https:\/\/i0.wp.com\/relocations.io\/wp-content\/uploads\/lgbt-family13.png?resize=768%2C384&amp;ssl=1 768w, https:\/\/i0.wp.com\/relocations.io\/wp-content\/uploads\/lgbt-family13.png?resize=1536%2C768&amp;ssl=1 1536w, https:\/\/i0.wp.com\/relocations.io\/wp-content\/uploads\/lgbt-family13.png?resize=18%2C9&amp;ssl=1 18w, https:\/\/i0.wp.com\/relocations.io\/wp-content\/uploads\/lgbt-family13.png?resize=1920%2C960&amp;ssl=1 1920w, https:\/\/i0.wp.com\/relocations.io\/wp-content\/uploads\/lgbt-family13.png?resize=600%2C300&amp;ssl=1 600w, https:\/\/i0.wp.com\/relocations.io\/wp-content\/uploads\/lgbt-family13.png?w=2160&amp;ssl=1 2160w, https:\/\/i0.wp.com\/relocations.io\/wp-content\/uploads\/lgbt-family13.png?w=3240&amp;ssl=1 3240w\" sizes=\"(max-width: 1080px) 100vw, 1080px\" \/>\t\t\t\t\t\t\t\t\t\t\t\t\t\t\t<\/div>\n\t\t\t\t<\/div>\n\t\t\t\t\t<\/div>\n\t\t\t\t<\/div>\n\t\t\t\t\t<\/div>\n\t\t<\/div>\n\t\t\t\t\t<\/div>\n\t\t<\/section>\n\t\t\t\t<section class=\"elementor-section elementor-top-section elementor-element elementor-element-6355c3d elementor-section-boxed elementor-section-height-default elementor-section-height-default\" data-id=\"6355c3d\" data-element_type=\"section\" data-settings=\"{&quot;background_background&quot;:&quot;classic&quot;,&quot;_ha_eqh_enable&quot;:false}\">\n\t\t\t\t\t\t<div class=\"elementor-container elementor-column-gap-no\">\n\t\t\t\t\t<div class=\"elementor-column elementor-col-100 elementor-top-column elementor-element elementor-element-7f53b71\" data-id=\"7f53b71\" data-element_type=\"column\">\n\t\t\t<div class=\"elementor-widget-wrap elementor-element-populated\">\n\t\t\t\t\t\t<div class=\"elementor-element elementor-element-74a617d elementor-widget elementor-widget-text-editor\" data-id=\"74a617d\" data-element_type=\"widget\" data-widget_type=\"text-editor.default\">\n\t\t\t\t<div class=\"elementor-widget-container\">\n\t\t\t\t\t\t\t\t\t<h3>Si est\u00e1s pensando en mudarte, <a href=\"https:\/\/relocations.io\/exploring-the-enchantment-vigos-delightful-christmas-market\/\" data-wpil-monitor-id=\"120\">Explore algunos de los pa\u00edses m\u00e1s respetuosos con el colectivo LGBTQ+ de Europa<\/a> encontrar un entorno acogedor y solidario.<\/h3>\t\t\t\t\t\t\t\t<\/div>\n\t\t\t\t<\/div>\n\t\t\t\t\t<\/div>\n\t\t<\/div>\n\t\t\t\t\t<\/div>\n\t\t<\/section>\n\t\t\t\t<section class=\"elementor-section elementor-top-section elementor-element elementor-element-5b6d0d97 elementor-section-boxed elementor-section-height-default elementor-section-height-default\" data-id=\"5b6d0d97\" data-element_type=\"section\" data-settings=\"{&quot;_ha_eqh_enable&quot;:false}\">\n\t\t\t\t\t\t<div class=\"elementor-container elementor-column-gap-default\">\n\t\t\t\t\t<div class=\"elementor-column elementor-col-100 elementor-top-column elementor-element elementor-element-2075084\" data-id=\"2075084\" data-element_type=\"column\" data-settings=\"{&quot;background_background&quot;:&quot;gradient&quot;}\">\n\t\t\t<div class=\"elementor-widget-wrap elementor-element-populated\">\n\t\t\t\t\t\t<div class=\"elementor-element elementor-element-b5261bb elementor-position-top elementor-widget elementor-widget-image-box\" data-id=\"b5261bb\" data-element_type=\"widget\" data-widget_type=\"image-box.default\">\n\t\t\t\t<div class=\"elementor-widget-container\">\n\t\t\t\t\t<div class=\"elementor-image-box-wrapper\"><figure class=\"elementor-image-box-img\"><img decoding=\"async\" width=\"64\" height=\"87\" src=\"https:\/\/i0.wp.com\/relocations.io\/wp-content\/uploads\/2024\/08\/64px-LGBT_flag_map_of_Germany.svg.png?fit=64%2C87&amp;ssl=1\" class=\"attachment-full size-full wp-image-8216\" alt=\"\" srcset=\"https:\/\/i0.wp.com\/relocations.io\/wp-content\/uploads\/2024\/08\/64px-LGBT_flag_map_of_Germany.svg.png?w=64&amp;ssl=1 64w, https:\/\/i0.wp.com\/relocations.io\/wp-content\/uploads\/2024\/08\/64px-LGBT_flag_map_of_Germany.svg.png?resize=9%2C12&amp;ssl=1 9w, https:\/\/i0.wp.com\/relocations.io\/wp-content\/uploads\/2024\/08\/64px-LGBT_flag_map_of_Germany.svg.png?resize=37%2C50&amp;ssl=1 37w\" sizes=\"(max-width: 64px) 100vw, 64px\" \/><\/figure><div class=\"elementor-image-box-content\"><h3 class=\"elementor-image-box-title\">Alemania<\/h3><\/div><\/div>\t\t\t\t<\/div>\n\t\t\t\t<\/div>\n\t\t\t\t<div class=\"elementor-element elementor-element-9060f45 elementor-widget elementor-widget-text-editor\" data-id=\"9060f45\" data-element_type=\"widget\" data-widget_type=\"text-editor.default\">\n\t\t\t\t<div class=\"elementor-widget-container\">\n\t\t\t\t\t\t\t\t\t<p>Alemania recibe a la comunidad LGBTQ+ con los brazos abiertos, con un vibrante ambiente gay en Berl\u00edn y varios pol\u00edticos abiertamente LGBTQ+. Este centro cultural ofrece excelentes vistas, comida de alta calidad y una gran oferta de ocio p\u00fablico. <a href=\"https:\/\/relocations.io\/services\/\">servicios<\/a>educaci\u00f3n y transporte.<\/p><p><b>Derechos LGBTQ+ en Alemania<\/b><br \/>Alemania aprob\u00f3 varias leyes contra la discriminaci\u00f3n en 1991, incluidos los derechos legales de cambio de g\u00e9nero y la protecci\u00f3n contra los delitos de odio. El matrimonio entre personas del mismo sexo se legaliz\u00f3 en 2017 y, en 2020, el pa\u00eds reconoci\u00f3 formalmente una tercera opci\u00f3n de g\u00e9nero. Alemania tambi\u00e9n prohibi\u00f3 la terapia de conversi\u00f3n para menores y levant\u00f3 las restricciones a las donaciones de sangre en 2023.<\/p><p>Alemania cuenta con una rica cultura LGBTQ+, con una treintena de manifestaciones anuales, como el Orgullo de Berl\u00edn, el Carnaval de Colonia y la Oktoberfest de M\u00fanich. Ciudades como Berl\u00edn cuentan con una vibrante vida nocturna LGBTQ+ y barrios como Schoenberg y Kreuzberg ofrecen espacios seguros y apoyo a los negocios LGBTQ+.<\/p>\t\t\t\t\t\t\t\t<\/div>\n\t\t\t\t<\/div>\n\t\t\t\t<div class=\"elementor-element elementor-element-dcce8b5 elementor-position-top elementor-widget elementor-widget-image-box\" data-id=\"dcce8b5\" data-element_type=\"widget\" data-widget_type=\"image-box.default\">\n\t\t\t\t<div class=\"elementor-widget-container\">\n\t\t\t\t\t<div class=\"elementor-image-box-wrapper\"><figure class=\"elementor-image-box-img\"><img loading=\"lazy\" decoding=\"async\" width=\"64\" height=\"76\" src=\"https:\/\/i0.wp.com\/relocations.io\/wp-content\/uploads\/64px-LGBT_flag_map_of_the_Netherlands.svg.png?fit=64%2C76&amp;ssl=1\" class=\"attachment-full size-full wp-image-61960\" alt=\"\" srcset=\"https:\/\/i0.wp.com\/relocations.io\/wp-content\/uploads\/64px-LGBT_flag_map_of_the_Netherlands.svg.png?w=64&amp;ssl=1 64w, https:\/\/i0.wp.com\/relocations.io\/wp-content\/uploads\/64px-LGBT_flag_map_of_the_Netherlands.svg.png?resize=10%2C12&amp;ssl=1 10w\" sizes=\"(max-width: 64px) 100vw, 64px\" \/><\/figure><div class=\"elementor-image-box-content\"><h3 class=\"elementor-image-box-title\">Pa\u00edses Bajos<\/h3><\/div><\/div>\t\t\t\t<\/div>\n\t\t\t\t<\/div>\n\t\t\t\t<div class=\"elementor-element elementor-element-a91304a elementor-widget elementor-widget-text-editor\" data-id=\"a91304a\" data-element_type=\"widget\" data-widget_type=\"text-editor.default\">\n\t\t\t\t<div class=\"elementor-widget-container\">\n\t\t\t\t\t\t\t\t\t<p>Los Pa\u00edses Bajos son reconocidos como uno de los pa\u00edses m\u00e1s progresistas del mundo y figuran sistem\u00e1ticamente entre los principales destinos para expatriados. \u00c1msterdam, su capital, es un c\u00e9lebre punto de encuentro LGBTQ+. El pa\u00eds cuenta con impresionantes paisajes y varias universidades de primer nivel que acogen a personas LGBTQ+.<\/p><p><b>Derechos LGBTQ+ en los Pa\u00edses Bajos<\/b><br \/>Como primer pa\u00eds del mundo en legalizar el matrimonio entre personas del mismo sexo en 2001, Holanda es desde hace tiempo l\u00edder en tolerancia y aceptaci\u00f3n del colectivo LGBTQ+. Las leyes protegen a las personas LGBTQ+ reconociendo plenamente la adopci\u00f3n homoparental y permitiendo a los transexuales cambiar su sexo en los documentos oficiales, independientemente de que se sometan a procedimientos de reasignaci\u00f3n de g\u00e9nero.<\/p><p>Adem\u00e1s de \u00c1msterdam, ciudades como Amstelveen, Rotterdam, Utrecht, La Haya y Scheveningen ofrecen una amplia gama de clubes, tiendas, bares, hoteles y restaurantes acogedores para el colectivo LGBTQ+. En \u00c1msterdam se celebra anualmente el Orgullo Gay de \u00c1msterdam, con una vibrante vida nocturna y numerosos actos LGBTQ+ a lo largo del a\u00f1o.<\/p>\t\t\t\t\t\t\t\t<\/div>\n\t\t\t\t<\/div>\n\t\t\t\t<div class=\"elementor-element elementor-element-5d81384 elementor-position-top elementor-widget elementor-widget-image-box\" data-id=\"5d81384\" data-element_type=\"widget\" data-widget_type=\"image-box.default\">\n\t\t\t\t<div class=\"elementor-widget-container\">\n\t\t\t\t\t<div class=\"elementor-image-box-wrapper\"><figure class=\"elementor-image-box-img\"><img loading=\"lazy\" decoding=\"async\" width=\"64\" height=\"140\" src=\"https:\/\/i0.wp.com\/relocations.io\/wp-content\/uploads\/2024\/08\/64px-LGBT_flag_map_of_Portugal.svg.png?fit=64%2C140&amp;ssl=1\" class=\"attachment-full size-full wp-image-8227\" alt=\"\" srcset=\"https:\/\/i0.wp.com\/relocations.io\/wp-content\/uploads\/2024\/08\/64px-LGBT_flag_map_of_Portugal.svg.png?w=64&amp;ssl=1 64w, https:\/\/i0.wp.com\/relocations.io\/wp-content\/uploads\/2024\/08\/64px-LGBT_flag_map_of_Portugal.svg.png?resize=5%2C12&amp;ssl=1 5w, https:\/\/i0.wp.com\/relocations.io\/wp-content\/uploads\/2024\/08\/64px-LGBT_flag_map_of_Portugal.svg.png?resize=23%2C50&amp;ssl=1 23w, https:\/\/i0.wp.com\/relocations.io\/wp-content\/uploads\/2024\/08\/64px-LGBT_flag_map_of_Portugal.svg.png?resize=46%2C100&amp;ssl=1 46w\" sizes=\"(max-width: 64px) 100vw, 64px\" \/><\/figure><div class=\"elementor-image-box-content\"><h3 class=\"elementor-image-box-title\">Portugal<\/h3><\/div><\/div>\t\t\t\t<\/div>\n\t\t\t\t<\/div>\n\t\t\t\t<div class=\"elementor-element elementor-element-34a133e elementor-widget elementor-widget-text-editor\" data-id=\"34a133e\" data-element_type=\"widget\" data-widget_type=\"text-editor.default\">\n\t\t\t\t<div class=\"elementor-widget-container\">\n\t\t\t\t\t\t\t\t\t<p><a href=\"https:\/\/relocations.io\/your-guide-to-visa-requirements-and-citizenship-in-portugal-navigating-your-path-to-a-new-life\/\">Portugal ofrece numerosas ventajas<\/a>El clima es c\u00e1lido, la gente amable, el coste de la vida bajo, la educaci\u00f3n de calidad y la sanidad p\u00fablica. Tambi\u00e9n es uno de los pa\u00edses m\u00e1s seguros y con pol\u00edticas LGBTQ+ progresistas.<\/p><p><b>Derechos LGBTQ+ en Portugal<\/b><br \/>Portugal legaliz\u00f3 el matrimonio entre personas del mismo sexo en 2010, y las parejas extranjeras del mismo sexo con un miembro en posesi\u00f3n de la residencia permanente pueden solicitar un permiso de residencia de dos a\u00f1os. El matrimonio con un ciudadano portugu\u00e9s permite optar a la ciudadan\u00eda portuguesa al cabo de tres a\u00f1os. La adopci\u00f3n por parejas del mismo sexo se legaliz\u00f3 en 2016, y las parejas del mismo sexo tienen igualdad de acceso a los tratamientos de fecundaci\u00f3n in vitro. Adem\u00e1s, el impuesto de sucesiones est\u00e1 exento para las parejas del mismo sexo y sus hijos.<\/p><p>La Ley de Identidad de G\u00e9nero de 2011 es una de las m\u00e1s progresistas del mundo. <a href=\"https:\/\/relocations.io\/savoring-lisbon-a-culinary-journey\/\">Lisboa cuenta con una vibrante<\/a> Escenario LGBTQ+ con barrios como Pr\u00edncipe Real y Bairro Alto, as\u00ed como eventos destacados como el Orgullo de Lisboa y el Festival de Cine Gay de Lisboa.<\/p>\t\t\t\t\t\t\t\t<\/div>\n\t\t\t\t<\/div>\n\t\t\t\t<div class=\"elementor-element elementor-element-dd9caf2 elementor-position-top elementor-widget elementor-widget-image-box\" data-id=\"dd9caf2\" data-element_type=\"widget\" data-widget_type=\"image-box.default\">\n\t\t\t\t<div class=\"elementor-widget-container\">\n\t\t\t\t\t<div class=\"elementor-image-box-wrapper\"><figure class=\"elementor-image-box-img\"><img loading=\"lazy\" decoding=\"async\" width=\"64\" height=\"151\" src=\"https:\/\/i0.wp.com\/relocations.io\/wp-content\/uploads\/2024\/08\/64px-LGBT_flag_map_of_Sweden.svg.png?fit=64%2C151&amp;ssl=1\" class=\"attachment-full size-full wp-image-8222\" alt=\"\" srcset=\"https:\/\/i0.wp.com\/relocations.io\/wp-content\/uploads\/2024\/08\/64px-LGBT_flag_map_of_Sweden.svg.png?w=64&amp;ssl=1 64w, https:\/\/i0.wp.com\/relocations.io\/wp-content\/uploads\/2024\/08\/64px-LGBT_flag_map_of_Sweden.svg.png?resize=5%2C12&amp;ssl=1 5w, https:\/\/i0.wp.com\/relocations.io\/wp-content\/uploads\/2024\/08\/64px-LGBT_flag_map_of_Sweden.svg.png?resize=21%2C50&amp;ssl=1 21w, https:\/\/i0.wp.com\/relocations.io\/wp-content\/uploads\/2024\/08\/64px-LGBT_flag_map_of_Sweden.svg.png?resize=42%2C100&amp;ssl=1 42w\" sizes=\"(max-width: 64px) 100vw, 64px\" \/><\/figure><div class=\"elementor-image-box-content\"><h3 class=\"elementor-image-box-title\">Suecia<\/h3><\/div><\/div>\t\t\t\t<\/div>\n\t\t\t\t<\/div>\n\t\t\t\t<div class=\"elementor-element elementor-element-34bfc95 elementor-widget elementor-widget-text-editor\" data-id=\"34bfc95\" data-element_type=\"widget\" data-widget_type=\"text-editor.default\">\n\t\t\t\t<div class=\"elementor-widget-container\">\n\t\t\t\t\t\t\t\t\t<p>Suecia es famosa por su alta calidad de vida, su excelente transporte p\u00fablico y su sistema sanitario de primer nivel. Con sus bellos paisajes y bajos niveles de contaminaci\u00f3n, Suecia es un lugar atractivo para vivir.<\/p><p><b>Derechos LGBTQ+ en Suecia<\/b><br \/>Suecia se encuentra entre los <a href=\"https:\/\/relocations.io\/portugal-top-beaches-your-ultimate-guide\/\">Los mejores pa\u00edses LGBTQ+ de Europa<\/a>. Legaliz\u00f3 el cambio de sexo en 1972 y el matrimonio entre personas del mismo sexo en 2009. Las parejas del mismo sexo tienen derechos de adopci\u00f3n, y las comunidades LGBTQ+ reciben un fuerte apoyo en las instituciones acad\u00e9micas y educativas.<\/p><p>En Suecia se celebran anualmente unos 50 actos del Orgullo, entre ellos los de Gotemburgo y Estocolmo. A pesar de carecer de pueblos LGBTQ+ oficiales, el ambiente integrador de Suecia hace que las personas LGBTQ+ se mezclen a menudo libremente en diversos locales.<\/p>\t\t\t\t\t\t\t\t<\/div>\n\t\t\t\t<\/div>\n\t\t\t\t<div class=\"elementor-element elementor-element-68c5a5e elementor-position-top elementor-widget elementor-widget-image-box\" data-id=\"68c5a5e\" data-element_type=\"widget\" data-widget_type=\"image-box.default\">\n\t\t\t\t<div class=\"elementor-widget-container\">\n\t\t\t\t\t<div class=\"elementor-image-box-wrapper\"><figure class=\"elementor-image-box-img\"><img loading=\"lazy\" decoding=\"async\" width=\"64\" height=\"69\" src=\"https:\/\/i0.wp.com\/relocations.io\/wp-content\/uploads\/2024\/08\/64px-LGBT_flag_map_of_Norway.svg.png?fit=64%2C69&amp;ssl=1\" class=\"attachment-full size-full wp-image-8220\" alt=\"\" srcset=\"https:\/\/i0.wp.com\/relocations.io\/wp-content\/uploads\/2024\/08\/64px-LGBT_flag_map_of_Norway.svg.png?w=64&amp;ssl=1 64w, https:\/\/i0.wp.com\/relocations.io\/wp-content\/uploads\/2024\/08\/64px-LGBT_flag_map_of_Norway.svg.png?resize=11%2C12&amp;ssl=1 11w, https:\/\/i0.wp.com\/relocations.io\/wp-content\/uploads\/2024\/08\/64px-LGBT_flag_map_of_Norway.svg.png?resize=46%2C50&amp;ssl=1 46w\" sizes=\"(max-width: 64px) 100vw, 64px\" \/><\/figure><div class=\"elementor-image-box-content\"><h3 class=\"elementor-image-box-title\">Noruega<\/h3><\/div><\/div>\t\t\t\t<\/div>\n\t\t\t\t<\/div>\n\t\t\t\t<div class=\"elementor-element elementor-element-3bdb55e elementor-widget elementor-widget-text-editor\" data-id=\"3bdb55e\" data-element_type=\"widget\" data-widget_type=\"text-editor.default\">\n\t\t\t\t<div class=\"elementor-widget-container\">\n\t\t\t\t\t\t\t\t\t<p>Noruega es conocida por su fuerte econom\u00eda, bajos \u00edndices de delincuencia, sanidad universal y un sistema educativo de gran prestigio. Tambi\u00e9n es uno de los pa\u00edses m\u00e1s respetuosos con el colectivo LGBTQ+.<\/p><p><b>Derechos LGBTQ+ en Noruega<\/b><br \/>Noruega tiene una elevada aceptaci\u00f3n social y una s\u00f3lida legislaci\u00f3n contra la discriminaci\u00f3n. El matrimonio entre personas del mismo sexo se legaliz\u00f3 en 2009, y ese mismo a\u00f1o se concedieron derechos de adopci\u00f3n. El pa\u00eds tambi\u00e9n permite el cambio legal de g\u00e9nero y tiene pol\u00edticas militares inclusivas.<\/p><p>Con m\u00e1s de 30 actos del orgullo al a\u00f1o, entre ellos el Festival del Orgullo de Oslo y el Orgullo \u00c1rtico de Troms\u00f8, la comunidad LGBTQ+ de Noruega es activa y cuenta con apoyo. Aunque hay pocos pueblos LGBTQ+ oficiales, Oslo alberga muchos locales LGBTQ+ populares.<\/p><p>\u00a0<\/p>\t\t\t\t\t\t\t\t<\/div>\n\t\t\t\t<\/div>\n\t\t\t\t<div class=\"elementor-element elementor-element-ff057b3 elementor-position-top elementor-widget elementor-widget-image-box\" data-id=\"ff057b3\" data-element_type=\"widget\" data-widget_type=\"image-box.default\">\n\t\t\t\t<div class=\"elementor-widget-container\">\n\t\t\t\t\t<div class=\"elementor-image-box-wrapper\"><figure class=\"elementor-image-box-img\"><img loading=\"lazy\" decoding=\"async\" width=\"64\" height=\"63\" src=\"https:\/\/i0.wp.com\/relocations.io\/wp-content\/uploads\/2024\/08\/64px-LGBT_flag_map_of_France.svg.png?fit=64%2C63&amp;ssl=1\" class=\"attachment-full size-full wp-image-8219\" alt=\"\" srcset=\"https:\/\/i0.wp.com\/relocations.io\/wp-content\/uploads\/2024\/08\/64px-LGBT_flag_map_of_France.svg.png?w=64&amp;ssl=1 64w, https:\/\/i0.wp.com\/relocations.io\/wp-content\/uploads\/2024\/08\/64px-LGBT_flag_map_of_France.svg.png?resize=12%2C12&amp;ssl=1 12w, https:\/\/i0.wp.com\/relocations.io\/wp-content\/uploads\/2024\/08\/64px-LGBT_flag_map_of_France.svg.png?resize=50%2C50&amp;ssl=1 50w, https:\/\/i0.wp.com\/relocations.io\/wp-content\/uploads\/2024\/08\/64px-LGBT_flag_map_of_France.svg.png?resize=24%2C24&amp;ssl=1 24w, https:\/\/i0.wp.com\/relocations.io\/wp-content\/uploads\/2024\/08\/64px-LGBT_flag_map_of_France.svg.png?resize=48%2C48&amp;ssl=1 48w\" sizes=\"(max-width: 64px) 100vw, 64px\" \/><\/figure><div class=\"elementor-image-box-content\"><h3 class=\"elementor-image-box-title\">Francia<\/h3><\/div><\/div>\t\t\t\t<\/div>\n\t\t\t\t<\/div>\n\t\t\t\t<div class=\"elementor-element elementor-element-1f6deeb elementor-widget elementor-widget-text-editor\" data-id=\"1f6deeb\" data-element_type=\"widget\" data-widget_type=\"text-editor.default\">\n\t\t\t\t<div class=\"elementor-widget-container\">\n\t\t\t\t\t\t\t\t\t<p>Francia es c\u00e9lebre por su alta calidad de vida, su excelente transporte p\u00fablico, una educaci\u00f3n accesible y un fuerte <a href=\"https:\/\/relocations.io\/navigating-visa-requirements-and-citizenship-in-france-your-pathway-to-a-new-beginning\/\">comunidad de expatriados<\/a>. El pa\u00eds tambi\u00e9n ofrece una excelente atenci\u00f3n sanitaria y un coste de la vida relativamente bajo.<\/p><p><b>Derechos LGBTQ+ en Francia<\/b><br \/>Francia legaliz\u00f3 la homosexualidad en 1791 e introdujo leyes contra la discriminaci\u00f3n entre 1982 y 2012. En 2013, el pa\u00eds legaliz\u00f3 el matrimonio entre personas del mismo sexo, seguido del derecho a cambiar de sexo sin cirug\u00eda en 2017. En 2021, los tratamientos de fecundaci\u00f3n in vitro se pusieron a disposici\u00f3n de las parejas de lesbianas, lo que supuso otro paso adelante en la igualdad.<\/p><p>El Orgullo de Par\u00eds y el Orgullo M\u00e1gico de Disneyland Par\u00eds son los principales acontecimientos LGBTQ+, con notables escenas gays en Lyon, Toulouse y Biarritz. El barrio parisino de Le Marais es especialmente famoso por su animada vida nocturna LGBTQ+.<\/p>\t\t\t\t\t\t\t\t<\/div>\n\t\t\t\t<\/div>\n\t\t\t\t<div class=\"elementor-element elementor-element-9613104 elementor-position-top elementor-widget elementor-widget-image-box\" data-id=\"9613104\" data-element_type=\"widget\" data-widget_type=\"image-box.default\">\n\t\t\t\t<div class=\"elementor-widget-container\">\n\t\t\t\t\t<div class=\"elementor-image-box-wrapper\"><figure class=\"elementor-image-box-img\"><img loading=\"lazy\" decoding=\"async\" width=\"64\" height=\"53\" src=\"https:\/\/i0.wp.com\/relocations.io\/wp-content\/uploads\/2024\/08\/64px-LGBT_flag_map_of_Belgium.svg.png?fit=64%2C53&amp;ssl=1\" class=\"attachment-full size-full wp-image-8217\" alt=\"\" srcset=\"https:\/\/i0.wp.com\/relocations.io\/wp-content\/uploads\/2024\/08\/64px-LGBT_flag_map_of_Belgium.svg.png?w=64&amp;ssl=1 64w, https:\/\/i0.wp.com\/relocations.io\/wp-content\/uploads\/2024\/08\/64px-LGBT_flag_map_of_Belgium.svg.png?resize=14%2C12&amp;ssl=1 14w, https:\/\/i0.wp.com\/relocations.io\/wp-content\/uploads\/2024\/08\/64px-LGBT_flag_map_of_Belgium.svg.png?resize=50%2C41&amp;ssl=1 50w\" sizes=\"(max-width: 64px) 100vw, 64px\" \/><\/figure><div class=\"elementor-image-box-content\"><h3 class=\"elementor-image-box-title\">B\u00e9lgica<\/h3><\/div><\/div>\t\t\t\t<\/div>\n\t\t\t\t<\/div>\n\t\t\t\t<div class=\"elementor-element elementor-element-6348a99 elementor-widget elementor-widget-text-editor\" data-id=\"6348a99\" data-element_type=\"widget\" data-widget_type=\"text-editor.default\">\n\t\t\t\t<div class=\"elementor-widget-container\">\n\t\t\t\t\t\t\t\t\t<p>B\u00e9lgica es un popular destino tur\u00edstico conocido por su alto nivel de vida, bajos \u00edndices de delincuencia y rico patrimonio culinario y arquitect\u00f3nico. Fue el segundo pa\u00eds del mundo en legalizar el matrimonio entre personas del mismo sexo.<\/p><p><b>Derechos LGBTQ+ en B\u00e9lgica<\/b><br \/>B\u00e9lgica despenaliz\u00f3 las relaciones homosexuales en 1795 y fue uno de los primeros pa\u00edses en adoptar leyes contra la transexualidad y la discriminaci\u00f3n. Las cirug\u00edas de reasignaci\u00f3n de sexo est\u00e1n bien vistas, y los derechos de cambio de sexo se reconocieron legalmente en 2007.<\/p><p>En B\u00e9lgica se celebran unos cuatro actos del orgullo al a\u00f1o. Las principales ciudades cuentan con una animada escena LGBTQ+, con numerosos clubes y bares que ofrecen espacios vibrantes para la comunidad.<\/p>\t\t\t\t\t\t\t\t<\/div>\n\t\t\t\t<\/div>\n\t\t\t\t<div class=\"elementor-element elementor-element-c2cae77 elementor-position-top elementor-widget elementor-widget-image-box\" data-id=\"c2cae77\" data-element_type=\"widget\" data-widget_type=\"image-box.default\">\n\t\t\t\t<div class=\"elementor-widget-container\">\n\t\t\t\t\t<div class=\"elementor-image-box-wrapper\"><figure class=\"elementor-image-box-img\"><img loading=\"lazy\" decoding=\"async\" width=\"64\" height=\"77\" src=\"https:\/\/i0.wp.com\/relocations.io\/wp-content\/uploads\/2024\/08\/64px-LGBT_flag_map_of_Denmark.svg.png?fit=64%2C77&amp;ssl=1\" class=\"attachment-full size-full wp-image-8223\" alt=\"\" srcset=\"https:\/\/i0.wp.com\/relocations.io\/wp-content\/uploads\/2024\/08\/64px-LGBT_flag_map_of_Denmark.svg.png?w=64&amp;ssl=1 64w, https:\/\/i0.wp.com\/relocations.io\/wp-content\/uploads\/2024\/08\/64px-LGBT_flag_map_of_Denmark.svg.png?resize=10%2C12&amp;ssl=1 10w, https:\/\/i0.wp.com\/relocations.io\/wp-content\/uploads\/2024\/08\/64px-LGBT_flag_map_of_Denmark.svg.png?resize=42%2C50&amp;ssl=1 42w\" sizes=\"(max-width: 64px) 100vw, 64px\" \/><\/figure><div class=\"elementor-image-box-content\"><h3 class=\"elementor-image-box-title\">Dinamarca<\/h3><\/div><\/div>\t\t\t\t<\/div>\n\t\t\t\t<\/div>\n\t\t\t\t<div class=\"elementor-element elementor-element-65e596e elementor-widget elementor-widget-text-editor\" data-id=\"65e596e\" data-element_type=\"widget\" data-widget_type=\"text-editor.default\">\n\t\t\t\t<div class=\"elementor-widget-container\">\n\t\t\t\t\t\t\t\t\t<p>Dinamarca figura sistem\u00e1ticamente entre los pa\u00edses m\u00e1s felices del mundo, c\u00e9lebre por su igualdad social y su fuerte sentido de la comunidad. El pa\u00eds ofrece educaci\u00f3n de alta calidad y asistencia sanitaria gratuita, y muchos lo consideran uno de los lugares m\u00e1s seguros para vivir.<\/p><p><b>Derechos LGBTQ+ en Dinamarca<\/b><br \/>Dinamarca fue uno de los primeros pa\u00edses en reconocer las uniones homosexuales en 1989 y legaliz\u00f3 el matrimonio entre personas del mismo sexo en 2012. El pa\u00eds tambi\u00e9n permite la adopci\u00f3n conjunta a parejas del mismo sexo y cuenta con leyes contra los delitos de odio que protegen a la comunidad LGBTQ+.<\/p><p>Copenhague cuenta con un pr\u00f3spero ambiente LGBTQ+, con actos anuales como el Orgullo de Copenhague. Entre los locales m\u00e1s populares se encuentran G-Bar y Oscar, y el pa\u00eds alberga universidades acogedoras para el colectivo LGBTQ+.<\/p>\t\t\t\t\t\t\t\t<\/div>\n\t\t\t\t<\/div>\n\t\t\t\t<div class=\"elementor-element elementor-element-a98b08c elementor-position-top elementor-widget elementor-widget-image-box\" data-id=\"a98b08c\" data-element_type=\"widget\" data-widget_type=\"image-box.default\">\n\t\t\t\t<div class=\"elementor-widget-container\">\n\t\t\t\t\t<div class=\"elementor-image-box-wrapper\"><figure class=\"elementor-image-box-img\"><img loading=\"lazy\" decoding=\"async\" width=\"64\" height=\"52\" src=\"https:\/\/i0.wp.com\/relocations.io\/wp-content\/uploads\/2024\/08\/64px-LGBT_flag_map_of_Spain.svg.png?fit=64%2C52&amp;ssl=1\" class=\"attachment-full size-full wp-image-8215\" alt=\"\" srcset=\"https:\/\/i0.wp.com\/relocations.io\/wp-content\/uploads\/2024\/08\/64px-LGBT_flag_map_of_Spain.svg.png?w=64&amp;ssl=1 64w, https:\/\/i0.wp.com\/relocations.io\/wp-content\/uploads\/2024\/08\/64px-LGBT_flag_map_of_Spain.svg.png?resize=15%2C12&amp;ssl=1 15w, https:\/\/i0.wp.com\/relocations.io\/wp-content\/uploads\/2024\/08\/64px-LGBT_flag_map_of_Spain.svg.png?resize=50%2C41&amp;ssl=1 50w\" sizes=\"(max-width: 64px) 100vw, 64px\" \/><\/figure><div class=\"elementor-image-box-content\"><h3 class=\"elementor-image-box-title\">Espa\u00f1a<\/h3><\/div><\/div>\t\t\t\t<\/div>\n\t\t\t\t<\/div>\n\t\t\t\t<div class=\"elementor-element elementor-element-8a520bf elementor-widget elementor-widget-text-editor\" data-id=\"8a520bf\" data-element_type=\"widget\" data-widget_type=\"text-editor.default\">\n\t\t\t\t<div class=\"elementor-widget-container\">\n\t\t\t\t\t\t\t\t\t<p>Espa\u00f1a es famosa por su gastronom\u00eda, su din\u00e1mico panorama art\u00edstico y su riqueza cultural. El pa\u00eds ofrece numerosas oportunidades laborales, el uso generalizado del ingl\u00e9s y un bajo coste de la vida, lo que lo convierte en una opci\u00f3n popular para los expatriados.<br \/><br \/><b>Derechos LGBTQ+ en Espa\u00f1a<\/b><br \/>Espa\u00f1a despenaliz\u00f3 la homosexualidad en 1979 y se convirti\u00f3 en el tercer pa\u00eds en legalizar el matrimonio entre personas del mismo sexo en 2005, tras Holanda y B\u00e9lgica. En 1995 se promulgaron amplias leyes contra la discriminaci\u00f3n, y la Ley Trans de 2023 simplific\u00f3 los procedimientos de reconocimiento de g\u00e9nero.<\/p><p>Espa\u00f1a acoge una de las mayores celebraciones del orgullo LGBTQ+ del mundo, que atrae a m\u00e1s de 1,5 millones de personas al a\u00f1o. Madrid, Barcelona y Gran Canaria cuentan con vibrantes comunidades LGBTQ+, y otros destinos populares son Ibiza y Sitges.<\/p>\t\t\t\t\t\t\t\t<\/div>\n\t\t\t\t<\/div>\n\t\t\t\t<div class=\"elementor-element elementor-element-8a7c166 elementor-position-top elementor-widget elementor-widget-image-box\" data-id=\"8a7c166\" data-element_type=\"widget\" data-widget_type=\"image-box.default\">\n\t\t\t\t<div class=\"elementor-widget-container\">\n\t\t\t\t\t<div class=\"elementor-image-box-wrapper\"><figure class=\"elementor-image-box-img\"><img loading=\"lazy\" decoding=\"async\" width=\"64\" height=\"44\" src=\"https:\/\/i0.wp.com\/relocations.io\/wp-content\/uploads\/2024\/08\/64px-LGBT_flag_map_of_Iceland.svg.png?fit=64%2C44&amp;ssl=1\" class=\"attachment-full size-full wp-image-8224\" alt=\"\" srcset=\"https:\/\/i0.wp.com\/relocations.io\/wp-content\/uploads\/2024\/08\/64px-LGBT_flag_map_of_Iceland.svg.png?w=64&amp;ssl=1 64w, https:\/\/i0.wp.com\/relocations.io\/wp-content\/uploads\/2024\/08\/64px-LGBT_flag_map_of_Iceland.svg.png?resize=18%2C12&amp;ssl=1 18w, https:\/\/i0.wp.com\/relocations.io\/wp-content\/uploads\/2024\/08\/64px-LGBT_flag_map_of_Iceland.svg.png?resize=50%2C34&amp;ssl=1 50w\" sizes=\"(max-width: 64px) 100vw, 64px\" \/><\/figure><div class=\"elementor-image-box-content\"><h3 class=\"elementor-image-box-title\">Islandia<\/h3><\/div><\/div>\t\t\t\t<\/div>\n\t\t\t\t<\/div>\n\t\t\t\t<div class=\"elementor-element elementor-element-47f3e3e elementor-widget elementor-widget-text-editor\" data-id=\"47f3e3e\" data-element_type=\"widget\" data-widget_type=\"text-editor.default\">\n\t\t\t\t<div class=\"elementor-widget-container\">\n\t\t\t\t\t\t\t\t\t<p>Islandia atrae a los expatriados por su elevada esperanza de vida, bajos \u00edndices de delincuencia, igualdad de g\u00e9nero y excelente sistema educativo. El pa\u00eds tambi\u00e9n ofrece paisajes impresionantes y una animada vida art\u00edstica y nocturna.<\/p><p><b>Derechos LGBTQ+ en Islandia<\/b><br \/>Islandia legaliz\u00f3 la homosexualidad en 1940 y aprob\u00f3 por unanimidad el matrimonio entre personas del mismo sexo en 2010. Entre 1996 y 2018, los legisladores promulgaron varias leyes contra la discriminaci\u00f3n y establecieron el reconocimiento de una tercera opci\u00f3n de g\u00e9nero.<\/p><p>A pesar de su escasa poblaci\u00f3n, Islandia celebra anualmente dos eventos del orgullo, siendo el de Reikiavik el m\u00e1s importante. En la ciudad, la escena LGBTQ+ prospera con personas LGBTQ+ que se mezclan libremente en diversos espacios sociales.<\/p>\t\t\t\t\t\t\t\t<\/div>\n\t\t\t\t<\/div>\n\t\t\t\t\t<\/div>\n\t\t<\/div>\n\t\t\t\t\t<\/div>\n\t\t<\/section>\n\t\t\t\t<section class=\"elementor-section elementor-top-section elementor-element elementor-element-139f2cfd elementor-section-boxed elementor-section-height-default elementor-section-height-default\" data-id=\"139f2cfd\" data-element_type=\"section\" data-settings=\"{&quot;background_background&quot;:&quot;classic&quot;,&quot;_ha_eqh_enable&quot;:false}\">\n\t\t\t\t\t\t<div class=\"elementor-container elementor-column-gap-no\">\n\t\t\t\t\t<div class=\"elementor-column elementor-col-100 elementor-top-column elementor-element elementor-element-78d4d285\" data-id=\"78d4d285\" data-element_type=\"column\">\n\t\t\t<div class=\"elementor-widget-wrap elementor-element-populated\">\n\t\t\t\t\t\t<section class=\"elementor-section elementor-inner-section elementor-element elementor-element-2672f4b elementor-section-boxed elementor-section-height-default elementor-section-height-default\" data-id=\"2672f4b\" data-element_type=\"section\" data-settings=\"{&quot;_ha_eqh_enable&quot;:false}\">\n\t\t\t\t\t\t<div class=\"elementor-container elementor-column-gap-default\">\n\t\t\t\t\t<div class=\"elementor-column elementor-col-100 elementor-inner-column elementor-element elementor-element-4870614b\" data-id=\"4870614b\" data-element_type=\"column\">\n\t\t\t<div class=\"elementor-widget-wrap elementor-element-populated\">\n\t\t\t\t\t\t<div class=\"elementor-element elementor-element-675fc354 elementor-widget elementor-widget-elementskit-heading\" data-id=\"675fc354\" data-element_type=\"widget\" data-widget_type=\"elementskit-heading.default\">\n\t\t\t\t<div class=\"elementor-widget-container\">\n\t\t\t\t\t<div class=\"ekit-wid-con\" ><div class=\"ekit-heading elementskit-section-title-wraper text_center   ekit_heading_tablet-   ekit_heading_mobile-\"><h2 class=\"ekit-heading--title elementskit-section-title\">C\u00f3mo es ser expatriado en Europa<\/h2><\/div><\/div>\t\t\t\t<\/div>\n\t\t\t\t<\/div>\n\t\t\t\t\t<\/div>\n\t\t<\/div>\n\t\t\t\t\t<\/div>\n\t\t<\/section>\n\t\t\t\t<section class=\"elementor-section elementor-inner-section elementor-element elementor-element-7c2c3bbe elementor-section-boxed elementor-section-height-default elementor-section-height-default\" data-id=\"7c2c3bbe\" data-element_type=\"section\" data-settings=\"{&quot;_ha_eqh_enable&quot;:false}\">\n\t\t\t\t\t\t<div class=\"elementor-container elementor-column-gap-extended\">\n\t\t\t\t\t<div class=\"elementor-column elementor-col-100 elementor-inner-column elementor-element elementor-element-230e930f\" data-id=\"230e930f\" data-element_type=\"column\">\n\t\t\t<div class=\"elementor-widget-wrap elementor-element-populated\">\n\t\t\t\t\t\t<div class=\"elementor-element elementor-element-6be37e66 ekit-equal-height-disable elementor-widget elementor-widget-elementskit-icon-box\" data-id=\"6be37e66\" data-element_type=\"widget\" data-widget_type=\"elementskit-icon-box.default\">\n\t\t\t\t<div class=\"elementor-widget-container\">\n\t\t\t\t\t<div class=\"ekit-wid-con\" >        <!-- link opening -->\n                <a href=\"#\" class=\"ekit_global_links\">\n                <!-- end link opening -->\n\n        <div class=\"elementskit-infobox text-left text-left icon-top-align elementor-animation-  gradient-active  hover_from_top\">\n                    <div class=\"elementskit-box-header elementor-animation-\">\n                <div class=\"elementskit-info-box-icon\">\n                    \n                <\/div>\n          <\/div>\n                        <div class=\"box-body\">\n                        \t\t  \t<p>Vivir como expatriado en Europa presenta un sinf\u00edn de oportunidades, tanto si busca empleo como si quiere emprender un negocio. El continente destaca por sus excelentes condiciones de trabajo, alta calidad de vida y excepcionales sistemas sanitarios.\nLa riqueza hist\u00f3rica y la diversidad cultural de Europa la convierten en un destino de primer orden tanto para turistas como para expatriados. El Acuerdo de Schengen facilita los desplazamientos por el continente, lo que permite una circulaci\u00f3n fluida entre pa\u00edses y mejora la experiencia de vida en Europa.\nEl continente tambi\u00e9n cuenta con una s\u00f3lida infraestructura de transporte p\u00fablico, que facilita la exploraci\u00f3n de sus ciudades y regiones. Con todas estas ventajas, no es de extra\u00f1ar que Europa atraiga cada a\u00f1o hasta 3 millones de extranjeros, deseosos de sumergirse en todo lo que el continente puede ofrecer.\nEn lo que respecta a la igualdad LGBTQ+, Europa est\u00e1 a la cabeza, con Malta, Islandia y B\u00e9lgica como los tres primeros pa\u00edses seg\u00fan ILGA-Europa. Europa Occidental, en particular, suele considerarse una de las regiones m\u00e1s progresistas del mundo para las personas LGBTQ+, ya que ofrece un entorno acogedor e integrador para personas de todas las profesiones y condiciones sociales.<\/p>\n                                <\/div>\n        \n        \n                <\/div>\n                <\/a>\n        <\/div>\t\t\t\t<\/div>\n\t\t\t\t<\/div>\n\t\t\t\t\t<\/div>\n\t\t<\/div>\n\t\t\t\t\t<\/div>\n\t\t<\/section>\n\t\t\t\t\t<\/div>\n\t\t<\/div>\n\t\t\t\t\t<\/div>\n\t\t<\/section>\n\t\t\t\t<section class=\"elementor-section elementor-top-section elementor-element elementor-element-cd9a388 elementor-section-boxed elementor-section-height-default elementor-section-height-default\" data-id=\"cd9a388\" data-element_type=\"section\" data-settings=\"{&quot;background_background&quot;:&quot;classic&quot;,&quot;_ha_eqh_enable&quot;:false}\">\n\t\t\t\t\t\t<div class=\"elementor-container elementor-column-gap-no\">\n\t\t\t\t\t<div class=\"elementor-column elementor-col-100 elementor-top-column elementor-element elementor-element-0717611\" data-id=\"0717611\" data-element_type=\"column\">\n\t\t\t<div class=\"elementor-widget-wrap elementor-element-populated\">\n\t\t\t\t\t\t<section class=\"elementor-section elementor-inner-section elementor-element elementor-element-75048a5 elementor-section-boxed elementor-section-height-default elementor-section-height-default\" data-id=\"75048a5\" data-element_type=\"section\" data-settings=\"{&quot;_ha_eqh_enable&quot;:false}\">\n\t\t\t\t\t\t<div class=\"elementor-container elementor-column-gap-default\">\n\t\t\t\t\t<div class=\"elementor-column elementor-col-100 elementor-inner-column elementor-element elementor-element-e19562c\" data-id=\"e19562c\" data-element_type=\"column\">\n\t\t\t<div class=\"elementor-widget-wrap elementor-element-populated\">\n\t\t\t\t\t\t<div class=\"elementor-element elementor-element-5f7b6c8 elementor-widget elementor-widget-elementskit-heading\" data-id=\"5f7b6c8\" data-element_type=\"widget\" data-widget_type=\"elementskit-heading.default\">\n\t\t\t\t<div class=\"elementor-widget-container\">\n\t\t\t\t\t<div class=\"ekit-wid-con\" ><div class=\"ekit-heading elementskit-section-title-wraper text_center   ekit_heading_tablet-   ekit_heading_mobile-\"><h2 class=\"ekit-heading--title elementskit-section-title\">Vivir en Europa: Un refugio seguro para los expatriados, especialmente LGBTQ+<\/h2><\/div><\/div>\t\t\t\t<\/div>\n\t\t\t\t<\/div>\n\t\t\t\t\t<\/div>\n\t\t<\/div>\n\t\t\t\t\t<\/div>\n\t\t<\/section>\n\t\t\t\t<section class=\"elementor-section elementor-inner-section elementor-element elementor-element-a374ee8 elementor-section-boxed elementor-section-height-default elementor-section-height-default\" data-id=\"a374ee8\" data-element_type=\"section\" data-settings=\"{&quot;_ha_eqh_enable&quot;:false}\">\n\t\t\t\t\t\t<div class=\"elementor-container elementor-column-gap-extended\">\n\t\t\t\t\t<div class=\"elementor-column elementor-col-100 elementor-inner-column elementor-element elementor-element-fe569dc\" data-id=\"fe569dc\" data-element_type=\"column\">\n\t\t\t<div class=\"elementor-widget-wrap elementor-element-populated\">\n\t\t\t\t\t\t<div class=\"elementor-element elementor-element-44c5ad5 ekit-equal-height-disable elementor-widget elementor-widget-elementskit-icon-box\" data-id=\"44c5ad5\" data-element_type=\"widget\" data-widget_type=\"elementskit-icon-box.default\">\n\t\t\t\t<div class=\"elementor-widget-container\">\n\t\t\t\t\t<div class=\"ekit-wid-con\" >        <!-- link opening -->\n                <a href=\"#\" class=\"ekit_global_links\">\n                <!-- end link opening -->\n\n        <div class=\"elementskit-infobox text-left text-left icon-top-align elementor-animation-  gradient-active  hover_from_top\">\n                    <div class=\"elementskit-box-header elementor-animation-\">\n                <div class=\"elementskit-info-box-icon\">\n                    \n                <\/div>\n          <\/div>\n                        <div class=\"box-body\">\n                        \t\t  \t<p>Europa destaca como destino atractivo para los expatriados, ya que ofrece numerosas ventajas que van desde una alta calidad de vida hasta unos servicios p\u00fablicos excepcionales. Sin embargo, una de las ventajas m\u00e1s significativas, sobre todo para la comunidad LGBTQ+, es la seguridad y la igualdad de derechos que ofrecen muchos pa\u00edses de la regi\u00f3n.<\/p>\n                                <\/div>\n        \n        \n                <\/div>\n                <\/a>\n        <\/div>\t\t\t\t<\/div>\n\t\t\t\t<\/div>\n\t\t\t\t\t<\/div>\n\t\t<\/div>\n\t\t\t\t\t<\/div>\n\t\t<\/section>\n\t\t\t\t\t<\/div>\n\t\t<\/div>\n\t\t\t\t\t<\/div>\n\t\t<\/section>\n\t\t\t\t<section class=\"elementor-section elementor-top-section elementor-element elementor-element-8c05974 elementor-section-boxed elementor-section-height-default elementor-section-height-default\" data-id=\"8c05974\" data-element_type=\"section\" data-settings=\"{&quot;background_background&quot;:&quot;classic&quot;,&quot;_ha_eqh_enable&quot;:false}\">\n\t\t\t\t\t\t<div class=\"elementor-container elementor-column-gap-no\">\n\t\t\t\t\t<div class=\"elementor-column elementor-col-100 elementor-top-column elementor-element elementor-element-d4d80d4\" data-id=\"d4d80d4\" data-element_type=\"column\">\n\t\t\t<div class=\"elementor-widget-wrap elementor-element-populated\">\n\t\t\t\t\t\t<section class=\"elementor-section elementor-inner-section elementor-element elementor-element-92d58a1 elementor-section-boxed elementor-section-height-default elementor-section-height-default\" data-id=\"92d58a1\" data-element_type=\"section\" data-settings=\"{&quot;_ha_eqh_enable&quot;:false}\">\n\t\t\t\t\t\t<div class=\"elementor-container elementor-column-gap-extended\">\n\t\t\t\t\t<div class=\"elementor-column elementor-col-50 elementor-inner-column elementor-element elementor-element-8a28919\" data-id=\"8a28919\" data-element_type=\"column\">\n\t\t\t<div class=\"elementor-widget-wrap elementor-element-populated\">\n\t\t\t\t\t\t<div class=\"elementor-element elementor-element-dc45b84 ekit-equal-height-disable elementor-widget elementor-widget-elementskit-icon-box\" data-id=\"dc45b84\" data-element_type=\"widget\" data-widget_type=\"elementskit-icon-box.default\">\n\t\t\t\t<div class=\"elementor-widget-container\">\n\t\t\t\t\t<div class=\"ekit-wid-con\" >        <!-- link opening -->\n                <a href=\"#\" class=\"ekit_global_links\">\n                <!-- end link opening -->\n\n        <div class=\"elementskit-infobox text-left text-left icon-top-align elementor-animation-  gradient-active  hover_from_top\">\n                    <div class=\"elementskit-box-header elementor-animation-\">\n                <div class=\"elementskit-info-box-icon\">\n                    \n                <\/div>\n          <\/div>\n                        <div class=\"box-body\">\n                        \t\t  \t<p>Seg\u00fan ILGA-Europa, la rama europea de la Asociaci\u00f3n Internacional de Lesbianas, Gays, Bisexuales, Trans e Intersexuales, Europa alberga algunos de los pa\u00edses m\u00e1s progresistas en materia de derechos LGBTQ+. El Mapa Arco Iris 2024 sit\u00faa a Malta a la cabeza con una impresionante puntuaci\u00f3n de 88 sobre 100, lo que demuestra su constante liderazgo en materia de igualdad LGBTQ+. Islandia le sigue de cerca con 83 puntos. Entre los pa\u00edses de la Uni\u00f3n Europea mejor clasificados se encuentran B\u00e9lgica, Luxemburgo, Espa\u00f1a, Dinamarca, Finlandia y Grecia, todos ellos por encima de los 70 puntos.\nEn el norte y oeste de Europa, los pa\u00edses establecen firmemente los derechos LGBTQ+. Por el contrario, Rusia, Azerbaiy\u00e1n y Turqu\u00eda se sit\u00faan en puestos bajos, y Polonia obtiene la puntuaci\u00f3n m\u00e1s baja de la UE tras una d\u00e9cada bajo el gobierno del PiS.\n<\/p>\n                                <\/div>\n        \n        \n                <\/div>\n                <\/a>\n        <\/div>\t\t\t\t<\/div>\n\t\t\t\t<\/div>\n\t\t\t\t\t<\/div>\n\t\t<\/div>\n\t\t\t\t<div class=\"elementor-column elementor-col-50 elementor-inner-column elementor-element elementor-element-f7d6ba3\" data-id=\"f7d6ba3\" data-element_type=\"column\">\n\t\t\t<div class=\"elementor-widget-wrap elementor-element-populated\">\n\t\t\t\t\t\t<div class=\"elementor-element elementor-element-496a0a5 elementor-widget elementor-widget-image\" data-id=\"496a0a5\" data-element_type=\"widget\" data-widget_type=\"image.default\">\n\t\t\t\t<div class=\"elementor-widget-container\">\n\t\t\t\t\t\t\t\t\t\t\t\t\t\t\t<img loading=\"lazy\" decoding=\"async\" width=\"1024\" height=\"690\" src=\"https:\/\/i0.wp.com\/relocations.io\/wp-content\/uploads\/2024\/08\/2024-rainbow-map-score-1.jpg?fit=1024%2C690&amp;ssl=1\" class=\"attachment-large size-large wp-image-8237\" alt=\"\" srcset=\"https:\/\/i0.wp.com\/relocations.io\/wp-content\/uploads\/2024\/08\/2024-rainbow-map-score-1.jpg?w=1920&amp;ssl=1 1920w, https:\/\/i0.wp.com\/relocations.io\/wp-content\/uploads\/2024\/08\/2024-rainbow-map-score-1.jpg?resize=300%2C202&amp;ssl=1 300w, https:\/\/i0.wp.com\/relocations.io\/wp-content\/uploads\/2024\/08\/2024-rainbow-map-score-1.jpg?resize=1024%2C690&amp;ssl=1 1024w, https:\/\/i0.wp.com\/relocations.io\/wp-content\/uploads\/2024\/08\/2024-rainbow-map-score-1.jpg?resize=768%2C517&amp;ssl=1 768w, https:\/\/i0.wp.com\/relocations.io\/wp-content\/uploads\/2024\/08\/2024-rainbow-map-score-1.jpg?resize=1536%2C1034&amp;ssl=1 1536w, https:\/\/i0.wp.com\/relocations.io\/wp-content\/uploads\/2024\/08\/2024-rainbow-map-score-1.jpg?resize=18%2C12&amp;ssl=1 18w, https:\/\/i0.wp.com\/relocations.io\/wp-content\/uploads\/2024\/08\/2024-rainbow-map-score-1.jpg?resize=50%2C34&amp;ssl=1 50w, https:\/\/i0.wp.com\/relocations.io\/wp-content\/uploads\/2024\/08\/2024-rainbow-map-score-1.jpg?resize=100%2C67&amp;ssl=1 100w\" sizes=\"(max-width: 1024px) 100vw, 1024px\" \/>\t\t\t\t\t\t\t\t\t\t\t\t\t\t\t<\/div>\n\t\t\t\t<\/div>\n\t\t\t\t\t<\/div>\n\t\t<\/div>\n\t\t\t\t\t<\/div>\n\t\t<\/section>\n\t\t\t\t\t<\/div>\n\t\t<\/div>\n\t\t\t\t\t<\/div>\n\t\t<\/section>\n\t\t<div class=\"elementor-element elementor-element-6bccb63 e-flex e-con-boxed e-con e-parent\" data-id=\"6bccb63\" data-element_type=\"container\" data-settings=\"{&quot;_ha_eqh_enable&quot;:false}\">\n\t\t\t\t\t<div class=\"e-con-inner\">\n\t\t\t\t<div class=\"elementor-element elementor-element-8310f4c elementor-widget elementor-widget-icon-box\" data-id=\"8310f4c\" data-element_type=\"widget\" data-widget_type=\"icon-box.default\">\n\t\t\t\t<div class=\"elementor-widget-container\">\n\t\t\t\t\t\t\t<div class=\"elementor-icon-box-wrapper\">\n\n\t\t\t\n\t\t\t\t\t\t<div class=\"elementor-icon-box-content\">\n\n\t\t\t\t\n\t\t\t\t\t\t\t\t\t<p class=\"elementor-icon-box-description\">\n\t\t\t\t\t\tVivir en Europa aporta muchas ventajas, pero la seguridad y la protecci\u00f3n ofrecidas a la comunidad LGBTQ+ destacan como una de las m\u00e1s cruciales. Todo el mundo merece vivir en un lugar donde tenga los mismos derechos y libertades, independientemente de su sexualidad, g\u00e9nero o expresi\u00f3n. Europa, especialmente en sus regiones septentrionales y occidentales, sigue liderando la creaci\u00f3n de entornos seguros e integradores para todos.\t\t\t\t\t<\/p>\n\t\t\t\t\n\t\t\t<\/div>\n\t\t\t\n\t\t<\/div>\n\t\t\t\t\t\t<\/div>\n\t\t\t\t<\/div>\n\t\t\t\t\t<\/div>\n\t\t\t\t<\/div>\n\t\t\t\t<\/div>","protected":false},"excerpt":{"rendered":"<p>The LGBTQ+ Movement in Europe Although same-sex relationships were quite common in ancient Greece, Rome, and pagan Celtic societies, severe laws against homosexual behavior emerged once Christianity became the official religion of the Roman Empire. European authorities deemed homosexual acts, referred to as sodomy, as capital crimes, leading them to execute thousands of gay men [&hellip;]<\/p>","protected":false},"author":2,"featured_media":8258,"comment_status":"closed","ping_status":"closed","sticky":false,"template":"elementor_header_footer","format":"standard","meta":{"_jetpack_memberships_contains_paid_content":false,"footnotes":""},"categories":[60],"tags":[103,145,143,144,70,142,71,69],"class_list":["post-8171","post","type-post","status-publish","format-standard","has-post-thumbnail","hentry","category-europe","tag-american-dream","tag-how-to-move-country","tag-lgbt","tag-lgbtq-community","tag-moving-to-europe","tag-relocate","tag-relocations","tag-relocations-io-blog"],"jetpack_featured_media_url":"https:\/\/i0.wp.com\/relocations.io\/wp-content\/uploads\/2024\/08\/lgbt-move.jpg?fit=1920%2C1080&ssl=1","jetpack-related-posts":[{"id":8610,"url":"https:\/\/relocations.io\/es\/guia-completa-para-el-traslado-de-animales-de-compania-a-europa\/","url_meta":{"origin":8171,"position":0},"title":"Gu\u00eda completa: Trasladar animales de compa\u00f1\u00eda a Europa","author":"Relocations.io","date":"agosto 19, 2024","format":false,"excerpt":"Your Comprehensive Guide to Moving Pets from North America to Europe. Transporting pets from North America to Europe involves careful planning, adherence to regulations, and ensuring the well-being of the pets throughout the journey. Whether you are relocating, participating in a breeding program, or transporting pets for other reasons, understanding\u2026","rel":"","context":"En \u00abCitizenship\u00bb","block_context":{"text":"Citizenship","link":"https:\/\/relocations.io\/es\/categoria\/europa-2\/ciudadania\/"},"img":{"alt_text":"","src":"https:\/\/i0.wp.com\/relocations.io\/wp-content\/uploads\/2024\/08\/NEW-Castelos-Portugal-.jpg?fit=1200%2C600&ssl=1&resize=350%2C200","width":350,"height":200,"srcset":"https:\/\/i0.wp.com\/relocations.io\/wp-content\/uploads\/2024\/08\/NEW-Castelos-Portugal-.jpg?fit=1200%2C600&ssl=1&resize=350%2C200 1x, https:\/\/i0.wp.com\/relocations.io\/wp-content\/uploads\/2024\/08\/NEW-Castelos-Portugal-.jpg?fit=1200%2C600&ssl=1&resize=525%2C300 1.5x, https:\/\/i0.wp.com\/relocations.io\/wp-content\/uploads\/2024\/08\/NEW-Castelos-Portugal-.jpg?fit=1200%2C600&ssl=1&resize=700%2C400 2x, https:\/\/i0.wp.com\/relocations.io\/wp-content\/uploads\/2024\/08\/NEW-Castelos-Portugal-.jpg?fit=1200%2C600&ssl=1&resize=1050%2C600 3x"},"classes":[]},{"id":8832,"url":"https:\/\/relocations.io\/es\/visado-portugues-para-solicitantes-de-empleo\/","url_meta":{"origin":8171,"position":1},"title":"Visado para buscar trabajo en Portugal: Su puerta de entrada para trabajar en Portugal","author":"Relocations.io","date":"agosto 16, 2024","format":false,"excerpt":"Discover how to navigate the Portugal Job Seeker Visa process, including eligibility, application steps, and key benefits. Learn how relocations.io can streamline your job search and relocation to Portugal, providing expert guidance on visa applications, document preparation, and local job markets. Get valuable insights on making a smooth transition to\u2026","rel":"","context":"En \u00abCitizenship\u00bb","block_context":{"text":"Citizenship","link":"https:\/\/relocations.io\/es\/categoria\/europa-2\/ciudadania\/"},"img":{"alt_text":"","src":"https:\/\/i0.wp.com\/relocations.io\/wp-content\/uploads\/2024\/08\/6-3.jpg?fit=1200%2C600&ssl=1&resize=350%2C200","width":350,"height":200,"srcset":"https:\/\/i0.wp.com\/relocations.io\/wp-content\/uploads\/2024\/08\/6-3.jpg?fit=1200%2C600&ssl=1&resize=350%2C200 1x, https:\/\/i0.wp.com\/relocations.io\/wp-content\/uploads\/2024\/08\/6-3.jpg?fit=1200%2C600&ssl=1&resize=525%2C300 1.5x, https:\/\/i0.wp.com\/relocations.io\/wp-content\/uploads\/2024\/08\/6-3.jpg?fit=1200%2C600&ssl=1&resize=700%2C400 2x, https:\/\/i0.wp.com\/relocations.io\/wp-content\/uploads\/2024\/08\/6-3.jpg?fit=1200%2C600&ssl=1&resize=1050%2C600 3x"},"classes":[]},{"id":7363,"url":"https:\/\/relocations.io\/es\/abrazar-europa-el-camino-racionalizado-hacia-un-nuevo-comienzo\/","url_meta":{"origin":8171,"position":2},"title":"Abrazar Europa: El camino hacia un nuevo comienzo","author":"Relocations.io","date":"octubre 1, 2022","format":false,"excerpt":"The Allure of Moving to Europe Moving to Europe has captivated people worldwide. With its rich history, diverse culture, and high quality of life, Europe offers countless benefits for a fresh start. While relocating to a new continent can seem daunting, careful planning and the right support can streamline the\u2026","rel":"","context":"En \u00abEurope\u00bb","block_context":{"text":"Europe","link":"https:\/\/relocations.io\/es\/categoria\/europa-2\/"},"img":{"alt_text":"","src":"https:\/\/i0.wp.com\/relocations.io\/wp-content\/uploads\/2024\/02\/embracing-europe2.png?fit=1200%2C675&ssl=1&resize=350%2C200","width":350,"height":200,"srcset":"https:\/\/i0.wp.com\/relocations.io\/wp-content\/uploads\/2024\/02\/embracing-europe2.png?fit=1200%2C675&ssl=1&resize=350%2C200 1x, https:\/\/i0.wp.com\/relocations.io\/wp-content\/uploads\/2024\/02\/embracing-europe2.png?fit=1200%2C675&ssl=1&resize=525%2C300 1.5x, https:\/\/i0.wp.com\/relocations.io\/wp-content\/uploads\/2024\/02\/embracing-europe2.png?fit=1200%2C675&ssl=1&resize=700%2C400 2x, https:\/\/i0.wp.com\/relocations.io\/wp-content\/uploads\/2024\/02\/embracing-europe2.png?fit=1200%2C675&ssl=1&resize=1050%2C600 3x"},"classes":[]},{"id":8107,"url":"https:\/\/relocations.io\/es\/portugal-2024-celebra-la-fiesta-nacional\/","url_meta":{"origin":8171,"position":3},"title":"Explorando las Fiestas Nacionales de Portugal 2024: Gu\u00eda de celebraciones culturales","author":"Relocations.io","date":"agosto 12, 2024","format":false,"excerpt":"Las fiestas nacionales de Portugal 2024 ofrecen una rica experiencia de su cultura, historia y tradiciones. Entre las principales fiestas destacan el A\u00f1o Nuevo, el Carnaval, el D\u00eda de la Libertad, el D\u00eda de Portugal y la Navidad. Cada festividad ofrece celebraciones \u00fanicas, desde desfiles y ceremonias religiosas hasta reuniones familiares y actos p\u00fablicos, que ofrecen una visi\u00f3n de la vida portuguesa.","rel":"","context":"En \u00abCultural Activities\u00bb","block_context":{"text":"Cultural Activities","link":"https:\/\/relocations.io\/es\/categoria\/europa-2\/actividades-culturales\/"},"img":{"alt_text":"","src":"https:\/\/i0.wp.com\/relocations.io\/wp-content\/uploads\/2024\/08\/18-1.jpg?fit=1200%2C675&ssl=1&resize=350%2C200","width":350,"height":200,"srcset":"https:\/\/i0.wp.com\/relocations.io\/wp-content\/uploads\/2024\/08\/18-1.jpg?fit=1200%2C675&ssl=1&resize=350%2C200 1x, https:\/\/i0.wp.com\/relocations.io\/wp-content\/uploads\/2024\/08\/18-1.jpg?fit=1200%2C675&ssl=1&resize=525%2C300 1.5x, https:\/\/i0.wp.com\/relocations.io\/wp-content\/uploads\/2024\/08\/18-1.jpg?fit=1200%2C675&ssl=1&resize=700%2C400 2x, https:\/\/i0.wp.com\/relocations.io\/wp-content\/uploads\/2024\/08\/18-1.jpg?fit=1200%2C675&ssl=1&resize=1050%2C600 3x"},"classes":[]},{"id":7380,"url":"https:\/\/relocations.io\/es\/celebra-el-ano-nuevo-explorando-las-tradiciones-europeas-de-ano-nuevo\/","url_meta":{"origin":8171,"position":4},"title":"Recibir el A\u00f1o Nuevo: Explorando las tradiciones europeas de A\u00f1o Nuevo","author":"Relocations.io","date":"enero 1, 2023","format":false,"excerpt":"Exploring European New Year\u2019s Traditions As the clock strikes midnight on December 31st, Europe bursts into vibrant New Year\u2019s Eve celebrations. The continent\u2019s traditions highlight its rich cultural diversity, making each celebration unique and memorable. Fireworks and Grand Displays In Europe, fireworks are a central feature of New Year's Eve.\u2026","rel":"","context":"En \u00abEurope\u00bb","block_context":{"text":"Europe","link":"https:\/\/relocations.io\/es\/categoria\/europa-2\/"},"img":{"alt_text":"","src":"https:\/\/i0.wp.com\/relocations.io\/wp-content\/uploads\/2023\/01\/New-Year.jpg?fit=1200%2C675&ssl=1&resize=350%2C200","width":350,"height":200,"srcset":"https:\/\/i0.wp.com\/relocations.io\/wp-content\/uploads\/2023\/01\/New-Year.jpg?fit=1200%2C675&ssl=1&resize=350%2C200 1x, https:\/\/i0.wp.com\/relocations.io\/wp-content\/uploads\/2023\/01\/New-Year.jpg?fit=1200%2C675&ssl=1&resize=525%2C300 1.5x, https:\/\/i0.wp.com\/relocations.io\/wp-content\/uploads\/2023\/01\/New-Year.jpg?fit=1200%2C675&ssl=1&resize=700%2C400 2x, https:\/\/i0.wp.com\/relocations.io\/wp-content\/uploads\/2023\/01\/New-Year.jpg?fit=1200%2C675&ssl=1&resize=1050%2C600 3x"},"classes":[]},{"id":7368,"url":"https:\/\/relocations.io\/es\/accion-de-gracias-en-europa\/","url_meta":{"origin":8171,"position":5},"title":"Acci\u00f3n de Gracias en Europa","author":"Relocations.io","date":"noviembre 1, 2022","format":false,"excerpt":"A pesar de sus ra\u00edces hist\u00f3ricas, Acci\u00f3n de Gracias no se ha adoptado como fiesta generalizada en Europa.","rel":"","context":"En \u00abEurope\u00bb","block_context":{"text":"Europe","link":"https:\/\/relocations.io\/es\/categoria\/europa-2\/"},"img":{"alt_text":"","src":"https:\/\/i0.wp.com\/relocations.io\/wp-content\/uploads\/2022\/11\/21.jpg?fit=1200%2C675&ssl=1&resize=350%2C200","width":350,"height":200,"srcset":"https:\/\/i0.wp.com\/relocations.io\/wp-content\/uploads\/2022\/11\/21.jpg?fit=1200%2C675&ssl=1&resize=350%2C200 1x, https:\/\/i0.wp.com\/relocations.io\/wp-content\/uploads\/2022\/11\/21.jpg?fit=1200%2C675&ssl=1&resize=525%2C300 1.5x, https:\/\/i0.wp.com\/relocations.io\/wp-content\/uploads\/2022\/11\/21.jpg?fit=1200%2C675&ssl=1&resize=700%2C400 2x, https:\/\/i0.wp.com\/relocations.io\/wp-content\/uploads\/2022\/11\/21.jpg?fit=1200%2C675&ssl=1&resize=1050%2C600 3x"},"classes":[]}],"jetpack_sharing_enabled":true,"_links":{"self":[{"href":"https:\/\/relocations.io\/es\/wp-json\/wp\/v2\/posts\/8171","targetHints":{"allow":["GET"]}}],"collection":[{"href":"https:\/\/relocations.io\/es\/wp-json\/wp\/v2\/posts"}],"about":[{"href":"https:\/\/relocations.io\/es\/wp-json\/wp\/v2\/types\/post"}],"author":[{"embeddable":true,"href":"https:\/\/relocations.io\/es\/wp-json\/wp\/v2\/users\/2"}],"replies":[{"embeddable":true,"href":"https:\/\/relocations.io\/es\/wp-json\/wp\/v2\/comments?post=8171"}],"version-history":[{"count":0,"href":"https:\/\/relocations.io\/es\/wp-json\/wp\/v2\/posts\/8171\/revisions"}],"wp:featuredmedia":[{"embeddable":true,"href":"https:\/\/relocations.io\/es\/wp-json\/wp\/v2\/media\/8258"}],"wp:attachment":[{"href":"https:\/\/relocations.io\/es\/wp-json\/wp\/v2\/media?parent=8171"}],"wp:term":[{"taxonomy":"category","embeddable":true,"href":"https:\/\/relocations.io\/es\/wp-json\/wp\/v2\/categories?post=8171"},{"taxonomy":"post_tag","embeddable":true,"href":"https:\/\/relocations.io\/es\/wp-json\/wp\/v2\/tags?post=8171"}],"curies":[{"name":"wp","href":"https:\/\/api.w.org\/{rel}","templated":true}]}}