{"id":7532,"date":"2024-08-04T10:00:00","date_gmt":"2024-08-04T09:00:00","guid":{"rendered":"https:\/\/relocations.io\/?p=7532"},"modified":"2024-09-06T11:19:01","modified_gmt":"2024-09-06T10:19:01","slug":"saborear-lisboa-un-viaje-culinario","status":"publish","type":"post","link":"https:\/\/relocations.io\/es\/saborear-lisboa-un-viaje-culinario\/","title":{"rendered":"Saboreando Lisboa: Un viaje culinario por la vibrante capital de Portugal"},"content":{"rendered":"<div data-elementor-type=\"wp-post\" data-elementor-id=\"7532\" class=\"elementor elementor-7532\" data-elementor-settings=\"{&quot;ha_cmc_init_switcher&quot;:&quot;no&quot;}\" data-elementor-post-type=\"post\">\n\t\t\t\t<div class=\"elementor-element elementor-element-775b0ff9 e-flex e-con-boxed e-con e-parent\" data-id=\"775b0ff9\" data-element_type=\"container\" data-settings=\"{&quot;_ha_eqh_enable&quot;:false}\">\n\t\t\t\t\t<div class=\"e-con-inner\">\n\t\t\t\t<div class=\"elementor-element elementor-element-5093fcf2 elementor-widget elementor-widget-text-editor\" data-id=\"5093fcf2\" data-element_type=\"widget\" data-widget_type=\"text-editor.default\">\n\t\t\t\t<div class=\"elementor-widget-container\">\n\t\t\t\t\t\t\t\t\t\n<p>Lisboa, la soleada capital de Portugal, cautiva con sus pintorescas calles y sus amplias vistas. M\u00e1s all\u00e1 de su belleza esc\u00e9nica, la ciudad presume de una vibrante escena gastron\u00f3mica, que ofrece una amplia gama de opciones para comer, desde marisco fresco hasta irresistibles pasteles. Tanto si es un entusiasta de la gastronom\u00eda como si s\u00f3lo desea degustar los sabores locales, los mejores sitios para comer en Lisboa prometen deleitar su paladar. Emb\u00e1rquese en una aventura culinaria y descubra por qu\u00e9 Lisboa es considerada una joya gastron\u00f3mica.<\/p>\n<hr class=\"wp-block-separator has-alpha-channel-opacity is-style-wide\" \/><div class=\"wp-block-image\">\n<figure class=\"aligncenter size-large is-resized\"><br \/><br \/><img fetchpriority=\"high\" decoding=\"async\" data-recalc-dims=\"1\" height=\"576\" width=\"1024\" class=\"wp-image-8035\" style=\"width: 692px; height: auto;\" src=\"https:\/\/i0.wp.com\/relocations.io\/wp-content\/uploads\/2023\/08\/13.jpg?resize=1024%2C576&#038;ssl=1\" alt=\"\" srcset=\"https:\/\/i0.wp.com\/relocations.io\/wp-content\/uploads\/2023\/08\/13.jpg?w=2240&amp;ssl=1 2240w, https:\/\/i0.wp.com\/relocations.io\/wp-content\/uploads\/2023\/08\/13.jpg?resize=300%2C169&amp;ssl=1 300w, https:\/\/i0.wp.com\/relocations.io\/wp-content\/uploads\/2023\/08\/13.jpg?resize=1024%2C576&amp;ssl=1 1024w, https:\/\/i0.wp.com\/relocations.io\/wp-content\/uploads\/2023\/08\/13.jpg?resize=768%2C432&amp;ssl=1 768w, https:\/\/i0.wp.com\/relocations.io\/wp-content\/uploads\/2023\/08\/13.jpg?resize=1536%2C864&amp;ssl=1 1536w, https:\/\/i0.wp.com\/relocations.io\/wp-content\/uploads\/2023\/08\/13.jpg?resize=18%2C10&amp;ssl=1 18w, https:\/\/i0.wp.com\/relocations.io\/wp-content\/uploads\/2023\/08\/13.jpg?resize=1170%2C658&amp;ssl=1 1170w, https:\/\/i0.wp.com\/relocations.io\/wp-content\/uploads\/2023\/08\/13.jpg?resize=1920%2C1080&amp;ssl=1 1920w, https:\/\/i0.wp.com\/relocations.io\/wp-content\/uploads\/2023\/08\/13.jpg?resize=50%2C28&amp;ssl=1 50w, https:\/\/i0.wp.com\/relocations.io\/wp-content\/uploads\/2023\/08\/13.jpg?resize=100%2C56&amp;ssl=1 100w, https:\/\/i0.wp.com\/relocations.io\/wp-content\/uploads\/2023\/08\/13.jpg?w=2160&amp;ssl=1 2160w\" sizes=\"(max-width: 1024px) 100vw, 1024px\" \/><\/figure>\n<\/div>\n<h4 id=\"h-explore-lisbon-top-spots-for-gastronomic-delights\" class=\"wp-block-heading has-text-align-center\"><strong>Explorar Lisboa: Gastronom\u00eda en Lisboa<br \/><br \/><\/strong><\/h4>\n\n<div class=\"wp-block-media-text is-stacked-on-mobile\">\n<figure class=\"wp-block-media-text__media\"><img decoding=\"async\" data-recalc-dims=\"1\" height=\"683\" width=\"1024\" class=\"wp-image-8022 size-full\" src=\"https:\/\/i0.wp.com\/relocations.io\/wp-content\/uploads\/2023\/08\/ILC-blog-On-the-Menu-Cervejaria-Ramiro-Lisbon-Portugal.jpg?resize=1024%2C683&#038;ssl=1\" alt=\"\" srcset=\"https:\/\/i0.wp.com\/relocations.io\/wp-content\/uploads\/2023\/08\/ILC-blog-On-the-Menu-Cervejaria-Ramiro-Lisbon-Portugal.jpg?w=1200&amp;ssl=1 1200w, https:\/\/i0.wp.com\/relocations.io\/wp-content\/uploads\/2023\/08\/ILC-blog-On-the-Menu-Cervejaria-Ramiro-Lisbon-Portugal.jpg?resize=300%2C200&amp;ssl=1 300w, https:\/\/i0.wp.com\/relocations.io\/wp-content\/uploads\/2023\/08\/ILC-blog-On-the-Menu-Cervejaria-Ramiro-Lisbon-Portugal.jpg?resize=1024%2C683&amp;ssl=1 1024w, https:\/\/i0.wp.com\/relocations.io\/wp-content\/uploads\/2023\/08\/ILC-blog-On-the-Menu-Cervejaria-Ramiro-Lisbon-Portugal.jpg?resize=768%2C512&amp;ssl=1 768w, https:\/\/i0.wp.com\/relocations.io\/wp-content\/uploads\/2023\/08\/ILC-blog-On-the-Menu-Cervejaria-Ramiro-Lisbon-Portugal.jpg?resize=18%2C12&amp;ssl=1 18w, https:\/\/i0.wp.com\/relocations.io\/wp-content\/uploads\/2023\/08\/ILC-blog-On-the-Menu-Cervejaria-Ramiro-Lisbon-Portugal.jpg?resize=50%2C33&amp;ssl=1 50w, https:\/\/i0.wp.com\/relocations.io\/wp-content\/uploads\/2023\/08\/ILC-blog-On-the-Menu-Cervejaria-Ramiro-Lisbon-Portugal.jpg?resize=100%2C67&amp;ssl=1 100w\" sizes=\"(max-width: 1024px) 100vw, 1024px\" \/><\/figure>\n<div class=\"wp-block-media-text__content\">\n<p><a href=\"http:\/\/www.cervejariaramiro.com\/\" target=\"_blank\" rel=\"noreferrer noopener\"><strong>Cl\u00e1sicos intemporales en Cervejaria Ramiro:<\/strong><\/a> Situada en el animado barrio de Intendente, la Cervejaria Ramiro es uno de los mejores restaurantes de marisco. Es famoso por sus gambas y cangrejos frescos y jugosos. El ambiente es animado y acogedor. Disfrute de una langosta decadente y marisco preparado por expertos. Cervejaria Ramiro es una visita obligada para los amantes del aut\u00e9ntico sabor lisboeta.<\/p>\n<\/div>\n<\/div>\n\n<div class=\"wp-block-media-text has-media-on-the-right is-stacked-on-mobile\">\n<div class=\"wp-block-media-text__content\">\n<p><strong>Sabor a tradici\u00f3n en <a href=\"https:\/\/taberneiros.pt\">Taberna da Rua das Flores<\/a>:\u00a0<\/strong>Situada en el hist\u00f3rico barrio de Chiado, la Taberna da Rua das Flores fusiona el encanto del viejo mundo con la elegancia moderna. Este acogedor restaurante sirve <a href=\"https:\/\/relocations.io\/your-guide-to-visa-requirements-and-citizenship-in-portugal-navigating-your-path-to-a-new-life\/\" data-wpil-monitor-id=\"39\">tradicional<\/a> Cocina portuguesa con un toque contempor\u00e1neo. Disfrute de especialidades como el bacalhau \u00e0 br\u00e1s (bacalao salado con huevos revueltos y patatas) y una variedad de petiscos (tapas portuguesas). Acompa\u00f1e su comida con una selecci\u00f3n de excelentes vinos portugueses. Experimente una deliciosa fusi\u00f3n de <a href=\"https:\/\/relocations.io\/from-brazil-to-europe-a-cultural-odyssey-of-relocation\/\" data-wpil-monitor-id=\"94\">tradici\u00f3n<\/a> e innovaci\u00f3n en este destino gastron\u00f3mico esencial.<\/p>\n<\/div>\n<figure class=\"wp-block-media-text__media\"><img decoding=\"async\" width=\"660\" height=\"440\" data-recalc-dims=\"1\" class=\"wp-image-8023 size-full\" src=\"https:\/\/i0.wp.com\/relocations.io\/wp-content\/uploads\/2023\/08\/Taberna-1_55_660x440.jpg.webp?w=1080&#038;ssl=1\" alt=\"\" srcset=\"https:\/\/i0.wp.com\/relocations.io\/wp-content\/uploads\/2023\/08\/Taberna-1_55_660x440.jpg.webp?w=660&amp;ssl=1 660w, https:\/\/i0.wp.com\/relocations.io\/wp-content\/uploads\/2023\/08\/Taberna-1_55_660x440.jpg.webp?resize=300%2C200&amp;ssl=1 300w, https:\/\/i0.wp.com\/relocations.io\/wp-content\/uploads\/2023\/08\/Taberna-1_55_660x440.jpg.webp?resize=18%2C12&amp;ssl=1 18w, https:\/\/i0.wp.com\/relocations.io\/wp-content\/uploads\/2023\/08\/Taberna-1_55_660x440.jpg.webp?resize=50%2C33&amp;ssl=1 50w, https:\/\/i0.wp.com\/relocations.io\/wp-content\/uploads\/2023\/08\/Taberna-1_55_660x440.jpg.webp?resize=100%2C67&amp;ssl=1 100w\" sizes=\"(max-width: 660px) 100vw, 660px\" \/><\/figure>\n<\/div>\n\n<div class=\"wp-block-media-text is-stacked-on-mobile\">\n<figure class=\"wp-block-media-text__media\"><img loading=\"lazy\" decoding=\"async\" data-recalc-dims=\"1\" height=\"576\" width=\"1024\" class=\"wp-image-8024 size-full\" src=\"https:\/\/i0.wp.com\/relocations.io\/wp-content\/uploads\/2023\/08\/naom_5f281e47a5bf1.jpg?resize=1024%2C576&#038;ssl=1\" alt=\"\" srcset=\"https:\/\/i0.wp.com\/relocations.io\/wp-content\/uploads\/2023\/08\/naom_5f281e47a5bf1.jpg?w=1280&amp;ssl=1 1280w, https:\/\/i0.wp.com\/relocations.io\/wp-content\/uploads\/2023\/08\/naom_5f281e47a5bf1.jpg?resize=300%2C169&amp;ssl=1 300w, https:\/\/i0.wp.com\/relocations.io\/wp-content\/uploads\/2023\/08\/naom_5f281e47a5bf1.jpg?resize=1024%2C576&amp;ssl=1 1024w, https:\/\/i0.wp.com\/relocations.io\/wp-content\/uploads\/2023\/08\/naom_5f281e47a5bf1.jpg?resize=768%2C432&amp;ssl=1 768w, https:\/\/i0.wp.com\/relocations.io\/wp-content\/uploads\/2023\/08\/naom_5f281e47a5bf1.jpg?resize=18%2C10&amp;ssl=1 18w, https:\/\/i0.wp.com\/relocations.io\/wp-content\/uploads\/2023\/08\/naom_5f281e47a5bf1.jpg?resize=1170%2C658&amp;ssl=1 1170w, https:\/\/i0.wp.com\/relocations.io\/wp-content\/uploads\/2023\/08\/naom_5f281e47a5bf1.jpg?resize=50%2C28&amp;ssl=1 50w, https:\/\/i0.wp.com\/relocations.io\/wp-content\/uploads\/2023\/08\/naom_5f281e47a5bf1.jpg?resize=100%2C56&amp;ssl=1 100w\" sizes=\"(max-width: 1024px) 100vw, 1024px\" \/><\/figure>\n<div class=\"wp-block-media-text__content\">\n<p><strong>Sabores ex\u00f3ticos en <a href=\"https:\/\/cantinhodoavillez.pt\/pt\/\">Cantinho do Avillez<\/a>:<\/strong>\u00a0Dirigido por el renombrado chef Jos\u00e9 Avillez, Cantinho do Avillez destaca en el vibrante barrio de Chiado. Esta joya culinaria fusiona <a href=\"https:\/\/relocations.io\/exploring-the-enchantment-vigos-delightful-christmas-market\/\" data-wpil-monitor-id=\"123\">tradicional<\/a> Sabores portugueses con influencias globales, que ofrecen platos inventivos como ensalada de pulpo con aguacate y cilantro, y cochinillo confitado con naranja y romero. Disfrute de una experiencia gastron\u00f3mica en la que la innovaci\u00f3n se une a la tradici\u00f3n y saboree el arte de uno de los mejores chefs del mundo. <a href=\"https:\/\/relocations.io\/portugal-top-beaches-your-ultimate-guide\/\" data-wpil-monitor-id=\"51\">Portugal<\/a> cocineros.<\/p>\n<\/div>\n<\/div>\n\n<div class=\"wp-block-media-text has-media-on-the-right is-stacked-on-mobile\">\n<div class=\"wp-block-media-text__content\">\n<div class=\"wp-block-group is-nowrap is-layout-flex wp-container-core-group-is-layout-ad2f72ca wp-block-group-is-layout-flex\">\n<p><a href=\"https:\/\/www.google.com\/url?sa=t&amp;rct=j&amp;q=&amp;esrc=s&amp;source=web&amp;cd=&amp;cad=rja&amp;uact=8&amp;ved=2ahUKEwiMxdLez8GEAxV0if0HHcMBCxEQFnoECA8QAQ&amp;url=https%3A%2F%2Fmanteigaria.com%2F&amp;usg=AOvVaw1ffWaZNJvdtKGYCfWdyPpz&amp;opi=89978449\" target=\"_blank\" rel=\"noreferrer noopener\"><strong>Perfecci\u00f3n de Pastel de Nata en Manteigaria:<\/strong><\/a> Ning\u00fan viaje a Lisboa est\u00e1 completo sin degustar el pastel de nata, icono de Portugal. Dir\u00edjase a Manteigaria, situado en el hist\u00f3rico barrio de Baixa, para probar este dulce manjar. Manteigaria hornea sus past\u00e9is de nata frescos, los sirve calientes y espolvoreados con canela.<\/p>\n<\/div>\n<\/div>\n<figure class=\"wp-block-media-text__media\"><img loading=\"lazy\" decoding=\"async\" data-recalc-dims=\"1\" height=\"576\" width=\"1024\" class=\"wp-image-8025 size-full\" src=\"https:\/\/i0.wp.com\/relocations.io\/wp-content\/uploads\/2023\/08\/14.jpg?resize=1024%2C576&#038;ssl=1\" alt=\"\" srcset=\"https:\/\/i0.wp.com\/relocations.io\/wp-content\/uploads\/2023\/08\/14.jpg?w=2240&amp;ssl=1 2240w, https:\/\/i0.wp.com\/relocations.io\/wp-content\/uploads\/2023\/08\/14.jpg?resize=300%2C169&amp;ssl=1 300w, https:\/\/i0.wp.com\/relocations.io\/wp-content\/uploads\/2023\/08\/14.jpg?resize=1024%2C576&amp;ssl=1 1024w, https:\/\/i0.wp.com\/relocations.io\/wp-content\/uploads\/2023\/08\/14.jpg?resize=768%2C432&amp;ssl=1 768w, https:\/\/i0.wp.com\/relocations.io\/wp-content\/uploads\/2023\/08\/14.jpg?resize=1536%2C864&amp;ssl=1 1536w, https:\/\/i0.wp.com\/relocations.io\/wp-content\/uploads\/2023\/08\/14.jpg?resize=18%2C10&amp;ssl=1 18w, https:\/\/i0.wp.com\/relocations.io\/wp-content\/uploads\/2023\/08\/14.jpg?resize=1170%2C658&amp;ssl=1 1170w, https:\/\/i0.wp.com\/relocations.io\/wp-content\/uploads\/2023\/08\/14.jpg?resize=1920%2C1080&amp;ssl=1 1920w, https:\/\/i0.wp.com\/relocations.io\/wp-content\/uploads\/2023\/08\/14.jpg?resize=50%2C28&amp;ssl=1 50w, https:\/\/i0.wp.com\/relocations.io\/wp-content\/uploads\/2023\/08\/14.jpg?resize=100%2C56&amp;ssl=1 100w, https:\/\/i0.wp.com\/relocations.io\/wp-content\/uploads\/2023\/08\/14.jpg?w=2160&amp;ssl=1 2160w\" sizes=\"(max-width: 1024px) 100vw, 1024px\" \/><\/figure>\n<\/div>\n\n<div class=\"wp-block-media-text is-stacked-on-mobile\">\n<figure class=\"wp-block-media-text__media\"><img loading=\"lazy\" decoding=\"async\" width=\"720\" height=\"328\" data-recalc-dims=\"1\" class=\"wp-image-8026 size-full\" src=\"https:\/\/i0.wp.com\/relocations.io\/wp-content\/uploads\/2023\/08\/Park-Restaurante-Bar-Lisbon-1.jpg.webp?w=1080&#038;ssl=1\" alt=\"\" srcset=\"https:\/\/i0.wp.com\/relocations.io\/wp-content\/uploads\/2023\/08\/Park-Restaurante-Bar-Lisbon-1.jpg.webp?w=720&amp;ssl=1 720w, https:\/\/i0.wp.com\/relocations.io\/wp-content\/uploads\/2023\/08\/Park-Restaurante-Bar-Lisbon-1.jpg.webp?resize=300%2C137&amp;ssl=1 300w, https:\/\/i0.wp.com\/relocations.io\/wp-content\/uploads\/2023\/08\/Park-Restaurante-Bar-Lisbon-1.jpg.webp?resize=18%2C8&amp;ssl=1 18w, https:\/\/i0.wp.com\/relocations.io\/wp-content\/uploads\/2023\/08\/Park-Restaurante-Bar-Lisbon-1.jpg.webp?resize=50%2C23&amp;ssl=1 50w, https:\/\/i0.wp.com\/relocations.io\/wp-content\/uploads\/2023\/08\/Park-Restaurante-Bar-Lisbon-1.jpg.webp?resize=100%2C46&amp;ssl=1 100w\" sizes=\"(max-width: 720px) 100vw, 720px\" \/><\/figure>\n<div class=\"wp-block-media-text__content\">\n<div class=\"wp-block-group is-nowrap is-layout-flex wp-container-core-group-is-layout-ad2f72ca wp-block-group-is-layout-flex\">\n<p id=\"h-sunset-dining-at-park-bar-for-a-dining-experience-that-pairs-stunning-views-with-delectable-offerings-head-to-park-bar-located-on-a-rooftop-in-bairro-alto-this-bar-offers-breathtaking-panoramic-vistas-of-lisbon-s-skyline-and-the-tagus-river-sip-on-a-refreshing-cocktail-and-enjoy-a-selection-of-light-bites-and-snacks-here-ambiance-and-flavor-come-together-perfectly-making-it-a-must-visit-spot-for-both-sights-and-bites\" class=\"wp-block-heading\"><a href=\"https:\/\/g.co\/kgs\/VPUmzP2\"><strong>Cena al atardecer en el Park Bar<\/strong>:<\/a> Si desea disfrutar de una experiencia gastron\u00f3mica que combine unas vistas impresionantes con platos deliciosos, dir\u00edjase al Park Bar. Situado en una azotea del Bairro Alto, este bar ofrece impresionantes vistas panor\u00e1micas del perfil de Lisboa y del r\u00edo Tajo. Saboree un refrescante c\u00f3ctel y disfrute de una selecci\u00f3n de aperitivos y tentempi\u00e9s. Aqu\u00ed, el ambiente y el sabor se combinan a la perfecci\u00f3n, lo que lo convierte en un lugar de visita obligada tanto para disfrutar de las vistas como de los bocados.<\/p>\n<\/div>\n<\/div>\n<\/div>\n\n<div class=\"wp-block-media-text has-media-on-the-right is-stacked-on-mobile\">\n<div class=\"wp-block-media-text__content\">\n<div class=\"wp-block-group is-nowrap is-layout-flex wp-container-core-group-is-layout-ad2f72ca wp-block-group-is-layout-flex\">\n<p><strong><a href=\"https:\/\/g.co\/kgs\/wfXmVnJ\">Comida fusi\u00f3n en Pharmacia<\/a><\/strong>: Ubicado en una antigua farmacia del Bairro Alto, Pharmacia ofrece una experiencia gastron\u00f3mica que fusiona la gastronom\u00eda con la nostalgia. El ingenioso men\u00fa del restaurante reinventa los platos tradicionales portugueses con un toque moderno. Disfrute del marisco fresco de la zona, las suculentas carnes y los postres creativos. La caprichosa decoraci\u00f3n, con recuerdos farmac\u00e9uticos vintage, mejora la experiencia gastron\u00f3mica, haciendo que cada visita sea memorable y atractiva.<\/p>\n<\/div>\n<\/div>\n<figure class=\"wp-block-media-text__media\"><img loading=\"lazy\" decoding=\"async\" width=\"600\" height=\"310\" class=\"wp-image-8028 size-full\" src=\"https:\/\/relocations.io\/wp-content\/uploads\/2023\/08\/5fc58b9f-1661-42d8-920e-a3ae91d2bf23.avif\" alt=\"\" srcset=\"https:\/\/relocations.io\/wp-content\/uploads\/2023\/08\/5fc58b9f-1661-42d8-920e-a3ae91d2bf23.avif 600w, https:\/\/relocations.io\/wp-content\/uploads\/2023\/08\/5fc58b9f-1661-42d8-920e-a3ae91d2bf23-300x155.avif 300w, https:\/\/relocations.io\/wp-content\/uploads\/2023\/08\/5fc58b9f-1661-42d8-920e-a3ae91d2bf23-18x9.avif 18w, https:\/\/relocations.io\/wp-content\/uploads\/2023\/08\/5fc58b9f-1661-42d8-920e-a3ae91d2bf23-50x26.avif 50w, https:\/\/relocations.io\/wp-content\/uploads\/2023\/08\/5fc58b9f-1661-42d8-920e-a3ae91d2bf23-100x52.avif 100w\" sizes=\"(max-width: 600px) 100vw, 600px\" \/><\/figure>\n<\/div>\n\n<div class=\"wp-block-media-text is-stacked-on-mobile\">\n<figure class=\"wp-block-media-text__media\"><img loading=\"lazy\" decoding=\"async\" data-recalc-dims=\"1\" height=\"573\" width=\"1024\" class=\"wp-image-8029 size-full\" src=\"https:\/\/i0.wp.com\/relocations.io\/wp-content\/uploads\/2023\/08\/tasca-da-esquina-1024x573.jpg?resize=1024%2C573&#038;ssl=1\" alt=\"\" srcset=\"https:\/\/i0.wp.com\/relocations.io\/wp-content\/uploads\/2023\/08\/tasca-da-esquina.jpg?resize=1024%2C573&amp;ssl=1 1024w, https:\/\/i0.wp.com\/relocations.io\/wp-content\/uploads\/2023\/08\/tasca-da-esquina.jpg?resize=300%2C168&amp;ssl=1 300w, https:\/\/i0.wp.com\/relocations.io\/wp-content\/uploads\/2023\/08\/tasca-da-esquina.jpg?resize=768%2C430&amp;ssl=1 768w, https:\/\/i0.wp.com\/relocations.io\/wp-content\/uploads\/2023\/08\/tasca-da-esquina.jpg?resize=18%2C10&amp;ssl=1 18w, https:\/\/i0.wp.com\/relocations.io\/wp-content\/uploads\/2023\/08\/tasca-da-esquina.jpg?resize=50%2C28&amp;ssl=1 50w, https:\/\/i0.wp.com\/relocations.io\/wp-content\/uploads\/2023\/08\/tasca-da-esquina.jpg?resize=100%2C56&amp;ssl=1 100w, https:\/\/i0.wp.com\/relocations.io\/wp-content\/uploads\/2023\/08\/tasca-da-esquina.jpg?w=1301&amp;ssl=1 1301w\" sizes=\"(max-width: 1024px) 100vw, 1024px\" \/><\/figure>\n<div class=\"wp-block-media-text__content\">\n<p><strong>Sabores aut\u00e9nticos en <a href=\"https:\/\/tascadaesquina.com\/pt-pt\/\">Tasca da Esquina<\/a>:<\/strong> La Tasca da Esquina, situada en Campo de Ourique, ofrece un ambiente acogedor y una versi\u00f3n moderna de los cl\u00e1sicos portugueses. Disfrute del pulpo a la parrilla con boniato y cilantro o de las carrilleras de cerdo a fuego lento con pur\u00e9 de casta\u00f1as. En cada plato se utilizan ingredientes frescos y locales, que combinan sabores tradicionales con un toque contempor\u00e1neo.<br \/><br \/><\/p>\n<\/div>\n<\/div>\n\n<h5 id=\"h-lisbon-s-culinary-scene-offers-an-impressive-range-of-dining-experiences-from-classic-taverns-to-stylish-rooftop-bars-whether-you-seek-fresh-seafood-decadent-pastries-or-cutting-edge-fusion-dishes-portugal-s-capital-delivers-on-all-fronts-prepare-to-dive-into-lisbon-s-vibrant-food-culture-and-satisfy-your-cravings-on-your-next-culinary-journey\" class=\"wp-block-heading\"><br \/><br \/><br \/>La escena culinaria de Lisboa ofrece una impresionante variedad de experiencias gastron\u00f3micas, desde tabernas cl\u00e1sicas hasta elegantes bares en azoteas. Tanto si busca marisco fresco, pasteles decadentes o platos de fusi\u00f3n de vanguardia, la capital de Portugal cumple en todos los frentes. Prep\u00e1rese para sumergirse en la vibrante cultura gastron\u00f3mica de Lisboa y satisfacer sus antojos en su pr\u00f3ximo viaje culinario.<\/h5>\n\t\t\t\t\t\t\t\t<\/div>\n\t\t\t\t<\/div>\n\t\t\t\t\t<\/div>\n\t\t\t\t<\/div>\n\t\t\t\t<\/div>","protected":false},"excerpt":{"rendered":"<p>Lisbon, Portugal&#8217;s sun-drenched capital, enchants with its picturesque streets and sweeping views. Beyond its scenic beauty, the city boasts a vibrant food scene, offering a range of dining options from fresh seafood to irresistible pastries. Whether you&#8217;re a gourmet enthusiast or just eager to savor local flavors, Lisbon\u2019s top dining spots promise to delight your [&hellip;]<\/p>","protected":false},"author":2,"featured_media":8744,"comment_status":"closed","ping_status":"closed","sticky":false,"template":"","format":"standard","meta":{"_jetpack_memberships_contains_paid_content":false,"footnotes":""},"categories":[60,61],"tags":[109,107,108,70,71,69],"class_list":["post-7532","post","type-post","status-publish","format-standard","has-post-thumbnail","hentry","category-europe","category-portugal","tag-food","tag-lisboa","tag-lisbon","tag-moving-to-europe","tag-relocations","tag-relocations-io-blog"],"jetpack_featured_media_url":"https:\/\/i0.wp.com\/relocations.io\/wp-content\/uploads\/2022\/11\/48.jpg?fit=1920%2C1080&ssl=1","jetpack-related-posts":[{"id":8793,"url":"https:\/\/relocations.io\/es\/castillos-en-portugal-lugares-historicos-con-impresionantes-vistas-2\/","url_meta":{"origin":7532,"position":0},"title":"Descubra el encanto intemporal de los castillos de Portugal: Un viaje a trav\u00e9s de la historia y la belleza","author":"Relocations.io","date":"mayo 22, 2024","format":false,"excerpt":"Hoy en d\u00eda, los castillos de Portugal son una importante atracci\u00f3n tur\u00edstica por su belleza, historia y diversidad. Est\u00e1n repartidos por ciudades hist\u00f3ricas como Lisboa y Guimar\u00e3es, enclavados en impresionantes paisajes naturales como el Duero o el Algarve, e incluso en regiones menos conocidas pero igualmente cautivadoras como Minho y Ribatejo.","rel":"","context":"En \u00abCultural Activities\u00bb","block_context":{"text":"Cultural Activities","link":"https:\/\/relocations.io\/es\/categoria\/europa-2\/actividades-culturales\/"},"img":{"alt_text":"","src":"https:\/\/i0.wp.com\/relocations.io\/wp-content\/uploads\/2024\/08\/Castelos-Portugal-banner.jpg?fit=1200%2C600&ssl=1&resize=350%2C200","width":350,"height":200,"srcset":"https:\/\/i0.wp.com\/relocations.io\/wp-content\/uploads\/2024\/08\/Castelos-Portugal-banner.jpg?fit=1200%2C600&ssl=1&resize=350%2C200 1x, https:\/\/i0.wp.com\/relocations.io\/wp-content\/uploads\/2024\/08\/Castelos-Portugal-banner.jpg?fit=1200%2C600&ssl=1&resize=525%2C300 1.5x, https:\/\/i0.wp.com\/relocations.io\/wp-content\/uploads\/2024\/08\/Castelos-Portugal-banner.jpg?fit=1200%2C600&ssl=1&resize=700%2C400 2x, https:\/\/i0.wp.com\/relocations.io\/wp-content\/uploads\/2024\/08\/Castelos-Portugal-banner.jpg?fit=1200%2C600&ssl=1&resize=1050%2C600 3x"},"classes":[]},{"id":8816,"url":"https:\/\/relocations.io\/es\/portugal-sacudida-por-un-terremoto-de-magnitud-5-3-temblor-reciente-y-contexto-historico\/","url_meta":{"origin":7532,"position":1},"title":"Portugal sacudido por un terremoto de magnitud 5,3: Temblor reciente y contexto hist\u00f3rico","author":"Relocations.io","date":"agosto 26, 2024","format":false,"excerpt":"A recent 5.3 magnitude earthquake that struck Portugal, specifically impacting the region near \u00c9vora. It provides details on the quake's effects, including minor damages and the response from local authorities. The article also offers a historical context, mentioning past significant earthquakes in Portugal, such as the devastating 1755 Lisbon earthquake.\u2026","rel":"","context":"En \u00abEurope\u00bb","block_context":{"text":"Europe","link":"https:\/\/relocations.io\/es\/categoria\/europa-2\/"},"img":{"alt_text":"","src":"https:\/\/i0.wp.com\/relocations.io\/wp-content\/uploads\/2024\/08\/Earthquake.jpg?fit=1200%2C600&ssl=1&resize=350%2C200","width":350,"height":200,"srcset":"https:\/\/i0.wp.com\/relocations.io\/wp-content\/uploads\/2024\/08\/Earthquake.jpg?fit=1200%2C600&ssl=1&resize=350%2C200 1x, https:\/\/i0.wp.com\/relocations.io\/wp-content\/uploads\/2024\/08\/Earthquake.jpg?fit=1200%2C600&ssl=1&resize=525%2C300 1.5x, https:\/\/i0.wp.com\/relocations.io\/wp-content\/uploads\/2024\/08\/Earthquake.jpg?fit=1200%2C600&ssl=1&resize=700%2C400 2x, https:\/\/i0.wp.com\/relocations.io\/wp-content\/uploads\/2024\/08\/Earthquake.jpg?fit=1200%2C600&ssl=1&resize=1050%2C600 3x"},"classes":[]},{"id":7390,"url":"https:\/\/relocations.io\/es\/celebra-portugal-guia-de-fiestas-nacionales-en-2023\/","url_meta":{"origin":7532,"position":2},"title":"Celebra Portugal: Gu\u00eda de fiestas nacionales en 2023","author":"Relocations.io","date":"marzo 1, 2023","format":false,"excerpt":"From the lively street parties of New Year's Day to the solemn remembrance of All Saints' Day, Portugal's national holidays offer a vibrant tapestry of culture, history, and celebration. Whether you're marveling at the colorful Carnaval parades or joining in the festivities of Portugal Day, each holiday provides a unique\u2026","rel":"","context":"En \u00abEurope\u00bb","block_context":{"text":"Europe","link":"https:\/\/relocations.io\/es\/categoria\/europa-2\/"},"img":{"alt_text":"","src":"https:\/\/i0.wp.com\/relocations.io\/wp-content\/uploads\/2022\/11\/28.jpg?fit=1200%2C675&ssl=1&resize=350%2C200","width":350,"height":200,"srcset":"https:\/\/i0.wp.com\/relocations.io\/wp-content\/uploads\/2022\/11\/28.jpg?fit=1200%2C675&ssl=1&resize=350%2C200 1x, https:\/\/i0.wp.com\/relocations.io\/wp-content\/uploads\/2022\/11\/28.jpg?fit=1200%2C675&ssl=1&resize=525%2C300 1.5x, https:\/\/i0.wp.com\/relocations.io\/wp-content\/uploads\/2022\/11\/28.jpg?fit=1200%2C675&ssl=1&resize=700%2C400 2x, https:\/\/i0.wp.com\/relocations.io\/wp-content\/uploads\/2022\/11\/28.jpg?fit=1200%2C675&ssl=1&resize=1050%2C600 3x"},"classes":[]},{"id":7401,"url":"https:\/\/relocations.io\/es\/de-brasil-a-europa-una-odisea-cultural-del-traslado\/","url_meta":{"origin":7532,"position":3},"title":"De Brasil a Europa: Una odisea cultural de reubicaci\u00f3n","author":"Relocations.io","date":"marzo 1, 2024","format":false,"excerpt":"Emb\u00e1rquese en un viaje cultural mientras los brasile\u00f1os se trasladan de Brasil a Europa en busca de nuevas oportunidades. Desde las tranquilas costas de Portugal hasta las bulliciosas calles de Espa\u00f1a, cada destino ofrece experiencias \u00fanicas. Acomp\u00e1\u00f1elos en sus nuevos comienzos en Francia, Italia y B\u00e9lgica, enriqueciendo el tapiz de diversidad de Europa.","rel":"","context":"En \u00abBelgium\u00bb","block_context":{"text":"Belgium","link":"https:\/\/relocations.io\/es\/categoria\/europa-2\/belgica\/"},"img":{"alt_text":"","src":"https:\/\/i0.wp.com\/relocations.io\/wp-content\/uploads\/2022\/11\/33.jpg?fit=1200%2C675&ssl=1&resize=350%2C200","width":350,"height":200,"srcset":"https:\/\/i0.wp.com\/relocations.io\/wp-content\/uploads\/2022\/11\/33.jpg?fit=1200%2C675&ssl=1&resize=350%2C200 1x, https:\/\/i0.wp.com\/relocations.io\/wp-content\/uploads\/2022\/11\/33.jpg?fit=1200%2C675&ssl=1&resize=525%2C300 1.5x, https:\/\/i0.wp.com\/relocations.io\/wp-content\/uploads\/2022\/11\/33.jpg?fit=1200%2C675&ssl=1&resize=700%2C400 2x, https:\/\/i0.wp.com\/relocations.io\/wp-content\/uploads\/2022\/11\/33.jpg?fit=1200%2C675&ssl=1&resize=1050%2C600 3x"},"classes":[]},{"id":7406,"url":"https:\/\/relocations.io\/es\/los-brasilenos-que-se-trasladan-a-portugal-abrazan-nuevas-oportunidades-en-una-historia-compartida\/","url_meta":{"origin":7532,"position":4},"title":"Brasile\u00f1os que se trasladan a Portugal: Nuevas oportunidades en una historia compartida","author":"Relocations.io","date":"julio 1, 2023","format":false,"excerpt":"Explore los lazos hist\u00f3ricos entre Brasil y Portugal mientras los brasile\u00f1os buscan nuevas oportunidades en la tierra de su pasado colonial. Con una lengua y una afinidad cultural compartidas, Portugal ofrece un entorno acogedor para que los brasile\u00f1os prosperen en diversos sectores, desde la tecnolog\u00eda al turismo.","rel":"","context":"En \u00abEurope\u00bb","block_context":{"text":"Europe","link":"https:\/\/relocations.io\/es\/categoria\/europa-2\/"},"img":{"alt_text":"","src":"https:\/\/i0.wp.com\/relocations.io\/wp-content\/uploads\/2022\/11\/36.jpg?fit=1200%2C675&ssl=1&resize=350%2C200","width":350,"height":200,"srcset":"https:\/\/i0.wp.com\/relocations.io\/wp-content\/uploads\/2022\/11\/36.jpg?fit=1200%2C675&ssl=1&resize=350%2C200 1x, https:\/\/i0.wp.com\/relocations.io\/wp-content\/uploads\/2022\/11\/36.jpg?fit=1200%2C675&ssl=1&resize=525%2C300 1.5x, https:\/\/i0.wp.com\/relocations.io\/wp-content\/uploads\/2022\/11\/36.jpg?fit=1200%2C675&ssl=1&resize=700%2C400 2x, https:\/\/i0.wp.com\/relocations.io\/wp-content\/uploads\/2022\/11\/36.jpg?fit=1200%2C675&ssl=1&resize=1050%2C600 3x"},"classes":[]},{"id":7427,"url":"https:\/\/relocations.io\/es\/su-guia-sobre-los-requisitos-de-visado-y-ciudadania-en-portugal-navegar-hacia-una-nueva-vida\/","url_meta":{"origin":7532,"position":5},"title":"Su gu\u00eda sobre los requisitos de visado y ciudadan\u00eda en Portugal: El camino hacia una nueva vida","author":"Relocations.io","date":"junio 1, 2024","format":false,"excerpt":"Descubra los pasos esenciales para trasladarse a Portugal, desde los requisitos de visado hasta los tr\u00e1mites de ciudadan\u00eda. Nuestra gu\u00eda simplifica el proceso, garantizando una transici\u00f3n fluida a su nueva vida en este cautivador pa\u00eds.","rel":"","context":"En \u00abEurope\u00bb","block_context":{"text":"Europe","link":"https:\/\/relocations.io\/es\/categoria\/europa-2\/"},"img":{"alt_text":"","src":"https:\/\/i0.wp.com\/relocations.io\/wp-content\/uploads\/2022\/11\/41.jpg?fit=1200%2C675&ssl=1&resize=350%2C200","width":350,"height":200,"srcset":"https:\/\/i0.wp.com\/relocations.io\/wp-content\/uploads\/2022\/11\/41.jpg?fit=1200%2C675&ssl=1&resize=350%2C200 1x, https:\/\/i0.wp.com\/relocations.io\/wp-content\/uploads\/2022\/11\/41.jpg?fit=1200%2C675&ssl=1&resize=525%2C300 1.5x, https:\/\/i0.wp.com\/relocations.io\/wp-content\/uploads\/2022\/11\/41.jpg?fit=1200%2C675&ssl=1&resize=700%2C400 2x, https:\/\/i0.wp.com\/relocations.io\/wp-content\/uploads\/2022\/11\/41.jpg?fit=1200%2C675&ssl=1&resize=1050%2C600 3x"},"classes":[]}],"jetpack_sharing_enabled":true,"_links":{"self":[{"href":"https:\/\/relocations.io\/es\/wp-json\/wp\/v2\/posts\/7532","targetHints":{"allow":["GET"]}}],"collection":[{"href":"https:\/\/relocations.io\/es\/wp-json\/wp\/v2\/posts"}],"about":[{"href":"https:\/\/relocations.io\/es\/wp-json\/wp\/v2\/types\/post"}],"author":[{"embeddable":true,"href":"https:\/\/relocations.io\/es\/wp-json\/wp\/v2\/users\/2"}],"replies":[{"embeddable":true,"href":"https:\/\/relocations.io\/es\/wp-json\/wp\/v2\/comments?post=7532"}],"version-history":[{"count":0,"href":"https:\/\/relocations.io\/es\/wp-json\/wp\/v2\/posts\/7532\/revisions"}],"wp:featuredmedia":[{"embeddable":true,"href":"https:\/\/relocations.io\/es\/wp-json\/wp\/v2\/media\/8744"}],"wp:attachment":[{"href":"https:\/\/relocations.io\/es\/wp-json\/wp\/v2\/media?parent=7532"}],"wp:term":[{"taxonomy":"category","embeddable":true,"href":"https:\/\/relocations.io\/es\/wp-json\/wp\/v2\/categories?post=7532"},{"taxonomy":"post_tag","embeddable":true,"href":"https:\/\/relocations.io\/es\/wp-json\/wp\/v2\/tags?post=7532"}],"curies":[{"name":"wp","href":"https:\/\/api.w.org\/{rel}","templated":true}]}}