{"id":7395,"date":"2023-04-01T10:00:00","date_gmt":"2023-04-01T10:00:00","guid":{"rendered":"https:\/\/relocations.io\/?p=7395"},"modified":"2024-09-06T12:19:49","modified_gmt":"2024-09-06T11:19:49","slug":"viva-espana-un-vibrante-viaje-por-las-fiestas-nacionales-de-espana-en-2023","status":"publish","type":"post","link":"https:\/\/relocations.io\/es\/viva-espana-un-vibrante-viaje-por-las-fiestas-nacionales-de-espana-en-2023\/","title":{"rendered":"Viva Espa\u00f1a: Un vibrante viaje por las fiestas nacionales de Espa\u00f1a en 2023"},"content":{"rendered":"<div data-elementor-type=\"wp-post\" data-elementor-id=\"7395\" class=\"elementor elementor-7395\" data-elementor-settings=\"{&quot;ha_cmc_init_switcher&quot;:&quot;no&quot;}\" data-elementor-post-type=\"post\">\n\t\t\t\t<div class=\"elementor-element elementor-element-5f5fb328 e-flex e-con-boxed e-con e-parent\" data-id=\"5f5fb328\" data-element_type=\"container\" data-settings=\"{&quot;_ha_eqh_enable&quot;:false}\">\n\t\t\t\t\t<div class=\"e-con-inner\">\n\t\t\t\t<div class=\"elementor-element elementor-element-40470689 elementor-widget elementor-widget-text-editor\" data-id=\"40470689\" data-element_type=\"widget\" data-widget_type=\"text-editor.default\">\n\t\t\t\t<div class=\"elementor-widget-container\">\n\t\t\t\t\t\t\t\t\t<p><\/p>\n<p>Ad\u00e9ntrese en el r\u00edtmico coraz\u00f3n de Espa\u00f1a mientras nos embarcamos en un emocionante viaje a trav\u00e9s de sus fiestas nacionales en 2023. Desde las animadas calles de Madrid hasta las encantadoras ciudades hist\u00f3ricas de Andaluc\u00eda, el patrimonio cultural y las animadas tradiciones de Espa\u00f1a cobran vida. Cada celebraci\u00f3n es una muestra vibrante de la rica historia y la din\u00e1mica cultura del pa\u00eds.<\/p>\n<p><\/p>\n<p><\/p>\n<p>En Madrid, la energ\u00eda es palpable a medida que los festivales transforman la ciudad en un caleidoscopio de color y sonido. Aqu\u00ed, ser\u00e1 testigo de la estimulante mezcla de tradici\u00f3n y modernidad que define a <a href=\"https:\/\/www.idealista.com\/en\/news\/lifestyle-in-spain\/2022\/11\/10\/92817-spain-public-holidays-2023\">Fiestas espa\u00f1olas<\/a>. Si nos trasladamos a Andaluc\u00eda, las ciudades hist\u00f3ricas ofrecen una experiencia diferente, pero igualmente cautivadora. La mezcla de significado hist\u00f3rico y costumbres locales hace de cada fiesta un espect\u00e1culo \u00fanico.<\/p>\n<p><\/p>\n<p><\/p>\n<p>A medida que nos adentremos en cada festividad, descubriremos los significados m\u00e1s profundos que se esconden tras ellas. Desde las fervientes procesiones de Semana Santa hasta la ardiente emoci\u00f3n de las Fallas, cada acontecimiento tiene su propia historia. Abrace el apasionado esp\u00edritu de Espa\u00f1a y sum\u00e9rjase en las <a href=\"https:\/\/relocations.io\/your-guide-to-visa-requirements-and-citizenship-in-portugal-navigating-your-path-to-a-new-life\/\" data-wpil-monitor-id=\"47\">tradiciones<\/a> que hacen que este pa\u00eds sea verdaderamente excepcional. \u00danase a nosotros en la celebraci\u00f3n de estas extraordinarias fiestas y experimente la magia que define al pa\u00eds. <a href=\"https:\/\/relocations.io\/from-brazil-to-europe-a-cultural-odyssey-of-relocation\/\" data-wpil-monitor-id=\"89\">La vibrante cultura espa\u00f1ola<\/a> paisaje.<\/p>\n<p><\/p>\n<p><\/p>\n<h3 id=\"h-celebrate-spain\" class=\"wp-block-heading\">Celebra Espa\u00f1a<\/h3>\n<p><\/p>\n<p><\/p>\n<h5 id=\"h-new-year-s-day-january-1st\" class=\"wp-block-heading\"><strong>A\u00f1o Nuevo (1 de enero)<\/strong><\/h5>\n<p><\/p>\n<p><\/p>\n<p>Espa\u00f1a da la bienvenida al A\u00f1o Nuevo con animadas celebraciones callejeras, deslumbrantes fuegos artificiales y el tradicional <a href=\"https:\/\/relocations.io\/portugal-top-beaches-your-ultimate-guide\/\" data-wpil-monitor-id=\"62\">tradici\u00f3n<\/a> de comer doce uvas a medianoche. Cada uva simboliza la buena suerte para un mes del a\u00f1o venidero. El ambiente festivo es electrizante, y las celebraciones contin\u00faan hasta altas horas de la madrugada.<\/p>\n<p><\/p>\n<p><\/p>\n<h5 id=\"h-epiphany-january-6th\" class=\"wp-block-heading\"><strong>Epifan\u00eda (6 de enero)<\/strong>\u00a0<\/h5>\n<p><\/p>\n<p><\/p>\n<p>El D\u00eda de Reyes, o Epifan\u00eda, es un acontecimiento importante en Espa\u00f1a, que celebra la llegada de los Reyes Magos para honrar a Jes\u00fas reci\u00e9n nacido. Cabalgatas llenas de colorido en las que los Reyes Magos reparten caramelos y peque\u00f1os regalos a los ni\u00f1os a\u00f1aden un toque de magia a la jornada.<\/p>\n<p><\/p>\n<p><\/p>\n<h5 id=\"h-good-friday-april-7th\" class=\"wp-block-heading\"><strong>Viernes Santo (7 de abril)<\/strong>\u00a0<\/h5>\n<p><\/p>\n<p><\/p>\n<p>La Semana Santa tiene un gran significado en Espa\u00f1a. El Viernes Santo, las calles se llenan de procesiones solemnes pero cautivadoras, con elaborados pasos y estatuas religiosas, que crean un profundo ambiente en ciudades y pueblos.<\/p>\n<p><\/p>\n<p><\/p>\n<h5 id=\"h-labor-day-may-1st\" class=\"wp-block-heading\"><strong>D\u00eda del Trabajo (1 de mayo):<\/strong><\/h5>\n<p><\/p>\n<p><\/p>\n<p>El 1 de mayo honra a los trabajadores con manifestaciones, desfiles y actos culturales organizados por sindicatos y asociaciones. Muchos espa\u00f1oles tambi\u00e9n disfrutan de un d\u00eda libre, pasando tiempo en parques o en la playa.<\/p>\n<p><\/p>\n<p><\/p>\n<h5 id=\"h-assumption-of-mary-august-15th\" class=\"wp-block-heading\"><strong>Asunci\u00f3n de Mar\u00eda (15 de agosto)<\/strong>\u00a0<\/h5>\n<p><\/p>\n<p><\/p>\n<p>La Asunci\u00f3n de Mar\u00eda est\u00e1 marcada por procesiones religiosas, iglesias <a href=\"https:\/\/relocations.io\/services\/\" data-wpil-monitor-id=\"101\">servicios<\/a>y culturales en toda Espa\u00f1a. En regiones como Galicia, las peregrinaciones a importantes lugares religiosos a\u00f1aden una dimensi\u00f3n espiritual a las celebraciones.<\/p>\n<p><\/p>\n<p><\/p>\n<h5 id=\"h-national-day-october-12th\" class=\"wp-block-heading\"><strong>Fiesta Nacional (12 de octubre)<\/strong><\/h5>\n<p><\/p>\n<p><\/p>\n<p>La Fiesta Nacional de Espa\u00f1a conmemora la llegada de Crist\u00f3bal Col\u00f3n a Am\u00e9rica. Este d\u00eda se celebran desfiles militares en Madrid, izadas de bandera y actos culturales que conmemoran el variado patrimonio espa\u00f1ol.<\/p>\n<p><\/p>\n<p><\/p>\n<h5 id=\"h-all-saints-day-november-1st\" class=\"wp-block-heading\"><strong>Todos los Santos (1 de noviembre)<\/strong><\/h5>\n<p><\/p>\n<p><\/p>\n<p>El D\u00eda de Todos los Santos, los espa\u00f1oles recuerdan y honran a sus seres queridos fallecidos. Las familias visitan los cementerios para limpiar y decorar las tumbas y asisten a oficios religiosos especiales, reflexionando sobre aquellos que han fallecido.<\/p>\n<p><\/p>\n<p><\/p>\n<h5 id=\"h-constitution-day-december-6th\" class=\"wp-block-heading\"><strong>D\u00eda de la Constituci\u00f3n (6 de diciembre)<\/strong>\u00a0<\/h5>\n<p><\/p>\n<p><\/p>\n<p>El D\u00eda de la Constituci\u00f3n conmemora la aprobaci\u00f3n de la Constituci\u00f3n espa\u00f1ola en 1978. Se celebra con actos oficiales, honores a la bandera y debates sobre los principios y valores democr\u00e1ticos del pa\u00eds.<\/p>\n<p><\/p>\n<p><\/p>\n<h5 id=\"h-immaculate-conception-december-8th\" class=\"wp-block-heading\"><strong>Inmaculada Concepci\u00f3n (8 de diciembre)<\/strong><\/h5>\n<p><\/p>\n<p><\/p>\n<p>Celebrada con oficios religiosos y procesiones, la Inmaculada Concepci\u00f3n honra a la Virgen Mar\u00eda. En ciudades como Sevilla y Granada, el d\u00eda incluye bailes tradicionales y actuaciones culturales.<\/p>\n<p><\/p>\n<p><\/p>\n<h5 id=\"h-christmas-day-december-25th\" class=\"wp-block-heading\"><strong>Navidad (25 de diciembre)<\/strong><\/h5>\n<p><\/p>\n<p><\/p>\n<p>La Navidad en Espa\u00f1a es \u00e9poca de reuniones familiares, banquetes y celebraciones festivas. Desde elaboradas decoraciones en ciudades como Barcelona hasta animadas <a href=\"https:\/\/relocations.io\/exploring-the-enchantment-vigos-delightful-christmas-market\/\">Mercados navide\u00f1os<\/a> En Madrid, el esp\u00edritu navide\u00f1o es vibrante. Los espa\u00f1oles disfrutan de platos tradicionales como el turr\u00f3n y el marisco, y asisten a la misa del gallo en Nochebuena.<\/p>\n<p><\/p>\n<p><\/p>\n<h3 id=\"h-a-journey-through-its-holidays\" class=\"wp-block-heading\">Un viaje a trav\u00e9s de sus fiestas<\/h3>\n<p><\/p>\n<p><\/p>\n<p>Mientras recorremos el animado tapiz de la Espa\u00f1a <a href=\"https:\/\/relocations.io\/portugal-2024-celebrate-national-holiday-tradition\/\" data-wpil-monitor-id=\"2\">fiestas nacionales<\/a> en 2023, resulta evidente que cada celebraci\u00f3n es un vibrante reflejo de la rica historia, la diversidad religiosa y la animada cultura del pa\u00eds. Tanto si se deja llevar por la energ\u00eda de una procesi\u00f3n de Semana Santa como si saborea la alegr\u00eda de la Navidad en un bullicioso mercado espa\u00f1ol, las fiestas nacionales de Espa\u00f1a ofrecen un viaje din\u00e1mico y envolvente. En concreto, estas celebraciones ofrecen una visi\u00f3n \u00fanica del coraz\u00f3n de este cautivador pa\u00eds. Por ejemplo, mientras que la Semana Santa le sumerge en tradiciones solemnes pero vibrantes, los mercados navide\u00f1os le invitan a experimentar la alegr\u00eda festiva y el calor comunitario. Adem\u00e1s, cada festividad revela aspectos diferentes del rico tapiz cultural espa\u00f1ol. Por lo tanto, estas experiencias revelan colectivamente la esencia diversa y animada de Espa\u00f1a, haciendo que cada momento de su viaje sea atractivo y memorable. Viva Espa\u00f1a\".<\/p>\n<p><\/p>\n<p><div class=\"wp-block-image\"><\/p>\n<figure class=\"aligncenter size-large\"><img fetchpriority=\"high\" decoding=\"async\" data-recalc-dims=\"1\" height=\"576\" width=\"1024\" class=\"wp-image-7397\" src=\"https:\/\/i0.wp.com\/relocations.io\/wp-content\/uploads\/2024\/02\/sp-holidays-b1.png?resize=1024%2C576&#038;ssl=1\" alt=\"Un vibrante viaje por las fiestas nacionales de Espa\u00f1a en 2023\" srcset=\"https:\/\/i0.wp.com\/relocations.io\/wp-content\/uploads\/2024\/02\/sp-holidays-b1.png?w=1920&amp;ssl=1 1920w, https:\/\/i0.wp.com\/relocations.io\/wp-content\/uploads\/2024\/02\/sp-holidays-b1.png?resize=300%2C169&amp;ssl=1 300w, https:\/\/i0.wp.com\/relocations.io\/wp-content\/uploads\/2024\/02\/sp-holidays-b1.png?resize=1024%2C576&amp;ssl=1 1024w, https:\/\/i0.wp.com\/relocations.io\/wp-content\/uploads\/2024\/02\/sp-holidays-b1.png?resize=768%2C432&amp;ssl=1 768w, https:\/\/i0.wp.com\/relocations.io\/wp-content\/uploads\/2024\/02\/sp-holidays-b1.png?resize=1536%2C864&amp;ssl=1 1536w, https:\/\/i0.wp.com\/relocations.io\/wp-content\/uploads\/2024\/02\/sp-holidays-b1.png?resize=1170%2C658&amp;ssl=1 1170w, https:\/\/i0.wp.com\/relocations.io\/wp-content\/uploads\/2024\/02\/sp-holidays-b1.png?resize=50%2C28&amp;ssl=1 50w, https:\/\/i0.wp.com\/relocations.io\/wp-content\/uploads\/2024\/02\/sp-holidays-b1.png?resize=100%2C56&amp;ssl=1 100w\" sizes=\"(max-width: 1024px) 100vw, 1024px\" \/><\/figure>\n<p><\/div><\/p>\t\t\t\t\t\t\t\t<\/div>\n\t\t\t\t<\/div>\n\t\t\t\t\t<\/div>\n\t\t\t\t<\/div>\n\t\t\t\t<\/div>","protected":false},"excerpt":{"rendered":"<p>Ad\u00e9ntrese en el r\u00edtmico coraz\u00f3n de Espa\u00f1a mientras exploramos el apasionante tapiz de fiestas nacionales que colorean el calendario en 2023. Desde las animadas calles de Madrid hasta las hist\u00f3ricas ciudades de Andaluc\u00eda, el rico patrimonio cultural y las animadas tradiciones de Espa\u00f1a cobran vida a trav\u00e9s de sus diversas celebraciones. Acomp\u00e1\u00f1enos en un viaje activo a trav\u00e9s de las fiestas nacionales de Espa\u00f1a, descubriendo el significado de cada festividad y abrazando el apasionado esp\u00edritu que hace de Espa\u00f1a un pa\u00eds verdaderamente \u00fanico.<\/p>","protected":false},"author":2,"featured_media":8750,"comment_status":"closed","ping_status":"closed","sticky":false,"template":"","format":"standard","meta":{"_jetpack_memberships_contains_paid_content":false,"footnotes":""},"categories":[60,62],"tags":[93,70,71,69,82],"class_list":["post-7395","post","type-post","status-publish","format-standard","has-post-thumbnail","hentry","category-europe","category-spain","tag-holidays","tag-moving-to-europe","tag-relocations","tag-relocations-io-blog","tag-spain"],"jetpack_featured_media_url":"https:\/\/i0.wp.com\/relocations.io\/wp-content\/uploads\/2022\/11\/32.jpg?fit=1920%2C1080&ssl=1","jetpack-related-posts":[{"id":7537,"url":"https:\/\/relocations.io\/es\/explorando-el-encantador-mercado-navideno-de-vigos\/","url_meta":{"origin":7395,"position":0},"title":"Explorando el Encanto: El encantador Mercado de Navidad de Vigo","author":"Relocations.io","date":"diciembre 1, 2023","format":false,"excerpt":"During the holiday season, Vigo's Christmas market, set in the city's historic district, captivates with twinkling lights and artisanal stalls offering crafts, gifts, and Spanish culinary treats like churros and roasted chestnuts. The market, alive with the ambiance of holiday carols and festive decorations, also showcases traditional Galician queimada and\u2026","rel":"","context":"En \u00abEurope\u00bb","block_context":{"text":"Europe","link":"https:\/\/relocations.io\/es\/categoria\/europa-2\/"},"img":{"alt_text":"","src":"https:\/\/i0.wp.com\/relocations.io\/wp-content\/uploads\/2022\/11\/51.jpg?fit=1200%2C675&ssl=1&resize=350%2C200","width":350,"height":200,"srcset":"https:\/\/i0.wp.com\/relocations.io\/wp-content\/uploads\/2022\/11\/51.jpg?fit=1200%2C675&ssl=1&resize=350%2C200 1x, https:\/\/i0.wp.com\/relocations.io\/wp-content\/uploads\/2022\/11\/51.jpg?fit=1200%2C675&ssl=1&resize=525%2C300 1.5x, https:\/\/i0.wp.com\/relocations.io\/wp-content\/uploads\/2022\/11\/51.jpg?fit=1200%2C675&ssl=1&resize=700%2C400 2x, https:\/\/i0.wp.com\/relocations.io\/wp-content\/uploads\/2022\/11\/51.jpg?fit=1200%2C675&ssl=1&resize=1050%2C600 3x"},"classes":[]},{"id":7401,"url":"https:\/\/relocations.io\/es\/de-brasil-a-europa-una-odisea-cultural-del-traslado\/","url_meta":{"origin":7395,"position":1},"title":"De Brasil a Europa: Una odisea cultural de reubicaci\u00f3n","author":"Relocations.io","date":"marzo 1, 2024","format":false,"excerpt":"Emb\u00e1rquese en un viaje cultural mientras los brasile\u00f1os se trasladan de Brasil a Europa en busca de nuevas oportunidades. Desde las tranquilas costas de Portugal hasta las bulliciosas calles de Espa\u00f1a, cada destino ofrece experiencias \u00fanicas. Acomp\u00e1\u00f1elos en sus nuevos comienzos en Francia, Italia y B\u00e9lgica, enriqueciendo el tapiz de diversidad de Europa.","rel":"","context":"En \u00abBelgium\u00bb","block_context":{"text":"Belgium","link":"https:\/\/relocations.io\/es\/categoria\/europa-2\/belgica\/"},"img":{"alt_text":"","src":"https:\/\/i0.wp.com\/relocations.io\/wp-content\/uploads\/2022\/11\/33.jpg?fit=1200%2C675&ssl=1&resize=350%2C200","width":350,"height":200,"srcset":"https:\/\/i0.wp.com\/relocations.io\/wp-content\/uploads\/2022\/11\/33.jpg?fit=1200%2C675&ssl=1&resize=350%2C200 1x, https:\/\/i0.wp.com\/relocations.io\/wp-content\/uploads\/2022\/11\/33.jpg?fit=1200%2C675&ssl=1&resize=525%2C300 1.5x, https:\/\/i0.wp.com\/relocations.io\/wp-content\/uploads\/2022\/11\/33.jpg?fit=1200%2C675&ssl=1&resize=700%2C400 2x, https:\/\/i0.wp.com\/relocations.io\/wp-content\/uploads\/2022\/11\/33.jpg?fit=1200%2C675&ssl=1&resize=1050%2C600 3x"},"classes":[]},{"id":7390,"url":"https:\/\/relocations.io\/es\/celebra-portugal-guia-de-fiestas-nacionales-en-2023\/","url_meta":{"origin":7395,"position":2},"title":"Celebra Portugal: Gu\u00eda de fiestas nacionales en 2023","author":"Relocations.io","date":"marzo 1, 2023","format":false,"excerpt":"From the lively street parties of New Year's Day to the solemn remembrance of All Saints' Day, Portugal's national holidays offer a vibrant tapestry of culture, history, and celebration. Whether you're marveling at the colorful Carnaval parades or joining in the festivities of Portugal Day, each holiday provides a unique\u2026","rel":"","context":"En \u00abEurope\u00bb","block_context":{"text":"Europe","link":"https:\/\/relocations.io\/es\/categoria\/europa-2\/"},"img":{"alt_text":"","src":"https:\/\/i0.wp.com\/relocations.io\/wp-content\/uploads\/2022\/11\/28.jpg?fit=1200%2C675&ssl=1&resize=350%2C200","width":350,"height":200,"srcset":"https:\/\/i0.wp.com\/relocations.io\/wp-content\/uploads\/2022\/11\/28.jpg?fit=1200%2C675&ssl=1&resize=350%2C200 1x, https:\/\/i0.wp.com\/relocations.io\/wp-content\/uploads\/2022\/11\/28.jpg?fit=1200%2C675&ssl=1&resize=525%2C300 1.5x, https:\/\/i0.wp.com\/relocations.io\/wp-content\/uploads\/2022\/11\/28.jpg?fit=1200%2C675&ssl=1&resize=700%2C400 2x, https:\/\/i0.wp.com\/relocations.io\/wp-content\/uploads\/2022\/11\/28.jpg?fit=1200%2C675&ssl=1&resize=1050%2C600 3x"},"classes":[]},{"id":7380,"url":"https:\/\/relocations.io\/es\/celebra-el-ano-nuevo-explorando-las-tradiciones-europeas-de-ano-nuevo\/","url_meta":{"origin":7395,"position":3},"title":"Recibir el A\u00f1o Nuevo: Explorando las tradiciones europeas de A\u00f1o Nuevo","author":"Relocations.io","date":"enero 1, 2023","format":false,"excerpt":"Exploring European New Year\u2019s Traditions As the clock strikes midnight on December 31st, Europe bursts into vibrant New Year\u2019s Eve celebrations. The continent\u2019s traditions highlight its rich cultural diversity, making each celebration unique and memorable. Fireworks and Grand Displays In Europe, fireworks are a central feature of New Year's Eve.\u2026","rel":"","context":"En \u00abEurope\u00bb","block_context":{"text":"Europe","link":"https:\/\/relocations.io\/es\/categoria\/europa-2\/"},"img":{"alt_text":"","src":"https:\/\/i0.wp.com\/relocations.io\/wp-content\/uploads\/2023\/01\/New-Year.jpg?fit=1200%2C675&ssl=1&resize=350%2C200","width":350,"height":200,"srcset":"https:\/\/i0.wp.com\/relocations.io\/wp-content\/uploads\/2023\/01\/New-Year.jpg?fit=1200%2C675&ssl=1&resize=350%2C200 1x, https:\/\/i0.wp.com\/relocations.io\/wp-content\/uploads\/2023\/01\/New-Year.jpg?fit=1200%2C675&ssl=1&resize=525%2C300 1.5x, https:\/\/i0.wp.com\/relocations.io\/wp-content\/uploads\/2023\/01\/New-Year.jpg?fit=1200%2C675&ssl=1&resize=700%2C400 2x, https:\/\/i0.wp.com\/relocations.io\/wp-content\/uploads\/2023\/01\/New-Year.jpg?fit=1200%2C675&ssl=1&resize=1050%2C600 3x"},"classes":[]},{"id":7368,"url":"https:\/\/relocations.io\/es\/accion-de-gracias-en-europa\/","url_meta":{"origin":7395,"position":4},"title":"Acci\u00f3n de Gracias en Europa","author":"Relocations.io","date":"noviembre 1, 2022","format":false,"excerpt":"A pesar de sus ra\u00edces hist\u00f3ricas, Acci\u00f3n de Gracias no se ha adoptado como fiesta generalizada en Europa.","rel":"","context":"En \u00abEurope\u00bb","block_context":{"text":"Europe","link":"https:\/\/relocations.io\/es\/categoria\/europa-2\/"},"img":{"alt_text":"","src":"https:\/\/i0.wp.com\/relocations.io\/wp-content\/uploads\/2022\/11\/21.jpg?fit=1200%2C675&ssl=1&resize=350%2C200","width":350,"height":200,"srcset":"https:\/\/i0.wp.com\/relocations.io\/wp-content\/uploads\/2022\/11\/21.jpg?fit=1200%2C675&ssl=1&resize=350%2C200 1x, https:\/\/i0.wp.com\/relocations.io\/wp-content\/uploads\/2022\/11\/21.jpg?fit=1200%2C675&ssl=1&resize=525%2C300 1.5x, https:\/\/i0.wp.com\/relocations.io\/wp-content\/uploads\/2022\/11\/21.jpg?fit=1200%2C675&ssl=1&resize=700%2C400 2x, https:\/\/i0.wp.com\/relocations.io\/wp-content\/uploads\/2022\/11\/21.jpg?fit=1200%2C675&ssl=1&resize=1050%2C600 3x"},"classes":[]},{"id":7385,"url":"https:\/\/relocations.io\/es\/valentines-dat\/","url_meta":{"origin":7395,"position":5},"title":"Amor a trav\u00e9s del continente: Tradiciones de San Valent\u00edn en Europa y m\u00e1s all\u00e1","author":"Relocations.io","date":"febrero 1, 2023","format":false,"excerpt":"Valentine\u2019s Day Traditions Across Europe: A Romantic Tour As February 14th draws near, love blossoms worldwide, but nowhere does it shine quite like in Europe. From the sunlit shores of Portugal to the charming streets of Paris, Valentine\u2019s Day in Europe is a grand celebration of romance, tradition, and heartfelt\u2026","rel":"","context":"En \u00abBelgium\u00bb","block_context":{"text":"Belgium","link":"https:\/\/relocations.io\/es\/categoria\/europa-2\/belgica\/"},"img":{"alt_text":"","src":"https:\/\/i0.wp.com\/relocations.io\/wp-content\/uploads\/2022\/11\/27.jpg?fit=1200%2C675&ssl=1&resize=350%2C200","width":350,"height":200,"srcset":"https:\/\/i0.wp.com\/relocations.io\/wp-content\/uploads\/2022\/11\/27.jpg?fit=1200%2C675&ssl=1&resize=350%2C200 1x, https:\/\/i0.wp.com\/relocations.io\/wp-content\/uploads\/2022\/11\/27.jpg?fit=1200%2C675&ssl=1&resize=525%2C300 1.5x, https:\/\/i0.wp.com\/relocations.io\/wp-content\/uploads\/2022\/11\/27.jpg?fit=1200%2C675&ssl=1&resize=700%2C400 2x, https:\/\/i0.wp.com\/relocations.io\/wp-content\/uploads\/2022\/11\/27.jpg?fit=1200%2C675&ssl=1&resize=1050%2C600 3x"},"classes":[]}],"jetpack_sharing_enabled":true,"_links":{"self":[{"href":"https:\/\/relocations.io\/es\/wp-json\/wp\/v2\/posts\/7395","targetHints":{"allow":["GET"]}}],"collection":[{"href":"https:\/\/relocations.io\/es\/wp-json\/wp\/v2\/posts"}],"about":[{"href":"https:\/\/relocations.io\/es\/wp-json\/wp\/v2\/types\/post"}],"author":[{"embeddable":true,"href":"https:\/\/relocations.io\/es\/wp-json\/wp\/v2\/users\/2"}],"replies":[{"embeddable":true,"href":"https:\/\/relocations.io\/es\/wp-json\/wp\/v2\/comments?post=7395"}],"version-history":[{"count":0,"href":"https:\/\/relocations.io\/es\/wp-json\/wp\/v2\/posts\/7395\/revisions"}],"wp:featuredmedia":[{"embeddable":true,"href":"https:\/\/relocations.io\/es\/wp-json\/wp\/v2\/media\/8750"}],"wp:attachment":[{"href":"https:\/\/relocations.io\/es\/wp-json\/wp\/v2\/media?parent=7395"}],"wp:term":[{"taxonomy":"category","embeddable":true,"href":"https:\/\/relocations.io\/es\/wp-json\/wp\/v2\/categories?post=7395"},{"taxonomy":"post_tag","embeddable":true,"href":"https:\/\/relocations.io\/es\/wp-json\/wp\/v2\/tags?post=7395"}],"curies":[{"name":"wp","href":"https:\/\/api.w.org\/{rel}","templated":true}]}}