{"id":7390,"date":"2023-03-01T10:00:00","date_gmt":"2023-03-01T10:00:00","guid":{"rendered":"https:\/\/relocations.io\/?p=7390"},"modified":"2024-09-06T12:24:06","modified_gmt":"2024-09-06T11:24:06","slug":"celebra-portugal-guia-de-fiestas-nacionales-en-2023","status":"publish","type":"post","link":"https:\/\/relocations.io\/es\/celebra-portugal-guia-de-fiestas-nacionales-en-2023\/","title":{"rendered":"Celebra Portugal: Gu\u00eda de fiestas nacionales en 2023"},"content":{"rendered":"<div data-elementor-type=\"wp-post\" data-elementor-id=\"7390\" class=\"elementor elementor-7390\" data-elementor-settings=\"{&quot;ha_cmc_init_switcher&quot;:&quot;no&quot;}\" data-elementor-post-type=\"post\">\n\t\t\t\t<div class=\"elementor-element elementor-element-49d737fd e-flex e-con-boxed e-con e-parent\" data-id=\"49d737fd\" data-element_type=\"container\" data-settings=\"{&quot;_ha_eqh_enable&quot;:false}\">\n\t\t\t\t\t<div class=\"e-con-inner\">\n\t\t\t\t<div class=\"elementor-element elementor-element-9ed16f7 elementor-widget elementor-widget-heading\" data-id=\"9ed16f7\" data-element_type=\"widget\" data-widget_type=\"heading.default\">\n\t\t\t\t<div class=\"elementor-widget-container\">\n\t\t\t\t\t<h2 class=\"elementor-heading-title elementor-size-default\">Gu\u00eda de las fiestas nacionales de 2023\n<\/h2>\t\t\t\t<\/div>\n\t\t\t\t<\/div>\n\t\t\t\t<div class=\"elementor-element elementor-element-48a8a734 elementor-widget elementor-widget-text-editor\" data-id=\"48a8a734\" data-element_type=\"widget\" data-widget_type=\"text-editor.default\">\n\t\t\t\t<div class=\"elementor-widget-container\">\n\t\t\t\t\t\t\t\t\t\n<p><br \/>Como coraz\u00f3n vibrante del sur de Europa, <a href=\"https:\/\/relocations.io\/your-guide-to-visa-requirements-and-citizenship-in-portugal-navigating-your-path-to-a-new-life\/\">Portugal<\/a> cuenta con un rico tapiz de fiestas nacionales que reflejan su patrimonio cultural, su importancia hist\u00f3rica y su esp\u00edritu de celebraci\u00f3n. Desde festivales tradicionales arraigados en tradiciones centenarias hasta conmemoraciones modernas de la independencia y la democracia, cada fiesta ofrece una visi\u00f3n \u00fanica del alma de este encantador pa\u00eds. Exploremos las fiestas nacionales de Portugal en 2023, descubriendo su significado y mostrando c\u00f3mo las celebra la gente en todo el pa\u00eds.<\/p>\n\n<h5 id=\"h-new-year-s-day-january-1st\" class=\"wp-block-heading\"><strong>A\u00f1o Nuevo (1 de enero)<\/strong><\/h5>\n\n<p>Portugal comienza el a\u00f1o con jubilosas celebraciones para dar la bienvenida al A\u00f1o Nuevo. Desde las animadas fiestas callejeras de Lisboa y Oporto hasta las reuniones festivas en las plazas de los pueblos de todo el pa\u00eds, los portugueses dan la bienvenida al A\u00f1o Nuevo con fuegos artificiales, m\u00fasica y un sinf\u00edn de actividades. <a href=\"https:\/\/relocations.io\/exploring-the-enchantment-vigos-delightful-christmas-market\/\" data-wpil-monitor-id=\"124\">tradicional<\/a> platos como el bacalhau (bacalao) y el bolo-rei (rosc\u00f3n de reyes).<\/p>\n\n<h5 id=\"h-carnaval-february-27th\" class=\"wp-block-heading\"><strong>Carnaval (27 de febrero)<\/strong><\/h5>\n\n<p>Durante el Carnaval, las calles de Portugal estallan de color y emoci\u00f3n. Mientras tanto, la naci\u00f3n se deleita en vibrantes festividades, anticipando ansiosamente la llegada de la Cuaresma. Espere desfiles elaborados, vibrantes bailes de m\u00e1scaras, animados espect\u00e1culos callejeros y en\u00e9rgicos bailes de samba. Este periodo festivo ofrece una deliciosa oportunidad para la indulgencia y el jolgorio, y sirve de alegre preludio a la m\u00e1s solemne Cuaresma.<\/p>\n\n<h5 id=\"h-freedom-day-april-25th\" class=\"wp-block-heading\"><strong>D\u00eda de la Libertad (25 de abril)<\/strong><\/h5>\n\n<p>El 25 de abril, Portugal conmemora la Revoluci\u00f3n de los Claveles de 1974, un acontecimiento fundamental que derroc\u00f3 el r\u00e9gimen autoritario del Estado Novo e instaur\u00f3 la democracia. El D\u00eda de la Libertad est\u00e1 marcado por vibrantes desfiles, animados conciertos y diversos actos culturales. Estas celebraciones honran la lucha del pa\u00eds por la libertad y la democracia, reflejando la importancia de esta transformaci\u00f3n hist\u00f3rica.<\/p>\n\n<h5 id=\"h-labor-day-may-1st\" class=\"wp-block-heading\"><strong>D\u00eda del Trabajo (1 de mayo)<\/strong><\/h5>\n\n<p>El 1 de mayo es un d\u00eda para honrar a los trabajadores y sus contribuciones a la sociedad. En <a href=\"https:\/\/relocations.io\/moving-from-canada-to-portugal-a-comprehensive-guide\/\" data-wpil-monitor-id=\"110\">Portugal<\/a>En el D\u00eda del Trabajo se celebran m\u00edtines, manifestaciones y actividades culturales organizadas por sindicatos y asociaciones de trabajadores. Tambi\u00e9n es un momento para disfrutar de picnics, asistir a conciertos al aire libre y reunirse con la familia.<\/p>\n\n<h5 id=\"h-portugal-day-june-10th\" class=\"wp-block-heading\"><strong>D\u00eda de Portugal (10 de junio)<\/strong><\/h5>\n\n<p>El D\u00eda de Portugal honra la muerte de Lu\u00eds de Cam\u00f5es, poeta nacional de Portugal, al tiempo que celebra el rico patrimonio cultural y los logros de la naci\u00f3n. Las festividades de este d\u00eda incluyen ceremonias de izado de bandera, animados conciertos, vibrantes ferias callejeras y actuaciones folcl\u00f3ricas tradicionales. En conjunto, estos actos ponen de relieve los aspectos diversos y perdurables de la cultura portuguesa.<\/p>\n\n<h5 id=\"h-assumption-of-mary-august-15th\" class=\"wp-block-heading\"><strong>Asunci\u00f3n de Mar\u00eda (15 de agosto)<\/strong><\/h5>\n\n<p>La Asunci\u00f3n de Mar\u00eda es una importante fiesta religiosa en Portugal, que celebra la ascensi\u00f3n de la Virgen Mar\u00eda al cielo. Este d\u00eda se celebra en las iglesias <a href=\"https:\/\/relocations.io\/services\/\" data-wpil-monitor-id=\"102\">servicios<\/a>Las procesiones solemnes y las peregrinaciones a santuarios dedicados a la Virgen Mar\u00eda permiten a los fieles honrar su sagrada ascensi\u00f3n y profundizar en su conexi\u00f3n espiritual.<\/p>\n\n<h5 id=\"h-republic-day-october-5th\" class=\"wp-block-heading\"><strong>D\u00eda de la Rep\u00fablica (5 de octubre)<\/strong><\/h5>\n\n<p>El 5 de octubre, Portugal conmemora la fundaci\u00f3n de la Primera Rep\u00fablica Portuguesa en 1910. Este acontecimiento fundamental no s\u00f3lo puso fin a siglos de monarqu\u00eda, sino que tambi\u00e9n estableci\u00f3 una forma republicana de gobierno. Para conmemorar el D\u00eda de la Rep\u00fablica, el pa\u00eds organiza ceremonias de izado de bandera, vibrantes desfiles y diversos actos culturales. Estas celebraciones honran colectivamente la herencia republicana y los valores democr\u00e1ticos de Portugal, reflejando la importancia de este hito hist\u00f3rico.<\/p>\n\n<h5 id=\"h-all-saints-day-november-1st\" class=\"wp-block-heading\"><strong>Todos los Santos (1 de noviembre)<\/strong><\/h5>\n\n<p>El D\u00eda de Todos los Santos es una solemne fiesta religiosa en Portugal que honra a todos los santos y m\u00e1rtires. Es un d\u00eda dedicado al recuerdo y la reflexi\u00f3n, caracterizado por oficios religiosos, visitas a los cementerios para presentar sus respetos a los seres queridos fallecidos y reuniones familiares significativas. Estas actividades ofrecen a los fieles un momento para honrar a los difuntos y celebrar la vida de los santos.<\/p>\n\n<h5 id=\"h-restoration-of-independence-december-1st\" class=\"wp-block-heading\"><strong>Restauraci\u00f3n de la Independencia (1 de diciembre)<\/strong><\/h5>\n\n<p>El 1 de diciembre marca el aniversario de la restauraci\u00f3n de la independencia de Portugal del dominio espa\u00f1ol en 1640. El D\u00eda de la Restauraci\u00f3n de la Independencia se celebra con ceremonias de izado de bandera, recreaciones hist\u00f3ricas y actos culturales. Estas actividades honran la lucha de Portugal por la soberan\u00eda y conmemoran el momento crucial en que la naci\u00f3n recuper\u00f3 su independencia.<\/p>\n\n<h5 id=\"h-christmas-day-december-25th\" class=\"wp-block-heading\"><strong>Navidad (25 de diciembre)<\/strong><\/h5>\n\n<p><a href=\"https:\/\/relocations.io\/portugal-top-beaches-your-ultimate-guide\/\" data-wpil-monitor-id=\"50\">Portugal celebra<\/a> Navidad con una rica mezcla de observancia religiosa y tradiciones festivas. La temporada comienza con la misa de medianoche e incluye vibrantes belenes. Las familias se re\u00fanen en alegres encuentros y banquetes, con platos tradicionales como el bacalhau (bacalao) y las rabanadas (torrijas portuguesas). Esta \u00e9poca del a\u00f1o est\u00e1 marcada por un esp\u00edritu de alegr\u00eda, uni\u00f3n y buena voluntad, que refleja el calor y la unidad de las fiestas.<\/p>\n\n<p>Como <a href=\"https:\/\/relocations.io\/portugal-2024-celebrate-national-holiday-tradition\/\" data-wpil-monitor-id=\"1\">Descubra las fiestas nacionales de Portugal<\/a> en 2023, descubrimos un vibrante tapiz de cultura, historia y celebraci\u00f3n que encarna el esp\u00edritu de este encantador pa\u00eds. Desde las alegres celebraciones de A\u00f1o Nuevo hasta la solemnidad reflexiva del D\u00eda de Todos los Santos, cada festividad ofrece una oportunidad \u00fanica de comprometerse con el esp\u00edritu de este pa\u00eds encantador. <a href=\"https:\/\/relocations.io\/from-brazil-to-europe-a-cultural-odyssey-of-relocation\/\" data-wpil-monitor-id=\"84\">El rico patrimonio cultural y las tradiciones de Portugal<\/a>. Tanto si explora las animadas calles de Lisboa como si se sumerge en el tranquilo encanto de las aldeas del Algarve, no deje de participar en las fiestas locales. Al hacerlo, apreciar\u00e1 plenamente las vibrantes celebraciones que definen el paisaje cultural \u00fanico de Portugal. Al participar en estas celebraciones, vivir\u00e1 plenamente la magia y el ambiente \u00fanico de las fiestas nacionales de Portugal.<\/p>\n<div class=\"wp-block-image\">\n<figure class=\"aligncenter size-large\"><img fetchpriority=\"high\" decoding=\"async\" data-recalc-dims=\"1\" height=\"576\" width=\"1024\" class=\"wp-image-7392\" src=\"https:\/\/i0.wp.com\/relocations.io\/wp-content\/uploads\/2024\/02\/pt-holidays-b2.png?resize=1024%2C576&#038;ssl=1\" alt=\"Gu\u00eda de fiestas nacionales en Portugal \" srcset=\"https:\/\/i0.wp.com\/relocations.io\/wp-content\/uploads\/2024\/02\/pt-holidays-b2.png?w=1920&amp;ssl=1 1920w, https:\/\/i0.wp.com\/relocations.io\/wp-content\/uploads\/2024\/02\/pt-holidays-b2.png?resize=300%2C169&amp;ssl=1 300w, https:\/\/i0.wp.com\/relocations.io\/wp-content\/uploads\/2024\/02\/pt-holidays-b2.png?resize=1024%2C576&amp;ssl=1 1024w, https:\/\/i0.wp.com\/relocations.io\/wp-content\/uploads\/2024\/02\/pt-holidays-b2.png?resize=768%2C432&amp;ssl=1 768w, https:\/\/i0.wp.com\/relocations.io\/wp-content\/uploads\/2024\/02\/pt-holidays-b2.png?resize=1536%2C864&amp;ssl=1 1536w, https:\/\/i0.wp.com\/relocations.io\/wp-content\/uploads\/2024\/02\/pt-holidays-b2.png?resize=1170%2C658&amp;ssl=1 1170w, https:\/\/i0.wp.com\/relocations.io\/wp-content\/uploads\/2024\/02\/pt-holidays-b2.png?resize=50%2C28&amp;ssl=1 50w, https:\/\/i0.wp.com\/relocations.io\/wp-content\/uploads\/2024\/02\/pt-holidays-b2.png?resize=100%2C56&amp;ssl=1 100w\" sizes=\"(max-width: 1024px) 100vw, 1024px\" \/><\/figure>\n<\/div>\t\t\t\t\t\t\t\t<\/div>\n\t\t\t\t<\/div>\n\t\t\t\t\t<\/div>\n\t\t\t\t<\/div>\n\t\t\t\t<\/div>","protected":false},"excerpt":{"rendered":"<p>Desde las animadas fiestas callejeras de A\u00f1o Nuevo hasta el solemne recuerdo del D\u00eda de Todos los Santos, las fiestas nacionales de Portugal ofrecen un vibrante tapiz de cultura, historia y celebraci\u00f3n. Tanto si le maravillan los coloridos desfiles del Carnaval como si se une a las festividades del D\u00eda de Portugal, cada fiesta le brinda una oportunidad \u00fanica de sumergirse en las ricas tradiciones y el patrimonio de este encantador pa\u00eds. As\u00ed que venga, explore el esp\u00edritu jubiloso de las fiestas nacionales de Portugal y experimente la magia por s\u00ed mismo\".<\/p>","protected":false},"author":2,"featured_media":8751,"comment_status":"closed","ping_status":"closed","sticky":false,"template":"","format":"standard","meta":{"_jetpack_memberships_contains_paid_content":false,"footnotes":""},"categories":[60,61],"tags":[93,70,92,142,71,90],"class_list":["post-7390","post","type-post","status-publish","format-standard","has-post-thumbnail","hentry","category-europe","category-portugal","tag-holidays","tag-moving-to-europe","tag-portugal","tag-relocate","tag-relocations","tag-tradition"],"jetpack_featured_media_url":"https:\/\/i0.wp.com\/relocations.io\/wp-content\/uploads\/2022\/11\/28.jpg?fit=1920%2C1080&ssl=1","jetpack-related-posts":[{"id":9038,"url":"https:\/\/relocations.io\/es\/nuevos-vuelos-directos-de-montreal-a-oporto\/","url_meta":{"origin":7390,"position":0},"title":"Nuevos vuelos directos a Canad\u00e1 impulsan el turismo entre Portugal y Canad\u00e1","author":"Relocations.io","date":"agosto 27, 2024","format":false,"excerpt":"A new direct flight route by Air Canada connecting Montreal, Canada, and Porto, Portugal. This service offers a convenient travel option for tourists and the Portuguese community in Canada. It highlights the benefits of the direct flight, including saving time and enhancing travel comfort, and also promotes Porto as an\u2026","rel":"","context":"En \u00abCanada\u00bb","block_context":{"text":"Canada","link":"https:\/\/relocations.io\/es\/categoria\/canada\/"},"img":{"alt_text":"","src":"https:\/\/i0.wp.com\/relocations.io\/wp-content\/uploads\/2024\/08\/New-Flights.jpg?fit=1200%2C600&ssl=1&resize=350%2C200","width":350,"height":200,"srcset":"https:\/\/i0.wp.com\/relocations.io\/wp-content\/uploads\/2024\/08\/New-Flights.jpg?fit=1200%2C600&ssl=1&resize=350%2C200 1x, https:\/\/i0.wp.com\/relocations.io\/wp-content\/uploads\/2024\/08\/New-Flights.jpg?fit=1200%2C600&ssl=1&resize=525%2C300 1.5x, https:\/\/i0.wp.com\/relocations.io\/wp-content\/uploads\/2024\/08\/New-Flights.jpg?fit=1200%2C600&ssl=1&resize=700%2C400 2x, https:\/\/i0.wp.com\/relocations.io\/wp-content\/uploads\/2024\/08\/New-Flights.jpg?fit=1200%2C600&ssl=1&resize=1050%2C600 3x"},"classes":[]},{"id":7427,"url":"https:\/\/relocations.io\/es\/su-guia-sobre-los-requisitos-de-visado-y-ciudadania-en-portugal-navegar-hacia-una-nueva-vida\/","url_meta":{"origin":7390,"position":1},"title":"Su gu\u00eda sobre los requisitos de visado y ciudadan\u00eda en Portugal: El camino hacia una nueva vida","author":"Relocations.io","date":"junio 1, 2024","format":false,"excerpt":"Descubra los pasos esenciales para trasladarse a Portugal, desde los requisitos de visado hasta los tr\u00e1mites de ciudadan\u00eda. Nuestra gu\u00eda simplifica el proceso, garantizando una transici\u00f3n fluida a su nueva vida en este cautivador pa\u00eds.","rel":"","context":"En \u00abEurope\u00bb","block_context":{"text":"Europe","link":"https:\/\/relocations.io\/es\/categoria\/europa-2\/"},"img":{"alt_text":"","src":"https:\/\/i0.wp.com\/relocations.io\/wp-content\/uploads\/2022\/11\/41.jpg?fit=1200%2C675&ssl=1&resize=350%2C200","width":350,"height":200,"srcset":"https:\/\/i0.wp.com\/relocations.io\/wp-content\/uploads\/2022\/11\/41.jpg?fit=1200%2C675&ssl=1&resize=350%2C200 1x, https:\/\/i0.wp.com\/relocations.io\/wp-content\/uploads\/2022\/11\/41.jpg?fit=1200%2C675&ssl=1&resize=525%2C300 1.5x, https:\/\/i0.wp.com\/relocations.io\/wp-content\/uploads\/2022\/11\/41.jpg?fit=1200%2C675&ssl=1&resize=700%2C400 2x, https:\/\/i0.wp.com\/relocations.io\/wp-content\/uploads\/2022\/11\/41.jpg?fit=1200%2C675&ssl=1&resize=1050%2C600 3x"},"classes":[]},{"id":7406,"url":"https:\/\/relocations.io\/es\/los-brasilenos-que-se-trasladan-a-portugal-abrazan-nuevas-oportunidades-en-una-historia-compartida\/","url_meta":{"origin":7390,"position":2},"title":"Brasile\u00f1os que se trasladan a Portugal: Nuevas oportunidades en una historia compartida","author":"Relocations.io","date":"julio 1, 2023","format":false,"excerpt":"Explore los lazos hist\u00f3ricos entre Brasil y Portugal mientras los brasile\u00f1os buscan nuevas oportunidades en la tierra de su pasado colonial. Con una lengua y una afinidad cultural compartidas, Portugal ofrece un entorno acogedor para que los brasile\u00f1os prosperen en diversos sectores, desde la tecnolog\u00eda al turismo.","rel":"","context":"En \u00abEurope\u00bb","block_context":{"text":"Europe","link":"https:\/\/relocations.io\/es\/categoria\/europa-2\/"},"img":{"alt_text":"","src":"https:\/\/i0.wp.com\/relocations.io\/wp-content\/uploads\/2022\/11\/36.jpg?fit=1200%2C675&ssl=1&resize=350%2C200","width":350,"height":200,"srcset":"https:\/\/i0.wp.com\/relocations.io\/wp-content\/uploads\/2022\/11\/36.jpg?fit=1200%2C675&ssl=1&resize=350%2C200 1x, https:\/\/i0.wp.com\/relocations.io\/wp-content\/uploads\/2022\/11\/36.jpg?fit=1200%2C675&ssl=1&resize=525%2C300 1.5x, https:\/\/i0.wp.com\/relocations.io\/wp-content\/uploads\/2022\/11\/36.jpg?fit=1200%2C675&ssl=1&resize=700%2C400 2x, https:\/\/i0.wp.com\/relocations.io\/wp-content\/uploads\/2022\/11\/36.jpg?fit=1200%2C675&ssl=1&resize=1050%2C600 3x"},"classes":[]},{"id":8107,"url":"https:\/\/relocations.io\/es\/portugal-2024-celebra-la-fiesta-nacional\/","url_meta":{"origin":7390,"position":3},"title":"Explorando las Fiestas Nacionales de Portugal 2024: Gu\u00eda de celebraciones culturales","author":"Relocations.io","date":"agosto 12, 2024","format":false,"excerpt":"Las fiestas nacionales de Portugal 2024 ofrecen una rica experiencia de su cultura, historia y tradiciones. Entre las principales fiestas destacan el A\u00f1o Nuevo, el Carnaval, el D\u00eda de la Libertad, el D\u00eda de Portugal y la Navidad. Cada festividad ofrece celebraciones \u00fanicas, desde desfiles y ceremonias religiosas hasta reuniones familiares y actos p\u00fablicos, que ofrecen una visi\u00f3n de la vida portuguesa.","rel":"","context":"En \u00abCultural Activities\u00bb","block_context":{"text":"Cultural Activities","link":"https:\/\/relocations.io\/es\/categoria\/europa-2\/actividades-culturales\/"},"img":{"alt_text":"","src":"https:\/\/i0.wp.com\/relocations.io\/wp-content\/uploads\/2024\/08\/18-1.jpg?fit=1200%2C675&ssl=1&resize=350%2C200","width":350,"height":200,"srcset":"https:\/\/i0.wp.com\/relocations.io\/wp-content\/uploads\/2024\/08\/18-1.jpg?fit=1200%2C675&ssl=1&resize=350%2C200 1x, https:\/\/i0.wp.com\/relocations.io\/wp-content\/uploads\/2024\/08\/18-1.jpg?fit=1200%2C675&ssl=1&resize=525%2C300 1.5x, https:\/\/i0.wp.com\/relocations.io\/wp-content\/uploads\/2024\/08\/18-1.jpg?fit=1200%2C675&ssl=1&resize=700%2C400 2x, https:\/\/i0.wp.com\/relocations.io\/wp-content\/uploads\/2024\/08\/18-1.jpg?fit=1200%2C675&ssl=1&resize=1050%2C600 3x"},"classes":[]},{"id":7368,"url":"https:\/\/relocations.io\/es\/accion-de-gracias-en-europa\/","url_meta":{"origin":7390,"position":4},"title":"Acci\u00f3n de Gracias en Europa","author":"Relocations.io","date":"noviembre 1, 2022","format":false,"excerpt":"A pesar de sus ra\u00edces hist\u00f3ricas, Acci\u00f3n de Gracias no se ha adoptado como fiesta generalizada en Europa.","rel":"","context":"En \u00abEurope\u00bb","block_context":{"text":"Europe","link":"https:\/\/relocations.io\/es\/categoria\/europa-2\/"},"img":{"alt_text":"","src":"https:\/\/i0.wp.com\/relocations.io\/wp-content\/uploads\/2022\/11\/21.jpg?fit=1200%2C675&ssl=1&resize=350%2C200","width":350,"height":200,"srcset":"https:\/\/i0.wp.com\/relocations.io\/wp-content\/uploads\/2022\/11\/21.jpg?fit=1200%2C675&ssl=1&resize=350%2C200 1x, https:\/\/i0.wp.com\/relocations.io\/wp-content\/uploads\/2022\/11\/21.jpg?fit=1200%2C675&ssl=1&resize=525%2C300 1.5x, https:\/\/i0.wp.com\/relocations.io\/wp-content\/uploads\/2022\/11\/21.jpg?fit=1200%2C675&ssl=1&resize=700%2C400 2x, https:\/\/i0.wp.com\/relocations.io\/wp-content\/uploads\/2022\/11\/21.jpg?fit=1200%2C675&ssl=1&resize=1050%2C600 3x"},"classes":[]},{"id":7363,"url":"https:\/\/relocations.io\/es\/abrazar-europa-el-camino-racionalizado-hacia-un-nuevo-comienzo\/","url_meta":{"origin":7390,"position":5},"title":"Abrazar Europa: El camino hacia un nuevo comienzo","author":"Relocations.io","date":"octubre 1, 2022","format":false,"excerpt":"The Allure of Moving to Europe Moving to Europe has captivated people worldwide. With its rich history, diverse culture, and high quality of life, Europe offers countless benefits for a fresh start. While relocating to a new continent can seem daunting, careful planning and the right support can streamline the\u2026","rel":"","context":"En \u00abEurope\u00bb","block_context":{"text":"Europe","link":"https:\/\/relocations.io\/es\/categoria\/europa-2\/"},"img":{"alt_text":"","src":"https:\/\/i0.wp.com\/relocations.io\/wp-content\/uploads\/2024\/02\/embracing-europe2.png?fit=1200%2C675&ssl=1&resize=350%2C200","width":350,"height":200,"srcset":"https:\/\/i0.wp.com\/relocations.io\/wp-content\/uploads\/2024\/02\/embracing-europe2.png?fit=1200%2C675&ssl=1&resize=350%2C200 1x, https:\/\/i0.wp.com\/relocations.io\/wp-content\/uploads\/2024\/02\/embracing-europe2.png?fit=1200%2C675&ssl=1&resize=525%2C300 1.5x, https:\/\/i0.wp.com\/relocations.io\/wp-content\/uploads\/2024\/02\/embracing-europe2.png?fit=1200%2C675&ssl=1&resize=700%2C400 2x, https:\/\/i0.wp.com\/relocations.io\/wp-content\/uploads\/2024\/02\/embracing-europe2.png?fit=1200%2C675&ssl=1&resize=1050%2C600 3x"},"classes":[]}],"jetpack_sharing_enabled":true,"_links":{"self":[{"href":"https:\/\/relocations.io\/es\/wp-json\/wp\/v2\/posts\/7390","targetHints":{"allow":["GET"]}}],"collection":[{"href":"https:\/\/relocations.io\/es\/wp-json\/wp\/v2\/posts"}],"about":[{"href":"https:\/\/relocations.io\/es\/wp-json\/wp\/v2\/types\/post"}],"author":[{"embeddable":true,"href":"https:\/\/relocations.io\/es\/wp-json\/wp\/v2\/users\/2"}],"replies":[{"embeddable":true,"href":"https:\/\/relocations.io\/es\/wp-json\/wp\/v2\/comments?post=7390"}],"version-history":[{"count":0,"href":"https:\/\/relocations.io\/es\/wp-json\/wp\/v2\/posts\/7390\/revisions"}],"wp:featuredmedia":[{"embeddable":true,"href":"https:\/\/relocations.io\/es\/wp-json\/wp\/v2\/media\/8751"}],"wp:attachment":[{"href":"https:\/\/relocations.io\/es\/wp-json\/wp\/v2\/media?parent=7390"}],"wp:term":[{"taxonomy":"category","embeddable":true,"href":"https:\/\/relocations.io\/es\/wp-json\/wp\/v2\/categories?post=7390"},{"taxonomy":"post_tag","embeddable":true,"href":"https:\/\/relocations.io\/es\/wp-json\/wp\/v2\/tags?post=7390"}],"curies":[{"name":"wp","href":"https:\/\/api.w.org\/{rel}","templated":true}]}}