{"id":7368,"date":"2022-11-01T10:00:00","date_gmt":"2022-11-01T10:00:00","guid":{"rendered":"https:\/\/relocations.io\/?p=7368"},"modified":"2024-09-06T12:53:18","modified_gmt":"2024-09-06T11:53:18","slug":"accion-de-gracias-en-europa","status":"publish","type":"post","link":"https:\/\/relocations.io\/es\/accion-de-gracias-en-europa\/","title":{"rendered":"Acci\u00f3n de Gracias en Europa"},"content":{"rendered":"<div data-elementor-type=\"wp-post\" data-elementor-id=\"7368\" class=\"elementor elementor-7368\" data-elementor-settings=\"{&quot;ha_cmc_init_switcher&quot;:&quot;no&quot;}\" data-elementor-post-type=\"post\">\n\t\t\t\t<div class=\"elementor-element elementor-element-21c21d90 e-flex e-con-boxed e-con e-parent\" data-id=\"21c21d90\" data-element_type=\"container\" data-settings=\"{&quot;_ha_eqh_enable&quot;:false}\">\n\t\t\t\t\t<div class=\"e-con-inner\">\n\t\t\t\t<div class=\"elementor-element elementor-element-52de285 elementor-widget elementor-widget-heading\" data-id=\"52de285\" data-element_type=\"widget\" data-widget_type=\"heading.default\">\n\t\t\t\t<div class=\"elementor-widget-container\">\n\t\t\t\t\t<h2 class=\"elementor-heading-title elementor-size-default\">Acci\u00f3n de Gracias en Europa: Comprender su ausencia a trav\u00e9s de las diferencias hist\u00f3ricas y culturales<\/h2>\t\t\t\t<\/div>\n\t\t\t\t<\/div>\n\t\t\t\t<div class=\"elementor-element elementor-element-5154f4a2 elementor-widget elementor-widget-text-editor\" data-id=\"5154f4a2\" data-element_type=\"widget\" data-widget_type=\"text-editor.default\">\n\t\t\t\t<div class=\"elementor-widget-container\">\n\t\t\t\t\t\t\t\t\t\n<p><br \/>En Europa, el D\u00eda de Acci\u00f3n de Gracias, tal como se celebra en Norteam\u00e9rica, est\u00e1 notablemente ausente del calendario cultural. Esta ausencia se debe a las diferencias hist\u00f3ricas, culturales y religiosas entre Europa y Norteam\u00e9rica. Aunque Acci\u00f3n de Gracias tiene profundas ra\u00edces hist\u00f3ricas tanto en Canad\u00e1 como en Estados Unidos, sus or\u00edgenes y significado difieren significativamente de las tradiciones europeas.<\/p>\n\n<p>En Estados Unidos, los or\u00edgenes de Acci\u00f3n de Gracias se remontan a principios del siglo XVII, cuando los colonos ingleses, conocidos como los Peregrinos, celebraron una fiesta de la cosecha para dar las gracias por el \u00e9xito de la misma y por las bendiciones del a\u00f1o anterior. Celebrado en 1621 en Plymouth (Massachusetts), este acontecimiento es ampliamente reconocido como el primer D\u00eda de Acci\u00f3n de Gracias en Norteam\u00e9rica. Con el tiempo, Acci\u00f3n de Gracias evolucion\u00f3 hasta convertirse en una <a href=\"https:\/\/relocations.io\/portugal-2024-celebrate-national-holiday-tradition\/\" data-wpil-monitor-id=\"5\">fiesta nacional celebrada<\/a> es el cuarto jueves de noviembre y se caracteriza por las reuniones con familiares y amigos, los festines con alimentos tradicionales como el pavo y la tarta de calabaza, y la expresi\u00f3n de gratitud por las bendiciones de la vida.<\/p>\n\n<p>Del mismo modo, en <a href=\"https:\/\/relocations.io\/moving-from-canada-to-portugal-a-comprehensive-guide\/\">Canad\u00e1<\/a>El D\u00eda de Acci\u00f3n de Gracias tiene sus ra\u00edces en las fiestas de la cosecha y las tradiciones religiosas europeas. El primer D\u00eda de Acci\u00f3n de Gracias del que se tiene constancia en Canad\u00e1 se remonta a 1578, cuando el explorador ingl\u00e9s Martin Frobisher celebr\u00f3 una ceremonia en la actual Terranova para dar gracias por haber llegado sano y salvo al Nuevo Mundo. Canad\u00e1 declar\u00f3 oficialmente Acci\u00f3n de Gracias fiesta nacional en 1957, y la celebra el segundo lunes de octubre. Al igual que su hom\u00f3logo estadounidense, el D\u00eda de Acci\u00f3n de Gracias canadiense es un momento para que las familias se re\u00fanan, disfruten de una comida abundante y reflexionen sobre las bendiciones del a\u00f1o pasado.<\/p>\n\n<h5 id=\"h-keeping-american-traditions-alive\" class=\"wp-block-heading\"><strong>Mantener vivas las tradiciones americanas<\/strong><\/h5>\n\n<p>A pesar de sus ra\u00edces hist\u00f3ricas, <a href=\"https:\/\/relocations.io\/exploring-the-enchantment-vigos-delightful-christmas-market\/\" data-wpil-monitor-id=\"119\">Europa no ha adoptado ampliamente el D\u00eda de Acci\u00f3n de Gracias como fiesta<\/a>. Una de las razones es que los acontecimientos hist\u00f3ricos y el significado cultural asociados a Acci\u00f3n de Gracias son exclusivos de Norteam\u00e9rica y no tienen paralelos directos en la historia europea. Adem\u00e1s, Europa tiene su propia riqueza de festivales de la cosecha y celebraciones religiosas, como el Oktoberfest en Alemania y el Festival de la Cosecha en el Reino Unido, que tienen un significado cultural e hist\u00f3rico diferente.<\/p>\n\n<p>Adem\u00e1s, las connotaciones religiosas del D\u00eda de Acci\u00f3n de Gracias en Norteam\u00e9rica, en particular su asociaci\u00f3n con el cristianismo, han contribuido a que el D\u00eda de Acci\u00f3n de Gracias se haya convertido en un acontecimiento hist\u00f3rico. <a href=\"https:\/\/relocations.io\/your-guide-to-visa-requirements-and-citizenship-in-portugal-navigating-your-path-to-a-new-life\/\" data-wpil-monitor-id=\"44\">tradiciones<\/a> y la historia colonial de los colonos europeos, pueden no resonar en las sociedades europeas, m\u00e1s seculares y diversas en su herencia cultural.<\/p>\n\n<p>En general, aunque Acci\u00f3n de Gracias tiene un profundo significado cultural en Norteam\u00e9rica, su ausencia en <a href=\"https:\/\/relocations.io\/the-lgbtq-movement-in-europe\/\" data-wpil-monitor-id=\"26\">Europa<\/a> refleja la diversidad de tradiciones culturales y experiencias hist\u00f3ricas de las distintas regiones del mundo. Aunque es posible que los europeos no celebren Acci\u00f3n de Gracias de la misma manera que sus <a href=\"https:\/\/relocations.io\/relocations\/\">Am\u00e9rica del Norte<\/a> contrapartidas, tienen sus propias tradiciones y fiestas singulares que reflejan su rico patrimonio cultural y sus valores.<\/p>\n\n<figure class=\"wp-block-image size-large\"><img fetchpriority=\"high\" decoding=\"async\" data-recalc-dims=\"1\" height=\"576\" width=\"1024\" class=\"wp-image-7369\" src=\"https:\/\/i0.wp.com\/relocations.io\/wp-content\/uploads\/2024\/02\/thanksgiving-europe1-1024x576.png?resize=1024%2C576&#038;ssl=1\" alt=\"Acci\u00f3n de Gracias en Europa\" srcset=\"https:\/\/i0.wp.com\/relocations.io\/wp-content\/uploads\/2024\/02\/thanksgiving-europe1.png?resize=1024%2C576&amp;ssl=1 1024w, https:\/\/i0.wp.com\/relocations.io\/wp-content\/uploads\/2024\/02\/thanksgiving-europe1.png?resize=300%2C169&amp;ssl=1 300w, https:\/\/i0.wp.com\/relocations.io\/wp-content\/uploads\/2024\/02\/thanksgiving-europe1.png?resize=768%2C432&amp;ssl=1 768w, https:\/\/i0.wp.com\/relocations.io\/wp-content\/uploads\/2024\/02\/thanksgiving-europe1.png?resize=1536%2C864&amp;ssl=1 1536w, https:\/\/i0.wp.com\/relocations.io\/wp-content\/uploads\/2024\/02\/thanksgiving-europe1.png?resize=1170%2C658&amp;ssl=1 1170w, https:\/\/i0.wp.com\/relocations.io\/wp-content\/uploads\/2024\/02\/thanksgiving-europe1.png?w=1920&amp;ssl=1 1920w\" sizes=\"(max-width: 1024px) 100vw, 1024px\" \/><\/figure>\n\t\t\t\t\t\t\t\t<\/div>\n\t\t\t\t<\/div>\n\t\t\t\t\t<\/div>\n\t\t\t\t<\/div>\n\t\t\t\t<\/div>","protected":false},"excerpt":{"rendered":"<p>A pesar de sus ra\u00edces hist\u00f3ricas, Acci\u00f3n de Gracias no se ha adoptado como fiesta generalizada en Europa. <\/p>","protected":false},"author":2,"featured_media":8755,"comment_status":"closed","ping_status":"closed","sticky":false,"template":"","format":"standard","meta":{"_jetpack_memberships_contains_paid_content":false,"footnotes":""},"categories":[60],"tags":[75,70,142,71,69,74,76],"class_list":["post-7368","post","type-post","status-publish","format-standard","has-post-thumbnail","hentry","category-europe","tag-canada","tag-moving-to-europe","tag-relocate","tag-relocations","tag-relocations-io-blog","tag-thanksgiving","tag-united-states"],"jetpack_featured_media_url":"https:\/\/i0.wp.com\/relocations.io\/wp-content\/uploads\/2022\/11\/21.jpg?fit=1920%2C1080&ssl=1","jetpack-related-posts":[{"id":7363,"url":"https:\/\/relocations.io\/es\/abrazar-europa-el-camino-racionalizado-hacia-un-nuevo-comienzo\/","url_meta":{"origin":7368,"position":0},"title":"Abrazar Europa: El camino hacia un nuevo comienzo","author":"Relocations.io","date":"octubre 1, 2022","format":false,"excerpt":"The Allure of Moving to Europe Moving to Europe has captivated people worldwide. With its rich history, diverse culture, and high quality of life, Europe offers countless benefits for a fresh start. While relocating to a new continent can seem daunting, careful planning and the right support can streamline the\u2026","rel":"","context":"En \u00abEurope\u00bb","block_context":{"text":"Europe","link":"https:\/\/relocations.io\/es\/categoria\/europa-2\/"},"img":{"alt_text":"","src":"https:\/\/i0.wp.com\/relocations.io\/wp-content\/uploads\/2024\/02\/embracing-europe2.png?fit=1200%2C675&ssl=1&resize=350%2C200","width":350,"height":200,"srcset":"https:\/\/i0.wp.com\/relocations.io\/wp-content\/uploads\/2024\/02\/embracing-europe2.png?fit=1200%2C675&ssl=1&resize=350%2C200 1x, https:\/\/i0.wp.com\/relocations.io\/wp-content\/uploads\/2024\/02\/embracing-europe2.png?fit=1200%2C675&ssl=1&resize=525%2C300 1.5x, https:\/\/i0.wp.com\/relocations.io\/wp-content\/uploads\/2024\/02\/embracing-europe2.png?fit=1200%2C675&ssl=1&resize=700%2C400 2x, https:\/\/i0.wp.com\/relocations.io\/wp-content\/uploads\/2024\/02\/embracing-europe2.png?fit=1200%2C675&ssl=1&resize=1050%2C600 3x"},"classes":[]},{"id":7380,"url":"https:\/\/relocations.io\/es\/celebra-el-ano-nuevo-explorando-las-tradiciones-europeas-de-ano-nuevo\/","url_meta":{"origin":7368,"position":1},"title":"Recibir el A\u00f1o Nuevo: Explorando las tradiciones europeas de A\u00f1o Nuevo","author":"Relocations.io","date":"enero 1, 2023","format":false,"excerpt":"Exploring European New Year\u2019s Traditions As the clock strikes midnight on December 31st, Europe bursts into vibrant New Year\u2019s Eve celebrations. The continent\u2019s traditions highlight its rich cultural diversity, making each celebration unique and memorable. Fireworks and Grand Displays In Europe, fireworks are a central feature of New Year's Eve.\u2026","rel":"","context":"En \u00abEurope\u00bb","block_context":{"text":"Europe","link":"https:\/\/relocations.io\/es\/categoria\/europa-2\/"},"img":{"alt_text":"","src":"https:\/\/i0.wp.com\/relocations.io\/wp-content\/uploads\/2023\/01\/New-Year.jpg?fit=1200%2C675&ssl=1&resize=350%2C200","width":350,"height":200,"srcset":"https:\/\/i0.wp.com\/relocations.io\/wp-content\/uploads\/2023\/01\/New-Year.jpg?fit=1200%2C675&ssl=1&resize=350%2C200 1x, https:\/\/i0.wp.com\/relocations.io\/wp-content\/uploads\/2023\/01\/New-Year.jpg?fit=1200%2C675&ssl=1&resize=525%2C300 1.5x, https:\/\/i0.wp.com\/relocations.io\/wp-content\/uploads\/2023\/01\/New-Year.jpg?fit=1200%2C675&ssl=1&resize=700%2C400 2x, https:\/\/i0.wp.com\/relocations.io\/wp-content\/uploads\/2023\/01\/New-Year.jpg?fit=1200%2C675&ssl=1&resize=1050%2C600 3x"},"classes":[]},{"id":8610,"url":"https:\/\/relocations.io\/es\/guia-completa-para-el-traslado-de-animales-de-compania-a-europa\/","url_meta":{"origin":7368,"position":2},"title":"Gu\u00eda completa: Trasladar animales de compa\u00f1\u00eda a Europa","author":"Relocations.io","date":"agosto 19, 2024","format":false,"excerpt":"Your Comprehensive Guide to Moving Pets from North America to Europe. Transporting pets from North America to Europe involves careful planning, adherence to regulations, and ensuring the well-being of the pets throughout the journey. Whether you are relocating, participating in a breeding program, or transporting pets for other reasons, understanding\u2026","rel":"","context":"En \u00abCitizenship\u00bb","block_context":{"text":"Citizenship","link":"https:\/\/relocations.io\/es\/categoria\/europa-2\/ciudadania\/"},"img":{"alt_text":"","src":"https:\/\/i0.wp.com\/relocations.io\/wp-content\/uploads\/2024\/08\/NEW-Castelos-Portugal-.jpg?fit=1200%2C600&ssl=1&resize=350%2C200","width":350,"height":200,"srcset":"https:\/\/i0.wp.com\/relocations.io\/wp-content\/uploads\/2024\/08\/NEW-Castelos-Portugal-.jpg?fit=1200%2C600&ssl=1&resize=350%2C200 1x, https:\/\/i0.wp.com\/relocations.io\/wp-content\/uploads\/2024\/08\/NEW-Castelos-Portugal-.jpg?fit=1200%2C600&ssl=1&resize=525%2C300 1.5x, https:\/\/i0.wp.com\/relocations.io\/wp-content\/uploads\/2024\/08\/NEW-Castelos-Portugal-.jpg?fit=1200%2C600&ssl=1&resize=700%2C400 2x, https:\/\/i0.wp.com\/relocations.io\/wp-content\/uploads\/2024\/08\/NEW-Castelos-Portugal-.jpg?fit=1200%2C600&ssl=1&resize=1050%2C600 3x"},"classes":[]},{"id":7374,"url":"https:\/\/relocations.io\/es\/magicos-mercados-navidenos-una-tradicion-con-encanto-en-europa\/","url_meta":{"origin":7368,"position":3},"title":"M\u00e1gicos mercados navide\u00f1os: Explorando la encantadora tradici\u00f3n europea","author":"Relocations.io","date":"diciembre 1, 2022","format":false,"excerpt":"Experience Europe's Enchanting Christmas Markets: A Festive Tradition \u00a0 As the holiday season approaches, Europe comes alive with the enchanting allure of Christmas markets, beckoning visitors with their festive atmosphere, twinkling lights, and aromatic delights. These centuries-old traditions, deeply rooted in European culture, offer a unique and immersive experience that\u2026","rel":"","context":"En \u00abEurope\u00bb","block_context":{"text":"Europe","link":"https:\/\/relocations.io\/es\/categoria\/europa-2\/"},"img":{"alt_text":"","src":"https:\/\/i0.wp.com\/relocations.io\/wp-content\/uploads\/2022\/11\/23.jpg?fit=1200%2C675&ssl=1&resize=350%2C200","width":350,"height":200,"srcset":"https:\/\/i0.wp.com\/relocations.io\/wp-content\/uploads\/2022\/11\/23.jpg?fit=1200%2C675&ssl=1&resize=350%2C200 1x, https:\/\/i0.wp.com\/relocations.io\/wp-content\/uploads\/2022\/11\/23.jpg?fit=1200%2C675&ssl=1&resize=525%2C300 1.5x, https:\/\/i0.wp.com\/relocations.io\/wp-content\/uploads\/2022\/11\/23.jpg?fit=1200%2C675&ssl=1&resize=700%2C400 2x, https:\/\/i0.wp.com\/relocations.io\/wp-content\/uploads\/2022\/11\/23.jpg?fit=1200%2C675&ssl=1&resize=1050%2C600 3x"},"classes":[]},{"id":7406,"url":"https:\/\/relocations.io\/es\/los-brasilenos-que-se-trasladan-a-portugal-abrazan-nuevas-oportunidades-en-una-historia-compartida\/","url_meta":{"origin":7368,"position":4},"title":"Brasile\u00f1os que se trasladan a Portugal: Nuevas oportunidades en una historia compartida","author":"Relocations.io","date":"julio 1, 2023","format":false,"excerpt":"Explore los lazos hist\u00f3ricos entre Brasil y Portugal mientras los brasile\u00f1os buscan nuevas oportunidades en la tierra de su pasado colonial. Con una lengua y una afinidad cultural compartidas, Portugal ofrece un entorno acogedor para que los brasile\u00f1os prosperen en diversos sectores, desde la tecnolog\u00eda al turismo.","rel":"","context":"En \u00abEurope\u00bb","block_context":{"text":"Europe","link":"https:\/\/relocations.io\/es\/categoria\/europa-2\/"},"img":{"alt_text":"","src":"https:\/\/i0.wp.com\/relocations.io\/wp-content\/uploads\/2022\/11\/36.jpg?fit=1200%2C675&ssl=1&resize=350%2C200","width":350,"height":200,"srcset":"https:\/\/i0.wp.com\/relocations.io\/wp-content\/uploads\/2022\/11\/36.jpg?fit=1200%2C675&ssl=1&resize=350%2C200 1x, https:\/\/i0.wp.com\/relocations.io\/wp-content\/uploads\/2022\/11\/36.jpg?fit=1200%2C675&ssl=1&resize=525%2C300 1.5x, https:\/\/i0.wp.com\/relocations.io\/wp-content\/uploads\/2022\/11\/36.jpg?fit=1200%2C675&ssl=1&resize=700%2C400 2x, https:\/\/i0.wp.com\/relocations.io\/wp-content\/uploads\/2022\/11\/36.jpg?fit=1200%2C675&ssl=1&resize=1050%2C600 3x"},"classes":[]},{"id":7414,"url":"https:\/\/relocations.io\/es\/bonjour-france-navegar-por-las-diferencias-culturales-y-las-oportunidades-de-la-deslocalizacion\/","url_meta":{"origin":7368,"position":5},"title":"Bonjour France: Diferencias culturales y oportunidades en la reubicaci\u00f3n","author":"Relocations.io","date":"abril 1, 2024","format":false,"excerpt":"Descubra los entresijos del traslado a Francia, desde las diferencias culturales hasta las oportunidades de trabajo y jubilaci\u00f3n. Con un mercado laboral din\u00e1mico y un entorno id\u00edlico para la jubilaci\u00f3n, Francia ofrece a los expatriados una mezcla \u00fanica de encanto del viejo mundo y comodidades modernas para una vida plena en el extranjero.","rel":"","context":"En \u00abEurope\u00bb","block_context":{"text":"Europe","link":"https:\/\/relocations.io\/es\/categoria\/europa-2\/"},"img":{"alt_text":"","src":"https:\/\/i0.wp.com\/relocations.io\/wp-content\/uploads\/2024\/02\/fr-b1.png?fit=1200%2C675&ssl=1&resize=350%2C200","width":350,"height":200,"srcset":"https:\/\/i0.wp.com\/relocations.io\/wp-content\/uploads\/2024\/02\/fr-b1.png?fit=1200%2C675&ssl=1&resize=350%2C200 1x, https:\/\/i0.wp.com\/relocations.io\/wp-content\/uploads\/2024\/02\/fr-b1.png?fit=1200%2C675&ssl=1&resize=525%2C300 1.5x, https:\/\/i0.wp.com\/relocations.io\/wp-content\/uploads\/2024\/02\/fr-b1.png?fit=1200%2C675&ssl=1&resize=700%2C400 2x, https:\/\/i0.wp.com\/relocations.io\/wp-content\/uploads\/2024\/02\/fr-b1.png?fit=1200%2C675&ssl=1&resize=1050%2C600 3x"},"classes":[]}],"jetpack_sharing_enabled":true,"_links":{"self":[{"href":"https:\/\/relocations.io\/es\/wp-json\/wp\/v2\/posts\/7368","targetHints":{"allow":["GET"]}}],"collection":[{"href":"https:\/\/relocations.io\/es\/wp-json\/wp\/v2\/posts"}],"about":[{"href":"https:\/\/relocations.io\/es\/wp-json\/wp\/v2\/types\/post"}],"author":[{"embeddable":true,"href":"https:\/\/relocations.io\/es\/wp-json\/wp\/v2\/users\/2"}],"replies":[{"embeddable":true,"href":"https:\/\/relocations.io\/es\/wp-json\/wp\/v2\/comments?post=7368"}],"version-history":[{"count":0,"href":"https:\/\/relocations.io\/es\/wp-json\/wp\/v2\/posts\/7368\/revisions"}],"wp:featuredmedia":[{"embeddable":true,"href":"https:\/\/relocations.io\/es\/wp-json\/wp\/v2\/media\/8755"}],"wp:attachment":[{"href":"https:\/\/relocations.io\/es\/wp-json\/wp\/v2\/media?parent=7368"}],"wp:term":[{"taxonomy":"category","embeddable":true,"href":"https:\/\/relocations.io\/es\/wp-json\/wp\/v2\/categories?post=7368"},{"taxonomy":"post_tag","embeddable":true,"href":"https:\/\/relocations.io\/es\/wp-json\/wp\/v2\/tags?post=7368"}],"curies":[{"name":"wp","href":"https:\/\/api.w.org\/{rel}","templated":true}]}}